{"id":9670,"date":"2012-09-17T00:21:11","date_gmt":"2012-09-16T22:21:11","guid":{"rendered":"http:\/\/www.wumingfoundation.com\/giap\/?p=9670"},"modified":"2012-12-10T09:23:18","modified_gmt":"2012-12-10T08:23:18","slug":"wu-ming-on-the-road-autunno-2012","status":"publish","type":"post","link":"https:\/\/www.wumingfoundation.com\/giap\/2012\/09\/wu-ming-on-the-road-autunno-2012\/","title":{"rendered":"Wu Ming on the road: Autunno 2012"},"content":{"rendered":"<p style=\"text-align: center;\"><img loading=\"lazy\" decoding=\"async\" class=\"aligncenter size-full wp-image-9673\" title=\"GiapRoad\" src=\"http:\/\/www.wumingfoundation.com\/giap\/wp-content\/uploads\/2012\/09\/GiapRoad.jpg\" alt=\"\" width=\"500\" height=\"300\" \/><\/p>\n<p>Al ritorno dopo la pausa estiva, eccoci di nuovo in pista con il calendario d&#8217;autunno.<br \/>\nCome gi\u00e0 detto qualche mese fa, siamo in una fase di scrittura molto intensa: il collettivo al completo \u00e8 al lavoro sul secondo volume del Trittico iniziato con <em>Manituana<\/em>, mentre WM1 (con il comandante Roberto Santachiara) \u00e8 in dirittura d&#8217;arrivo per <a href=\"http:\/\/www.wumingfoundation.com\/giap\/?p=9002\"><em>Point Lenana<\/em><\/a>. Prevedendo un autunno molto caldo, ci eravamo tenuti liberi quasi esclusivamente per le presentazioni di<em> Timira &#8211; romanzo meticcio<\/em> e per i reading musicali. Da un paio di settimane, tuttavia, stiamo declinando <strong>qualunque<\/strong> proposta di incontro pubblico da qui alla fine del 2012, perch\u00e9 l&#8217;agenda \u00e8 ormai stracolma e non c&#8217;\u00e8 modo di farci entrare nient&#8217;altro. Quello che segue, pertanto, \u00e8 il nostro calendario definitivo, fatti salvi i dettagli che via via aggiungeremo ai vari appuntamenti.<br \/>\nFanno eccezione pochissimi incontri che non hanno ancora una data precisa:<!--more--><\/p>\n<p>1) WM4 parteciper\u00e0 per la seconda volta a <strong>Lucca Comics<\/strong>, tra il 3 e il 4 novembre, in ben 2 incontri tolkieniani: il primo intorno al film di Peter Jackson tratto da &#8220;Lo Hobbit&#8221; e il secondo dal titolo: &#8220;Messer Holbytla. L&#8217;eroe, il giardiniere e il perfetto gentilhobbit&#8221;<\/p>\n<p>2) A fine ottobre uscir\u00e0 per Metailli\u00e9 la traduzione francese di &#8220;Stella del Mattino&#8221; di WM4. Per l&#8217;occasione \u00e8 previsto &#8211; ma non ancora confermato &#8211; un <strong>piccolo tour Oltralpe<\/strong> in collaborazione con la Libreria Marcovaldo di Parigi.<\/p>\n<p>3) Due date bolognesi (Modo InfoShop e Biblioteca &#8220;Villa Spada&#8221;) e una reggina (nel tour calabro di fine novembre) per <em>Timira &#8211; romanzo meticcio<\/em>. Le aggiungeremo non appena verranno confermate.<\/p>\n<p>Inoltre:<\/p>\n<p>4) WM2 &#8211; insieme a Christiana de Caldas Brito e a Paolo Bassi &#8211; animer\u00e0 alcune giornate del <strong>&#8220;Laboratorio di Scrittura Interculturale &#8211; Livello Avanzato&#8221;<\/strong>, promosso dall&#8217;Associazione Eks&amp;tra, con il patrocinio del Dip. di Filologia classica ed Italianistica dell&#8217;Universit\u00e0 di Bologna. Gli incontri si terranno a Bologna, per 4 week-end, venerd\u00ec pomeriggio e sabato mattina, nelle seguenti date: 12-13 e 26-27 ottobre, 9-10 e 23-24 novembre. Per iscriversi \u00e8 necessario fare domanda <a href=\"http:\/\/www.eksetra.net\/laboratorio\/laboratorio-2012\/\">qui<\/a> entro il 5 ottobre.<br \/>\nPer contatti: eksetra[AT]libero.it &#8211; 3336723848<\/p>\n<p>Luned\u00ec 17 settembre<br \/>\n<strong>BOLOGNA<\/strong><br \/>\nh. 18, Libreria Feltrinelli<br \/>\nPiazza Ravegnana, 1<br \/>\n<strong>Timira<\/strong> &#8211; con WM2 &amp; Antar Mohamed<\/p>\n<p>Venerd\u00ec 21 settembre<br \/>\n<strong>PORDENONE<\/strong><br \/>\n&#8220;Pordenonelegge&#8221;<br \/>\nh. 15.30, Palazzo della Provincia<br \/>\n&#8220;A passo d&#8217;uomo&#8221;<br \/>\nWM2 dialoga con Emilio Rigatti (&#8220;Confini Blu&#8221;, ediciclo 2012) e Fabrizio Pistoni (&#8220;Elogio del limite&#8221;, ediciclo 2012)<br \/>\n<a href=\"http:\/\/www.pordenonelegge.it\">www.pordenonelegge.it<\/a><\/p>\n<p>Gioved\u00ec 27 settembre<br \/>\n<strong>SOLIERA (MO)<\/strong><br \/>\n&#8220;Festa del racconto&#8221;<br \/>\nh. 21, Piazza della Repubblica<br \/>\n(in caso di pioggia: Cinema Teatro Italia)<br \/>\n<strong>Timira<\/strong> &#8211; con WM2 e <a href=\"http:\/\/www.encyclopediaofafroeuropeanstudies.eu\/encyclopedia\/antar-mohamed-marincola\/\">Antar Mohamed<\/a><\/p>\n<p>Venerd\u00ec 28 settembre<br \/>\n<strong>FORLI&#8217;<\/strong><br \/>\nSettimana del Buon Vivere<br \/>\nh. 19.30, Spazio BV Off<br \/>\nCorso Diaz, 14<br \/>\n<strong>Timira<\/strong>: con WM2 e Antar Mohamed<\/p>\n<p>Domenica 30 Settembre<br \/>\n<strong>BOLOGNA<\/strong><br \/>\nh. 18, XM24<br \/>\nvia Fioravanti, 24<br \/>\nWM2, Santo Peli, Patrizia Dogliani presentano, insieme all&#8217;autore, il libro di <a href=\"http:\/\/www.wumingfoundation.com\/giap\/?p=7008\">Marco Armiero<\/a>: &#8220;A Rugged Nation. Mountains and the Making of Modern Italy: 19th and 20th Century (2011)&#8221;<br \/>\nA seguire aperitivo e musica live.<\/p>\n<p>Venerd\u00ec 5 ottobre<br \/>\n<strong>FERRARA<\/strong><br \/>\nFestival Internazionale<br \/>\nh. 17.30. Museo Archeologico Nazionale<br \/>\n<strong>Timira<\/strong>: con WM2, Antar Mohamed e Igiaba Scego + Reading di: Taha Idriss Guenboura, Rania Guenboura, Isabella Fregnani, Amira Fatoum, Amin Fatoum, Malek Fatoum, Nada Guettech<\/p>\n<p>Sabato 6 ottobre<br \/>\n<strong>CAGLIARI<\/strong><br \/>\nKarel Music Expo<br \/>\nTeatro Civico<br \/>\n<strong>Razza Partigiana, il reading<\/strong>: con WM2, E. Sommacal, S. Pilia, P. Pieretto e F. Oppi<\/p>\n<p>Mercoled\u00ec 10 ottobre<br \/>\n<strong>CESENA<\/strong><br \/>\nRocca Malatestiana<br \/>\n<strong>Razza Partigiana, il reading<\/strong>: con WM2, E. Sommacal, S. Pilia, P. Pieretto e F. Oppi<\/p>\n<p>Venerd\u00ec 12 ottobre<br \/>\n<strong>PAVIA<\/strong><br \/>\n&#8220;Storia e storie: voci della Letteratura Mondiale in Italia&#8221; &#8211; Convegno nazionale<br \/>\nh. 9.30, Sala dell&#8217;Annunciata<br \/>\nPiazza Petrarca, 3\/A<br \/>\nA. Gnisci, WM2, Antar Mohamed<br \/>\n<strong>&#8220;Creolizzare la mente italiana &#8211; la narrativa come cittadinanza. Il caso di Timira&#8221;<\/strong><br \/>\nInfo, programma completo &amp; iscrizioni (entro il 5\/10):<br \/>\ninfo@progettocontatto.it<br \/>\n0382-301183<\/p>\n<p>Luned\u00ec 15 ottobre<br \/>\n<strong>MESTRE (VE)<\/strong><br \/>\nh. 18, Libreria Feltrinelli<br \/>\n<strong>Timira<\/strong>: con Antar Mohamed<\/p>\n<p>Mercoled\u00ec 17 ottobre<br \/>\n<strong>PESARO<\/strong><br \/>\n&#8220;Perepep\u00e9 &#8211; Sia caldo l&#8217;autunno della mia citt\u00e0&#8221;<br \/>\nh. 21.30, Centro Arti Visive Pescheria<br \/>\n<strong>Pesaro dal tramonto all&#8217;alba: un esperimento di psicogeografia.<\/strong><br \/>\nRacconto per parole &amp; immagini di una deriva per le strade di Pesaro: con WM2.<br \/>\n<a href=\"http:\/\/www.perepepe.org\">www.perepepe.org<\/a><\/p>\n<p>Domenica 21 ottobre<br \/>\n<strong>PARMA<\/strong><br \/>\n&#8220;Ottobre Africano&#8221;<br \/>\nh. 16.30, Parma Factory,<br \/>\nvia Pasubio, 3<br \/>\n<strong>Timira<\/strong>: con WM2 e Antar Mohamed<br \/>\nA seguire: reading di Antar Mohamed + band<br \/>\n<a href=\"http:\/\/www.ottobreafricano.org\">www.ottobreafricano.org<\/a><\/p>\n<p>Mercoled\u00ec 24 ottobre<br \/>\n<strong>FIRENZE <\/strong><br \/>\nDoppio appuntamento:<\/p>\n<p>h. 18, Facolt\u00e0 di Lettere e Filosofia<br \/>\nPiazza Brunelleschi<br \/>\n<strong>&#8220;La Grande Galleria&#8221;<\/strong> (reading da <em>Il Sentiero degli dei<\/em>): con WM2 e Stefano Pilia<\/p>\n<p>h. 21, Caffetteria delle Oblate<br \/>\nvia dell&#8217;Oriuolo, 26<br \/>\n<strong>Timira<\/strong>: con WM2 e Antar Mohamed<\/p>\n<p>Sabato 27 ottobre<br \/>\n<strong>CASTEL SAN PIETRO TERME<\/strong><br \/>\nh. 18, Casa Camomilla<br \/>\nvia Matteotti<br \/>\n<strong>Timira<\/strong>: con WM2 e Antar Mohamed<\/p>\n<p>Luned\u00ec 29 ottobre<br \/>\n<strong>RAVENNA<\/strong><br \/>\nLibreria Feltrinelli<br \/>\n<strong>Timira<\/strong>: con WM2 e Antar Mohamed<\/p>\n<p>Venerd\u00ec 2 novembre<br \/>\n<strong>LUCCA<\/strong><br \/>\nLucca Comics<br \/>\nWM4, &#8220;Aspettando lo Hobbit: l&#8217;eroe e il perfetto gentilhobbit&#8221;<br \/>\n<a href=\"http:\/\/lucca2012.luccacomicsandgames.com\/it\/games\/programma-e-non-finisce-qui\/lucca-games-educational\/aspettando-lo-hobbit-l-eroe-e-il-perfetto-gentilhobbit\/1662\/\">Dettagli qui<\/a>.<\/p>\n<p>Sabato 3 novembre<br \/>\n<strong>BOLOGNA<\/strong><br \/>\nFutbologia, <a href=\"http:\/\/blog.futbologia.org\/2012\/10\/19\/3-novembre-2012-il-programma\/\">il programma della giornata \u00e8 qui<\/a>.<\/p>\n<p>Venerd\u00ec 9 novembre h.17:30<br \/>\n<strong>PERUGIA<\/strong><br \/>\nUmbrialibri<br \/>\nWu Ming 1 presenta la riedizione dei libri<br \/>\ndi <strong>Paolo Vinti\/Paul Beathens<\/strong> a due anni dalla morte.<br \/>\nSala della Partecipazione, Palazzo Cesaroni<\/p>\n<p>Sabato 10 novembre<br \/>\n<strong>SERIATE (BG)<\/strong><br \/>\nh. 21, Libreria Terzo Mondo<br \/>\nvia Italia, 73<br \/>\n<strong>Timira<\/strong>: con WM2 e Antar Mohamed<\/p>\n<p>Mercoled\u00ec 14 novembre h. 19<br \/>\nBOLOGNA<br \/>\nPresentazione del <a href=\"http:\/\/www.wumingfoundation.com\/giap\/?p=10080\">n.6 di Nuova Rivista Letteraria<\/a><br \/>\ninteramente dedicato a <strong>Stefano Tassinari<br \/>\n<\/strong>con buona parte del collettivo redazionale<br \/>\nBartleby, via S. Petronio Vecchio 30<\/p>\n<p>Venerd\u00ec 16 novembre<br \/>\n<strong>PIOLTELLO (MI)<\/strong><br \/>\nh. 22, Circolo Arci &#8220;Malabrocca&#8221;<br \/>\n<strong>Altai, il reading<\/strong>: con WM2 e Contradamerla<\/p>\n<p>Sabato 17 novembre<br \/>\n<strong>GENOVA<\/strong><br \/>\nBabel Festival<br \/>\nh.16.30, Palazzo Ducale<br \/>\n<strong>Altai, il reading<\/strong>: con WM2 e Contradamerla<\/p>\n<p>Domenica 18 novembre<br \/>\n<strong>BOLOGNA<\/strong><br \/>\nh.21, Bartleby<br \/>\nvia S. Petronio Vecchio<br \/>\n<strong>Altai, il reading<\/strong>: con WM2 e Contradamerla<\/p>\n<p>Domenica 25 novembre<br \/>\n<strong>VICENZA<\/strong><br \/>\nProfili 2012 &#8211; Voci di donna<br \/>\nh. 21, Kitchen\/Teatro Indipendente<br \/>\nvia dell&#8217;Edilizia, 72<br \/>\n<strong>Timira<\/strong>: con WM2 &amp; Antar Mohamed + reading feat. Colectivo El Gallo Rojo<\/p>\n<p>Marted\u00ec 27 Novembre<br \/>\n<strong>CATANZARO<\/strong><br \/>\n<strong>Timira<\/strong>: con WM2 e A. Mohamed<\/p>\n<p>Mercoled\u00ec 28 Novembre<br \/>\n<strong>COSENZA<\/strong><br \/>\n<strong>Timira<\/strong>: con WM2 e A. Mohamed<\/p>\n<p>Gioved\u00ec 29 Novembre<br \/>\n<strong>PIZZO CALABRO<\/strong><br \/>\n<strong>Timira<\/strong>: con WM2 e A. Mohamed<\/p>\n<p>Venerd\u00ec 30 Novembre<br \/>\n<strong>REGGIO CALABRIA<\/strong><br \/>\nTeatro Politeama Siracusa<br \/>\n<strong>Timira<\/strong>: con WM2 e A. Mohamed<\/p>\n<p>Sabato 1 dicembre<br \/>\n<strong>PORTO SANT&#8217;ELPIDIO (FM)<\/strong><br \/>\nPresentazione del <a href=\"http:\/\/www.wumingfoundation.com\/giap\/?p=10080\">n.6 \u00a0di <em>Nuova Rivista<\/em>\u00a0<\/a><em><a href=\"http:\/\/www.wumingfoundation.com\/giap\/?p=10080\">Letteraria<\/a><br \/>\n<\/em>interamente dedicato a <strong>Stefano Tassinari<\/strong>.<br \/>\nCon Wu Ming 1 e Angelo Ferracuti<\/p>\n<p>Marted\u00ec 4 dicembre<br \/>\n<strong>BOLOGNA<\/strong><br \/>\nh. 21, Libreria Modo Infoshop<br \/>\nvia Mascarella<br \/>\n<strong>Timira<\/strong>: con WM2, A. Mohamed &amp; Sandro Mezzadra<\/p>\n<p>Mercoled\u00ec 5 dicembre<br \/>\n<strong>BOLOGNA<\/strong><br \/>\nh. 18, Libreria Ubik<br \/>\nvia Irnerio, 27<br \/>\nWM1, WM2 &amp; Giuliano Santoro presentano:<br \/>\n<a href=\"http:\/\/www.wumingfoundation.com\/giap\/?p=10112\">&#8220;Un Grillo Qualunque&#8221;<\/a><br \/>\n<a href=\"http:\/\/suduepiedi.net\/2012\/12\/la-presentazione-bolognese-in-streaming\/\">Qui<\/a> la diretta in streaming.<\/p>\n<p>Gioved\u00ec 6 dicembre<br \/>\n<strong>BOLOGNA<\/strong><br \/>\nh. 20, Libreria Trame<br \/>\nvia Goito, 3\/c<br \/>\nWM2 legge e discute di &#8220;Voi, onesti farabutti&#8221;, nuovo romanzo di Simone Ghelli.<br \/>\nSar\u00e0 presente l&#8217;autore, membro del collettivo &#8220;<a href=\"http:\/\/scrittoriprecari.wordpress.com\/\">Scrittori Precari<\/a>&#8221;<\/p>\n<p>Sabato 8 dicembre<br \/>\nDoppio appuntamento in Toscana:<\/p>\n<p><strong>VICCHIO (FI)<\/strong><br \/>\nh. 17, Biblioteca Comunale<br \/>\n<strong>Timira<\/strong>: con WM2 e A. Mohamed<\/p>\n<p><strong>FIRENZE<\/strong><br \/>\ncsa nEXt Emerson<br \/>\nvia Bellagio, 15<br \/>\n<strong>Timira<\/strong>: con WM2 e A. Mohamed<br \/>\nSerata in sostegno del Supporto Legale per Genova 2001<br \/>\nI dettagli <a href=\"http:\/\/www.csaexemerson.it\/\">qui<\/a>.<\/p>\n<p>Domenica 9 dicembre<br \/>\n<strong>ROMA<\/strong><br \/>\n&#8220;Pi\u00f9 libri pi\u00f9 liberi&#8221;<br \/>\nPresentazione del <a href=\"http:\/\/www.wumingfoundation.com\/giap\/?p=10080\">n.6 di <em>Nuova Rivista<\/em>\u00a0<em>Letteraria<\/em><\/a><br \/>\ninteramente dedicato a <strong>Stefano Tassinari<\/strong>.<br \/>\nCon Wu Ming 1, Maria Rosa Cutrufelli, Marcello Fois, Salvatore Cannav\u00f2<br \/>\nDettagli a seguire.<\/p>\n<p>Marted\u00ec 11 dicembre<br \/>\n<strong>PISA<\/strong><br \/>\nh. 18, Polo Carmignani<br \/>\nPiazza dei Cavalieri<br \/>\n<strong>Timira<\/strong>: con WM2 e A. Mohamed<\/p>\n<p>Venerd\u00ec 14 dicembre<br \/>\n<strong>BOLOGNA<\/strong><br \/>\ndalle h.20, VAG61<br \/>\nvia Paolo Fabbri, 110<br \/>\nWM2 legge e discute de &#8220;La parte del fuoco&#8221;, primo romanzo di Marco Rovelli<br \/>\nSar\u00e0 presente l&#8217;autore.<\/p>\n<p>Domenica 16 dicembre<br \/>\n<strong>CAGLIARI<\/strong><br \/>\n<a href=\"http:\/\/www.marinacafenoir.it\/\">Marina Caf\u00e9 Noir<\/a> &#8211; 10a Edizione<br \/>\nh. 21, Villanova (Terrapieno)<br \/>\n<strong>Storie Partigiane<\/strong><br \/>\nReading\/concerto con Ratapignata, Arrogalla, WM2, Giacomo Casti<\/p>\n<p>Luned\u00ec 17 dicembre<br \/>\n<strong>MODENA<\/strong><br \/>\nVictoria Cinema, via Ramelli 101<br \/>\nh. 20.45<br \/>\n<em>C&#8217;era una volta Lo Hobbit<\/em><br \/>\nConversazione con Wu Ming 4 sulla fiaba pi\u00f9 famosa di Tolkien, ora anche in film.<br \/>\nA seguire: proiezione del film <em>Lo Hobbit &#8211; Un viaggio inaspettato<\/em>, di P. Jackson<\/p>\n","protected":false},"excerpt":{"rendered":"Al ritorno dopo la pausa estiva, eccoci di nuovo in pista con il calendario d&#8217;autunno. Come gi\u00e0 detto qualche mese fa, siamo in una fase di scrittura molto intensa: il collettivo al completo \u00e8 al lavoro sul secondo volume del Trittico iniziato con Manituana, mentre WM1 (con il comandante Roberto Santachiara) \u00e8 in dirittura d&#8217;arrivo [&hellip;]","protected":false},"author":117,"featured_media":9673,"comment_status":"closed","ping_status":"open","sticky":false,"template":"","format":"standard","meta":{"footnotes":""},"categories":[505,6,1322],"tags":[],"class_list":["post-9670","post","type-post","status-publish","format-standard","has-post-thumbnail","hentry","category-altai","category-news-e-segnalazioni","category-timira"],"_links":{"self":[{"href":"https:\/\/www.wumingfoundation.com\/giap\/wp-json\/wp\/v2\/posts\/9670","targetHints":{"allow":["GET"]}}],"collection":[{"href":"https:\/\/www.wumingfoundation.com\/giap\/wp-json\/wp\/v2\/posts"}],"about":[{"href":"https:\/\/www.wumingfoundation.com\/giap\/wp-json\/wp\/v2\/types\/post"}],"author":[{"embeddable":true,"href":"https:\/\/www.wumingfoundation.com\/giap\/wp-json\/wp\/v2\/users\/117"}],"replies":[{"embeddable":true,"href":"https:\/\/www.wumingfoundation.com\/giap\/wp-json\/wp\/v2\/comments?post=9670"}],"version-history":[{"count":0,"href":"https:\/\/www.wumingfoundation.com\/giap\/wp-json\/wp\/v2\/posts\/9670\/revisions"}],"wp:featuredmedia":[{"embeddable":true,"href":"https:\/\/www.wumingfoundation.com\/giap\/wp-json\/wp\/v2\/media\/9673"}],"wp:attachment":[{"href":"https:\/\/www.wumingfoundation.com\/giap\/wp-json\/wp\/v2\/media?parent=9670"}],"wp:term":[{"taxonomy":"category","embeddable":true,"href":"https:\/\/www.wumingfoundation.com\/giap\/wp-json\/wp\/v2\/categories?post=9670"},{"taxonomy":"post_tag","embeddable":true,"href":"https:\/\/www.wumingfoundation.com\/giap\/wp-json\/wp\/v2\/tags?post=9670"}],"curies":[{"name":"wp","href":"https:\/\/api.w.org\/{rel}","templated":true}]}}