{"id":7609,"date":"2012-04-09T18:45:40","date_gmt":"2012-04-09T16:45:40","guid":{"rendered":"http:\/\/www.wumingfoundation.com\/giap\/?p=7609"},"modified":"2013-12-13T11:49:14","modified_gmt":"2013-12-13T10:49:14","slug":"victor-hugo-la-storia-la-violenza-il-bisogno-di-rivoluzione","status":"publish","type":"post","link":"https:\/\/www.wumingfoundation.com\/giap\/2012\/04\/victor-hugo-la-storia-la-violenza-il-bisogno-di-rivoluzione\/","title":{"rendered":"Victor Hugo, la storia, la &#8220;violenza&#8221;, il bisogno di rivoluzione"},"content":{"rendered":"<p><img loading=\"lazy\" decoding=\"async\" class=\"aligncenter size-full wp-image-7628\" title=\"Piazza Syntagma, Atene\" alt=\"Piazza Syntagma, Atene\" src=\"http:\/\/www.wumingfoundation.com\/giap\/wp-content\/uploads\/2012\/04\/SyntagmaSquare1.jpg\" width=\"500\" height=\"337\" \/><br \/>\n<a href=\"http:\/\/www.wumingfoundation.com\/giap\/?p=7500\">Mercoled\u00ec 4 aprile<\/a>, alla libreria Rivivere di Bologna, WM1 e WM4 hanno parlato di <em>Novantatr\u00e9<\/em>, il romanzo di <strong>Victor Hugo<\/strong> sulla Rivoluzione francese, leggendone diversi brani.<br \/>\nL&#8217;occasione era la rassegna &#8220;Libri da rivivere&#8221;, nella quale si invita uno scrittore a presentare non un libro che ha scritto, ma uno a cui \u00e8 legato o che ritiene importante, si tratti del suo &#8220;libro del cuore&#8221;, di un&#8217;opera che l&#8217;ha ispirato nel suo lavoro, o semplicemente di un titolo che merita una riscoperta.<!--more--><\/p>\n<p><img loading=\"lazy\" decoding=\"async\" class=\"alignright size-full wp-image-7616\" style=\"margin-left: 3px; margin-right: 3px;\" title=\"Vandea 1793\" alt=\"Vandea 1793\" src=\"http:\/\/www.wumingfoundation.com\/giap\/wp-content\/uploads\/2012\/04\/vandea.jpg\" width=\"176\" height=\"286\" \/>Ci siamo imbattuti in <em>Novantatr\u00e9<\/em> un paio di anni fa, durante la fase di documentazione per il romanzo collettivo che stiamo scrivendo, ed \u00e8 una delle letture che pi\u00f9 ci ha dato suggestioni. Si tratta dell&#8217;ultimo romanzo di Hugo, progettato negli anni dell&#8217;esilio politico (1851-1870) ma scritto di getto dopo la repressione della Comune di Parigi (1871).<br \/>\nLa vicenda si svolge ottant&#8217;anni prima, nel vivo della prima guerra di Vandea (1793). Sotto i nostri occhi, l&#8217;armata rivoluzionaria avanza nel cupo viluppo di foreste secolari, costretta ad affrontare l&#8217;insurrezione di migliaia di contadini legittimisti, abili artigiani della guerriglia che per i volontari parigini sono veri e propri <em>alieni<\/em>, sfuggenti incarnazioni di un enigma antropologico.<\/p>\n<p>La discussione \u00e8 stata lunga, densa e a ruota libera. Forse pure <em>troppo<\/em> libera, tanto che la compagna<strong> Adrianaaaa<\/strong>, al termine, ha lamentato\u00a0<em>half-jokingly<\/em> l&#8217;assenza di un &#8220;moderatore&#8221; (Robespierre?).<br \/>\nNaturalmente, il libro ha offerto il destro per parlare di crisi e lotte, movimenti sociali, violenza\/non-violenza, No Tav, anni Settanta e chi pi\u00f9 ne ha pi\u00f9 ne metta. Il tutto \u00e8 durato pi\u00f9 di due ore e mezza.<br \/>\nTra gli intervenuti di cui sappiamo per certo nome o nickname: il professor <strong>Francesco Campione<\/strong>, l&#8217;italianista e critico letterario <strong>Alberto Sebastiani<\/strong>, la giapster <strong>Filoapiombo<\/strong> e <strong>Paolo La Valle<\/strong> di Bartleby. Ringraziamo tutti loro, l&#8217;associazione &#8220;Rivivere&#8221;, le curatrici della rassegna <strong>Francesca Bonarelli<\/strong> e <strong>Stefania De Salvador<\/strong>, il compagno di Padova che ha dato un intenso contributo al dibattito, la compagna che sta facendo la tesi di dottorato su <em>Q<\/em> e &#8211; <em>not least<\/em> &#8211; la compagna che ha detto cose molto significative su come il potere abbassi sempre pi\u00f9 l&#8217;asticella della definizione di &#8220;violenza&#8221;, al punto che prassi un tempo ritenute non-violente oggi sono descritte come violente (*)<\/p>\n<p><script type=\"mce-text\/javascript\" src=\"http:\/\/www.wumingfoundation.com\/suoni\/playtagger_mod\/playtagger_mod.js\"><\/script><strong><a href=\"http:\/\/www.wumingfoundation.com\/suoni\/WM_Su_93_di_Hugo_BO04042012.mp3\">Ecco l&#8217;audio della discussione<\/a><\/strong><br \/>\n<strong>Ecco l&#8217;audio della discussione.<\/strong> Dura due ore e quarantasei minuti. Come al solito, chi \u00e8 iscritt* al <a href=\"http:\/\/feeds.feedburner.com\/WuMingAudiotheque\">nostro podcast<\/a> lo ha gi\u00e0 scaricato o lo scaricher\u00e0 al prossimo aggiornamento. Buon ascolto.<\/p>\n<h5><strong><img loading=\"lazy\" decoding=\"async\" class=\"alignleft\" style=\"margin-left: 3px; margin-right: 3px;\" title=\"finocchiaroanna\" alt=\"\" src=\"http:\/\/www.wumingfoundation.com\/giap\/wp-content\/uploads\/2012\/04\/finocchiaroanna.jpg\" width=\"166\" height=\"171\" \/>*<\/strong> Ci sembra utile rammentarlo: appena ieri fu additato come &#8220;violento&#8221; un manifestante No Tav che stava<em> parlando<\/em> a un carabiniere, e quest&#8217;ultimo si prese un encomio &#8220;per non avere reagito&#8221;. Tanto sarebbe stato normale che un carabiniere picchiasse un dimostrante &#8220;reo&#8221; soltanto di averlo interpellato polemicamente, che parve eccezionale e meritevole di lode il non verificarsi di tale circostanza.<br \/>\nOvviamente, in prima fila nel ridicolo coro encomiastico c&#8217;erano i dirigenti del PD. Un drappello di senatori piddini capeggiati dall&#8217;immemorabile &#8211; e, a nostro avviso, immemoranda &#8211; Finocchiaro Anna chiese di &#8220;poter stringere la mano in segno di solidariet\u00e0 e di ringraziamento al carabiniere che ieri in Val di Susa \u00e8 stato vigliaccamente insultato da un dimostrante privo di onore&#8221;.<br \/>\nL&#8217;insulto degno di cotanto furore, lo ricorderete tutti, era &#8220;pecorella&#8221;.<br \/>\nLa &#8220;vigliaccheria&#8221;, invece, doveva suppostamente leggersi nello stare a mani nude, con la sola arma della parola, di fronte a un carabiniere (lui s\u00ec!) armato, bardato e travisato a scopo di repressione.<br \/>\nFu uno dei momenti pi\u00f9 bassi, conformisti e vili del dibattito pubblico in Italia, ma rassegnatevi: ne vivremo di peggiori, proprio perch\u00e9 l&#8217;asticella si abbassa.<br \/>\n<span style=\"color: #ffffff;\">&#8211;<\/span><\/h5>\n<div id=\"attachment_7638\" style=\"width: 510px\" class=\"wp-caption aligncenter\"><img loading=\"lazy\" decoding=\"async\" aria-describedby=\"caption-attachment-7638\" class=\"size-full wp-image-7638\" title=\"Parigi, 1 giugno 1885. Il funerale di Victor Hugo\" alt=\"Parigi, 1 giugno 1885. Il funerale di Victor Hugo\" src=\"http:\/\/www.wumingfoundation.com\/giap\/wp-content\/uploads\/2012\/04\/1er_juin_1885.jpg\" width=\"500\" height=\"306\" \/><p id=\"caption-attachment-7638\" class=\"wp-caption-text\">Parigi, 1 giugno 1885: i funerali di Victor Hugo.<\/p><\/div>\n","protected":false},"excerpt":{"rendered":"Mercoled\u00ec 4 aprile, alla libreria Rivivere di Bologna, WM1 e WM4 hanno parlato di Novantatr\u00e9, il romanzo di Victor Hugo sulla Rivoluzione francese, leggendone diversi brani. L&#8217;occasione era la rassegna &#8220;Libri da rivivere&#8221;, nella quale si invita uno scrittore a presentare non un libro che ha scritto, ma uno a cui \u00e8 legato o che [&hellip;]","protected":false},"author":1,"featured_media":7628,"comment_status":"closed","ping_status":"open","sticky":false,"template":"","format":"standard","meta":{"footnotes":""},"categories":[4,5],"tags":[1411,1409,1408,1381,1380,1410,845,347,1412,1379],"class_list":["post-7609","post","type-post","status-publish","format-standard","has-post-thumbnail","hentry","category-recensioni","category-transmedia","tag-1411","tag-alberto-sebastiani","tag-francesco-campione","tag-libreria-rivivere","tag-novantatre","tag-paolo-la-valle","tag-rivoluzione","tag-rivoluzione-francese","tag-vandea","tag-victor-hugo"],"yoast_head":"<!-- This site is optimized with the Yoast SEO plugin v27.4 - https:\/\/yoast.com\/product\/yoast-seo-wordpress\/ -->\n<title>Victor Hugo, la storia, la &quot;violenza&quot;, il bisogno di rivoluzione<\/title>\n<meta name=\"description\" content=\"L&#039;ultimo romanzo di Victor Hugo, progettato negli anni dell&#039;esilio politico (1851-1870) ma scritto dopo la repressione della Comune di Parigi\" \/>\n<meta name=\"robots\" content=\"index, follow, max-snippet:-1, max-image-preview:large, max-video-preview:-1\" \/>\n<link rel=\"canonical\" href=\"https:\/\/www.wumingfoundation.com\/giap\/2012\/04\/victor-hugo-la-storia-la-violenza-il-bisogno-di-rivoluzione\/\" \/>\n<meta property=\"og:locale\" content=\"it_IT\" \/>\n<meta property=\"og:type\" content=\"article\" \/>\n<meta property=\"og:title\" content=\"Victor Hugo, la storia, la &quot;violenza&quot;, il bisogno di rivoluzione\" \/>\n<meta property=\"og:description\" content=\"L&#039;ultimo romanzo di Victor Hugo, progettato negli anni dell&#039;esilio politico (1851-1870) ma scritto dopo la repressione della Comune di Parigi\" \/>\n<meta property=\"og:url\" content=\"https:\/\/www.wumingfoundation.com\/giap\/2012\/04\/victor-hugo-la-storia-la-violenza-il-bisogno-di-rivoluzione\/\" \/>\n<meta property=\"og:site_name\" content=\"Giap\" \/>\n<meta property=\"article:published_time\" content=\"2012-04-09T16:45:40+00:00\" \/>\n<meta property=\"article:modified_time\" content=\"2013-12-13T10:49:14+00:00\" \/>\n<meta property=\"og:image\" content=\"https:\/\/www.wumingfoundation.com\/giap\/wp-content\/uploads\/2012\/04\/SyntagmaSquare1.jpg\" \/>\n\t<meta property=\"og:image:width\" content=\"500\" \/>\n\t<meta property=\"og:image:height\" content=\"337\" \/>\n\t<meta property=\"og:image:type\" content=\"image\/jpeg\" \/>\n<meta name=\"author\" content=\"Wu Ming\" \/>\n<meta name=\"twitter:card\" content=\"summary_large_image\" \/>\n<meta name=\"twitter:creator\" content=\"@Wu_Ming_Foundt\" \/>\n<meta name=\"twitter:site\" content=\"@Wu_Ming_Foundt\" \/>\n<meta name=\"twitter:label1\" content=\"Scritto da\" \/>\n\t<meta name=\"twitter:data1\" content=\"Wu Ming\" \/>\n\t<meta name=\"twitter:label2\" content=\"Tempo di lettura stimato\" \/>\n\t<meta name=\"twitter:data2\" content=\"3 minuti\" \/>\n<script type=\"application\/ld+json\" class=\"yoast-schema-graph\">{\"@context\":\"https:\\\/\\\/schema.org\",\"@graph\":[{\"@type\":\"Article\",\"@id\":\"https:\\\/\\\/www.wumingfoundation.com\\\/giap\\\/2012\\\/04\\\/victor-hugo-la-storia-la-violenza-il-bisogno-di-rivoluzione\\\/#article\",\"isPartOf\":{\"@id\":\"https:\\\/\\\/www.wumingfoundation.com\\\/giap\\\/2012\\\/04\\\/victor-hugo-la-storia-la-violenza-il-bisogno-di-rivoluzione\\\/\"},\"author\":{\"name\":\"Wu Ming\",\"@id\":\"https:\\\/\\\/www.wumingfoundation.com\\\/giap\\\/#\\\/schema\\\/person\\\/881b1c925aaf48fe6eb5c3970be4458f\"},\"headline\":\"Victor Hugo, la storia, la &#8220;violenza&#8221;, il bisogno di rivoluzione\",\"datePublished\":\"2012-04-09T16:45:40+00:00\",\"dateModified\":\"2013-12-13T10:49:14+00:00\",\"mainEntityOfPage\":{\"@id\":\"https:\\\/\\\/www.wumingfoundation.com\\\/giap\\\/2012\\\/04\\\/victor-hugo-la-storia-la-violenza-il-bisogno-di-rivoluzione\\\/\"},\"wordCount\":624,\"image\":{\"@id\":\"https:\\\/\\\/www.wumingfoundation.com\\\/giap\\\/2012\\\/04\\\/victor-hugo-la-storia-la-violenza-il-bisogno-di-rivoluzione\\\/#primaryimage\"},\"thumbnailUrl\":\"https:\\\/\\\/www.wumingfoundation.com\\\/giap\\\/wp-content\\\/uploads\\\/2012\\\/04\\\/SyntagmaSquare1.jpg\",\"keywords\":[\"1793\",\"Alberto Sebastiani\",\"Francesco Campione\",\"Libreria rivivere\",\"Novantatr\u00e9\",\"Paolo La Valle\",\"rivoluzione\",\"Rivoluzione francese\",\"Vandea\",\"Victor Hugo\"],\"articleSection\":[\"Libri\",\"Transmedia\"],\"inLanguage\":\"it-IT\"},{\"@type\":\"WebPage\",\"@id\":\"https:\\\/\\\/www.wumingfoundation.com\\\/giap\\\/2012\\\/04\\\/victor-hugo-la-storia-la-violenza-il-bisogno-di-rivoluzione\\\/\",\"url\":\"https:\\\/\\\/www.wumingfoundation.com\\\/giap\\\/2012\\\/04\\\/victor-hugo-la-storia-la-violenza-il-bisogno-di-rivoluzione\\\/\",\"name\":\"Victor Hugo, la storia, la \\\"violenza\\\", il bisogno di rivoluzione\",\"isPartOf\":{\"@id\":\"https:\\\/\\\/www.wumingfoundation.com\\\/giap\\\/#website\"},\"primaryImageOfPage\":{\"@id\":\"https:\\\/\\\/www.wumingfoundation.com\\\/giap\\\/2012\\\/04\\\/victor-hugo-la-storia-la-violenza-il-bisogno-di-rivoluzione\\\/#primaryimage\"},\"image\":{\"@id\":\"https:\\\/\\\/www.wumingfoundation.com\\\/giap\\\/2012\\\/04\\\/victor-hugo-la-storia-la-violenza-il-bisogno-di-rivoluzione\\\/#primaryimage\"},\"thumbnailUrl\":\"https:\\\/\\\/www.wumingfoundation.com\\\/giap\\\/wp-content\\\/uploads\\\/2012\\\/04\\\/SyntagmaSquare1.jpg\",\"datePublished\":\"2012-04-09T16:45:40+00:00\",\"dateModified\":\"2013-12-13T10:49:14+00:00\",\"author\":{\"@id\":\"https:\\\/\\\/www.wumingfoundation.com\\\/giap\\\/#\\\/schema\\\/person\\\/881b1c925aaf48fe6eb5c3970be4458f\"},\"description\":\"L'ultimo romanzo di Victor Hugo, progettato negli anni dell'esilio politico (1851-1870) ma scritto dopo la repressione della Comune di Parigi\",\"breadcrumb\":{\"@id\":\"https:\\\/\\\/www.wumingfoundation.com\\\/giap\\\/2012\\\/04\\\/victor-hugo-la-storia-la-violenza-il-bisogno-di-rivoluzione\\\/#breadcrumb\"},\"inLanguage\":\"it-IT\",\"potentialAction\":[{\"@type\":\"ReadAction\",\"target\":[\"https:\\\/\\\/www.wumingfoundation.com\\\/giap\\\/2012\\\/04\\\/victor-hugo-la-storia-la-violenza-il-bisogno-di-rivoluzione\\\/\"]}]},{\"@type\":\"ImageObject\",\"inLanguage\":\"it-IT\",\"@id\":\"https:\\\/\\\/www.wumingfoundation.com\\\/giap\\\/2012\\\/04\\\/victor-hugo-la-storia-la-violenza-il-bisogno-di-rivoluzione\\\/#primaryimage\",\"url\":\"https:\\\/\\\/www.wumingfoundation.com\\\/giap\\\/wp-content\\\/uploads\\\/2012\\\/04\\\/SyntagmaSquare1.jpg\",\"contentUrl\":\"https:\\\/\\\/www.wumingfoundation.com\\\/giap\\\/wp-content\\\/uploads\\\/2012\\\/04\\\/SyntagmaSquare1.jpg\",\"width\":500,\"height\":337,\"caption\":\"Piazza Syntagma, Atene\"},{\"@type\":\"BreadcrumbList\",\"@id\":\"https:\\\/\\\/www.wumingfoundation.com\\\/giap\\\/2012\\\/04\\\/victor-hugo-la-storia-la-violenza-il-bisogno-di-rivoluzione\\\/#breadcrumb\",\"itemListElement\":[{\"@type\":\"ListItem\",\"position\":1,\"name\":\"Home\",\"item\":\"https:\\\/\\\/www.wumingfoundation.com\\\/giap\\\/\"},{\"@type\":\"ListItem\",\"position\":2,\"name\":\"Victor Hugo, la storia, la &#8220;violenza&#8221;, il bisogno di rivoluzione\"}]},{\"@type\":\"WebSite\",\"@id\":\"https:\\\/\\\/www.wumingfoundation.com\\\/giap\\\/#website\",\"url\":\"https:\\\/\\\/www.wumingfoundation.com\\\/giap\\\/\",\"name\":\"Giap\",\"description\":\"Il sito ufficiale di Wu Ming, collettivo di scrittori\",\"potentialAction\":[{\"@type\":\"SearchAction\",\"target\":{\"@type\":\"EntryPoint\",\"urlTemplate\":\"https:\\\/\\\/www.wumingfoundation.com\\\/giap\\\/?s={search_term_string}\"},\"query-input\":{\"@type\":\"PropertyValueSpecification\",\"valueRequired\":true,\"valueName\":\"search_term_string\"}}],\"inLanguage\":\"it-IT\"},{\"@type\":\"Person\",\"@id\":\"https:\\\/\\\/www.wumingfoundation.com\\\/giap\\\/#\\\/schema\\\/person\\\/881b1c925aaf48fe6eb5c3970be4458f\",\"name\":\"Wu Ming\",\"image\":{\"@type\":\"ImageObject\",\"inLanguage\":\"it-IT\",\"@id\":\"https:\\\/\\\/secure.gravatar.com\\\/avatar\\\/1f49001124f0d5b3aeb1d387dbd89e7b48de4c5c15539460ec1c154566c1723c?s=96&d=blank&r=g\",\"url\":\"https:\\\/\\\/secure.gravatar.com\\\/avatar\\\/1f49001124f0d5b3aeb1d387dbd89e7b48de4c5c15539460ec1c154566c1723c?s=96&d=blank&r=g\",\"contentUrl\":\"https:\\\/\\\/secure.gravatar.com\\\/avatar\\\/1f49001124f0d5b3aeb1d387dbd89e7b48de4c5c15539460ec1c154566c1723c?s=96&d=blank&r=g\",\"caption\":\"Wu Ming\"}}]}<\/script>\n<!-- \/ Yoast SEO plugin. -->","yoast_head_json":{"title":"Victor Hugo, la storia, la \"violenza\", il bisogno di rivoluzione","description":"L'ultimo romanzo di Victor Hugo, progettato negli anni dell'esilio politico (1851-1870) ma scritto dopo la repressione della Comune di Parigi","robots":{"index":"index","follow":"follow","max-snippet":"max-snippet:-1","max-image-preview":"max-image-preview:large","max-video-preview":"max-video-preview:-1"},"canonical":"https:\/\/www.wumingfoundation.com\/giap\/2012\/04\/victor-hugo-la-storia-la-violenza-il-bisogno-di-rivoluzione\/","og_locale":"it_IT","og_type":"article","og_title":"Victor Hugo, la storia, la \"violenza\", il bisogno di rivoluzione","og_description":"L'ultimo romanzo di Victor Hugo, progettato negli anni dell'esilio politico (1851-1870) ma scritto dopo la repressione della Comune di Parigi","og_url":"https:\/\/www.wumingfoundation.com\/giap\/2012\/04\/victor-hugo-la-storia-la-violenza-il-bisogno-di-rivoluzione\/","og_site_name":"Giap","article_published_time":"2012-04-09T16:45:40+00:00","article_modified_time":"2013-12-13T10:49:14+00:00","og_image":[{"width":500,"height":337,"url":"https:\/\/www.wumingfoundation.com\/giap\/wp-content\/uploads\/2012\/04\/SyntagmaSquare1.jpg","type":"image\/jpeg"}],"author":"Wu Ming","twitter_card":"summary_large_image","twitter_creator":"@Wu_Ming_Foundt","twitter_site":"@Wu_Ming_Foundt","twitter_misc":{"Scritto da":"Wu Ming","Tempo di lettura stimato":"3 minuti"},"schema":{"@context":"https:\/\/schema.org","@graph":[{"@type":"Article","@id":"https:\/\/www.wumingfoundation.com\/giap\/2012\/04\/victor-hugo-la-storia-la-violenza-il-bisogno-di-rivoluzione\/#article","isPartOf":{"@id":"https:\/\/www.wumingfoundation.com\/giap\/2012\/04\/victor-hugo-la-storia-la-violenza-il-bisogno-di-rivoluzione\/"},"author":{"name":"Wu Ming","@id":"https:\/\/www.wumingfoundation.com\/giap\/#\/schema\/person\/881b1c925aaf48fe6eb5c3970be4458f"},"headline":"Victor Hugo, la storia, la &#8220;violenza&#8221;, il bisogno di rivoluzione","datePublished":"2012-04-09T16:45:40+00:00","dateModified":"2013-12-13T10:49:14+00:00","mainEntityOfPage":{"@id":"https:\/\/www.wumingfoundation.com\/giap\/2012\/04\/victor-hugo-la-storia-la-violenza-il-bisogno-di-rivoluzione\/"},"wordCount":624,"image":{"@id":"https:\/\/www.wumingfoundation.com\/giap\/2012\/04\/victor-hugo-la-storia-la-violenza-il-bisogno-di-rivoluzione\/#primaryimage"},"thumbnailUrl":"https:\/\/www.wumingfoundation.com\/giap\/wp-content\/uploads\/2012\/04\/SyntagmaSquare1.jpg","keywords":["1793","Alberto Sebastiani","Francesco Campione","Libreria rivivere","Novantatr\u00e9","Paolo La Valle","rivoluzione","Rivoluzione francese","Vandea","Victor Hugo"],"articleSection":["Libri","Transmedia"],"inLanguage":"it-IT"},{"@type":"WebPage","@id":"https:\/\/www.wumingfoundation.com\/giap\/2012\/04\/victor-hugo-la-storia-la-violenza-il-bisogno-di-rivoluzione\/","url":"https:\/\/www.wumingfoundation.com\/giap\/2012\/04\/victor-hugo-la-storia-la-violenza-il-bisogno-di-rivoluzione\/","name":"Victor Hugo, la storia, la \"violenza\", il bisogno di rivoluzione","isPartOf":{"@id":"https:\/\/www.wumingfoundation.com\/giap\/#website"},"primaryImageOfPage":{"@id":"https:\/\/www.wumingfoundation.com\/giap\/2012\/04\/victor-hugo-la-storia-la-violenza-il-bisogno-di-rivoluzione\/#primaryimage"},"image":{"@id":"https:\/\/www.wumingfoundation.com\/giap\/2012\/04\/victor-hugo-la-storia-la-violenza-il-bisogno-di-rivoluzione\/#primaryimage"},"thumbnailUrl":"https:\/\/www.wumingfoundation.com\/giap\/wp-content\/uploads\/2012\/04\/SyntagmaSquare1.jpg","datePublished":"2012-04-09T16:45:40+00:00","dateModified":"2013-12-13T10:49:14+00:00","author":{"@id":"https:\/\/www.wumingfoundation.com\/giap\/#\/schema\/person\/881b1c925aaf48fe6eb5c3970be4458f"},"description":"L'ultimo romanzo di Victor Hugo, progettato negli anni dell'esilio politico (1851-1870) ma scritto dopo la repressione della Comune di Parigi","breadcrumb":{"@id":"https:\/\/www.wumingfoundation.com\/giap\/2012\/04\/victor-hugo-la-storia-la-violenza-il-bisogno-di-rivoluzione\/#breadcrumb"},"inLanguage":"it-IT","potentialAction":[{"@type":"ReadAction","target":["https:\/\/www.wumingfoundation.com\/giap\/2012\/04\/victor-hugo-la-storia-la-violenza-il-bisogno-di-rivoluzione\/"]}]},{"@type":"ImageObject","inLanguage":"it-IT","@id":"https:\/\/www.wumingfoundation.com\/giap\/2012\/04\/victor-hugo-la-storia-la-violenza-il-bisogno-di-rivoluzione\/#primaryimage","url":"https:\/\/www.wumingfoundation.com\/giap\/wp-content\/uploads\/2012\/04\/SyntagmaSquare1.jpg","contentUrl":"https:\/\/www.wumingfoundation.com\/giap\/wp-content\/uploads\/2012\/04\/SyntagmaSquare1.jpg","width":500,"height":337,"caption":"Piazza Syntagma, Atene"},{"@type":"BreadcrumbList","@id":"https:\/\/www.wumingfoundation.com\/giap\/2012\/04\/victor-hugo-la-storia-la-violenza-il-bisogno-di-rivoluzione\/#breadcrumb","itemListElement":[{"@type":"ListItem","position":1,"name":"Home","item":"https:\/\/www.wumingfoundation.com\/giap\/"},{"@type":"ListItem","position":2,"name":"Victor Hugo, la storia, la &#8220;violenza&#8221;, il bisogno di rivoluzione"}]},{"@type":"WebSite","@id":"https:\/\/www.wumingfoundation.com\/giap\/#website","url":"https:\/\/www.wumingfoundation.com\/giap\/","name":"Giap","description":"Il sito ufficiale di Wu Ming, collettivo di scrittori","potentialAction":[{"@type":"SearchAction","target":{"@type":"EntryPoint","urlTemplate":"https:\/\/www.wumingfoundation.com\/giap\/?s={search_term_string}"},"query-input":{"@type":"PropertyValueSpecification","valueRequired":true,"valueName":"search_term_string"}}],"inLanguage":"it-IT"},{"@type":"Person","@id":"https:\/\/www.wumingfoundation.com\/giap\/#\/schema\/person\/881b1c925aaf48fe6eb5c3970be4458f","name":"Wu Ming","image":{"@type":"ImageObject","inLanguage":"it-IT","@id":"https:\/\/secure.gravatar.com\/avatar\/1f49001124f0d5b3aeb1d387dbd89e7b48de4c5c15539460ec1c154566c1723c?s=96&d=blank&r=g","url":"https:\/\/secure.gravatar.com\/avatar\/1f49001124f0d5b3aeb1d387dbd89e7b48de4c5c15539460ec1c154566c1723c?s=96&d=blank&r=g","contentUrl":"https:\/\/secure.gravatar.com\/avatar\/1f49001124f0d5b3aeb1d387dbd89e7b48de4c5c15539460ec1c154566c1723c?s=96&d=blank&r=g","caption":"Wu Ming"}}]}},"_links":{"self":[{"href":"https:\/\/www.wumingfoundation.com\/giap\/wp-json\/wp\/v2\/posts\/7609","targetHints":{"allow":["GET"]}}],"collection":[{"href":"https:\/\/www.wumingfoundation.com\/giap\/wp-json\/wp\/v2\/posts"}],"about":[{"href":"https:\/\/www.wumingfoundation.com\/giap\/wp-json\/wp\/v2\/types\/post"}],"author":[{"embeddable":true,"href":"https:\/\/www.wumingfoundation.com\/giap\/wp-json\/wp\/v2\/users\/1"}],"replies":[{"embeddable":true,"href":"https:\/\/www.wumingfoundation.com\/giap\/wp-json\/wp\/v2\/comments?post=7609"}],"version-history":[{"count":0,"href":"https:\/\/www.wumingfoundation.com\/giap\/wp-json\/wp\/v2\/posts\/7609\/revisions"}],"wp:featuredmedia":[{"embeddable":true,"href":"https:\/\/www.wumingfoundation.com\/giap\/wp-json\/wp\/v2\/media\/7628"}],"wp:attachment":[{"href":"https:\/\/www.wumingfoundation.com\/giap\/wp-json\/wp\/v2\/media?parent=7609"}],"wp:term":[{"taxonomy":"category","embeddable":true,"href":"https:\/\/www.wumingfoundation.com\/giap\/wp-json\/wp\/v2\/categories?post=7609"},{"taxonomy":"post_tag","embeddable":true,"href":"https:\/\/www.wumingfoundation.com\/giap\/wp-json\/wp\/v2\/tags?post=7609"}],"curies":[{"name":"wp","href":"https:\/\/api.w.org\/{rel}","templated":true}]}}