{"id":7500,"date":"2012-03-31T11:22:42","date_gmt":"2012-03-31T10:22:42","guid":{"rendered":"http:\/\/www.wumingfoundation.com\/giap\/?p=7500"},"modified":"2012-07-05T10:50:52","modified_gmt":"2012-07-05T08:50:52","slug":"wu-ming-presenta-la-rivoluzione-secondo-victor-hugo","status":"publish","type":"post","link":"https:\/\/www.wumingfoundation.com\/giap\/2012\/03\/wu-ming-presenta-la-rivoluzione-secondo-victor-hugo\/","title":{"rendered":"Wu Ming presenta: la Rivoluzione secondo Victor Hugo"},"content":{"rendered":"<p><img loading=\"lazy\" decoding=\"async\" class=\"aligncenter size-full wp-image-7502\" title=\"Victor Hugo\" src=\"http:\/\/www.wumingfoundation.com\/giap\/wp-content\/uploads\/2012\/03\/victor-hugo.jpg\" alt=\"Victor Hugo\" width=\"350\" height=\"400\" \/><br \/>\nMercoled\u00ec 4 aprile, h.18, alla libreria &#8220;Rivivere&#8221; di via Torleone 5, Bologna, presenteremo un romanzo per noi molto importante. Non \u00e8 uscito di recente, ma nel 1874, e da un paio d&#8217;anni ci fa da bussola nella perigliosa terra della Rivoluzione francese, o meglio: della sua possibile resa narrativa e poetica. Si tratta di <a href=\"http:\/\/it.wikipedia.org\/wiki\/Novantatr%C3%A9_%28romanzo%29\"><em>Quatrevingt-treize<\/em><\/a> (in italiano: <em>Novantatr\u00e9<\/em>) ed \u00e8 l&#8217;ultimo romanzo di <strong>Victor Hugo<\/strong>, illustre &#8220;nonno&#8221; di quelli che, come noi, scrivono romanzi storici e\/o d&#8217;avventura.<!--more--> L&#8217;incontro \u00e8 il quarto del ciclo &#8220;Libri da rivivere&#8221;, a cura di Francesca Bonarelli e Stefania De Salvador.<br \/>\nLa libreria &#8220;Rivivere&#8221; \u00e8 &#8211; dall&#8217;ottobre 2011 &#8211; sede dell&#8217;omonima associazione, che assiste psicologicamente persone colpite da una perdita (di un proprio caro, ma anche del lavoro).<\/p>\n<p style=\"text-align: center;\">***<\/p>\n<p>Cogliamo l&#8217;occasione di questo post informativo, e annunciamo che tra pochi giorni (verosimilmente marted\u00ec) pubblicheremo una lunga e densa intervista di Wu Ming 1 a <strong>Tommaso De Lorenzis<\/strong> e <strong>Mauro Favale<\/strong>, autori dell&#8217;oggetto narrativo <a href=\"http:\/\/www.einaudi.it\/libri\/libro\/mauro-favale-tommaso-de-lorenzis\/l-aspra-stagione\/978880620600\"><em>L&#8217;aspra stagione<\/em><\/a>, appena uscito per Einaudi Stile Libero. Ci stiamo prendendo gusto, in questa fase preferiamo di gran lunga essere intervistatori anzich\u00e9 intervistati.<br \/>\n<em>L&#8217;aspra stagione<\/em> racconta la storia (e le storie) di <strong>Carlo Rivolta<\/strong>, giornalista d&#8217;assalto (<em>Paese sera<\/em>, <em>La Repubblica<\/em>, <em>Lotta continua<\/em>) e militante politico morto di eroina nel 1982. Il commento di WM1 a una stesura non definitiva del libro \u00e8 stato usato dalla casa editrice come &#8220;blurb&#8221; per la quarta di copertina.<\/p>\n<p><strong>P.S.<\/strong> Negli ultimi giorni, <em>L&#8217;aspra stagione<\/em> ha avuto qualche sponsor &#8220;imbarazzante&#8221; e anche&#8230; imbarazzato. Non c&#8217;\u00e8 bisogno di inquietarsi: a chiunque legger\u00e0 il libro per davvero, risulter\u00e0 chiaro che costoro lo hanno segnalato pi\u00f9 o meno alla cieca (in un caso sbagliando il nome di uno degli autori), e in certi casi perch\u00e9 non si poteva <em>non<\/em> segnalarlo: Rivolta firm\u00f2 pezzi epocali per giornali importanti, e <em>L&#8217;aspra stagione<\/em> esce per un editore importante.<br \/>\nAltrettanto evidente risulter\u00e0 la strategia discorsiva in base alla quale si\u00a0<em>finge<\/em> di parlare del libro, facendo piroette e acrobazie per non dirne alcunch\u00e9. Ovvio: tra le varie retoriche e &#8220;tecnicizzazioni del mito&#8221; che De Lorenzis e Favale smontano e demistificano, c&#8217;\u00e8 anche e soprattutto la retorica del fronte della &#8220;fermezza&#8221; e della &#8220;solidariet\u00e0 nazionale&#8221; durante e dopo il sequestro Moro. Carlo Rivolta apparteneva a due mondi, quello della sinistra extraparlamentare e quello del giornalismo, e la sua vicenda \u00e8 paradigmatica di quali energie e risorse furono sperperate e poi schiacciate in quel passaggio di fase. Inevitabili i riverberi sui nostri tempi, segnati dalla demonizzazione dei movimenti e dal collasso pressoch\u00e9 completo del rapporto tra movimenti e media &#8220;mainstream&#8221;.<br \/>\nLeggete <em>L&#8217;aspra stagione<\/em>, \u00e8 un&#8217;opera importante. Rimandiamo ogni altra considerazione all&#8217;intervista.<\/p>\n","protected":false},"excerpt":{"rendered":"Mercoled\u00ec 4 aprile, h.18, alla libreria &#8220;Rivivere&#8221; di via Torleone 5, Bologna, presenteremo un romanzo per noi molto importante. Non \u00e8 uscito di recente, ma nel 1874, e da un paio d&#8217;anni ci fa da bussola nella perigliosa terra della Rivoluzione francese, o meglio: della sua possibile resa narrativa e poetica. Si tratta di Quatrevingt-treize [&hellip;]","protected":false},"author":1,"featured_media":7502,"comment_status":"closed","ping_status":"open","sticky":false,"template":"","format":"standard","meta":{"footnotes":""},"categories":[6],"tags":[1378,1376,1381,1380,347,1379],"class_list":["post-7500","post","type-post","status-publish","format-standard","has-post-thumbnail","hentry","category-news-e-segnalazioni","tag-carlo-rivolta","tag-laspra-stagione","tag-libreria-rivivere","tag-novantatre","tag-rivoluzione-francese","tag-victor-hugo"],"_links":{"self":[{"href":"https:\/\/www.wumingfoundation.com\/giap\/wp-json\/wp\/v2\/posts\/7500","targetHints":{"allow":["GET"]}}],"collection":[{"href":"https:\/\/www.wumingfoundation.com\/giap\/wp-json\/wp\/v2\/posts"}],"about":[{"href":"https:\/\/www.wumingfoundation.com\/giap\/wp-json\/wp\/v2\/types\/post"}],"author":[{"embeddable":true,"href":"https:\/\/www.wumingfoundation.com\/giap\/wp-json\/wp\/v2\/users\/1"}],"replies":[{"embeddable":true,"href":"https:\/\/www.wumingfoundation.com\/giap\/wp-json\/wp\/v2\/comments?post=7500"}],"version-history":[{"count":0,"href":"https:\/\/www.wumingfoundation.com\/giap\/wp-json\/wp\/v2\/posts\/7500\/revisions"}],"wp:featuredmedia":[{"embeddable":true,"href":"https:\/\/www.wumingfoundation.com\/giap\/wp-json\/wp\/v2\/media\/7502"}],"wp:attachment":[{"href":"https:\/\/www.wumingfoundation.com\/giap\/wp-json\/wp\/v2\/media?parent=7500"}],"wp:term":[{"taxonomy":"category","embeddable":true,"href":"https:\/\/www.wumingfoundation.com\/giap\/wp-json\/wp\/v2\/categories?post=7500"},{"taxonomy":"post_tag","embeddable":true,"href":"https:\/\/www.wumingfoundation.com\/giap\/wp-json\/wp\/v2\/tags?post=7500"}],"curies":[{"name":"wp","href":"https:\/\/api.w.org\/{rel}","templated":true}]}}