{"id":748,"date":"2010-06-13T00:00:56","date_gmt":"2010-06-12T22:00:56","guid":{"rendered":"http:\/\/www.wumingfoundation.com\/giap\/?p=748"},"modified":"2023-12-16T10:55:16","modified_gmt":"2023-12-16T09:55:16","slug":"cosa-pensiamo-del-caso-luttazzi","status":"publish","type":"post","link":"https:\/\/www.wumingfoundation.com\/giap\/2010\/06\/cosa-pensiamo-del-caso-luttazzi\/","title":{"rendered":"Quel che pensiamo del caso Luttazzi"},"content":{"rendered":"<p style=\"text-align: center;\"><img loading=\"lazy\" decoding=\"async\" class=\"alignright wp-image-753\" title=\"Daniele Luttazzi\" src=\"http:\/\/www.wumingfoundation.com\/giap\/wp-content\/uploads\/2010\/06\/luttazzidecameron-thumb.jpg\" alt=\"\" width=\"200\" height=\"150\" \/><\/p>\n<p style=\"text-align: justify;\"><strong>Aggiornamento del 15 giugno 2010<\/strong><\/p>\n<p style=\"text-align: left;\">Forse ci siamo spiegati male. Sar\u00e0 che stiamo invecchiando. In giro per la rete, alcuni hanno interpretato l&#8217;articolo qui sotto come una difesa di Luttazzi e una critica nei confronti dei &#8220;nitpickers&#8221;, quelli che gli hanno fatto le pulci. Noi siamo caduti dalle nuvole e ci siamo chiesti: com&#8217;\u00e8 possibile?<\/p>\n<p style=\"text-align: left;\">Evidentemente il tentativo di mantenere un equilibrio e di ampliare il discorso ci ha fatto dire troppo <em>en passant <\/em>cose che invece andavano sottolineate con pi\u00f9 forza. Proviamo a ricapitolare, per comprendere cosa non ha funzionato. La nostra riflessione parte dando per assodato che:<strong><br \/>\n<\/strong><\/p>\n<p style=\"text-align: left;\"><strong>1.<\/strong> Luttazzi ha torto. Abbiamo scritto che \u00ab[ha copiato] in modo ambiguo, [ha] pi\u00f9 volte eluso la questione, reagendo con vittimismo, spocchia e aggressivit\u00e0, conducendo una disgraziata \u2018guerriglia\u2019 sul web e gridando a imprecisati complotti.\u00bb E abbiamo specificato: \u00abDire che Luttazzi ha sbagliato non pu\u00f2 essere la conclusione, ma l\u2019apertura di un discorso pi\u00f9 vasto.\u00bb Quindi, tentiamo di fare un discorso pi\u00f9 vasto, ma partendo dal fatto che Luttazzi ha torto.<strong><br \/>\n<\/strong><\/p>\n<p style=\"text-align: left;\"><strong>2.<\/strong> Luttazzi non \u00e8 riuscito, anzi, probabilmente non ha mai voluto (per motivi che oggi risultano ovvi) creare un rapporto di fiducia coi suoi fan. Abbiamo scritto che \u00abse c\u2019\u00e8 stato un deficit di fiducia in questo frangente, significa che c\u2019era gi\u00e0 prima, latente ma operante. C\u2019era una distanza colma di non-detti.\u00bb<strong><br \/>\n<\/strong><\/p>\n<p style=\"text-align: left;\"><strong>3.<\/strong> Se Luttazzi \u00e8 in malafede (e ormai a molti pare evidente che lo sia), comunque constatarlo non ci basta. Abbiamo scritto: \u00abvorremmo sapere da cosa nasce la malafede, perch\u00e9 ha preso quella forma e non altre. Sono in gioco pulsioni profonde.\u00bb<strong><br \/>\n<\/strong><\/p>\n<p style=\"text-align: left;\"><strong>4. <\/strong>Luttazzi criticava le aspettative distorte sul ruolo della satira, ora \u00e8 il primo idolo a cadere, e noi abbiamo scritto \u00abpianga se stesso\u00bb, perch\u00e9 la colpa \u00e8 sua. Per\u00f2, abbiamo aggiunto, un rapporto distorto si costruisce in due: artista e pubblico. Da qui l&#8217;esempio del doping nel ciclismo.<strong><br \/>\n<\/strong><\/p>\n<p style=\"text-align: left;\"><strong>5. <\/strong> L&#8217;inchiesta dal basso dei &#8220;nitpickers&#8221; va benissimo. Abbiamo scritto che gli hanno fatto le pulci \u00abgiustamente!\u00bb (con tanto di punto esclamativo), e che \u00e8 stata una \u00abmanifestazione di intelligenza collettiva\u00bb (cit.). Non sono i <em>nitpickers<\/em> il problema ma quelli che arrivano dopo (anche moooolto dopo) e fanno il carnevale su Facebook senza riflettere su nulla.<\/p>\n<p style=\"text-align: left;\">Forse il problema \u00e8 che nel nostro articolo mancava qualcosa: non avevamo previsto un manifestarsi tanto virulento di &#8220;familismo amorale&#8221;, cio\u00e8 di difese ideologiche, acritiche, &#8220;benaltriste&#8221; da parte di gente che non vuole informarsi n\u00e9 si pone alcuna domanda, ed \u00e8 disposta a giustificare qualunque cosa abbia fatto Luttazzi solo perch\u00e9 Luttazzi \u00e8 un nemico di Berlusconi (cfr. moltissimi commenti sul blog de &#8220;Il Fatto Quotidiano&#8221; e in altri luoghi di discussione). Cos\u00ec facendo, costoro si dimostrano berlusconiani nel profondo, intaccati e immerdati dal berlusconismo.<\/p>\n<p style=\"text-align: left;\">Insomma, noi abbiamo impostato l&#8217;articolo cos\u00ec:<br \/>\n\u00abLuttazzi ha torto per\u00f2 <em>constatarlo non basta<\/em>, va fatto un discorso pi\u00f9 ampio\u00bb.<br \/>\nVerso la fine dell&#8217;articolo, avremmo dovuto rimarcare con maggiore nettezza che<\/p>\n<p style=\"text-align: left;\">\u00abS\u00ec, va fatto un discorso pi\u00f9 ampio, ma si pu\u00f2 fare solo se non ci scordiamo che <strong><a href=\"https:\/\/www.wumingfoundation.com\/giap\/2010\/06\/cosa-pensiamo-del-caso-luttazzi\/#comment-681\"><span style=\"text-decoration: underline;\">Luttazzi ha torto\u00bb<\/span><\/a><\/strong>.<\/p>\n<p style=\"text-align: left;\">Questo spostamento di accento non c&#8217;\u00e8 nell&#8217;articolo, ma \u00e8 molto evidente e ribadito nella discussione che trovate sotto.<\/p>\n<p>_<\/p>\n<p>Daniele Luttazzi divorato dai suoi fan, che nel distruggerlo p\u00e8rdono una parte di se stessi. E&#8217; il suicidio di una comunit\u00e0, un rituale auto-cannibalistico. Anzi, no, un carnevale, nel senso bachtiniano. Quando descrisse la dinamica del carnevale, del mondo che si rovescia, Bachtin aveva in mente le purghe staliniane: un giorno eri membro del comitato centrale, potente, riverito; il giorno dopo eri processato da traditore e finivi morto o nel gulag. Il carnevale scarica tensioni, realizza temporanee catarsi, ma non contesta il funzionamento del potere, anzi, ne rafforza i meccanismi. Questo carnevale ci insegner\u00e0 qualcosa solo se non ci accontenteremo del lavacro, del sacrificio, di veder punito il reo.<br \/>\nOccorre precisare: reo non tanto di aver copiato, quanto di averlo fatto in modo ambiguo e di avere pi\u00f9 volte eluso la questione, reagendo con vittimismo, spocchia e aggressivit\u00e0, conducendo una disgraziata &#8220;guerriglia&#8221; sul web e gridando a imprecisati complotti.<br \/>\nDire che Luttazzi ha sbagliato non pu\u00f2 essere la conclusione, ma l\u2019apertura di un discorso pi\u00f9 vasto. La malafede, parola usata da molti, non \u00e8 spiegazione sufficiente. Non ci soddisfa dire che uno \u201c\u00e8 in malafede\u201d, vorremmo sapere da cosa nasce la malafede, perch\u00e9 ha preso quella forma e non altre. Sono in gioco pulsioni profonde. Ipotizziamo che, all&#8217;inizio, Luttazzi intendesse omaggiare i suoi idoli comici, poi sia entrato in un vortice che ha cambiato la natura di quei &#8220;prestiti&#8221;. Luttazzi \u00e8 a sua volta un fan, e i fan si riappropriano della cultura che amano. Solo che non ci fanno soldi sopra, e soprattutto non <a href=\"https:\/\/www.wumingfoundation.com\/giap\/2010\/06\/cosa-pensiamo-del-caso-luttazzi\/#comment-681\">impugnano il copyright<\/a> per impedire ad altri di fare quel che han fatto loro. Ecco il fulcro del biasimo. Che per\u00f2, appunto, non basta. Chiediamoci cosa sia successo nella testa e nel cuore di un uomo, e ragioniamo sui rapporti tra artista e pubblico, ruolo del comico e comunit\u00e0 dei fan.<!--more--><br \/>\nLuttazzi poteva fare <em>coming out<\/em>, aprirsi, rispondere davvero ai dubbi. Avrebbe sofferto, ma meno di quanto soffre ora. L&#8217;incapacit\u00e0 di gestire questa storia ha radici in certi \u201cvizi\u201d del Luttazzi blogger, limiti nell&#8217;uso della rete, e soprattutto problemi nel costruire un rapporto trasparente coi fan. Luttazzi ha percepito questi ultimi come una minaccia; a loro volta, essi si sono impuntati e dal fargli le pulci son passati a fargli pelo e contropelo, se non addirittura lo scalpo.<br \/>\nDi sicuro, se c\u2019\u00e8 stato un deficit di fiducia in questo frangente, significa che c\u2019era gi\u00e0 prima, latente ma operante. C\u2019era una distanza colma di non-detti. Esisteva una comunit\u00e0 dei fan di Luttazzi? Forse no. Forse il singolo estimatore lo ammirava per conto proprio e qualcosa impediva il formarsi di rapporti orizzontali e reciproci. Forse, per paradosso, una comunit\u00e0 di (ex-)fan esiste soltanto ora<em>:<\/em> quando i fan hanno deciso di farsi comunit\u00e0, \u00e8 stato perch\u00e9 la figura di Luttazzi non li convinceva pi\u00f9 e hanno deciso di contestarla.<br \/>\nQuanto peso ha, in questa vicenda, l\u2019investimento che nell\u2019Italia berlusconiana si fa su certe figure salvifiche? Negli ultimi anni i comici si sono trovati a fare supplenza dei leader dell&#8217;opposizione. Ci\u00f2 \u00e8 malsano, perch\u00e9 porta a vedere nel comico, se non un messia, almeno un incorruttibile paladino, senza le sane contraddizioni dei comuni mortali. Un comico ruba delle battute, viene &#8220;sgamato&#8221; e viene additato come nemico pubblico. Non esiste nulla del genere fuori d&#8217;Italia.<br \/>\nIronia della sorte, Luttazzi \u00e8 stato <em>l&#8217;unico<\/em> comico a evidenziare questo male, ed \u00e8 il primo a patirne le conseguenze. Pianga se stesso, ok, ma un rapporto sbagliato si costruisce in due. Per citare da un blog: &#8220;Come si fa a fare 4.000 km. in bici in venti giorni a 45 km. all\u2019ora di media? Ovvio, si va dal farmacista. Qualcuno vorrebbe vedere un Tour de France corso a 30 km\/h o gare olimpiche vinte con tempi due secondi sopra i record attuali? Certo che no. I fan esigono il doping, ma vogliono che il dopato sia ucciso. \u00c8 lecito interrogarsi sul marciume di tale meccanismo?&#8221;<br \/>\nSe c&#8217;\u00e8 qualcosa che ostacola l&#8217;interrogarsi, \u00e8 il modo in cui la Rete si trasforma in &#8220;macchina ammazzacattivi&#8221;. Non c&#8217;entra l\u2019intento iniziale di chi &#8211; giustamente! &#8211; ha fatto le pulci a Luttazzi. Parliamo di un dispositivo che una volta avviato opera in modo inesorabile. Il punto non \u00e8 chi inizia, ma quanti proseguono e come. Lo vediamo sui s<em>ocial network<\/em>: tardiva voglia di gridare in coro, di unirsi alla folla per attaccare chi \u00e8 gi\u00e0 attaccato, chi \u00e8 gi\u00e0 stato individuato come \u201cfolk devil\u201d, e tutto ci\u00f2 dalla comodit\u00e0 del proprio tinello, soli di fronte a uno schermo, senza vere assunzioni di responsabilit\u00e0. Se la cosa era partita come dinamica di intelligenza collettiva, ora prosegue con una mentalit\u00e0 da crociata, resa dei conti finale, raddrizzamento dell\u2019assetto del mondo. Assetto azzoppato dalla nequizia di\u2026 chi? Di un comico che ha millantato la paternit\u00e0 di battute! In rete c&#8217;\u00e8 pure chi si rammarica per aver riso di quei <em>jokes<\/em>. Si fa il processo alle risate di ieri: se non si pu\u00f2 pi\u00f9 ridere oggi, vuol dire che non si doveva ridere nemmeno prima. \u201cLa miseria del presente ha valore retroattivo\u201d (Karl Kraus).<br \/>\nLuttazzi \u00e8 un artista complesso e poliedrico. Le sue mosse fanno incazzare, ma stiamo attenti a non dipingerlo come un mero parassita. Ha scritto preziosi saggi sulle regole della satira, condotto trasmissioni che hanno lasciato un segno, combattuto contro editti, <em>ukase<\/em> et similia. Comunque la si pensi, ha innovato il modo di fare satira in Italia, riscattato i primi libri di Woody Allen da pessime traduzioni risalenti agli anni \u201870 etc. A dispetto dei suoi errori, \u00e8 stato indubbiamente un autore (<em>auctor,<\/em> colui che <em>aumenta<\/em> lo scibile).<br \/>\nPu\u00f2 ancora uscirne? Boh. Forse la sua \u00e8 pulsione di morte. Ha chiesto alla Rete di essere sbranato, la Rete esaudisce il desiderio. E forse i desideri erano tre:<br \/>\n1) voglio far ridere;<br \/>\n2) voglio far ridere come gli americani;<br \/>\n3) voglio morire.<br \/>\nForse l\u2019ignominia \u00e8 una forma di gloria. Forse \u00e8 il finale che, inconsciamente, si era preparato da tempo.<br \/>\nNessuno osi rallegrarsi di questo.<\/p>\n<h5 style=\"text-align: justify;\">[Questo articolo \u00e8 apparso su &#8220;L&#8217;Unit\u00e0&#8221; del 13\/06\/2010. E&#8217; stato scritto grazie alle persone che hanno discusso con noi in questi giorni, su <a href=\"http:\/\/twitter.com\/Wu_Ming_Foundt\">Twitter <\/a>e nella &#8220;threagedia&#8221; messa in scena su <a href=\"http:\/\/loredanalipperini.blog.kataweb.it\/lipperatura\/2010\/06\/10\/divertimenti2-su-daniele-luttazzi\/comment-page-5\/#comment-148734\">Lipperatura<\/a>.]<\/h5>\n","protected":false},"excerpt":{"rendered":"Aggiornamento del 15 giugno 2010 Forse ci siamo spiegati male. Sar\u00e0 che stiamo invecchiando. In giro per la rete, alcuni hanno interpretato l&#8217;articolo qui sotto come una difesa di Luttazzi e una critica nei confronti dei &#8220;nitpickers&#8221;, quelli che gli hanno fatto le pulci. Noi siamo caduti dalle nuvole e ci siamo chiesti: com&#8217;\u00e8 possibile? [&hellip;]","protected":false},"author":117,"featured_media":753,"comment_status":"closed","ping_status":"open","sticky":false,"template":"","format":"standard","meta":{"footnotes":""},"categories":[8,55],"tags":[279,276,277,278,280],"class_list":["post-748","post","type-post","status-publish","format-standard","has-post-thumbnail","hentry","category-editoriali","category-personaggi","tag-comici","tag-daniele-luttazzi","tag-karl-kraus","tag-mikhail-bachtin","tag-satira"],"yoast_head":"<!-- This site is optimized with the Yoast SEO plugin v27.4 - https:\/\/yoast.com\/product\/yoast-seo-wordpress\/ -->\n<title>Quel che pensiamo del caso Luttazzi - Giap<\/title>\n<meta name=\"robots\" content=\"index, follow, max-snippet:-1, max-image-preview:large, max-video-preview:-1\" \/>\n<link rel=\"canonical\" href=\"https:\/\/www.wumingfoundation.com\/giap\/2010\/06\/cosa-pensiamo-del-caso-luttazzi\/\" \/>\n<meta property=\"og:locale\" content=\"it_IT\" \/>\n<meta property=\"og:type\" content=\"article\" \/>\n<meta property=\"og:title\" content=\"Quel che pensiamo del caso Luttazzi - Giap\" \/>\n<meta property=\"og:description\" content=\"Aggiornamento del 15 giugno 2010 Forse ci siamo spiegati male. Sar\u00e0 che stiamo invecchiando. In giro per la rete, alcuni hanno interpretato l&#8217;articolo qui sotto come una difesa di Luttazzi e una critica nei confronti dei &#8220;nitpickers&#8221;, quelli che gli hanno fatto le pulci. Noi siamo caduti dalle nuvole e ci siamo chiesti: com&#8217;\u00e8 possibile? [&hellip;]\" \/>\n<meta property=\"og:url\" content=\"https:\/\/www.wumingfoundation.com\/giap\/2010\/06\/cosa-pensiamo-del-caso-luttazzi\/\" \/>\n<meta property=\"og:site_name\" content=\"Giap\" \/>\n<meta property=\"article:published_time\" content=\"2010-06-12T22:00:56+00:00\" \/>\n<meta property=\"article:modified_time\" content=\"2023-12-16T09:55:16+00:00\" \/>\n<meta property=\"og:image\" content=\"https:\/\/www.wumingfoundation.com\/giap\/wp-content\/uploads\/2010\/06\/luttazzidecameron-thumb.jpg\" \/>\n\t<meta property=\"og:image:width\" content=\"400\" \/>\n\t<meta property=\"og:image:height\" content=\"300\" \/>\n\t<meta property=\"og:image:type\" content=\"image\/jpeg\" \/>\n<meta name=\"author\" content=\"Wu Ming\" \/>\n<meta name=\"twitter:card\" content=\"summary_large_image\" \/>\n<meta name=\"twitter:creator\" content=\"@Wu_Ming_Foundt\" \/>\n<meta name=\"twitter:site\" content=\"@Wu_Ming_Foundt\" \/>\n<meta name=\"twitter:label1\" content=\"Scritto da\" \/>\n\t<meta name=\"twitter:data1\" content=\"Wu Ming\" \/>\n\t<meta name=\"twitter:label2\" content=\"Tempo di lettura stimato\" \/>\n\t<meta name=\"twitter:data2\" content=\"9 minuti\" \/>\n<script type=\"application\/ld+json\" class=\"yoast-schema-graph\">{\"@context\":\"https:\\\/\\\/schema.org\",\"@graph\":[{\"@type\":\"Article\",\"@id\":\"https:\\\/\\\/www.wumingfoundation.com\\\/giap\\\/2010\\\/06\\\/cosa-pensiamo-del-caso-luttazzi\\\/#article\",\"isPartOf\":{\"@id\":\"https:\\\/\\\/www.wumingfoundation.com\\\/giap\\\/2010\\\/06\\\/cosa-pensiamo-del-caso-luttazzi\\\/\"},\"author\":{\"name\":\"Wu Ming\",\"@id\":\"https:\\\/\\\/www.wumingfoundation.com\\\/giap\\\/#\\\/schema\\\/person\\\/a509f199077421552871a4cf2a327499\"},\"headline\":\"Quel che pensiamo del caso Luttazzi\",\"datePublished\":\"2010-06-12T22:00:56+00:00\",\"dateModified\":\"2023-12-16T09:55:16+00:00\",\"mainEntityOfPage\":{\"@id\":\"https:\\\/\\\/www.wumingfoundation.com\\\/giap\\\/2010\\\/06\\\/cosa-pensiamo-del-caso-luttazzi\\\/\"},\"wordCount\":1543,\"image\":{\"@id\":\"https:\\\/\\\/www.wumingfoundation.com\\\/giap\\\/2010\\\/06\\\/cosa-pensiamo-del-caso-luttazzi\\\/#primaryimage\"},\"thumbnailUrl\":\"https:\\\/\\\/www.wumingfoundation.com\\\/giap\\\/wp-content\\\/uploads\\\/2010\\\/06\\\/luttazzidecameron-thumb.jpg\",\"keywords\":[\"comici\",\"Daniele Luttazzi\",\"Karl Kraus\",\"Mikhail Bachtin\",\"satira\"],\"articleSection\":[\"Esternazioni\",\"Personaggi\"],\"inLanguage\":\"it-IT\"},{\"@type\":\"WebPage\",\"@id\":\"https:\\\/\\\/www.wumingfoundation.com\\\/giap\\\/2010\\\/06\\\/cosa-pensiamo-del-caso-luttazzi\\\/\",\"url\":\"https:\\\/\\\/www.wumingfoundation.com\\\/giap\\\/2010\\\/06\\\/cosa-pensiamo-del-caso-luttazzi\\\/\",\"name\":\"Quel che pensiamo del caso Luttazzi - Giap\",\"isPartOf\":{\"@id\":\"https:\\\/\\\/www.wumingfoundation.com\\\/giap\\\/#website\"},\"primaryImageOfPage\":{\"@id\":\"https:\\\/\\\/www.wumingfoundation.com\\\/giap\\\/2010\\\/06\\\/cosa-pensiamo-del-caso-luttazzi\\\/#primaryimage\"},\"image\":{\"@id\":\"https:\\\/\\\/www.wumingfoundation.com\\\/giap\\\/2010\\\/06\\\/cosa-pensiamo-del-caso-luttazzi\\\/#primaryimage\"},\"thumbnailUrl\":\"https:\\\/\\\/www.wumingfoundation.com\\\/giap\\\/wp-content\\\/uploads\\\/2010\\\/06\\\/luttazzidecameron-thumb.jpg\",\"datePublished\":\"2010-06-12T22:00:56+00:00\",\"dateModified\":\"2023-12-16T09:55:16+00:00\",\"author\":{\"@id\":\"https:\\\/\\\/www.wumingfoundation.com\\\/giap\\\/#\\\/schema\\\/person\\\/a509f199077421552871a4cf2a327499\"},\"breadcrumb\":{\"@id\":\"https:\\\/\\\/www.wumingfoundation.com\\\/giap\\\/2010\\\/06\\\/cosa-pensiamo-del-caso-luttazzi\\\/#breadcrumb\"},\"inLanguage\":\"it-IT\",\"potentialAction\":[{\"@type\":\"ReadAction\",\"target\":[\"https:\\\/\\\/www.wumingfoundation.com\\\/giap\\\/2010\\\/06\\\/cosa-pensiamo-del-caso-luttazzi\\\/\"]}]},{\"@type\":\"ImageObject\",\"inLanguage\":\"it-IT\",\"@id\":\"https:\\\/\\\/www.wumingfoundation.com\\\/giap\\\/2010\\\/06\\\/cosa-pensiamo-del-caso-luttazzi\\\/#primaryimage\",\"url\":\"https:\\\/\\\/www.wumingfoundation.com\\\/giap\\\/wp-content\\\/uploads\\\/2010\\\/06\\\/luttazzidecameron-thumb.jpg\",\"contentUrl\":\"https:\\\/\\\/www.wumingfoundation.com\\\/giap\\\/wp-content\\\/uploads\\\/2010\\\/06\\\/luttazzidecameron-thumb.jpg\",\"width\":400,\"height\":300},{\"@type\":\"BreadcrumbList\",\"@id\":\"https:\\\/\\\/www.wumingfoundation.com\\\/giap\\\/2010\\\/06\\\/cosa-pensiamo-del-caso-luttazzi\\\/#breadcrumb\",\"itemListElement\":[{\"@type\":\"ListItem\",\"position\":1,\"name\":\"Home\",\"item\":\"https:\\\/\\\/www.wumingfoundation.com\\\/giap\\\/\"},{\"@type\":\"ListItem\",\"position\":2,\"name\":\"Quel che pensiamo del caso Luttazzi\"}]},{\"@type\":\"WebSite\",\"@id\":\"https:\\\/\\\/www.wumingfoundation.com\\\/giap\\\/#website\",\"url\":\"https:\\\/\\\/www.wumingfoundation.com\\\/giap\\\/\",\"name\":\"Giap\",\"description\":\"Il sito ufficiale di Wu Ming, collettivo di scrittori\",\"potentialAction\":[{\"@type\":\"SearchAction\",\"target\":{\"@type\":\"EntryPoint\",\"urlTemplate\":\"https:\\\/\\\/www.wumingfoundation.com\\\/giap\\\/?s={search_term_string}\"},\"query-input\":{\"@type\":\"PropertyValueSpecification\",\"valueRequired\":true,\"valueName\":\"search_term_string\"}}],\"inLanguage\":\"it-IT\"},{\"@type\":\"Person\",\"@id\":\"https:\\\/\\\/www.wumingfoundation.com\\\/giap\\\/#\\\/schema\\\/person\\\/a509f199077421552871a4cf2a327499\",\"name\":\"Wu Ming\",\"image\":{\"@type\":\"ImageObject\",\"inLanguage\":\"it-IT\",\"@id\":\"https:\\\/\\\/secure.gravatar.com\\\/avatar\\\/1aa2417cb55b3a8bd4988fca42ea7ef75c86ef8bb0ea1bf9102119b6d11c6238?s=96&d=blank&r=g\",\"url\":\"https:\\\/\\\/secure.gravatar.com\\\/avatar\\\/1aa2417cb55b3a8bd4988fca42ea7ef75c86ef8bb0ea1bf9102119b6d11c6238?s=96&d=blank&r=g\",\"contentUrl\":\"https:\\\/\\\/secure.gravatar.com\\\/avatar\\\/1aa2417cb55b3a8bd4988fca42ea7ef75c86ef8bb0ea1bf9102119b6d11c6238?s=96&d=blank&r=g\",\"caption\":\"Wu Ming\"}}]}<\/script>\n<!-- \/ Yoast SEO plugin. -->","yoast_head_json":{"title":"Quel che pensiamo del caso Luttazzi - Giap","robots":{"index":"index","follow":"follow","max-snippet":"max-snippet:-1","max-image-preview":"max-image-preview:large","max-video-preview":"max-video-preview:-1"},"canonical":"https:\/\/www.wumingfoundation.com\/giap\/2010\/06\/cosa-pensiamo-del-caso-luttazzi\/","og_locale":"it_IT","og_type":"article","og_title":"Quel che pensiamo del caso Luttazzi - Giap","og_description":"Aggiornamento del 15 giugno 2010 Forse ci siamo spiegati male. Sar\u00e0 che stiamo invecchiando. In giro per la rete, alcuni hanno interpretato l&#8217;articolo qui sotto come una difesa di Luttazzi e una critica nei confronti dei &#8220;nitpickers&#8221;, quelli che gli hanno fatto le pulci. Noi siamo caduti dalle nuvole e ci siamo chiesti: com&#8217;\u00e8 possibile? [&hellip;]","og_url":"https:\/\/www.wumingfoundation.com\/giap\/2010\/06\/cosa-pensiamo-del-caso-luttazzi\/","og_site_name":"Giap","article_published_time":"2010-06-12T22:00:56+00:00","article_modified_time":"2023-12-16T09:55:16+00:00","og_image":[{"width":400,"height":300,"url":"https:\/\/www.wumingfoundation.com\/giap\/wp-content\/uploads\/2010\/06\/luttazzidecameron-thumb.jpg","type":"image\/jpeg"}],"author":"Wu Ming","twitter_card":"summary_large_image","twitter_creator":"@Wu_Ming_Foundt","twitter_site":"@Wu_Ming_Foundt","twitter_misc":{"Scritto da":"Wu Ming","Tempo di lettura stimato":"9 minuti"},"schema":{"@context":"https:\/\/schema.org","@graph":[{"@type":"Article","@id":"https:\/\/www.wumingfoundation.com\/giap\/2010\/06\/cosa-pensiamo-del-caso-luttazzi\/#article","isPartOf":{"@id":"https:\/\/www.wumingfoundation.com\/giap\/2010\/06\/cosa-pensiamo-del-caso-luttazzi\/"},"author":{"name":"Wu Ming","@id":"https:\/\/www.wumingfoundation.com\/giap\/#\/schema\/person\/a509f199077421552871a4cf2a327499"},"headline":"Quel che pensiamo del caso Luttazzi","datePublished":"2010-06-12T22:00:56+00:00","dateModified":"2023-12-16T09:55:16+00:00","mainEntityOfPage":{"@id":"https:\/\/www.wumingfoundation.com\/giap\/2010\/06\/cosa-pensiamo-del-caso-luttazzi\/"},"wordCount":1543,"image":{"@id":"https:\/\/www.wumingfoundation.com\/giap\/2010\/06\/cosa-pensiamo-del-caso-luttazzi\/#primaryimage"},"thumbnailUrl":"https:\/\/www.wumingfoundation.com\/giap\/wp-content\/uploads\/2010\/06\/luttazzidecameron-thumb.jpg","keywords":["comici","Daniele Luttazzi","Karl Kraus","Mikhail Bachtin","satira"],"articleSection":["Esternazioni","Personaggi"],"inLanguage":"it-IT"},{"@type":"WebPage","@id":"https:\/\/www.wumingfoundation.com\/giap\/2010\/06\/cosa-pensiamo-del-caso-luttazzi\/","url":"https:\/\/www.wumingfoundation.com\/giap\/2010\/06\/cosa-pensiamo-del-caso-luttazzi\/","name":"Quel che pensiamo del caso Luttazzi - Giap","isPartOf":{"@id":"https:\/\/www.wumingfoundation.com\/giap\/#website"},"primaryImageOfPage":{"@id":"https:\/\/www.wumingfoundation.com\/giap\/2010\/06\/cosa-pensiamo-del-caso-luttazzi\/#primaryimage"},"image":{"@id":"https:\/\/www.wumingfoundation.com\/giap\/2010\/06\/cosa-pensiamo-del-caso-luttazzi\/#primaryimage"},"thumbnailUrl":"https:\/\/www.wumingfoundation.com\/giap\/wp-content\/uploads\/2010\/06\/luttazzidecameron-thumb.jpg","datePublished":"2010-06-12T22:00:56+00:00","dateModified":"2023-12-16T09:55:16+00:00","author":{"@id":"https:\/\/www.wumingfoundation.com\/giap\/#\/schema\/person\/a509f199077421552871a4cf2a327499"},"breadcrumb":{"@id":"https:\/\/www.wumingfoundation.com\/giap\/2010\/06\/cosa-pensiamo-del-caso-luttazzi\/#breadcrumb"},"inLanguage":"it-IT","potentialAction":[{"@type":"ReadAction","target":["https:\/\/www.wumingfoundation.com\/giap\/2010\/06\/cosa-pensiamo-del-caso-luttazzi\/"]}]},{"@type":"ImageObject","inLanguage":"it-IT","@id":"https:\/\/www.wumingfoundation.com\/giap\/2010\/06\/cosa-pensiamo-del-caso-luttazzi\/#primaryimage","url":"https:\/\/www.wumingfoundation.com\/giap\/wp-content\/uploads\/2010\/06\/luttazzidecameron-thumb.jpg","contentUrl":"https:\/\/www.wumingfoundation.com\/giap\/wp-content\/uploads\/2010\/06\/luttazzidecameron-thumb.jpg","width":400,"height":300},{"@type":"BreadcrumbList","@id":"https:\/\/www.wumingfoundation.com\/giap\/2010\/06\/cosa-pensiamo-del-caso-luttazzi\/#breadcrumb","itemListElement":[{"@type":"ListItem","position":1,"name":"Home","item":"https:\/\/www.wumingfoundation.com\/giap\/"},{"@type":"ListItem","position":2,"name":"Quel che pensiamo del caso Luttazzi"}]},{"@type":"WebSite","@id":"https:\/\/www.wumingfoundation.com\/giap\/#website","url":"https:\/\/www.wumingfoundation.com\/giap\/","name":"Giap","description":"Il sito ufficiale di Wu Ming, collettivo di scrittori","potentialAction":[{"@type":"SearchAction","target":{"@type":"EntryPoint","urlTemplate":"https:\/\/www.wumingfoundation.com\/giap\/?s={search_term_string}"},"query-input":{"@type":"PropertyValueSpecification","valueRequired":true,"valueName":"search_term_string"}}],"inLanguage":"it-IT"},{"@type":"Person","@id":"https:\/\/www.wumingfoundation.com\/giap\/#\/schema\/person\/a509f199077421552871a4cf2a327499","name":"Wu Ming","image":{"@type":"ImageObject","inLanguage":"it-IT","@id":"https:\/\/secure.gravatar.com\/avatar\/1aa2417cb55b3a8bd4988fca42ea7ef75c86ef8bb0ea1bf9102119b6d11c6238?s=96&d=blank&r=g","url":"https:\/\/secure.gravatar.com\/avatar\/1aa2417cb55b3a8bd4988fca42ea7ef75c86ef8bb0ea1bf9102119b6d11c6238?s=96&d=blank&r=g","contentUrl":"https:\/\/secure.gravatar.com\/avatar\/1aa2417cb55b3a8bd4988fca42ea7ef75c86ef8bb0ea1bf9102119b6d11c6238?s=96&d=blank&r=g","caption":"Wu Ming"}}]}},"_links":{"self":[{"href":"https:\/\/www.wumingfoundation.com\/giap\/wp-json\/wp\/v2\/posts\/748","targetHints":{"allow":["GET"]}}],"collection":[{"href":"https:\/\/www.wumingfoundation.com\/giap\/wp-json\/wp\/v2\/posts"}],"about":[{"href":"https:\/\/www.wumingfoundation.com\/giap\/wp-json\/wp\/v2\/types\/post"}],"author":[{"embeddable":true,"href":"https:\/\/www.wumingfoundation.com\/giap\/wp-json\/wp\/v2\/users\/117"}],"replies":[{"embeddable":true,"href":"https:\/\/www.wumingfoundation.com\/giap\/wp-json\/wp\/v2\/comments?post=748"}],"version-history":[{"count":4,"href":"https:\/\/www.wumingfoundation.com\/giap\/wp-json\/wp\/v2\/posts\/748\/revisions"}],"predecessor-version":[{"id":54052,"href":"https:\/\/www.wumingfoundation.com\/giap\/wp-json\/wp\/v2\/posts\/748\/revisions\/54052"}],"wp:featuredmedia":[{"embeddable":true,"href":"https:\/\/www.wumingfoundation.com\/giap\/wp-json\/wp\/v2\/media\/753"}],"wp:attachment":[{"href":"https:\/\/www.wumingfoundation.com\/giap\/wp-json\/wp\/v2\/media?parent=748"}],"wp:term":[{"taxonomy":"category","embeddable":true,"href":"https:\/\/www.wumingfoundation.com\/giap\/wp-json\/wp\/v2\/categories?post=748"},{"taxonomy":"post_tag","embeddable":true,"href":"https:\/\/www.wumingfoundation.com\/giap\/wp-json\/wp\/v2\/tags?post=748"}],"curies":[{"name":"wp","href":"https:\/\/api.w.org\/{rel}","templated":true}]}}