{"id":56247,"date":"2024-11-18T09:00:30","date_gmt":"2024-11-18T08:00:30","guid":{"rendered":"https:\/\/www.wumingfoundation.com\/giap\/?p=56247"},"modified":"2024-11-18T11:03:38","modified_gmt":"2024-11-18T10:03:38","slug":"quinto-tipo-requiem","status":"publish","type":"post","link":"https:\/\/www.wumingfoundation.com\/giap\/2024\/11\/quinto-tipo-requiem\/","title":{"rendered":"La collana Quinto Tipo: un bilancio, un requiem e un&#8217;autocritica sul concetto di \u00aboggetto narrativo non identificato\u00bb"},"content":{"rendered":"<div id=\"attachment_56284\" style=\"width: 807px\" class=\"wp-caption aligncenter\"><a href=\"https:\/\/edizionialegre.it\/catalogo\/?fwp_categories=quinto-tipo\"><img loading=\"lazy\" decoding=\"async\" aria-describedby=\"caption-attachment-56284\" class=\"wp-image-56284 size-full\" src=\"https:\/\/www.wumingfoundation.com\/giap\/wp-content\/uploads\/2024\/11\/collanaquintotipo.png\" alt=\"titoli della collana Quinto Tipo\" width=\"797\" height=\"583\" srcset=\"https:\/\/www.wumingfoundation.com\/giap\/wp-content\/uploads\/2024\/11\/collanaquintotipo.png 797w, https:\/\/www.wumingfoundation.com\/giap\/wp-content\/uploads\/2024\/11\/collanaquintotipo-300x219.png 300w, https:\/\/www.wumingfoundation.com\/giap\/wp-content\/uploads\/2024\/11\/collanaquintotipo-768x562.png 768w\" sizes=\"auto, (max-width: 797px) 100vw, 797px\" \/><\/a><p id=\"caption-attachment-56284\" class=\"wp-caption-text\">Alcuni libri della collana Quinto Tipo (ventidue titoli in tutto), diretta da <strong>Wu Ming 1<\/strong> e <strong>Pietro De Vivo<\/strong> per le edizioni Alegre dal 2014 al 2024.<\/p><\/div>\n<p>di <strong>Wu Ming 1<\/strong><\/p>\n<h5><strong>INDICE<\/strong><br \/>\n<strong>1. A dieci anni da <em>Diario di zona<\/em><\/strong><br \/>\n<strong>2. In quanti radar sono entrati gli oggetti alieni?<\/strong><br \/>\n<strong>3. Pu\u00f2 una collana diventare un collettivo?<\/strong><br \/>\n<strong>4. Del non vedere l&#8217;insieme<\/strong><br \/>\n<strong>5. <em>ONNI soit qui mal y pense<\/em><\/strong><br \/>\n<strong>6. Che cos&#8217;\u00e8 un UNO?<\/strong><br \/>\n<strong>7. NIE wieder<\/strong><br \/>\n<strong>8. Distruzione delle cornici<\/strong><br \/>\n<strong>9. UNO e canone letterario italiano<\/strong><br \/>\n<strong>10. Con ogni mezzo <em>necessario<\/em><\/strong><br \/>\n<strong>11. L&#8217;essenza del progetto \u00e8 apparsa a met\u00e0 strada<\/strong><br \/>\n<strong>12. Se proprio devo indicare un fior fiore<\/strong><br \/>\n<strong>13. La R di&#8230;<\/strong><br \/>\n<strong>14. The End<\/strong><\/h5>\n<p><a href=\"https:\/\/www.wumingfoundation.com\/giap\/2024\/05\/gli-automotivati\/\">Sei mesi fa<\/a>, in occasione dell&#8217;uscita del libro di <strong>Paolo La Valle<\/strong> <em>Gli automotivati<\/em>, annunciavo la chiusura della collana Quinto Tipo delle edizioni Alegre, da me diretta per dieci anni, in collaborazione con <strong>Pietro De Vivo<\/strong>.<\/p>\n<p>Nel farlo, rinviavo a oggi, 18 novembre,\u00a0un bilancio di quell&#8217;esperienza.<!--more--><\/p>\n<h4><strong>A dieci anni da <em>Diario di zona<\/em><\/strong><\/h4>\n<p><img loading=\"lazy\" decoding=\"async\" class=\"alignright wp-image-19286\" src=\"https:\/\/www.wumingfoundation.com\/giap\/wp-content\/uploads\/2014\/11\/diariodizona.png\" alt=\"Copertina di Diario di zona, la prima uscita di Quinto Tipo, 2014\" width=\"200\" height=\"322\" \/>Si trattava di fare cifra tonda.\u00a0Il 18 novembre 2014, infatti, pubblicammo il primo titolo della collana, <a href=\"https:\/\/edizionialegre.it\/product\/diario-di-zona\/\"><em>Diario di zona<\/em><\/a> di <strong>Luigi Chiarella aka Yamunin<\/strong>. Che nel frattempo ha terminato la sua seconda opera, <em>Risto-Reich<\/em>. Uscir\u00e0 a gennaio nella collana Working Class curata, sempre per Alegre, da <strong>Alberto Prunetti<\/strong>.<\/p>\n<p>L&#8217;ultima volta che abbiamo tratto il bilancio di un esperimento decennale \u2013 il tentativo, orrendamente fallito, di usare Twitter \u00abspazzolando il mezzo contropelo\u00bb \u2013 abbiamo scritto un testo che non finiva pi\u00f9, praticamente una miniserie (<a href=\"https:\/\/www.wumingfoundation.com\/giap\/wp-admin\/admin-ajax.php?action=tnp&amp;na=v&amp;nk=2-05488c4e25&amp;id=19\">negli ultimi giorni tornata d&#8217;attualit\u00e0<\/a>). A &#8216;sto giro non la far\u00f2 cos\u00ec lunga.<\/p>\n<p>Ogni bilancio di un esperimento deve rispondere alla domanda: \u00e8 riuscito?<\/p>\n<h4><strong>In quanti radar sono entrati gli oggetti alieni?<\/strong><\/h4>\n<h5><img loading=\"lazy\" decoding=\"async\" class=\"alignright wp-image-56271\" src=\"https:\/\/www.wumingfoundation.com\/giap\/wp-content\/uploads\/2024\/11\/oggetti_alieni.png\" alt=\"\" width=\"200\" height=\"139\" srcset=\"https:\/\/www.wumingfoundation.com\/giap\/wp-content\/uploads\/2024\/11\/oggetti_alieni.png 697w, https:\/\/www.wumingfoundation.com\/giap\/wp-content\/uploads\/2024\/11\/oggetti_alieni-300x208.png 300w\" sizes=\"auto, (max-width: 200px) 100vw, 200px\" \/><\/h5>\n<p>Nonostante l&#8217;impegno che ci abbiamo messo, la stragrande maggioranza della piccola minoranza che legge libri in Italia \u2013 anche libri di Wu Ming \u2013 \u00e8 rimasta ignara dell&#8217;esistenza di Quinto Tipo.<\/p>\n<p>Al di l\u00e0 dei buoni risultati ottenuti da questo o quel singolo titolo, \u00e8 <em>la collana<\/em> a non essersi affermata come progetto e <em>soggetto<\/em> complessivo. Non \u00e8 riuscita a spiccare, a diventare un punto di riferimento. Tra gli stessi \u00abaddetti ai lavori\u00bb se ne \u00e8 parlato molto di rado. <span style=\"font-size: small;\"><sup>[1]<\/sup><\/span><\/p>\n<p>Ebbene, Quinto Tipo avrebbe meritato pi\u00f9 attenzione. Non perch\u00e9 la dirigevo io, ma per la qualit\u00e0 di molti titoli pubblicati, per il coraggio dimostrato da autori e autrici, in gran parte esordienti, e per la funzione di <em>scouting<\/em> che ha svolto. C&#8217;\u00e8 chi ha esordito l\u00ec e oggi pubblica per una major. <span style=\"font-size: small;\"><sup>[2]<\/sup><\/span><\/p>\n<p>Le ragioni per cui la collana ha faticato sono diverse. Provo a elencarne qualcuna.<\/p>\n<h4><strong>Pu\u00f2 una collana diventare un collettivo?<\/strong><\/h4>\n<p>A monte, \u00e8 fallito il tentativo di trasformare la collana in un collettivo-laboratorio. La mailing list interna si \u00e8 incagliata quasi subito. Quanto al blog dedicato, dopo un po&#8217; si \u00e8 smesso di aggiornarlo. Da un lato mancavano i contenuti originali; dall&#8217;altro, la funzione di &#8220;vetrina&#8221; dei titoli pubblicati era gi\u00e0 svolta dal sito di Alegre. Il blog era dunque un &#8220;doppione&#8221; ed \u00e8 stato saggio chiuderlo.<\/p>\n<p>Per fare della collana un progetto condiviso tra editore, direttori e autori, com&#8217;era negli intenti, mancavano le energie e, a monte, le premesse. La casa editrice, Pietro e io sovraccarichi di altri impegni, l&#8217;insieme di autori e autrici troppo eterogeneo e sparpagliato.\u00a0<span style=\"font-size: small;\"><sup>[3]<\/sup><\/span><\/p>\n<h4><strong>Del non vedere l&#8217;insieme<\/strong><\/h4>\n<p>Non siamo riusciti a far vivere l&#8217;idea, nobile e ricca di storia, di \u00abcollana editoriale\u00bb.<\/p>\n<p><em>Collana<\/em>: sottoinsieme facilmente riconoscibile, perch\u00e9 espressione di un progetto preciso, del catalogo di una casa editrice.<\/p>\n<p>Nella maggior parte delle recensioni, anche in quelle che molto elogiavano il singolo libro (ne sono uscite eccome), la collana non veniva menzionata. Autore o autrice, titolo, casa editrice. Quinto Tipo non perveniva.<\/p>\n<p>Evidentemente, non era chiaro il progetto preciso.<\/p>\n<h4><em><strong>ONNI soit qui mal y pense<\/strong><\/em><\/h4>\n<p>Quinto Tipo si imperniava su un <em>concetto<\/em>, quello di \u00aboggetto narrativo non identificato\u00bb. UNO, <em>Unidentified Narrative Object<\/em>. ONNI, se vogliamo italianizzare l&#8217;acronimo.<\/p>\n<p>Concetto che doveva essere\u00a0<em>operativo<\/em>, <em>performativo<\/em>, ma che non siamo, anzi,\u00a0<em>non sono<\/em> mai riuscito a far capire bene. Prova ne sia che \u00e8 spesso usato in modo impreciso.<\/p>\n<p>\u00c8 frequente, ad esempio, veder definire \u00aboggetti narrativi non identificati\u00bb libri che sono inequivocabilmente romanzi.<\/p>\n<div id=\"attachment_56286\" style=\"width: 210px\" class=\"wp-caption alignright\"><img loading=\"lazy\" decoding=\"async\" aria-describedby=\"caption-attachment-56286\" class=\"wp-image-56286\" src=\"https:\/\/www.wumingfoundation.com\/giap\/wp-content\/uploads\/2024\/11\/delgiudice.jpeg\" alt=\"\" width=\"200\" height=\"228\" srcset=\"https:\/\/www.wumingfoundation.com\/giap\/wp-content\/uploads\/2024\/11\/delgiudice.jpeg 544w, https:\/\/www.wumingfoundation.com\/giap\/wp-content\/uploads\/2024\/11\/delgiudice-263x300.jpeg 263w\" sizes=\"auto, (max-width: 200px) 100vw, 200px\" \/><p id=\"caption-attachment-56286\" class=\"wp-caption-text\">Daniele Del Giudice (1949-2021)<\/p><\/div>\n<p>Vero, il rapporto tra gli UNO e il canone in espansione della forma-romanzo \u00e8 complesso. Libri oggi percepiti come non-fiction, per quanto ibrida, un giorno saranno inclusi nel canone del romanzo. \u00c8 accaduto pi\u00f9 volte. Il caso pi\u00f9 illustre? <em>Se questo \u00e8 un uomo<\/em> di <strong>Primo Levi<\/strong>, sul principio ritenuto una mera testimonianza, un memoriale, e oggi riconosciuto come romanzo, per vie delle tecniche letterarie scelte e utilizzate. Su questo hanno scritto parole definitive il compianto\u00a0<strong>Daniele Del Giudice<\/strong>\u00a0\u2013 si legga l&#8217;estratto da <em>Del narrare<\/em> <a href=\"https:\/\/www.einaudi.it\/catalogo-libri\/critica-letteraria-e-linguistica\/filologia-e-critica-letteraria\/del-narrare-daniele-del-giudice-9788806214432\/\">disponibile qui<\/a>\u00a0\u2013 e soprattutto\u00a0<a href=\"https:\/\/www.lindiceonline.com\/scienze-umane\/cultura-e-societa\/marco-belpoliti-primo-levi-di-fronte-e-di-profilo\/\"><strong>Marco Belpoliti<\/strong><\/a>.<\/p>\n<p>Tuttavia, se un libro \u00e8 <em>gi\u00e0<\/em> percepito come romanzo, allora andrebbe chiamato romanzo, non \u00abUNO\u00bb, \u00aboggetto narrativo\u00bb ecc. Perch\u00e9 invece accade?<\/p>\n<p>Forse perch\u00e9 si usano queste espressioni pensando alla semplice contaminazione tra generi\u2013 che ormai avviene di default, \u00e8 un\u00a0<em>dato ambientale<\/em> dell&#8217;industria culturale \u2013 oppure per descrivere qualcosa di <em>multimediale<\/em>, come se esistesse ancora qualcosa di <em>non<\/em> multimediale.<\/p>\n<p>Da tempo pensavo di fare autocritica su come ho introdotto e usato il concetto. Se \u00aboggetto narrativo non identificato\u00bb \u00e8 diventato un <em>passepartout<\/em> vuol dire che il concetto non era ben messo a fuoco. Non sono stato bravo a spiegarlo, anche quando l&#8217;ho spiegato meglio non sono stato in grado di far circolare il messaggio, e almeno da un certo punto in avanti l&#8217;ho dato troppo per scontato.<\/p>\n<h4><strong>Che cos&#8217;\u00e8 un UNO?<\/strong><\/h4>\n<p>Il concetto di UNO dovrebbe servire a raggruppare opere che, ciascuna alla propria maniera e con approcci radicali, mettono in pratica l&#8217;idea di \u00abnon-fiction creativa\u00bb, spingendo molto in l\u00e0 l&#8217;ibridazione.<\/p>\n<p>Col che, ribadisco, non s&#8217;intende una contaminazione tra generi letterari, tipo scrivere un giallo con un po&#8217; di fantascienza, un romanzo storico a tinte rosa o con note horror o altre miscele del genere, ormai scontate. No, si intende l&#8217;ibridazione tra diversi<a href=\"https:\/\/it.wikiversity.org\/wiki\/Tipologie_di_testo\"> <em>tipi di testo<\/em><\/a>.<\/p>\n<p>Esistono diverse classificazioni dei tipi testuali. La pi\u00f9 frequente \u00e8 basata sulla loro funzione, e i tipi risultano cos\u00ec enumerati:\u00a0<strong>narrativo<\/strong>, <strong>descrittivo<\/strong>, <strong>argomentativo<\/strong>, <strong>espositivo<\/strong>, <strong>regolativo\/prescrittivo<\/strong>, e qualcuno aggiunge il <strong>rappresentativo<\/strong>.<\/p>\n<p>Per come l&#8217;ho sempre vista, un UNO \u00e8 un&#8217;opera che passa da un tipo all&#8217;altro in modi azzardati, che producono sorpresa, spiazzamento,\u00a0<em>straniamento<\/em>.<\/p>\n<p>Personalmente, i libri in cui pi\u00f9 ho spinto verso l&#8217;UNO sono <em>Un viaggio che non promettiamo breve<\/em>\u00a0(2016) e <em>La Q di Qomplotto<\/em>\u00a0(2021).<\/p>\n<p>Talvolta si \u00e8 definito \u00aboggetto narrativo non identificato\u00bb il nostro romanzo collettivo <em>Ufo 78<\/em>\u00a0(2022), che invece \u00e8 un&#8217;operazione diversa. <em>Ufo 78<\/em> \u00e8 un romanzo che simula un UNO scritto da qualcun altro: dall&#8217;implicito soggetto, di cui nulla ci \u00e8 dato sapere, che fa inchiesta su fatti avvenuti nel 1978, lavorando in archivio, intervistando testimoni diretti, ricostruendo scene e dialoghi laddove le fonti sono mute, e ogni tanto inserendo proprie considerazioni.<span style=\"font-size: small;\"><sup>[4]<\/sup><\/span><\/p>\n<h4><strong>NIE wieder<\/strong><\/h4>\n<div id=\"attachment_30156\" style=\"width: 210px\" class=\"wp-caption alignright\"><a href=\"http:\/\/https:\/\/www.wumingfoundation.com\/giap\/wp-content\/uploads\/2015\/01\/NIE30.pdf\"><img loading=\"lazy\" decoding=\"async\" aria-describedby=\"caption-attachment-30156\" class=\"wp-image-30156\" src=\"https:\/\/www.wumingfoundation.com\/giap\/wp-content\/uploads\/2017\/08\/covernie3.jpg\" alt=\"\" width=\"200\" height=\"317\" \/><\/a><p id=\"caption-attachment-30156\" class=\"wp-caption-text\">Ein Fehler, der NIE repariert werden kann.<\/p><\/div>\n<p>Forse l&#8217;equivoco di fondo parte da qui: il testo pi\u00f9 letto in cui parlavo di UNO resta lo sventurato <a href=\"https:\/\/www.wumingfoundation.com\/giap\/wp-content\/uploads\/2015\/01\/NIE30.pdf\">\u00abmemorandum\u00bb sul New Italian Epic<\/a> (2008-2009).<\/p>\n<p>In quegli appunti, in realt\u00e0, degli oggetti narrativi dicevo pochissimo: poche righe buttate l\u00ec giusto per svilupparle insieme, per aprire una discussione.<span style=\"font-size: small;\"><sup>[5]<\/sup><\/span><\/p>\n<p>Ben pi\u00f9 dettagliato era<a href=\"https:\/\/www.wumingfoundation.com\/giap\/2014\/11\/quintotipo-una-collana-diretta-da-wu-ming-1-per-le-edizioni-alegre\/\"> il testo di presentazione di Quinto Tipo<\/a>, che purtroppo \u00e8 stato molto meno letto.<\/p>\n<p>I tre paragrafetti che seguono provengono da quel testo.<\/p>\n<h4><strong>Distruzione delle cornici [2014]<\/strong><\/h4>\n<p>Cosa sono gli \u00aboggetti narrativi non identificati\u00bb? C&#8217;\u00e8 bisogno di un&#8217;espressione del genere?<\/p>\n<p>Non pi\u00f9 di quanto vi sia bisogno di \u00abincontri ravvicinati del quinto tipo\u00bb. Ma ancora: che ce ne frega a noi? Usiamo le metafore che ci pare, e quando non ci parr\u00e0 pi\u00f9, passeremo ad altre. Per il momento, questa ci serve ancora. Soprattutto, per dare il nome alla collana.<\/p>\n<p>Ma non abbiamo risposto alla prima domanda: cosa sono gli oggetti narrativi non-identificati?<\/p>\n<p>Se lo sapessimo, non li chiameremmo \u00abnon identificati\u00bb.<\/p>\n<p>Eppure tentativi di identificarli ce ne sono stati tanti\u2026<br \/>\n\u00abNon-fiction novel\u00bb.<br \/>\n\u00abCreative non-fiction\u00bb.<br \/>\n\u00abReportage narrativo\u00bb.<br \/>\n\u00abFaction\u00bb.<br \/>\n\u00abDocufiction\u00bb.<br \/>\n\u00abDocudrama\u00bb.<br \/>\n\u00abMockumentary\u00bb.<br \/>\n\u00c8 solo un piccolo campione di locuzioni \u2013 alcune ormai \u00abstoriche\u00bb, altre pi\u00f9 recenti \u2013 usate per indicare narrazioni ibride, nate in una \u00abterra di nessuno\u00bb tra i reticolati dei generi, dei macrogeneri e delle tipologie testuali. Terra di nessuno che attraversa tutto il mondo ed \u00e8 frequentata da sempre pi\u00f9 autori \u2013 scrittori, registi, videomaker, ma anche giornalisti, storici, antropologi etc. \u2013 che vogliono raccontare le loro storie con ogni mezzo necessario.<\/p>\n<p>Se la \u00abcontaminazione tra i generi\u00bb \u00e8 ormai faccenda pleonastica, ovvia e realizzata in partenza anche nel pi\u00f9 piatto mainstream (in parole povere: anche <strong>Dan Brown<\/strong> \u00abcontamina i generi\u00bb), la distruzione delle cornici, premessa all\u2019ibridazione delle tipologie testuali \u2013 saggio\/romanzo, guida turistica\/inchiesta militante, biografia\/mappa, reportage\/videogame and so on \u2013 pu\u00f2 ancora avere effetti perturbanti.<\/p>\n<p>La collisione tra le pi\u00f9 disparate tecniche e retoriche usate in diversi tipi di testo (narrativi, poetici, espositivi, argomentativi, descrittivi) sprigiona una grande potenza. Potenza che investe da direzioni inattese i temi affrontati e \u2013 grazie a numerosi slittamenti negli approcci e nei punti di vista \u2013 incoraggia la (ri)scoperta di un mondo.<\/p>\n<h4><strong>UNO e canone letterario italiano [2014]<\/strong><\/h4>\n<p><img loading=\"lazy\" decoding=\"async\" class=\"alignright size-full wp-image-56270\" src=\"https:\/\/www.wumingfoundation.com\/giap\/wp-content\/uploads\/2024\/11\/esperienze-pastorali_27-24.jpeg\" alt=\"\" width=\"199\" height=\"300\" \/>Una tradizione \u00e8 qualcosa che si sceglie, in primis una tradizione rivoluzionaria, e va rivendicato il carattere distintamente italiano di questa \u00abnon-fiction creativa\u00bb. La storia della letteratura italiana \u00e8 in larga parte una storia di non-fiction scritta con tecniche letterarie, o di ibridazione tra fiction e non-fiction. Molti dei \u00abclassici\u00bb nostrani non sono romanzi, ma memoriali, trattati, autobiografie, investigazioni storiche, elzeviri impazziti, miscele dei pi\u00f9 svariati elementi: la <em>Vita nova<\/em>, Il <em>Principe<\/em>, la <em>Vita<\/em> dell\u2019Alfieri, lo <em>Zibaldone di pensieri<\/em>, la <em>Storia della Colonna Infame<\/em>, <em>Se questo \u00e8 un uomo<\/em>, <em>Un anno sull\u2019altipiano<\/em>, <em>Cristo si \u00e8 fermato a Eboli<\/em>, <em>Kaputt<\/em>, <em>La pelle<\/em>, <em>Il mondo dei vinti<\/em>, <em>Esperienze pastorali<\/em>, <em>Scritti corsari<\/em>, <em>La scomparsa di Majorana<\/em>, <em>L\u2019affaire Moro<\/em>\u2026<span style=\"font-size: small;\"><sup>[6]<\/sup><\/span><\/p>\n<p>Se la \u00abnon-fiction creativa\u00bb di oggi pu\u00f2 essere percepita come pi\u00f9 perturbante e azzardata, \u00e8 perch\u00e9 le opere appena elencate sono da tempo nel canone. All\u2019epoca in cui furono scritte erano azzardate anch\u2019esse, e comunque inetichettabili.<\/p>\n<h4><strong>Con ogni mezzo <em>necessario<\/em> [2014]<\/strong><\/h4>\n<p>La chiave \u00e8 proprio nel motto \u00abcon ogni mezzo necessario\u00bb. \u00abNecessario\u00bb esclude \u00absuperfluo\u00bb e \u00abfine a se stesso\u00bb. Necessario \u00e8 ogni mezzo che consenta alla narrazione di rimanere tale, senza sbordare e diventare un mero cut-up o una poltiglia di sintagmi. L\u2019ibridazione dev\u2019essere al servizio della storia che si vuole raccontare, deve porsi come obiettivi l\u2019efficacia, l\u2019empatia, la condivisione, e illuminare l\u2019esemplarit\u00e0 di una o pi\u00f9 vicende umane.<\/p>\n<h4><strong>L&#8217;essenza del progetto \u00e8 apparsa a met\u00e0 strada<\/strong><\/h4>\n<div id=\"attachment_56265\" style=\"width: 190px\" class=\"wp-caption alignright\"><img loading=\"lazy\" decoding=\"async\" aria-describedby=\"caption-attachment-56265\" class=\"wp-image-56265\" src=\"https:\/\/www.wumingfoundation.com\/giap\/wp-content\/uploads\/2024\/11\/immaginemovimento.jpeg\" alt=\"\" width=\"180\" height=\"243\" \/><p id=\"caption-attachment-56265\" class=\"wp-caption-text\">\u00abCi sono Lulu, la lampada, il coltello del pane, Jack lo squartatore&#8230;\u00bb<\/p><\/div>\n<p>Nel primo capitolo de <em>L&#8217;immagine-movimento. Cinema 1\u00a0<\/em>(Ubu Libri, 1984)\u00a0<strong>Gilles Deleuze<\/strong> scrive:<\/p>\n<blockquote><p>\u00abSi sa che le cose e le persone sono sempre costrette a nascondersi, sono sempre determinate a nascondersi quando cominciano. Come potrebbe essere diversamente? Esse sorgono in un insieme che ancora non le implicava, e devono evidenziare i caratteri comuni che conservano con l&#8217;insieme, per non essere rigettate. L&#8217;essenza di una cosa non appare mai all&#8217;inizio, ma in mezzo, nel corso del suo sviluppo, quando le sue forze sono consolidate. Questo Bergson lo sapeva meglio di ogni altro [&#8230;] Per esempio, diceva che la novit\u00e0 della vita non poteva apparire agli inizi, perch\u00e9 all&#8217;inizio la vita era assolutamente costretta a imitare la materia&#8230; Non \u00e8 forse la stessa cosa per il cinema? Il cinema ai suoi inizi non \u00e8 forse costretto a imitare la percezione naturale?\u00bb<\/p><\/blockquote>\n<p>Anche Quinto Tipo ha trovato la propria <em>personalit\u00e0<\/em> nel mezzo del cammino, quando, seguendo l&#8217;esempio dei titoli gi\u00e0 usciti, autori e autrici han deciso di correre pi\u00f9 rischi, premendo sul pedale dell&#8217;ibridazione. \u00c8 accaduto pi\u00f9 o meno da <em>Una cosa oscura, senza pregio<\/em> in avanti.<\/p>\n<h4><strong>Se proprio devo indicare un fior fiore<\/strong><\/h4>\n<p><img loading=\"lazy\" decoding=\"async\" class=\"alignright wp-image-44529\" src=\"https:\/\/www.wumingfoundation.com\/giap\/wp-content\/uploads\/2020\/06\/stradario_Hip_Hop_frontcover.jpg\" alt=\"Stradario Hip-Hop, uscito in Quinto Tipo nel 2020.\" width=\"200\" height=\"323\" \/>Il catalogo \u00e8 diseguale. C&#8217;\u00e8 qualche titolo prescindibile, non sarebbe giusto dire quale. Se sono prescindibili, \u00e8 responsabilit\u00e0 del direttore di collana.<\/p>\n<p>Ce ne sono poi altri che ho amato e sono di grande spessore ma non erano davvero UNO, non lo erano abbastanza o non lo sono pi\u00f9 per la sensibilit\u00e0 di oggi.<\/p>\n<p>Gli oggetti che rimangono <em>non identificat<\/em>i mi sembrano <em>Una cosa oscura, senza pregio<\/em> di <strong>Andrea Olivieri<\/strong>, <em>Pozzi<\/em> di <strong>Selene Pascarella<\/strong>, <em>Stradario Hip-Hop<\/em> di <strong>Nexus<\/strong>, <em>Senza titolo di viaggio<\/em> di <strong>Filo Sottile<\/strong>, <em>Se vi va bene bene se no seghe<\/em> di <strong>Valerio Minnella<\/strong> (con gli zampini del sottoscritto e di Filo Sottile) e <em>Gli automotivati<\/em> di <strong>Paolo La Valle<\/strong>.<\/p>\n<p>Un&#8217;operazione davvero azzardata \u00e8 stata la riedizione in forma di odierno UNO di un&#8217;opera che fu UNO ai suoi tempi, <em>Dynamite!<\/em> di <strong>Louis Adamic<\/strong>. Unico testo nella storia dell&#8217;editoria, a quanto mi risulta, a uscire simultaneamente in due collane. Infatti \u00e8 <a href=\"https:\/\/www.wumingfoundation.com\/giap\/2023\/11\/dynamite\/\">un libro double-face<\/a>.<\/p>\n<p>Aggiungo al novero\u00a0<em>Diario di zona<\/em>, che sempre rester\u00e0 nel mio cuore, <em>La farina dei partigiani<\/em> di <strong>Piero Purich<\/strong> e <strong>Andrej Marini<\/strong>, <em>La vita umana sul pianeta Terra<\/em> di <strong>Giuseppe Genna<\/strong>, <em>Le conseguenze del ritorno<\/em> di <strong>Luca Giunti<\/strong> e <em>La controfigura<\/em> di <strong>Luigi Lollini<\/strong>.<\/p>\n<p>Questi libri \u2013 dodici dei ventidue che sono usciti \u2013 formano la rosa che consiglio di odorare, e onorare, per prima.<\/p>\n<p>Tornando alla domanda cruciale: l&#8217;esperimento \u00e8 riuscito?<\/p>\n<p>Pensando agli intenti sbandierati all&#8217;inizio, la risposta \u00e8: in prevalenza no. Ma valutando titolo per titolo, mi viene da rispondere: spesso s\u00ec.<\/p>\n<h4><strong>La R di&#8230;<\/strong><\/h4>\n<p><img loading=\"lazy\" decoding=\"async\" class=\"alignright wp-image-56274\" src=\"https:\/\/www.wumingfoundation.com\/giap\/wp-content\/uploads\/2024\/11\/erre.png\" alt=\"La lettera R, con cui iniziava il testo di ogni bandella di Quinto Tipo\" width=\"200\" height=\"195\" srcset=\"https:\/\/www.wumingfoundation.com\/giap\/wp-content\/uploads\/2024\/11\/erre.png 432w, https:\/\/www.wumingfoundation.com\/giap\/wp-content\/uploads\/2024\/11\/erre-300x293.png 300w\" sizes=\"auto, (max-width: 200px) 100vw, 200px\" \/>Quinto Tipo era fatta anche di piccoli vezzi e messaggi subliminali. Oggi che ha chiuso, possiamo far notare che il testo di ogni bandella cominciava con la R. Una <em>contrainte<\/em> mantenuta fino all&#8217;ultimo con coerenza.<\/p>\n<p>\u00ab<strong>R<\/strong>accontare Torino e l&#8217;Italia dei nuovi anni 10 dal basso delle strade, coi piedi sui pedali, e da pi\u00f9 in basso ancora, dai seminterrati, dal buio delle cantine, dalle spelonche sotto l&#8217;asfalto dove si annidano<em> loro<\/em>.\u00bb (<em>Diario di zona<\/em>)<\/p>\n<p>\u00ab<strong>R<\/strong>\u00f3zsa. \u00c8 il cognome di Eduardo, non ancora trentenne dirigente del Partito socialista operaio magiaro, o meglio, della sua organizzazione giovanile. \u00c8 l\u2019anno 1988, l&#8217;Europa \u00e8 alla vigilia di sconvolgimenti epocali, ma pochi guardano l\u2019orizzonte e capiscono. Eduardo forse \u00e8 tra questi.\u00bb (<em>La controfigura<\/em>)<\/p>\n<p>\u00ab<strong>R<\/strong>icordiamo Louis Adamic soprattutto come l\u2019autore di un libro &#8220;di culto&#8221;, di quelli che \u00e8 facile fraintendere, che a maneggiarli scottano le dita, che incatenano i loro autori a immagini stereotipate: <em>Dynamite: The Story of Class Violence in America\u00bb <\/em>(<em>Una cosa oscura, senza pregio<\/em>)<\/p>\n<p>\u00ab<strong>R<\/strong>ap (o MCing), DJing, writing, breaking. Le &#8220;quattro discipline&#8221; dell\u2019hip-hop, secondo una nomenclatura affermatasi negli anni Ottanta.\u00a0Oggi ha ancora senso parlare di hip-hop?\u00a0E che cos\u2019\u00e8 l\u2019hip-hop?\u00bb (<em>Stradario Hip-Hop<\/em>)<\/p>\n<p>\u00ab<span class=\"s1\"><strong>R<\/strong>ivolta <i>nello stile<\/i>, non solo nel contenuto.\u00a0<\/span>Scrivendo di sabotaggi e scioperi selvaggi, delle sommosse di un proletariato multietnico e reietto, di repressione, uccisioni e racket, di cinquant&#8217;anni di guerra di classe negli Usa, Louis Adamic (1898-1951) non poteva adottare il punto di vista &#8220;obiettivo&#8221; del mitico &#8220;giornalismo anglosassone&#8221;. (<em>Dynamite!<\/em>)<\/p>\n<p>Perch\u00e9 quell&#8217;immancabile iniziale?<\/p>\n<p>C&#8217;\u00e8 chi ha detto che stava per \u00abRoberto\u00bb, ma \u00e8 una cazzata.<\/p>\n<p>L&#8217;avvio di Quinto Tipo fu coevo all&#8217;uscita de\u00a0<em>L&#8217;Armata dei Sonnambuli<\/em>. In quel romanzo, pronunciare o meno la R ha una certa importanza. \u00c8 la R di <em>R\u00e9volution<\/em>.<\/p>\n<h4><strong><em>The End <\/em>[7]<\/strong><\/h4>\n<div id=\"attachment_56313\" style=\"width: 210px\" class=\"wp-caption alignright\"><img loading=\"lazy\" decoding=\"async\" aria-describedby=\"caption-attachment-56313\" class=\"wp-image-56313\" src=\"https:\/\/www.wumingfoundation.com\/giap\/wp-content\/uploads\/2024\/11\/Pietro.jpeg\" alt=\"\" width=\"200\" height=\"200\" srcset=\"https:\/\/www.wumingfoundation.com\/giap\/wp-content\/uploads\/2024\/11\/Pietro.jpeg 800w, https:\/\/www.wumingfoundation.com\/giap\/wp-content\/uploads\/2024\/11\/Pietro-300x300.jpeg 300w, https:\/\/www.wumingfoundation.com\/giap\/wp-content\/uploads\/2024\/11\/Pietro-150x150.jpeg 150w, https:\/\/www.wumingfoundation.com\/giap\/wp-content\/uploads\/2024\/11\/Pietro-768x768.jpeg 768w\" sizes=\"auto, (max-width: 200px) 100vw, 200px\" \/><p id=\"caption-attachment-56313\" class=\"wp-caption-text\">Pietro De Vivo, condirettore di Quinto Tipo.<\/p><\/div>\n<p>Siamo al dunque, si chiude.<\/p>\n<p>Abbiamo chiuso a maggio, in realt\u00e0, ma il bilancio andava tratto nel decennale secco.<\/p>\n<p>Grazie a tutte le autrici e autori, e a tutte le persone che nel progetto hanno messo l&#8217;anima.<\/p>\n<p>Grazie a <strong>Giulio Calella<\/strong> e <strong>Salvatore Cannav\u00f2<\/strong>\u00a0per avermi offerto, a suo tempo, l&#8217;opportunit\u00e0;\u00a0a <strong>Pietro De Vivo<\/strong> per l&#8217;intenso lavoro fianco a fianco;\u00a0ad <strong>Alessio Melandri<\/strong> per le lisergiche copertine.<\/p>\n<p>Il lavoro con Alegre prosegue in altri modi. Dettagli a seguire.<\/p>\n<p>Naturalmente, i titoli pubblicati in questi anni continueranno a stare nel catalogo e verranno ristampati ogni qualvolta necessario.<\/p>\n<p>Per chi non ce li ha presenti: <strong><a href=\"https:\/\/edizionialegre.it\/catalogo\/?fwp_categories=quinto-tipo\">sono tutti qui<\/a><\/strong>.<\/p>\n<p>Buone scoperte, a chi vorr\u00e0 farle.<\/p>\n<div id=\"attachment_56275\" style=\"width: 210px\" class=\"wp-caption alignright\"><img loading=\"lazy\" decoding=\"async\" aria-describedby=\"caption-attachment-56275\" class=\"wp-image-56275\" src=\"https:\/\/www.wumingfoundation.com\/giap\/wp-content\/uploads\/2024\/11\/nico.jpeg\" alt=\"\" width=\"200\" height=\"150\" srcset=\"https:\/\/www.wumingfoundation.com\/giap\/wp-content\/uploads\/2024\/11\/nico.jpeg 1024w, https:\/\/www.wumingfoundation.com\/giap\/wp-content\/uploads\/2024\/11\/nico-300x225.jpeg 300w, https:\/\/www.wumingfoundation.com\/giap\/wp-content\/uploads\/2024\/11\/nico-768x576.jpeg 768w\" sizes=\"auto, (max-width: 200px) 100vw, 200px\" \/><p id=\"caption-attachment-56275\" class=\"wp-caption-text\">Nico (1938-1988)<\/p><\/div>\n<h6><span style=\"font-size: small;\"><strong>NOTE<\/strong><\/span><\/h6>\n<p><span style=\"font-size: small;\">1. In questi anni pi\u00f9 di un amico mi ha detto: \u00abmolti non parlano della collana per partito preso, perch\u00e9 gli sta sulle palle Wu Ming\u00bb. Mah. Ci sar\u00e0 del vero, ma penso che le vere ragioni siano altre.<\/span><br \/>\n<span style=\"font-size: small;\"><br \/>\n2. Un \u00abgrazie\u00bb non avrebbe fatto schifo, ma pazienza \ud83d\ude42.<\/span><br \/>\n<span style=\"font-size: small;\"><br \/>\n3. Va pure ricordato che il biennio del Covid ha colpito duro. Per via delle posizioni prese da Wu Ming sulla gestione dell&#8217;emergenza, alcuni autori di Quinto Tipo ci hanno sferrato attacchi o vi hanno partecipato, o comunque hanno scritto cose che abbiamo giudicato gravi, indegne. Noi siamo buoni e cari, ma c&#8217;\u00e8 gente con cui preferiamo non avere pi\u00f9 a che fare. Cos\u00ec va la vita.<\/span><br \/>\n<span style=\"font-size: small;\"><br \/>\n4. Anche <em>Gli uomini pesce<\/em> \u00e8 gi\u00e0 un romanzo. Non sarebbe scritto cos\u00ec se prima non mi fossi cimentato con gli UNO, ma \u00e8 gi\u00e0 un romanzo.<\/span><br \/>\n<span style=\"font-size: small;\"><br \/>\n5. Discussione che invece incontr\u00f2 mille ostacoli, perch\u00e9 subito partirono attacchi scomposti. La denigrazione prosegu\u00ec per anni, tanto che di quel memorandum non ho pi\u00f9 parlato.<\/span><br \/>\n<span style=\"font-size: small;\"><br \/>\n6. Citavo anche opere di autori che non stimo. Malaparte mi fa venire l&#8217;orticaria, ma un libro come <em>La pelle<\/em> \u00e8 senz&#8217;altro un UNO dei suoi tempi.<\/span><br \/>\n<span style=\"font-size: small;\"><br \/>\n7. Consigliata la versione di <strong>Nico<\/strong>, 1974.<\/span><\/p>\n","protected":false},"excerpt":{"rendered":"di Wu Ming 1 INDICE 1. A dieci anni da Diario di zona 2. In quanti radar sono entrati gli oggetti alieni? 3. Pu\u00f2 una collana diventare un collettivo? 4. Del non vedere l&#8217;insieme 5. ONNI soit qui mal y pense 6. Che cos&#8217;\u00e8 un UNO? 7. NIE wieder 8. Distruzione delle cornici 9. UNO [&hellip;]","protected":false},"author":1,"featured_media":56284,"comment_status":"open","ping_status":"open","sticky":false,"template":"","format":"standard","meta":{"footnotes":""},"categories":[6],"tags":[4811,2246,2222],"class_list":["post-56247","post","type-post","status-publish","format-standard","has-post-thumbnail","hentry","category-news-e-segnalazioni","tag-oggetto-narrativo-non-identificato","tag-quinto-tipo","tag-uno"],"yoast_head":"<!-- This site is optimized with the Yoast SEO plugin v27.5 - https:\/\/yoast.com\/product\/yoast-seo-wordpress\/ -->\n<title>Quinto tipo, un requiem (e autocritica sugli oggetti narrativi non-identificati)<\/title>\n<meta name=\"description\" content=\"Un bilancio su Quinto Tipo, collana diretta per dieci anni da Wu Ming 1 e Pietro De Vivo per le edizioni Alegre, e sugli UNO.\" \/>\n<meta name=\"robots\" content=\"index, follow, max-snippet:-1, max-image-preview:large, max-video-preview:-1\" \/>\n<link rel=\"canonical\" href=\"https:\/\/www.wumingfoundation.com\/giap\/2024\/11\/quinto-tipo-requiem\/\" \/>\n<meta property=\"og:locale\" content=\"it_IT\" \/>\n<meta property=\"og:type\" content=\"article\" \/>\n<meta property=\"og:title\" content=\"Quinto tipo, un requiem (e autocritica sugli oggetti narrativi non-identificati)\" \/>\n<meta property=\"og:description\" content=\"Un bilancio su Quinto Tipo, collana diretta per dieci anni da Wu Ming 1 e Pietro De Vivo per le edizioni Alegre, e sugli UNO.\" \/>\n<meta property=\"og:url\" content=\"https:\/\/www.wumingfoundation.com\/giap\/2024\/11\/quinto-tipo-requiem\/\" \/>\n<meta property=\"og:site_name\" content=\"Giap\" \/>\n<meta property=\"article:published_time\" content=\"2024-11-18T08:00:30+00:00\" \/>\n<meta property=\"article:modified_time\" content=\"2024-11-18T10:03:38+00:00\" \/>\n<meta property=\"og:image\" content=\"https:\/\/www.wumingfoundation.com\/giap\/wp-content\/uploads\/2024\/11\/collanaquintotipo.png\" \/>\n\t<meta property=\"og:image:width\" content=\"797\" \/>\n\t<meta property=\"og:image:height\" content=\"583\" \/>\n\t<meta property=\"og:image:type\" content=\"image\/png\" \/>\n<meta name=\"author\" content=\"Wu Ming\" \/>\n<meta name=\"twitter:card\" content=\"summary_large_image\" \/>\n<meta name=\"twitter:creator\" content=\"@Wu_Ming_Foundt\" \/>\n<meta name=\"twitter:site\" content=\"@Wu_Ming_Foundt\" \/>\n<meta name=\"twitter:label1\" content=\"Scritto da\" \/>\n\t<meta name=\"twitter:data1\" content=\"Wu Ming\" \/>\n\t<meta name=\"twitter:label2\" content=\"Tempo di lettura stimato\" \/>\n\t<meta name=\"twitter:data2\" content=\"18 minuti\" \/>\n<script type=\"application\/ld+json\" class=\"yoast-schema-graph\">{\"@context\":\"https:\\\/\\\/schema.org\",\"@graph\":[{\"@type\":\"Article\",\"@id\":\"https:\\\/\\\/www.wumingfoundation.com\\\/giap\\\/2024\\\/11\\\/quinto-tipo-requiem\\\/#article\",\"isPartOf\":{\"@id\":\"https:\\\/\\\/www.wumingfoundation.com\\\/giap\\\/2024\\\/11\\\/quinto-tipo-requiem\\\/\"},\"author\":{\"name\":\"Wu Ming\",\"@id\":\"https:\\\/\\\/www.wumingfoundation.com\\\/giap\\\/#\\\/schema\\\/person\\\/881b1c925aaf48fe6eb5c3970be4458f\"},\"headline\":\"La collana Quinto Tipo: un bilancio, un requiem e un&#8217;autocritica sul concetto di \u00aboggetto narrativo non identificato\u00bb\",\"datePublished\":\"2024-11-18T08:00:30+00:00\",\"dateModified\":\"2024-11-18T10:03:38+00:00\",\"mainEntityOfPage\":{\"@id\":\"https:\\\/\\\/www.wumingfoundation.com\\\/giap\\\/2024\\\/11\\\/quinto-tipo-requiem\\\/\"},\"wordCount\":2847,\"commentCount\":8,\"image\":{\"@id\":\"https:\\\/\\\/www.wumingfoundation.com\\\/giap\\\/2024\\\/11\\\/quinto-tipo-requiem\\\/#primaryimage\"},\"thumbnailUrl\":\"https:\\\/\\\/www.wumingfoundation.com\\\/giap\\\/wp-content\\\/uploads\\\/2024\\\/11\\\/collanaquintotipo.png\",\"keywords\":[\"oggetto narrativo non-identificato\",\"Quinto Tipo\",\"UNO\"],\"articleSection\":[\"Notizie\"],\"inLanguage\":\"it-IT\",\"potentialAction\":[{\"@type\":\"CommentAction\",\"name\":\"Comment\",\"target\":[\"https:\\\/\\\/www.wumingfoundation.com\\\/giap\\\/2024\\\/11\\\/quinto-tipo-requiem\\\/#respond\"]}]},{\"@type\":\"WebPage\",\"@id\":\"https:\\\/\\\/www.wumingfoundation.com\\\/giap\\\/2024\\\/11\\\/quinto-tipo-requiem\\\/\",\"url\":\"https:\\\/\\\/www.wumingfoundation.com\\\/giap\\\/2024\\\/11\\\/quinto-tipo-requiem\\\/\",\"name\":\"Quinto tipo, un requiem (e autocritica sugli oggetti narrativi non-identificati)\",\"isPartOf\":{\"@id\":\"https:\\\/\\\/www.wumingfoundation.com\\\/giap\\\/#website\"},\"primaryImageOfPage\":{\"@id\":\"https:\\\/\\\/www.wumingfoundation.com\\\/giap\\\/2024\\\/11\\\/quinto-tipo-requiem\\\/#primaryimage\"},\"image\":{\"@id\":\"https:\\\/\\\/www.wumingfoundation.com\\\/giap\\\/2024\\\/11\\\/quinto-tipo-requiem\\\/#primaryimage\"},\"thumbnailUrl\":\"https:\\\/\\\/www.wumingfoundation.com\\\/giap\\\/wp-content\\\/uploads\\\/2024\\\/11\\\/collanaquintotipo.png\",\"datePublished\":\"2024-11-18T08:00:30+00:00\",\"dateModified\":\"2024-11-18T10:03:38+00:00\",\"author\":{\"@id\":\"https:\\\/\\\/www.wumingfoundation.com\\\/giap\\\/#\\\/schema\\\/person\\\/881b1c925aaf48fe6eb5c3970be4458f\"},\"description\":\"Un bilancio su Quinto Tipo, collana diretta per dieci anni da Wu Ming 1 e Pietro De Vivo per le edizioni Alegre, e sugli UNO.\",\"breadcrumb\":{\"@id\":\"https:\\\/\\\/www.wumingfoundation.com\\\/giap\\\/2024\\\/11\\\/quinto-tipo-requiem\\\/#breadcrumb\"},\"inLanguage\":\"it-IT\",\"potentialAction\":[{\"@type\":\"ReadAction\",\"target\":[\"https:\\\/\\\/www.wumingfoundation.com\\\/giap\\\/2024\\\/11\\\/quinto-tipo-requiem\\\/\"]}]},{\"@type\":\"ImageObject\",\"inLanguage\":\"it-IT\",\"@id\":\"https:\\\/\\\/www.wumingfoundation.com\\\/giap\\\/2024\\\/11\\\/quinto-tipo-requiem\\\/#primaryimage\",\"url\":\"https:\\\/\\\/www.wumingfoundation.com\\\/giap\\\/wp-content\\\/uploads\\\/2024\\\/11\\\/collanaquintotipo.png\",\"contentUrl\":\"https:\\\/\\\/www.wumingfoundation.com\\\/giap\\\/wp-content\\\/uploads\\\/2024\\\/11\\\/collanaquintotipo.png\",\"width\":797,\"height\":583,\"caption\":\"titoli della collana Quinto Tipo\"},{\"@type\":\"BreadcrumbList\",\"@id\":\"https:\\\/\\\/www.wumingfoundation.com\\\/giap\\\/2024\\\/11\\\/quinto-tipo-requiem\\\/#breadcrumb\",\"itemListElement\":[{\"@type\":\"ListItem\",\"position\":1,\"name\":\"Home\",\"item\":\"https:\\\/\\\/www.wumingfoundation.com\\\/giap\\\/\"},{\"@type\":\"ListItem\",\"position\":2,\"name\":\"La collana Quinto Tipo: un bilancio, un requiem e un&#8217;autocritica sul concetto di \u00aboggetto narrativo non identificato\u00bb\"}]},{\"@type\":\"WebSite\",\"@id\":\"https:\\\/\\\/www.wumingfoundation.com\\\/giap\\\/#website\",\"url\":\"https:\\\/\\\/www.wumingfoundation.com\\\/giap\\\/\",\"name\":\"Giap\",\"description\":\"Il sito ufficiale di Wu Ming, collettivo di scrittori\",\"potentialAction\":[{\"@type\":\"SearchAction\",\"target\":{\"@type\":\"EntryPoint\",\"urlTemplate\":\"https:\\\/\\\/www.wumingfoundation.com\\\/giap\\\/?s={search_term_string}\"},\"query-input\":{\"@type\":\"PropertyValueSpecification\",\"valueRequired\":true,\"valueName\":\"search_term_string\"}}],\"inLanguage\":\"it-IT\"},{\"@type\":\"Person\",\"@id\":\"https:\\\/\\\/www.wumingfoundation.com\\\/giap\\\/#\\\/schema\\\/person\\\/881b1c925aaf48fe6eb5c3970be4458f\",\"name\":\"Wu Ming\",\"image\":{\"@type\":\"ImageObject\",\"inLanguage\":\"it-IT\",\"@id\":\"https:\\\/\\\/secure.gravatar.com\\\/avatar\\\/1f49001124f0d5b3aeb1d387dbd89e7b48de4c5c15539460ec1c154566c1723c?s=96&d=blank&r=g\",\"url\":\"https:\\\/\\\/secure.gravatar.com\\\/avatar\\\/1f49001124f0d5b3aeb1d387dbd89e7b48de4c5c15539460ec1c154566c1723c?s=96&d=blank&r=g\",\"contentUrl\":\"https:\\\/\\\/secure.gravatar.com\\\/avatar\\\/1f49001124f0d5b3aeb1d387dbd89e7b48de4c5c15539460ec1c154566c1723c?s=96&d=blank&r=g\",\"caption\":\"Wu Ming\"}}]}<\/script>\n<!-- \/ Yoast SEO plugin. -->","yoast_head_json":{"title":"Quinto tipo, un requiem (e autocritica sugli oggetti narrativi non-identificati)","description":"Un bilancio su Quinto Tipo, collana diretta per dieci anni da Wu Ming 1 e Pietro De Vivo per le edizioni Alegre, e sugli UNO.","robots":{"index":"index","follow":"follow","max-snippet":"max-snippet:-1","max-image-preview":"max-image-preview:large","max-video-preview":"max-video-preview:-1"},"canonical":"https:\/\/www.wumingfoundation.com\/giap\/2024\/11\/quinto-tipo-requiem\/","og_locale":"it_IT","og_type":"article","og_title":"Quinto tipo, un requiem (e autocritica sugli oggetti narrativi non-identificati)","og_description":"Un bilancio su Quinto Tipo, collana diretta per dieci anni da Wu Ming 1 e Pietro De Vivo per le edizioni Alegre, e sugli UNO.","og_url":"https:\/\/www.wumingfoundation.com\/giap\/2024\/11\/quinto-tipo-requiem\/","og_site_name":"Giap","article_published_time":"2024-11-18T08:00:30+00:00","article_modified_time":"2024-11-18T10:03:38+00:00","og_image":[{"width":797,"height":583,"url":"https:\/\/www.wumingfoundation.com\/giap\/wp-content\/uploads\/2024\/11\/collanaquintotipo.png","type":"image\/png"}],"author":"Wu Ming","twitter_card":"summary_large_image","twitter_creator":"@Wu_Ming_Foundt","twitter_site":"@Wu_Ming_Foundt","twitter_misc":{"Scritto da":"Wu Ming","Tempo di lettura stimato":"18 minuti"},"schema":{"@context":"https:\/\/schema.org","@graph":[{"@type":"Article","@id":"https:\/\/www.wumingfoundation.com\/giap\/2024\/11\/quinto-tipo-requiem\/#article","isPartOf":{"@id":"https:\/\/www.wumingfoundation.com\/giap\/2024\/11\/quinto-tipo-requiem\/"},"author":{"name":"Wu Ming","@id":"https:\/\/www.wumingfoundation.com\/giap\/#\/schema\/person\/881b1c925aaf48fe6eb5c3970be4458f"},"headline":"La collana Quinto Tipo: un bilancio, un requiem e un&#8217;autocritica sul concetto di \u00aboggetto narrativo non identificato\u00bb","datePublished":"2024-11-18T08:00:30+00:00","dateModified":"2024-11-18T10:03:38+00:00","mainEntityOfPage":{"@id":"https:\/\/www.wumingfoundation.com\/giap\/2024\/11\/quinto-tipo-requiem\/"},"wordCount":2847,"commentCount":8,"image":{"@id":"https:\/\/www.wumingfoundation.com\/giap\/2024\/11\/quinto-tipo-requiem\/#primaryimage"},"thumbnailUrl":"https:\/\/www.wumingfoundation.com\/giap\/wp-content\/uploads\/2024\/11\/collanaquintotipo.png","keywords":["oggetto narrativo non-identificato","Quinto Tipo","UNO"],"articleSection":["Notizie"],"inLanguage":"it-IT","potentialAction":[{"@type":"CommentAction","name":"Comment","target":["https:\/\/www.wumingfoundation.com\/giap\/2024\/11\/quinto-tipo-requiem\/#respond"]}]},{"@type":"WebPage","@id":"https:\/\/www.wumingfoundation.com\/giap\/2024\/11\/quinto-tipo-requiem\/","url":"https:\/\/www.wumingfoundation.com\/giap\/2024\/11\/quinto-tipo-requiem\/","name":"Quinto tipo, un requiem (e autocritica sugli oggetti narrativi non-identificati)","isPartOf":{"@id":"https:\/\/www.wumingfoundation.com\/giap\/#website"},"primaryImageOfPage":{"@id":"https:\/\/www.wumingfoundation.com\/giap\/2024\/11\/quinto-tipo-requiem\/#primaryimage"},"image":{"@id":"https:\/\/www.wumingfoundation.com\/giap\/2024\/11\/quinto-tipo-requiem\/#primaryimage"},"thumbnailUrl":"https:\/\/www.wumingfoundation.com\/giap\/wp-content\/uploads\/2024\/11\/collanaquintotipo.png","datePublished":"2024-11-18T08:00:30+00:00","dateModified":"2024-11-18T10:03:38+00:00","author":{"@id":"https:\/\/www.wumingfoundation.com\/giap\/#\/schema\/person\/881b1c925aaf48fe6eb5c3970be4458f"},"description":"Un bilancio su Quinto Tipo, collana diretta per dieci anni da Wu Ming 1 e Pietro De Vivo per le edizioni Alegre, e sugli UNO.","breadcrumb":{"@id":"https:\/\/www.wumingfoundation.com\/giap\/2024\/11\/quinto-tipo-requiem\/#breadcrumb"},"inLanguage":"it-IT","potentialAction":[{"@type":"ReadAction","target":["https:\/\/www.wumingfoundation.com\/giap\/2024\/11\/quinto-tipo-requiem\/"]}]},{"@type":"ImageObject","inLanguage":"it-IT","@id":"https:\/\/www.wumingfoundation.com\/giap\/2024\/11\/quinto-tipo-requiem\/#primaryimage","url":"https:\/\/www.wumingfoundation.com\/giap\/wp-content\/uploads\/2024\/11\/collanaquintotipo.png","contentUrl":"https:\/\/www.wumingfoundation.com\/giap\/wp-content\/uploads\/2024\/11\/collanaquintotipo.png","width":797,"height":583,"caption":"titoli della collana Quinto Tipo"},{"@type":"BreadcrumbList","@id":"https:\/\/www.wumingfoundation.com\/giap\/2024\/11\/quinto-tipo-requiem\/#breadcrumb","itemListElement":[{"@type":"ListItem","position":1,"name":"Home","item":"https:\/\/www.wumingfoundation.com\/giap\/"},{"@type":"ListItem","position":2,"name":"La collana Quinto Tipo: un bilancio, un requiem e un&#8217;autocritica sul concetto di \u00aboggetto narrativo non identificato\u00bb"}]},{"@type":"WebSite","@id":"https:\/\/www.wumingfoundation.com\/giap\/#website","url":"https:\/\/www.wumingfoundation.com\/giap\/","name":"Giap","description":"Il sito ufficiale di Wu Ming, collettivo di scrittori","potentialAction":[{"@type":"SearchAction","target":{"@type":"EntryPoint","urlTemplate":"https:\/\/www.wumingfoundation.com\/giap\/?s={search_term_string}"},"query-input":{"@type":"PropertyValueSpecification","valueRequired":true,"valueName":"search_term_string"}}],"inLanguage":"it-IT"},{"@type":"Person","@id":"https:\/\/www.wumingfoundation.com\/giap\/#\/schema\/person\/881b1c925aaf48fe6eb5c3970be4458f","name":"Wu Ming","image":{"@type":"ImageObject","inLanguage":"it-IT","@id":"https:\/\/secure.gravatar.com\/avatar\/1f49001124f0d5b3aeb1d387dbd89e7b48de4c5c15539460ec1c154566c1723c?s=96&d=blank&r=g","url":"https:\/\/secure.gravatar.com\/avatar\/1f49001124f0d5b3aeb1d387dbd89e7b48de4c5c15539460ec1c154566c1723c?s=96&d=blank&r=g","contentUrl":"https:\/\/secure.gravatar.com\/avatar\/1f49001124f0d5b3aeb1d387dbd89e7b48de4c5c15539460ec1c154566c1723c?s=96&d=blank&r=g","caption":"Wu Ming"}}]}},"_links":{"self":[{"href":"https:\/\/www.wumingfoundation.com\/giap\/wp-json\/wp\/v2\/posts\/56247","targetHints":{"allow":["GET"]}}],"collection":[{"href":"https:\/\/www.wumingfoundation.com\/giap\/wp-json\/wp\/v2\/posts"}],"about":[{"href":"https:\/\/www.wumingfoundation.com\/giap\/wp-json\/wp\/v2\/types\/post"}],"author":[{"embeddable":true,"href":"https:\/\/www.wumingfoundation.com\/giap\/wp-json\/wp\/v2\/users\/1"}],"replies":[{"embeddable":true,"href":"https:\/\/www.wumingfoundation.com\/giap\/wp-json\/wp\/v2\/comments?post=56247"}],"version-history":[{"count":7,"href":"https:\/\/www.wumingfoundation.com\/giap\/wp-json\/wp\/v2\/posts\/56247\/revisions"}],"predecessor-version":[{"id":56333,"href":"https:\/\/www.wumingfoundation.com\/giap\/wp-json\/wp\/v2\/posts\/56247\/revisions\/56333"}],"wp:featuredmedia":[{"embeddable":true,"href":"https:\/\/www.wumingfoundation.com\/giap\/wp-json\/wp\/v2\/media\/56284"}],"wp:attachment":[{"href":"https:\/\/www.wumingfoundation.com\/giap\/wp-json\/wp\/v2\/media?parent=56247"}],"wp:term":[{"taxonomy":"category","embeddable":true,"href":"https:\/\/www.wumingfoundation.com\/giap\/wp-json\/wp\/v2\/categories?post=56247"},{"taxonomy":"post_tag","embeddable":true,"href":"https:\/\/www.wumingfoundation.com\/giap\/wp-json\/wp\/v2\/tags?post=56247"}],"curies":[{"name":"wp","href":"https:\/\/api.w.org\/{rel}","templated":true}]}}