{"id":55525,"date":"2024-09-18T11:30:35","date_gmt":"2024-09-18T09:30:35","guid":{"rendered":"https:\/\/www.wumingfoundation.com\/giap\/?p=55525"},"modified":"2025-02-20T08:50:29","modified_gmt":"2025-02-20T07:50:29","slug":"gli-uomini-pesce-copertina-data-uscita-preordini","status":"publish","type":"post","link":"https:\/\/www.wumingfoundation.com\/giap\/2024\/09\/gli-uomini-pesce-copertina-data-uscita-preordini\/","title":{"rendered":"Gli uomini pesce: copertina, data d&#8217;uscita e preordini + Calendario degli appuntamenti di Wu Ming, settembre e ottobre 2024"},"content":{"rendered":"<div id=\"attachment_55527\" style=\"width: 710px\" class=\"wp-caption aligncenter\"><a href=\"https:\/\/www.wumingfoundation.com\/giap\/wp-content\/uploads\/2024\/09\/WM1_Gli_uomini_pesce_copertina_completa.pdf\"><img loading=\"lazy\" decoding=\"async\" aria-describedby=\"caption-attachment-55527\" class=\"wp-image-55527\" src=\"https:\/\/www.wumingfoundation.com\/giap\/wp-content\/uploads\/2024\/09\/uomini-pesce-cover-scaled.jpg\" alt=\"Gli uomini pesce, la copertina completa\" width=\"700\" height=\"1097\" srcset=\"https:\/\/www.wumingfoundation.com\/giap\/wp-content\/uploads\/2024\/09\/uomini-pesce-cover-scaled.jpg 1634w, https:\/\/www.wumingfoundation.com\/giap\/wp-content\/uploads\/2024\/09\/uomini-pesce-cover-191x300.jpg 191w, https:\/\/www.wumingfoundation.com\/giap\/wp-content\/uploads\/2024\/09\/uomini-pesce-cover-654x1024.jpg 654w, https:\/\/www.wumingfoundation.com\/giap\/wp-content\/uploads\/2024\/09\/uomini-pesce-cover-768x1203.jpg 768w\" sizes=\"auto, (max-width: 700px) 100vw, 700px\" \/><\/a><p id=\"caption-attachment-55527\" class=\"wp-caption-text\">La copertina degli\u00a0<em>Uomini pesce<\/em>, ideata e realizzata da <strong>Andrea Alberti<\/strong>. <br \/><strong>\u261d\ufe0f <\/strong>Guardala intera (pdf coi testi di quarta e bandelle).<\/p><\/div>\n<p>Abbiamo la data: <em>Gli uomini pesce<\/em> uscir\u00e0 il <strong>15 ottobre<\/strong>.\u00a0E da oggi si pu\u00f2 preordinare <a href=\"https:\/\/www.einaudi.it\/catalogo-libri\/narrativa-italiana\/narrativa-italiana-contemporanea\/gli-uomini-pesce-wu-ming-1-9788806251727\/\">nelle librerie online<\/a>.<\/p>\n<p><!--more--><\/p>\n<p>Noi, come sempre, invitiamo a sostenere le librerie <em>fisiche<\/em>, soprattutto quelle indipendenti, che sono baluardi di cultura, socialit\u00e0, biodiversit\u00e0 urbana. <a href=\"https:\/\/www.libridaasporto.it\/it\/\">Molte consegnano anche a domicilio<\/a>. Chiaro, in libreria \u00e8 pi\u00f9 bello <em>andarci<\/em>, ma le volte che non si riesce&#8230;<\/p>\n<p>Come ulteriore opzione, se nella tua zona ne esiste uno, consigliamo un <a href=\"https:\/\/www.einaudi.it\/punto-einaudi\/\">punto Einaudi<\/a>.<\/p>\n<p>Dove non ci sono librerie indipendenti n\u00e9 punti Einaudi, vanno bene le librerie pi\u00f9 commerciali, &#8220;di catena&#8221;. Sono luoghi fisici, dove le persone si incrociano, i libri si soppesano e si sfogliano e si mette in gioco <em>il corpo<\/em>.<\/p>\n<p>Dove non c&#8217;\u00e8 niente di tutto questo, si pu\u00f2 solo comprare on line. Ma anche l&#8217;ecosistema delle vendite di libri on line \u00e8 pi\u00f9 variegato di quanto sembri. Un esempio \u00e8\u00a0<a href=\"https:\/\/www.bookdealer.it\/libro\/9788806251727\/gli-uomini-pesce\">Bookdealer<\/a>.<\/p>\n<p>In ogni caso, chi preordina\u00a0<em>Gli uomini pesce<\/em>, ovunque e in qualunque modo lo faccia, d\u00e0 una mano alla casa editrice, d\u00e0 una mano al libro e d\u00e0 una mano a noi.<\/p>\n<h4><strong><em>Gli uomini pesce<\/em> in tour<\/strong><\/h4>\n<p>Tra l&#8217;uscita in libreria e l&#8217;ora di mettersi in strada \u2013 quasi sempre strada <em>ferrata<\/em> \u2013 passeranno le consuete due settimane.<\/p>\n<p>\u00c8 un intervallo che ci piace coltivare: le prime lettrici e lettori hanno tempo di entrare a fondo nel libro, si comincia a discuterne, si avvia il passaparola&#8230;<\/p>\n<p>Il tour partir\u00e0 dunque il <strong>31 ottobre<\/strong>, e durer\u00e0 almeno fino a giugno.<\/p>\n<p>Sono arrivati parecchi inviti, tanto che novembre, dicembre e gennaio sono pieni. Possiamo accettare nuove proposte solo da febbraio in avanti, ma c&#8217;\u00e8 ancora un po&#8217; di spazio per eventi vicino a casa, nei pressi di Bologna e Ferrara.<\/p>\n<p>A ottobre pubblicheremo il calendario delle date del 2024. Questi i luoghi in cui andremo: <strong>Bologna<\/strong> e provincia, <strong>Brescia<\/strong> e la <strong>Val Camonica<\/strong>, <strong>Casale Monferrato<\/strong> (AL), <strong>Fano<\/strong> (PU), <strong>Ferrara<\/strong>, <strong>Formignana<\/strong> (FE),\u00a0<strong>Macerata<\/strong>, <strong>Padova<\/strong>, <strong>Pavia<\/strong>, <strong>Reggio Emilia<\/strong>,\u00a0<strong>Roma<\/strong>,\u00a0<strong>Torino<\/strong> e la <strong>Val di Susa<\/strong>, <strong>Venezia <\/strong>e\u00a0<strong>Villadose<\/strong> (RO).<\/p>\n<p>Ci teniamo a dire subito che nella sua seconda tranche il tour andr\u00e0 anche a sud: abbiamo gi\u00e0 date in Campania e in Puglia, altre proposte certamente arriveranno.<\/p>\n<h4><strong>Nel frattempo&#8230;<\/strong><\/h4>\n<p><img loading=\"lazy\" decoding=\"async\" class=\"alignright wp-image-54602\" src=\"https:\/\/www.wumingfoundation.com\/giap\/wp-content\/uploads\/2024\/04\/bandahood.jpeg\" alt=\"La vera storia della Banda Hood\" width=\"200\" height=\"283\" srcset=\"https:\/\/www.wumingfoundation.com\/giap\/wp-content\/uploads\/2024\/04\/bandahood.jpeg 250w, https:\/\/www.wumingfoundation.com\/giap\/wp-content\/uploads\/2024\/04\/bandahood-212x300.jpeg 212w\" sizes=\"auto, (max-width: 200px) 100vw, 200px\" \/>&#8230;seconda ristampa in cinque mesi per <em>La vera storia della Banda Hood<\/em>. Grazie a tutte e tutti per il passaparola.<\/p>\n<p>Gi\u00e0 che ci siamo, segnaliamo <a href=\"https:\/\/operavivamagazine.org\/la-banda-contro-leroe\/\">la recensione<\/a>\u00a0da poco apparsa su <em>OperaViva Magazine<\/em>, a firma di <strong>Francesco Festa<\/strong>.<\/p>\n<p>Eccone uno stralcio:<\/p>\n<blockquote><p>\u00abWu Ming 4 dissipa ogni illusione, non si presta a realizzare un ulteriore surrogato di un personaggio assai poco attinente alla realt\u00e0 storica, n\u00e9 tantomeno alla leggenda. Un campo semantico ove si muove con destrezza [&#8230;] Niente di nuovo per lui. \u00c8 in <i>Q<\/i> di Luther Blissett (primo collettivo confluito poi in Wu Ming) e nella letteratura medievale di Tolkien [&#8230;]\u00a0che il nostro scrittore fa il suo apprendistato a questo tipo di scrittura. Infatti, nella lettura della <em>Banda Hood<\/em>, vi sono alcuni passaggi in cui sembrano riecheggiare le pagine pi\u00f9 atroci e crude di <i>Q<\/i>, quelle in cui le battaglie ad ogni giro della storia aumentano la posta della violenza\u00bb.<\/p><\/blockquote>\n<h4><strong>Appuntamenti di settembre e ottobre 2024<\/strong><\/h4>\n<p>Sabato 21 settembre<strong><br \/>\nDOZZA IMOLESE (BO)<\/strong><br \/>\n<strong>Wu Ming 4<\/strong> e <strong>Roberto Arduini<\/strong> presentano la rivista<br \/>\n<a href=\"https:\/\/www.jrrtolkien.it\/2024\/08\/02\/vanno-in-stampa-i-quaderni-di-arda-n-4\/\">\u00abI Quaderni di Arda\u00bb, volume IV<\/a><br \/>\nh. 15, Tana del Drago<br \/>\nNell&#8217;ambito di <a href=\"https:\/\/www.fantastikadozza.com\/\">FantastikA<\/a>.<br \/>\n<span style=\"color: #ffffff;\">&#8211;<\/span><\/p>\n<p>Domenica 22 settembre<br \/>\n<strong>DOZZA IMOLESE (BO)<\/strong><br \/>\n\u00a7 Wu Ming 4 ed <strong>Emanuele Vietina<\/strong> presentano<br \/>\n<a href=\"https:\/\/www.wumingfoundation.com\/giap\/2024\/07\/lo-hobbit-nuova-traduzione-wu-ming-4\/\">la nuova traduzione dello <\/a><em>Hobbit<br \/>\n<\/em>con letture di <strong>Riccardo Ricobello<\/strong><br \/>\nh. 14:30, Teatro comunale<br \/>\n\u00a7\u00a0<em>Parole dipinte<\/em><br \/>\nDialogo con Gollum a partire da un ritratto<br \/>\ndell&#8217;illustratore <strong>Ivan Cavini<\/strong>.\u00a0con <strong>Wu Ming 4<\/strong>.<br \/>\nh.17:30, Teatro comunale<br \/>\nNell&#8217;ambito di <a href=\"https:\/\/www.fantastikadozza.com\/\">FantastikA<\/a>.<br \/>\n<span style=\"color: #ffffff;\">&#8211;<\/span><\/p>\n<p>Mercoled\u00ec 25 settembre<br \/>\n<strong>BOLOGNA<\/strong><br \/>\n\u00abChe cos&#8217;\u00e8 un autore? Creare con le intelligenze artificiali generative\u00bb<br \/>\nTavola rotonda con <strong>Wu Ming 2<\/strong>, <strong>Giovanni Leghissa<\/strong>,<br \/>\n<strong>Maurizio Lana<\/strong>, <strong>Francesco D&#8217;Isa<\/strong>, <strong>Roberto Fassone<\/strong>, <strong>Kamilla Kard<\/strong>.<br \/>\nModera: <strong>Pierdomenico Memeo<\/strong>.<br \/>\nh. 15.30, Auditorium Biagi, Biblioteca Sala Borsa<br \/>\nPiazza del Nettuno, 3<br \/>\nIngresso libero, \u00e8 meglio comunque prenotare\u00a0<a class=\"\" href=\"https:\/\/eventi.cineca.it\/en\/node\/3660\/register\" target=\"_blank\" rel=\"noreferrer nofollow noopener\"><strong>qui<\/strong><\/a>.<br \/>\nNell&#8217;ambito della rassegna <a class=\"\" href=\"https:\/\/sineglossa.it\/news\/the-next-real-arte-e-intelligenza-artificiale-a-bologna\/\" target=\"_blank\" rel=\"noreferrer nofollow noopener\">The Next Real<\/a>.<br \/>\n<span style=\"color: #ffffff;\">&#8211;<\/span><\/p>\n<p>Venerd\u00ec 27 settembre<br \/>\n<strong>BOLOGNA<\/strong><br \/>\n<span class=\"\"><a class=\"\" href=\"https:\/\/www.eksetra.net\/on-line-i-racconti-del-laboratorio-2024-la-presentazione-il-27-9-a-bologna\/\" target=\"_blank\" rel=\"noreferrer nofollow noopener\"><i class=\"\">Ponti che dividono<\/i><\/a><\/span><br \/>\nI racconti del Laboratorio di scrittura meticcia dell\u2019Universit\u00e0 di Bologna<br \/>\n(Undicesima edizione)<br \/>\nPresentati da <strong>Wu Ming 2<\/strong>, <strong>Filippo Milani<\/strong>, <strong>Fulvio Pezzarossa<\/strong><br \/>\nLetti a pi\u00f9 voci dai gruppi che li hanno scritti a pi\u00f9 mani.<br \/>\nh. 18, Libreria Modo Infoshop<br \/>\nVia Mascarella, 24b<br \/>\nNell&#8217;ambito del <a class=\"\" href=\"https:\/\/www.festivalitaca.net\/portfolio-articoli\/it-a-ca-bologna-6\/\" target=\"_blank\" rel=\"noreferrer nofollow noopener\">festival Itac\u00e0 &#8211; Bologna<\/a><br \/>\n<span style=\"color: #ffffff;\">&#8211;<\/span><\/p>\n<h4><strong>Ottobre<\/strong><\/h4>\n<p><img loading=\"lazy\" decoding=\"async\" class=\"alignright wp-image-55613 size-full\" src=\"https:\/\/www.wumingfoundation.com\/giap\/wp-content\/uploads\/2024\/09\/automotivati_QT22_COVER_200px.jpg\" alt=\"Gli automotivati, di Paolo La Valle\" width=\"200\" height=\"323\" srcset=\"https:\/\/www.wumingfoundation.com\/giap\/wp-content\/uploads\/2024\/09\/automotivati_QT22_COVER_200px.jpg 200w, https:\/\/www.wumingfoundation.com\/giap\/wp-content\/uploads\/2024\/09\/automotivati_QT22_COVER_200px-186x300.jpg 186w\" sizes=\"auto, (max-width: 200px) 100vw, 200px\" \/>Venerd\u00ec 4 ottobre<br \/>\n<strong>REGGIO EMILIA<\/strong><br \/>\n<strong>Paolo La Valle<\/strong> presenta il suo libro<br \/>\n<em><a href=\"https:\/\/www.wumingfoundation.com\/giap\/2024\/05\/gli-automotivati\/\">Gli automotivati. La love story tra scuola e motori<\/a><br \/>\n<\/em>Ultimo titolo della collana Quinto Tipo diretta da Wu Ming 1<br \/>\nper le Edizioni Alegre.<br \/>\nh. 19 aperivo<br \/>\nh. 20 presentazione<br \/>\nCircolo Arci Villaggio Stranieri<br \/>\nvia don Luigi Sturzo 1<br \/>\ncon l&#8217;Edicola Volante Sciame di Casa Bettola<br \/>\ne il Comitato <a href=\"http:\/\/www.salviamoilpaesaggio.it\/blog\/2024\/08\/salviamo-il-bosco-ospizio-di-reggio-emilia\/\">Salviamo il Bosco Ospizio<\/a>.<br \/>\n<strong>N.B.<\/strong> Cogliamo l&#8217;occasione per segnalare le recensioni<br \/>\napparse su <a href=\"https:\/\/ilmanifesto.it\/se-le-macchine-piegano-il-sapere-al-capitalismo-industriale\">Il manifesto<\/a>, <a href=\"https:\/\/www.wumingfoundation.com\/giap\/wp-content\/uploads\/2024\/09\/le-monde-diplomatique-di-luglio-2024-22.pdf\">Le Monde diplomatique<\/a> (pdf)<br \/>\ne\u00a0<a href=\"https:\/\/www.iltascabile.com\/recensioni\/gli-automotivati-di-paolo-la-valle\/\"><em>Il Tascabile<\/em><\/a>, la rivista online della Treccani.<br \/>\n<span style=\"color: #ffffff;\">&#8211;<\/span><\/p>\n<p>Gioved\u00ec 10 ottobre<br \/>\n<strong>BOLOGNA<\/strong><br \/>\nPresentazione del romanzo di <strong>Francesco Vietti<\/strong><br \/>\n<span class=\"\"><a class=\"\" href=\"https:\/\/gliuominidagliocchicolorati.blogspot.com\/\" target=\"_blank\" rel=\"noreferrer nofollow noopener\"><i class=\"\">Semuren<\/i><\/a><\/span><br \/>\nCon l&#8217;autore,<strong> Pierluigi Musar\u00f2<\/strong> e <strong>Wu Ming 2<\/strong><br \/>\nLibreria Modo Infoshop<br \/>\nvia Mascarella, 24b<br \/>\nNell&#8217;ambito del festival Itac\u00e0.<br \/>\n<span style=\"color: #ffffff;\">&#8211;<\/span><\/p>\n<p>Gioved\u00ec 10 ottobre<br \/>\n<strong>CAGLIARI<\/strong><br \/>\nh.19, Wu Ming 4 presenta<br \/>\n<em>La vera storia della banda Hood<\/em><br \/>\ncon <strong>Tommaso De Lorenzis<\/strong><br \/>\nh. 22:15, letture dal romanzo<br \/>\ncon <strong>Tiziana Martucci<\/strong>,<strong> Fabrizio Lai<\/strong>, <strong>Angus Bit<\/strong> e <strong>Simone Soro<\/strong>.<br \/>\nBastione di Saint Remy<br \/>\nNell&#8217;ambito di <a href=\"https:\/\/www.marinacafenoir.it\/\">Marina Caf\u00e9 Noir<\/a>.<br \/>\n<span style=\"color: #ffffff;\">&#8211;<\/span><\/p>\n<p>Sabato 12 ottobre<br \/>\n<strong>BOLOGNA<\/strong><br \/>\nPresentazione del romanzo di <strong>Paolo \u00abSpillaman\u00bb Ferrandi<\/strong><br \/>\n<a href=\"https:\/\/www.ilcalamaroedizioni.com\/catalogo\"><em>Soave Sangue Silente Langue. Strane presenze a Monte Sole<\/em><\/a><br \/>\n(Calamaro, Bologna 2024)<br \/>\ncon l&#8217;autore, l&#8217;editore <strong>Riccardo Fiore<\/strong> e <strong>Wu Ming 1<\/strong><br \/>\nLetture di <b>Marco Manfredi<\/b>.<br \/>\nh.12 (\u00e8 una <em>matin\u00e9e<\/em>), Modo Infoshop<br \/>\nvia Mascarella, 24b<br \/>\n<strong>N.B.<\/strong>, anzi,\u00a0<strong>Pssst&#8230;<\/strong> C&#8217;entra anche <em>Gli uomini pesce<\/em>, ma non<br \/>\npossiamo ancora dire come.<br \/>\n<span style=\"color: #ffffff;\">&#8211;<\/span><br \/>\n<span style=\"color: #ffffff;\">&#8211;<\/span><br \/>\nMarted\u00ec 15 ottobre<br \/>\n<strong>TUTTA ITALIA<\/strong><br \/>\nArriva in libreria <em><a href=\"https:\/\/www.einaudi.it\/catalogo-libri\/narrativa-italiana\/narrativa-italiana-contemporanea\/gli-uomini-pesce-wu-ming-1-9788806251727\/\">Gli uomini pesce<\/a>.<\/em><br \/>\n<span style=\"color: #ffffff;\">&#8211;<\/span><\/p>\n<p>Venerd\u00ec 18 ottobre<br \/>\n<strong>MILANO<\/strong><br \/>\nWu Ming 4 presenta<br \/>\n<em>La vera storia della Banda Hood<\/em><br \/>\nh. 19, Jodok<br \/>\nvia Ippocrate 45<br \/>\nin dialogo con<strong> Jacopo Perazzoli<\/strong> e <strong>Lorenzo De Sabbata<\/strong>.<br \/>\nLetture di<strong> Marco Manfredi<\/strong>.<br \/>\nA cura della libreria Alaska.<br \/>\n<span style=\"color: #ffffff;\">&#8211;<\/span><\/p>\n<p>Venerd\u00ec 18 ottobre<br \/>\n<strong>BOLOGNA<\/strong><br \/>\nPresentazione del nuovo documentario<br \/>\ndel collettivo <strong>Boschilla<\/strong><br \/>\n<span class=\"\"><a class=\"\" href=\"https:\/\/tiranafilmfest.org\/films\/pasturismo\/\" target=\"_blank\" rel=\"noreferrer nofollow noopener\"><i class=\"\">Pasturismo<\/i><\/a><\/span><br \/>\ncon Boschilla e <strong>Wu Ming 2<\/strong><br \/>\nh.16, Cinema Lumi\u00e8re<br \/>\n(Sala Mastroianni)<br \/>\nPiazzetta Pier Paolo Pasolini<br \/>\ningresso via Azzogardino 65.<br \/>\nNell&#8217;ambito del festival <a href=\"https:\/\/back.weworld.it\/uploads\/2024\/10\/WW-Festival24Bolo-Programma_web.pdf\" target=\"_blank\" rel=\"noopener\">WeWorld<\/a>.<br \/>\n<span style=\"color: #ffffff;\">&#8211;<\/span><\/p>\n<p>Gioved\u00ec 24 ottobre<br \/>\n<strong>ROMA<\/strong><br \/>\nIntervento di <strong>Wu Ming 4<\/strong> all&#8217;incontro<br \/>\n<a href=\"https:\/\/www.goethe.de\/ins\/it\/it\/sta\/rom\/ver.cfm?event_id=25884612\">Vogliamo tutto. Gli anni Settanta in Italia e Germania.<br \/>\nUtopie, disillusioni e conquiste<\/a><br \/>\nh.15:30, Auditorium del Goethe Institut<br \/>\nvia Savoia 15.<br \/>\nIngresso gratuito fino a esaurimento posti.<br \/>\n<span style=\"color: #ffffff;\">&#8211;<\/span><\/p>\n<p>Gioved\u00ec 31 ottobre<br \/>\n<strong>FERRARA<\/strong><br \/>\nComincia il tour degli\u00a0<em>Uomini pesce<\/em>.<br \/>\nWM1 in dialogo con lo scrittore <strong>Marco Belli<\/strong><br \/>\nLetture di <strong>Marco Manfredi<\/strong><br \/>\nh.21, Sala macchine<br \/>\nFactory Gris\u00f9, via Mario Poledrelli 21.<\/p>\n","protected":false},"excerpt":{"rendered":"Abbiamo la data: Gli uomini pesce uscir\u00e0 il 15 ottobre.\u00a0E da oggi si pu\u00f2 preordinare nelle librerie online.","protected":false},"author":1,"featured_media":55528,"comment_status":"open","ping_status":"open","sticky":false,"template":"","format":"standard","meta":{"footnotes":""},"categories":[4,6],"tags":[1244,4799,4807],"class_list":["post-55525","post","type-post","status-publish","format-standard","has-post-thumbnail","hentry","category-recensioni","category-news-e-segnalazioni","tag-delta-del-po","tag-gli-uomini-pesce","tag-uomini-pesce"],"_links":{"self":[{"href":"https:\/\/www.wumingfoundation.com\/giap\/wp-json\/wp\/v2\/posts\/55525","targetHints":{"allow":["GET"]}}],"collection":[{"href":"https:\/\/www.wumingfoundation.com\/giap\/wp-json\/wp\/v2\/posts"}],"about":[{"href":"https:\/\/www.wumingfoundation.com\/giap\/wp-json\/wp\/v2\/types\/post"}],"author":[{"embeddable":true,"href":"https:\/\/www.wumingfoundation.com\/giap\/wp-json\/wp\/v2\/users\/1"}],"replies":[{"embeddable":true,"href":"https:\/\/www.wumingfoundation.com\/giap\/wp-json\/wp\/v2\/comments?post=55525"}],"version-history":[{"count":6,"href":"https:\/\/www.wumingfoundation.com\/giap\/wp-json\/wp\/v2\/posts\/55525\/revisions"}],"predecessor-version":[{"id":55954,"href":"https:\/\/www.wumingfoundation.com\/giap\/wp-json\/wp\/v2\/posts\/55525\/revisions\/55954"}],"wp:featuredmedia":[{"embeddable":true,"href":"https:\/\/www.wumingfoundation.com\/giap\/wp-json\/wp\/v2\/media\/55528"}],"wp:attachment":[{"href":"https:\/\/www.wumingfoundation.com\/giap\/wp-json\/wp\/v2\/media?parent=55525"}],"wp:term":[{"taxonomy":"category","embeddable":true,"href":"https:\/\/www.wumingfoundation.com\/giap\/wp-json\/wp\/v2\/categories?post=55525"},{"taxonomy":"post_tag","embeddable":true,"href":"https:\/\/www.wumingfoundation.com\/giap\/wp-json\/wp\/v2\/tags?post=55525"}],"curies":[{"name":"wp","href":"https:\/\/api.w.org\/{rel}","templated":true}]}}