{"id":55331,"date":"2024-07-29T08:40:48","date_gmt":"2024-07-29T06:40:48","guid":{"rendered":"https:\/\/www.wumingfoundation.com\/giap\/?p=55331"},"modified":"2025-05-21T12:21:12","modified_gmt":"2025-05-21T10:21:12","slug":"parco-don-bosco-e-anticipazioni-settembre-2024","status":"publish","type":"post","link":"https:\/\/www.wumingfoundation.com\/giap\/2024\/07\/parco-don-bosco-e-anticipazioni-settembre-2024\/","title":{"rendered":"Della vittoria al parco don Bosco + Anticipazioni sulla rentr\u00e9e di settembre: Gli uomini pesce, Wu Ming a Berlino, FantastikA e altro"},"content":{"rendered":"<div id=\"attachment_55339\" style=\"width: 710px\" class=\"wp-caption aligncenter\"><a href=\"https:\/\/www.wumingfoundation.com\/images\/pesci_Andrea_Alberti.png\"><img loading=\"lazy\" decoding=\"async\" aria-describedby=\"caption-attachment-55339\" class=\"wp-image-55339\" src=\"https:\/\/www.wumingfoundation.com\/giap\/wp-content\/uploads\/2024\/07\/pesci.png\" alt=\"\" width=\"700\" height=\"675\" srcset=\"https:\/\/www.wumingfoundation.com\/giap\/wp-content\/uploads\/2024\/07\/pesci.png 807w, https:\/\/www.wumingfoundation.com\/giap\/wp-content\/uploads\/2024\/07\/pesci-300x289.png 300w, https:\/\/www.wumingfoundation.com\/giap\/wp-content\/uploads\/2024\/07\/pesci-768x740.png 768w\" sizes=\"auto, (max-width: 700px) 100vw, 700px\" \/><\/a><p id=\"caption-attachment-55339\" class=\"wp-caption-text\">Un disegno di <strong>Andrea Alberti<\/strong> ispirato al romanzo di Wu Ming 1 <em>Gli uomini pesce<\/em>, in uscita a ottobre 2024.<\/p><\/div>\n<h5><strong>INDICE<\/strong><br \/>\n<strong>1. Necessaria e lieta premessa<\/strong><br \/>\n<strong>2. <a href=\"https:\/\/www.wumingfoundation.com\/giap\/2024\/07\/parco-don-bosco-e-anticipazioni-settembre-2024\/#2\">Rottura delle righe e rentr\u00e9e<\/a><\/strong><br \/>\n<strong>3. <a href=\"https:\/\/www.wumingfoundation.com\/giap\/2024\/07\/parco-don-bosco-e-anticipazioni-settembre-2024\/#3\"><em>Gli uomini pesce<\/em><\/a><\/strong><br \/>\n<strong>4. <a href=\"https:\/\/www.wumingfoundation.com\/giap\/2024\/07\/parco-don-bosco-e-anticipazioni-settembre-2024\/#4\">Wu Ming a Berlino con <em>Ufo 78<\/em><\/a><\/strong><br \/>\n<strong>5. <a href=\"https:\/\/www.wumingfoundation.com\/giap\/2024\/07\/parco-don-bosco-e-anticipazioni-settembre-2024\/#5\"><em>La vera storia della banda Hood<\/em><\/a><\/strong><br \/>\n<strong>6. <a href=\"https:\/\/www.wumingfoundation.com\/giap\/2024\/07\/parco-don-bosco-e-anticipazioni-settembre-2024\/#6\">FantastikA 2024<\/a><\/strong><\/h5>\n<h4><strong>Necessaria e lieta premessa <\/strong><\/h4>\n<p>Stavamo impostando quest&#8217;articolo quando abbiamo ricevuto la buona novella: la giunta comunale di Bologna ha fatto dietrofront, non abbatter\u00e0 pi\u00f9 decine di alberi del parco don Bosco per portare avanti un progetto di edilizia scolastica da pi\u00f9 parti ritenuto insensato.<\/p>\n<p>Le tante persone che da mesi presidiano il parco hanno vinto. \u00c8 la dimostrazione che i cantieri si possono fermare, che il suolo si pu\u00f2 difendere, che il motto operaio \u00abresistere un minuto pi\u00f9 del padrone\u00bb \u00e8 ancora valido e ben si adatta alle vertenze di oggi. La partecipazione reale dal basso pu\u00f2 sconfiggere quella simulata e pilotata dall&#8217;alto. Il futuro non \u00e8 scritto e la lotta paga.<!--more--><\/p>\n<div id=\"attachment_55344\" style=\"width: 210px\" class=\"wp-caption alignright\"><img loading=\"lazy\" decoding=\"async\" aria-describedby=\"caption-attachment-55344\" class=\"wp-image-55344\" src=\"https:\/\/www.wumingfoundation.com\/giap\/wp-content\/uploads\/2024\/07\/depascale.png\" alt=\"\" width=\"200\" height=\"194\" srcset=\"https:\/\/www.wumingfoundation.com\/giap\/wp-content\/uploads\/2024\/07\/depascale.png 376w, https:\/\/www.wumingfoundation.com\/giap\/wp-content\/uploads\/2024\/07\/depascale-300x291.png 300w\" sizes=\"auto, (max-width: 200px) 100vw, 200px\" \/><p id=\"caption-attachment-55344\" class=\"wp-caption-text\">Michele De Pascale<\/p><\/div>\n<p>Ci pensi sopra il sedicente &#8220;campo largo&#8221;, che ha scelto di candidare come prossimo presidente della regione\u00a0<strong>Michele De Pascale<\/strong>.<\/p>\n<p>Renziano rimasto nel PD, De Pascale \u00e8 un accanito alfiere della cementificazione, delle GODII \u2013 Grandi opere dannose, inutili e imposte \u2013 e dei combustibili fossili.<\/p>\n<p>Dal 2016 De Pascale \u00e8 sindaco di <strong>Ravenna<\/strong> e presidente di quella provincia, ergo \u00e8 il principale responsabile politico del consumo di suolo record che devasta quel territorio, il pi\u00f9 impermeabilizzato della quarta regione pi\u00f9 impermeabilizzata d&#8217;Italia. Una realt\u00e0 che il nostro si \u00e8 pi\u00f9 volte impegnato a tener fuori dal dibattito pubblico, ricorrendo anche a surreali diversivi. Come quando, nel pieno delle alluvioni del maggio 2023, cerc\u00f2 di incolpare del disastro le nutrie e non ben identificati \u00abambientalisti\u00bb. Lo abbiamo raccontato <a href=\"https:\/\/www.internazionale.it\/reportage\/wu-ming-1\/2023\/12\/13\/fantasie-complotto-clima\">qui<\/a>.<\/p>\n<p>Ovviamente, De Pascale \u00e8 un alacre supporter dell&#8217;installazione del rigassificatore SNAM \u2013 e della megadiga larga novecento metri che dovrebbe servire a proteggerlo dalle mareggiate \u2013 di fronte alla costa ravennate. Del resto, da molti anni la citt\u00e0 \u00e8 praticamente in mano a ENI e in generale alle lobby del fossile.<\/p>\n<p>\u00c8 lapalissiano: grazie anche alla copertura &#8220;da sinistra&#8221; e &#8220;green&#8221; di certe sigle di contorno e <a href=\"http:\/\/www.ravennaincomune.it\/wp\/2024\/07\/20\/civette-pseudo-civiche\/\">liste civ&#8230;etta<\/a>, si persegue la totale\u00a0<em>continuit\u00e0<\/em> con le politiche bonacciniane \u2013 ben riepilogate <a href=\"http:\/\/www.ravennaincomune.it\/wp\/2024\/07\/15\/bon-voyage-la-ou-tu-vas\/\">qui<\/a> \u2013 e di sempre.<\/p>\n<p>Non solo per capirlo non serve un indovino, ma\u00a0<a href=\"https:\/\/www.wumingfoundation.com\/giap\/wp-content\/uploads\/2024\/07\/Depascale_grandiopere.pdf\">\u00e8 quel che De Pascale dichiara<\/a>. In sostanza, cemento e asfalto a tutto spiano. Ufficializzata la candidatura, <a href=\"http:\/\/www.ravennaincomune.it\/wp\/2024\/07\/25\/consumo-di-suolo-avanti-tutta\/\">una delle sue prime esternazioni<\/a> ha riguardato la necessit\u00e0 di ulteriori deroghe alla legge urbanistica regionale, per andare incontro \u00aballe aziende che vogliono allargare i loro capannoni\u00bb.<\/p>\n<p>L&#8217;incognita di cui finora non avevano tenuto conto \u00e8 rappresentata proprio dalle lotte.<\/p>\n<p>Abbiamo fatto quanto potevamo per sostenere quella al parco don Bosco, con analisi, prese di posizione, presentazioni di libri e film al presidio, nonch\u00e9 presenza solidale in momenti chiave. Per ragioni affettive, ricordiamo in particolare gli <em>attacchi psichici<\/em>, tattica di matrice &#8220;blissettiana&#8221; che a Bologna sta conoscendo un tanto inopinato quanto benvenuto revival.<\/p>\n<p>L&#8217;attacco psichico al sindaco Lepore del 2 luglio scorso ha gi\u00e0 dato alcuni frutti. L&#8217;altro ieri, 27 luglio, ce n&#8217;\u00e8 stato uno indirizzato a De Pascale.<\/p>\n<div id=\"attachment_55340\" style=\"width: 696px\" class=\"wp-caption aligncenter\"><img loading=\"lazy\" decoding=\"async\" aria-describedby=\"caption-attachment-55340\" class=\"size-full wp-image-55340\" src=\"https:\/\/www.wumingfoundation.com\/giap\/wp-content\/uploads\/2024\/07\/attacco-psichico.png\" alt=\"\" width=\"686\" height=\"478\" srcset=\"https:\/\/www.wumingfoundation.com\/giap\/wp-content\/uploads\/2024\/07\/attacco-psichico.png 686w, https:\/\/www.wumingfoundation.com\/giap\/wp-content\/uploads\/2024\/07\/attacco-psichico-300x209.png 300w\" sizes=\"auto, (max-width: 686px) 100vw, 686px\" \/><p id=\"caption-attachment-55340\" class=\"wp-caption-text\">Attacco psichico. Dettaglio di un volantino del Luther Blissett Project, Roma, 1995.<\/p><\/div>\n<p>Tra gli interventi dei mesi scorsi, ci teniamo a segnalare quello di <strong>Wu Ming 2<\/strong> al convegno \u00abLa crisi del modello neoliberista, tra disastri ambientali e criticit\u00e0 economico-sociali: il caso dell&#8217;Emilia-Romagna\u00bb, organizzato da RECA (Rete per l&#8217;Emergenza Climatica e Ambientale Emilia-Romagna) e svoltosi il 17-18 febbraio.<\/p>\n<p><strong><a href=\"https:\/\/www.recaemiliaromagna.it\/raccolta-atti-convegno\/\">Da poco sono disponibili gli atti<\/a><\/strong>, l&#8217;intervento di WM2 si intitola <em>Il pugno d&#8217;asfalto nel guanto verde: retorica e devastazione in Emilia-Romagna<\/em>. \u00c8 a pagina 38, ma tutto il dossier merita.<\/p>\n<div id=\"attachment_55347\" style=\"width: 710px\" class=\"wp-caption aligncenter\"><img loading=\"lazy\" decoding=\"async\" aria-describedby=\"caption-attachment-55347\" class=\"wp-image-55347\" src=\"https:\/\/www.wumingfoundation.com\/giap\/wp-content\/uploads\/2024\/07\/Schermata-2024-07-28-alle-14.28.12.png\" alt=\"Il sindaco di Bologna Matteo Lepore sul dietrofront al parco don Bosco, 27 luglio 2024: \u00abQuesto non vuol dire che chiunque possa pensare di fermare le opere. Il mio non \u00e8 un passo indietro, ma un passo di lato\u00bb.\" width=\"700\" height=\"269\" srcset=\"https:\/\/www.wumingfoundation.com\/giap\/wp-content\/uploads\/2024\/07\/Schermata-2024-07-28-alle-14.28.12.png 1040w, https:\/\/www.wumingfoundation.com\/giap\/wp-content\/uploads\/2024\/07\/Schermata-2024-07-28-alle-14.28.12-300x115.png 300w, https:\/\/www.wumingfoundation.com\/giap\/wp-content\/uploads\/2024\/07\/Schermata-2024-07-28-alle-14.28.12-1024x394.png 1024w, https:\/\/www.wumingfoundation.com\/giap\/wp-content\/uploads\/2024\/07\/Schermata-2024-07-28-alle-14.28.12-768x295.png 768w\" sizes=\"auto, (max-width: 700px) 100vw, 700px\" \/><p id=\"caption-attachment-55347\" class=\"wp-caption-text\">Il sindaco di Bologna Matteo Lepore, 27 luglio 2024.<\/p><\/div>\n<p><a name=\"2\"><\/a><\/p>\n<h4><strong>Rottura delle righe e rentr\u00e9e<\/strong><\/h4>\n<p>Nella prima met\u00e0 del 2024, per via dell&#8217;entrata nella loro fase intensiva di alcuni progetti di scrittura, abbiamo dovuto diradare il lavoro su\u00a0<em>Giap.<\/em> Ora giunge agosto, con la pausa che sempre porta con s\u00e9. \u00c8 il mese in cui rompiamo le righe.<a name=\"3\"><\/a><\/p>\n<p>A partire dai primi di settembre, per\u00f2, ci attende una forte ripresa delle attivit\u00e0. In questo post diamo alcune anticipazioni.<\/p>\n<h4><em><strong>Gli uomini pesce<\/strong><\/em><\/h4>\n<p>In questi giorni, dopo un lungo lavoro di stesura e revisione,\u00a0<strong>Wu Ming 1<\/strong> \u00e8 all&#8217;opera sulle bozze impaginate del romanzo <em>Gli uomini pesce<\/em>, che uscir\u00e0 con Einaudi a ottobre.<\/p>\n<p><em>Gli uomini pesce<\/em> si svolge a <strong>Ferrara<\/strong> e nel<strong> Delta del Po<\/strong> in tre diverse epoche: durante la Resistenza; in un secondo <em>continuum<\/em> che va dal 1969 al 1981; infine, ed \u00e8 il piano temporale portante, nell&#8217;estate del 2022.<\/p>\n<p>Uno dei personaggi principali \u00e8 <strong>Erminio Squarzanti<\/strong>, gi\u00e0 protagonista de <a href=\"https:\/\/www.einaudi.it\/catalogo-libri\/narrativa-italiana\/narrativa-italiana-contemporanea\/la-macchina-del-vento-wu-ming-1-9788806240806\/\"><em>La macchina del vento<\/em><\/a>. Non \u00e8 necessario avere gi\u00e0 letto quest&#8217;ultimo: i due romanzi sono l&#8217;uno il <em>prequel<\/em> e il<em> sequel<\/em> dell&#8217;altro. In parole povere, si pu\u00f2 anche leggere per primo <em>Gli uomini pesce<\/em>.<\/p>\n<p>Chi conosce il progetto <em>Blues per le terre nuove<\/em> avr\u00e0 gi\u00e0 capito che questo romanzo ne \u00e8 l&#8217;espressione letteraria, annunciata <a href=\"https:\/\/www.wumingfoundation.com\/giap\/2018\/03\/blues-per-le-terre-nuove\/\">fin dal 2018<\/a>.<\/p>\n<p>Altri dettagli tra un mese o poco pi\u00f9.<\/p>\n<p>L&#8217;intenzione sarebbe di presentare <em>Gli uomini pesce<\/em>, a partire da novembre, <em>almeno<\/em> in tutte le tredici province toccate dal Po. In tutti i comuni \u00e8 impossibile, sono quasi duecento, ma sarebbe comunque bello parlarne <a href=\"https:\/\/www.adbpo.it\/wp-content\/uploads\/2018\/10\/DistrettoSottobaciniRegioni_03set2018.jpeg\">in lungo e in largo per il bacino idrografico<\/a>.<\/p>\n<p>E nel resto d&#8217;Italia, naturalmente.<a name=\"4\"><\/a><\/p>\n<h4><strong>Wu Ming a Berlino con <em>Ufo 78<\/em><\/strong><\/h4>\n<div id=\"attachment_55342\" style=\"width: 210px\" class=\"wp-caption alignright\"><img loading=\"lazy\" decoding=\"async\" aria-describedby=\"caption-attachment-55342\" class=\"wp-image-55342\" src=\"https:\/\/www.wumingfoundation.com\/giap\/wp-content\/uploads\/2024\/07\/ovni-78-9788419719959.jpeg\" alt=\"\" width=\"200\" height=\"310\" srcset=\"https:\/\/www.wumingfoundation.com\/giap\/wp-content\/uploads\/2024\/07\/ovni-78-9788419719959.jpeg 773w, https:\/\/www.wumingfoundation.com\/giap\/wp-content\/uploads\/2024\/07\/ovni-78-9788419719959-193x300.jpeg 193w, https:\/\/www.wumingfoundation.com\/giap\/wp-content\/uploads\/2024\/07\/ovni-78-9788419719959-660x1024.jpeg 660w, https:\/\/www.wumingfoundation.com\/giap\/wp-content\/uploads\/2024\/07\/ovni-78-9788419719959-768x1192.jpeg 768w\" sizes=\"auto, (max-width: 200px) 100vw, 200px\" \/><p id=\"caption-attachment-55342\" class=\"wp-caption-text\">L&#8217;edizione catalana di Ufo 78.<\/p><\/div>\n<p>Il 9 settembre saremo ospiti all&#8217;<strong>Internationales Literaturfestival<\/strong> di Berlino, dove presenteremo l&#8217;edizione tedesca di <em>Ufo 78<\/em>. <a href=\"https:\/\/literaturfestival.com\/en\/events\/wu-ming-ufo-78-and-the-art-of-collective-writing\/\">Qui tutti i dettagli<\/a> e la possibilit\u00e0 di comprare i biglietti (l&#8217;evento non \u00e8 a ingresso libero).<\/p>\n<p>Una seconda presentazione avr\u00e0 luogo la sera dopo, alle 20, alla libreria\u00a0Schwarze Risse, Gneisenaustra\u00dfe 2a. Ingresso libero.<\/p>\n<p>Cogliamo l&#8217;occasione per aggiornarvi sulle uscite internazionali di <em>Ufo 78<\/em>. Finora \u00e8 stato pubblicato in <a href=\"https:\/\/manifestllibres.cat\/products\/ovni78-wu-ming?_pos=1&amp;_sid=ec70126cd&amp;_ss=r\">catalano<\/a>, <a href=\"https:\/\/editionslibertalia.com\/catalogue\/poche\/article\/ovni-78\">francese<\/a>, <a href=\"https:\/\/syneditions.wixsite.com\/e-shop\/product-page\/ufo-78\">greco<\/a> e <a href=\"https:\/\/www.assoziation-a.de\/buch\/Wu_Ming_Ufo_78\">tedesco<\/a>. \u00c8 in corso, per la casa editrice Anagrama, la traduzione in castigliano.<\/p>\n<p>In particolare l&#8217;uscita in francese \u00e8 stata accompagnata da svariate recensioni e interviste, di cui proponiamo una selezione.<\/p>\n<p><span style=\"color: #0000ff;\">\u25a0<\/span>\u00a0<a href=\"https:\/\/www.radiofrance.fr\/franceculture\/podcasts\/france-culture-va-plus-loin-le-samedi\/raconter-les-mythes-contemporains-avec-wu-ming-2-membre-du-collectif-litteraire-italien-wu-ming-3169646\"><b>Radio France \u2503 France Culture \u2503 Raconter les mythes contemporains, avec Wu Ming 2, membre du collectif litt\u00e9raire italien Wu Ming<\/b><\/a><\/p>\n<p><span style=\"color: #0000ff;\">\u25a0<\/span>\u00a0<a href=\"https:\/\/lundi.am\/WU-MING-les-extraterrestres-sont-ils-communistes\"><b>Lundi Matin \u2503 Lundi Soir \u2503 Wu Ming : Les extraterrestres sont-ils communistes?<\/b><\/a><\/p>\n<p><span style=\"color: #0000ff;\">\u25a0<\/span>\u00a0<a href=\"https:\/\/www.humanite.fr\/culture-et-savoir\/complotisme\/ovni-78-de-wu-ming-dans-litalie-des-annees-1970-les-coincidences-ne-trompent-pas-ou-pas\"><strong>L&#8217;Humanit\u00e9\u2503 <em>Ovni 78<\/em>, de Wu Ming\u00a0: dans l\u2019Italie des ann\u00e9es 1970, les co\u00efncidences ne trompent pas\u2026 ou pas<\/strong><\/a><a name=\"5\"><\/a><\/p>\n<h4><em><strong>La vera storia della banda Hood<\/strong><\/em><\/h4>\n<p><img loading=\"lazy\" decoding=\"async\" class=\"alignright wp-image-54602\" src=\"https:\/\/www.wumingfoundation.com\/giap\/wp-content\/uploads\/2024\/04\/bandahood.jpeg\" alt=\"\" width=\"200\" height=\"283\" srcset=\"https:\/\/www.wumingfoundation.com\/giap\/wp-content\/uploads\/2024\/04\/bandahood.jpeg 250w, https:\/\/www.wumingfoundation.com\/giap\/wp-content\/uploads\/2024\/04\/bandahood-212x300.jpeg 212w\" sizes=\"auto, (max-width: 200px) 100vw, 200px\" \/>A settembre riprenderanno anche le presentazioni del romanzo di Wu Ming 4 <em>La vera storia della banda Hood<\/em>.<\/p>\n<p>Per il momento segnaliamo quella appenninica e itinerante che si terr\u00e0 la mattina dell&#8217;1 settembre all&#8217;interno dell&#8217;oasi di Covigliaio, nell&#8217;ambito del festival <strong>Storie in cammino<\/strong> di Firenzuola (FI). Il programma completo del festival, con i dettagli precisi dell&#8217;evento, presto <a href=\"https:\/\/www.qualcunoconcuicorrere.org\/\">sul sito ufficiale<\/a>.<\/p>\n<p>Nei giorni scorsi la rassegna stampa su LVSDBH si \u00e8 arricchita di <a href=\"https:\/\/www.pulplibri.it\/wu-ming-4-nelle-foreste-eterne\/\">questa recensione<\/a>\u00a0a firma di <strong>Paola Papetti<\/strong> uscita su <em>Pulp Libri<\/em>.<\/p>\n<p>Gi\u00e0 che ci siamo, ricordiamo che <strong>stasera, luned\u00ec 29 luglio<\/strong>, al parco Fondo Comini di Bologna debutter\u00e0 il reading\/spettacolo tratto dal romanzo.\u00a0Con l&#8217;autore, l&#8217;attore\u00a0<b>Marco Manfredi<\/b>\u00a0e gli ambienti sonori costruiti ed eseguiti da <b>Stefano D\u2019Arcangelo <\/b>del\u00a0Laboratorio Melologos.<a name=\"6\"><\/a><\/p>\n<p>Alle h.21 in via Fioravanti 68, alla Bolognina.<\/p>\n<h4><strong>FantastikA 2024<\/strong><\/h4>\n<p>Sul crinale tra estate e autunno torner\u00e0 anche, in quel di Dozza (BO), <a href=\"https:\/\/www.jrrtolkien.it\/2024\/07\/29\/dozza-il-20-21-settembre-torna-fantastika\/\">FantastikA<\/a>, la biennale d&#8217;arte del fantastico, con vari interventi di Wu Ming 4. Il programma definitivo non \u00e8 ancora on line, ma intanto segnatevi le date: 21 e 22 settembre.<\/p>\n","protected":false},"excerpt":{"rendered":"INDICE 1. Necessaria e lieta premessa 2. Rottura delle righe e rentr\u00e9e 3. Gli uomini pesce 4. Wu Ming a Berlino con Ufo 78 5. La vera storia della banda Hood 6. FantastikA 2024 Necessaria e lieta premessa Stavamo impostando quest&#8217;articolo quando abbiamo ricevuto la buona novella: la giunta comunale di Bologna ha fatto dietrofront, [&hellip;]","protected":false},"author":1,"featured_media":55339,"comment_status":"open","ping_status":"open","sticky":false,"template":"","format":"standard","meta":{"footnotes":""},"categories":[6],"tags":[3523,4705,4800,4799,4766,4798,4767],"class_list":["post-55331","post","type-post","status-publish","format-standard","has-post-thumbnail","hentry","category-news-e-segnalazioni","tag-blues-per-le-terre-nuove","tag-ecosistema-di-lotte","tag-fantastika","tag-gli-uomini-pesce","tag-la-vera-storia-della-banda-hood","tag-michele-de-pascale","tag-parco-don-bosco"],"yoast_head":"<!-- This site is optimized with the Yoast SEO plugin v27.4 - https:\/\/yoast.com\/product\/yoast-seo-wordpress\/ -->\n<title>La vittoria al parco don Bosco + Anticipazioni sulla rentr\u00e9e di settembre<\/title>\n<meta name=\"description\" content=\"Stavamo impostando quest&#039;articolo su quel che faremo da settembre quando \u00e8 arrivata la notizia della vittoria al parco don Bosco, e allora...\" \/>\n<meta name=\"robots\" content=\"index, follow, max-snippet:-1, max-image-preview:large, max-video-preview:-1\" \/>\n<link rel=\"canonical\" href=\"https:\/\/www.wumingfoundation.com\/giap\/2024\/07\/parco-don-bosco-e-anticipazioni-settembre-2024\/\" \/>\n<meta property=\"og:locale\" content=\"it_IT\" \/>\n<meta property=\"og:type\" content=\"article\" \/>\n<meta property=\"og:title\" content=\"La vittoria al parco don Bosco + Anticipazioni sulla rentr\u00e9e di settembre\" \/>\n<meta property=\"og:description\" content=\"Stavamo impostando quest&#039;articolo su quel che faremo da settembre quando \u00e8 arrivata la notizia della vittoria al parco don Bosco, e allora...\" \/>\n<meta property=\"og:url\" content=\"https:\/\/www.wumingfoundation.com\/giap\/2024\/07\/parco-don-bosco-e-anticipazioni-settembre-2024\/\" \/>\n<meta property=\"og:site_name\" content=\"Giap\" \/>\n<meta property=\"article:published_time\" content=\"2024-07-29T06:40:48+00:00\" \/>\n<meta property=\"article:modified_time\" content=\"2025-05-21T10:21:12+00:00\" \/>\n<meta property=\"og:image\" content=\"https:\/\/www.wumingfoundation.com\/giap\/wp-content\/uploads\/2024\/07\/pesci.png\" \/>\n\t<meta property=\"og:image:width\" content=\"807\" \/>\n\t<meta property=\"og:image:height\" content=\"778\" \/>\n\t<meta property=\"og:image:type\" content=\"image\/png\" \/>\n<meta name=\"author\" content=\"Wu Ming\" \/>\n<meta name=\"twitter:card\" content=\"summary_large_image\" \/>\n<meta name=\"twitter:creator\" content=\"@Wu_Ming_Foundt\" \/>\n<meta name=\"twitter:site\" content=\"@Wu_Ming_Foundt\" \/>\n<meta name=\"twitter:label1\" content=\"Scritto da\" \/>\n\t<meta name=\"twitter:data1\" content=\"Wu Ming\" \/>\n\t<meta name=\"twitter:label2\" content=\"Tempo di lettura stimato\" \/>\n\t<meta name=\"twitter:data2\" content=\"8 minuti\" \/>\n<script type=\"application\/ld+json\" class=\"yoast-schema-graph\">{\"@context\":\"https:\\\/\\\/schema.org\",\"@graph\":[{\"@type\":\"Article\",\"@id\":\"https:\\\/\\\/www.wumingfoundation.com\\\/giap\\\/2024\\\/07\\\/parco-don-bosco-e-anticipazioni-settembre-2024\\\/#article\",\"isPartOf\":{\"@id\":\"https:\\\/\\\/www.wumingfoundation.com\\\/giap\\\/2024\\\/07\\\/parco-don-bosco-e-anticipazioni-settembre-2024\\\/\"},\"author\":{\"name\":\"Wu Ming\",\"@id\":\"https:\\\/\\\/www.wumingfoundation.com\\\/giap\\\/#\\\/schema\\\/person\\\/881b1c925aaf48fe6eb5c3970be4458f\"},\"headline\":\"Della vittoria al parco don Bosco + Anticipazioni sulla rentr\u00e9e di settembre: Gli uomini pesce, Wu Ming a Berlino, FantastikA e altro\",\"datePublished\":\"2024-07-29T06:40:48+00:00\",\"dateModified\":\"2025-05-21T10:21:12+00:00\",\"mainEntityOfPage\":{\"@id\":\"https:\\\/\\\/www.wumingfoundation.com\\\/giap\\\/2024\\\/07\\\/parco-don-bosco-e-anticipazioni-settembre-2024\\\/\"},\"wordCount\":1260,\"commentCount\":0,\"image\":{\"@id\":\"https:\\\/\\\/www.wumingfoundation.com\\\/giap\\\/2024\\\/07\\\/parco-don-bosco-e-anticipazioni-settembre-2024\\\/#primaryimage\"},\"thumbnailUrl\":\"https:\\\/\\\/www.wumingfoundation.com\\\/giap\\\/wp-content\\\/uploads\\\/2024\\\/07\\\/pesci.png\",\"keywords\":[\"Blues per le terre nuove\",\"ecosistema di lotte\",\"FantastikA\",\"Gli uomini pesce\",\"La vera storia della banda Hood\",\"Michele De Pascale\",\"parco don Bosco\"],\"articleSection\":[\"Notizie\"],\"inLanguage\":\"it-IT\",\"potentialAction\":[{\"@type\":\"CommentAction\",\"name\":\"Comment\",\"target\":[\"https:\\\/\\\/www.wumingfoundation.com\\\/giap\\\/2024\\\/07\\\/parco-don-bosco-e-anticipazioni-settembre-2024\\\/#respond\"]}]},{\"@type\":\"WebPage\",\"@id\":\"https:\\\/\\\/www.wumingfoundation.com\\\/giap\\\/2024\\\/07\\\/parco-don-bosco-e-anticipazioni-settembre-2024\\\/\",\"url\":\"https:\\\/\\\/www.wumingfoundation.com\\\/giap\\\/2024\\\/07\\\/parco-don-bosco-e-anticipazioni-settembre-2024\\\/\",\"name\":\"La vittoria al parco don Bosco + Anticipazioni sulla rentr\u00e9e di settembre\",\"isPartOf\":{\"@id\":\"https:\\\/\\\/www.wumingfoundation.com\\\/giap\\\/#website\"},\"primaryImageOfPage\":{\"@id\":\"https:\\\/\\\/www.wumingfoundation.com\\\/giap\\\/2024\\\/07\\\/parco-don-bosco-e-anticipazioni-settembre-2024\\\/#primaryimage\"},\"image\":{\"@id\":\"https:\\\/\\\/www.wumingfoundation.com\\\/giap\\\/2024\\\/07\\\/parco-don-bosco-e-anticipazioni-settembre-2024\\\/#primaryimage\"},\"thumbnailUrl\":\"https:\\\/\\\/www.wumingfoundation.com\\\/giap\\\/wp-content\\\/uploads\\\/2024\\\/07\\\/pesci.png\",\"datePublished\":\"2024-07-29T06:40:48+00:00\",\"dateModified\":\"2025-05-21T10:21:12+00:00\",\"author\":{\"@id\":\"https:\\\/\\\/www.wumingfoundation.com\\\/giap\\\/#\\\/schema\\\/person\\\/881b1c925aaf48fe6eb5c3970be4458f\"},\"description\":\"Stavamo impostando quest'articolo su quel che faremo da settembre quando \u00e8 arrivata la notizia della vittoria al parco don Bosco, e allora...\",\"breadcrumb\":{\"@id\":\"https:\\\/\\\/www.wumingfoundation.com\\\/giap\\\/2024\\\/07\\\/parco-don-bosco-e-anticipazioni-settembre-2024\\\/#breadcrumb\"},\"inLanguage\":\"it-IT\",\"potentialAction\":[{\"@type\":\"ReadAction\",\"target\":[\"https:\\\/\\\/www.wumingfoundation.com\\\/giap\\\/2024\\\/07\\\/parco-don-bosco-e-anticipazioni-settembre-2024\\\/\"]}]},{\"@type\":\"ImageObject\",\"inLanguage\":\"it-IT\",\"@id\":\"https:\\\/\\\/www.wumingfoundation.com\\\/giap\\\/2024\\\/07\\\/parco-don-bosco-e-anticipazioni-settembre-2024\\\/#primaryimage\",\"url\":\"https:\\\/\\\/www.wumingfoundation.com\\\/giap\\\/wp-content\\\/uploads\\\/2024\\\/07\\\/pesci.png\",\"contentUrl\":\"https:\\\/\\\/www.wumingfoundation.com\\\/giap\\\/wp-content\\\/uploads\\\/2024\\\/07\\\/pesci.png\",\"width\":807,\"height\":778},{\"@type\":\"BreadcrumbList\",\"@id\":\"https:\\\/\\\/www.wumingfoundation.com\\\/giap\\\/2024\\\/07\\\/parco-don-bosco-e-anticipazioni-settembre-2024\\\/#breadcrumb\",\"itemListElement\":[{\"@type\":\"ListItem\",\"position\":1,\"name\":\"Home\",\"item\":\"https:\\\/\\\/www.wumingfoundation.com\\\/giap\\\/\"},{\"@type\":\"ListItem\",\"position\":2,\"name\":\"Della vittoria al parco don Bosco + Anticipazioni sulla rentr\u00e9e di settembre: Gli uomini pesce, Wu Ming a Berlino, FantastikA e altro\"}]},{\"@type\":\"WebSite\",\"@id\":\"https:\\\/\\\/www.wumingfoundation.com\\\/giap\\\/#website\",\"url\":\"https:\\\/\\\/www.wumingfoundation.com\\\/giap\\\/\",\"name\":\"Giap\",\"description\":\"Il sito ufficiale di Wu Ming, collettivo di scrittori\",\"potentialAction\":[{\"@type\":\"SearchAction\",\"target\":{\"@type\":\"EntryPoint\",\"urlTemplate\":\"https:\\\/\\\/www.wumingfoundation.com\\\/giap\\\/?s={search_term_string}\"},\"query-input\":{\"@type\":\"PropertyValueSpecification\",\"valueRequired\":true,\"valueName\":\"search_term_string\"}}],\"inLanguage\":\"it-IT\"},{\"@type\":\"Person\",\"@id\":\"https:\\\/\\\/www.wumingfoundation.com\\\/giap\\\/#\\\/schema\\\/person\\\/881b1c925aaf48fe6eb5c3970be4458f\",\"name\":\"Wu Ming\",\"image\":{\"@type\":\"ImageObject\",\"inLanguage\":\"it-IT\",\"@id\":\"https:\\\/\\\/secure.gravatar.com\\\/avatar\\\/1f49001124f0d5b3aeb1d387dbd89e7b48de4c5c15539460ec1c154566c1723c?s=96&d=blank&r=g\",\"url\":\"https:\\\/\\\/secure.gravatar.com\\\/avatar\\\/1f49001124f0d5b3aeb1d387dbd89e7b48de4c5c15539460ec1c154566c1723c?s=96&d=blank&r=g\",\"contentUrl\":\"https:\\\/\\\/secure.gravatar.com\\\/avatar\\\/1f49001124f0d5b3aeb1d387dbd89e7b48de4c5c15539460ec1c154566c1723c?s=96&d=blank&r=g\",\"caption\":\"Wu Ming\"}}]}<\/script>\n<!-- \/ Yoast SEO plugin. -->","yoast_head_json":{"title":"La vittoria al parco don Bosco + Anticipazioni sulla rentr\u00e9e di settembre","description":"Stavamo impostando quest'articolo su quel che faremo da settembre quando \u00e8 arrivata la notizia della vittoria al parco don Bosco, e allora...","robots":{"index":"index","follow":"follow","max-snippet":"max-snippet:-1","max-image-preview":"max-image-preview:large","max-video-preview":"max-video-preview:-1"},"canonical":"https:\/\/www.wumingfoundation.com\/giap\/2024\/07\/parco-don-bosco-e-anticipazioni-settembre-2024\/","og_locale":"it_IT","og_type":"article","og_title":"La vittoria al parco don Bosco + Anticipazioni sulla rentr\u00e9e di settembre","og_description":"Stavamo impostando quest'articolo su quel che faremo da settembre quando \u00e8 arrivata la notizia della vittoria al parco don Bosco, e allora...","og_url":"https:\/\/www.wumingfoundation.com\/giap\/2024\/07\/parco-don-bosco-e-anticipazioni-settembre-2024\/","og_site_name":"Giap","article_published_time":"2024-07-29T06:40:48+00:00","article_modified_time":"2025-05-21T10:21:12+00:00","og_image":[{"width":807,"height":778,"url":"https:\/\/www.wumingfoundation.com\/giap\/wp-content\/uploads\/2024\/07\/pesci.png","type":"image\/png"}],"author":"Wu Ming","twitter_card":"summary_large_image","twitter_creator":"@Wu_Ming_Foundt","twitter_site":"@Wu_Ming_Foundt","twitter_misc":{"Scritto da":"Wu Ming","Tempo di lettura stimato":"8 minuti"},"schema":{"@context":"https:\/\/schema.org","@graph":[{"@type":"Article","@id":"https:\/\/www.wumingfoundation.com\/giap\/2024\/07\/parco-don-bosco-e-anticipazioni-settembre-2024\/#article","isPartOf":{"@id":"https:\/\/www.wumingfoundation.com\/giap\/2024\/07\/parco-don-bosco-e-anticipazioni-settembre-2024\/"},"author":{"name":"Wu Ming","@id":"https:\/\/www.wumingfoundation.com\/giap\/#\/schema\/person\/881b1c925aaf48fe6eb5c3970be4458f"},"headline":"Della vittoria al parco don Bosco + Anticipazioni sulla rentr\u00e9e di settembre: Gli uomini pesce, Wu Ming a Berlino, FantastikA e altro","datePublished":"2024-07-29T06:40:48+00:00","dateModified":"2025-05-21T10:21:12+00:00","mainEntityOfPage":{"@id":"https:\/\/www.wumingfoundation.com\/giap\/2024\/07\/parco-don-bosco-e-anticipazioni-settembre-2024\/"},"wordCount":1260,"commentCount":0,"image":{"@id":"https:\/\/www.wumingfoundation.com\/giap\/2024\/07\/parco-don-bosco-e-anticipazioni-settembre-2024\/#primaryimage"},"thumbnailUrl":"https:\/\/www.wumingfoundation.com\/giap\/wp-content\/uploads\/2024\/07\/pesci.png","keywords":["Blues per le terre nuove","ecosistema di lotte","FantastikA","Gli uomini pesce","La vera storia della banda Hood","Michele De Pascale","parco don Bosco"],"articleSection":["Notizie"],"inLanguage":"it-IT","potentialAction":[{"@type":"CommentAction","name":"Comment","target":["https:\/\/www.wumingfoundation.com\/giap\/2024\/07\/parco-don-bosco-e-anticipazioni-settembre-2024\/#respond"]}]},{"@type":"WebPage","@id":"https:\/\/www.wumingfoundation.com\/giap\/2024\/07\/parco-don-bosco-e-anticipazioni-settembre-2024\/","url":"https:\/\/www.wumingfoundation.com\/giap\/2024\/07\/parco-don-bosco-e-anticipazioni-settembre-2024\/","name":"La vittoria al parco don Bosco + Anticipazioni sulla rentr\u00e9e di settembre","isPartOf":{"@id":"https:\/\/www.wumingfoundation.com\/giap\/#website"},"primaryImageOfPage":{"@id":"https:\/\/www.wumingfoundation.com\/giap\/2024\/07\/parco-don-bosco-e-anticipazioni-settembre-2024\/#primaryimage"},"image":{"@id":"https:\/\/www.wumingfoundation.com\/giap\/2024\/07\/parco-don-bosco-e-anticipazioni-settembre-2024\/#primaryimage"},"thumbnailUrl":"https:\/\/www.wumingfoundation.com\/giap\/wp-content\/uploads\/2024\/07\/pesci.png","datePublished":"2024-07-29T06:40:48+00:00","dateModified":"2025-05-21T10:21:12+00:00","author":{"@id":"https:\/\/www.wumingfoundation.com\/giap\/#\/schema\/person\/881b1c925aaf48fe6eb5c3970be4458f"},"description":"Stavamo impostando quest'articolo su quel che faremo da settembre quando \u00e8 arrivata la notizia della vittoria al parco don Bosco, e allora...","breadcrumb":{"@id":"https:\/\/www.wumingfoundation.com\/giap\/2024\/07\/parco-don-bosco-e-anticipazioni-settembre-2024\/#breadcrumb"},"inLanguage":"it-IT","potentialAction":[{"@type":"ReadAction","target":["https:\/\/www.wumingfoundation.com\/giap\/2024\/07\/parco-don-bosco-e-anticipazioni-settembre-2024\/"]}]},{"@type":"ImageObject","inLanguage":"it-IT","@id":"https:\/\/www.wumingfoundation.com\/giap\/2024\/07\/parco-don-bosco-e-anticipazioni-settembre-2024\/#primaryimage","url":"https:\/\/www.wumingfoundation.com\/giap\/wp-content\/uploads\/2024\/07\/pesci.png","contentUrl":"https:\/\/www.wumingfoundation.com\/giap\/wp-content\/uploads\/2024\/07\/pesci.png","width":807,"height":778},{"@type":"BreadcrumbList","@id":"https:\/\/www.wumingfoundation.com\/giap\/2024\/07\/parco-don-bosco-e-anticipazioni-settembre-2024\/#breadcrumb","itemListElement":[{"@type":"ListItem","position":1,"name":"Home","item":"https:\/\/www.wumingfoundation.com\/giap\/"},{"@type":"ListItem","position":2,"name":"Della vittoria al parco don Bosco + Anticipazioni sulla rentr\u00e9e di settembre: Gli uomini pesce, Wu Ming a Berlino, FantastikA e altro"}]},{"@type":"WebSite","@id":"https:\/\/www.wumingfoundation.com\/giap\/#website","url":"https:\/\/www.wumingfoundation.com\/giap\/","name":"Giap","description":"Il sito ufficiale di Wu Ming, collettivo di scrittori","potentialAction":[{"@type":"SearchAction","target":{"@type":"EntryPoint","urlTemplate":"https:\/\/www.wumingfoundation.com\/giap\/?s={search_term_string}"},"query-input":{"@type":"PropertyValueSpecification","valueRequired":true,"valueName":"search_term_string"}}],"inLanguage":"it-IT"},{"@type":"Person","@id":"https:\/\/www.wumingfoundation.com\/giap\/#\/schema\/person\/881b1c925aaf48fe6eb5c3970be4458f","name":"Wu Ming","image":{"@type":"ImageObject","inLanguage":"it-IT","@id":"https:\/\/secure.gravatar.com\/avatar\/1f49001124f0d5b3aeb1d387dbd89e7b48de4c5c15539460ec1c154566c1723c?s=96&d=blank&r=g","url":"https:\/\/secure.gravatar.com\/avatar\/1f49001124f0d5b3aeb1d387dbd89e7b48de4c5c15539460ec1c154566c1723c?s=96&d=blank&r=g","contentUrl":"https:\/\/secure.gravatar.com\/avatar\/1f49001124f0d5b3aeb1d387dbd89e7b48de4c5c15539460ec1c154566c1723c?s=96&d=blank&r=g","caption":"Wu Ming"}}]}},"_links":{"self":[{"href":"https:\/\/www.wumingfoundation.com\/giap\/wp-json\/wp\/v2\/posts\/55331","targetHints":{"allow":["GET"]}}],"collection":[{"href":"https:\/\/www.wumingfoundation.com\/giap\/wp-json\/wp\/v2\/posts"}],"about":[{"href":"https:\/\/www.wumingfoundation.com\/giap\/wp-json\/wp\/v2\/types\/post"}],"author":[{"embeddable":true,"href":"https:\/\/www.wumingfoundation.com\/giap\/wp-json\/wp\/v2\/users\/1"}],"replies":[{"embeddable":true,"href":"https:\/\/www.wumingfoundation.com\/giap\/wp-json\/wp\/v2\/comments?post=55331"}],"version-history":[{"count":7,"href":"https:\/\/www.wumingfoundation.com\/giap\/wp-json\/wp\/v2\/posts\/55331\/revisions"}],"predecessor-version":[{"id":55407,"href":"https:\/\/www.wumingfoundation.com\/giap\/wp-json\/wp\/v2\/posts\/55331\/revisions\/55407"}],"wp:featuredmedia":[{"embeddable":true,"href":"https:\/\/www.wumingfoundation.com\/giap\/wp-json\/wp\/v2\/media\/55339"}],"wp:attachment":[{"href":"https:\/\/www.wumingfoundation.com\/giap\/wp-json\/wp\/v2\/media?parent=55331"}],"wp:term":[{"taxonomy":"category","embeddable":true,"href":"https:\/\/www.wumingfoundation.com\/giap\/wp-json\/wp\/v2\/categories?post=55331"},{"taxonomy":"post_tag","embeddable":true,"href":"https:\/\/www.wumingfoundation.com\/giap\/wp-json\/wp\/v2\/tags?post=55331"}],"curies":[{"name":"wp","href":"https:\/\/api.w.org\/{rel}","templated":true}]}}