{"id":55006,"date":"2024-05-23T09:26:24","date_gmt":"2024-05-23T07:26:24","guid":{"rendered":"https:\/\/www.wumingfoundation.com\/giap\/?p=55006"},"modified":"2024-05-24T09:01:00","modified_gmt":"2024-05-24T07:01:00","slug":"lunga-difendere-la-terra-di-mezzo","status":"publish","type":"post","link":"https:\/\/www.wumingfoundation.com\/giap\/2024\/05\/lunga-difendere-la-terra-di-mezzo\/","title":{"rendered":"La lunga (e lenta) marcia di \u00abDifendere la Terra di Mezzo\u00bb"},"content":{"rendered":"<p class=\"p1\"><em><a href=\"https:\/\/www.wumingfoundation.com\/giap\/wp-content\/uploads\/2024\/05\/1-copia.jpg\"><img loading=\"lazy\" decoding=\"async\" class=\"alignnone wp-image-55009\" src=\"https:\/\/www.wumingfoundation.com\/giap\/wp-content\/uploads\/2024\/05\/1-copia-300x300.jpg\" alt=\"\" width=\"700\" height=\"700\" srcset=\"https:\/\/www.wumingfoundation.com\/giap\/wp-content\/uploads\/2024\/05\/1-copia-300x300.jpg 300w, https:\/\/www.wumingfoundation.com\/giap\/wp-content\/uploads\/2024\/05\/1-copia.jpg 1024w, https:\/\/www.wumingfoundation.com\/giap\/wp-content\/uploads\/2024\/05\/1-copia-150x150.jpg 150w, https:\/\/www.wumingfoundation.com\/giap\/wp-content\/uploads\/2024\/05\/1-copia-768x768.jpg 768w\" sizes=\"auto, (max-width: 700px) 100vw, 700px\" \/><\/a><\/em><\/p>\n<p class=\"p1\">Quando <em>Difendere la Terra di Mezzo<\/em> \u00e8 stato pubblicato per la prima volta, alla fine del <strong>2013<\/strong>, per i tipi dell\u2019editore bolognese Odoya, ha rappresentato uno scrollone per la divulgazione tolkieniana in Italia. Fino a quel momento non erano usciti molti saggi italiani che contestualizzassero storicamente e letterariamente la narrativa di Tolkien. Il saggio di <strong>Wu Ming 4<\/strong> provava a fare proprio questo, applicare la massima jamesoniana \u00abstoricizzare sempre\u00bb, appoggiandosi ai pi\u00f9 importanti studi internazionali sulla materia.<\/p>\n<p class=\"p1\">Se i primi due capitoli ripercorrevano i destini dell&#8217;opera di Tolkien dagli anni Trenta ai nostri giorni, il quinto provava a collocarla dentro un percorso e un contesto letterari. Il terzo capitolo affrontava la poetica e la teoria della letteratura tolkieniana, mentre il sesto e il settimo individuavano i temi etici ed esistenziali riscontrabili nella produzione narrativa in questione. Il quarto capitolo invece demoliva le interpretazioni tradizionaliste e simboliste dell&#8217;opera di Tolkien, ovvero le letture a singhiozzo messe in atto fin dagli anni Settanta dalla destra neofascista, che avevano creato un&#8217;aura pregiudiziale intorno all&#8217;autore.<span class=\"Apple-converted-space\">\u00a0<\/span><!--more--><\/p>\n<p class=\"p1\"><a href=\"https:\/\/www.wumingfoundation.com\/giap\/wp-content\/uploads\/2024\/05\/2-copia.jpg\"><img loading=\"lazy\" decoding=\"async\" class=\"alignright wp-image-55011\" src=\"https:\/\/www.wumingfoundation.com\/giap\/wp-content\/uploads\/2024\/05\/2-copia-300x300.jpg\" alt=\"\" width=\"250\" height=\"250\" srcset=\"https:\/\/www.wumingfoundation.com\/giap\/wp-content\/uploads\/2024\/05\/2-copia-300x300.jpg 300w, https:\/\/www.wumingfoundation.com\/giap\/wp-content\/uploads\/2024\/05\/2-copia.jpg 1024w, https:\/\/www.wumingfoundation.com\/giap\/wp-content\/uploads\/2024\/05\/2-copia-150x150.jpg 150w, https:\/\/www.wumingfoundation.com\/giap\/wp-content\/uploads\/2024\/05\/2-copia-768x768.jpg 768w\" sizes=\"auto, (max-width: 250px) 100vw, 250px\" \/><\/a>Proprio quest&#8217;ultimo aspetto fin dall&#8217;inizio ha messo il libro al centro di alcune polemiche, o piuttosto ha messo WM4 sulla lista nera di certi tolkieniani della destra neo e post fascista, indispettiti da quella che vivevano dichiaratamente come un&#8217;invasione di campo.<span class=\"Apple-converted-space\">\u00a0<\/span>Altri lettori invece si sono affrettati a giudicare quella demolizione da parte di WM4 come <em>shadow boxing<\/em>, fuori tempo massimo, dopo lo sdoganamento di Tolkien nell\u2019immaginario pop grazie ai film di <strong>Peter Jackson<\/strong>.<span class=\"Apple-converted-space\">\u00a0<\/span><\/p>\n<p class=\"p1\">Insomma i critici del libro si dividevano tra &#8220;politici&#8221;, che rivendicavano l\u2019appartenenza dell&#8217;opera di Tolkien a una precisa area culturale, e &#8220;a-politici&#8221;, che pensavano di potersi lasciare il passato alle spalle senza farci i conti pubblicamente.<\/p>\n<p class=\"p1\">Molti per\u00f2 furono coloro che colsero l\u2019importanza del saggio proprio rispetto al panorama italiano. Infatti da allora non c&#8217;\u00e8 stato evento su Tolkien a cui WM4 abbia partecipato senza che almeno una persona sia andata a ringraziarlo per averla liberata dallo stigma di apprezzare un autore considerato per decenni appannaggio dell&#8217;estrema destra, da leggere di nascosto. Per non poca gente <em>Difendere la Terra<\/em> di Mezzo ha rappresentato una liberazione.<\/p>\n<p class=\"p1\"><a href=\"https:\/\/www.wumingfoundation.com\/giap\/wp-content\/uploads\/2024\/05\/4-copia.jpg\"><img loading=\"lazy\" decoding=\"async\" class=\"alignleft wp-image-55012\" src=\"https:\/\/www.wumingfoundation.com\/giap\/wp-content\/uploads\/2024\/05\/4-copia-217x300.jpg\" alt=\"\" width=\"181\" height=\"250\" srcset=\"https:\/\/www.wumingfoundation.com\/giap\/wp-content\/uploads\/2024\/05\/4-copia-217x300.jpg 217w, https:\/\/www.wumingfoundation.com\/giap\/wp-content\/uploads\/2024\/05\/4-copia.jpg 665w\" sizes=\"auto, (max-width: 181px) 100vw, 181px\" \/><\/a>Poi nel <strong>novembre 2023<\/strong>, il governo Meloni ha pensato bene di celebrare l\u2019antica passione per Tolkien della propria area di provenienza politica con <a href=\"https:\/\/www.wumingfoundation.com\/giap\/2023\/11\/mostra-tolkien-2\/\">una grossa mostra<\/a> alla Galleria Nazionale di Roma, poi spostatasi a Napoli, in attesa di andare anche a Torino.<span class=\"Apple-converted-space\">\u00a0<\/span>E mentre\u00a0la presidente del consiglio e svariati ministri e sottosegretari di <strong>Fratelli d\u2019Italia<\/strong> sfilavano in passerella all&#8217;inaugurazione della mostra, dichiarando che questa sanciva la fine dell&#8217;egemonia di sinistra sulla cultura (\u00abQuel tempo \u00e8 finito\u00bb Meloni dixit), il famigerato quarto capitolo di <em>Difendere la Terra di Mezzo<\/em> tornava d&#8217;attualit\u00e0 stringente. Qualcuno in quei mesi ha pensato che noi Wu Ming ci stessimo facendo scoppiare il fegato, invece tutto il contrario, potevamo dirci soddisfatti, perch\u00e9 quello che WM4 aveva scritto sulle letture strumentali della destra trovava la sua lampante verifica nell&#8217;azione di governo e dei suoi <em>clientes <\/em>culturali, e adesso c\u2019era perfino tutta la stampa internazionale ad accorgersene e a riportarlo sui quotidiani dei propri paesi. Come vedremo tra un attimo, le vendite del saggio di WM4 in quei mesi valgono una consacrazione.<\/p>\n<p class=\"p1\">Appena due mesi prima, infatti, <em>Difendere la Terra di Mezzo<\/em> era stato ripubblicato in <a href=\"https:\/\/www.wumingfoundation.com\/giap\/2023\/08\/nuova-edizione-di-difendere-la-terra-di-mezzo\/\">una nuova edizione riveduta e aumentata<\/a> (p. 300, \u20ac14). Nel 2023 scadevano i diritti decennali del libro e WM4 aveva deciso di offrirli a Bompiani, l\u2019editore italiano di Tolkien, il quale aveva accettato. Il nuovo marchio editoriale e le polemiche sulla mostra governativa hanno segnato la seconda vita del saggio di WM4. Lo si deduce dai meri numeri, che ne raccontano dettagliatamente la storia.<\/p>\n<p class=\"p1\"><a href=\"https:\/\/www.wumingfoundation.com\/giap\/wp-content\/uploads\/2024\/05\/5.jpg\"><img loading=\"lazy\" decoding=\"async\" class=\"alignright wp-image-55015\" src=\"https:\/\/www.wumingfoundation.com\/giap\/wp-content\/uploads\/2024\/05\/5-197x300.jpg\" alt=\"\" width=\"164\" height=\"250\" srcset=\"https:\/\/www.wumingfoundation.com\/giap\/wp-content\/uploads\/2024\/05\/5-197x300.jpg 197w, https:\/\/www.wumingfoundation.com\/giap\/wp-content\/uploads\/2024\/05\/5-672x1024.jpg 672w, https:\/\/www.wumingfoundation.com\/giap\/wp-content\/uploads\/2024\/05\/5.jpg 700w\" sizes=\"auto, (max-width: 164px) 100vw, 164px\" \/><\/a>Nella vecchia edizione Odoya, tra la fine del 2013 e il 2022, il libro aveva venduto appena <strong>1.750<\/strong> copie, delle quali la maggior parte nel primo anno abbondante dall&#8217;uscita.<span class=\"Apple-converted-space\">\u00a0<\/span><\/p>\n<p class=\"p1\">Poi nel 2023 la musica improvvisamente \u00e8 cambiata, come si diceva. Il libro \u00e8 stato ripubblicato da Bompiani ad agosto, pochi giorni prima del cinquantennale della morte di Tolkien. Nei quattro mesi restanti dell\u2019anno <em>Difendere la Terra di Mezzo<\/em>, su una tiratura di duemila copie ne ha vendute <strong>901<\/strong> cartacee + <strong>74<\/strong> in ebook. E l&#8217;andamento deve essere continuato anche nella prima met\u00e0 del 2024, perch\u00e9 da pochi giorni <strong>Bompiani ha dovuto andare in ristampa<\/strong>, portando la tiratura a tremila copie, che se volessimo aggiungerle alle duemila tirate a suo tempo da Odoya, farebbe un totale di cinquemila copie cartacee, di cui <strong>almeno 2.650<\/strong>\u00a0gi\u00e0 vendute.<\/p>\n<p class=\"p1\">Considerando che si tratta di un saggio monografico estremamente settoriale e su uno specifico autore, da molti conosciuto pi\u00f9 per i film tratti dalle sue opere che per la lettura diretta, sono numeri di tutto rispetto. Numeri che fanno ben sperare anche per il proseguimento di questa lunga e lenta marcia, cominciata pi\u00f9 di dieci anni fa e mai interrotta. Il libro ha continuato a sedimentare e lavorare in profondit\u00e0 piano piano, erodendo pregiudizi e vulgate, nonch\u00e9 ispirando nuove pubblicazioni. C&#8217;\u00e8 da augurarsi che continui a farlo per molto tempo ancora.<\/p>\n<p class=\"p1\"><img loading=\"lazy\" decoding=\"async\" class=\"alignleft wp-image-55041\" src=\"https:\/\/www.wumingfoundation.com\/giap\/wp-content\/uploads\/2024\/05\/regardezlarbre.jpg\" alt=\"\" width=\"180\" height=\"271\" srcset=\"https:\/\/www.wumingfoundation.com\/giap\/wp-content\/uploads\/2024\/05\/regardezlarbre.jpg 376w, https:\/\/www.wumingfoundation.com\/giap\/wp-content\/uploads\/2024\/05\/regardezlarbre-199x300.jpg 199w\" sizes=\"auto, (max-width: 180px) 100vw, 180px\" \/>Cogliamo l&#8217;occasione per rendere disponibile, ascoltabile e scaricabile la &#8220;pindarica&#8221; conferenza tenuta da WM4\u00a0al teatro di <strong>Dozza<\/strong> (BO) il 2 settembre 2023, nell&#8217;ambito delle celebrazioni per <em>Tolkien 50. <\/em><\/p>\n<p class=\"p1\">Si intitola\u00a0<em>Guardate l&#8217;albero: difendere \u00abtutto quel che cresce e non \u00e8 sterile\u00bb nella Terra di Mezzo\u00a0<\/em>ed \u00e8 un&#8217;attualizzazione di certe tematiche tolkieniane alla luce delle urgenze ambientali, al di l\u00e0 di qualsivoglia intento celebrativo e \u2013 ovviamente \u2013 in direzione ostinata e contraria rispetto alle kermesse e mostre governative. Si parla di Mordor, Jorn de Pr\u00e9cy, \u201criformisti sarumaniani\u201d e Jacques Camatte.<\/p>\n<p><strong>Guardate l&#8217;albero: difendere \u00abtutto quel che cresce e non \u00e8 sterile\u00bb nella Terra di Mezzo<\/strong><br \/>\n<a href=\"https:\/\/www.wumingfoundation.com\/suoni\/Wu_Ming_4_Guardate_albero.mp3\"> <em>&#8220;Guardate l&#8217;albero: difendere \u00abtutto quel che cresce e non \u00e8 sterile\u00bb nella Terra di Mezzo&#8221;.<\/em><\/a><b><\/b><\/p>\n<p>Seguendo il link qui di seguito invece si pu\u00f2 ascoltare l&#8217;audio della presentazione di <em>Difendere la Terra di Mezzo<\/em> tenutasi al centro sociale <strong>Newroz<\/strong> di Pisa, il 9 maggio 2024, a cura della Libreria popolare \u201cPaulo Freire\u201d, che \u00e8 ospitata all&#8217;interno di quello spazio: <a href=\"https:\/\/www.libreriapopolarepaulofreirepisa.com\/2024\/05\/22\/difendere-la-terra-di-mezzo-audio\/\">Difendere la Terra di Mezzo: Mito &amp; Immaginario<\/a><\/p>\n","protected":false},"excerpt":{"rendered":"Quando Difendere la Terra di Mezzo \u00e8 stato pubblicato per la prima volta, alla fine del 2013, per i tipi dell\u2019editore bolognese Odoya, ha rappresentato uno scrollone per la divulgazione tolkieniana in Italia. Fino a quel momento non erano usciti molti saggi italiani che contestualizzassero storicamente e letterariamente la narrativa di Tolkien. Il saggio di [&hellip;]","protected":false},"author":117,"featured_media":55009,"comment_status":"open","ping_status":"open","sticky":false,"template":"","format":"standard","meta":{"footnotes":""},"categories":[6],"tags":[1962,230],"class_list":["post-55006","post","type-post","status-publish","format-standard","has-post-thumbnail","hentry","category-news-e-segnalazioni","tag-difendere-la-terra-di-mezzo","tag-jrr-tolkien"],"yoast_head":"<!-- This site is optimized with the Yoast SEO plugin v27.4 - https:\/\/yoast.com\/product\/yoast-seo-wordpress\/ -->\n<title>La lunga (e lenta) marcia di \u00abDifendere la Terra di Mezzo\u00bb - Giap<\/title>\n<meta name=\"description\" content=\"Alcune riflessioni in occasione della nuova ristampa di Difendere la Terra di Mezzo.\" \/>\n<meta name=\"robots\" content=\"index, follow, max-snippet:-1, max-image-preview:large, max-video-preview:-1\" \/>\n<link rel=\"canonical\" href=\"https:\/\/www.wumingfoundation.com\/giap\/2024\/05\/lunga-difendere-la-terra-di-mezzo\/\" \/>\n<meta property=\"og:locale\" content=\"it_IT\" \/>\n<meta property=\"og:type\" content=\"article\" \/>\n<meta property=\"og:title\" content=\"La lunga (e lenta) marcia di \u00abDifendere la Terra di Mezzo\u00bb - Giap\" \/>\n<meta property=\"og:description\" content=\"Alcune riflessioni in occasione della nuova ristampa di Difendere la Terra di Mezzo.\" \/>\n<meta property=\"og:url\" content=\"https:\/\/www.wumingfoundation.com\/giap\/2024\/05\/lunga-difendere-la-terra-di-mezzo\/\" \/>\n<meta property=\"og:site_name\" content=\"Giap\" \/>\n<meta property=\"article:published_time\" content=\"2024-05-23T07:26:24+00:00\" \/>\n<meta property=\"article:modified_time\" content=\"2024-05-24T07:01:00+00:00\" \/>\n<meta property=\"og:image\" content=\"https:\/\/www.wumingfoundation.com\/giap\/wp-content\/uploads\/2024\/05\/1-copia.jpg\" \/>\n\t<meta property=\"og:image:width\" content=\"1024\" \/>\n\t<meta property=\"og:image:height\" content=\"1024\" \/>\n\t<meta property=\"og:image:type\" content=\"image\/jpeg\" \/>\n<meta name=\"author\" content=\"Wu Ming\" \/>\n<meta name=\"twitter:card\" content=\"summary_large_image\" \/>\n<meta name=\"twitter:creator\" content=\"@Wu_Ming_Foundt\" \/>\n<meta name=\"twitter:site\" content=\"@Wu_Ming_Foundt\" \/>\n<meta name=\"twitter:label1\" content=\"Scritto da\" \/>\n\t<meta name=\"twitter:data1\" content=\"Wu Ming\" \/>\n\t<meta name=\"twitter:label2\" content=\"Tempo di lettura stimato\" \/>\n\t<meta name=\"twitter:data2\" content=\"7 minuti\" \/>\n<script type=\"application\/ld+json\" class=\"yoast-schema-graph\">{\"@context\":\"https:\\\/\\\/schema.org\",\"@graph\":[{\"@type\":\"Article\",\"@id\":\"https:\\\/\\\/www.wumingfoundation.com\\\/giap\\\/2024\\\/05\\\/lunga-difendere-la-terra-di-mezzo\\\/#article\",\"isPartOf\":{\"@id\":\"https:\\\/\\\/www.wumingfoundation.com\\\/giap\\\/2024\\\/05\\\/lunga-difendere-la-terra-di-mezzo\\\/\"},\"author\":{\"name\":\"Wu Ming\",\"@id\":\"https:\\\/\\\/www.wumingfoundation.com\\\/giap\\\/#\\\/schema\\\/person\\\/a509f199077421552871a4cf2a327499\"},\"headline\":\"La lunga (e lenta) marcia di \u00abDifendere la Terra di Mezzo\u00bb\",\"datePublished\":\"2024-05-23T07:26:24+00:00\",\"dateModified\":\"2024-05-24T07:01:00+00:00\",\"mainEntityOfPage\":{\"@id\":\"https:\\\/\\\/www.wumingfoundation.com\\\/giap\\\/2024\\\/05\\\/lunga-difendere-la-terra-di-mezzo\\\/\"},\"wordCount\":1015,\"commentCount\":0,\"image\":{\"@id\":\"https:\\\/\\\/www.wumingfoundation.com\\\/giap\\\/2024\\\/05\\\/lunga-difendere-la-terra-di-mezzo\\\/#primaryimage\"},\"thumbnailUrl\":\"https:\\\/\\\/www.wumingfoundation.com\\\/giap\\\/wp-content\\\/uploads\\\/2024\\\/05\\\/1-copia.jpg\",\"keywords\":[\"Difendere la Terra di Mezzo\",\"JRR Tolkien\"],\"articleSection\":[\"Notizie\"],\"inLanguage\":\"it-IT\",\"potentialAction\":[{\"@type\":\"CommentAction\",\"name\":\"Comment\",\"target\":[\"https:\\\/\\\/www.wumingfoundation.com\\\/giap\\\/2024\\\/05\\\/lunga-difendere-la-terra-di-mezzo\\\/#respond\"]}]},{\"@type\":\"WebPage\",\"@id\":\"https:\\\/\\\/www.wumingfoundation.com\\\/giap\\\/2024\\\/05\\\/lunga-difendere-la-terra-di-mezzo\\\/\",\"url\":\"https:\\\/\\\/www.wumingfoundation.com\\\/giap\\\/2024\\\/05\\\/lunga-difendere-la-terra-di-mezzo\\\/\",\"name\":\"La lunga (e lenta) marcia di \u00abDifendere la Terra di Mezzo\u00bb - Giap\",\"isPartOf\":{\"@id\":\"https:\\\/\\\/www.wumingfoundation.com\\\/giap\\\/#website\"},\"primaryImageOfPage\":{\"@id\":\"https:\\\/\\\/www.wumingfoundation.com\\\/giap\\\/2024\\\/05\\\/lunga-difendere-la-terra-di-mezzo\\\/#primaryimage\"},\"image\":{\"@id\":\"https:\\\/\\\/www.wumingfoundation.com\\\/giap\\\/2024\\\/05\\\/lunga-difendere-la-terra-di-mezzo\\\/#primaryimage\"},\"thumbnailUrl\":\"https:\\\/\\\/www.wumingfoundation.com\\\/giap\\\/wp-content\\\/uploads\\\/2024\\\/05\\\/1-copia.jpg\",\"datePublished\":\"2024-05-23T07:26:24+00:00\",\"dateModified\":\"2024-05-24T07:01:00+00:00\",\"author\":{\"@id\":\"https:\\\/\\\/www.wumingfoundation.com\\\/giap\\\/#\\\/schema\\\/person\\\/a509f199077421552871a4cf2a327499\"},\"description\":\"Alcune riflessioni in occasione della nuova ristampa di Difendere la Terra di Mezzo.\",\"breadcrumb\":{\"@id\":\"https:\\\/\\\/www.wumingfoundation.com\\\/giap\\\/2024\\\/05\\\/lunga-difendere-la-terra-di-mezzo\\\/#breadcrumb\"},\"inLanguage\":\"it-IT\",\"potentialAction\":[{\"@type\":\"ReadAction\",\"target\":[\"https:\\\/\\\/www.wumingfoundation.com\\\/giap\\\/2024\\\/05\\\/lunga-difendere-la-terra-di-mezzo\\\/\"]}]},{\"@type\":\"ImageObject\",\"inLanguage\":\"it-IT\",\"@id\":\"https:\\\/\\\/www.wumingfoundation.com\\\/giap\\\/2024\\\/05\\\/lunga-difendere-la-terra-di-mezzo\\\/#primaryimage\",\"url\":\"https:\\\/\\\/www.wumingfoundation.com\\\/giap\\\/wp-content\\\/uploads\\\/2024\\\/05\\\/1-copia.jpg\",\"contentUrl\":\"https:\\\/\\\/www.wumingfoundation.com\\\/giap\\\/wp-content\\\/uploads\\\/2024\\\/05\\\/1-copia.jpg\",\"width\":1024,\"height\":1024},{\"@type\":\"BreadcrumbList\",\"@id\":\"https:\\\/\\\/www.wumingfoundation.com\\\/giap\\\/2024\\\/05\\\/lunga-difendere-la-terra-di-mezzo\\\/#breadcrumb\",\"itemListElement\":[{\"@type\":\"ListItem\",\"position\":1,\"name\":\"Home\",\"item\":\"https:\\\/\\\/www.wumingfoundation.com\\\/giap\\\/\"},{\"@type\":\"ListItem\",\"position\":2,\"name\":\"La lunga (e lenta) marcia di \u00abDifendere la Terra di Mezzo\u00bb\"}]},{\"@type\":\"WebSite\",\"@id\":\"https:\\\/\\\/www.wumingfoundation.com\\\/giap\\\/#website\",\"url\":\"https:\\\/\\\/www.wumingfoundation.com\\\/giap\\\/\",\"name\":\"Giap\",\"description\":\"Il sito ufficiale di Wu Ming, collettivo di scrittori\",\"potentialAction\":[{\"@type\":\"SearchAction\",\"target\":{\"@type\":\"EntryPoint\",\"urlTemplate\":\"https:\\\/\\\/www.wumingfoundation.com\\\/giap\\\/?s={search_term_string}\"},\"query-input\":{\"@type\":\"PropertyValueSpecification\",\"valueRequired\":true,\"valueName\":\"search_term_string\"}}],\"inLanguage\":\"it-IT\"},{\"@type\":\"Person\",\"@id\":\"https:\\\/\\\/www.wumingfoundation.com\\\/giap\\\/#\\\/schema\\\/person\\\/a509f199077421552871a4cf2a327499\",\"name\":\"Wu Ming\",\"image\":{\"@type\":\"ImageObject\",\"inLanguage\":\"it-IT\",\"@id\":\"https:\\\/\\\/secure.gravatar.com\\\/avatar\\\/1aa2417cb55b3a8bd4988fca42ea7ef75c86ef8bb0ea1bf9102119b6d11c6238?s=96&d=blank&r=g\",\"url\":\"https:\\\/\\\/secure.gravatar.com\\\/avatar\\\/1aa2417cb55b3a8bd4988fca42ea7ef75c86ef8bb0ea1bf9102119b6d11c6238?s=96&d=blank&r=g\",\"contentUrl\":\"https:\\\/\\\/secure.gravatar.com\\\/avatar\\\/1aa2417cb55b3a8bd4988fca42ea7ef75c86ef8bb0ea1bf9102119b6d11c6238?s=96&d=blank&r=g\",\"caption\":\"Wu Ming\"}}]}<\/script>\n<!-- \/ Yoast SEO plugin. -->","yoast_head_json":{"title":"La lunga (e lenta) marcia di \u00abDifendere la Terra di Mezzo\u00bb - Giap","description":"Alcune riflessioni in occasione della nuova ristampa di Difendere la Terra di Mezzo.","robots":{"index":"index","follow":"follow","max-snippet":"max-snippet:-1","max-image-preview":"max-image-preview:large","max-video-preview":"max-video-preview:-1"},"canonical":"https:\/\/www.wumingfoundation.com\/giap\/2024\/05\/lunga-difendere-la-terra-di-mezzo\/","og_locale":"it_IT","og_type":"article","og_title":"La lunga (e lenta) marcia di \u00abDifendere la Terra di Mezzo\u00bb - Giap","og_description":"Alcune riflessioni in occasione della nuova ristampa di Difendere la Terra di Mezzo.","og_url":"https:\/\/www.wumingfoundation.com\/giap\/2024\/05\/lunga-difendere-la-terra-di-mezzo\/","og_site_name":"Giap","article_published_time":"2024-05-23T07:26:24+00:00","article_modified_time":"2024-05-24T07:01:00+00:00","og_image":[{"width":1024,"height":1024,"url":"https:\/\/www.wumingfoundation.com\/giap\/wp-content\/uploads\/2024\/05\/1-copia.jpg","type":"image\/jpeg"}],"author":"Wu Ming","twitter_card":"summary_large_image","twitter_creator":"@Wu_Ming_Foundt","twitter_site":"@Wu_Ming_Foundt","twitter_misc":{"Scritto da":"Wu Ming","Tempo di lettura stimato":"7 minuti"},"schema":{"@context":"https:\/\/schema.org","@graph":[{"@type":"Article","@id":"https:\/\/www.wumingfoundation.com\/giap\/2024\/05\/lunga-difendere-la-terra-di-mezzo\/#article","isPartOf":{"@id":"https:\/\/www.wumingfoundation.com\/giap\/2024\/05\/lunga-difendere-la-terra-di-mezzo\/"},"author":{"name":"Wu Ming","@id":"https:\/\/www.wumingfoundation.com\/giap\/#\/schema\/person\/a509f199077421552871a4cf2a327499"},"headline":"La lunga (e lenta) marcia di \u00abDifendere la Terra di Mezzo\u00bb","datePublished":"2024-05-23T07:26:24+00:00","dateModified":"2024-05-24T07:01:00+00:00","mainEntityOfPage":{"@id":"https:\/\/www.wumingfoundation.com\/giap\/2024\/05\/lunga-difendere-la-terra-di-mezzo\/"},"wordCount":1015,"commentCount":0,"image":{"@id":"https:\/\/www.wumingfoundation.com\/giap\/2024\/05\/lunga-difendere-la-terra-di-mezzo\/#primaryimage"},"thumbnailUrl":"https:\/\/www.wumingfoundation.com\/giap\/wp-content\/uploads\/2024\/05\/1-copia.jpg","keywords":["Difendere la Terra di Mezzo","JRR Tolkien"],"articleSection":["Notizie"],"inLanguage":"it-IT","potentialAction":[{"@type":"CommentAction","name":"Comment","target":["https:\/\/www.wumingfoundation.com\/giap\/2024\/05\/lunga-difendere-la-terra-di-mezzo\/#respond"]}]},{"@type":"WebPage","@id":"https:\/\/www.wumingfoundation.com\/giap\/2024\/05\/lunga-difendere-la-terra-di-mezzo\/","url":"https:\/\/www.wumingfoundation.com\/giap\/2024\/05\/lunga-difendere-la-terra-di-mezzo\/","name":"La lunga (e lenta) marcia di \u00abDifendere la Terra di Mezzo\u00bb - Giap","isPartOf":{"@id":"https:\/\/www.wumingfoundation.com\/giap\/#website"},"primaryImageOfPage":{"@id":"https:\/\/www.wumingfoundation.com\/giap\/2024\/05\/lunga-difendere-la-terra-di-mezzo\/#primaryimage"},"image":{"@id":"https:\/\/www.wumingfoundation.com\/giap\/2024\/05\/lunga-difendere-la-terra-di-mezzo\/#primaryimage"},"thumbnailUrl":"https:\/\/www.wumingfoundation.com\/giap\/wp-content\/uploads\/2024\/05\/1-copia.jpg","datePublished":"2024-05-23T07:26:24+00:00","dateModified":"2024-05-24T07:01:00+00:00","author":{"@id":"https:\/\/www.wumingfoundation.com\/giap\/#\/schema\/person\/a509f199077421552871a4cf2a327499"},"description":"Alcune riflessioni in occasione della nuova ristampa di Difendere la Terra di Mezzo.","breadcrumb":{"@id":"https:\/\/www.wumingfoundation.com\/giap\/2024\/05\/lunga-difendere-la-terra-di-mezzo\/#breadcrumb"},"inLanguage":"it-IT","potentialAction":[{"@type":"ReadAction","target":["https:\/\/www.wumingfoundation.com\/giap\/2024\/05\/lunga-difendere-la-terra-di-mezzo\/"]}]},{"@type":"ImageObject","inLanguage":"it-IT","@id":"https:\/\/www.wumingfoundation.com\/giap\/2024\/05\/lunga-difendere-la-terra-di-mezzo\/#primaryimage","url":"https:\/\/www.wumingfoundation.com\/giap\/wp-content\/uploads\/2024\/05\/1-copia.jpg","contentUrl":"https:\/\/www.wumingfoundation.com\/giap\/wp-content\/uploads\/2024\/05\/1-copia.jpg","width":1024,"height":1024},{"@type":"BreadcrumbList","@id":"https:\/\/www.wumingfoundation.com\/giap\/2024\/05\/lunga-difendere-la-terra-di-mezzo\/#breadcrumb","itemListElement":[{"@type":"ListItem","position":1,"name":"Home","item":"https:\/\/www.wumingfoundation.com\/giap\/"},{"@type":"ListItem","position":2,"name":"La lunga (e lenta) marcia di \u00abDifendere la Terra di Mezzo\u00bb"}]},{"@type":"WebSite","@id":"https:\/\/www.wumingfoundation.com\/giap\/#website","url":"https:\/\/www.wumingfoundation.com\/giap\/","name":"Giap","description":"Il sito ufficiale di Wu Ming, collettivo di scrittori","potentialAction":[{"@type":"SearchAction","target":{"@type":"EntryPoint","urlTemplate":"https:\/\/www.wumingfoundation.com\/giap\/?s={search_term_string}"},"query-input":{"@type":"PropertyValueSpecification","valueRequired":true,"valueName":"search_term_string"}}],"inLanguage":"it-IT"},{"@type":"Person","@id":"https:\/\/www.wumingfoundation.com\/giap\/#\/schema\/person\/a509f199077421552871a4cf2a327499","name":"Wu Ming","image":{"@type":"ImageObject","inLanguage":"it-IT","@id":"https:\/\/secure.gravatar.com\/avatar\/1aa2417cb55b3a8bd4988fca42ea7ef75c86ef8bb0ea1bf9102119b6d11c6238?s=96&d=blank&r=g","url":"https:\/\/secure.gravatar.com\/avatar\/1aa2417cb55b3a8bd4988fca42ea7ef75c86ef8bb0ea1bf9102119b6d11c6238?s=96&d=blank&r=g","contentUrl":"https:\/\/secure.gravatar.com\/avatar\/1aa2417cb55b3a8bd4988fca42ea7ef75c86ef8bb0ea1bf9102119b6d11c6238?s=96&d=blank&r=g","caption":"Wu Ming"}}]}},"_links":{"self":[{"href":"https:\/\/www.wumingfoundation.com\/giap\/wp-json\/wp\/v2\/posts\/55006","targetHints":{"allow":["GET"]}}],"collection":[{"href":"https:\/\/www.wumingfoundation.com\/giap\/wp-json\/wp\/v2\/posts"}],"about":[{"href":"https:\/\/www.wumingfoundation.com\/giap\/wp-json\/wp\/v2\/types\/post"}],"author":[{"embeddable":true,"href":"https:\/\/www.wumingfoundation.com\/giap\/wp-json\/wp\/v2\/users\/117"}],"replies":[{"embeddable":true,"href":"https:\/\/www.wumingfoundation.com\/giap\/wp-json\/wp\/v2\/comments?post=55006"}],"version-history":[{"count":7,"href":"https:\/\/www.wumingfoundation.com\/giap\/wp-json\/wp\/v2\/posts\/55006\/revisions"}],"predecessor-version":[{"id":55077,"href":"https:\/\/www.wumingfoundation.com\/giap\/wp-json\/wp\/v2\/posts\/55006\/revisions\/55077"}],"wp:featuredmedia":[{"embeddable":true,"href":"https:\/\/www.wumingfoundation.com\/giap\/wp-json\/wp\/v2\/media\/55009"}],"wp:attachment":[{"href":"https:\/\/www.wumingfoundation.com\/giap\/wp-json\/wp\/v2\/media?parent=55006"}],"wp:term":[{"taxonomy":"category","embeddable":true,"href":"https:\/\/www.wumingfoundation.com\/giap\/wp-json\/wp\/v2\/categories?post=55006"},{"taxonomy":"post_tag","embeddable":true,"href":"https:\/\/www.wumingfoundation.com\/giap\/wp-json\/wp\/v2\/tags?post=55006"}],"curies":[{"name":"wp","href":"https:\/\/api.w.org\/{rel}","templated":true}]}}