{"id":54020,"date":"2023-12-13T13:42:31","date_gmt":"2023-12-13T12:42:31","guid":{"rendered":"https:\/\/www.wumingfoundation.com\/giap\/?p=54020"},"modified":"2023-12-20T14:05:33","modified_gmt":"2023-12-20T13:05:33","slug":"fantasie-di-complotto-sul-clima-1","status":"publish","type":"post","link":"https:\/\/www.wumingfoundation.com\/giap\/2023\/12\/fantasie-di-complotto-sul-clima-1\/","title":{"rendered":"Fantasie di complotto sul clima. Un&#8217;inchiesta di Wu Ming 1 su Internazionale, prima puntata"},"content":{"rendered":"<div align=\"center\"><span style=\"font-size: small;\"><a href=\"https:\/\/aesteladodelmediterraneo.wordpress.com\/2023\/12\/19\/por-que-tenemos-que-tomarnos-en-serio-las-fantasias-de-la-conspiracion-sobre-el-clima\/\">Tambi\u00e9n en <strong>castellano<\/strong><\/a><\/span><\/div>\n<div id=\"attachment_54021\" style=\"width: 710px\" class=\"wp-caption aligncenter\"><a href=\"https:\/\/www.wumingfoundation.com\/giap\/wp-content\/uploads\/2023\/12\/Schermata-2023-12-12-alle-11.21.03.png\"><img loading=\"lazy\" decoding=\"async\" aria-describedby=\"caption-attachment-54021\" class=\"wp-image-54021\" src=\"https:\/\/www.wumingfoundation.com\/giap\/wp-content\/uploads\/2023\/12\/Schermata-2023-12-12-alle-11.21.03.png\" alt=\"Fantasie di complotto sul clima. Diaporama delle conferenze tenute da WM1 a Bruxelles e a Parigi, rispettivamente l'1 e il 4 dicembre 2023.\" width=\"700\" height=\"512\" srcset=\"https:\/\/www.wumingfoundation.com\/giap\/wp-content\/uploads\/2023\/12\/Schermata-2023-12-12-alle-11.21.03.png 1192w, https:\/\/www.wumingfoundation.com\/giap\/wp-content\/uploads\/2023\/12\/Schermata-2023-12-12-alle-11.21.03-300x219.png 300w, https:\/\/www.wumingfoundation.com\/giap\/wp-content\/uploads\/2023\/12\/Schermata-2023-12-12-alle-11.21.03-1024x749.png 1024w, https:\/\/www.wumingfoundation.com\/giap\/wp-content\/uploads\/2023\/12\/Schermata-2023-12-12-alle-11.21.03-768x562.png 768w\" sizes=\"auto, (max-width: 700px) 100vw, 700px\" \/><\/a><p id=\"caption-attachment-54021\" class=\"wp-caption-text\">Diaporama delle conferenze tenute da WM1 a Bruxelles e a Parigi, rispettivamente l&#8217;1 e il 4 dicembre 2023.<\/p><\/div>\n<p>[<strong>WM1<\/strong>:] Su <em>Internazionale<\/em>, edizione on line, \u00e8 disponibile la prima parte di una mia inchiesta intitolata <a href=\"https:\/\/www.internazionale.it\/reportage\/wu-ming-1\/2023\/12\/13\/fantasie-complotto-clima\"><strong>\u00abPerch\u00e9 dobbiamo prendere sul serio le fantasie di complotto sul clima<\/strong>\u00bb<\/a>.<\/p>\n<p>Su quest&#8217;argomento ho tenuto due conferenze in Belgio e Francia pochi giorni fa: la prima l&#8217;1 dicembre all&#8217;universit\u00e0 Saint-Louis di Bruxelles; la seconda il 4 dicembre all&#8217;universit\u00e0 Paris 8 Vincennes\u2013Saint-Denis.<\/p>\n<p>Dai materiali preparatori ho tratto anche l&#8217;inchiesta per <em>Internazionale<\/em>, divisa in due puntate. \u00c8 un ulteriore sviluppo del lavoro portato avanti negli ultimi anni e sfociato nel libro <a href=\"https:\/\/www.wumingfoundation.com\/giap\/tag\/la-q-di-qomplotto\/\"><em>La Q di Qomplotto<\/em><\/a>.<\/p>\n<p>La prima puntata prende le mosse da una storia circolata durante le alluvioni in Emilia-Romagna del maggio 2023: quella dell&#8217;\u00abaereo di <strong>Red Ronnie<\/strong>\u00bb.<!--more--><\/p>\n<p>Partendo dal singolo episodio, identifico un insieme di fantasie di complotto sul clima che definisco \u00abdi seconda generazione\u00bb.<\/p>\n<p>Diverse dal cosiddetto \u00abnegazionismo\u00bb, queste narrazioni si formano intorno a importanti nuclei di verit\u00e0, come l&#8217;uso militare di tecniche di <em>cloud seeding<\/em>, l&#8217;impatto climalterante del traffico aereo e i pericoli della geoingegneria solare.<\/p>\n<div id=\"attachment_54035\" style=\"width: 710px\" class=\"wp-caption aligncenter\"><a href=\"https:\/\/www.wumingfoundation.com\/giap\/wp-content\/uploads\/2023\/12\/aereomisterioso.png\"><img loading=\"lazy\" decoding=\"async\" aria-describedby=\"caption-attachment-54035\" class=\"wp-image-54035\" src=\"https:\/\/www.wumingfoundation.com\/giap\/wp-content\/uploads\/2023\/12\/aereomisterioso.png\" alt=\"Fantasie di complotto sul clima: un riquadro del diaporama\" width=\"700\" height=\"467\" srcset=\"https:\/\/www.wumingfoundation.com\/giap\/wp-content\/uploads\/2023\/12\/aereomisterioso.png 1201w, https:\/\/www.wumingfoundation.com\/giap\/wp-content\/uploads\/2023\/12\/aereomisterioso-300x200.png 300w, https:\/\/www.wumingfoundation.com\/giap\/wp-content\/uploads\/2023\/12\/aereomisterioso-1024x683.png 1024w, https:\/\/www.wumingfoundation.com\/giap\/wp-content\/uploads\/2023\/12\/aereomisterioso-768x512.png 768w\" sizes=\"auto, (max-width: 700px) 100vw, 700px\" \/><\/a><p id=\"caption-attachment-54035\" class=\"wp-caption-text\">Fantasie di complotto sul clima: un riquadro del diaporama.<\/p><\/div>\n<h5><strong>A proposito dei \u00abnuclei di verit\u00e0\u00bb<\/strong><\/h5>\n<p>Il termine \u00abverit\u00e0\u00bb, gi\u00e0 appesantito da secoli di speculazioni filosofiche, deve ancora riprendersi dopo decenni di <em>linguistic turn<\/em>\u00a0e sbornia decostruzionista. Per questo l&#8217;espressione \u00abnuclei di verit\u00e0\u00bb fa inarcare sopracciglia. Approfitto di questo spazio per una precisazione.<\/p>\n<p>Non \u00e8 una mera questione di <em>fatti<\/em> e di <em>oggettivit\u00e0<\/em>. La verit\u00e0 dei nuclei di verit\u00e0 \u00e8 ovviamente relativa,\u00a0<em>situata<\/em>. I nuclei di verit\u00e0 sono elementi che noi anticapitalisti possiamo riconoscere come parte della nostra esperienza e visione del mondo. Partendo da tali elementi, possiamo stabilire un contatto con chi crede a fantasie di complotto e cercare un terreno comune, senza\u00a0<em>ratiosuprematismo<\/em>, senza complesso di superiorit\u00e0, senza pensare di cavarcela, come fanno i debunker, <em>forando palloncini<\/em>.<\/p>\n<p>Se l&#8217;espressione non piace si pu\u00f2 sostituire con: \u00abpremesse che noi anticapitalisti accettiamo come altamente plausibili, in base alle quali possiamo relazionarci con chi crede a fantasie di complotto\u00bb.<\/p>\n<p>Io trovo pi\u00f9 comodo chiamarli nuclei di verit\u00e0.<\/p>\n<p>Quando dico che dobbiamo confrontarci con queste persone, non mi riferisco ai mestatori e venditori di complotti a tempo pieno. Non \u00e8 con gli <em>influenzatori<\/em> che dobbiamo parlare, ma con le persone incazzate e angosciate, umiliate e schiacciate dallo stato delle cose, che sentono sulla pelle quanto questo sistema sia truccato e distruttivo, e in certe fantasie di complotto pensano di trovare le spiegazioni di cui hanno bisogno.<\/p>\n<h4><strong>\u2192 <a href=\"https:\/\/www.internazionale.it\/reportage\/wu-ming-1\/2023\/12\/13\/fantasie-complotto-clima\">Buona lettura<\/a>.<\/strong><\/h4>\n","protected":false},"excerpt":{"rendered":"Tambi\u00e9n en castellano [WM1:] Su Internazionale, edizione on line, \u00e8 disponibile la prima parte di una mia inchiesta intitolata \u00abPerch\u00e9 dobbiamo prendere sul serio le fantasie di complotto sul clima\u00bb. Su quest&#8217;argomento ho tenuto due conferenze in Belgio e Francia pochi giorni fa: la prima l&#8217;1 dicembre all&#8217;universit\u00e0 Saint-Louis di Bruxelles; la seconda il 4 [&hellip;]","protected":false},"author":1,"featured_media":54021,"comment_status":"open","ping_status":"open","sticky":false,"template":"","format":"standard","meta":{"footnotes":""},"categories":[6],"tags":[3309,4753,4437,4755,4754,4316,4528,939],"class_list":["post-54020","post","type-post","status-publish","format-standard","has-post-thumbnail","hentry","category-news-e-segnalazioni","tag-cambiamento-climatico","tag-cloud-seeding","tag-fantasie-di-complotto","tag-fantasie-di-complotto-sul-clima","tag-geoingegneria","tag-la-q-di-qomplotto","tag-nuclei-di-verita","tag-red-ronnie"],"yoast_head":"<!-- This site is optimized with the Yoast SEO plugin v27.4 - https:\/\/yoast.com\/product\/yoast-seo-wordpress\/ -->\n<title>Fantasie di complotto sul clima. Un&#039;inchiesta di WM1 su Internazionale \u2013 1<\/title>\n<meta name=\"description\" content=\"Che cosa sono le fantasie di complotto sul clima di seconda generazione e perch\u00e9 ci riguardano e ci interpellano.\" \/>\n<meta name=\"robots\" content=\"index, follow, max-snippet:-1, max-image-preview:large, max-video-preview:-1\" \/>\n<link rel=\"canonical\" href=\"https:\/\/www.wumingfoundation.com\/giap\/2023\/12\/fantasie-di-complotto-sul-clima-1\/\" \/>\n<meta property=\"og:locale\" content=\"it_IT\" \/>\n<meta property=\"og:type\" content=\"article\" \/>\n<meta property=\"og:title\" content=\"Fantasie di complotto sul clima. Un&#039;inchiesta di WM1 su Internazionale \u2013 1\" \/>\n<meta property=\"og:description\" content=\"Che cosa sono le fantasie di complotto sul clima di seconda generazione e perch\u00e9 ci riguardano e ci interpellano.\" \/>\n<meta property=\"og:url\" content=\"https:\/\/www.wumingfoundation.com\/giap\/2023\/12\/fantasie-di-complotto-sul-clima-1\/\" \/>\n<meta property=\"og:site_name\" content=\"Giap\" \/>\n<meta property=\"article:published_time\" content=\"2023-12-13T12:42:31+00:00\" \/>\n<meta property=\"article:modified_time\" content=\"2023-12-20T13:05:33+00:00\" \/>\n<meta property=\"og:image\" content=\"https:\/\/www.wumingfoundation.com\/giap\/wp-content\/uploads\/2023\/12\/Schermata-2023-12-12-alle-11.21.03.png\" \/>\n\t<meta property=\"og:image:width\" content=\"1192\" \/>\n\t<meta property=\"og:image:height\" content=\"872\" \/>\n\t<meta property=\"og:image:type\" content=\"image\/png\" \/>\n<meta name=\"author\" content=\"Wu Ming\" \/>\n<meta name=\"twitter:card\" content=\"summary_large_image\" \/>\n<meta name=\"twitter:creator\" content=\"@Wu_Ming_Foundt\" \/>\n<meta name=\"twitter:site\" content=\"@Wu_Ming_Foundt\" \/>\n<meta name=\"twitter:label1\" content=\"Scritto da\" \/>\n\t<meta name=\"twitter:data1\" content=\"Wu Ming\" \/>\n\t<meta name=\"twitter:label2\" content=\"Tempo di lettura stimato\" \/>\n\t<meta name=\"twitter:data2\" content=\"3 minuti\" \/>\n<script type=\"application\/ld+json\" class=\"yoast-schema-graph\">{\"@context\":\"https:\\\/\\\/schema.org\",\"@graph\":[{\"@type\":\"Article\",\"@id\":\"https:\\\/\\\/www.wumingfoundation.com\\\/giap\\\/2023\\\/12\\\/fantasie-di-complotto-sul-clima-1\\\/#article\",\"isPartOf\":{\"@id\":\"https:\\\/\\\/www.wumingfoundation.com\\\/giap\\\/2023\\\/12\\\/fantasie-di-complotto-sul-clima-1\\\/\"},\"author\":{\"name\":\"Wu Ming\",\"@id\":\"https:\\\/\\\/www.wumingfoundation.com\\\/giap\\\/#\\\/schema\\\/person\\\/881b1c925aaf48fe6eb5c3970be4458f\"},\"headline\":\"Fantasie di complotto sul clima. Un&#8217;inchiesta di Wu Ming 1 su Internazionale, prima puntata\",\"datePublished\":\"2023-12-13T12:42:31+00:00\",\"dateModified\":\"2023-12-20T13:05:33+00:00\",\"mainEntityOfPage\":{\"@id\":\"https:\\\/\\\/www.wumingfoundation.com\\\/giap\\\/2023\\\/12\\\/fantasie-di-complotto-sul-clima-1\\\/\"},\"wordCount\":448,\"commentCount\":37,\"image\":{\"@id\":\"https:\\\/\\\/www.wumingfoundation.com\\\/giap\\\/2023\\\/12\\\/fantasie-di-complotto-sul-clima-1\\\/#primaryimage\"},\"thumbnailUrl\":\"https:\\\/\\\/www.wumingfoundation.com\\\/giap\\\/wp-content\\\/uploads\\\/2023\\\/12\\\/Schermata-2023-12-12-alle-11.21.03.png\",\"keywords\":[\"cambiamento climatico\",\"cloud seeding\",\"fantasie di complotto\",\"fantasie di complotto sul clima\",\"geoingegneria\",\"La Q di Qomplotto\",\"nuclei di verit\u00e0\",\"Red Ronnie\"],\"articleSection\":[\"Notizie\"],\"inLanguage\":\"it-IT\",\"potentialAction\":[{\"@type\":\"CommentAction\",\"name\":\"Comment\",\"target\":[\"https:\\\/\\\/www.wumingfoundation.com\\\/giap\\\/2023\\\/12\\\/fantasie-di-complotto-sul-clima-1\\\/#respond\"]}]},{\"@type\":\"WebPage\",\"@id\":\"https:\\\/\\\/www.wumingfoundation.com\\\/giap\\\/2023\\\/12\\\/fantasie-di-complotto-sul-clima-1\\\/\",\"url\":\"https:\\\/\\\/www.wumingfoundation.com\\\/giap\\\/2023\\\/12\\\/fantasie-di-complotto-sul-clima-1\\\/\",\"name\":\"Fantasie di complotto sul clima. Un'inchiesta di WM1 su Internazionale \u2013 1\",\"isPartOf\":{\"@id\":\"https:\\\/\\\/www.wumingfoundation.com\\\/giap\\\/#website\"},\"primaryImageOfPage\":{\"@id\":\"https:\\\/\\\/www.wumingfoundation.com\\\/giap\\\/2023\\\/12\\\/fantasie-di-complotto-sul-clima-1\\\/#primaryimage\"},\"image\":{\"@id\":\"https:\\\/\\\/www.wumingfoundation.com\\\/giap\\\/2023\\\/12\\\/fantasie-di-complotto-sul-clima-1\\\/#primaryimage\"},\"thumbnailUrl\":\"https:\\\/\\\/www.wumingfoundation.com\\\/giap\\\/wp-content\\\/uploads\\\/2023\\\/12\\\/Schermata-2023-12-12-alle-11.21.03.png\",\"datePublished\":\"2023-12-13T12:42:31+00:00\",\"dateModified\":\"2023-12-20T13:05:33+00:00\",\"author\":{\"@id\":\"https:\\\/\\\/www.wumingfoundation.com\\\/giap\\\/#\\\/schema\\\/person\\\/881b1c925aaf48fe6eb5c3970be4458f\"},\"description\":\"Che cosa sono le fantasie di complotto sul clima di seconda generazione e perch\u00e9 ci riguardano e ci interpellano.\",\"breadcrumb\":{\"@id\":\"https:\\\/\\\/www.wumingfoundation.com\\\/giap\\\/2023\\\/12\\\/fantasie-di-complotto-sul-clima-1\\\/#breadcrumb\"},\"inLanguage\":\"it-IT\",\"potentialAction\":[{\"@type\":\"ReadAction\",\"target\":[\"https:\\\/\\\/www.wumingfoundation.com\\\/giap\\\/2023\\\/12\\\/fantasie-di-complotto-sul-clima-1\\\/\"]}]},{\"@type\":\"ImageObject\",\"inLanguage\":\"it-IT\",\"@id\":\"https:\\\/\\\/www.wumingfoundation.com\\\/giap\\\/2023\\\/12\\\/fantasie-di-complotto-sul-clima-1\\\/#primaryimage\",\"url\":\"https:\\\/\\\/www.wumingfoundation.com\\\/giap\\\/wp-content\\\/uploads\\\/2023\\\/12\\\/Schermata-2023-12-12-alle-11.21.03.png\",\"contentUrl\":\"https:\\\/\\\/www.wumingfoundation.com\\\/giap\\\/wp-content\\\/uploads\\\/2023\\\/12\\\/Schermata-2023-12-12-alle-11.21.03.png\",\"width\":1192,\"height\":872},{\"@type\":\"BreadcrumbList\",\"@id\":\"https:\\\/\\\/www.wumingfoundation.com\\\/giap\\\/2023\\\/12\\\/fantasie-di-complotto-sul-clima-1\\\/#breadcrumb\",\"itemListElement\":[{\"@type\":\"ListItem\",\"position\":1,\"name\":\"Home\",\"item\":\"https:\\\/\\\/www.wumingfoundation.com\\\/giap\\\/\"},{\"@type\":\"ListItem\",\"position\":2,\"name\":\"Fantasie di complotto sul clima. Un&#8217;inchiesta di Wu Ming 1 su Internazionale, prima puntata\"}]},{\"@type\":\"WebSite\",\"@id\":\"https:\\\/\\\/www.wumingfoundation.com\\\/giap\\\/#website\",\"url\":\"https:\\\/\\\/www.wumingfoundation.com\\\/giap\\\/\",\"name\":\"Giap\",\"description\":\"Il sito ufficiale di Wu Ming, collettivo di scrittori\",\"potentialAction\":[{\"@type\":\"SearchAction\",\"target\":{\"@type\":\"EntryPoint\",\"urlTemplate\":\"https:\\\/\\\/www.wumingfoundation.com\\\/giap\\\/?s={search_term_string}\"},\"query-input\":{\"@type\":\"PropertyValueSpecification\",\"valueRequired\":true,\"valueName\":\"search_term_string\"}}],\"inLanguage\":\"it-IT\"},{\"@type\":\"Person\",\"@id\":\"https:\\\/\\\/www.wumingfoundation.com\\\/giap\\\/#\\\/schema\\\/person\\\/881b1c925aaf48fe6eb5c3970be4458f\",\"name\":\"Wu Ming\",\"image\":{\"@type\":\"ImageObject\",\"inLanguage\":\"it-IT\",\"@id\":\"https:\\\/\\\/secure.gravatar.com\\\/avatar\\\/1f49001124f0d5b3aeb1d387dbd89e7b48de4c5c15539460ec1c154566c1723c?s=96&d=blank&r=g\",\"url\":\"https:\\\/\\\/secure.gravatar.com\\\/avatar\\\/1f49001124f0d5b3aeb1d387dbd89e7b48de4c5c15539460ec1c154566c1723c?s=96&d=blank&r=g\",\"contentUrl\":\"https:\\\/\\\/secure.gravatar.com\\\/avatar\\\/1f49001124f0d5b3aeb1d387dbd89e7b48de4c5c15539460ec1c154566c1723c?s=96&d=blank&r=g\",\"caption\":\"Wu Ming\"}}]}<\/script>\n<!-- \/ Yoast SEO plugin. -->","yoast_head_json":{"title":"Fantasie di complotto sul clima. Un'inchiesta di WM1 su Internazionale \u2013 1","description":"Che cosa sono le fantasie di complotto sul clima di seconda generazione e perch\u00e9 ci riguardano e ci interpellano.","robots":{"index":"index","follow":"follow","max-snippet":"max-snippet:-1","max-image-preview":"max-image-preview:large","max-video-preview":"max-video-preview:-1"},"canonical":"https:\/\/www.wumingfoundation.com\/giap\/2023\/12\/fantasie-di-complotto-sul-clima-1\/","og_locale":"it_IT","og_type":"article","og_title":"Fantasie di complotto sul clima. Un'inchiesta di WM1 su Internazionale \u2013 1","og_description":"Che cosa sono le fantasie di complotto sul clima di seconda generazione e perch\u00e9 ci riguardano e ci interpellano.","og_url":"https:\/\/www.wumingfoundation.com\/giap\/2023\/12\/fantasie-di-complotto-sul-clima-1\/","og_site_name":"Giap","article_published_time":"2023-12-13T12:42:31+00:00","article_modified_time":"2023-12-20T13:05:33+00:00","og_image":[{"width":1192,"height":872,"url":"https:\/\/www.wumingfoundation.com\/giap\/wp-content\/uploads\/2023\/12\/Schermata-2023-12-12-alle-11.21.03.png","type":"image\/png"}],"author":"Wu Ming","twitter_card":"summary_large_image","twitter_creator":"@Wu_Ming_Foundt","twitter_site":"@Wu_Ming_Foundt","twitter_misc":{"Scritto da":"Wu Ming","Tempo di lettura stimato":"3 minuti"},"schema":{"@context":"https:\/\/schema.org","@graph":[{"@type":"Article","@id":"https:\/\/www.wumingfoundation.com\/giap\/2023\/12\/fantasie-di-complotto-sul-clima-1\/#article","isPartOf":{"@id":"https:\/\/www.wumingfoundation.com\/giap\/2023\/12\/fantasie-di-complotto-sul-clima-1\/"},"author":{"name":"Wu Ming","@id":"https:\/\/www.wumingfoundation.com\/giap\/#\/schema\/person\/881b1c925aaf48fe6eb5c3970be4458f"},"headline":"Fantasie di complotto sul clima. Un&#8217;inchiesta di Wu Ming 1 su Internazionale, prima puntata","datePublished":"2023-12-13T12:42:31+00:00","dateModified":"2023-12-20T13:05:33+00:00","mainEntityOfPage":{"@id":"https:\/\/www.wumingfoundation.com\/giap\/2023\/12\/fantasie-di-complotto-sul-clima-1\/"},"wordCount":448,"commentCount":37,"image":{"@id":"https:\/\/www.wumingfoundation.com\/giap\/2023\/12\/fantasie-di-complotto-sul-clima-1\/#primaryimage"},"thumbnailUrl":"https:\/\/www.wumingfoundation.com\/giap\/wp-content\/uploads\/2023\/12\/Schermata-2023-12-12-alle-11.21.03.png","keywords":["cambiamento climatico","cloud seeding","fantasie di complotto","fantasie di complotto sul clima","geoingegneria","La Q di Qomplotto","nuclei di verit\u00e0","Red Ronnie"],"articleSection":["Notizie"],"inLanguage":"it-IT","potentialAction":[{"@type":"CommentAction","name":"Comment","target":["https:\/\/www.wumingfoundation.com\/giap\/2023\/12\/fantasie-di-complotto-sul-clima-1\/#respond"]}]},{"@type":"WebPage","@id":"https:\/\/www.wumingfoundation.com\/giap\/2023\/12\/fantasie-di-complotto-sul-clima-1\/","url":"https:\/\/www.wumingfoundation.com\/giap\/2023\/12\/fantasie-di-complotto-sul-clima-1\/","name":"Fantasie di complotto sul clima. Un'inchiesta di WM1 su Internazionale \u2013 1","isPartOf":{"@id":"https:\/\/www.wumingfoundation.com\/giap\/#website"},"primaryImageOfPage":{"@id":"https:\/\/www.wumingfoundation.com\/giap\/2023\/12\/fantasie-di-complotto-sul-clima-1\/#primaryimage"},"image":{"@id":"https:\/\/www.wumingfoundation.com\/giap\/2023\/12\/fantasie-di-complotto-sul-clima-1\/#primaryimage"},"thumbnailUrl":"https:\/\/www.wumingfoundation.com\/giap\/wp-content\/uploads\/2023\/12\/Schermata-2023-12-12-alle-11.21.03.png","datePublished":"2023-12-13T12:42:31+00:00","dateModified":"2023-12-20T13:05:33+00:00","author":{"@id":"https:\/\/www.wumingfoundation.com\/giap\/#\/schema\/person\/881b1c925aaf48fe6eb5c3970be4458f"},"description":"Che cosa sono le fantasie di complotto sul clima di seconda generazione e perch\u00e9 ci riguardano e ci interpellano.","breadcrumb":{"@id":"https:\/\/www.wumingfoundation.com\/giap\/2023\/12\/fantasie-di-complotto-sul-clima-1\/#breadcrumb"},"inLanguage":"it-IT","potentialAction":[{"@type":"ReadAction","target":["https:\/\/www.wumingfoundation.com\/giap\/2023\/12\/fantasie-di-complotto-sul-clima-1\/"]}]},{"@type":"ImageObject","inLanguage":"it-IT","@id":"https:\/\/www.wumingfoundation.com\/giap\/2023\/12\/fantasie-di-complotto-sul-clima-1\/#primaryimage","url":"https:\/\/www.wumingfoundation.com\/giap\/wp-content\/uploads\/2023\/12\/Schermata-2023-12-12-alle-11.21.03.png","contentUrl":"https:\/\/www.wumingfoundation.com\/giap\/wp-content\/uploads\/2023\/12\/Schermata-2023-12-12-alle-11.21.03.png","width":1192,"height":872},{"@type":"BreadcrumbList","@id":"https:\/\/www.wumingfoundation.com\/giap\/2023\/12\/fantasie-di-complotto-sul-clima-1\/#breadcrumb","itemListElement":[{"@type":"ListItem","position":1,"name":"Home","item":"https:\/\/www.wumingfoundation.com\/giap\/"},{"@type":"ListItem","position":2,"name":"Fantasie di complotto sul clima. Un&#8217;inchiesta di Wu Ming 1 su Internazionale, prima puntata"}]},{"@type":"WebSite","@id":"https:\/\/www.wumingfoundation.com\/giap\/#website","url":"https:\/\/www.wumingfoundation.com\/giap\/","name":"Giap","description":"Il sito ufficiale di Wu Ming, collettivo di scrittori","potentialAction":[{"@type":"SearchAction","target":{"@type":"EntryPoint","urlTemplate":"https:\/\/www.wumingfoundation.com\/giap\/?s={search_term_string}"},"query-input":{"@type":"PropertyValueSpecification","valueRequired":true,"valueName":"search_term_string"}}],"inLanguage":"it-IT"},{"@type":"Person","@id":"https:\/\/www.wumingfoundation.com\/giap\/#\/schema\/person\/881b1c925aaf48fe6eb5c3970be4458f","name":"Wu Ming","image":{"@type":"ImageObject","inLanguage":"it-IT","@id":"https:\/\/secure.gravatar.com\/avatar\/1f49001124f0d5b3aeb1d387dbd89e7b48de4c5c15539460ec1c154566c1723c?s=96&d=blank&r=g","url":"https:\/\/secure.gravatar.com\/avatar\/1f49001124f0d5b3aeb1d387dbd89e7b48de4c5c15539460ec1c154566c1723c?s=96&d=blank&r=g","contentUrl":"https:\/\/secure.gravatar.com\/avatar\/1f49001124f0d5b3aeb1d387dbd89e7b48de4c5c15539460ec1c154566c1723c?s=96&d=blank&r=g","caption":"Wu Ming"}}]}},"_links":{"self":[{"href":"https:\/\/www.wumingfoundation.com\/giap\/wp-json\/wp\/v2\/posts\/54020","targetHints":{"allow":["GET"]}}],"collection":[{"href":"https:\/\/www.wumingfoundation.com\/giap\/wp-json\/wp\/v2\/posts"}],"about":[{"href":"https:\/\/www.wumingfoundation.com\/giap\/wp-json\/wp\/v2\/types\/post"}],"author":[{"embeddable":true,"href":"https:\/\/www.wumingfoundation.com\/giap\/wp-json\/wp\/v2\/users\/1"}],"replies":[{"embeddable":true,"href":"https:\/\/www.wumingfoundation.com\/giap\/wp-json\/wp\/v2\/comments?post=54020"}],"version-history":[{"count":6,"href":"https:\/\/www.wumingfoundation.com\/giap\/wp-json\/wp\/v2\/posts\/54020\/revisions"}],"predecessor-version":[{"id":54150,"href":"https:\/\/www.wumingfoundation.com\/giap\/wp-json\/wp\/v2\/posts\/54020\/revisions\/54150"}],"wp:featuredmedia":[{"embeddable":true,"href":"https:\/\/www.wumingfoundation.com\/giap\/wp-json\/wp\/v2\/media\/54021"}],"wp:attachment":[{"href":"https:\/\/www.wumingfoundation.com\/giap\/wp-json\/wp\/v2\/media?parent=54020"}],"wp:term":[{"taxonomy":"category","embeddable":true,"href":"https:\/\/www.wumingfoundation.com\/giap\/wp-json\/wp\/v2\/categories?post=54020"},{"taxonomy":"post_tag","embeddable":true,"href":"https:\/\/www.wumingfoundation.com\/giap\/wp-json\/wp\/v2\/tags?post=54020"}],"curies":[{"name":"wp","href":"https:\/\/api.w.org\/{rel}","templated":true}]}}