{"id":53579,"date":"2023-11-08T09:28:28","date_gmt":"2023-11-08T08:28:28","guid":{"rendered":"https:\/\/www.wumingfoundation.com\/giap\/?p=53579"},"modified":"2024-07-20T09:57:38","modified_gmt":"2024-07-20T07:57:38","slug":"mostra-tolkien","status":"publish","type":"post","link":"https:\/\/www.wumingfoundation.com\/giap\/2023\/11\/mostra-tolkien\/","title":{"rendered":"Tolkien, i mostri e la mostra di Sangiuliano"},"content":{"rendered":"<p style=\"text-align: center;\"><a href=\"https:\/\/aesteladodelmediterraneo.wordpress.com\/2023\/11\/13\/tolkien-los-monstruos-y-la-exposicion-del-ministro-sangiuliano\/\"><span style=\"font-size: small;\">Tambi\u00e9n en <strong>castellano<\/strong><\/span><\/a><\/p>\n<p><img loading=\"lazy\" decoding=\"async\" class=\"aligncenter wp-image-53601\" title=\"La mostra Tolkien si ribella ai suoi curatori\" src=\"https:\/\/www.wumingfoundation.com\/giap\/wp-content\/uploads\/2023\/11\/IMG_0525.jpeg\" alt=\"mostra Tolkien\" width=\"700\" height=\"448\" srcset=\"https:\/\/www.wumingfoundation.com\/giap\/wp-content\/uploads\/2023\/11\/IMG_0525.jpeg 600w, https:\/\/www.wumingfoundation.com\/giap\/wp-content\/uploads\/2023\/11\/IMG_0525-300x192.jpeg 300w\" sizes=\"auto, (max-width: 700px) 100vw, 700px\" \/><\/p>\n<p class=\"p2\">Ne \u00e8 passata di acqua sotto i ponti da quando uno sparuto drappello di giovani del Movimento Sociale Italiano organizz\u00f2 i famosi <strong>Campi Hobbit<\/strong>. Era la fine degli anni Settanta e il panorama politico-culturale italiano era completamente diverso da oggi. Il paese era saldamente governato dalla Democrazia Cristiana, e all&#8217;opposizione c&#8217;era il partito comunista pi\u00f9 grande dell&#8217;Europa occidentale, a sua volta incalzato dalla generazione della Nuova Sinistra nata dal Sessantotto.<\/p>\n<p class=\"p2\">In quello scenario qualche giovane neofascista intraprendente tent\u00f2 di importare dalla Francia le posizioni della cosiddetta <em>Nouvelle Droite<\/em>, e di tradurle nel tentativo di superare il vecchio \u00abDio, patria, famiglia\u00bb dei nostalgici, accettando la sfida dell&#8217;odiata modernit\u00e0.<!--more--><\/p>\n<p class=\"p2\">Quei giovani neofascisti cercavano il confronto con la Nuova Sinistra sul piano culturale, prefigurando improbabili &#8220;nuove sintesi\u201d e il reciproco riconoscimento tra opposte fazioni, contro le vecchie guardie di entrambi i fronti.<span class=\"Apple-converted-space\">\u00a0<\/span><\/p>\n<div id=\"attachment_53586\" style=\"width: 210px\" class=\"wp-caption alignleft\"><a href=\"https:\/\/www.wumingfoundation.com\/giap\/wp-content\/uploads\/2023\/11\/foto_hobbit.jpeg\"><img loading=\"lazy\" decoding=\"async\" aria-describedby=\"caption-attachment-53586\" class=\"wp-image-53586 size-full\" src=\"https:\/\/www.wumingfoundation.com\/giap\/wp-content\/uploads\/2023\/11\/hobbit.jpg\" alt=\"\" width=\"200\" height=\"139\" \/><\/a><p id=\"caption-attachment-53586\" class=\"wp-caption-text\">Campo Hobbit<\/p><\/div>\n<p class=\"p2\">Sul piano culturale si trattava di mantenere un&#8217;approccio <em>terzista<\/em> rispetto ai blocchi contrapposti della guerra fredda, andando a ricercare le radici della tradizione europea bianca, per rigiocarle appunto sul terreno culturale, sia contro il capitalismo statunitense sia contro il socialismo sovietico come elementi allogeni.<\/p>\n<p class=\"p2\">In quest&#8217;ottica la Nuova Destra si interess\u00f2 a neopaganesimo, ecologismo, comunitarismo, localismo, e in qualche modo li ritrov\u00f2 nel <em>Signore degli Anelli<\/em>. L&#8217;opera di Tolkien venne quindi scoperta e letta da quella frangia minoritaria dell&#8217;MSI in questa chiave e non \u00e8 un caso che quei giovani scegliessero la Contea e gli Hobbit per dare il nome alla loro esperienza collettiva, proiettando sui protagonisti dei romanzi di Tolkien il proprio voler essere piccoli ma determinanti.<\/p>\n<p class=\"p2\">La stagione dei Campi Hobbit e della Nuova Destra sul piano politico fu breve. Presto il partito normalizz\u00f2 l&#8217;eresia, dopo aver gi\u00e0 messo d&#8217;imperio al vertice del comparto giovanile <strong>Gianfranco Fini<\/strong>, delfino di Almirante. Fu lui che nella prima met\u00e0 degli anni Novanta cambi\u00f2 pelle e nome al partito, ma per accettare l&#8217;alleanza con Silvio Berlusconi, abbracciando posizioni atlantiste e liberal-conservatrici. Quella trasformazione diede inizio alla storia che \u2013 con alterne vicende e ribaltamenti &#8211; porta fino a oggi.<\/p>\n<p class=\"p2\">I protagonisti delle puntate pi\u00f9 recenti della saga della destra italiana fanno parte di una nuova generazione, cresciuta politicamente durante il ventennio berlusconiano, ma che ha saputo sopravvivere alla crisi di quell&#8217;esperienza politica, e diventare maggioritaria all&#8217;interno della destra, fino a guadagnare la leadership del governo.<span class=\"Apple-converted-space\">\u00a0<\/span><\/p>\n<p class=\"p2\">Oggi la Nuova Destra \u00e8 solo il ricordo di un fallimento, per ammissione del suo teorico pi\u00f9 genuino, <strong>Marco Tarchi<\/strong>, ma le passioni letterarie sopravvivono alle svolte politiche e Tolkien \u00e8 rimasto nel cuore degli ex-neofascisti riconvertitisi neo-con.<span class=\"Apple-converted-space\">\u00a0<\/span><\/p>\n<div id=\"attachment_53582\" style=\"width: 210px\" class=\"wp-caption alignright\"><img loading=\"lazy\" decoding=\"async\" aria-describedby=\"caption-attachment-53582\" class=\"wp-image-53582 size-full\" src=\"https:\/\/www.wumingfoundation.com\/giap\/wp-content\/uploads\/2023\/11\/meloni-sangiuliano.jpg\" alt=\"\" width=\"200\" height=\"114\" \/><p id=\"caption-attachment-53582\" class=\"wp-caption-text\">Tolkieniani di governo<\/p><\/div>\n<p class=\"p2\">Ai tempi dei Campi Hobbit l&#8217;attuale ministro della cultura <strong>Gennaro Sangiuliano<\/strong> era adolescente e la premier <strong>Giorgia Meloni<\/strong> neonata, nondimeno hanno Tolkien tra i loro numi tutelari. \u00c8 celebre un&#8217;intervista a una giovanissima Meloni che indicava nel <em>Signore degli Anelli<\/em> il suo testo \u00abpolitico\u00bb di riferimento. Al comizio conclusivo della vittoriosa campagna elettorale meloniana, il doppiatore italiano di Aragorn \u2013 nonch\u00e9 voce di svariati spot del Mulino Bianco \u2013 ha declamato il celebre discorso agli \u00abuomini dell&#8217;Ovest\u00bb prima dell&#8217;ultima battaglia, tratto dal film di <strong>Peter Jackson<\/strong>.<\/p>\n<p class=\"p2\">Non stupisce quindi che questo governo abbia deciso di celebrare i 50 anni dalla morte di J.R.R. Tolkien con una mostra promossa dal ministero della cultura, dal titolo \u00ab<strong><a href=\"https:\/\/www.imuseidiroma.it\/news\/mostra-tolkien-gnam-2023\/\">Tolkien: uomo, professore, autore\u00bb<\/a><\/strong>, che si terr\u00e0 a Roma a partire dal 15 novembre, <span class=\"s1\">alla Galleria Nazionale d&#8217;Arte Moderna e Contemporanea, e che verr\u00e0 inaugurata dalla premier in persona.<\/span><\/p>\n<div id=\"attachment_53583\" style=\"width: 210px\" class=\"wp-caption alignleft\"><a href=\"https:\/\/www.imuseidiroma.it\/news\/mostra-tolkien-gnam-2023\/\"><img loading=\"lazy\" decoding=\"async\" aria-describedby=\"caption-attachment-53583\" class=\"wp-image-53583 size-full\" src=\"https:\/\/www.wumingfoundation.com\/giap\/wp-content\/uploads\/2023\/11\/locandina-mostra-tolkien-2023-gnam-roma.jpg\" alt=\"\" width=\"200\" height=\"132\" \/><\/a><p id=\"caption-attachment-53583\" class=\"wp-caption-text\">Locandina della mostra<\/p><\/div>\n<p class=\"p3\"><span class=\"s2\">Fin dal titolo e dal taglio scelti, la cornice discorsiva imposta alla mostra \u00e8 parecchio appiattita sull&#8217;uomo, il quale, nelle parole del ministro Sangiuliano, \u00abf<\/span>u un cattolico convinto che esalt\u00f2 il valore della tradizione, della comunit\u00e0 e della storia cui si appartiene, un vero conservatore, verrebbe da dire\u00bb. Definizione scarna ma relativamente corretta, che per\u00f2 si ferma appunto al dato biografico, senza tenere conto di quello che l&#8217;opera di Tolkien \u00e8 diventata a cavallo di due secoli come fenomeno letterario e culturale. Conservatorismo, tradizionalismo e cattolicesimo sono gli aspetti che il ministro tiene a esaltare, e questo fa il paio con la sua scelta di dare il primo annuncio della mostra in un contesto politico, cio\u00e8 alla festa dei giovani di Fratelli d&#8217;Italia, nel luglio scorso.<span class=\"Apple-converted-space\">\u00a0<\/span><\/p>\n<p class=\"p3\">Nessuna delle grandi mostre finora dedicate a Tolkien in Gran Bretagna, Stati Uniti e Francia si \u00e8 mai sognata di avere una cornice e un &#8220;cappello&#8221; di questo tipo. <span class=\"s2\">Non \u00e8 certo un caso che gli stessi curatori della mostra romana abbiano sentito di avanzare una <\/span><em>excusatio non petita<\/em>, specificando che la mostra \u00abn<span class=\"s3\">on sar\u00e0 una celebrazione politica e chi spera in questo rimarr\u00e0 fortemente deluso. Non ci si vuole appropriare di Tolkien\u00bb. E dunque<\/span> perch\u00e9 evocare questo rischio, reale o immaginario che sia? La lingua batte dove il dente duole.<span class=\"Apple-converted-space\">\u00a0<\/span><\/p>\n<div id=\"attachment_53584\" style=\"width: 161px\" class=\"wp-caption alignright\"><img loading=\"lazy\" decoding=\"async\" aria-describedby=\"caption-attachment-53584\" class=\"wp-image-53584 size-full\" src=\"https:\/\/www.wumingfoundation.com\/giap\/wp-content\/uploads\/2023\/11\/poster-manifesto-lucca-comics-2023_TOGETHER_by_Hanuka_Bros_1200x1978.png\" alt=\"\" width=\"151\" height=\"250\" \/><p id=\"caption-attachment-53584\" class=\"wp-caption-text\">Locandina LuccaC&amp;G<\/p><\/div>\n<p class=\"p3\">E che un problema odontoiatrico ci sia lo dimostra anche la reazione stizzita di Sangiuliano a <em>Lucca Comics &amp; Games<\/em>, quando un giornalista gli ha chiesto a bruciapelo se Tolkien fosse un riferimento culturale del governo. Una domanda che \u2013 per quanto visto fin qui \u2013 poteva meritare una semplice risposta affermativa, ha invece provocato una mezza invettiva:<\/p>\n<blockquote>\n<p class=\"p3\">\u00abGuardi, questo \u00e8 un modo di fare giornalismo, mi consenta&#8230; Tolkien ha una sua grandezza. Infatti il partner della mostra che faremo a Roma \u00e8 l&#8217;universit\u00e0 di Oxford. Non lo ridurrei a un canovaccio politico. Tolkien&#8230; Tolkien&#8230; Lei lo ha letto Tolkien?\u00bb.<span class=\"Apple-converted-space\">\u00a0<\/span><\/p>\n<\/blockquote>\n<p class=\"p3\">Il ministro deve averlo indubbiamente letto, al punto da potersi esprimere sulla portata della sua opera in questi termini:<span class=\"Apple-converted-space\">\u00a0<\/span><\/p>\n<blockquote>\n<p class=\"p3\">\u00abPenso che la sua opera apra il cuore alla visione di qualcosa che va oltre la prosaicit\u00e0 del quotidiano. Simboli universali e senza tempo, valori che ci sussurrano dentro. Tolkien riassume tutto con una celebre frase nel Signore degli Anelli: \u201cLe radici profonde non gelano\u201d\u00bb.<span class=\"Apple-converted-space\">\u00a0<\/span><\/p>\n<\/blockquote>\n<p class=\"p3\">Simboli universali ed eterni, valori innati&#8230; e la celebre citazione tanto cara alla destra di mezzo secolo fa, che campeggiava perfino sui muri di alcune sedi dell&#8217;MSI. Quali siano questi valori poi Sangiuliano lo rivela in una videointervista rilasciata ancora durante <em>Lucca Comics &amp; Games <\/em>(non prima di avere criticato la disdetta di <strong>Zerocalcare<\/strong> per via del patrocinio dell&#8217;ambasciata israeliana, mentre era in corso una rappresaglia a Gaza da cinquemila morti, in gran parte bambini). <em>Ipse dixit<\/em>:<\/p>\n<blockquote>\n<p class=\"p3\">\u00abSono valori universali e sono valori potenti: amicizia, comunit\u00e0, coraggio e solidariet\u00e0\u00bb.<span class=\"Apple-converted-space\">\u00a0<\/span><\/p>\n<\/blockquote>\n<p class=\"p3\">Per Sangiuliano l&#8217;importanza e l&#8217;universalit\u00e0 di questo autore dipenderebbero dalla presenza nella sua opera di virt\u00f9 riscontrabili in un qualunque film Disney (segue rumore di braccia che cadono). E pensare che ci sono studiosi che hanno versato fiumi d&#8217;inchiostro sulle tematiche affrontate nell&#8217;opera tolkieniana, come il problema del desiderio d&#8217;immortalit\u00e0, di potere e di potenziamento di s\u00e9 attraverso la Macchina; la critica allo sviluppo industriale e quella all&#8217;eroismo marziale; la perniciosit\u00e0 dell&#8217;ossessione conservatrice (stigmatizzata da un autore conservatore, s\u00ec, in letteratura capita anche questo); il rifiuto della disperazione anche nei momenti pi\u00f9 bui della storia; l&#8217;accettazione della separazione da ci\u00f2 che si ama; il rapporto tra storia e mito; l&#8217;importanza strategica dei piccoli attori nei grandi scenari geopolitici. Si potrebbe continuare a lungo, ma sar\u00e0 meglio limitarsi a sperare che i contenuti della mostra non siano \u201cpoveri\u201d come le parole di chi la promuove e la finanzia, per poi chiedere provocatoriamente agli altri se abbiano letto Tolkien.<\/p>\n<p class=\"p3\"><a href=\"https:\/\/www.wumingfoundation.com\/giap\/wp-content\/uploads\/2023\/11\/QdA.jpg\"><img loading=\"lazy\" decoding=\"async\" class=\"size-full wp-image-53592 alignleft\" src=\"https:\/\/www.wumingfoundation.com\/giap\/wp-content\/uploads\/2023\/11\/QdA.jpg\" alt=\"\" width=\"200\" height=\"281\" \/><\/a>In generale l&#8217;impressione \u00e8 che la lettura di Tolkien una volta cara alla Nuova Destra e oggi alla destra neoliberale del XXI secolo risulti ormai <em>demod\u00e9e<\/em>, per non dire vagamente grottesca e caricaturale. La cornice monocolore, per cos\u00ec dire, stona rispetto alla percezione affermatasi nel frattempo.<span class=\"Apple-converted-space\">\u00a0<\/span><\/p>\n<p class=\"p3\"><span class=\"s2\">Infatti da un lato opere come <\/span><em>Il Signore degli Anelli<\/em> e <em>Lo Hobbit<\/em> oggi sono universalmente conosciute grazie alle trasposizioni cinematografiche, la Terra di Mezzo \u00e8 entrata nell&#8217;immaginario collettivo, esiste un fandom variegatissimo e comunit\u00e0 che vivono quell&#8217;universo come passione al di l\u00e0 di qualsivoglia lettura orientata dell&#8217;opera letteraria. Dall&#8217;altro lato, sono nati e fioriti anche da noi gli studi tolkieniani, con un proliferare di associazioni, pubblicazioni, convegni accademici, riviste, ecc., che hanno messo l&#8217;Italia al passo con i vari filoni di pensiero critico internazionali sulla materia.<span class=\"Apple-converted-space\">\u00a0<\/span><\/p>\n<div id=\"attachment_53585\" style=\"width: 210px\" class=\"wp-caption alignright\"><a href=\"https:\/\/www.la7.it\/propagandalive\/video\/la-premier-degli-anelli-il-monologo-di-andrea-pennacchi-03-11-2023-511834\"><img loading=\"lazy\" decoding=\"async\" aria-describedby=\"caption-attachment-53585\" class=\"wp-image-53585 size-full\" src=\"https:\/\/www.wumingfoundation.com\/giap\/wp-content\/uploads\/2023\/11\/download-1.jpg\" alt=\"\" width=\"200\" height=\"150\" \/><\/a><p id=\"caption-attachment-53585\" class=\"wp-caption-text\">Andrea &#8220;Gandalf&#8221; Pennacchi<\/p><\/div>\n<p class=\"p2\"><span class=\"s1\">Oggi \u00e8 perfettamente comprensibile dal pubblico televisivo un<\/span> pezzo satirico come quello di <strong><a href=\"https:\/\/www.la7.it\/propagandalive\/video\/la-premier-degli-anelli-il-monologo-di-andrea-pennacchi-03-11-2023-511834\">Andrea Pennacchi<\/a><\/strong>, che prende in giro proprio l&#8217;uso politico della narrazione tolkieniana fatto dal governo. Mentre, al netto della partnership della mostra romana con l&#8217;universit\u00e0 di Oxford, il britannico <strong><a href=\"https:\/\/www.theguardian.com\/commentisfree\/2023\/nov\/03\/the-lord-of-the-rings-italy-giorgia-meloni-tolkien\">Guardian<\/a><\/strong>\u00a0si chiede: <span class=\"s5\">\u00abCosa sta cercando di ottenere questo governo imprimendo il proprio marchio in modo cos\u00ec aggressivo su una delle saghe fantasy pi\u00f9 amate al mondo?\u00bb<\/span>.<span class=\"Apple-converted-space\">\u00a0<\/span><\/p>\n<p class=\"p2\">In definitiva, se la qualit\u00e0 della mostra si scoprir\u00e0 soltanto visitandola, com&#8217;\u00e8 ovvio, almeno una cosa si pu\u00f2 dire fin d&#8217;ora. Diventare un autore \u201cgovernativo\u201d non \u00e8 un destino auspicabile per nessuno scrittore (a prescindere dal colore del governo). Di certo i giovani camerati degli anni Settanta non lo avrebbero auspicato per Tolkien, loro che si pretendevano hobbit rivoluzionari. La letteratura rimane in salute finch\u00e9 sfugge all&#8217;istituzionalizzazione, all&#8217;etichetta, e non si fa sussumere dal potere costituito, che \u00e8 sempre arrogante e ridicolo nelle sue manifestazioni.<\/p>\n<p class=\"p2\">Per fortuna ci sono ottime ragioni di credere che la narrativa tolkieniana sapr\u00e0 liberarsi dall&#8217;abbraccio dei politici, rimanendo salubremente ineffabile, complessa, problematica.<span class=\"Apple-converted-space\">\u00a0<\/span><\/p>\n","protected":false},"excerpt":{"rendered":"Tambi\u00e9n en castellano Ne \u00e8 passata di acqua sotto i ponti da quando uno sparuto drappello di giovani del Movimento Sociale Italiano organizz\u00f2 i famosi Campi Hobbit. Era la fine degli anni Settanta e il panorama politico-culturale italiano era completamente diverso da oggi. Il paese era saldamente governato dalla Democrazia Cristiana, e all&#8217;opposizione c&#8217;era il [&hellip;]","protected":false},"author":117,"featured_media":53601,"comment_status":"open","ping_status":"open","sticky":false,"template":"","format":"standard","meta":{"footnotes":""},"categories":[8,6],"tags":[4739,4058,230,4740,229],"class_list":["post-53579","post","type-post","status-publish","format-standard","has-post-thumbnail","hentry","category-editoriali","category-news-e-segnalazioni","tag-gennaro-sangiuliano","tag-j-r-r-tolkien","tag-jrr-tolkien","tag-mostra-tolkien","tag-tolkien"],"yoast_head":"<!-- This site is optimized with the Yoast SEO plugin v27.5 - https:\/\/yoast.com\/product\/yoast-seo-wordpress\/ -->\n<title>Tolkien, i mostri e la mostra di Sangiuliano - Giap<\/title>\n<meta name=\"description\" content=\"La letteratura di JRR Tolkien sfugge all&#039;istituzionalizzazione, all&#039;etichetta, al lavor\u00eco di un potere costituito arrogante e ridicolo.\" \/>\n<meta name=\"robots\" content=\"index, follow, max-snippet:-1, max-image-preview:large, max-video-preview:-1\" \/>\n<link rel=\"canonical\" href=\"https:\/\/www.wumingfoundation.com\/giap\/2023\/11\/mostra-tolkien\/\" \/>\n<meta property=\"og:locale\" content=\"it_IT\" \/>\n<meta property=\"og:type\" content=\"article\" \/>\n<meta property=\"og:title\" content=\"Tolkien, i mostri e la mostra di Sangiuliano - Giap\" \/>\n<meta property=\"og:description\" content=\"La letteratura di JRR Tolkien sfugge all&#039;istituzionalizzazione, all&#039;etichetta, al lavor\u00eco di un potere costituito arrogante e ridicolo.\" \/>\n<meta property=\"og:url\" content=\"https:\/\/www.wumingfoundation.com\/giap\/2023\/11\/mostra-tolkien\/\" \/>\n<meta property=\"og:site_name\" content=\"Giap\" \/>\n<meta property=\"article:published_time\" content=\"2023-11-08T08:28:28+00:00\" \/>\n<meta property=\"article:modified_time\" content=\"2024-07-20T07:57:38+00:00\" \/>\n<meta property=\"og:image\" content=\"https:\/\/www.wumingfoundation.com\/giap\/wp-content\/uploads\/2023\/11\/IMG_0525.jpeg\" \/>\n\t<meta property=\"og:image:width\" content=\"600\" \/>\n\t<meta property=\"og:image:height\" content=\"384\" \/>\n\t<meta property=\"og:image:type\" content=\"image\/jpeg\" \/>\n<meta name=\"author\" content=\"Wu Ming\" \/>\n<meta name=\"twitter:card\" content=\"summary_large_image\" \/>\n<meta name=\"twitter:creator\" content=\"@Wu_Ming_Foundt\" \/>\n<meta name=\"twitter:site\" content=\"@Wu_Ming_Foundt\" \/>\n<meta name=\"twitter:label1\" content=\"Scritto da\" \/>\n\t<meta name=\"twitter:data1\" content=\"Wu Ming\" \/>\n\t<meta name=\"twitter:label2\" content=\"Tempo di lettura stimato\" \/>\n\t<meta name=\"twitter:data2\" content=\"10 minuti\" \/>\n<script type=\"application\/ld+json\" class=\"yoast-schema-graph\">{\"@context\":\"https:\\\/\\\/schema.org\",\"@graph\":[{\"@type\":\"Article\",\"@id\":\"https:\\\/\\\/www.wumingfoundation.com\\\/giap\\\/2023\\\/11\\\/mostra-tolkien\\\/#article\",\"isPartOf\":{\"@id\":\"https:\\\/\\\/www.wumingfoundation.com\\\/giap\\\/2023\\\/11\\\/mostra-tolkien\\\/\"},\"author\":{\"name\":\"Wu Ming\",\"@id\":\"https:\\\/\\\/www.wumingfoundation.com\\\/giap\\\/#\\\/schema\\\/person\\\/a509f199077421552871a4cf2a327499\"},\"headline\":\"Tolkien, i mostri e la mostra di Sangiuliano\",\"datePublished\":\"2023-11-08T08:28:28+00:00\",\"dateModified\":\"2024-07-20T07:57:38+00:00\",\"mainEntityOfPage\":{\"@id\":\"https:\\\/\\\/www.wumingfoundation.com\\\/giap\\\/2023\\\/11\\\/mostra-tolkien\\\/\"},\"wordCount\":1586,\"commentCount\":7,\"image\":{\"@id\":\"https:\\\/\\\/www.wumingfoundation.com\\\/giap\\\/2023\\\/11\\\/mostra-tolkien\\\/#primaryimage\"},\"thumbnailUrl\":\"https:\\\/\\\/www.wumingfoundation.com\\\/giap\\\/wp-content\\\/uploads\\\/2023\\\/11\\\/IMG_0525.jpeg\",\"keywords\":[\"Gennaro Sangiuliano\",\"J.R.R. Tolkien\",\"JRR Tolkien\",\"mostra Tolkien\",\"Tolkien\"],\"articleSection\":[\"Esternazioni\",\"Notizie\"],\"inLanguage\":\"it-IT\",\"potentialAction\":[{\"@type\":\"CommentAction\",\"name\":\"Comment\",\"target\":[\"https:\\\/\\\/www.wumingfoundation.com\\\/giap\\\/2023\\\/11\\\/mostra-tolkien\\\/#respond\"]}]},{\"@type\":\"WebPage\",\"@id\":\"https:\\\/\\\/www.wumingfoundation.com\\\/giap\\\/2023\\\/11\\\/mostra-tolkien\\\/\",\"url\":\"https:\\\/\\\/www.wumingfoundation.com\\\/giap\\\/2023\\\/11\\\/mostra-tolkien\\\/\",\"name\":\"Tolkien, i mostri e la mostra di Sangiuliano - Giap\",\"isPartOf\":{\"@id\":\"https:\\\/\\\/www.wumingfoundation.com\\\/giap\\\/#website\"},\"primaryImageOfPage\":{\"@id\":\"https:\\\/\\\/www.wumingfoundation.com\\\/giap\\\/2023\\\/11\\\/mostra-tolkien\\\/#primaryimage\"},\"image\":{\"@id\":\"https:\\\/\\\/www.wumingfoundation.com\\\/giap\\\/2023\\\/11\\\/mostra-tolkien\\\/#primaryimage\"},\"thumbnailUrl\":\"https:\\\/\\\/www.wumingfoundation.com\\\/giap\\\/wp-content\\\/uploads\\\/2023\\\/11\\\/IMG_0525.jpeg\",\"datePublished\":\"2023-11-08T08:28:28+00:00\",\"dateModified\":\"2024-07-20T07:57:38+00:00\",\"author\":{\"@id\":\"https:\\\/\\\/www.wumingfoundation.com\\\/giap\\\/#\\\/schema\\\/person\\\/a509f199077421552871a4cf2a327499\"},\"description\":\"La letteratura di JRR Tolkien sfugge all'istituzionalizzazione, all'etichetta, al lavor\u00eco di un potere costituito arrogante e ridicolo.\",\"breadcrumb\":{\"@id\":\"https:\\\/\\\/www.wumingfoundation.com\\\/giap\\\/2023\\\/11\\\/mostra-tolkien\\\/#breadcrumb\"},\"inLanguage\":\"it-IT\",\"potentialAction\":[{\"@type\":\"ReadAction\",\"target\":[\"https:\\\/\\\/www.wumingfoundation.com\\\/giap\\\/2023\\\/11\\\/mostra-tolkien\\\/\"]}]},{\"@type\":\"ImageObject\",\"inLanguage\":\"it-IT\",\"@id\":\"https:\\\/\\\/www.wumingfoundation.com\\\/giap\\\/2023\\\/11\\\/mostra-tolkien\\\/#primaryimage\",\"url\":\"https:\\\/\\\/www.wumingfoundation.com\\\/giap\\\/wp-content\\\/uploads\\\/2023\\\/11\\\/IMG_0525.jpeg\",\"contentUrl\":\"https:\\\/\\\/www.wumingfoundation.com\\\/giap\\\/wp-content\\\/uploads\\\/2023\\\/11\\\/IMG_0525.jpeg\",\"width\":600,\"height\":384},{\"@type\":\"BreadcrumbList\",\"@id\":\"https:\\\/\\\/www.wumingfoundation.com\\\/giap\\\/2023\\\/11\\\/mostra-tolkien\\\/#breadcrumb\",\"itemListElement\":[{\"@type\":\"ListItem\",\"position\":1,\"name\":\"Home\",\"item\":\"https:\\\/\\\/www.wumingfoundation.com\\\/giap\\\/\"},{\"@type\":\"ListItem\",\"position\":2,\"name\":\"Tolkien, i mostri e la mostra di Sangiuliano\"}]},{\"@type\":\"WebSite\",\"@id\":\"https:\\\/\\\/www.wumingfoundation.com\\\/giap\\\/#website\",\"url\":\"https:\\\/\\\/www.wumingfoundation.com\\\/giap\\\/\",\"name\":\"Giap\",\"description\":\"Il sito ufficiale di Wu Ming, collettivo di scrittori\",\"potentialAction\":[{\"@type\":\"SearchAction\",\"target\":{\"@type\":\"EntryPoint\",\"urlTemplate\":\"https:\\\/\\\/www.wumingfoundation.com\\\/giap\\\/?s={search_term_string}\"},\"query-input\":{\"@type\":\"PropertyValueSpecification\",\"valueRequired\":true,\"valueName\":\"search_term_string\"}}],\"inLanguage\":\"it-IT\"},{\"@type\":\"Person\",\"@id\":\"https:\\\/\\\/www.wumingfoundation.com\\\/giap\\\/#\\\/schema\\\/person\\\/a509f199077421552871a4cf2a327499\",\"name\":\"Wu Ming\",\"image\":{\"@type\":\"ImageObject\",\"inLanguage\":\"it-IT\",\"@id\":\"https:\\\/\\\/secure.gravatar.com\\\/avatar\\\/1aa2417cb55b3a8bd4988fca42ea7ef75c86ef8bb0ea1bf9102119b6d11c6238?s=96&d=blank&r=g\",\"url\":\"https:\\\/\\\/secure.gravatar.com\\\/avatar\\\/1aa2417cb55b3a8bd4988fca42ea7ef75c86ef8bb0ea1bf9102119b6d11c6238?s=96&d=blank&r=g\",\"contentUrl\":\"https:\\\/\\\/secure.gravatar.com\\\/avatar\\\/1aa2417cb55b3a8bd4988fca42ea7ef75c86ef8bb0ea1bf9102119b6d11c6238?s=96&d=blank&r=g\",\"caption\":\"Wu Ming\"}}]}<\/script>\n<!-- \/ Yoast SEO plugin. -->","yoast_head_json":{"title":"Tolkien, i mostri e la mostra di Sangiuliano - Giap","description":"La letteratura di JRR Tolkien sfugge all'istituzionalizzazione, all'etichetta, al lavor\u00eco di un potere costituito arrogante e ridicolo.","robots":{"index":"index","follow":"follow","max-snippet":"max-snippet:-1","max-image-preview":"max-image-preview:large","max-video-preview":"max-video-preview:-1"},"canonical":"https:\/\/www.wumingfoundation.com\/giap\/2023\/11\/mostra-tolkien\/","og_locale":"it_IT","og_type":"article","og_title":"Tolkien, i mostri e la mostra di Sangiuliano - Giap","og_description":"La letteratura di JRR Tolkien sfugge all'istituzionalizzazione, all'etichetta, al lavor\u00eco di un potere costituito arrogante e ridicolo.","og_url":"https:\/\/www.wumingfoundation.com\/giap\/2023\/11\/mostra-tolkien\/","og_site_name":"Giap","article_published_time":"2023-11-08T08:28:28+00:00","article_modified_time":"2024-07-20T07:57:38+00:00","og_image":[{"width":600,"height":384,"url":"https:\/\/www.wumingfoundation.com\/giap\/wp-content\/uploads\/2023\/11\/IMG_0525.jpeg","type":"image\/jpeg"}],"author":"Wu Ming","twitter_card":"summary_large_image","twitter_creator":"@Wu_Ming_Foundt","twitter_site":"@Wu_Ming_Foundt","twitter_misc":{"Scritto da":"Wu Ming","Tempo di lettura stimato":"10 minuti"},"schema":{"@context":"https:\/\/schema.org","@graph":[{"@type":"Article","@id":"https:\/\/www.wumingfoundation.com\/giap\/2023\/11\/mostra-tolkien\/#article","isPartOf":{"@id":"https:\/\/www.wumingfoundation.com\/giap\/2023\/11\/mostra-tolkien\/"},"author":{"name":"Wu Ming","@id":"https:\/\/www.wumingfoundation.com\/giap\/#\/schema\/person\/a509f199077421552871a4cf2a327499"},"headline":"Tolkien, i mostri e la mostra di Sangiuliano","datePublished":"2023-11-08T08:28:28+00:00","dateModified":"2024-07-20T07:57:38+00:00","mainEntityOfPage":{"@id":"https:\/\/www.wumingfoundation.com\/giap\/2023\/11\/mostra-tolkien\/"},"wordCount":1586,"commentCount":7,"image":{"@id":"https:\/\/www.wumingfoundation.com\/giap\/2023\/11\/mostra-tolkien\/#primaryimage"},"thumbnailUrl":"https:\/\/www.wumingfoundation.com\/giap\/wp-content\/uploads\/2023\/11\/IMG_0525.jpeg","keywords":["Gennaro Sangiuliano","J.R.R. Tolkien","JRR Tolkien","mostra Tolkien","Tolkien"],"articleSection":["Esternazioni","Notizie"],"inLanguage":"it-IT","potentialAction":[{"@type":"CommentAction","name":"Comment","target":["https:\/\/www.wumingfoundation.com\/giap\/2023\/11\/mostra-tolkien\/#respond"]}]},{"@type":"WebPage","@id":"https:\/\/www.wumingfoundation.com\/giap\/2023\/11\/mostra-tolkien\/","url":"https:\/\/www.wumingfoundation.com\/giap\/2023\/11\/mostra-tolkien\/","name":"Tolkien, i mostri e la mostra di Sangiuliano - Giap","isPartOf":{"@id":"https:\/\/www.wumingfoundation.com\/giap\/#website"},"primaryImageOfPage":{"@id":"https:\/\/www.wumingfoundation.com\/giap\/2023\/11\/mostra-tolkien\/#primaryimage"},"image":{"@id":"https:\/\/www.wumingfoundation.com\/giap\/2023\/11\/mostra-tolkien\/#primaryimage"},"thumbnailUrl":"https:\/\/www.wumingfoundation.com\/giap\/wp-content\/uploads\/2023\/11\/IMG_0525.jpeg","datePublished":"2023-11-08T08:28:28+00:00","dateModified":"2024-07-20T07:57:38+00:00","author":{"@id":"https:\/\/www.wumingfoundation.com\/giap\/#\/schema\/person\/a509f199077421552871a4cf2a327499"},"description":"La letteratura di JRR Tolkien sfugge all'istituzionalizzazione, all'etichetta, al lavor\u00eco di un potere costituito arrogante e ridicolo.","breadcrumb":{"@id":"https:\/\/www.wumingfoundation.com\/giap\/2023\/11\/mostra-tolkien\/#breadcrumb"},"inLanguage":"it-IT","potentialAction":[{"@type":"ReadAction","target":["https:\/\/www.wumingfoundation.com\/giap\/2023\/11\/mostra-tolkien\/"]}]},{"@type":"ImageObject","inLanguage":"it-IT","@id":"https:\/\/www.wumingfoundation.com\/giap\/2023\/11\/mostra-tolkien\/#primaryimage","url":"https:\/\/www.wumingfoundation.com\/giap\/wp-content\/uploads\/2023\/11\/IMG_0525.jpeg","contentUrl":"https:\/\/www.wumingfoundation.com\/giap\/wp-content\/uploads\/2023\/11\/IMG_0525.jpeg","width":600,"height":384},{"@type":"BreadcrumbList","@id":"https:\/\/www.wumingfoundation.com\/giap\/2023\/11\/mostra-tolkien\/#breadcrumb","itemListElement":[{"@type":"ListItem","position":1,"name":"Home","item":"https:\/\/www.wumingfoundation.com\/giap\/"},{"@type":"ListItem","position":2,"name":"Tolkien, i mostri e la mostra di Sangiuliano"}]},{"@type":"WebSite","@id":"https:\/\/www.wumingfoundation.com\/giap\/#website","url":"https:\/\/www.wumingfoundation.com\/giap\/","name":"Giap","description":"Il sito ufficiale di Wu Ming, collettivo di scrittori","potentialAction":[{"@type":"SearchAction","target":{"@type":"EntryPoint","urlTemplate":"https:\/\/www.wumingfoundation.com\/giap\/?s={search_term_string}"},"query-input":{"@type":"PropertyValueSpecification","valueRequired":true,"valueName":"search_term_string"}}],"inLanguage":"it-IT"},{"@type":"Person","@id":"https:\/\/www.wumingfoundation.com\/giap\/#\/schema\/person\/a509f199077421552871a4cf2a327499","name":"Wu Ming","image":{"@type":"ImageObject","inLanguage":"it-IT","@id":"https:\/\/secure.gravatar.com\/avatar\/1aa2417cb55b3a8bd4988fca42ea7ef75c86ef8bb0ea1bf9102119b6d11c6238?s=96&d=blank&r=g","url":"https:\/\/secure.gravatar.com\/avatar\/1aa2417cb55b3a8bd4988fca42ea7ef75c86ef8bb0ea1bf9102119b6d11c6238?s=96&d=blank&r=g","contentUrl":"https:\/\/secure.gravatar.com\/avatar\/1aa2417cb55b3a8bd4988fca42ea7ef75c86ef8bb0ea1bf9102119b6d11c6238?s=96&d=blank&r=g","caption":"Wu Ming"}}]}},"_links":{"self":[{"href":"https:\/\/www.wumingfoundation.com\/giap\/wp-json\/wp\/v2\/posts\/53579","targetHints":{"allow":["GET"]}}],"collection":[{"href":"https:\/\/www.wumingfoundation.com\/giap\/wp-json\/wp\/v2\/posts"}],"about":[{"href":"https:\/\/www.wumingfoundation.com\/giap\/wp-json\/wp\/v2\/types\/post"}],"author":[{"embeddable":true,"href":"https:\/\/www.wumingfoundation.com\/giap\/wp-json\/wp\/v2\/users\/117"}],"replies":[{"embeddable":true,"href":"https:\/\/www.wumingfoundation.com\/giap\/wp-json\/wp\/v2\/comments?post=53579"}],"version-history":[{"count":6,"href":"https:\/\/www.wumingfoundation.com\/giap\/wp-json\/wp\/v2\/posts\/53579\/revisions"}],"predecessor-version":[{"id":53762,"href":"https:\/\/www.wumingfoundation.com\/giap\/wp-json\/wp\/v2\/posts\/53579\/revisions\/53762"}],"wp:featuredmedia":[{"embeddable":true,"href":"https:\/\/www.wumingfoundation.com\/giap\/wp-json\/wp\/v2\/media\/53601"}],"wp:attachment":[{"href":"https:\/\/www.wumingfoundation.com\/giap\/wp-json\/wp\/v2\/media?parent=53579"}],"wp:term":[{"taxonomy":"category","embeddable":true,"href":"https:\/\/www.wumingfoundation.com\/giap\/wp-json\/wp\/v2\/categories?post=53579"},{"taxonomy":"post_tag","embeddable":true,"href":"https:\/\/www.wumingfoundation.com\/giap\/wp-json\/wp\/v2\/tags?post=53579"}],"curies":[{"name":"wp","href":"https:\/\/api.w.org\/{rel}","templated":true}]}}