{"id":53528,"date":"2023-10-17T11:03:30","date_gmt":"2023-10-17T09:03:30","guid":{"rendered":"https:\/\/www.wumingfoundation.com\/giap\/?p=53528"},"modified":"2023-10-17T11:03:30","modified_gmt":"2023-10-17T09:03:30","slug":"come-prima-piu-di-prima-quelli-che-se-ne-fregano-della-crisi-climatica","status":"publish","type":"post","link":"https:\/\/www.wumingfoundation.com\/giap\/2023\/10\/come-prima-piu-di-prima-quelli-che-se-ne-fregano-della-crisi-climatica\/","title":{"rendered":"Come prima, pi\u00f9 di prima. Quelli che se ne fregano della crisi climatica."},"content":{"rendered":"<div id=\"attachment_53529\" style=\"width: 660px\" class=\"wp-caption aligncenter\"><a href=\"https:\/\/www.produzionidalbasso.com\/project\/col-corno\/\"><img loading=\"lazy\" decoding=\"async\" aria-describedby=\"caption-attachment-53529\" class=\"wp-image-53529\" src=\"https:\/\/www.wumingfoundation.com\/giap\/wp-content\/uploads\/2023\/10\/CornoCrowd3.jpg\" alt=\"\" width=\"650\" height=\"366\" srcset=\"https:\/\/www.wumingfoundation.com\/giap\/wp-content\/uploads\/2023\/10\/CornoCrowd3.jpg 1500w, https:\/\/www.wumingfoundation.com\/giap\/wp-content\/uploads\/2023\/10\/CornoCrowd3-300x169.jpg 300w, https:\/\/www.wumingfoundation.com\/giap\/wp-content\/uploads\/2023\/10\/CornoCrowd3-1024x576.jpg 1024w, https:\/\/www.wumingfoundation.com\/giap\/wp-content\/uploads\/2023\/10\/CornoCrowd3-768x432.jpg 768w\" sizes=\"auto, (max-width: 650px) 100vw, 650px\" \/><\/a><p id=\"caption-attachment-53529\" class=\"wp-caption-text\">Clicca sull&#8217;immagine per accedere alla pagina del crowdfunding<\/p><\/div>\n<p>Il comitato <a href=\"https:\/\/www.unaltroappennino.it\/\"><em>Un altro Appennino \u00e8 possibile<\/em><\/a> &#8211; che riunisce persone e associazioni tra Bologna, Firenze, Pistoia e Modena \u2013 ha lanciato ieri <a href=\"https:\/\/www.produzionidalbasso.com\/project\/col-corno\/\">una nuova raccolta fondi<\/a> per ricorrere al Consiglio di Stato contro il progetto della <strong>nuova seggiovia Polla &#8211; Scaffaiolo sul Corno alle Scale<\/strong>.<\/p>\n<p>La <strong>regione Emilia &#8211; Romagna<\/strong> e il comune di Lizzano in Belvedere continuano infatti a sostenere l&#8217;investimento di almeno 8 milioni di euro in un impianto di risalita a bassa quota (neanche 1800 metri sul livello del mare), su un crinale battuto da forti raffiche di vento, in un comprensorio che l&#8217;anno scorso, per le alte temperature, non \u00e8 riuscito nemmeno a sparare la neve prima di fine gennaio. Un comprensorio in perdita, che si regge solo grazie al denaro pubblico, usato per pagare un enorme spreco di energia e di acqua.<\/p>\n<p>Per aggirare queste critiche, i proponenti sostengono che la seggiovia funzioner\u00e0 anche d&#8217;estate, con una capacit\u00e0 di 1800 persone all&#8217;ora, e con biciclette al seguito. In totale, a pieno carico, sarebbero 15000 esseri umani riversati sul crinale e sulle sponde del <strong>lago Scaffaiolo<\/strong>. Un territorio fragile, che d&#8217;estate \u00e8 gi\u00e0 molto frequentato, visto che lo si raggiunge con una camminata di un paio d&#8217;ore, su strada forestale.<!--more--><\/p>\n<p>Nonostante il dissesto idrogeologico, le frane, la siccit\u00e0 d&#8217;autunno, l&#8217;inverno liquido e lo spopolamento, si continua a pensare che il futuro della montagna consiste nel trasformarla in un parco giochi sempre pi\u00f9 grande ad uso e consumo della citt\u00e0. Un pensiero che unisce imprenditori, affaristi e politici di ogni sponda: da Lega e Fratelli d&#8217;Italia fino agli assessori <strong>Corsini e Taruffi<\/strong> (quest&#8217;ultimo un ex-Rifondazione Comunista, ex-Snistra Italiana, ora responsabile dell&#8217;organizzazione per il PD di Elly Schlein).<\/p>\n<p>Tra i <a href=\"https:\/\/www.produzionidalbasso.com\/project\/col-corno\/\">10 buoni motivi<\/a> che il comitato elenca per sostenere il\u00a0 crowdfunding, due in particolare ci sembrano di grande rilievo.<\/p>\n<p>Anzitutto, la nuova seggiovia sarebbe il primo passo per collegare gli impianti del versante bolognese con quelli del pistoiese. Sul versante toscano dell&#8217;Appennino, infatti, \u00e8 gi\u00e0 stato approvato la studio di fattibilit\u00e0 per <a href=\"https:\/\/www.unaltroappennino.it\/2023\/03\/30\/doganaccia-corno-finalmente-si-scoprono-le-carte\/\"><strong>una nuova funivia<\/strong><\/a>, con arrivo sul crinale del lago Scaffaiolo. Questo ulteriore progetto, gi\u00e0 ampiamente previsto e denunciato, negli ultimi anni \u00e8 stato invece il classico segreto di pulcinella, e nessuno dei soggetti coinvolti ha mai ammesso l&#8217;esistenza di un piano comune, salvo piccoli accenni, parole sfuggite di bocca e ammicchi del tipo \u00absi fa e non si dice\u00bb. La devastazione quindi non riguarderebbe solo un versante della montagna, ma entrambi.<\/p>\n<p>In secondo luogo, le ragioni del ricorso al Consiglio di Stato sono di rilevanza nazionale.<br \/>\nIn breve, la Regione Emilia &#8211; Romagna ha approvato il progetto della nuova seggiovia senza nemmeno una <strong>Valutazione d&#8217;Impatto Ambientale<\/strong>.<br \/>\nQuesto perch\u00e9 ha considerato l&#8217;impianto come una semplice sostituzione di altri due, che verranno rimossi. Tuttavia, la nuova costruzione impatter\u00e0 nuovi terreni, ancora intatti. Avr\u00e0 nuovi piloni, nuovi plinti di cemento e ben tre nuove stazioni (di partenza, d&#8217;arrivo e intermedia).<br \/>\nIl<strong> TAR regionale<\/strong>, in un primo ricorso, ha dato ragione ai proponenti, con <a href=\"https:\/\/www.unaltroappennino.it\/2023\/05\/30\/pervicacemente-contrari-alla-nuova-seggiovia-il-nostro-commento-alla-sentenza-del-tar\/\">una sentenza piena di garbugli.<\/a> Senza il ricorso al Consiglio di Stato, questa sentenza diventerebbe un precedente, che altri potrebbero citare per difendere nuovi impianti fatti passare per ammodernamenti o sostituzioni. Se a questo si aggiunge che il <strong>governo Meloni<\/strong> <a href=\"https:\/\/www.ministeroturismo.gov.it\/turismo-santanche-200-milioni-per-lammodernamento-la-sicurezza-e-la-dismissione-degli-impianti-di-risalita-e-di-innevamento-artificiale\/\">ha stanziato 200 milioni di euro<\/a>, da spendere nei prossimi quattro anni, proprio per l&#8217;ammodernamento e la manutenzione degli impianti di risalita, si pu\u00f2 dire che la frittata \u00e8 fatta.<\/p>\n<p>Come abbiamo pi\u00f9 volte sottolineato, l&#8217;arma del ricorso in tribunale \u00e8 solo una delle tante che possono servire in una lotta come questa, e da sola non basta mai. Molto altro \u00e8 stato fatto, dev&#8217;essere fatto e verr\u00e0 fatto ancora.<br \/>\nTuttavia, sette anni sono passati da quando lo spettro della nuova seggiovia si \u00e8 affacciato sul <strong>Corno alle Scale<\/strong>. Senza il primo ricorso, \u00e8 molto probabile che l&#8217;impianto sarebbe gi\u00e0 l\u00ec, a ferire un territorio ricchissimo di biodiversit\u00e0 e (in teoria) protetto dalla rete Natura 2000 e da due parchi regionali. Nel tempo cos\u00ec guadagnato, molte nuove associazioni e persone si sono interessate al problema e i sostenitori del progetto hanno dovuto difenderlo pubblicamente, arrampicandosi su specchi sempre pi\u00f9 lisci.<\/p>\n<p>Per questo, riteniamo che il nuovo ricorso sia giusto e inevitabile, e vi invitiamo a sostenerlo, anche con pochi euro, perch\u00e9 sicuramente conta la cifra finale, ma ancor di pi\u00f9 conta che in tanti e tante sostengano la sfida di un&#8217;altra montagna.<\/p>\n","protected":false},"excerpt":{"rendered":"Il comitato Un altro Appennino \u00e8 possibile &#8211; che riunisce persone e associazioni tra Bologna, Firenze, Pistoia e Modena \u2013 ha lanciato ieri una nuova raccolta fondi per ricorrere al Consiglio di Stato contro il progetto della nuova seggiovia Polla &#8211; Scaffaiolo sul Corno alle Scale. La regione Emilia &#8211; Romagna e il comune di [&hellip;]","protected":false},"author":44,"featured_media":53529,"comment_status":"open","ping_status":"open","sticky":false,"template":"","format":"standard","meta":{"footnotes":""},"categories":[6],"tags":[4738,47,3309,4456,4688,1545,4604],"class_list":["post-53528","post","type-post","status-publish","format-standard","has-post-thumbnail","hentry","category-news-e-segnalazioni","tag-andrea-corsini","tag-appennino","tag-cambiamento-climatico","tag-corno-alle-scale","tag-igor-taruffi","tag-montagna","tag-nuova-seggiovia-polla-scaffaiolo"],"_links":{"self":[{"href":"https:\/\/www.wumingfoundation.com\/giap\/wp-json\/wp\/v2\/posts\/53528","targetHints":{"allow":["GET"]}}],"collection":[{"href":"https:\/\/www.wumingfoundation.com\/giap\/wp-json\/wp\/v2\/posts"}],"about":[{"href":"https:\/\/www.wumingfoundation.com\/giap\/wp-json\/wp\/v2\/types\/post"}],"author":[{"embeddable":true,"href":"https:\/\/www.wumingfoundation.com\/giap\/wp-json\/wp\/v2\/users\/44"}],"replies":[{"embeddable":true,"href":"https:\/\/www.wumingfoundation.com\/giap\/wp-json\/wp\/v2\/comments?post=53528"}],"version-history":[{"count":3,"href":"https:\/\/www.wumingfoundation.com\/giap\/wp-json\/wp\/v2\/posts\/53528\/revisions"}],"predecessor-version":[{"id":53532,"href":"https:\/\/www.wumingfoundation.com\/giap\/wp-json\/wp\/v2\/posts\/53528\/revisions\/53532"}],"wp:featuredmedia":[{"embeddable":true,"href":"https:\/\/www.wumingfoundation.com\/giap\/wp-json\/wp\/v2\/media\/53529"}],"wp:attachment":[{"href":"https:\/\/www.wumingfoundation.com\/giap\/wp-json\/wp\/v2\/media?parent=53528"}],"wp:term":[{"taxonomy":"category","embeddable":true,"href":"https:\/\/www.wumingfoundation.com\/giap\/wp-json\/wp\/v2\/categories?post=53528"},{"taxonomy":"post_tag","embeddable":true,"href":"https:\/\/www.wumingfoundation.com\/giap\/wp-json\/wp\/v2\/tags?post=53528"}],"curies":[{"name":"wp","href":"https:\/\/api.w.org\/{rel}","templated":true}]}}