{"id":53469,"date":"2023-09-29T09:00:12","date_gmt":"2023-09-29T07:00:12","guid":{"rendered":"https:\/\/www.wumingfoundation.com\/giap\/?p=53469"},"modified":"2023-10-04T09:37:37","modified_gmt":"2023-10-04T07:37:37","slug":"pico-mariani-nono-racconto-in-musica-estratto-da-veglione-rosso","status":"publish","type":"post","link":"https:\/\/www.wumingfoundation.com\/giap\/2023\/09\/pico-mariani-nono-racconto-in-musica-estratto-da-veglione-rosso\/","title":{"rendered":"\u00abPico Mariani\u00bb, nono racconto in musica estratto da <i>Veglione rosso<\/i>"},"content":{"rendered":"<div id=\"attachment_53470\" style=\"width: 660px\" class=\"wp-caption aligncenter\"><a href=\"https:\/\/www.wumingfoundation.com\/giap\/wp-content\/uploads\/2023\/09\/ob_f29238_p1360636.jpg\"><img loading=\"lazy\" decoding=\"async\" aria-describedby=\"caption-attachment-53470\" class=\"wp-image-53470\" src=\"https:\/\/www.wumingfoundation.com\/giap\/wp-content\/uploads\/2023\/09\/ob_f29238_p1360636.jpg\" alt=\"\" width=\"650\" height=\"679\" srcset=\"https:\/\/www.wumingfoundation.com\/giap\/wp-content\/uploads\/2023\/09\/ob_f29238_p1360636.jpg 1532w, https:\/\/www.wumingfoundation.com\/giap\/wp-content\/uploads\/2023\/09\/ob_f29238_p1360636-287x300.jpg 287w, https:\/\/www.wumingfoundation.com\/giap\/wp-content\/uploads\/2023\/09\/ob_f29238_p1360636-980x1024.jpg 980w, https:\/\/www.wumingfoundation.com\/giap\/wp-content\/uploads\/2023\/09\/ob_f29238_p1360636-768x802.jpg 768w\" sizes=\"auto, (max-width: 650px) 100vw, 650px\" \/><\/a><p id=\"caption-attachment-53470\" class=\"wp-caption-text\">Il n. 16 di rue de la Tour d&#8217;Auvergne a Parigi. Negli anni Venti fu la sede delle cooperative di lavoro italiane e di una trattoria molto frequentata dagli antifascisti.<\/p><\/div>\n<p>Quando ascoltiamo la storia di una persona uccisa dai fascisti, ci aspettiamo sempre un epilogo violento. Invece, anche le bastonate e le torture possono essere letali a distanza di tempo, come una fibra d&#8217;amianto.<\/p>\n<p><strong>Pico Mariani<\/strong> mor\u00ec a Parigi, nel 1926, e il suo nome non starebbe in <em>Veglione rosso<\/em>, se attorno a lui non ci fosse stata una vasta comunit\u00e0 di esuli correggesi, gente che se lo ricordava malato ancor prima di emigrare. Anzi: che se lo ricordava emigrante proprio perch\u00e9 malato, rotto nel fisico dagli attacchi squadristi, e costretto a scegliere tra la fuga all&#8217;estero e la certezza di una nuova, fatale aggressione. <!--more--><\/p>\n<p>Purtroppo, quelle che aveva gi\u00e0 subito si rivelarono sufficienti, lontano da casa, dopo mesi di sofferenze.<\/p>\n<p>Nell&#8217;audioracconto che gli abbiamo dedicato, la musica \u00e8 composta da <strong>Antonio Macaretti<\/strong>, che la suona con la sua fisarmonica insieme a <strong>Stefano Pilia<\/strong> (chitarra) e <strong>Mattia Cipolli<\/strong> (violoncello). I testi e la voce sono di Wu Ming 2.<\/p>\n<p>Come d&#8217;abitudine, riportiamo qui sotto la scheda biografica preparata in occasione della mostra di <strong>Casa del Popolo Spartaco<\/strong>: \u00ab1920\/2020. In ricordo dei primi martiri antifascisti correggesi\u00bb.<\/p>\n<div class=\"page\" title=\"Page 46\">\n<div class=\"section\">\n<div class=\"layoutArea\">\n<div class=\"column\">\n<p>Nato nel 1904, <strong>Pico Mariani<\/strong> segu\u00ec le idee del fratello Angelo, di tre anni pi\u00f9 vecchio, prendendolo ad esempio. Come lui, sub\u00ec la persecuzione fascista, venendo piu\u0300 volte pedinato e duramente percosso. Decise cosi\u0300 di emigrare a Parigi, dove era presente una forte comunita\u0300 di esuli politici italiani. Il futuro sindaco di Correggio, Rodolfo Zanichelli, anch\u2019egli emigrato in Francia in quegli anni di repressione, dira\u0300 che a Parigi vi era una vera e propria &#8220;piccola Correggio&#8221;. Mor\u00ec\u00a0 a soli ventidue anni, nella capitale francese, a causa di problemi fisici legati alle violenze in precedenza subite a opera dei fascisti.<\/p>\n<p>Buon ascolto.<\/p>\n<p>Emsemble Concordanze, Stefano Pilia &amp; Wu Ming 2<br \/>\n<strong>\u00abVeglione rosso\u00bb \u2013 9. Pico Mariani<\/strong><br \/>\n<a href=\"https:\/\/www.wumingfoundation.com\/suoni\/WM2_Concordanze_Pilia_Pico_Mariani.mp3\">\u00abVeglione rosso\u00bb \u2013 9. Pico Mariani<\/a><\/p>\n<p>Come sempre, anche su <a href=\"https:\/\/archive.org\/details\/pico-mariani\">Internet Archive<\/a>, su <a href=\"https:\/\/podcasts.apple.com\/it\/podcast\/pico-mariani-ottavo-racconto-tratto-da-veglione-rosso\/id1224038765?i=1000629498891\">Apple Podcasts<\/a> e, tramite il nostro feed, potenzialmente su ogni piattaforma o applicazione per podcast.<\/p>\n<\/div>\n<\/div>\n<\/div>\n<\/div>\n","protected":false},"excerpt":{"rendered":"Quando ascoltiamo la storia di una persona uccisa dai fascisti, ci aspettiamo sempre un epilogo violento. Invece, anche le bastonate e le torture possono essere letali a distanza di tempo, come una fibra d&#8217;amianto. Pico Mariani mor\u00ec a Parigi, nel 1926, e il suo nome non starebbe in Veglione rosso, se attorno a lui non [&hellip;]","protected":false},"author":44,"featured_media":0,"comment_status":"open","ping_status":"open","sticky":false,"template":"","format":"standard","meta":{"footnotes":""},"categories":[6],"tags":[4665],"class_list":["post-53469","post","type-post","status-publish","format-standard","hentry","category-news-e-segnalazioni","tag-veglione-rosso"],"_links":{"self":[{"href":"https:\/\/www.wumingfoundation.com\/giap\/wp-json\/wp\/v2\/posts\/53469","targetHints":{"allow":["GET"]}}],"collection":[{"href":"https:\/\/www.wumingfoundation.com\/giap\/wp-json\/wp\/v2\/posts"}],"about":[{"href":"https:\/\/www.wumingfoundation.com\/giap\/wp-json\/wp\/v2\/types\/post"}],"author":[{"embeddable":true,"href":"https:\/\/www.wumingfoundation.com\/giap\/wp-json\/wp\/v2\/users\/44"}],"replies":[{"embeddable":true,"href":"https:\/\/www.wumingfoundation.com\/giap\/wp-json\/wp\/v2\/comments?post=53469"}],"version-history":[{"count":5,"href":"https:\/\/www.wumingfoundation.com\/giap\/wp-json\/wp\/v2\/posts\/53469\/revisions"}],"predecessor-version":[{"id":53478,"href":"https:\/\/www.wumingfoundation.com\/giap\/wp-json\/wp\/v2\/posts\/53469\/revisions\/53478"}],"wp:attachment":[{"href":"https:\/\/www.wumingfoundation.com\/giap\/wp-json\/wp\/v2\/media?parent=53469"}],"wp:term":[{"taxonomy":"category","embeddable":true,"href":"https:\/\/www.wumingfoundation.com\/giap\/wp-json\/wp\/v2\/categories?post=53469"},{"taxonomy":"post_tag","embeddable":true,"href":"https:\/\/www.wumingfoundation.com\/giap\/wp-json\/wp\/v2\/tags?post=53469"}],"curies":[{"name":"wp","href":"https:\/\/api.w.org\/{rel}","templated":true}]}}