{"id":53306,"date":"2023-09-12T10:57:52","date_gmt":"2023-09-12T08:57:52","guid":{"rendered":"https:\/\/www.wumingfoundation.com\/giap\/?p=53306"},"modified":"2023-09-22T10:38:28","modified_gmt":"2023-09-22T08:38:28","slug":"ufo-78-un-anno-dopo","status":"publish","type":"post","link":"https:\/\/www.wumingfoundation.com\/giap\/2023\/09\/ufo-78-un-anno-dopo\/","title":{"rendered":"Ufo 78 (quasi) un anno dopo. Nuova ristampa, traduzioni, ultime date"},"content":{"rendered":"<div id=\"attachment_51571\" style=\"width: 710px\" class=\"wp-caption aligncenter\"><a href=\"https:\/\/www.greekbooks.gr\/books\/logotehnia-c-10\/pezografia\/metafrasmeni-pezografia-cat\/ufo-78.html\"><img loading=\"lazy\" decoding=\"async\" aria-describedby=\"caption-attachment-51571\" class=\"wp-image-51571\" src=\"https:\/\/www.wumingfoundation.com\/giap\/wp-content\/uploads\/2023\/03\/Ufo_78_cover_greca-e1678203747285.jpg\" alt=\"Ufo 78 copertina greca\" width=\"700\" height=\"1034\" srcset=\"https:\/\/www.wumingfoundation.com\/giap\/wp-content\/uploads\/2023\/03\/Ufo_78_cover_greca-e1678203747285.jpg 758w, https:\/\/www.wumingfoundation.com\/giap\/wp-content\/uploads\/2023\/03\/Ufo_78_cover_greca-e1678203747285-203x300.jpg 203w, https:\/\/www.wumingfoundation.com\/giap\/wp-content\/uploads\/2023\/03\/Ufo_78_cover_greca-e1678203747285-693x1024.jpg 693w, https:\/\/www.wumingfoundation.com\/giap\/wp-content\/uploads\/2023\/03\/Ufo_78_cover_greca-e1678203747285-368x543.jpg 368w, https:\/\/www.wumingfoundation.com\/giap\/wp-content\/uploads\/2023\/03\/Ufo_78_cover_greca-e1678203747285-200x295.jpg 200w, https:\/\/www.wumingfoundation.com\/giap\/wp-content\/uploads\/2023\/03\/Ufo_78_cover_greca-e1678203747285-393x580.jpg 393w, https:\/\/www.wumingfoundation.com\/giap\/wp-content\/uploads\/2023\/03\/Ufo_78_cover_greca-e1678203747285-271x400.jpg 271w, https:\/\/www.wumingfoundation.com\/giap\/wp-content\/uploads\/2023\/03\/Ufo_78_cover_greca-e1678203747285-240x354.jpg 240w\" sizes=\"auto, (max-width: 700px) 100vw, 700px\" \/><\/a><p id=\"caption-attachment-51571\" class=\"wp-caption-text\">La copertina dell&#8217;edizione greca di <em>Ufo 78<\/em>, pubblicata da <a href=\"https:\/\/ekdoseisynadelfwn.wordpress.com\/\">\u039f\u03b9 \u0395\u03ba\u03b4\u03cc\u03c3\u03b5\u03b9\u03c2 \u03c4\u03c9\u03bd \u03a3\u03c5\u03bd\u03b1\u03b4\u03ad\u03bb\u03c6\u03c9\u03bd<\/a>.<\/p><\/div>\n<p>A distanza di undici mesi esatti dall&#8217;uscita in libreria, pochi giorni dopo la <em>centesima<\/em> presentazione, ci \u00e8 giunta notizia che <em>Ufo 78<\/em> \u00e8 di nuovo in ristampa.<\/p>\n<p>Spinto principalmente dal \u00abFlap 23\u00bb e dal passaparola di lettrici e lettori, durante l&#8217;estate il romanzo ha continuato a muoversi e ora \u00e8 necessario rifornire i magazzini.<\/p>\n<p>Alla data di oggi, la tiratura complessiva \u00e8 di cinquantaduemila copie, le copie acquistate sono trentasettemila. In undici mesi, per un&#8217;operazione cos\u00ec e con &#8216;sti chiari di luna, \u00e8 un notevole risultato. Grazie a tutte e tutti.<\/p>\n<p>Nel frattempo \u00e8 uscito <a href=\"https:\/\/www.greekbooks.gr\/books\/logotehnia-c-10\/pezografia\/metafrasmeni-pezografia-cat\/ufo-78.html\">in greco<\/a>, sta per uscire <a href=\"https:\/\/www.assoziation-a.de\/buch\/Wu_Ming_Ufo_78\">in tedesco<\/a>\u00a0ed \u00e8 in corso di traduzione in castigliano, catalano e francese.<\/p>\n<p>Tornando al \u00abFlap 23\u00bb: siamo ormai alle ultime battute. Le presentazioni vere e proprie sono gi\u00e0 terminate. La coda del lunghissimo tour \u00e8 interamente affidata a\u00a0<em>Radio Ufo 78<\/em>, lo spettacolo di <strong>Wu Ming 1 + Bhutan Clan<\/strong> (<a href=\"https:\/\/www.wumingfoundation.com\/giap\/wp-content\/uploads\/2023\/03\/Radio_Ufo_78_scheda_artistica.pdf\">scheda artistica qui<\/a>).<\/p>\n<p>Per dare un&#8217;idea di che si tratta a chi non l&#8217;ha ancora visto dal vivo, proponiamo il brano\u00a0<em>Ufologi in treno di notte<\/em>, eseguito il 9 luglio scorso a San Giovanni in Marignano (RN), nell&#8217;ambito della rassegna \u00abItinerari narrativi\u00bb.<br \/>\n<a href=\"https:\/\/www.wumingfoundation.com\/suoni\/Ufologi.mp3\"><em>Ufologi in treno di notte<\/em><\/a><\/p>\n<p>Ecco le prossime date:<!--more--><\/p>\n<div id=\"attachment_53336\" style=\"width: 210px\" class=\"wp-caption alignright\"><a href=\"https:\/\/www.wumingfoundation.com\/giap\/wp-content\/uploads\/2023\/09\/Radio_Ufo_78_tour_23.jpg\"><img loading=\"lazy\" decoding=\"async\" aria-describedby=\"caption-attachment-53336\" class=\"wp-image-53336\" src=\"https:\/\/www.wumingfoundation.com\/giap\/wp-content\/uploads\/2023\/09\/Radio_Ufo_78_tour_23.jpg\" alt=\"Radio Ufo 78, la locandina del tour 2023.\" width=\"200\" height=\"283\" srcset=\"https:\/\/www.wumingfoundation.com\/giap\/wp-content\/uploads\/2023\/09\/Radio_Ufo_78_tour_23.jpg 1300w, https:\/\/www.wumingfoundation.com\/giap\/wp-content\/uploads\/2023\/09\/Radio_Ufo_78_tour_23-212x300.jpg 212w, https:\/\/www.wumingfoundation.com\/giap\/wp-content\/uploads\/2023\/09\/Radio_Ufo_78_tour_23-724x1024.jpg 724w, https:\/\/www.wumingfoundation.com\/giap\/wp-content\/uploads\/2023\/09\/Radio_Ufo_78_tour_23-768x1086.jpg 768w\" sizes=\"auto, (max-width: 200px) 100vw, 200px\" \/><\/a><p id=\"caption-attachment-53336\" class=\"wp-caption-text\">Radio Ufo 78, la locandina del tour 2023.<\/p><\/div>\n<p>Sabato 16 settembre<br \/>\n<b>RIVA DEL GARDA (TN)<br \/>\n<\/b>h.21, Rocca di Riva<br \/>\nPiazza Cesare Battisti 3\/A<br \/>\nNell\u2019ambito di Intermittenze Festival,<br \/>\na cura di Rapsodia Festival Itinerante.<br \/>\nIn caso di pioggia, l&#8217;evento si svolger\u00e0<br \/>\nalla Spiaggia degli Olivi.<\/p>\n<p>Venerd\u00ec 29 settembre<br \/>\n<strong>FOLIGNO (PG)<\/strong><br \/>\nh. 21, Spazio Zut!<br \/>\nCorso Cavour 83\/85<br \/>\nnell&#8217;ambito di FolignoLibri<br \/>\nIngresso \u20ac 5<\/p>\n<p>Mercoled\u00ec 11 ottobre<br \/>\n(a un anno esatto dall&#8217;uscita di <em>Ufo 78<\/em> in libreria)<br \/>\n<strong>VERONA<\/strong><br \/>\nh.21, Teatro Modus<br \/>\nvia Re Pipino n.3<br \/>\nInformazioni e biglietti <a href=\"https:\/\/modusverona.it\/contatti\/biglietti\/\">qui<\/a>.<\/p>\n<h5 style=\"text-align: center;\"><b>\u2042<\/b><\/h5>\n<p><em>Radio Ufo 78<\/em> \u00e8 l&#8217;unico progetto <em>on the road<\/em> per cui terremo aperta una fessura di calendario. In parole povere, nel 2023 possiamo ancora prendere qualche data.<\/p>\n<p>Per il resto, da ottobre, fatte salve poche iniziative fissate da tempo, ci prenderemo una sorta di &#8220;anno sabbatico&#8221;. Abbiamo tre romanzi solisti in corso di stesura, e a quelli dobbiamo dedicarci.<\/p>\n<h5 style=\"text-align: center;\"><b>\u2042<\/b><\/h5>\n<p>Segnaliamo che un&#8217;altra sonorizzazione di Ufo 78, il \u00abconcerto non-identificato\u00bb portato in scena da Wu Ming 1 e <strong>Luca Casarotti<\/strong> il 24 marzo scorso al Teatro Monte Baldo di Brentonico (TN), <a href=\"https:\/\/soundcloud.com\/luca-casarotti-704682346\/sets\/ufo-78-concerto-non-identificato?utm_source=clipboard&amp;utm_medium=text&amp;utm_campaign=social_sharing\">\u00e8 ora disponibile su Soundcloud<\/a>.<\/p>\n<p>Buoni ascolti, buone letture e di nuovo grazie.<\/p>\n<p>L&#8217;UFO continua a volare.<\/p>\n<div align=\"center\">\n<p><iframe loading=\"lazy\" src=\"https:\/\/w.soundcloud.com\/player\/?url=https%3A\/\/api.soundcloud.com\/playlists\/1679545554&amp;color=%23ff5500&amp;auto_play=false&amp;hide_related=false&amp;show_comments=true&amp;show_user=true&amp;show_reposts=false&amp;show_teaser=true&amp;visual=true\" width=\"100%\" height=\"900\" frameborder=\"no\" scrolling=\"yes\"><\/iframe><\/p>\n<div style=\"font-size: 12px; color: #cccccc; line-break: anywhere; word-break: normal; overflow: hidden; white-space: nowrap; text-overflow: ellipsis; font-family: Interstate,Lucida Grande,Lucida Sans Unicode,Lucida Sans,Garuda,Verdana,Tahoma,sans-serif; font-weight: 100;\"><a style=\"color: #cccccc; text-decoration: none;\" title=\"Wu Ming 1 &amp; Luca Casarotti\" href=\"https:\/\/soundcloud.com\/luca-casarotti-704682346\" target=\"_blank\" rel=\"noopener\"> \u00b7 <\/a><a style=\"color: #cccccc; text-decoration: none;\" title=\"UFO 78. Concerto non identificato\" href=\"https:\/\/soundcloud.com\/luca-casarotti-704682346\/sets\/ufo-78-concerto-non-identificato\" target=\"_blank\" rel=\"noopener\">UFO 78. Concerto non identificato<\/a><\/div>\n<\/div>\n","protected":false},"excerpt":{"rendered":"A distanza di undici mesi esatti dall&#8217;uscita in libreria, pochi giorni dopo la centesima presentazione, ci \u00e8 giunta notizia che Ufo 78 \u00e8 di nuovo in ristampa. Spinto principalmente dal \u00abFlap 23\u00bb e dal passaparola di lettrici e lettori, durante l&#8217;estate il romanzo ha continuato a muoversi e ora \u00e8 necessario rifornire i magazzini. Alla [&hellip;]","protected":false},"author":1,"featured_media":51571,"comment_status":"open","ping_status":"open","sticky":false,"template":"","format":"standard","meta":{"footnotes":""},"categories":[6],"tags":[4708,4633],"class_list":["post-53306","post","type-post","status-publish","format-standard","has-post-thumbnail","hentry","category-news-e-segnalazioni","tag-radio-ufo-78","tag-ufo-78"],"_links":{"self":[{"href":"https:\/\/www.wumingfoundation.com\/giap\/wp-json\/wp\/v2\/posts\/53306","targetHints":{"allow":["GET"]}}],"collection":[{"href":"https:\/\/www.wumingfoundation.com\/giap\/wp-json\/wp\/v2\/posts"}],"about":[{"href":"https:\/\/www.wumingfoundation.com\/giap\/wp-json\/wp\/v2\/types\/post"}],"author":[{"embeddable":true,"href":"https:\/\/www.wumingfoundation.com\/giap\/wp-json\/wp\/v2\/users\/1"}],"replies":[{"embeddable":true,"href":"https:\/\/www.wumingfoundation.com\/giap\/wp-json\/wp\/v2\/comments?post=53306"}],"version-history":[{"count":6,"href":"https:\/\/www.wumingfoundation.com\/giap\/wp-json\/wp\/v2\/posts\/53306\/revisions"}],"predecessor-version":[{"id":53435,"href":"https:\/\/www.wumingfoundation.com\/giap\/wp-json\/wp\/v2\/posts\/53306\/revisions\/53435"}],"wp:featuredmedia":[{"embeddable":true,"href":"https:\/\/www.wumingfoundation.com\/giap\/wp-json\/wp\/v2\/media\/51571"}],"wp:attachment":[{"href":"https:\/\/www.wumingfoundation.com\/giap\/wp-json\/wp\/v2\/media?parent=53306"}],"wp:term":[{"taxonomy":"category","embeddable":true,"href":"https:\/\/www.wumingfoundation.com\/giap\/wp-json\/wp\/v2\/categories?post=53306"},{"taxonomy":"post_tag","embeddable":true,"href":"https:\/\/www.wumingfoundation.com\/giap\/wp-json\/wp\/v2\/tags?post=53306"}],"curies":[{"name":"wp","href":"https:\/\/api.w.org\/{rel}","templated":true}]}}