{"id":52187,"date":"2023-05-25T09:00:46","date_gmt":"2023-05-25T07:00:46","guid":{"rendered":"https:\/\/www.wumingfoundation.com\/giap\/?p=52187"},"modified":"2023-05-24T22:09:18","modified_gmt":"2023-05-24T20:09:18","slug":"antonio-pellicciari-quinto-racconto-in-musica-estratto-da-veglione-rosso","status":"publish","type":"post","link":"https:\/\/www.wumingfoundation.com\/giap\/2023\/05\/antonio-pellicciari-quinto-racconto-in-musica-estratto-da-veglione-rosso\/","title":{"rendered":"\u00abAntonio Pellicciari\u00bb. Quinto racconto in musica estratto da <i>Veglione rosso<\/i>"},"content":{"rendered":"<p><a href=\"https:\/\/www.wumingfoundation.com\/giap\/wp-content\/uploads\/2023\/05\/antonio-pellicciari.jpg\"><img loading=\"lazy\" decoding=\"async\" class=\"aligncenter wp-image-52188\" src=\"https:\/\/www.wumingfoundation.com\/giap\/wp-content\/uploads\/2023\/05\/antonio-pellicciari.jpg\" alt=\"\" width=\"650\" height=\"948\" srcset=\"https:\/\/www.wumingfoundation.com\/giap\/wp-content\/uploads\/2023\/05\/antonio-pellicciari.jpg 1000w, https:\/\/www.wumingfoundation.com\/giap\/wp-content\/uploads\/2023\/05\/antonio-pellicciari-206x300.jpg 206w, https:\/\/www.wumingfoundation.com\/giap\/wp-content\/uploads\/2023\/05\/antonio-pellicciari-702x1024.jpg 702w, https:\/\/www.wumingfoundation.com\/giap\/wp-content\/uploads\/2023\/05\/antonio-pellicciari-768x1120.jpg 768w\" sizes=\"auto, (max-width: 650px) 100vw, 650px\" \/><\/a><\/p>\n<p>Non esistono fotografie di Antonio Pellicciari, che quindi sarebbe il primo, tra i protagonisti di <a href=\"https:\/\/www.wumingfoundation.com\/giap\/2022\/12\/veglione-rosso-lalba-di-una-notte-durata-ventanni\/\"><em>Veglione rosso<\/em><\/a> incontrati fin qui, a rimanere senza volto, se non fosse per il disegno di <strong>Carlotta Artioli<\/strong>. Non a caso, Antonio vi \u00e8 ritratto da sotto in su, con le scarpe in primo piano e il viso sfuggente, poco dettagliato.<\/p>\n<p>Il brano che lo riguarda, e che vi presentiamo, \u00e8 stato registrato dal vivo al teatro Asioli di Correggio, l&#8217;11 marzo scorso. Il violoncello di <strong>Mattia Cipolli<\/strong> \u00e8 l&#8217;unico strumento che affianca la voce di Wu Ming 2. Ma poich\u00e9 si tratta, per l&#8217;occasione, di un violoncello elettrico, macchinari ed effetti lo moltiplicano in pi\u00f9 voci distinte. Questo non per una semplice scelta estetica, ma per replicare in musica la caratteristica compositiva che contraddistingue il testo e pi\u00f9 in generale tutta la raccolta. Una caratteristica \u00abmisteriosa\u00bb, oggetto di un parodistico \u00abconcorso a premi\u00bb, che fin qui nessuno \u00e8 riuscito a identificare.<!--more--><\/p>\n<div id=\"attachment_52189\" style=\"width: 210px\" class=\"wp-caption alignleft\"><a href=\"https:\/\/www.wumingfoundation.com\/giap\/wp-content\/uploads\/2023\/05\/barricate-1656750573906.jpg-.jpg\"><img loading=\"lazy\" decoding=\"async\" aria-describedby=\"caption-attachment-52189\" class=\"wp-image-52189\" src=\"https:\/\/www.wumingfoundation.com\/giap\/wp-content\/uploads\/2023\/05\/barricate-1656750573906.jpg-.jpg\" alt=\"\" width=\"200\" height=\"282\" srcset=\"https:\/\/www.wumingfoundation.com\/giap\/wp-content\/uploads\/2023\/05\/barricate-1656750573906.jpg-.jpg 964w, https:\/\/www.wumingfoundation.com\/giap\/wp-content\/uploads\/2023\/05\/barricate-1656750573906.jpg--213x300.jpg 213w, https:\/\/www.wumingfoundation.com\/giap\/wp-content\/uploads\/2023\/05\/barricate-1656750573906.jpg--727x1024.jpg 727w, https:\/\/www.wumingfoundation.com\/giap\/wp-content\/uploads\/2023\/05\/barricate-1656750573906.jpg--768x1082.jpg 768w\" sizes=\"auto, (max-width: 200px) 100vw, 200px\" \/><\/a><p id=\"caption-attachment-52189\" class=\"wp-caption-text\">Parma, Oltretorrente, agosto 1922<\/p><\/div>\n<p>Il racconto si concentra sull&#8217;episodio pi\u00f9 notevole &#8211; tra i pochi che conosciamo &#8211; della biografia di Antonio Pellicciari: la sua partecipazione, con gli <strong>Arditi del Popolo<\/strong>, ai \u00abfatti di Parma\u00bb, ovvero alle barricate dell&#8217;Oltretorrente dei primi d&#8217;agosto del &#8217;22. Una scelta che di certo rese i fascisti ancor pi\u00f9 brutali nel colpirlo, quando rientr\u00f2 a Correggio e poterono affrontarlo in tanti contro uno. Il narratore, in questo caso, adotta il <em>loro<\/em> punto di vista, ricavato soprattutto dal <em>Diario 1922<\/em> di <strong>Italo Balbo<\/strong>, pubblicato da Mondadori dieci anni pi\u00f9 tardi.<\/p>\n<p>Come sempre, riportiamo anche la scheda biografica preparata in occasione della mostra di <strong>Casa del Popolo Spartaco<\/strong>: \u00ab1920\/2020. In ricordo dei primi martiri antifascisti correggesi\u00bb.<\/p>\n<div class=\"page\" title=\"Page 30\">\n<div class=\"section\">\n<div class=\"layoutArea\">\n<div class=\"column\">\n<p>Nella sua frazione, Fazzano, Antonio Pellicciari era considerato un\u2019autorita\u0300 per il modo in cui riusciva a porre i problemi delle rivendicazioni dei contadini e degli operai.<\/p>\n<p>Fu attivo nel movimento cooperativo, quando la voce di Camillo Prampolini spargeva nella provincia di Reggio Emilia il seme educativo di teorie socialiste.<br \/>\nDal 2 al 4 agosto 1922, assieme ai compagni Bagni, Messori e Pellacani, aderi\u0300 agli Arditi del popolo e partecipo\u0300 alla difesa della citta\u0300 di Parma dall\u2019invasione degli squadristi guidati da Italo Balbo.<br \/>\nDuramente perseguitato dai fascisti, bastonato, seviziato piu\u0300 volte tanto da procurargli degli scompensi fisici, mori\u0300 a causa di una polmonite acuta nel febbraio 1923.<\/p>\n<\/div>\n<p>Buon ascolto.<\/p>\n<p><strong>\u00abVeglione rosso\u00bb &#8211; 5. Antonio Pellicciari<\/strong><br \/>\n<a href=\"https:\/\/www.wumingfoundation.com\/suoni\/WM2_Concordanze_Pilia_Antonio_Pellicciari.mp3\">\u00abVeglione rosso\u00bb &#8211; 5. Antonio Pellicciari<\/a><\/p>\n<p>Come sempre, anche <a href=\"https:\/\/archive.org\/details\/veglione-rosso-05-antonio-pellicciari-live-teatro-asioli\"><strong>su Internet Archive<\/strong><\/a>, <strong><a href=\"https:\/\/podcasts.apple.com\/it\/podcast\/antonio-pellicciari-quinto-racconto-in-musica-estratto\/id1224038765?i=1000614334407\">su Apple Podcasts<\/a><\/strong> e, tramite <a href=\"https:\/\/www.wumingfoundation.com\/suoni\/wmaudio2017.xml\">il nostro feed<\/a>, potenzialmente su ogni piattaforma o applicazione per podcast.<\/p>\n<\/div>\n<\/div>\n<\/div>\n","protected":false},"excerpt":{"rendered":"Non esistono fotografie di Antonio Pellicciari, che quindi sarebbe il primo, tra i protagonisti di Veglione rosso incontrati fin qui, a rimanere senza volto, se non fosse per il disegno di Carlotta Artioli. Non a caso, Antonio vi \u00e8 ritratto da sotto in su, con le scarpe in primo piano e il viso sfuggente, poco [&hellip;]","protected":false},"author":44,"featured_media":52188,"comment_status":"open","ping_status":"open","sticky":false,"template":"","format":"standard","meta":{"footnotes":""},"categories":[6,3056,5],"tags":[189,4697,1360,4666,4672,4576,4698,4665],"class_list":["post-52187","post","type-post","status-publish","format-standard","has-post-thumbnail","hentry","category-news-e-segnalazioni","category-radio-giap-rebelde","category-transmedia","tag-antifascismo","tag-antonio-pellicciari","tag-correggio","tag-ensemble-concordanze","tag-mattia-cipolli","tag-melologo","tag-oltretorrente","tag-veglione-rosso"],"yoast_head":"<!-- This site is optimized with the Yoast SEO plugin v27.5 - https:\/\/yoast.com\/product\/yoast-seo-wordpress\/ -->\n<title>\u00abAntonio Pellicciari\u00bb. Quinto racconto in musica estratto da Veglione rosso - Giap<\/title>\n<meta name=\"robots\" content=\"index, follow, max-snippet:-1, max-image-preview:large, max-video-preview:-1\" \/>\n<link rel=\"canonical\" href=\"https:\/\/www.wumingfoundation.com\/giap\/2023\/05\/antonio-pellicciari-quinto-racconto-in-musica-estratto-da-veglione-rosso\/\" \/>\n<meta property=\"og:locale\" content=\"it_IT\" \/>\n<meta property=\"og:type\" content=\"article\" \/>\n<meta property=\"og:title\" content=\"\u00abAntonio Pellicciari\u00bb. Quinto racconto in musica estratto da Veglione rosso - Giap\" \/>\n<meta property=\"og:description\" content=\"Non esistono fotografie di Antonio Pellicciari, che quindi sarebbe il primo, tra i protagonisti di Veglione rosso incontrati fin qui, a rimanere senza volto, se non fosse per il disegno di Carlotta Artioli. Non a caso, Antonio vi \u00e8 ritratto da sotto in su, con le scarpe in primo piano e il viso sfuggente, poco [&hellip;]\" \/>\n<meta property=\"og:url\" content=\"https:\/\/www.wumingfoundation.com\/giap\/2023\/05\/antonio-pellicciari-quinto-racconto-in-musica-estratto-da-veglione-rosso\/\" \/>\n<meta property=\"og:site_name\" content=\"Giap\" \/>\n<meta property=\"article:published_time\" content=\"2023-05-25T07:00:46+00:00\" \/>\n<meta property=\"og:image\" content=\"https:\/\/www.wumingfoundation.com\/giap\/wp-content\/uploads\/2023\/05\/antonio-pellicciari.jpg\" \/>\n\t<meta property=\"og:image:width\" content=\"1000\" \/>\n\t<meta property=\"og:image:height\" content=\"1458\" \/>\n\t<meta property=\"og:image:type\" content=\"image\/jpeg\" \/>\n<meta name=\"author\" content=\"Wu Ming 2\" \/>\n<meta name=\"twitter:card\" content=\"summary_large_image\" \/>\n<meta name=\"twitter:creator\" content=\"@Wu_Ming_Foundt\" \/>\n<meta name=\"twitter:site\" content=\"@Wu_Ming_Foundt\" \/>\n<meta name=\"twitter:label1\" content=\"Scritto da\" \/>\n\t<meta name=\"twitter:data1\" content=\"Wu Ming 2\" \/>\n\t<meta name=\"twitter:label2\" content=\"Tempo di lettura stimato\" \/>\n\t<meta name=\"twitter:data2\" content=\"3 minuti\" \/>\n<script type=\"application\/ld+json\" class=\"yoast-schema-graph\">{\"@context\":\"https:\\\/\\\/schema.org\",\"@graph\":[{\"@type\":\"Article\",\"@id\":\"https:\\\/\\\/www.wumingfoundation.com\\\/giap\\\/2023\\\/05\\\/antonio-pellicciari-quinto-racconto-in-musica-estratto-da-veglione-rosso\\\/#article\",\"isPartOf\":{\"@id\":\"https:\\\/\\\/www.wumingfoundation.com\\\/giap\\\/2023\\\/05\\\/antonio-pellicciari-quinto-racconto-in-musica-estratto-da-veglione-rosso\\\/\"},\"author\":{\"name\":\"Wu Ming 2\",\"@id\":\"https:\\\/\\\/www.wumingfoundation.com\\\/giap\\\/#\\\/schema\\\/person\\\/f3c43d7ffa31996d560ff94e1cba5eca\"},\"headline\":\"\u00abAntonio Pellicciari\u00bb. Quinto racconto in musica estratto da Veglione rosso\",\"datePublished\":\"2023-05-25T07:00:46+00:00\",\"mainEntityOfPage\":{\"@id\":\"https:\\\/\\\/www.wumingfoundation.com\\\/giap\\\/2023\\\/05\\\/antonio-pellicciari-quinto-racconto-in-musica-estratto-da-veglione-rosso\\\/\"},\"wordCount\":427,\"commentCount\":0,\"image\":{\"@id\":\"https:\\\/\\\/www.wumingfoundation.com\\\/giap\\\/2023\\\/05\\\/antonio-pellicciari-quinto-racconto-in-musica-estratto-da-veglione-rosso\\\/#primaryimage\"},\"thumbnailUrl\":\"https:\\\/\\\/www.wumingfoundation.com\\\/giap\\\/wp-content\\\/uploads\\\/2023\\\/05\\\/antonio-pellicciari.jpg\",\"keywords\":[\"antifascismo\",\"Antonio Pellicciari\",\"Correggio\",\"Ensemble Concordanze\",\"Mattia Cipolli\",\"melologo\",\"Oltretorrente\",\"Veglione rosso\"],\"articleSection\":[\"Notizie\",\"Radio Giap Rebelde\",\"Transmedia\"],\"inLanguage\":\"it-IT\",\"potentialAction\":[{\"@type\":\"CommentAction\",\"name\":\"Comment\",\"target\":[\"https:\\\/\\\/www.wumingfoundation.com\\\/giap\\\/2023\\\/05\\\/antonio-pellicciari-quinto-racconto-in-musica-estratto-da-veglione-rosso\\\/#respond\"]}]},{\"@type\":\"WebPage\",\"@id\":\"https:\\\/\\\/www.wumingfoundation.com\\\/giap\\\/2023\\\/05\\\/antonio-pellicciari-quinto-racconto-in-musica-estratto-da-veglione-rosso\\\/\",\"url\":\"https:\\\/\\\/www.wumingfoundation.com\\\/giap\\\/2023\\\/05\\\/antonio-pellicciari-quinto-racconto-in-musica-estratto-da-veglione-rosso\\\/\",\"name\":\"\u00abAntonio Pellicciari\u00bb. Quinto racconto in musica estratto da Veglione rosso - Giap\",\"isPartOf\":{\"@id\":\"https:\\\/\\\/www.wumingfoundation.com\\\/giap\\\/#website\"},\"primaryImageOfPage\":{\"@id\":\"https:\\\/\\\/www.wumingfoundation.com\\\/giap\\\/2023\\\/05\\\/antonio-pellicciari-quinto-racconto-in-musica-estratto-da-veglione-rosso\\\/#primaryimage\"},\"image\":{\"@id\":\"https:\\\/\\\/www.wumingfoundation.com\\\/giap\\\/2023\\\/05\\\/antonio-pellicciari-quinto-racconto-in-musica-estratto-da-veglione-rosso\\\/#primaryimage\"},\"thumbnailUrl\":\"https:\\\/\\\/www.wumingfoundation.com\\\/giap\\\/wp-content\\\/uploads\\\/2023\\\/05\\\/antonio-pellicciari.jpg\",\"datePublished\":\"2023-05-25T07:00:46+00:00\",\"author\":{\"@id\":\"https:\\\/\\\/www.wumingfoundation.com\\\/giap\\\/#\\\/schema\\\/person\\\/f3c43d7ffa31996d560ff94e1cba5eca\"},\"breadcrumb\":{\"@id\":\"https:\\\/\\\/www.wumingfoundation.com\\\/giap\\\/2023\\\/05\\\/antonio-pellicciari-quinto-racconto-in-musica-estratto-da-veglione-rosso\\\/#breadcrumb\"},\"inLanguage\":\"it-IT\",\"potentialAction\":[{\"@type\":\"ReadAction\",\"target\":[\"https:\\\/\\\/www.wumingfoundation.com\\\/giap\\\/2023\\\/05\\\/antonio-pellicciari-quinto-racconto-in-musica-estratto-da-veglione-rosso\\\/\"]}]},{\"@type\":\"ImageObject\",\"inLanguage\":\"it-IT\",\"@id\":\"https:\\\/\\\/www.wumingfoundation.com\\\/giap\\\/2023\\\/05\\\/antonio-pellicciari-quinto-racconto-in-musica-estratto-da-veglione-rosso\\\/#primaryimage\",\"url\":\"https:\\\/\\\/www.wumingfoundation.com\\\/giap\\\/wp-content\\\/uploads\\\/2023\\\/05\\\/antonio-pellicciari.jpg\",\"contentUrl\":\"https:\\\/\\\/www.wumingfoundation.com\\\/giap\\\/wp-content\\\/uploads\\\/2023\\\/05\\\/antonio-pellicciari.jpg\",\"width\":1000,\"height\":1458},{\"@type\":\"BreadcrumbList\",\"@id\":\"https:\\\/\\\/www.wumingfoundation.com\\\/giap\\\/2023\\\/05\\\/antonio-pellicciari-quinto-racconto-in-musica-estratto-da-veglione-rosso\\\/#breadcrumb\",\"itemListElement\":[{\"@type\":\"ListItem\",\"position\":1,\"name\":\"Home\",\"item\":\"https:\\\/\\\/www.wumingfoundation.com\\\/giap\\\/\"},{\"@type\":\"ListItem\",\"position\":2,\"name\":\"\u00abAntonio Pellicciari\u00bb. Quinto racconto in musica estratto da Veglione rosso\"}]},{\"@type\":\"WebSite\",\"@id\":\"https:\\\/\\\/www.wumingfoundation.com\\\/giap\\\/#website\",\"url\":\"https:\\\/\\\/www.wumingfoundation.com\\\/giap\\\/\",\"name\":\"Giap\",\"description\":\"Il sito ufficiale di Wu Ming, collettivo di scrittori\",\"potentialAction\":[{\"@type\":\"SearchAction\",\"target\":{\"@type\":\"EntryPoint\",\"urlTemplate\":\"https:\\\/\\\/www.wumingfoundation.com\\\/giap\\\/?s={search_term_string}\"},\"query-input\":{\"@type\":\"PropertyValueSpecification\",\"valueRequired\":true,\"valueName\":\"search_term_string\"}}],\"inLanguage\":\"it-IT\"},{\"@type\":\"Person\",\"@id\":\"https:\\\/\\\/www.wumingfoundation.com\\\/giap\\\/#\\\/schema\\\/person\\\/f3c43d7ffa31996d560ff94e1cba5eca\",\"name\":\"Wu Ming 2\",\"image\":{\"@type\":\"ImageObject\",\"inLanguage\":\"it-IT\",\"@id\":\"https:\\\/\\\/secure.gravatar.com\\\/avatar\\\/d63e960df9f6cf3ac3a1c626713f7b755664610b67bca6c6e49710257e90c03b?s=96&d=blank&r=g\",\"url\":\"https:\\\/\\\/secure.gravatar.com\\\/avatar\\\/d63e960df9f6cf3ac3a1c626713f7b755664610b67bca6c6e49710257e90c03b?s=96&d=blank&r=g\",\"contentUrl\":\"https:\\\/\\\/secure.gravatar.com\\\/avatar\\\/d63e960df9f6cf3ac3a1c626713f7b755664610b67bca6c6e49710257e90c03b?s=96&d=blank&r=g\",\"caption\":\"Wu Ming 2\"},\"sameAs\":[\"http:\\\/\\\/www.wumingfoundation.com\"]}]}<\/script>\n<!-- \/ Yoast SEO plugin. -->","yoast_head_json":{"title":"\u00abAntonio Pellicciari\u00bb. Quinto racconto in musica estratto da Veglione rosso - Giap","robots":{"index":"index","follow":"follow","max-snippet":"max-snippet:-1","max-image-preview":"max-image-preview:large","max-video-preview":"max-video-preview:-1"},"canonical":"https:\/\/www.wumingfoundation.com\/giap\/2023\/05\/antonio-pellicciari-quinto-racconto-in-musica-estratto-da-veglione-rosso\/","og_locale":"it_IT","og_type":"article","og_title":"\u00abAntonio Pellicciari\u00bb. Quinto racconto in musica estratto da Veglione rosso - Giap","og_description":"Non esistono fotografie di Antonio Pellicciari, che quindi sarebbe il primo, tra i protagonisti di Veglione rosso incontrati fin qui, a rimanere senza volto, se non fosse per il disegno di Carlotta Artioli. Non a caso, Antonio vi \u00e8 ritratto da sotto in su, con le scarpe in primo piano e il viso sfuggente, poco [&hellip;]","og_url":"https:\/\/www.wumingfoundation.com\/giap\/2023\/05\/antonio-pellicciari-quinto-racconto-in-musica-estratto-da-veglione-rosso\/","og_site_name":"Giap","article_published_time":"2023-05-25T07:00:46+00:00","og_image":[{"width":1000,"height":1458,"url":"https:\/\/www.wumingfoundation.com\/giap\/wp-content\/uploads\/2023\/05\/antonio-pellicciari.jpg","type":"image\/jpeg"}],"author":"Wu Ming 2","twitter_card":"summary_large_image","twitter_creator":"@Wu_Ming_Foundt","twitter_site":"@Wu_Ming_Foundt","twitter_misc":{"Scritto da":"Wu Ming 2","Tempo di lettura stimato":"3 minuti"},"schema":{"@context":"https:\/\/schema.org","@graph":[{"@type":"Article","@id":"https:\/\/www.wumingfoundation.com\/giap\/2023\/05\/antonio-pellicciari-quinto-racconto-in-musica-estratto-da-veglione-rosso\/#article","isPartOf":{"@id":"https:\/\/www.wumingfoundation.com\/giap\/2023\/05\/antonio-pellicciari-quinto-racconto-in-musica-estratto-da-veglione-rosso\/"},"author":{"name":"Wu Ming 2","@id":"https:\/\/www.wumingfoundation.com\/giap\/#\/schema\/person\/f3c43d7ffa31996d560ff94e1cba5eca"},"headline":"\u00abAntonio Pellicciari\u00bb. Quinto racconto in musica estratto da Veglione rosso","datePublished":"2023-05-25T07:00:46+00:00","mainEntityOfPage":{"@id":"https:\/\/www.wumingfoundation.com\/giap\/2023\/05\/antonio-pellicciari-quinto-racconto-in-musica-estratto-da-veglione-rosso\/"},"wordCount":427,"commentCount":0,"image":{"@id":"https:\/\/www.wumingfoundation.com\/giap\/2023\/05\/antonio-pellicciari-quinto-racconto-in-musica-estratto-da-veglione-rosso\/#primaryimage"},"thumbnailUrl":"https:\/\/www.wumingfoundation.com\/giap\/wp-content\/uploads\/2023\/05\/antonio-pellicciari.jpg","keywords":["antifascismo","Antonio Pellicciari","Correggio","Ensemble Concordanze","Mattia Cipolli","melologo","Oltretorrente","Veglione rosso"],"articleSection":["Notizie","Radio Giap Rebelde","Transmedia"],"inLanguage":"it-IT","potentialAction":[{"@type":"CommentAction","name":"Comment","target":["https:\/\/www.wumingfoundation.com\/giap\/2023\/05\/antonio-pellicciari-quinto-racconto-in-musica-estratto-da-veglione-rosso\/#respond"]}]},{"@type":"WebPage","@id":"https:\/\/www.wumingfoundation.com\/giap\/2023\/05\/antonio-pellicciari-quinto-racconto-in-musica-estratto-da-veglione-rosso\/","url":"https:\/\/www.wumingfoundation.com\/giap\/2023\/05\/antonio-pellicciari-quinto-racconto-in-musica-estratto-da-veglione-rosso\/","name":"\u00abAntonio Pellicciari\u00bb. Quinto racconto in musica estratto da Veglione rosso - Giap","isPartOf":{"@id":"https:\/\/www.wumingfoundation.com\/giap\/#website"},"primaryImageOfPage":{"@id":"https:\/\/www.wumingfoundation.com\/giap\/2023\/05\/antonio-pellicciari-quinto-racconto-in-musica-estratto-da-veglione-rosso\/#primaryimage"},"image":{"@id":"https:\/\/www.wumingfoundation.com\/giap\/2023\/05\/antonio-pellicciari-quinto-racconto-in-musica-estratto-da-veglione-rosso\/#primaryimage"},"thumbnailUrl":"https:\/\/www.wumingfoundation.com\/giap\/wp-content\/uploads\/2023\/05\/antonio-pellicciari.jpg","datePublished":"2023-05-25T07:00:46+00:00","author":{"@id":"https:\/\/www.wumingfoundation.com\/giap\/#\/schema\/person\/f3c43d7ffa31996d560ff94e1cba5eca"},"breadcrumb":{"@id":"https:\/\/www.wumingfoundation.com\/giap\/2023\/05\/antonio-pellicciari-quinto-racconto-in-musica-estratto-da-veglione-rosso\/#breadcrumb"},"inLanguage":"it-IT","potentialAction":[{"@type":"ReadAction","target":["https:\/\/www.wumingfoundation.com\/giap\/2023\/05\/antonio-pellicciari-quinto-racconto-in-musica-estratto-da-veglione-rosso\/"]}]},{"@type":"ImageObject","inLanguage":"it-IT","@id":"https:\/\/www.wumingfoundation.com\/giap\/2023\/05\/antonio-pellicciari-quinto-racconto-in-musica-estratto-da-veglione-rosso\/#primaryimage","url":"https:\/\/www.wumingfoundation.com\/giap\/wp-content\/uploads\/2023\/05\/antonio-pellicciari.jpg","contentUrl":"https:\/\/www.wumingfoundation.com\/giap\/wp-content\/uploads\/2023\/05\/antonio-pellicciari.jpg","width":1000,"height":1458},{"@type":"BreadcrumbList","@id":"https:\/\/www.wumingfoundation.com\/giap\/2023\/05\/antonio-pellicciari-quinto-racconto-in-musica-estratto-da-veglione-rosso\/#breadcrumb","itemListElement":[{"@type":"ListItem","position":1,"name":"Home","item":"https:\/\/www.wumingfoundation.com\/giap\/"},{"@type":"ListItem","position":2,"name":"\u00abAntonio Pellicciari\u00bb. Quinto racconto in musica estratto da Veglione rosso"}]},{"@type":"WebSite","@id":"https:\/\/www.wumingfoundation.com\/giap\/#website","url":"https:\/\/www.wumingfoundation.com\/giap\/","name":"Giap","description":"Il sito ufficiale di Wu Ming, collettivo di scrittori","potentialAction":[{"@type":"SearchAction","target":{"@type":"EntryPoint","urlTemplate":"https:\/\/www.wumingfoundation.com\/giap\/?s={search_term_string}"},"query-input":{"@type":"PropertyValueSpecification","valueRequired":true,"valueName":"search_term_string"}}],"inLanguage":"it-IT"},{"@type":"Person","@id":"https:\/\/www.wumingfoundation.com\/giap\/#\/schema\/person\/f3c43d7ffa31996d560ff94e1cba5eca","name":"Wu Ming 2","image":{"@type":"ImageObject","inLanguage":"it-IT","@id":"https:\/\/secure.gravatar.com\/avatar\/d63e960df9f6cf3ac3a1c626713f7b755664610b67bca6c6e49710257e90c03b?s=96&d=blank&r=g","url":"https:\/\/secure.gravatar.com\/avatar\/d63e960df9f6cf3ac3a1c626713f7b755664610b67bca6c6e49710257e90c03b?s=96&d=blank&r=g","contentUrl":"https:\/\/secure.gravatar.com\/avatar\/d63e960df9f6cf3ac3a1c626713f7b755664610b67bca6c6e49710257e90c03b?s=96&d=blank&r=g","caption":"Wu Ming 2"},"sameAs":["http:\/\/www.wumingfoundation.com"]}]}},"_links":{"self":[{"href":"https:\/\/www.wumingfoundation.com\/giap\/wp-json\/wp\/v2\/posts\/52187","targetHints":{"allow":["GET"]}}],"collection":[{"href":"https:\/\/www.wumingfoundation.com\/giap\/wp-json\/wp\/v2\/posts"}],"about":[{"href":"https:\/\/www.wumingfoundation.com\/giap\/wp-json\/wp\/v2\/types\/post"}],"author":[{"embeddable":true,"href":"https:\/\/www.wumingfoundation.com\/giap\/wp-json\/wp\/v2\/users\/44"}],"replies":[{"embeddable":true,"href":"https:\/\/www.wumingfoundation.com\/giap\/wp-json\/wp\/v2\/comments?post=52187"}],"version-history":[{"count":5,"href":"https:\/\/www.wumingfoundation.com\/giap\/wp-json\/wp\/v2\/posts\/52187\/revisions"}],"predecessor-version":[{"id":52197,"href":"https:\/\/www.wumingfoundation.com\/giap\/wp-json\/wp\/v2\/posts\/52187\/revisions\/52197"}],"wp:featuredmedia":[{"embeddable":true,"href":"https:\/\/www.wumingfoundation.com\/giap\/wp-json\/wp\/v2\/media\/52188"}],"wp:attachment":[{"href":"https:\/\/www.wumingfoundation.com\/giap\/wp-json\/wp\/v2\/media?parent=52187"}],"wp:term":[{"taxonomy":"category","embeddable":true,"href":"https:\/\/www.wumingfoundation.com\/giap\/wp-json\/wp\/v2\/categories?post=52187"},{"taxonomy":"post_tag","embeddable":true,"href":"https:\/\/www.wumingfoundation.com\/giap\/wp-json\/wp\/v2\/tags?post=52187"}],"curies":[{"name":"wp","href":"https:\/\/api.w.org\/{rel}","templated":true}]}}