{"id":52126,"date":"2023-05-17T14:35:59","date_gmt":"2023-05-17T12:35:59","guid":{"rendered":"https:\/\/www.wumingfoundation.com\/giap\/?p=52126"},"modified":"2024-11-02T11:13:24","modified_gmt":"2024-11-02T10:13:24","slug":"non-maltempo-ma-malterritorio","status":"publish","type":"post","link":"https:\/\/www.wumingfoundation.com\/giap\/2023\/05\/non-maltempo-ma-malterritorio\/","title":{"rendered":"Non \u00e8 \u00abmaltempo\u00bb, \u00e8 <em>malterritorio<\/em>. Le colpe del disastro in Emilia-Romagna"},"content":{"rendered":"<div align=\"center\" style=\"text-align: center;\"><span style=\"font-size: small;\"><strong>Aggiornamento 29\/05\/2023: <\/strong>dopo quest&#8217;articolo scritto a caldo, mentre ancora pioveva,<br \/>\n<span style=\"color: #ff0000;\"><strong>\u2192<\/strong><\/span>\u00a0<a href=\"https:\/\/www.wumingfoundation.com\/giap\/2023\/05\/cementificazione-alluvioni-emilia-romagna\/\">qui<\/a> una nostra prima inchiesta su post-alluvione e crisi climatica.<\/span><\/div>\n<p><span style=\"color: #ffffff;\">&#8211;<\/span><br \/>\n<img loading=\"lazy\" decoding=\"async\" class=\"wp-image-52144\" src=\"https:\/\/www.wumingfoundation.com\/giap\/wp-content\/uploads\/2023\/05\/cesena-alluvione2023.jpeg\" alt=\"malterritorio romagnolo\" width=\"700\" height=\"525\" srcset=\"https:\/\/www.wumingfoundation.com\/giap\/wp-content\/uploads\/2023\/05\/cesena-alluvione2023.jpeg 1600w, https:\/\/www.wumingfoundation.com\/giap\/wp-content\/uploads\/2023\/05\/cesena-alluvione2023-300x225.jpeg 300w, https:\/\/www.wumingfoundation.com\/giap\/wp-content\/uploads\/2023\/05\/cesena-alluvione2023-1024x768.jpeg 1024w, https:\/\/www.wumingfoundation.com\/giap\/wp-content\/uploads\/2023\/05\/cesena-alluvione2023-768x576.jpeg 768w\" sizes=\"auto, (max-width: 700px) 100vw, 700px\" \/><\/p>\n<p>La narrazione che imperversa sulle alluvioni in Emilia-Romagna \u00e8\u00a0 tossica e nasconde le responsabilit\u00e0 reali. Responsabilit\u00e0 che non sono del \u00abmeteo\u00bb. E nemmeno, genericamente, del \u00abclima\u00bb, termine usato da amministratori e giornalisti pi\u00f9 o meno come sinonimo di \u00absfiga\u00bb.<\/p>\n<p>Le piogge di questi giorni stupiscono, sembrano pi\u00f9 <em>eccezionali <\/em>di quanto non siano, perch\u00e9 arrivano dopo un inverno e un inizio di primavera segnati da una protratta, inquietante siccit\u00e0. E di per s\u00e9 non sarebbero affatto \u00abmaltempo\u00bb, concetto fuorviante, deresponsabilizzante e dannoso. Come diceva <strong>John Ruskin<\/strong>, \u00abnon esiste maltempo, solo diversi tipi di buontempo\u00bb. A essere <em>mala<\/em> \u00e8 la situazione che il tempo trova.<\/p>\n<p>Veniamo da lunghi mesi a becco asciutto: montagne senza neve, torrenti e fiumi tragicamente in secca, vegetazione e fauna in grave sofferenza, contadini disperati, prospettive cupe per l&#8217;estate prossima ventura (gi\u00e0 quella scorsa \u00e8 stata durissima)&#8230; In teoria, le piogge dovremmo accoglierle con giubilo.<!--more--><\/p>\n<p>Giubilo <em>moderato<\/em>, certo: chi conosce la situazione sa che, per vari motivi, queste piogge concentrate in pochi giorni non compenseranno la siccit\u00e0. Quest&#8217;ultima torner\u00e0 ad attanagliarci. In Nord Italia \u2013 arco alpino e val padana \u2013 nel 2022 le precipitazioni sono state inferiori anche del 40% rispetto alle medie del ventennio precedente. Questo \u00e8 il nuovo clima, ed \u00e8 qui per restare. Non solo: gran parte dell&#8217;acqua venuta gi\u00f9 in questi giorni sar\u00e0 <em>inutile<\/em> (ne parliamo tra poco).<\/p>\n<p>Nonostante tutto ci\u00f2, a rigore, che finalmente piova \u00e8 buona cosa. Piace a tutti che quando si apre il rubinetto esca l&#8217;acqua, no? Da dove si crede che venga, quell&#8217;acqua, se non dal cielo?<\/p>\n<p>Il motivo per cui la pioggia sta avendo conseguenze dannose e a volte letali \u00e8 presto detto: cade su un suolo asfaltato, cementificato, impermeabilizzato, che non pu\u00f2 assorbirne una sola goccia, dunque quest&#8217;acqua non solo non rigenera la vita, non solo non ricarica le falde, ma si accumula in superficie e corre via, a grande velocit\u00e0, travolgendo quel che trova. Spesso esonda da corsi d&#8217;acqua i cui argini \u2013 e spesso anche i letti \u2013 sono stati cementificati, e le cui aste sono state \u00abrettificate\u00bb. Corsi d&#8217;acqua intorno ai quali, dissennatamente, si \u00e8 costruito e ancora costruito.<\/p>\n<h4><strong>Malterritorio Emilia-Romagna<\/strong><\/h4>\n<p>L&#8217;Emilia-Romagna \u00e8 terra di grandi bonifiche, dunque, oltre ai tanti fiumi e torrenti che scendono dalle Alpi e dall&#8217;Appennino, ha migliaia e migliaia di chilometri di canali di scolo e di irrigazione. Ha uno degli assetti idrogeologici pi\u00f9 artificiali e ingegnerizzati del mondo, dunque \u2013 a dispetto di un&#8217;autonarrazione vanagloriosa, ben incarnata dal suo <em>guvernad\u00e5ur<\/em> Bonaccini \u2013 ha un assetto oltremodo<em> fragile<\/em>.<\/p>\n<p>Con queste premesse, il nostro territorio dovrebbe essere <em>pochissimo<\/em> cementificato. E invece no: l&#8217;Emilia-Romagna \u00e8 la terza regione pi\u00f9 cementificata d&#8217;Italia, col suo 9% circa di suolo impermeabilizzato \u2013 contro il 7,1% nazionale, percentuale gi\u00e0 altissima \u2013 ed \u00e8 la terza per incremento del consumo di suolo nel 2021: oltre 658 ettari in pi\u00f9 ricoperti, equivalenti al 10,4% del consumo di suolo nazionale di quell&#8217;anno.<\/p>\n<p>Nel 2017 l&#8217;amministrazione Bonaccini ha prodotto una legge definita, in perfetta neolingua stile <em>1984<\/em>, \u00abcontro il consumo di suolo\u00bb. Una legge farlocca, truffaldina, il cui scopo reale era <em>permettere<\/em> la cementificazione, come denunciato invano da molti esperti &#8211; geografi, urbanisti, architetti, storici del territorio &#8211; e associazioni ambientaliste. Si veda il libro collettaneo <em>Consumo di luogo. Regresso neoliberista nel disegno di legge urbanistica dell&#8217;Emilia-Romagna<\/em> (Pendragon, Bologna 2017, <a href=\"https:\/\/www.wumingfoundation.com\/Consumo_di_luogo.pdf\">disponibile in pdf qui<\/a>).<\/p>\n<p>Come volevasi dimostrare, anche grazie a questa legge si \u00e8 continuato a costruire e asfaltare, in preda a un vero e proprio delirio. E dove si \u00e8 costruito? <a href=\"https:\/\/altreconomia.it\/lalluvione-in-emilia-romagna-le-lacrime-di-coccodrillo-sopra-un-consumo-di-suolo-senza-argine\/\">Lo ha ricordato su Altreconomia<\/a> <strong>Paolo Pileri<\/strong>, docente di Pianificazione territoriale e ambientale al Politecnico di Milano:<\/p>\n<blockquote><p>\u00abnelle aree protette (pi\u00f9 2,1 ettari nel 2020-2021), nelle aree a pericolosit\u00e0 di frana (pi\u00f9 11,8 ettari nel 2020-2021), nelle aree a pericolosit\u00e0 idraulica dove l\u2019Emilia-Romagna vanta un vero e proprio <em>record<\/em> essendo la prima Regione d\u2019Italia per cementificazione in aree alluvionali: pi\u00f9 78,6 ettari nelle aree ad elevata pericolosit\u00e0 idraulica; pi\u00f9 501,9 in quelle a media pericolosit\u00e0 che \u00e8 poi pi\u00f9 della met\u00e0 del consumo di suolo nazionale con quel grado di pericolosit\u00e0 idraulica: pazzesco.\u00bb<\/p><\/blockquote>\n<p>Ecco cosa sta accadendo dalle nostre parti, soprattutto in Romagna. Non \u00e8 \u00abmaltempo\u00bb, \u00e8 <em>malterritorio<\/em>. Sono mille e mille nodi che vengono al pettine, i nodi di una gestione idiota e predatoria, portata avanti per decenni da una classe dirigente \u2013 politica e imprenditoriale \u2013 perdutamente innamorata di asfalto e cemento.<\/p>\n<h4><strong>Love Story: il PD e il cemento<\/strong><\/h4>\n<p>Parliamo di un <em>amore tossico<\/em>, ben peggiore di quello mostrato nel film di Caligari. Un amore che non accenna a finire, perch\u00e9 la suddetta classe dirigente ha in serbo per questa regione ancora e ancora asfalto, ancora e ancora cemento.<\/p>\n<p>Quel che attende il territorio bolognese \u2013 ma Bologna e il suo passante sono solo l&#8217;epicentro, il maremoto di asfalto arriver\u00e0 fino a Ferrara e alla Romagna \u2013 lo abbiamo <a href=\"https:\/\/www.wumingfoundation.com\/giap\/2023\/04\/passante-di-bologna-ingiustizia-climatica\/\">descritto per filo e per segno qui<\/a>. E quella \u00e8 solo la cementificazione su larga scala, con un impatto <em>molare<\/em> sul territorio. C&#8217;\u00e8 anche una cementificazione <em>molecolare<\/em>, capillare, fatta di speculazioni e inurbazioni meno visibili, che si insinua ovunque e che non sta raccontando quasi nessuno. A Bologna l&#8217;amministrazione Lepore-Clancy persegue una violenta <em>messa a valore<\/em> delle ultime parti di periferia non ancora consegnate all&#8217;edilizia.<\/p>\n<p>Questa \u00e8 la realt\u00e0 dei fatti che il PD, complice un&#8217;informazione obnubilata e spesso asservita, copre con greenwashing e <em>schleinwashing<\/em>.<\/p>\n<p>\u00abLavaggi\u00bb che si accompagnano a lavaggi di coscienza per mezzo del pi\u00f9 grottesco scaricabarile. Il sindaco PD di Massa Lombarda ha avuto il suo quarto d&#8217;ora di celebrit\u00e0 nazionale quando ha dato la colpa dell&#8217;inondazione&#8230; agli istrici e alle loro tane. Ma se ventiquattr&#8217;ore di pioggia bastano a fare morti e dispersi nel territorio ravennate, ci sembra pi\u00f9 probabile che le cause siano altre. Come ricorda Pileri,<\/p>\n<blockquote><p>\u00abla provincia di Ravenna \u00e8 stata la seconda provincia regionale per consumo di suolo nel 2020-2021 (pi\u00f9 114 ettari, pari al 17,3% del consumo regionale) con un consumo procapite altissimo (2,95 metri quadrati per abitante all\u2019anno); \u00e8 quarta per suolo impermeabilizzato procapite (488,6 m\u00b2\/ab).\u00bb<\/p><\/blockquote>\n<h4><strong>Se non sono gli istrici allora \u00e8 \u00abil clima\u00bb<\/strong><\/h4>\n<p>C&#8217;\u00e8 poi la tendenza a fare spallucce dicendo: \u00ab\u00e8 il cambiamento climatico\u00bb. Come a dire: non \u00e8 colpa nostra, che possiamo farci?<\/p>\n<p>A parte che invece s\u00ec, \u00e8 colpa &#8220;nostra&#8221;, o meglio, colpa di chi ha portato e tuttora porta avanti acriticamente questo modello di sviluppo, nonostante dei possibili effetti del surriscaldamento globale si parli da decenni&#8230;<\/p>\n<p>A parte questo, va detto con chiarezza che <em>questo<\/em> uso del clima \u00e8 <em>diversivo<\/em>.<\/p>\n<p>Certo, fa parte del cambiamento climatico il fatto che a lunghi periodi di siccit\u00e0 si alternino precipitazioni intense concentrate in pochi giorni, tuttavia&#8230;<\/p>\n<p>Tuttavia che a primavera possa piovere a dirotto per diversi giorni di fila lo dicono anche i proverbi. Uno su tutti: \u00abAprile, o una goccia o un fontanile\u00bb. Che ci\u00f2 possa accadere soprattutto dopo un inverno secco, idem: \u00ab<em>Hiver doux, printemps sec; hiver rude, printemps pluvieux\u00bb<\/em>. E potremmo citarne molti altri, in molte lingue.<\/p>\n<p>Di lunghe piogge e nubifragi a primavera troviamo innumerevoli testimonianze in tutta la cultura europea. Uno dei pi\u00f9 grandi classici del cinema italiano, <em>Riso amaro<\/em>, si svolge a primavera \u2013 nella stagione della monda del riso, appunto \u2013 e mostra un acquazzone di molti giorni, martellante, interminabile.<\/p>\n<p>Se queste piogge hanno impatti sempre pi\u00f9 devastanti in sempre meno tempo, \u00e8 perch\u00e9 il territorio \u00e8 sempre pi\u00f9 deturpato. Ed \u00e8 contro chi lo deturpa che dobbiamo lottare.<\/p>\n<p><img loading=\"lazy\" decoding=\"async\" class=\"aligncenter wp-image-52145\" src=\"https:\/\/www.wumingfoundation.com\/giap\/wp-content\/uploads\/2023\/05\/triodinamico.jpeg\" alt=\"\" width=\"700\" height=\"368\" srcset=\"https:\/\/www.wumingfoundation.com\/giap\/wp-content\/uploads\/2023\/05\/triodinamico.jpeg 1200w, https:\/\/www.wumingfoundation.com\/giap\/wp-content\/uploads\/2023\/05\/triodinamico-300x158.jpeg 300w, https:\/\/www.wumingfoundation.com\/giap\/wp-content\/uploads\/2023\/05\/triodinamico-1024x538.jpeg 1024w, https:\/\/www.wumingfoundation.com\/giap\/wp-content\/uploads\/2023\/05\/triodinamico-768x403.jpeg 768w\" sizes=\"auto, (max-width: 700px) 100vw, 700px\" \/><\/p>\n<h6><span style=\"font-size: small;\"><strong>Postilla <\/strong><\/span><\/h6>\n<p><span style=\"font-size: small;\">Ora non appena le previsioni danno pioggia si chiudono le scuole, come \u00e8 appena avvenuto anche a Bologna. Un tempo si chiudevano solo in caso di forti nevicate.<\/span><\/p>\n<p><span style=\"font-size: small;\">Mentre chiudiamo quest&#8217;articolo, primo pomeriggio del 17 maggio, giunge notizia che il Comune di Bologna \u2013 citt\u00e0 dove al momento pioviggina e dove il trasporto pubblico ha continuato a funzionare \u2013 ha chiuso anche biblioteche, musei e centri sportivi. Se avete una sensazione di <em>dej\u00e0 vu<\/em> \u00e8 perch\u00e9, s\u00ec, l&#8217;abbiamo <em>dej\u00e0 vu<\/em>.<\/span><\/p>\n<p><span style=\"font-size: small;\">Si giustificano queste ordinanze col fatto che quando piove e magari le acque sotterranee straripano \u2013 nel corso del XX secolo le amministrazioni bolognesi hanno interrato e costretto in cementizi letti di Procuste tutti i canali e corsi d&#8217;acqua che attraversavano la citt\u00e0, compreso il torrente Ravone esondato nei giorni scorsi \u2013 il traffico si congestiona all&#8217;istante. Traffico prevalentemente privato e automobilistico, il che \u00e8 al tempo stesso conseguenza e causa retroattiva delle politiche demenziali fatte sul territorio: nuove inurbazioni, sempre pi\u00f9 strade, domanda indotta di spostamenti in automobile ecc.<\/span><\/p>\n<p><span style=\"font-size: small;\">La classe dirigente responsabile di quelle politiche, di fronte ai disastri che esse producono ha come risposta unica e automatica l&#8217;Emergenza. E magari, nello specifico, la DAD ogni volta che piover\u00e0.<\/span><\/p>\n<p><span style=\"font-size: small;\">L&#8217;Emergenza \u2013 si \u00e8 ben visto negli anni del Covid \u2013 serve a non affrontare le cause dei problemi n\u00e9 ora, perch\u00e9 gli eventi incalzano, n\u00e9 in seguito, perch\u00e9 a pericolo non pi\u00f9 immediato si passer\u00e0 ad altro&#8230; fino al prossimo disastro.<\/span><\/p>\n<p><span style=\"font-size: small;\">A meno di non spezzare questo circolo vizioso.<\/span><\/p>\n","protected":false},"excerpt":{"rendered":"Aggiornamento 29\/05\/2023: dopo quest&#8217;articolo scritto a caldo, mentre ancora pioveva, \u2192\u00a0qui una nostra prima inchiesta su post-alluvione e crisi climatica. &#8211; La narrazione che imperversa sulle alluvioni in Emilia-Romagna \u00e8\u00a0 tossica e nasconde le responsabilit\u00e0 reali. Responsabilit\u00e0 che non sono del \u00abmeteo\u00bb. E nemmeno, genericamente, del \u00abclima\u00bb, termine usato da amministratori e giornalisti pi\u00f9 o [&hellip;]","protected":false},"author":1,"featured_media":52144,"comment_status":"open","ping_status":"open","sticky":false,"template":"","format":"standard","meta":{"footnotes":""},"categories":[8,6],"tags":[3309,3125,3126,4687,3324,3129,4696,4694,4695],"class_list":["post-52126","post","type-post","status-publish","format-standard","has-post-thumbnail","hentry","category-editoriali","category-news-e-segnalazioni","tag-cambiamento-climatico","tag-cementificazione","tag-consumo-di-suolo","tag-disastro-climatico","tag-grandi-opere-inutili","tag-greenwashing","tag-malterritorio","tag-romagna","tag-schleinwashing"],"yoast_head":"<!-- This site is optimized with the Yoast SEO plugin v27.4 - https:\/\/yoast.com\/product\/yoast-seo-wordpress\/ -->\n<title>Non \u00e8 \u00abmaltempo\u00bb, \u00e8 malterritorio. Le colpe del disastro in Emilia-Romagna<\/title>\n<meta name=\"description\" content=\"La narrazione sulle alluvioni in Emilia-Romagna \u00e8 tossica e nasconde le colpe di chi ha deturpato e reso pi\u00f9 vulnerabile il territorio.\" \/>\n<meta name=\"robots\" content=\"index, follow, max-snippet:-1, max-image-preview:large, max-video-preview:-1\" \/>\n<link rel=\"canonical\" href=\"https:\/\/www.wumingfoundation.com\/giap\/2023\/05\/non-maltempo-ma-malterritorio\/\" \/>\n<meta property=\"og:locale\" content=\"it_IT\" \/>\n<meta property=\"og:type\" content=\"article\" \/>\n<meta property=\"og:title\" content=\"Non \u00e8 \u00abmaltempo\u00bb, \u00e8 malterritorio. Le colpe del disastro in Emilia-Romagna\" \/>\n<meta property=\"og:description\" content=\"La narrazione sulle alluvioni in Emilia-Romagna \u00e8 tossica e nasconde le colpe di chi ha deturpato e reso pi\u00f9 vulnerabile il territorio.\" \/>\n<meta property=\"og:url\" content=\"https:\/\/www.wumingfoundation.com\/giap\/2023\/05\/non-maltempo-ma-malterritorio\/\" \/>\n<meta property=\"og:site_name\" content=\"Giap\" \/>\n<meta property=\"article:published_time\" content=\"2023-05-17T12:35:59+00:00\" \/>\n<meta property=\"article:modified_time\" content=\"2024-11-02T10:13:24+00:00\" \/>\n<meta property=\"og:image\" content=\"https:\/\/www.wumingfoundation.com\/giap\/wp-content\/uploads\/2023\/05\/cesena-alluvione2023.jpeg\" \/>\n\t<meta property=\"og:image:width\" content=\"1600\" \/>\n\t<meta property=\"og:image:height\" content=\"1200\" \/>\n\t<meta property=\"og:image:type\" content=\"image\/jpeg\" \/>\n<meta name=\"author\" content=\"Wu Ming\" \/>\n<meta name=\"twitter:card\" content=\"summary_large_image\" \/>\n<meta name=\"twitter:image\" content=\"https:\/\/www.wumingfoundation.com\/giap\/wp-content\/uploads\/2023\/05\/cesena-alluvione2023.jpeg\" \/>\n<meta name=\"twitter:creator\" content=\"@Wu_Ming_Foundt\" \/>\n<meta name=\"twitter:site\" content=\"@Wu_Ming_Foundt\" \/>\n<meta name=\"twitter:label1\" content=\"Scritto da\" \/>\n\t<meta name=\"twitter:data1\" content=\"Wu Ming\" \/>\n\t<meta name=\"twitter:label2\" content=\"Tempo di lettura stimato\" \/>\n\t<meta name=\"twitter:data2\" content=\"9 minuti\" \/>\n<script type=\"application\/ld+json\" class=\"yoast-schema-graph\">{\"@context\":\"https:\\\/\\\/schema.org\",\"@graph\":[{\"@type\":\"Article\",\"@id\":\"https:\\\/\\\/www.wumingfoundation.com\\\/giap\\\/2023\\\/05\\\/non-maltempo-ma-malterritorio\\\/#article\",\"isPartOf\":{\"@id\":\"https:\\\/\\\/www.wumingfoundation.com\\\/giap\\\/2023\\\/05\\\/non-maltempo-ma-malterritorio\\\/\"},\"author\":{\"name\":\"Wu Ming\",\"@id\":\"https:\\\/\\\/www.wumingfoundation.com\\\/giap\\\/#\\\/schema\\\/person\\\/881b1c925aaf48fe6eb5c3970be4458f\"},\"headline\":\"Non \u00e8 \u00abmaltempo\u00bb, \u00e8 malterritorio. Le colpe del disastro in Emilia-Romagna\",\"datePublished\":\"2023-05-17T12:35:59+00:00\",\"dateModified\":\"2024-11-02T10:13:24+00:00\",\"mainEntityOfPage\":{\"@id\":\"https:\\\/\\\/www.wumingfoundation.com\\\/giap\\\/2023\\\/05\\\/non-maltempo-ma-malterritorio\\\/\"},\"wordCount\":1479,\"commentCount\":85,\"image\":{\"@id\":\"https:\\\/\\\/www.wumingfoundation.com\\\/giap\\\/2023\\\/05\\\/non-maltempo-ma-malterritorio\\\/#primaryimage\"},\"thumbnailUrl\":\"https:\\\/\\\/www.wumingfoundation.com\\\/giap\\\/wp-content\\\/uploads\\\/2023\\\/05\\\/cesena-alluvione2023.jpeg\",\"keywords\":[\"cambiamento climatico\",\"cementificazione\",\"consumo di suolo\",\"disastro climatico\",\"Grandi opere inutili\",\"Greenwashing\",\"malterritorio\",\"Romagna\",\"Schleinwashing\"],\"articleSection\":[\"Esternazioni\",\"Notizie\"],\"inLanguage\":\"it-IT\",\"potentialAction\":[{\"@type\":\"CommentAction\",\"name\":\"Comment\",\"target\":[\"https:\\\/\\\/www.wumingfoundation.com\\\/giap\\\/2023\\\/05\\\/non-maltempo-ma-malterritorio\\\/#respond\"]}]},{\"@type\":\"WebPage\",\"@id\":\"https:\\\/\\\/www.wumingfoundation.com\\\/giap\\\/2023\\\/05\\\/non-maltempo-ma-malterritorio\\\/\",\"url\":\"https:\\\/\\\/www.wumingfoundation.com\\\/giap\\\/2023\\\/05\\\/non-maltempo-ma-malterritorio\\\/\",\"name\":\"Non \u00e8 \u00abmaltempo\u00bb, \u00e8 malterritorio. Le colpe del disastro in Emilia-Romagna\",\"isPartOf\":{\"@id\":\"https:\\\/\\\/www.wumingfoundation.com\\\/giap\\\/#website\"},\"primaryImageOfPage\":{\"@id\":\"https:\\\/\\\/www.wumingfoundation.com\\\/giap\\\/2023\\\/05\\\/non-maltempo-ma-malterritorio\\\/#primaryimage\"},\"image\":{\"@id\":\"https:\\\/\\\/www.wumingfoundation.com\\\/giap\\\/2023\\\/05\\\/non-maltempo-ma-malterritorio\\\/#primaryimage\"},\"thumbnailUrl\":\"https:\\\/\\\/www.wumingfoundation.com\\\/giap\\\/wp-content\\\/uploads\\\/2023\\\/05\\\/cesena-alluvione2023.jpeg\",\"datePublished\":\"2023-05-17T12:35:59+00:00\",\"dateModified\":\"2024-11-02T10:13:24+00:00\",\"author\":{\"@id\":\"https:\\\/\\\/www.wumingfoundation.com\\\/giap\\\/#\\\/schema\\\/person\\\/881b1c925aaf48fe6eb5c3970be4458f\"},\"description\":\"La narrazione sulle alluvioni in Emilia-Romagna \u00e8 tossica e nasconde le colpe di chi ha deturpato e reso pi\u00f9 vulnerabile il territorio.\",\"breadcrumb\":{\"@id\":\"https:\\\/\\\/www.wumingfoundation.com\\\/giap\\\/2023\\\/05\\\/non-maltempo-ma-malterritorio\\\/#breadcrumb\"},\"inLanguage\":\"it-IT\",\"potentialAction\":[{\"@type\":\"ReadAction\",\"target\":[\"https:\\\/\\\/www.wumingfoundation.com\\\/giap\\\/2023\\\/05\\\/non-maltempo-ma-malterritorio\\\/\"]}]},{\"@type\":\"ImageObject\",\"inLanguage\":\"it-IT\",\"@id\":\"https:\\\/\\\/www.wumingfoundation.com\\\/giap\\\/2023\\\/05\\\/non-maltempo-ma-malterritorio\\\/#primaryimage\",\"url\":\"https:\\\/\\\/www.wumingfoundation.com\\\/giap\\\/wp-content\\\/uploads\\\/2023\\\/05\\\/cesena-alluvione2023.jpeg\",\"contentUrl\":\"https:\\\/\\\/www.wumingfoundation.com\\\/giap\\\/wp-content\\\/uploads\\\/2023\\\/05\\\/cesena-alluvione2023.jpeg\",\"width\":1600,\"height\":1200},{\"@type\":\"BreadcrumbList\",\"@id\":\"https:\\\/\\\/www.wumingfoundation.com\\\/giap\\\/2023\\\/05\\\/non-maltempo-ma-malterritorio\\\/#breadcrumb\",\"itemListElement\":[{\"@type\":\"ListItem\",\"position\":1,\"name\":\"Home\",\"item\":\"https:\\\/\\\/www.wumingfoundation.com\\\/giap\\\/\"},{\"@type\":\"ListItem\",\"position\":2,\"name\":\"Non \u00e8 \u00abmaltempo\u00bb, \u00e8 malterritorio. Le colpe del disastro in Emilia-Romagna\"}]},{\"@type\":\"WebSite\",\"@id\":\"https:\\\/\\\/www.wumingfoundation.com\\\/giap\\\/#website\",\"url\":\"https:\\\/\\\/www.wumingfoundation.com\\\/giap\\\/\",\"name\":\"Giap\",\"description\":\"Il sito ufficiale di Wu Ming, collettivo di scrittori\",\"potentialAction\":[{\"@type\":\"SearchAction\",\"target\":{\"@type\":\"EntryPoint\",\"urlTemplate\":\"https:\\\/\\\/www.wumingfoundation.com\\\/giap\\\/?s={search_term_string}\"},\"query-input\":{\"@type\":\"PropertyValueSpecification\",\"valueRequired\":true,\"valueName\":\"search_term_string\"}}],\"inLanguage\":\"it-IT\"},{\"@type\":\"Person\",\"@id\":\"https:\\\/\\\/www.wumingfoundation.com\\\/giap\\\/#\\\/schema\\\/person\\\/881b1c925aaf48fe6eb5c3970be4458f\",\"name\":\"Wu Ming\",\"image\":{\"@type\":\"ImageObject\",\"inLanguage\":\"it-IT\",\"@id\":\"https:\\\/\\\/secure.gravatar.com\\\/avatar\\\/1f49001124f0d5b3aeb1d387dbd89e7b48de4c5c15539460ec1c154566c1723c?s=96&d=blank&r=g\",\"url\":\"https:\\\/\\\/secure.gravatar.com\\\/avatar\\\/1f49001124f0d5b3aeb1d387dbd89e7b48de4c5c15539460ec1c154566c1723c?s=96&d=blank&r=g\",\"contentUrl\":\"https:\\\/\\\/secure.gravatar.com\\\/avatar\\\/1f49001124f0d5b3aeb1d387dbd89e7b48de4c5c15539460ec1c154566c1723c?s=96&d=blank&r=g\",\"caption\":\"Wu Ming\"}}]}<\/script>\n<!-- \/ Yoast SEO plugin. -->","yoast_head_json":{"title":"Non \u00e8 \u00abmaltempo\u00bb, \u00e8 malterritorio. Le colpe del disastro in Emilia-Romagna","description":"La narrazione sulle alluvioni in Emilia-Romagna \u00e8 tossica e nasconde le colpe di chi ha deturpato e reso pi\u00f9 vulnerabile il territorio.","robots":{"index":"index","follow":"follow","max-snippet":"max-snippet:-1","max-image-preview":"max-image-preview:large","max-video-preview":"max-video-preview:-1"},"canonical":"https:\/\/www.wumingfoundation.com\/giap\/2023\/05\/non-maltempo-ma-malterritorio\/","og_locale":"it_IT","og_type":"article","og_title":"Non \u00e8 \u00abmaltempo\u00bb, \u00e8 malterritorio. Le colpe del disastro in Emilia-Romagna","og_description":"La narrazione sulle alluvioni in Emilia-Romagna \u00e8 tossica e nasconde le colpe di chi ha deturpato e reso pi\u00f9 vulnerabile il territorio.","og_url":"https:\/\/www.wumingfoundation.com\/giap\/2023\/05\/non-maltempo-ma-malterritorio\/","og_site_name":"Giap","article_published_time":"2023-05-17T12:35:59+00:00","article_modified_time":"2024-11-02T10:13:24+00:00","og_image":[{"width":1600,"height":1200,"url":"https:\/\/www.wumingfoundation.com\/giap\/wp-content\/uploads\/2023\/05\/cesena-alluvione2023.jpeg","type":"image\/jpeg"}],"author":"Wu Ming","twitter_card":"summary_large_image","twitter_image":"https:\/\/www.wumingfoundation.com\/giap\/wp-content\/uploads\/2023\/05\/cesena-alluvione2023.jpeg","twitter_creator":"@Wu_Ming_Foundt","twitter_site":"@Wu_Ming_Foundt","twitter_misc":{"Scritto da":"Wu Ming","Tempo di lettura stimato":"9 minuti"},"schema":{"@context":"https:\/\/schema.org","@graph":[{"@type":"Article","@id":"https:\/\/www.wumingfoundation.com\/giap\/2023\/05\/non-maltempo-ma-malterritorio\/#article","isPartOf":{"@id":"https:\/\/www.wumingfoundation.com\/giap\/2023\/05\/non-maltempo-ma-malterritorio\/"},"author":{"name":"Wu Ming","@id":"https:\/\/www.wumingfoundation.com\/giap\/#\/schema\/person\/881b1c925aaf48fe6eb5c3970be4458f"},"headline":"Non \u00e8 \u00abmaltempo\u00bb, \u00e8 malterritorio. Le colpe del disastro in Emilia-Romagna","datePublished":"2023-05-17T12:35:59+00:00","dateModified":"2024-11-02T10:13:24+00:00","mainEntityOfPage":{"@id":"https:\/\/www.wumingfoundation.com\/giap\/2023\/05\/non-maltempo-ma-malterritorio\/"},"wordCount":1479,"commentCount":85,"image":{"@id":"https:\/\/www.wumingfoundation.com\/giap\/2023\/05\/non-maltempo-ma-malterritorio\/#primaryimage"},"thumbnailUrl":"https:\/\/www.wumingfoundation.com\/giap\/wp-content\/uploads\/2023\/05\/cesena-alluvione2023.jpeg","keywords":["cambiamento climatico","cementificazione","consumo di suolo","disastro climatico","Grandi opere inutili","Greenwashing","malterritorio","Romagna","Schleinwashing"],"articleSection":["Esternazioni","Notizie"],"inLanguage":"it-IT","potentialAction":[{"@type":"CommentAction","name":"Comment","target":["https:\/\/www.wumingfoundation.com\/giap\/2023\/05\/non-maltempo-ma-malterritorio\/#respond"]}]},{"@type":"WebPage","@id":"https:\/\/www.wumingfoundation.com\/giap\/2023\/05\/non-maltempo-ma-malterritorio\/","url":"https:\/\/www.wumingfoundation.com\/giap\/2023\/05\/non-maltempo-ma-malterritorio\/","name":"Non \u00e8 \u00abmaltempo\u00bb, \u00e8 malterritorio. Le colpe del disastro in Emilia-Romagna","isPartOf":{"@id":"https:\/\/www.wumingfoundation.com\/giap\/#website"},"primaryImageOfPage":{"@id":"https:\/\/www.wumingfoundation.com\/giap\/2023\/05\/non-maltempo-ma-malterritorio\/#primaryimage"},"image":{"@id":"https:\/\/www.wumingfoundation.com\/giap\/2023\/05\/non-maltempo-ma-malterritorio\/#primaryimage"},"thumbnailUrl":"https:\/\/www.wumingfoundation.com\/giap\/wp-content\/uploads\/2023\/05\/cesena-alluvione2023.jpeg","datePublished":"2023-05-17T12:35:59+00:00","dateModified":"2024-11-02T10:13:24+00:00","author":{"@id":"https:\/\/www.wumingfoundation.com\/giap\/#\/schema\/person\/881b1c925aaf48fe6eb5c3970be4458f"},"description":"La narrazione sulle alluvioni in Emilia-Romagna \u00e8 tossica e nasconde le colpe di chi ha deturpato e reso pi\u00f9 vulnerabile il territorio.","breadcrumb":{"@id":"https:\/\/www.wumingfoundation.com\/giap\/2023\/05\/non-maltempo-ma-malterritorio\/#breadcrumb"},"inLanguage":"it-IT","potentialAction":[{"@type":"ReadAction","target":["https:\/\/www.wumingfoundation.com\/giap\/2023\/05\/non-maltempo-ma-malterritorio\/"]}]},{"@type":"ImageObject","inLanguage":"it-IT","@id":"https:\/\/www.wumingfoundation.com\/giap\/2023\/05\/non-maltempo-ma-malterritorio\/#primaryimage","url":"https:\/\/www.wumingfoundation.com\/giap\/wp-content\/uploads\/2023\/05\/cesena-alluvione2023.jpeg","contentUrl":"https:\/\/www.wumingfoundation.com\/giap\/wp-content\/uploads\/2023\/05\/cesena-alluvione2023.jpeg","width":1600,"height":1200},{"@type":"BreadcrumbList","@id":"https:\/\/www.wumingfoundation.com\/giap\/2023\/05\/non-maltempo-ma-malterritorio\/#breadcrumb","itemListElement":[{"@type":"ListItem","position":1,"name":"Home","item":"https:\/\/www.wumingfoundation.com\/giap\/"},{"@type":"ListItem","position":2,"name":"Non \u00e8 \u00abmaltempo\u00bb, \u00e8 malterritorio. Le colpe del disastro in Emilia-Romagna"}]},{"@type":"WebSite","@id":"https:\/\/www.wumingfoundation.com\/giap\/#website","url":"https:\/\/www.wumingfoundation.com\/giap\/","name":"Giap","description":"Il sito ufficiale di Wu Ming, collettivo di scrittori","potentialAction":[{"@type":"SearchAction","target":{"@type":"EntryPoint","urlTemplate":"https:\/\/www.wumingfoundation.com\/giap\/?s={search_term_string}"},"query-input":{"@type":"PropertyValueSpecification","valueRequired":true,"valueName":"search_term_string"}}],"inLanguage":"it-IT"},{"@type":"Person","@id":"https:\/\/www.wumingfoundation.com\/giap\/#\/schema\/person\/881b1c925aaf48fe6eb5c3970be4458f","name":"Wu Ming","image":{"@type":"ImageObject","inLanguage":"it-IT","@id":"https:\/\/secure.gravatar.com\/avatar\/1f49001124f0d5b3aeb1d387dbd89e7b48de4c5c15539460ec1c154566c1723c?s=96&d=blank&r=g","url":"https:\/\/secure.gravatar.com\/avatar\/1f49001124f0d5b3aeb1d387dbd89e7b48de4c5c15539460ec1c154566c1723c?s=96&d=blank&r=g","contentUrl":"https:\/\/secure.gravatar.com\/avatar\/1f49001124f0d5b3aeb1d387dbd89e7b48de4c5c15539460ec1c154566c1723c?s=96&d=blank&r=g","caption":"Wu Ming"}}]}},"_links":{"self":[{"href":"https:\/\/www.wumingfoundation.com\/giap\/wp-json\/wp\/v2\/posts\/52126","targetHints":{"allow":["GET"]}}],"collection":[{"href":"https:\/\/www.wumingfoundation.com\/giap\/wp-json\/wp\/v2\/posts"}],"about":[{"href":"https:\/\/www.wumingfoundation.com\/giap\/wp-json\/wp\/v2\/types\/post"}],"author":[{"embeddable":true,"href":"https:\/\/www.wumingfoundation.com\/giap\/wp-json\/wp\/v2\/users\/1"}],"replies":[{"embeddable":true,"href":"https:\/\/www.wumingfoundation.com\/giap\/wp-json\/wp\/v2\/comments?post=52126"}],"version-history":[{"count":6,"href":"https:\/\/www.wumingfoundation.com\/giap\/wp-json\/wp\/v2\/posts\/52126\/revisions"}],"predecessor-version":[{"id":56098,"href":"https:\/\/www.wumingfoundation.com\/giap\/wp-json\/wp\/v2\/posts\/52126\/revisions\/56098"}],"wp:featuredmedia":[{"embeddable":true,"href":"https:\/\/www.wumingfoundation.com\/giap\/wp-json\/wp\/v2\/media\/52144"}],"wp:attachment":[{"href":"https:\/\/www.wumingfoundation.com\/giap\/wp-json\/wp\/v2\/media?parent=52126"}],"wp:term":[{"taxonomy":"category","embeddable":true,"href":"https:\/\/www.wumingfoundation.com\/giap\/wp-json\/wp\/v2\/categories?post=52126"},{"taxonomy":"post_tag","embeddable":true,"href":"https:\/\/www.wumingfoundation.com\/giap\/wp-json\/wp\/v2\/tags?post=52126"}],"curies":[{"name":"wp","href":"https:\/\/api.w.org\/{rel}","templated":true}]}}