{"id":51331,"date":"2023-02-24T09:00:42","date_gmt":"2023-02-24T08:00:42","guid":{"rendered":"https:\/\/www.wumingfoundation.com\/giap\/?p=51331"},"modified":"2025-07-09T22:01:17","modified_gmt":"2025-07-09T20:01:17","slug":"2020-2023-guerra-degli-ufo-78","status":"publish","type":"post","link":"https:\/\/www.wumingfoundation.com\/giap\/2023\/02\/2020-2023-guerra-degli-ufo-78\/","title":{"rendered":"2020\u20132023: dagli avvistamenti durante i lockdown alla \u00abguerra degli UFO\u00bb (Ufo 78, speciale n.11)"},"content":{"rendered":"<div align=\"center\"><span style=\"font-size: small;\"><a href=\"https:\/\/illwill.com\/ufos\">Also in <strong>English<\/strong><\/a> \u2013 <a href=\"https:\/\/aesteladodelmediterraneo.wordpress.com\/2023\/03\/08\/2020-2023-de-los-avistamientos-durante-los-confinamientos-a-la-guerra-de-los-ovnis\/\">Tambi\u00e9n en <strong>castellano<\/strong><\/a> \u2013 <a href=\"https:\/\/ekdoseisynadelfwn.wordpress.com\/2023\/06\/03\/ufo-%ce%ba%ce%b1%ce%b9-%ce%b7-%ce%bb%ce%b1%cf%87%cf%84%ce%ac%cf%81%ce%b1-%ce%b3%ce%b9%ce%b1-%cf%84%ce%bf-%ce%ac%ce%b3%ce%bd%cf%89%cf%83%cf%84%ce%bf\/\">E\u03c0\u03af\u03c3\u03b7\u03c2 \u03c3\u03c4\u03b1 <strong>\u03b5\u03bb\u03bb\u03b7\u03bd\u03b9\u03ba\u03ac<\/strong><\/a><\/span><\/div>\n<p><img loading=\"lazy\" decoding=\"async\" class=\"aligncenter wp-image-51381\" src=\"https:\/\/www.wumingfoundation.com\/giap\/wp-content\/uploads\/2023\/02\/balloon.jpg\" alt=\"Cold War meets Ufo 78\" width=\"700\" height=\"394\" srcset=\"https:\/\/www.wumingfoundation.com\/giap\/wp-content\/uploads\/2023\/02\/balloon.jpg 929w, https:\/\/www.wumingfoundation.com\/giap\/wp-content\/uploads\/2023\/02\/balloon-300x169.jpg 300w, https:\/\/www.wumingfoundation.com\/giap\/wp-content\/uploads\/2023\/02\/balloon-768x432.jpg 768w\" sizes=\"auto, (max-width: 700px) 100vw, 700px\" \/><\/p>\n<p>Quando abbiamo cominciato a scrivere <em>Ufo 78<\/em>, di Ufo si parlava molto poco, perlomeno nel <em>mainstream<\/em>. Fuori da certe nicchie, l&#8217;argomento era <em>d\u00e9mod\u00e9<\/em> da molti anni.<\/p>\n<p>Ogni tanto qualcuno ci chiedeva: \u2013 Di cosa parler\u00e0 il prossimo romanzo?<br \/>\nE noi: \u2013 Dell&#8217;ossessione per gli UFO che si impadron\u00ec dell&#8217;Italia nel &#8217;78.<br \/>\nA quel punto l&#8217;interloquente, con espressione perplessa, diceva: \u2013 Che strano&#8230; Ma come mai gli Ufo?!<br \/>\nE noi a cercare di spiegarlo, senza dare troppe anticipazioni.<br \/>\nRegolarmente, un grande \u00abMah!\u00bb si stampava in fronte a chi ascoltava.<\/p>\n<p>Poi la storia ha voluto che, durante la stesura del libro, gli avvistamenti di UFO tornassero con prepotenza nell&#8217;immaginario collettivo.<\/p>\n<p>\u00c8 accaduto in tutto l&#8217;Occidente, a partire dai grandi confinamenti pandemici del 2020. Le testimonianze si sono moltiplicate rapidamente, ci sono stati numerosi <em>flap<\/em> e si pu\u00f2 dire che da allora siamo in piena <em>ondata<\/em>.<!--more--><\/p>\n<p>Lo dicono anche a Washington. Nel gennaio 2023 l&#8217;Ufficio del Direttore Nazionale dell&#8217;Intelligence Nazionale ha diffuso <a href=\"https:\/\/www.dni.gov\/files\/ODNI\/documents\/assessments\/Unclassified-2022-Annual-Report-UAP.pdf\">il suo rapporto annuale<\/a> sugli \u00abunidentified aerial phenomena\u00bb \u2013 l&#8217;odierna denominazione ufficiale, da cui l&#8217;acronimo UAP \u2013 fornendo i numeri per gli USA. Se dal 2002 al 2017 l&#8217;intelligence aveva classificato 263 avvistamenti, nel biennio 2020-2022 ne ha registrati quasi altrettanti: 247. Un salto di scala, dalle decine alle centinaia all&#8217;anno.<\/p>\n<p>Certo, per ora nulla di paragonabile all&#8217;ondata italiana del 1978: <em>duemila<\/em> avvistamenti solo quell&#8217;anno, e in un paese ben pi\u00f9 piccolo degli USA. Ma \u00e8 indubbio che gli UFO siano tornati. O meglio, la gente \u00e8 tornata a vedere gli UFO. Come mai?<\/p>\n<p>Noi abbiamo una teoria, e la stiamo esponendo in quasi ogni data del tour.<\/p>\n<h4><strong>1. Guardare il cielo \u00e8 l&#8217;avvio di ogni liberazione<br \/>\n<\/strong><\/h4>\n<p>Quando gli esseri umani si sentono messi all&#8217;angolo, costretti, oppressi, angosciati, rivolgono lo sguardo al cielo, al firmamento. \u00c8 cos\u00ec dall&#8217;idiomatica \u00abnotte dei tempi\u00bb.<\/p>\n<p>L&#8217;atto di guardare il cielo stellato \u00e8 il preludio a qualunque liberazione, a qualunque rivoluzione. \u00c8 forse un caso che quest&#8217;ultimo termine tragga origine dall&#8217;osservazione degli astri? La \u00abrivoluzione copernicana\u00bb, da <strong>Immanuel Kant<\/strong> in avanti, \u00e8 metafora di cambiamento epocale, di rovesciamento delle prospettive, di ingresso in un nuovo paradigma del sapere.<\/p>\n<p>Non c&#8217;\u00e8 fondazione di civilt\u00e0 o entrata in una nuova fase della storia che non sia partita cos\u00ec, alzando lo sguardo, perch\u00e9 guardare il cielo allarga la percezione dello spazio e dunque <em>del possibile<\/em>, sgrava la testa dalle zavorre del presente, consente di pensare in modo pi\u00f9 libero \u2013 il verbo \u00abconsiderare\u00bb deriva dallo stare <em>cum sidera<\/em>, in compagnia degli astri \u2013 e dunque di aspirare a qualcosa d&#8217;altro e di meglio. \u00abE vidi cielo nuovo e terra nuova\u00bb (Apocalisse, 21, 1).<\/p>\n<p><img loading=\"lazy\" decoding=\"async\" class=\"aligncenter size-full wp-image-51402\" src=\"https:\/\/www.wumingfoundation.com\/giap\/wp-content\/uploads\/2023\/02\/stelle.jpg\" alt=\"\" width=\"700\" height=\"394\" srcset=\"https:\/\/www.wumingfoundation.com\/giap\/wp-content\/uploads\/2023\/02\/stelle.jpg 700w, https:\/\/www.wumingfoundation.com\/giap\/wp-content\/uploads\/2023\/02\/stelle-300x169.jpg 300w\" sizes=\"auto, (max-width: 700px) 100vw, 700px\" \/><\/p>\n<p>Pensiamo alla stracitata frase di Amleto: \u00abCi son pi\u00f9 cose tra cielo e terra, Orazio, di quante siano sognate nella tua filosofia\u00bb (Atto I, scena 5).<\/p>\n<p>Amleto la pronuncia dopo aver parlato con lo spettro del padre. Poich\u00e9 il suo amico \u2013 gi\u00e0 compagno di studi a Wittenberg \u2013 Orazio trova la circostanza \u00ab<em>wondrous strange<\/em>\u00bb, Amleto gli risponde che lo spazio infinito implica l&#8217;infinitezza delle possibilit\u00e0 e delle ipotesi, dunque la realt\u00e0 <em>eccede<\/em> in ogni momento qualunque presente dottrina, qualunque filosofia e scienza in voga in un dato momento. \u00c8 un monito contro lo scientismo.<\/p>\n<p>Durante i grandi confinamenti si guardava il cielo pi\u00f9 spesso. Lo abbiamo fatto tutte e tutti. C&#8217;era meno inquinamento luminoso, e il cielo era pi\u00f9 sgombro del solito.<\/p>\n<h4><strong>2. Pi\u00f9 oggetti volanti di quanti possiamo immaginarne<\/strong><\/h4>\n<p>Si credeva, in quei giorni, che il cielo fosse <em>del tutto<\/em> sgombro. I media dicevano che gli aerei non volavano, ogni tanto la TV mostrava gli aeroporti deserti. Dunque l&#8217;apparizione di una luce inattesa poteva sorprendere. Da l\u00ec al pensare a un Ufo, a un oggetto <em>non-identificato<\/em>, il salto era breve.<\/p>\n<p>Ma il cielo del tutto sgombro non era. Il cielo del Capitalocene non \u00e8 <em>mai<\/em> sgombro.<\/p>\n<p>Nella primavera del 2020, e di nuovo nell&#8217;autunno della cosiddetta \u00abseconda ondata\u00bb (ondata di contagi, in questo caso), il traffico aereo civile era ridotto ai minimi termini, ma continuava, aerei decollavano e atterravano, per garantire gli spostamenti <em>essenziali<\/em>. Poi c&#8217;erano i voli militari, esclusi da qualunque \u00ablockdown\u00bb.<\/p>\n<p>Soprattutto, c&#8217;erano i satelliti in orbita. La maggior parte di noi ignora quanti siano, boh, qualche decina? Macch\u00e9. Nel 2020 erano pi\u00f9 di tremila, nei due anni seguenti sono diventati <a href=\"https:\/\/opticsmag.com\/how-many-satellites-are-orbiting-earth\/\">circa ottomila<\/a> \u2013 di cui tremila sono di SpaceX, cio\u00e8 di <strong>Elon Musk <\/strong>\u2013\u00a0 e continuano ad aumentare. A quanto pare, col 5G diventeranno <em>decine di migliaia<\/em>.<\/p>\n<p>Ancor pi\u00f9 numerosi <a href=\"https:\/\/www.inmarsat.com\/en\/insights\/corporate\/2022\/how-much-space-junk-is-there.html\">i detriti in orbita<\/a>: rottami di satelliti scontratisi con altri satelliti o colpiti da meteoriti, ma anche spazzatura gettata dalla Stazione Spaziale Internazionale (ISS). Secondo l&#8217;ESA, l&#8217;agenzia spaziale europea, in orbita volano circa 36mila detriti dal diametro superiore ai dieci centimetri.<\/p>\n<p>La misurazione in centimetri non inganni: ci sono detriti <em>molto<\/em> grossi. Nel marzo 2021 l&#8217;ISS ha sganciato un pallet di batterie al nichel-idrogeno esaurite <a href=\"https:\/\/aerospacecorp.medium.com\/the-international-space-station-just-jettisoned-the-largest-piece-of-space-junk-ever-274e32126d1f\">del peso di due tonnellate e mezzo<\/a> (l&#8217;articolo linkato indica 2,9 <em>tons<\/em> nelle misure USA)*<\/p>\n<p><img loading=\"lazy\" decoding=\"async\" class=\"aligncenter wp-image-51403\" src=\"https:\/\/www.wumingfoundation.com\/giap\/wp-content\/uploads\/2023\/02\/pallet.jpeg\" alt=\"\" width=\"700\" height=\"393\" srcset=\"https:\/\/www.wumingfoundation.com\/giap\/wp-content\/uploads\/2023\/02\/pallet.jpeg 1400w, https:\/\/www.wumingfoundation.com\/giap\/wp-content\/uploads\/2023\/02\/pallet-300x168.jpeg 300w, https:\/\/www.wumingfoundation.com\/giap\/wp-content\/uploads\/2023\/02\/pallet-1024x575.jpeg 1024w, https:\/\/www.wumingfoundation.com\/giap\/wp-content\/uploads\/2023\/02\/pallet-768x431.jpeg 768w\" sizes=\"auto, (max-width: 700px) 100vw, 700px\" \/><\/p>\n<p>Poi c&#8217;erano i palloni sonda, di cui parleremo tra poco. Qualche volta sar\u00e0 volata una lanterna cinese, talora si sar\u00e0 vista una meteora bruciare entrando nella nostra atmosfera&#8230; Insomma, anche nel 2020 in cielo volavano, risplendendo o riflettendo luce, un sacco di oggetti.<\/p>\n<h4><strong>3. Un desiderio di non-identificato (1978 \u2013 2020)<br \/>\n<\/strong><\/h4>\n<p>Scoprire di che oggetti si trattasse non sarebbe stato difficile, tanto pi\u00f9 in un periodo in cui si viveva ansiosamente avvinghiati a Internet. Esistono siti e applicazioni ad hoc per <a href=\"http:\/\/www.isstracker.com\/historical\">seguire il volo dell&#8217;ISS<\/a>, altri per vedere <a href=\"https:\/\/in-the-sky.org\/satmap_worldmap.php\">quanti e dove sono<\/a> i satelliti in orbita&#8230; In molti casi, una minima porzione del tempo trascorso on line sarebbe bastata a spiegare la tale o la tal altra luce apparsa in cielo, evitando di saltare a conclusioni.<\/p>\n<p>Come mai ci\u00f2 non avveniva? Come mai nella maggior parte dei casi non avviene? Per pigrizia mentale? Per ignoranza?<\/p>\n<p>Secondo noi avviene, nel mondo d&#8217;oggi come nell&#8217;Italia del 1978, perch\u00e9 c&#8217;\u00e8 un diffuso <em>desiderio di non-identificato<\/em>. Il non-identificato \u00e8 liberatorio. Siamo spinti a definire una luce in cielo un Ufo, cio\u00e8 un <em>unidentified object<\/em>, per reazione a un mondo intorno che costantemente, aggressivamente ci chiede di <em>identificarci<\/em>, di dichiarare continuamente chi siamo, donde veniamo, da che parte stiamo.<\/p>\n<p><img loading=\"lazy\" decoding=\"async\" class=\"aligncenter wp-image-51389\" src=\"https:\/\/www.wumingfoundation.com\/giap\/wp-content\/uploads\/2023\/02\/posto_di_blocco_1978.jpg\" alt=\"Posto di blocco durante il sequestro Moro, cfr. Ufo 78, capitolo 13 del primo movimento\" width=\"700\" height=\"456\" srcset=\"https:\/\/www.wumingfoundation.com\/giap\/wp-content\/uploads\/2023\/02\/posto_di_blocco_1978.jpg 1075w, https:\/\/www.wumingfoundation.com\/giap\/wp-content\/uploads\/2023\/02\/posto_di_blocco_1978-300x195.jpg 300w, https:\/\/www.wumingfoundation.com\/giap\/wp-content\/uploads\/2023\/02\/posto_di_blocco_1978-1024x667.jpg 1024w, https:\/\/www.wumingfoundation.com\/giap\/wp-content\/uploads\/2023\/02\/posto_di_blocco_1978-768x500.jpg 768w\" sizes=\"auto, (max-width: 700px) 100vw, 700px\" \/><\/p>\n<p>Il 1978 \u00e8 un anno di militarizzazione pesante degli spazi fisici e del dibattito pubblico. Il Paese \u00e8 segmentato da decine di migliaia di posti di blocco, milioni di persone vengono fermate per strada e devono esibire un documento d&#8217;identit\u00e0. Soprattutto, c&#8217;\u00e8 un&#8217;ossessiva richiesta di schieramento, un interrogatorio continuo delle coscienze: con chi stai? Con lo Stato o col terrorismo? Con la democrazia o con gli eversori? Sei un bravo cittadino o sei un \u00abfiancheggiatore\u00bb? <em>Tertium non datur<\/em>. \u00c8 l&#8217;inizio della stagione dell&#8217;Emergenza. Da l\u00ec in avanti, per chi si sente <em>tertius<\/em> \u2013 o meglio, <em>incomputabilis<\/em> \u2013 gli spazi saranno sempre pi\u00f9 angusti: nicchie e luoghi di marginalit\u00e0, il vicolo dove compri l&#8217;eroina, nella migliore ipotesi la sfera dei cazzi tuoi. In ogni caso, sei fuori dal discorso pubblico.<\/p>\n<p>Nel 2020, di nuovo posti di blocco ovunque, a presidiare frontiere tanto nette e insuperabili quanto effimere perch\u00e9 ridefinite a ogni ordinanza o decreto, soggette al capriccio dell&#8217;autorit\u00e0: una frontiera tra il tuo comune e quello limitrofo, un&#8217;altra tra la pubblica via e il parco o la spiaggia che l&#8217;autorit\u00e0 ha interdetto, un&#8217;altra ancora tra il resto del parco e i giochi per bambini cinti dal nastro bianco e rosso, e cos\u00ec via, in modo quasi frattale. A ognuna di queste frontiere si pu\u00f2 essere fermati e identificati.<\/p>\n<p>A monte, puoi uscire di casa solo se la tua <em>autocertificazione<\/em> \u2013 da presentare col documento d&#8217;identit\u00e0 \u2013 \u00abdice il vero\u00bb, cio\u00e8 che uscire era <em>necessario<\/em>. Anzi, no, contrordine: da oggi puoi uscire anche per semplice \u00abattivit\u00e0 motoria\u00bb, ma nella tal regione non devi superare i duecento metri da casa, nella tal&#8217;altra i metri sono cinquecento, ecc. Poi, col coprifuoco, una nuova frontiera: quella che separa le 21:59 dalle 22, che pi\u00f9 avanti diventano le 22:59 e le 23.<\/p>\n<p>Il tutto accompagnato dall&#8217;ennesima \u2013 tipicamente &#8220;emergenziale&#8221;, ma nel 2020 <em>pi\u00f9 imperiosa che mai<\/em> \u2013 richiesta di schieramento: stai con lo Stato o coi \u00abnegazionisti del virus\u00bb? Con l&#8217;autorit\u00e0 o con gli untori? I margini per chi rifiuta la logica binaria sono ancor pi\u00f9 risicati che durante l&#8217;emergenza-terrorismo. Chi critica la gestione dell&#8217;emergenza-pandemia \u00e8 spinto in spazi di discorso strettissimi, dove \u00e8 comunque bombardato di ingiurie, minacce, calunnie.<\/p>\n<p>Nel 2021, con l&#8217;arrivo dei vaccini anti-Covid, l&#8217;introduzione del \u00abgreen pass\u00bb crea un fittissimo reticolo di frontiere in continuo, snervante spostamento. Di fatto, senza quel certificato \u2013 i cui termini di validit\u00e0 l&#8217;autorit\u00e0 modifica pi\u00f9 volte, a suo insindacabile piacimento \u2013 si \u00e8 esclusi dalla vita sociale. La logica binaria \u00e8 portata al parossismo: sei per il green pass o stai coi \u00abnovax\u00bb? Altro non sembra esistere. La maggior parte delle persone pu\u00f2 solo adeguarsi, seguire l&#8217;andazzo pi\u00f9 o meno controvoglia.<\/p>\n<p>L&#8217;emergenza fonda una realt\u00e0 che \u00e8 consentito descrivere e spiegare in un modo soltanto, quello ufficiale, quello del potere statal-mediatico. Durante la pandemia, a supportare e legittimare quest&#8217;ultimo \u00e8 un (ben poco scientifico) <em>culto mediatico della Scienza<\/em>, i cui televangelisti presidiano i confini \u2013 non solo epistemologici ma <em>politici<\/em> \u2013 del discorso.<\/p>\n<p><img loading=\"lazy\" decoding=\"async\" class=\"aligncenter wp-image-51391 size-full\" src=\"https:\/\/www.wumingfoundation.com\/giap\/wp-content\/uploads\/2023\/02\/slalom-1.jpg\" alt=\"\" width=\"1285\" height=\"724\" srcset=\"https:\/\/www.wumingfoundation.com\/giap\/wp-content\/uploads\/2023\/02\/slalom-1.jpg 1285w, https:\/\/www.wumingfoundation.com\/giap\/wp-content\/uploads\/2023\/02\/slalom-1-300x169.jpg 300w, https:\/\/www.wumingfoundation.com\/giap\/wp-content\/uploads\/2023\/02\/slalom-1-1024x577.jpg 1024w, https:\/\/www.wumingfoundation.com\/giap\/wp-content\/uploads\/2023\/02\/slalom-1-768x433.jpg 768w\" sizes=\"auto, (max-width: 1285px) 100vw, 1285px\" \/><\/p>\n<p>In contesti del genere, il non-identificato risponde al desiderio di uscire dalla gabbia per vivere altrimenti. \u00c8 una manifestazione della <em>pulsione utopica<\/em> di cui parlava <strong>Ernst Bloch<\/strong>, pulsione che pu\u00f2 esprimersi in ogni ambito, \u00abdai miti all&#8217;intrattenimento di massa, dall&#8217;iconografia alla tecnologia, dall&#8217;architettura all&#8217;eros, dal turismo all&#8217;umorismo e all&#8217;inconscio\u00bb (<strong>Fredric Jameson<\/strong>, <em>Archaeologies of the Future: The Desire Called Utopia and Other Science Fiction<\/em>, Verso, Londra-New York 2005).<\/p>\n<p>Vedo una luce in cielo, una spiegazione razionale sarebbe facilmente accessibile, ma \u00e8 pi\u00f9 bello, pi\u00f9 ispirante e mi d\u00e0 pi\u00f9 <em>sollievo<\/em> pensare a un oggetto non-identificato. Tutto il resto \u00e8 <em>identificato <\/em>e <em>certificato<\/em>, lasciatemi almeno questo momento!<\/p>\n<p>A maggior ragione quando una spiegazione convincente non c&#8217;\u00e8 e l&#8217;oggetto \u00e8 <em>davvero<\/em> non-identificato. Secondo il citato rapporto del gennaio scorso, negli ultimi vent&#8217;anni si contano 171 avvistamenti ancora inspiegati, e il dato riguarda solo gli USA.<\/p>\n<p><a href=\"https:\/\/www.theguardian.com\/commentisfree\/2023\/feb\/16\/ufo-chinese-spy-balloon-mystery\">Sul <em>Guardian<\/em><\/a>, pochi giorni fa, l&#8217;ufologa inglese <strong>Heather Dixon <\/strong>ha scritto:<\/p>\n<blockquote><p>\u00abSpesso mi domandano cosa io creda riguardo alla vita extraterrestre, e se questa entrer\u00e0 mai in contatto con noi. Dopo tutto, circa il 2% degli UFO di cui sentiamo parlare <em>non<\/em> \u00e8 stato identificato \u2013 non ancora [&#8230;] Ci sono ancora misteri, e io penso che ci saranno sempre. Mi chiedo quali narrazioni gli umani inventeranno per spiegare gli avvistamenti di domani, e cosa escogiter\u00e0 la fantascienza a venire. La scienza e l&#8217;analisi degli esperti saranno in grado di spiegare tutte queste cose, alla fin fine? Sospetto di no. <em>Spero<\/em> di no.\u00bb<\/p><\/blockquote>\n<p>Avrebbe potuto dirlo l&#8217;ufofilo<strong> Jimmy Fruzzetti<\/strong>.<\/p>\n<p>Il mistero \u00e8 una dimensione fondamentale dell&#8217;essere umano. Spiegare tutto, ma proprio tutto, \u00e8 impossibile se non come proiezione distopica. Un mondo in cui tutto sia stato definitivamente classificato, catalogato, quantificato, <em>certificato<\/em> sarebbe un mondo dov&#8217;\u00e8 morta l&#8217;immaginazione, dunque dove \u00e8 morto l&#8217;umano.<\/p>\n<h4><strong>4. Cinesi oppure alieni, dal cielo la minaccia<br \/>\n<\/strong><\/h4>\n<p>Nel febbraio 2023, tre mesi dopo l&#8217;uscita di <em>Ufo 78<\/em>, su tutti i media del mondo esplode il dibattito sugli Ufo, e persino tout court sull&#8217;ipotesi extraterrestre.<\/p>\n<p>Il 4 febbraio, nei cieli del North Carolina, un caccia F22 abbatte un oggetto misterioso. Secondo la Casa Bianca \u00e8 un pallone-spia cinese.<\/p>\n<p>Prima ancora che la decisione sia presa, la notizia dell&#8217;avvistamento fa il giro del mondo, generando ogni sorta di speculazione. I media fanno recitare all&#8217;impronta la solita compagnia di giro degli \u00abanalisti\u00bb e degli \u00abesperti di geopolitica\u00bb. Discipina che ha lo stesso valore epistemologico delle barzellette con il francese, il tedesco e l&#8217;italiano, ma ha il vantaggio di essere <em>very<\/em> telegenica.<\/p>\n<p>Su un altro versante, soprattutto sui social, si attivano i cultori di fantasie di complotto sugli alieni, Roswell, il \u00abcover-up\u00bb planetario, gli uomini-in-nero, i rettiliani, gli Elohim, lo ha detto anche Malanga da Red Ronnie ecc.<\/p>\n<p>Quanto ai cinesi, com&#8217;\u00e8 logico protestano, spiegano che quello abbattuto era effettivamente un loro pallone, ma un pallone sonda, lanciato a fini di ricerca scientifica e finito fuori rotta. E aggiungono: gli USA accusano noi di quel che fanno loro, palloni-spia americani hanno pi\u00f9 volte violato il nostro spazio aereo, sopra il Tibet e lo Xinjiang.<\/p>\n<p>Di qualunque cosa si trattasse, si aprono le cateratte. La paranoia geopolitica sui \u00abnemici dell&#8217;occidente\u00bb, la stessa che da un anno inficia ogni discorso sulla guerra in Ucraina contribuendo a prolungarla indefinitamente, genera un allarmismo esagerato, fuori luogo, diversivo. Tra i pochi a dirlo <a href=\"https:\/\/newrepublic.com\/article\/170552\/china-spy-balloon-media-comer\">chiaro e tondo<\/a> c&#8217;\u00e8 <strong>Michael Tomasky<\/strong>, direttore di <em>The New Republic<\/em>:<\/p>\n<blockquote>\n<div id=\"attachment_51435\" style=\"width: 140px\" class=\"wp-caption alignright\"><img loading=\"lazy\" decoding=\"async\" aria-describedby=\"caption-attachment-51435\" class=\"size-full wp-image-51435\" src=\"https:\/\/www.wumingfoundation.com\/giap\/wp-content\/uploads\/2023\/02\/Tomasky-headshot-web.jpg\" alt=\"\" width=\"130\" height=\"160\" \/><p id=\"caption-attachment-51435\" class=\"wp-caption-text\">Michael Tomasky<\/p><\/div>\n<p>\u00abPerch\u00e9 dare tanta importanza a un pallone? Ok, se si trattasse di alieni spaziali, persino io ammetto che sarebbe roba grossa. Ma se non sono alieni, chi se ne importa? Voglio che azzardiate un&#8217;ipotesi: quanti satelliti spia stanno girando intorno alla Terra in questo momento? [&#8230;] Capisco perch\u00e9 questa vicenda suscita interesse. \u00c8 qualcosa a cui la persona media non pensa mai, e poich\u00e9 la Cina \u2013 anzi: la CINA!!! \u2013 fa cos\u00ec paura, \u00e8 diventata una storia enorme [&#8230;] La risposta alla mia domanda di cui sopra \u00e8 che circa 5.465 satelliti spia girano intorno al nostro piccolo globo, sorvegliandone ogni centimetro ogni secondo di ogni singolo giorno. Se un tizio ruba il posto auto di una signora in Chester Street a Maysville, Kentucky, e la Cina vuole saperlo, lo sapr\u00e0. La gente deve prendere atto della realt\u00e0.\u00bb<\/p><\/blockquote>\n<p>Ma ormai l&#8217;establishment vede palloni-spia dappertutto.<\/p>\n<p><a href=\"https:\/\/www.wumingfoundation.com\/giap\/wp-content\/uploads\/2023\/02\/12801470_021123-wls-alaska-object-img-1.jpg\"><img loading=\"lazy\" decoding=\"async\" class=\"aligncenter wp-image-51393\" src=\"https:\/\/www.wumingfoundation.com\/giap\/wp-content\/uploads\/2023\/02\/12801470_021123-wls-alaska-object-img-1.jpg\" alt=\"\" width=\"700\" height=\"394\" srcset=\"https:\/\/www.wumingfoundation.com\/giap\/wp-content\/uploads\/2023\/02\/12801470_021123-wls-alaska-object-img-1.jpg 1600w, https:\/\/www.wumingfoundation.com\/giap\/wp-content\/uploads\/2023\/02\/12801470_021123-wls-alaska-object-img-1-300x169.jpg 300w, https:\/\/www.wumingfoundation.com\/giap\/wp-content\/uploads\/2023\/02\/12801470_021123-wls-alaska-object-img-1-1024x576.jpg 1024w, https:\/\/www.wumingfoundation.com\/giap\/wp-content\/uploads\/2023\/02\/12801470_021123-wls-alaska-object-img-1-768x432.jpg 768w\" sizes=\"auto, (max-width: 700px) 100vw, 700px\" \/><\/a><\/p>\n<p>Venerd\u00ec 10 febbraio sempre un F22, stavolta nei cieli dell&#8217;Alaska, abbatte un secondo oggetto, descritto in modo molto vago. Si sa solo che \u00e8 \u00abpi\u00f9 o meno delle dimensioni di una piccola auto\u00bb. La battuta viene da s\u00e9 e diverse persone ci &#8220;messaggiano&#8221;: Biden ha fatto abbattere la Renault 4 di <em>Ufo 78<\/em>.<\/p>\n<p>Sabato 11 febbraio un altro abbattimento, stavolta nello spazio aereo canadese, sopra lo Yukon, in accordo col premier <strong>Justin Trudeau<\/strong>. L&#8217;oggetto \u00e8 descritto prima come \u00abun piccolo cilindro\u00bb, poi come \u00abun piccolo pallone metallico\u00bb.<\/p>\n<p>Domenica 12 febbraio un F16 abbatte un quarto oggetto \u2013 dalla \u00abstruttura ottagonale e con fili\u00bb \u2013 sopra il lago Huron, al confine tra Michigan e Canada. Si verr\u00e0 poi a sapere che il primo missile <a href=\"https:\/\/edition.cnn.com\/politics\/live-news\/unidentified-objects-us-airspace-white-house-02-13-2023\/h_40ca0acada9333c16baf6ff711284563\">ha mancato il bersaglio<\/a>, per via delle ridotte dimensioni di quest&#8217;ultimo.<\/p>\n<div id=\"attachment_51395\" style=\"width: 210px\" class=\"wp-caption alignright\"><img loading=\"lazy\" decoding=\"async\" aria-describedby=\"caption-attachment-51395\" class=\"wp-image-51395\" src=\"https:\/\/www.wumingfoundation.com\/giap\/wp-content\/uploads\/2023\/02\/VanHerck-scaled.jpg\" alt=\"\" width=\"200\" height=\"250\" srcset=\"https:\/\/www.wumingfoundation.com\/giap\/wp-content\/uploads\/2023\/02\/VanHerck-scaled.jpg 2048w, https:\/\/www.wumingfoundation.com\/giap\/wp-content\/uploads\/2023\/02\/VanHerck-240x300.jpg 240w, https:\/\/www.wumingfoundation.com\/giap\/wp-content\/uploads\/2023\/02\/VanHerck-819x1024.jpg 819w, https:\/\/www.wumingfoundation.com\/giap\/wp-content\/uploads\/2023\/02\/VanHerck-768x960.jpg 768w\" sizes=\"auto, (max-width: 200px) 100vw, 200px\" \/><p id=\"caption-attachment-51395\" class=\"wp-caption-text\">Glen D. VanHerck<\/p><\/div>\n<p>Durante una conferenza stampa tenuta il giorno stesso, alla domanda se possa escludersi la pista extraterrestre, il generale <strong>Glen VanHerck<\/strong>, responsabile della difesa dello spazio aereo nordamericano, risponde cos\u00ec: \u00abLascio che se ne occupino i servizi di intelligence e controspionaggio. Io non ho escluso niente.\u00bb<\/p>\n<p>A leggere bene, sembra voler dire \u00abnon scocciatemi con &#8216;ste cazzate\u00bb, ma che un generale sembri non scartare a priori l&#8217;idea che lo spazio aereo USA sia stato violato da alieni \u00e8 una specie di scoop, e in tutto l&#8217;orbe si scatena una ridda di titoli sensazionali.<\/p>\n<p>Il giorno dopo, una fonte del Dipartimento della Difesa <a href=\"https:\/\/nitter.net\/phildstewart\/status\/1624941254478905345\">dichiara<\/a> al giornalista della Reuters <strong>Phil Stewart<\/strong> non esserci \u00abalcuna indicazione di attivit\u00e0 aliene o extraterrestri relative ai recenti abbattimenti\u00bb.<\/p>\n<h4><strong>5. Il giuoco del pallone, quattrocentomila dollari a tiro<br \/>\n<\/strong><\/h4>\n<p>Il 15 febbraio il presidente Biden <a href=\"https:\/\/nymag.com\/intelligencer\/2023\/02\/biden-says-three-objects-u-s-shot-down-werent-spy-balloons.html\">dichiara<\/a> che gli ultimi tre oggetti abbattuti non erano satelliti-spia ma \u00abmolto probabilmente palloni collegati ad aziende private, lanciati a scopi ricreativi, o a enti di ricerca, lanciati per rilievi meteorologici o altre finalit\u00e0 scientifiche\u00bb.<\/p>\n<p><a href=\"https:\/\/www.weather.gov\/bmx\/kidscorner_weatherballoons\">Secondo il Servizio Meteorologico Nazionale degli Stati Uniti<\/a>, ogni giorno vengono lanciati 1800 palloni meteorologici, 92 solo negli USA. Servono a trasmettere dati sulla temperatura, l&#8217;umidit\u00e0 o la pressione atmosferica in una data zona.<\/p>\n<p><img loading=\"lazy\" decoding=\"async\" class=\"aligncenter wp-image-51396\" src=\"https:\/\/www.wumingfoundation.com\/giap\/wp-content\/uploads\/2023\/02\/weather_balloon.jpeg\" alt=\"\" width=\"700\" height=\"394\" srcset=\"https:\/\/www.wumingfoundation.com\/giap\/wp-content\/uploads\/2023\/02\/weather_balloon.jpeg 2560w, https:\/\/www.wumingfoundation.com\/giap\/wp-content\/uploads\/2023\/02\/weather_balloon-300x169.jpeg 300w, https:\/\/www.wumingfoundation.com\/giap\/wp-content\/uploads\/2023\/02\/weather_balloon-1024x576.jpeg 1024w, https:\/\/www.wumingfoundation.com\/giap\/wp-content\/uploads\/2023\/02\/weather_balloon-768x432.jpeg 768w\" sizes=\"auto, (max-width: 700px) 100vw, 700px\" \/><\/p>\n<p>Di questi, solo il 20% viene recuperato. Il restante 80% diventa <em>sky trash<\/em>, pattume celeste, parente del pattume spaziale di cui sopra.<\/p>\n<p>Oltre a questi palloni sonda, ci sono quelli usati per le telecomunicazioni, lanciati da compagnie come Google.<\/p>\n<p><img loading=\"lazy\" decoding=\"async\" class=\"alignright wp-image-51397\" src=\"https:\/\/www.wumingfoundation.com\/giap\/wp-content\/uploads\/2023\/02\/picoballoon.png\" alt=\"\" width=\"200\" height=\"388\" srcset=\"https:\/\/www.wumingfoundation.com\/giap\/wp-content\/uploads\/2023\/02\/picoballoon.png 561w, https:\/\/www.wumingfoundation.com\/giap\/wp-content\/uploads\/2023\/02\/picoballoon-155x300.png 155w, https:\/\/www.wumingfoundation.com\/giap\/wp-content\/uploads\/2023\/02\/picoballoon-528x1024.png 528w\" sizes=\"auto, (max-width: 200px) 100vw, 200px\" \/>Poi ci sono i cosiddetti <a href=\"https:\/\/www.picoballoon.org\/\"><em>picoballoons<\/em><\/a>, di dimensioni ridotte \u2013 appena un metro di diametro \u2013 e fabbricati in PET luminescente, perci\u00f2 molto visibili. Costano pochissimo e sono alla portata di chiunque. Li utilizza la comunit\u00e0 dei radioamatori, per far volare stazioni radio a pacchetti e ricevere dati sulla loro navigazione. I <em>picoballons<\/em> funzionano a energia solare, perci\u00f2 possono volare molto a lungo. Secondo alcune stime, ogni giorno ne vengono lanciati duemila.<\/p>\n<p>\u00c8 molto probabile che l&#8217;oggetto abbattuto in Canada fosse <a href=\"https:\/\/www.popularmechanics.com\/military\/a42952566\/air-force-shoots-down-hobby-balloon-ufo\/\">un <em>picoballoon<\/em> denominato K9YO-15<\/a>, partito dall&#8217;Illinois il 10 ottobre scorso.<\/p>\n<p>Mentre per assemblare e lanciare <em>un picoballoon<\/em> bastano trenta dollari, ogni missile AIM-9X Sidewinder \u2013 quelli usati per gli abbattimenti \u2013 ne costa 400mila. Ammesso e non concesso che il primo oggetto fosse davvero un pallone-spia, e considerato che almeno un colpo \u00e8 andato a vuoto, gli USA hanno speso un milione e mezzo di dollari per tirare gi\u00f9, con ogni probabilit\u00e0, il pallone di un <em>nerd<\/em> e due rottami volanti.<\/p>\n<p>Se gli USA decidessero di fare la guerra a tutto il pattume celeste, forse l&#8217;industria bellica si fregherebbe le mani: \u00abEvvai, sai quanti missili vendiamo?\u00bb Ma sarebbe un fregarsi le mani da idioti, perch\u00e9 in pochi giorni il governo federale andrebbe in rovina.<\/p>\n<p>La verit\u00e0 \u00e8 che la guerra in Ucraina ha reso l&#8217;Occidente ancora pi\u00f9 stupido.<br \/>\nSull&#8217;\u00abOriente\u00bb siamo meno ferrati, ma \u00e8 probabile che non se la passi meglio.<br \/>\nLe classi dominanti sprecano risorse, tempo ed energie nel loro Risiko mentre, per dirne una (ma \u00e8 la pi\u00f9 grossa!), il disastro climatico accelera le proprie dinamiche.<\/p>\n<p>Comprese le dinamiche culturali. In cui forse trova spazio anche l&#8217;attuale \u00abansia da UFO\u00bb.<\/p>\n<h4><strong>6. Gli UFO di giorno: cosa rappresentano?<br \/>\n<\/strong><\/h4>\n<p>Una particolarit\u00e0 degli ultimi episodi \u00e8 il loro essere <em>diurni<\/em>. Gli episodi riepilogati hanno avuto luogo in cielo di giorno. E c&#8217;\u00e8 differenza rispetto agli avvistamenti notturni. Di notte \u2013 inquinamento luminoso permettendo \u2013 si \u00e8 <em>cum sidera<\/em>, di notte \u00e8 possibile <em>pensare ampio<\/em>.<\/p>\n<p>Il cielo diurno altro non \u00e8 che <em>l&#8217;atmosfera vista dal basso<\/em>. E l&#8217;atmosfera oggi ci inquieta come mai ci ha inquietati, bench\u00e9 la maggior parte di noi, per non pensare alle implicazioni, si abbandoni al tran tran e faccia finta di nulla.<\/p>\n<p><img loading=\"lazy\" decoding=\"async\" class=\"aligncenter wp-image-51398\" src=\"https:\/\/www.wumingfoundation.com\/giap\/wp-content\/uploads\/2023\/02\/Tagliamento.jpg\" alt=\"\" width=\"700\" height=\"525\" srcset=\"https:\/\/www.wumingfoundation.com\/giap\/wp-content\/uploads\/2023\/02\/Tagliamento.jpg 1920w, https:\/\/www.wumingfoundation.com\/giap\/wp-content\/uploads\/2023\/02\/Tagliamento-300x225.jpg 300w, https:\/\/www.wumingfoundation.com\/giap\/wp-content\/uploads\/2023\/02\/Tagliamento-1024x768.jpg 1024w, https:\/\/www.wumingfoundation.com\/giap\/wp-content\/uploads\/2023\/02\/Tagliamento-768x576.jpg 768w\" sizes=\"auto, (max-width: 700px) 100vw, 700px\" \/><\/p>\n<p>Non piove da molte settimane, tu passi sul cavalcavia e sotto c&#8217;\u00e8 il fiume in secca. Il Po, il Reno, il Tagliamento, l&#8217;Arno, qualunque fiume. Lo vedi, ma scacci il pensiero. Il pensiero che, se siamo a questo punto gi\u00e0 d&#8217;inverno, l&#8217;estate sar\u00e0 <em>catastroficamente<\/em> priva d&#8217;acqua. E sul lungo \u2013 ma nemmeno troppo lungo \u2013 termine? Un giorno qui sar\u00e0 tutto deserto?<\/p>\n<p>Per non restare schiacciati, pensiamo ad altro, e avanti cos\u00ec, rimuovendo sviluppi la cui enormit\u00e0 potrebbe atterrirci, come il fatto che in certe sue aree l&#8217;Amazzonia ha cominciato a <a href=\"https:\/\/comune-info.net\/la-foresta-che-emette-co2\/\">emettere pi\u00f9 anidride carbonica di quella che cattura<\/a>.<\/p>\n<p>Ma il rimosso ritorna. L&#8217;ansia climatica si manifesta sotto altre forme.<\/p>\n<p>Se dal cielo, per lunghi mesi, non arriva quel che dovrebbe arrivare, cio\u00e8 la pioggia, ecco che arriva altro: il pallone-spia, gli occhiuti cinesi, la minaccia aliena&#8230; Sono metafore inconsce, manifestazioni della nostra angoscia climatica. Mettono in scena la minaccia del futuro, il futuro che rimuoviamo oppure \u2013 come avviene con le fantasie di complotto su \u00abscie chimiche\u00bb e \u00abguerra climatica\u00bb \u2013 interpretiamo in base a pregiudizi cognitivi, costringendolo in schemi pi\u00f9 consueti e &#8220;gestibili&#8221;.<\/p>\n<h4><strong>7. Il realismo capitalista immagina alieni capitalisti<br \/>\n<\/strong><\/h4>\n<p>A seconda dei momenti, si pu\u00f2 temere che dal cielo arrivi il pericolo, o guardare il cielo sognando la salvezza, un nuovo inizio, una vita fuori dal tritacarne quotidiano, un futuro degno.<\/p>\n<p>Come dimostra da decenni la migliore fantascienza, anche nel chiedersi se esista vita intelligente su altri pianeti si esprime una pulsione utopica. La curiosit\u00e0 sull&#8217;ipotesi extraterrestre, la <em>speranza<\/em> che ci sia <em>qualcun altro<\/em> \u00abl\u00e0 fuori\u00bb, tutto ci\u00f2 \u00e8 strettamente legato a un desiderio di <em>altrove<\/em>, altrove rispetto alla vita in questo Capitalocene che divora il futuro.<\/p>\n<p>Non pu\u00f2 certo riconoscere questa pulsione <em>The Economist<\/em>, strenuo difensore del realismo capitalista, mentre dedica un lungo articolo alle <a href=\"https:\/\/www.economist.com\/science-and-technology\/2023\/01\/18\/ideas-for-finding-et-are-getting-more-inventive\">nuove, sempre pi\u00f9 sofisticate tecniche di ricerca di vita extraterrestre nell&#8217;universo<\/a>.<\/p>\n<p>Sia l&#8217;articolo sia alcune ipotesi che ilustra dimostrano che l&#8217;immaginazione capitalistica \u00e8 prigioniera di una paranoia circolare: non riesce a immaginare altro che se stessa, cio\u00e8 vampirismo, predazione di risorse, sfruttamento, prevaricazione, guerra. Dopo aver esposto l&#8217;ipotesi che esistano \u00abcivilt\u00e0 stellivore\u00bb, cio\u00e8 in grado di usare e consumare l&#8217;energia di intere stelle, l&#8217;autore del pezzo conclude mettendoci in guardia: entrare in contatto con civilt\u00e0 aliene dalle tecnologie cos\u00ec avanzate, immensamente pi\u00f9 avanzate delle nostre, potrebbe essere eccitante, \u00abma anche molto pericoloso\u00bb.<\/p>\n<div id=\"attachment_51409\" style=\"width: 210px\" class=\"wp-caption alignright\"><img loading=\"lazy\" decoding=\"async\" aria-describedby=\"caption-attachment-51409\" class=\"wp-image-51409 size-full\" src=\"https:\/\/www.wumingfoundation.com\/giap\/wp-content\/uploads\/2023\/02\/posadas.png\" alt=\"Posadas, l'ispirazione per il Romulo Casella di Ufo 78\" width=\"200\" height=\"186\" \/><p id=\"caption-attachment-51409\" class=\"wp-caption-text\">J. Posadas (1912 &#8211; 1981)<\/p><\/div>\n<p>Sembra quasi una risposta a <a href=\"https:\/\/www.marxists.org\/archive\/posadas\/1968\/06\/flyingsaucers.html\">quanto scriveva il controverso guru trotskista <strong>J. Posadas<\/strong> nel giugno 1968<\/a>. Dando per scontato che civilt\u00e0 in grado di compiere viaggi intergalattici dovessero per forza essere superiori a quella capitalistica, Posadas spiegava:<\/p>\n<blockquote><p>\u00abIl capitalismo si sente messo in cattiva luce di fronte a un sistema che considera superiore. [Di fronte agli UFO] la gente trae la conclusione che il capitalismo \u00e8 inutile. Dicono: &#8220;Ma guarda un po&#8217;! E allora voi a che servite?&#8221;. La classe dominante si sente sminuita [&#8230;] il capitalismo cerca di diffondere l&#8217;impressione che si tratti di fantasticherie, in modo che la gente non pensi all&#8217;esistenza di forme di relazione superiori e all&#8217;incapacit\u00e0 del capitalismo di raggiungere quel livello.\u00bb<\/p><\/blockquote>\n<p>A decenni di distanza, il realismo capitalista risponde dicendo: non illudetevi, se esistono altre civilt\u00e0, ragionano proprio come noi capitalisti. Se noi avessimo il potere di consumare intere stelle per trarne energia, lo faremmo, no?<\/p>\n<p>Almeno ammettono che, se altrove nell&#8217;universo ci fosse gente come quella che governa e sfrutta qui sulla Terra, beh, sarebbe gente da cui stare alla larga.<\/p>\n<h4><strong>Infine (per ora)&#8230;<\/strong><\/h4>\n<p>Quel vecchio testo di Posadas \u2013 il pi\u00f9 noto dei suoi scritti \u2013 contiene molte asserzioni ridicole, dovute non solo all&#8217;eccentricit\u00e0 del personaggio (a cui ci siamo ispirati per il <strong>Romulo Casella<\/strong> di <em>Ufo 78<\/em>), ma anche a cascami ideologici che la sua corrente condivideva con buona parte del movimento comunista novecentesco: una concezione rozzamente lineare del divenire storico, la tecnica e lo sviluppo delle forze produttive come articoli di fede, ecc.<\/p>\n<p>Tuttavia, dovremmo saper individuare il nucleo di verit\u00e0 di quelle elucubrazioni.<\/p>\n<p>Solo un&#8217;immaginazione che sappia spingersi oltre il capitalismo ci consentir\u00e0 di riunire le disparate espressioni di pulsione utopica, a partire dal desiderio di non-identificato, e indirizzarle verso un cambiamento.<\/p>\n<p>Un cambiamento epocale, che si prepara anche guardando il cielo.<\/p>\n<p><span style=\"font-size: small;\"><strong>Note<\/strong><\/span><\/p>\n<p><span style=\"font-size: small;\">* Chi ha curiosit\u00e0 di sapere quanti siano i detriti pi\u00f9 piccoli di dieci centimetri, sappia che sono <em>milioni<\/em>. Nessuno di questi ultimi \u00e8 visibile dalla Terra, n\u00e9 a occhio nudo n\u00e9 con un comune telescopio, perci\u00f2 non rientrano in un discorso sugli Ufo. Ad ogni modo, tutti questi oggetti riflettono la luce e contribuiscono <a href=\"https:\/\/www.theguardian.com\/science\/2023\/jan\/06\/picture-imperfect-light-pollution-from-satellites-is-becoming-an-existential-threat-to-astronomy\">in maniera massiccia<\/a> all&#8217;inquinamento luminoso. Su questo tema segnaliamo ancora una volta il pamphlet di <strong>Wolf Bukowski<\/strong> <a href=\"https:\/\/www.erisedizioni.org\/prodotto\/perche-non-si-vedono-piu-le-stelle\/\"><em>Perch\u00e8 non si vedono pi\u00f9 le stelle<\/em><\/a> (Eris, Torino 2022).<\/span><\/p>\n<p style=\"text-align: center;\"><b>\u2042<\/b><\/p>\n<p>E ora, lo speciale <em>Ufo 78<\/em> vero e proprio, con aggiornamenti, recensioni, segnalazioni.<\/p>\n<div id=\"attachment_51414\" style=\"width: 210px\" class=\"wp-caption alignright\"><img loading=\"lazy\" decoding=\"async\" aria-describedby=\"caption-attachment-51414\" class=\"wp-image-51414\" src=\"https:\/\/www.wumingfoundation.com\/giap\/wp-content\/uploads\/2023\/02\/maggiani.png\" alt=\"\" width=\"200\" height=\"182\" srcset=\"https:\/\/www.wumingfoundation.com\/giap\/wp-content\/uploads\/2023\/02\/maggiani.png 500w, https:\/\/www.wumingfoundation.com\/giap\/wp-content\/uploads\/2023\/02\/maggiani-300x273.png 300w\" sizes=\"auto, (max-width: 200px) 100vw, 200px\" \/><p id=\"caption-attachment-51414\" class=\"wp-caption-text\">Maurizio Maggiani<\/p><\/div>\n<p>\u25a0 Il primo &#8220;ritorno&#8221; del romanzo nella terra ove in gran parte si svolge, la Lunigiana, \u00e8 stato un indubbio successo, e ha generato una fitta rassegna stampa.<\/p>\n<p>Tra i resoconti della presentazione aullese, segnaliamo quello su <em>L&#8217;Eco della Lunigiana<\/em> \u2013 <a href=\"https:\/\/ecodellalunigiana.it\/wu-ming-arrivano-in-lunigiana-e-fanno-il-tutto-esaurito\/\">\u00abWu Ming arrivano in Lunigiana e fanno il tutto esaurito\u00bb<\/a> \u2013 e quello su <em>La Nazione<\/em>, pagine di Massa e Carrara \u2013 <a href=\"https:\/\/www.lanazione.it\/massa-carrara\/cronaca\/ufo-atterrano-in-lunigiana-posti-in-piedi-per-wu-ming-7b57f4b7\">\u00abUfo &#8220;atterrano&#8221; in Lunigiana \/ Posti in piedi per Wu Ming\u00bb<\/a>.<\/p>\n<p>Grazie davvero al circolo Arci Agogo di Aulla, al nostro sodale <strong>Manuele Giannini<\/strong> \u2013 <a href=\"https:\/\/www.lanazione.it\/massa-carrara\/cronaca\/la-mia-lunigiana-nel-romanzo-di-wu-ming-0d3cf045\">intervistato qui<\/a> \u2013 e a tutte le persone che hanno reso l&#8217;evento possibile.<\/p>\n<p>In Lunigiana torneremo il 13 maggio, per la precisione a Fosdinovo, e con noi ci sar\u00e0 l&#8217;illustre collega <strong>Maurizio Maggiani<\/strong>. Altri dettagli saranno nel calendario del Flap primavera 23, che pubblicheremo a marzo.<\/p>\n<p>Per ora vige ancora il calendario invernale, che <a href=\"https:\/\/www.wumingfoundation.com\/giap\/2022\/12\/ufo-78-speciale-8-flap-23\/\">\u00e8 qui<\/a>. Stasera, 24 febbraio, saremo in simultanea a Milano e ad Avellino.<\/p>\n<p>\u25a0 Nello <a href=\"https:\/\/www.wumingfoundation.com\/giap\/2022\/10\/speciale-ufo-78-3\/\">speciale n.3<\/a> abbiamo segnalato la bella recensione di <em>Ufo 78<\/em> apparsa a tutta pagina su Domani a firma del giornalista <strong>Paolo Morando<\/strong>. Ebbene, di recente Morando \u00e8 tornato a conslgliare il nostro romanzo. <a href=\"https:\/\/maremosso.lafeltrinelli.it\/recensioni\/ufo-78-wu-ming-libro-paolo-morando\">Lo ha fatto su <em>Maremosso<\/em><\/a>, la rivista della Feltrinelli.<\/p>\n<p>\u25a0 Densa e profonda recensione di <em>Ufo 78<\/em> <a href=\"https:\/\/matavitatau.wordpress.com\/2023\/02\/10\/ufo-78-di-wu-ming\/\">sul blog Matavitatau<\/a>. Ne proponiamo un estratto:<\/p>\n<blockquote><p>\u00abTanti i momenti da piangere: soprattutto quelli in cui la <em>risacca<\/em> autoritaria si fa sentire nella vita di tutti i giorni, con i personaggi che devono prendere le decisioni in \u201cconseguenza\u201d della scelta \u201cliberticida\u201d dell\u2019Italia e del mondo che precipita nel privato ; quelli in cui si sente la necessit\u00e0 di <em>narrare<\/em>; quelli in cui proprio col <em>narrare<\/em> si arriva alla verit\u00e0, con intensa emozione; quelli in cui il <em>thrilling<\/em> si palesa quasi all\u2019improvviso a met\u00e0 del libro, facendoci davvero sobbalzare; quelli in cui, come in <em>Reds<\/em> di Beatty, si rintracciano le <em>cicatrici<\/em> degli eventi nella vera vita dei protagonisti (essendo un romanzo-documento, alla fine si sentono le voci di chi ha vissuto gli eventi) nei <em>postumi<\/em> dell&#8217;oggi.\u00bb<\/p><\/blockquote>\n<p><a href=\"https:\/\/www.wumingfoundation.com\/2023-02_Mistero-n.115-p16-21_Visani-WuMing-2.pdf\"><img loading=\"lazy\" decoding=\"async\" class=\"alignright wp-image-51415\" src=\"https:\/\/www.wumingfoundation.com\/giap\/wp-content\/uploads\/2023\/02\/mistero.jpg\" alt=\"\" width=\"200\" height=\"235\" srcset=\"https:\/\/www.wumingfoundation.com\/giap\/wp-content\/uploads\/2023\/02\/mistero.jpg 443w, https:\/\/www.wumingfoundation.com\/giap\/wp-content\/uploads\/2023\/02\/mistero-255x300.jpg 255w\" sizes=\"auto, (max-width: 200px) 100vw, 200px\" \/><\/a>\u25a0 A dicembre abbiamo rilasciato un&#8217;intervista a <em>Mistero<\/em>, magazine nato a suo tempo da una trasmissione di Italia 1, oggi non pi\u00f9 in onda, condotta da un insfangabile <strong>Enrico Ruggeri<\/strong>. La rivista \u00e8 pi\u00f9 sfangabile, anzi, \u00e8 piuttosto divertente.<\/p>\n<p>L&#8217;intervista \u00e8 venuta bene e ci ha dato l&#8217;occasione di parlare, senza mediazioni al ribasso, a un certo mondo ufologico, diverso da quello pi\u00f9 &#8220;razionalista&#8221; che abbiamo frequentato e poi trasfigurato nel romanzo. <a href=\"https:\/\/www.wumingfoundation.com\/2023-02_Mistero-n.115-p16-21_Visani-WuMing-2.pdf\">Ecco il pdf<\/a>.<\/p>\n<p>\u25a0 Su <em>Global Project<\/em>, <a href=\"https:\/\/www.globalproject.info\/it\/produzioni\/sherbooks-2023-ufo-78-e-gli-anni-settanta-secondo-wu-ming\/24329\">il video e un dettagliato resoconto<\/a> della presentazione padovana del 29 gennaio scorso, nell&#8217;ambito di Sherbooks Festival.<\/p>\n<p>\u25a0 <strong>Silvestro Ramunno<\/strong> trasmetteva sull&#8217;oggi defunta Radio Citt\u00e0 del Capo negli anni in cui ci facevamo <em>Radio Blissett<\/em>. Oggi \u00e8 presidente dell&#8217;Ordine dei giornalisti dell&#8217;Emilia-Romagna. Dopo aver terminato la lettura di <em>Ufo 78<\/em>, <a href=\"https:\/\/silvestroramunno.wordpress.com\/2023\/02\/17\/ufo-78-la-fortuna-di-quelle-belissime-letture-che-ci-capitano\/\">ha scritto sul suo blog alcune impressioni<\/a>. In particolare, ci \u00e8 molto piaciuta questa parte:<\/p>\n<blockquote><p><img loading=\"lazy\" decoding=\"async\" class=\"alignright wp-image-51418\" src=\"https:\/\/www.wumingfoundation.com\/giap\/wp-content\/uploads\/2023\/02\/Screenshot-2023-02-23-alle-16.35.32.png\" alt=\"\" width=\"200\" height=\"212\" srcset=\"https:\/\/www.wumingfoundation.com\/giap\/wp-content\/uploads\/2023\/02\/Screenshot-2023-02-23-alle-16.35.32.png 368w, https:\/\/www.wumingfoundation.com\/giap\/wp-content\/uploads\/2023\/02\/Screenshot-2023-02-23-alle-16.35.32-283x300.png 283w\" sizes=\"auto, (max-width: 200px) 100vw, 200px\" \/>\u00abC\u2019\u00e8 un punto che pi\u00f9 degli altri mi ha fatto apprezzare <em>Ufo 78<\/em>: <strong>ha a che fare con il mainstream e l\u2019egemonia culturale<\/strong>. L\u2019ho letto durante l\u2019ultimo festival di Sanremo, nei giorni in cui un giovane cantante ha preso a calci dei fiori (mamma mia\u2026che punk\u2026nel &#8217;78 lo facevo all&#8217;asilo e non si scandalizzava nemmeno una bidella), nei giorni in cui due ragazzi hanno messo in scena il bacio in bocca sul palco dell&#8217;Ariston [&#8230;] E mentre accadeva questo, in <em>Ufo 78<\/em> si riscopre un condensato culturale da spavento che troppo repentinamente abbiamo confinato nella controcultura o nell\u2019underground. <strong>Leggere Ufo 78 aiuta a collocare le cose al loro posto: dove mettere i Tangerine Dream, dove Peter &#8220;Zanka&#8221; Kolosimo, dove la saggezza delle nonne, dove quelli di Sanremo<\/strong>.\u00bb<\/p><\/blockquote>\n<p>\u25a0 Per il momento \u00e8 tutto. Ricordiamo che le sparse membra della colonna sonora di <em>Ufo 78<\/em> sono state radunate dalla casa editrice Einaudi in una playlist ascoltabile su <strong><a href=\"https:\/\/open.spotify.com\/playlist\/3FooK7dCdOLq60OaNoOejG\"><span class=\"s1\">Spotify<\/span><\/a><\/strong>\u00a0e\u00a0<a href=\"https:\/\/redirect.invidious.io\/playlist?list=PLkq3-HQdY8iJwEHJTWRyN3R2KjAw7RDH9&amp;dark_mode=true&amp;thin_mode=false\"><span class=\"s1\"><strong>YouTube<\/strong><\/span><\/a>.<\/p>\n<p>Come sempre, non inviamo visite a YouTube direttamente, bens\u00ec passando per un\u2019interfaccia libera che, arginando le pratiche invasive di Google, tutela sicurezza e riservatezza dell\u2019utente. Chi arriva l\u00ec pu\u00f2 comunque decidere di passare oltre e usare YouTube, c\u2019\u00e8 il collegamento diretto.<\/p>\n<p>Per Spotify non sembra esistere un corrispettivo delle interfacce che usiamo per YouTube, Twitter ecc., ergo mettiamo l\u2019indirizzo e sia chi legge a dire \u00abque ser\u00e1, ser\u00e1\u00bb. Buon ascolto.<\/p>\n<p>Ricordiamo che svariati pareri di lettrici e lettori su <em>Ufo 78<\/em> si possono leggere anche su <a href=\"https:\/\/www.anobii.com\/it\/books\/ufo-78\/9788806248918\/01311c9864c01e2994\/reviews\">Anobii<\/a>, <a href=\"https:\/\/biblioreads.ml\/book\/show\/62614962-ufo-78\">Goodreads<\/a>, <a href=\"https:\/\/www.ibs.it\/ufo-78-libro-wu-ming\/e\/9788806248918\">IBS<\/a>, <a href=\"https:\/\/www.qlibri.it\/narrativa-italiana\/romanzi\/ufo-78\/\">QLibri<\/a> ecc.<\/p>\n<p>Goodreads \u00e8 di Amazon e su <em>Giap<\/em> abbiamo la regola di non linkare Amazon, ragion per cui \u201cfiltriamo\u201d il link tramite <a href=\"https:\/\/biblioreads.netlify.app\/about\"><strong>BiblioReads<\/strong><\/a>, interfaccia libera che, arginando le pratiche invasive della multinazionale di Bezos, tutela sicurezza e riservatezza dell\u2019utente.<\/p>\n","protected":false},"excerpt":{"rendered":"Also in English \u2013 Tambi\u00e9n en castellano \u2013 E\u03c0\u03af\u03c3\u03b7\u03c2 \u03c3\u03c4\u03b1 \u03b5\u03bb\u03bb\u03b7\u03bd\u03b9\u03ba\u03ac Quando abbiamo cominciato a scrivere Ufo 78, di Ufo si parlava molto poco, perlomeno nel mainstream. Fuori da certe nicchie, l&#8217;argomento era d\u00e9mod\u00e9 da molti anni. Ogni tanto qualcuno ci chiedeva: \u2013 Di cosa parler\u00e0 il prossimo romanzo? E noi: \u2013 Dell&#8217;ossessione per gli [&hellip;]","protected":false},"author":1,"featured_media":51381,"comment_status":"open","ping_status":"open","sticky":false,"template":"","format":"standard","meta":{"footnotes":""},"categories":[6],"tags":[4675,4452,4145,4674,4676,4673,4678,4677,4633],"class_list":["post-51331","post","type-post","status-publish","format-standard","has-post-thumbnail","hentry","category-news-e-segnalazioni","tag-abbattimenti","tag-critica-dellemergenza-pandemica","tag-emergenza","tag-guerra-fredda","tag-palloni-sonda","tag-palloni-spia","tag-picoballoons","tag-sky-trash","tag-ufo-78"],"yoast_head":"<!-- This site is optimized with the Yoast SEO plugin v27.5 - https:\/\/yoast.com\/product\/yoast-seo-wordpress\/ -->\n<title>2020\u201323: dagli avvistamenti durante i lockdown alla guerra degli UFO<\/title>\n<meta name=\"description\" content=\"Gli UFO, il desiderio di non-identificato, la paranoia, i limiti dell&#039;immaginazione capitalistica, la pulsione utopica, Speciale Ufo 78.\" \/>\n<meta name=\"robots\" content=\"index, follow, max-snippet:-1, max-image-preview:large, max-video-preview:-1\" \/>\n<link rel=\"canonical\" href=\"https:\/\/www.wumingfoundation.com\/giap\/2023\/02\/2020-2023-guerra-degli-ufo-78\/\" \/>\n<meta property=\"og:locale\" content=\"it_IT\" \/>\n<meta property=\"og:type\" content=\"article\" \/>\n<meta property=\"og:title\" content=\"2020\u201323: dagli avvistamenti durante i lockdown alla guerra degli UFO\" \/>\n<meta property=\"og:description\" content=\"Gli UFO, il desiderio di non-identificato, la paranoia, i limiti dell&#039;immaginazione capitalistica, la pulsione utopica, Speciale Ufo 78.\" \/>\n<meta property=\"og:url\" content=\"https:\/\/www.wumingfoundation.com\/giap\/2023\/02\/2020-2023-guerra-degli-ufo-78\/\" \/>\n<meta property=\"og:site_name\" content=\"Giap\" \/>\n<meta property=\"article:published_time\" content=\"2023-02-24T08:00:42+00:00\" \/>\n<meta property=\"article:modified_time\" content=\"2025-07-09T20:01:17+00:00\" \/>\n<meta property=\"og:image\" content=\"https:\/\/www.wumingfoundation.com\/giap\/wp-content\/uploads\/2023\/02\/balloon.jpg\" \/>\n\t<meta property=\"og:image:width\" content=\"929\" \/>\n\t<meta property=\"og:image:height\" content=\"523\" \/>\n\t<meta property=\"og:image:type\" content=\"image\/jpeg\" \/>\n<meta name=\"author\" content=\"Wu Ming\" \/>\n<meta name=\"twitter:card\" content=\"summary_large_image\" \/>\n<meta name=\"twitter:creator\" content=\"@Wu_Ming_Foundt\" \/>\n<meta name=\"twitter:site\" content=\"@Wu_Ming_Foundt\" \/>\n<meta name=\"twitter:label1\" content=\"Scritto da\" \/>\n\t<meta name=\"twitter:data1\" content=\"Wu Ming\" \/>\n\t<meta name=\"twitter:label2\" content=\"Tempo di lettura stimato\" \/>\n\t<meta name=\"twitter:data2\" content=\"27 minuti\" \/>\n<script type=\"application\/ld+json\" class=\"yoast-schema-graph\">{\"@context\":\"https:\\\/\\\/schema.org\",\"@graph\":[{\"@type\":\"Article\",\"@id\":\"https:\\\/\\\/www.wumingfoundation.com\\\/giap\\\/2023\\\/02\\\/2020-2023-guerra-degli-ufo-78\\\/#article\",\"isPartOf\":{\"@id\":\"https:\\\/\\\/www.wumingfoundation.com\\\/giap\\\/2023\\\/02\\\/2020-2023-guerra-degli-ufo-78\\\/\"},\"author\":{\"name\":\"Wu Ming\",\"@id\":\"https:\\\/\\\/www.wumingfoundation.com\\\/giap\\\/#\\\/schema\\\/person\\\/881b1c925aaf48fe6eb5c3970be4458f\"},\"headline\":\"2020\u20132023: dagli avvistamenti durante i lockdown alla \u00abguerra degli UFO\u00bb (Ufo 78, speciale n.11)\",\"datePublished\":\"2023-02-24T08:00:42+00:00\",\"dateModified\":\"2025-07-09T20:01:17+00:00\",\"mainEntityOfPage\":{\"@id\":\"https:\\\/\\\/www.wumingfoundation.com\\\/giap\\\/2023\\\/02\\\/2020-2023-guerra-degli-ufo-78\\\/\"},\"wordCount\":4533,\"commentCount\":5,\"image\":{\"@id\":\"https:\\\/\\\/www.wumingfoundation.com\\\/giap\\\/2023\\\/02\\\/2020-2023-guerra-degli-ufo-78\\\/#primaryimage\"},\"thumbnailUrl\":\"https:\\\/\\\/www.wumingfoundation.com\\\/giap\\\/wp-content\\\/uploads\\\/2023\\\/02\\\/balloon.jpg\",\"keywords\":[\"abbattimenti\",\"critica dell'emergenza pandemica\",\"emergenza\",\"guerra fredda\",\"palloni sonda\",\"palloni spia\",\"picoballoons\",\"sky trash\",\"Ufo 78\"],\"articleSection\":[\"Notizie\"],\"inLanguage\":\"it-IT\",\"potentialAction\":[{\"@type\":\"CommentAction\",\"name\":\"Comment\",\"target\":[\"https:\\\/\\\/www.wumingfoundation.com\\\/giap\\\/2023\\\/02\\\/2020-2023-guerra-degli-ufo-78\\\/#respond\"]}]},{\"@type\":\"WebPage\",\"@id\":\"https:\\\/\\\/www.wumingfoundation.com\\\/giap\\\/2023\\\/02\\\/2020-2023-guerra-degli-ufo-78\\\/\",\"url\":\"https:\\\/\\\/www.wumingfoundation.com\\\/giap\\\/2023\\\/02\\\/2020-2023-guerra-degli-ufo-78\\\/\",\"name\":\"2020\u201323: dagli avvistamenti durante i lockdown alla guerra degli UFO\",\"isPartOf\":{\"@id\":\"https:\\\/\\\/www.wumingfoundation.com\\\/giap\\\/#website\"},\"primaryImageOfPage\":{\"@id\":\"https:\\\/\\\/www.wumingfoundation.com\\\/giap\\\/2023\\\/02\\\/2020-2023-guerra-degli-ufo-78\\\/#primaryimage\"},\"image\":{\"@id\":\"https:\\\/\\\/www.wumingfoundation.com\\\/giap\\\/2023\\\/02\\\/2020-2023-guerra-degli-ufo-78\\\/#primaryimage\"},\"thumbnailUrl\":\"https:\\\/\\\/www.wumingfoundation.com\\\/giap\\\/wp-content\\\/uploads\\\/2023\\\/02\\\/balloon.jpg\",\"datePublished\":\"2023-02-24T08:00:42+00:00\",\"dateModified\":\"2025-07-09T20:01:17+00:00\",\"author\":{\"@id\":\"https:\\\/\\\/www.wumingfoundation.com\\\/giap\\\/#\\\/schema\\\/person\\\/881b1c925aaf48fe6eb5c3970be4458f\"},\"description\":\"Gli UFO, il desiderio di non-identificato, la paranoia, i limiti dell'immaginazione capitalistica, la pulsione utopica, Speciale Ufo 78.\",\"breadcrumb\":{\"@id\":\"https:\\\/\\\/www.wumingfoundation.com\\\/giap\\\/2023\\\/02\\\/2020-2023-guerra-degli-ufo-78\\\/#breadcrumb\"},\"inLanguage\":\"it-IT\",\"potentialAction\":[{\"@type\":\"ReadAction\",\"target\":[\"https:\\\/\\\/www.wumingfoundation.com\\\/giap\\\/2023\\\/02\\\/2020-2023-guerra-degli-ufo-78\\\/\"]}]},{\"@type\":\"ImageObject\",\"inLanguage\":\"it-IT\",\"@id\":\"https:\\\/\\\/www.wumingfoundation.com\\\/giap\\\/2023\\\/02\\\/2020-2023-guerra-degli-ufo-78\\\/#primaryimage\",\"url\":\"https:\\\/\\\/www.wumingfoundation.com\\\/giap\\\/wp-content\\\/uploads\\\/2023\\\/02\\\/balloon.jpg\",\"contentUrl\":\"https:\\\/\\\/www.wumingfoundation.com\\\/giap\\\/wp-content\\\/uploads\\\/2023\\\/02\\\/balloon.jpg\",\"width\":929,\"height\":523},{\"@type\":\"BreadcrumbList\",\"@id\":\"https:\\\/\\\/www.wumingfoundation.com\\\/giap\\\/2023\\\/02\\\/2020-2023-guerra-degli-ufo-78\\\/#breadcrumb\",\"itemListElement\":[{\"@type\":\"ListItem\",\"position\":1,\"name\":\"Home\",\"item\":\"https:\\\/\\\/www.wumingfoundation.com\\\/giap\\\/\"},{\"@type\":\"ListItem\",\"position\":2,\"name\":\"2020\u20132023: dagli avvistamenti durante i lockdown alla \u00abguerra degli UFO\u00bb (Ufo 78, speciale n.11)\"}]},{\"@type\":\"WebSite\",\"@id\":\"https:\\\/\\\/www.wumingfoundation.com\\\/giap\\\/#website\",\"url\":\"https:\\\/\\\/www.wumingfoundation.com\\\/giap\\\/\",\"name\":\"Giap\",\"description\":\"Il sito ufficiale di Wu Ming, collettivo di scrittori\",\"potentialAction\":[{\"@type\":\"SearchAction\",\"target\":{\"@type\":\"EntryPoint\",\"urlTemplate\":\"https:\\\/\\\/www.wumingfoundation.com\\\/giap\\\/?s={search_term_string}\"},\"query-input\":{\"@type\":\"PropertyValueSpecification\",\"valueRequired\":true,\"valueName\":\"search_term_string\"}}],\"inLanguage\":\"it-IT\"},{\"@type\":\"Person\",\"@id\":\"https:\\\/\\\/www.wumingfoundation.com\\\/giap\\\/#\\\/schema\\\/person\\\/881b1c925aaf48fe6eb5c3970be4458f\",\"name\":\"Wu Ming\",\"image\":{\"@type\":\"ImageObject\",\"inLanguage\":\"it-IT\",\"@id\":\"https:\\\/\\\/secure.gravatar.com\\\/avatar\\\/1f49001124f0d5b3aeb1d387dbd89e7b48de4c5c15539460ec1c154566c1723c?s=96&d=blank&r=g\",\"url\":\"https:\\\/\\\/secure.gravatar.com\\\/avatar\\\/1f49001124f0d5b3aeb1d387dbd89e7b48de4c5c15539460ec1c154566c1723c?s=96&d=blank&r=g\",\"contentUrl\":\"https:\\\/\\\/secure.gravatar.com\\\/avatar\\\/1f49001124f0d5b3aeb1d387dbd89e7b48de4c5c15539460ec1c154566c1723c?s=96&d=blank&r=g\",\"caption\":\"Wu Ming\"}}]}<\/script>\n<!-- \/ Yoast SEO plugin. -->","yoast_head_json":{"title":"2020\u201323: dagli avvistamenti durante i lockdown alla guerra degli UFO","description":"Gli UFO, il desiderio di non-identificato, la paranoia, i limiti dell'immaginazione capitalistica, la pulsione utopica, Speciale Ufo 78.","robots":{"index":"index","follow":"follow","max-snippet":"max-snippet:-1","max-image-preview":"max-image-preview:large","max-video-preview":"max-video-preview:-1"},"canonical":"https:\/\/www.wumingfoundation.com\/giap\/2023\/02\/2020-2023-guerra-degli-ufo-78\/","og_locale":"it_IT","og_type":"article","og_title":"2020\u201323: dagli avvistamenti durante i lockdown alla guerra degli UFO","og_description":"Gli UFO, il desiderio di non-identificato, la paranoia, i limiti dell'immaginazione capitalistica, la pulsione utopica, Speciale Ufo 78.","og_url":"https:\/\/www.wumingfoundation.com\/giap\/2023\/02\/2020-2023-guerra-degli-ufo-78\/","og_site_name":"Giap","article_published_time":"2023-02-24T08:00:42+00:00","article_modified_time":"2025-07-09T20:01:17+00:00","og_image":[{"width":929,"height":523,"url":"https:\/\/www.wumingfoundation.com\/giap\/wp-content\/uploads\/2023\/02\/balloon.jpg","type":"image\/jpeg"}],"author":"Wu Ming","twitter_card":"summary_large_image","twitter_creator":"@Wu_Ming_Foundt","twitter_site":"@Wu_Ming_Foundt","twitter_misc":{"Scritto da":"Wu Ming","Tempo di lettura stimato":"27 minuti"},"schema":{"@context":"https:\/\/schema.org","@graph":[{"@type":"Article","@id":"https:\/\/www.wumingfoundation.com\/giap\/2023\/02\/2020-2023-guerra-degli-ufo-78\/#article","isPartOf":{"@id":"https:\/\/www.wumingfoundation.com\/giap\/2023\/02\/2020-2023-guerra-degli-ufo-78\/"},"author":{"name":"Wu Ming","@id":"https:\/\/www.wumingfoundation.com\/giap\/#\/schema\/person\/881b1c925aaf48fe6eb5c3970be4458f"},"headline":"2020\u20132023: dagli avvistamenti durante i lockdown alla \u00abguerra degli UFO\u00bb (Ufo 78, speciale n.11)","datePublished":"2023-02-24T08:00:42+00:00","dateModified":"2025-07-09T20:01:17+00:00","mainEntityOfPage":{"@id":"https:\/\/www.wumingfoundation.com\/giap\/2023\/02\/2020-2023-guerra-degli-ufo-78\/"},"wordCount":4533,"commentCount":5,"image":{"@id":"https:\/\/www.wumingfoundation.com\/giap\/2023\/02\/2020-2023-guerra-degli-ufo-78\/#primaryimage"},"thumbnailUrl":"https:\/\/www.wumingfoundation.com\/giap\/wp-content\/uploads\/2023\/02\/balloon.jpg","keywords":["abbattimenti","critica dell'emergenza pandemica","emergenza","guerra fredda","palloni sonda","palloni spia","picoballoons","sky trash","Ufo 78"],"articleSection":["Notizie"],"inLanguage":"it-IT","potentialAction":[{"@type":"CommentAction","name":"Comment","target":["https:\/\/www.wumingfoundation.com\/giap\/2023\/02\/2020-2023-guerra-degli-ufo-78\/#respond"]}]},{"@type":"WebPage","@id":"https:\/\/www.wumingfoundation.com\/giap\/2023\/02\/2020-2023-guerra-degli-ufo-78\/","url":"https:\/\/www.wumingfoundation.com\/giap\/2023\/02\/2020-2023-guerra-degli-ufo-78\/","name":"2020\u201323: dagli avvistamenti durante i lockdown alla guerra degli UFO","isPartOf":{"@id":"https:\/\/www.wumingfoundation.com\/giap\/#website"},"primaryImageOfPage":{"@id":"https:\/\/www.wumingfoundation.com\/giap\/2023\/02\/2020-2023-guerra-degli-ufo-78\/#primaryimage"},"image":{"@id":"https:\/\/www.wumingfoundation.com\/giap\/2023\/02\/2020-2023-guerra-degli-ufo-78\/#primaryimage"},"thumbnailUrl":"https:\/\/www.wumingfoundation.com\/giap\/wp-content\/uploads\/2023\/02\/balloon.jpg","datePublished":"2023-02-24T08:00:42+00:00","dateModified":"2025-07-09T20:01:17+00:00","author":{"@id":"https:\/\/www.wumingfoundation.com\/giap\/#\/schema\/person\/881b1c925aaf48fe6eb5c3970be4458f"},"description":"Gli UFO, il desiderio di non-identificato, la paranoia, i limiti dell'immaginazione capitalistica, la pulsione utopica, Speciale Ufo 78.","breadcrumb":{"@id":"https:\/\/www.wumingfoundation.com\/giap\/2023\/02\/2020-2023-guerra-degli-ufo-78\/#breadcrumb"},"inLanguage":"it-IT","potentialAction":[{"@type":"ReadAction","target":["https:\/\/www.wumingfoundation.com\/giap\/2023\/02\/2020-2023-guerra-degli-ufo-78\/"]}]},{"@type":"ImageObject","inLanguage":"it-IT","@id":"https:\/\/www.wumingfoundation.com\/giap\/2023\/02\/2020-2023-guerra-degli-ufo-78\/#primaryimage","url":"https:\/\/www.wumingfoundation.com\/giap\/wp-content\/uploads\/2023\/02\/balloon.jpg","contentUrl":"https:\/\/www.wumingfoundation.com\/giap\/wp-content\/uploads\/2023\/02\/balloon.jpg","width":929,"height":523},{"@type":"BreadcrumbList","@id":"https:\/\/www.wumingfoundation.com\/giap\/2023\/02\/2020-2023-guerra-degli-ufo-78\/#breadcrumb","itemListElement":[{"@type":"ListItem","position":1,"name":"Home","item":"https:\/\/www.wumingfoundation.com\/giap\/"},{"@type":"ListItem","position":2,"name":"2020\u20132023: dagli avvistamenti durante i lockdown alla \u00abguerra degli UFO\u00bb (Ufo 78, speciale n.11)"}]},{"@type":"WebSite","@id":"https:\/\/www.wumingfoundation.com\/giap\/#website","url":"https:\/\/www.wumingfoundation.com\/giap\/","name":"Giap","description":"Il sito ufficiale di Wu Ming, collettivo di scrittori","potentialAction":[{"@type":"SearchAction","target":{"@type":"EntryPoint","urlTemplate":"https:\/\/www.wumingfoundation.com\/giap\/?s={search_term_string}"},"query-input":{"@type":"PropertyValueSpecification","valueRequired":true,"valueName":"search_term_string"}}],"inLanguage":"it-IT"},{"@type":"Person","@id":"https:\/\/www.wumingfoundation.com\/giap\/#\/schema\/person\/881b1c925aaf48fe6eb5c3970be4458f","name":"Wu Ming","image":{"@type":"ImageObject","inLanguage":"it-IT","@id":"https:\/\/secure.gravatar.com\/avatar\/1f49001124f0d5b3aeb1d387dbd89e7b48de4c5c15539460ec1c154566c1723c?s=96&d=blank&r=g","url":"https:\/\/secure.gravatar.com\/avatar\/1f49001124f0d5b3aeb1d387dbd89e7b48de4c5c15539460ec1c154566c1723c?s=96&d=blank&r=g","contentUrl":"https:\/\/secure.gravatar.com\/avatar\/1f49001124f0d5b3aeb1d387dbd89e7b48de4c5c15539460ec1c154566c1723c?s=96&d=blank&r=g","caption":"Wu Ming"}}]}},"_links":{"self":[{"href":"https:\/\/www.wumingfoundation.com\/giap\/wp-json\/wp\/v2\/posts\/51331","targetHints":{"allow":["GET"]}}],"collection":[{"href":"https:\/\/www.wumingfoundation.com\/giap\/wp-json\/wp\/v2\/posts"}],"about":[{"href":"https:\/\/www.wumingfoundation.com\/giap\/wp-json\/wp\/v2\/types\/post"}],"author":[{"embeddable":true,"href":"https:\/\/www.wumingfoundation.com\/giap\/wp-json\/wp\/v2\/users\/1"}],"replies":[{"embeddable":true,"href":"https:\/\/www.wumingfoundation.com\/giap\/wp-json\/wp\/v2\/comments?post=51331"}],"version-history":[{"count":6,"href":"https:\/\/www.wumingfoundation.com\/giap\/wp-json\/wp\/v2\/posts\/51331\/revisions"}],"predecessor-version":[{"id":52592,"href":"https:\/\/www.wumingfoundation.com\/giap\/wp-json\/wp\/v2\/posts\/51331\/revisions\/52592"}],"wp:featuredmedia":[{"embeddable":true,"href":"https:\/\/www.wumingfoundation.com\/giap\/wp-json\/wp\/v2\/media\/51381"}],"wp:attachment":[{"href":"https:\/\/www.wumingfoundation.com\/giap\/wp-json\/wp\/v2\/media?parent=51331"}],"wp:term":[{"taxonomy":"category","embeddable":true,"href":"https:\/\/www.wumingfoundation.com\/giap\/wp-json\/wp\/v2\/categories?post=51331"},{"taxonomy":"post_tag","embeddable":true,"href":"https:\/\/www.wumingfoundation.com\/giap\/wp-json\/wp\/v2\/tags?post=51331"}],"curies":[{"name":"wp","href":"https:\/\/api.w.org\/{rel}","templated":true}]}}