{"id":50407,"date":"2022-12-04T09:00:05","date_gmt":"2022-12-04T08:00:05","guid":{"rendered":"https:\/\/www.wumingfoundation.com\/giap\/?p=50407"},"modified":"2023-04-17T18:21:18","modified_gmt":"2023-04-17T16:21:18","slug":"speciale-ufo-78-7-radio-giap-rebelde","status":"publish","type":"post","link":"https:\/\/www.wumingfoundation.com\/giap\/2022\/12\/speciale-ufo-78-7-radio-giap-rebelde\/","title":{"rendered":"Ufo 78, speciale n. 7 | Radio Giap Rebelde: voci, musiche e molto altro"},"content":{"rendered":"<div id=\"attachment_50490\" style=\"width: 710px\" class=\"wp-caption aligncenter\"><a href=\"https:\/\/www.wumingfoundation.com\/images\/Renault_4_Ufo_78_A4.pdf\"><img loading=\"lazy\" decoding=\"async\" aria-describedby=\"caption-attachment-50490\" class=\"wp-image-50490\" src=\"https:\/\/www.wumingfoundation.com\/giap\/wp-content\/uploads\/2022\/12\/R4-1.png\" alt=\"Il cartamodello della R4 targata UFO 78\" width=\"700\" height=\"591\" srcset=\"https:\/\/www.wumingfoundation.com\/giap\/wp-content\/uploads\/2022\/12\/R4-1.png 694w, https:\/\/www.wumingfoundation.com\/giap\/wp-content\/uploads\/2022\/12\/R4-1-300x253.png 300w\" sizes=\"auto, (max-width: 700px) 100vw, 700px\" \/><\/a><p id=\"caption-attachment-50490\" class=\"wp-caption-text\">Scarica il pdf, stampa (meglio se su cartoncino), ritaglia, piega, incolla e ferma il fondo con nastro adesivo. Ecco la Renault 4 targata \u00abUfo 78\u00bb. <a href=\"https:\/\/www.wumingfoundation.com\/images\/Renault_4_origami.png\">Viene cos\u00ec<\/a>. Grazie a <strong>In punta di sella<\/strong>.<\/p><\/div>\n<p>\u00c8 tempo di un nuovo speciale <em>Ufo 78<\/em>. Stavolta, vista la grande quantit\u00e0 di <em>suoni<\/em>, \u00e8 anche uno speciale <em>Radio Giap Rebelde<\/em>.<\/p>\n<p>Apriamo proprio coi materiali audio, pi\u00f9 precisamente con una collaborazione musicale tra noi e una band bolognese, <strong>I Criminali<\/strong>.<\/p>\n<p>Non \u00e8 l&#8217;unico progetto musicale legato a <em>Ufo 78<\/em>, degli altri \u2013 in particolare di un cantiere aperto da tempo insieme al <strong>Bhutan Clan<\/strong> \u2013 vi racconteremo in un prossimo speciale<em>.<\/em><\/p>\n<p>\u00c8 un romanzo impregnato di musica*, e man mano che viene letto comincia a rilasciarne.<\/p>\n<p>A seguire, nuove recensioni, interviste, segnalazioni e appuntamenti.<!--more--><\/p>\n<h4><strong>Il sogno di Milena<\/strong><\/h4>\n<p><a href=\"https:\/\/www.wumingfoundation.com\/giap\/wp-content\/uploads\/2022\/12\/sogno_Milena.png\"><img loading=\"lazy\" decoding=\"async\" class=\"alignright wp-image-50461\" title=\"Le aliene che parlano kobaiano di Ufo 78\" src=\"https:\/\/www.wumingfoundation.com\/giap\/wp-content\/uploads\/2022\/12\/sogno_Milena.png\" alt=\"Le aliene che parlano kobaiano di Ufo 78\" width=\"200\" height=\"185\" srcset=\"https:\/\/www.wumingfoundation.com\/giap\/wp-content\/uploads\/2022\/12\/sogno_Milena.png 796w, https:\/\/www.wumingfoundation.com\/giap\/wp-content\/uploads\/2022\/12\/sogno_Milena-300x277.png 300w, https:\/\/www.wumingfoundation.com\/giap\/wp-content\/uploads\/2022\/12\/sogno_Milena-768x710.png 768w\" sizes=\"auto, (max-width: 200px) 100vw, 200px\" \/><\/a>Qualche tempo fa, con una mail a sorpresa, <strong>Massimo &#8220;Max Magnus&#8221; Magnani<\/strong> \u2013 bassista degli Skiantos dal 2003 \u2013 ci ha lanciato l&#8217;idea di una collaborazione con uno dei suoi millemila progetti, <strong>I criminali<\/strong>: una band che s&#8217;ispira alle <a href=\"https:\/\/www.ondarock.it\/speciali\/italiaamanoarmata-colonnesonore-poliziotteschi.htm\">colonne sonore dei film \u00abpoliziotteschi\u00bb<\/a> degli anni Settanta.<\/p>\n<p>In quel momento stavamo finendo di scrivere <em>Ufo 78, <\/em>che certo non \u00e8 un poliziottesco, perch\u00e9 gli manca l&#8217;ingrediente fondamentale: il poliziotto, appunto, che in un qualche modo, violento e poco ortodosso, indaga sui casi e li risolve. La nostra, sotto quest&#8217;aspetto, \u00e8 una storia pi\u00f9 realista, dove la polizia non indaga e non risolve i casi.<\/p>\n<p>Tuttavia, alcuni punti di contatto c&#8217;erano lo stesso \u2013 una <em>detection<\/em>, un mistero, il periodo storico \u2013 e soprattutto, l&#8217;assaggio di pezzi da ascoltare, allegati alla mail, metteva appetito. Per quanto, anche in quel caso, non fossero proprio in linea con i suoni e le atmosfere del romanzo. Cos\u00ec abbiamo chiesto a Max se non avesse per le mani qualcosa di pi\u00f9&#8230; tedesco, da corrieri cosmici, <strong>Franco Micalizzi<\/strong> a cena con Klaus Schulze, Holger Czukay e Michael Rother.<\/p>\n<p>Detto fatto, sono arrivati altri due brani e uno ci \u00e8 sembrato subito adatto per accompagnare il capitolo 6 del Terzo movimento, che per quanto si trovi ormai a pagina 356 ha una prima parte che ben si presta ad essere letta e ascoltata da sola, anche senza conoscere il resto della trama. Dopo qualche registrazione casalinga, aggiustando la durata della musica per meglio abbinarla alla lettura, una sera di fine novembre, nello studio PLG Music di Pianoro (BO), \u00e8 nato <strong><em>Il sogno di Milena<\/em>.<\/strong><\/p>\n<p>Musica: \u00abAl confine della paura\u00bb di Paolo Ferrario e Massimo Magnani<br \/>\nVoci: Wu Ming (1 &amp; 2)<br \/>\nTutti gli strumenti sono suonati da Massimo Magnani<br \/>\nComputer programming: Massimo Magnani<br \/>\nPre mix: Paolo Ferrario<br \/>\nRegistrato e mixato da Paolo La Ganga @ PLG Music<\/p>\n<p><strong>I Criminali &amp; Wu Ming<\/strong><br \/>\n<em>Il sogno di Milena (Ufo 78, Terzo movimento, capitolo 6)<\/em><br \/>\n<a href=\"https:\/\/www.wumingfoundation.com\/suoni\/Il_sogno_di_Milena_Ufo_78.mp3\">Il sogno di Milena<\/a><\/p>\n<p>Come sempre, disponibile <a href=\"https:\/\/archive.org\/details\/il-sogno-di-milena-2\">su Internet Archive<\/a>, (dove \u00e8 scaricabile anche in formato WAV, 1.411 kbps), <a href=\"https:\/\/podcasts.apple.com\/it\/podcast\/i-criminali-wu-ming-il-sogno-di-milena\/id1224038765?i=1000588668921\">su Apple Podcasts<\/a> e, usando <a href=\"https:\/\/www.wumingfoundation.com\/suoni\/wmaudio2017.xml\">il nostro feed<\/a>, potenzialmente su ogni piattaforma o applicazione per podcast.<\/p>\n<div id=\"attachment_50431\" style=\"width: 210px\" class=\"wp-caption alignright\"><img loading=\"lazy\" decoding=\"async\" aria-describedby=\"caption-attachment-50431\" class=\"size-full wp-image-50431\" src=\"https:\/\/www.wumingfoundation.com\/giap\/wp-content\/uploads\/2022\/12\/marcomanfredi.png\" alt=\"Marco Manfredi\" width=\"200\" height=\"197\" \/><p id=\"caption-attachment-50431\" class=\"wp-caption-text\">Marco Manfredi<\/p><\/div>\n<h4><strong>Risveglio sul monte<\/strong><\/h4>\n<p>\u00c8 un mattino, certo, ma non \u00e8 il <em>Mattino<\/em> di Grieg.<br \/>\nL&#8217;attore <strong>Marco Manfredi<\/strong> legge il Capitolo 1 del Secondo movimento di <em>Ufo 78<\/em>.<br \/>\nRegistrato il 21 novembre 2022 da Paolo La Ganga allo studio PLG Music, Pianoro (BO).<br \/>\nAnche questo disponibile <a href=\"https:\/\/archive.org\/details\/risveglio-sul-monte-ufo-78-2o-movimento-cap-1\">su Internet Archive<\/a>, <a href=\"https:\/\/podcasts.apple.com\/it\/podcast\/risveglio-sul-monte-ufo-78-secondo-movimento-capitolo-1\/id1224038765?i=1000588336589\">su Apple Podcasts<\/a> e, usando <a href=\"https:\/\/www.wumingfoundation.com\/suoni\/wmaudio2017.xml\">il nostro feed<\/a>, potenzialmente ovunque. Buon ascolto.<\/p>\n<p>Marco Manfredi legge da <em>Ufo 78<\/em><br \/>\n<a href=\"https:\/\/www.wumingfoundation.com\/suoni\/Risveglio_sul_monte_Ufo_78_2o_movimento_cap_1.mp3\">Risveglio sul monte<\/a>.<\/p>\n<h4><strong>Sismografie: Ufo 78 a Macerata<\/strong><\/h4>\n<div id=\"attachment_50454\" style=\"width: 210px\" class=\"wp-caption alignright\"><a href=\"https:\/\/www.wumingfoundation.com\/giap\/wp-content\/uploads\/2022\/12\/Sisma29102022.png\"><img loading=\"lazy\" decoding=\"async\" aria-describedby=\"caption-attachment-50454\" class=\"wp-image-50454\" src=\"https:\/\/www.wumingfoundation.com\/giap\/wp-content\/uploads\/2022\/12\/Sisma29102022.png\" alt=\"La presentazione di Ufo 78 a Macerata\" width=\"200\" height=\"135\" srcset=\"https:\/\/www.wumingfoundation.com\/giap\/wp-content\/uploads\/2022\/12\/Sisma29102022.png 700w, https:\/\/www.wumingfoundation.com\/giap\/wp-content\/uploads\/2022\/12\/Sisma29102022-300x202.png 300w\" sizes=\"auto, (max-width: 200px) 100vw, 200px\" \/><\/a><p id=\"caption-attachment-50454\" class=\"wp-caption-text\">La presentazione di Ufo 78 a Macerata<\/p><\/div>\n<p>\u00c8 on line l&#8217;audio della presentazione di <em>Ufo 78<\/em> svoltasi al CSA Sisma di Macerata il 29 ottobre scorso.<br \/>\nWu Ming 1, affiancato da <strong>Simone Vecchioni<\/strong>, spazia dai dischi volanti al riflusso, dagli <em>anime<\/em> giapponesi al cospirazionismo sugli anni Settanta italiani.<br \/>\nInevitabilmente verso la fine si parla del PCI e \u2013 forse anche in quel caso inevitabilmente \u2013 volano madonne.<br \/>\nAll&#8217;ingresso del centro sociale era parcheggiata una Renault 4 rossa.<br \/>\nCome sopra: anche <a href=\"https:\/\/archive.org\/details\/ufo-78-sisma-29102022\">su Internet Archive<\/a>, <a href=\"https:\/\/podcasts.apple.com\/it\/podcast\/ufo-78-a-macerata-csa-sisma-29-ottobre-2022\/id1224038765?i=1000588336466\">su Apple Podcasts<\/a> ecc.<br \/>\n<strong><a href=\"https:\/\/yewtu.be\/watch?v=tnkPKxAe-Oo&amp;autoplay=0&amp;continue=0&amp;dark_mode=true&amp;listen=0&amp;local=1&amp;loop=0&amp;nojs=0&amp;player_style=youtube&amp;quality=dash&amp;thin_mode=false\">Qui<\/a><\/strong> con accompagnamento di immagini della serata.<br \/>\nDura un&#8217;ora e trentun minuti.<\/p>\n<p><em>Ufo 78<\/em> al CSA Sisma<br \/>\n<a href=\"https:\/\/www.wumingfoundation.com\/suoni\/Ufo78_Sisma_29102022.mp3\">Ufo 78 a Macerata, 29\/11\/2022<\/a><\/p>\n<h4><strong>Recensioni e interviste<\/strong><\/h4>\n<div id=\"attachment_50428\" style=\"width: 210px\" class=\"wp-caption alignright\"><a href=\"https:\/\/www.wumingfoundation.com\/giap\/wp-content\/uploads\/2022\/12\/Ufo78_Gazzetta_di_Mantova.jpg\"><img loading=\"lazy\" decoding=\"async\" aria-describedby=\"caption-attachment-50428\" class=\"wp-image-50428\" src=\"https:\/\/www.wumingfoundation.com\/giap\/wp-content\/uploads\/2022\/12\/Ufo78_Gazzetta_di_Mantova.jpg\" alt=\"Ufo 78 recensito sulla Gazzetta di Mantova\" width=\"200\" height=\"187\" srcset=\"https:\/\/www.wumingfoundation.com\/giap\/wp-content\/uploads\/2022\/12\/Ufo78_Gazzetta_di_Mantova.jpg 1227w, https:\/\/www.wumingfoundation.com\/giap\/wp-content\/uploads\/2022\/12\/Ufo78_Gazzetta_di_Mantova-300x280.jpg 300w, https:\/\/www.wumingfoundation.com\/giap\/wp-content\/uploads\/2022\/12\/Ufo78_Gazzetta_di_Mantova-1024x956.jpg 1024w, https:\/\/www.wumingfoundation.com\/giap\/wp-content\/uploads\/2022\/12\/Ufo78_Gazzetta_di_Mantova-768x717.jpg 768w\" sizes=\"auto, (max-width: 200px) 100vw, 200px\" \/><\/a><p id=\"caption-attachment-50428\" class=\"wp-caption-text\">La recensione uscita sulla <em>Gazzetta di Mantova<\/em> il 2 dicembre 2022.<\/p><\/div>\n<p>\u25a0 Forse persino troppo encomiastica la recensione di <em>Ufo 78<\/em> uscita sulla <em>Gazzetta di Mantova<\/em> il 2 dicembre scorso, a firma di <strong>Enrico Comaschi<\/strong>. O forse \u00e8 solo che non siamo abituati a leggere su un giornale il termine \u00abcapolavoro\u00bb riferito a un nostro libro. In un modo o nell&#8217;altro, grazie di cuore al recensore!<\/p>\n<p>\u25a0 Il nostro vecchio sodale <strong>Vittore Baroni<\/strong> \u00e8 memoria storica vivente delle avanguardie pop europee, delle controculture italiane, delle autoproduzioni e dell&#8217;arte postale. Non solo: \u00e8 di Viareggio, dove nel &#8217;72 accade il patatrac di <em>Pugno al cielo<\/em> e nel &#8217;75 il carnevale \u00e8 funestato da bombe fasciste. Chi meglio di lui pu\u00f2 scrivere di <em>Ufo 78<\/em>? Infatti ne scrive sul mensile <a href=\"https:\/\/www.blowupmagazine.com\"><em>Blow Up<\/em><\/a>, sul numero di dicembre appena arrivato in edicola. La sua recensione \u2013 al momento solo su carta \u2013 si chiude con una similitudine che ci ha fatto molto piacere:<\/p>\n<blockquote>\n<div id=\"attachment_50449\" style=\"width: 160px\" class=\"wp-caption alignright\"><a href=\"https:\/\/www.wumingfoundation.com\/giap\/wp-content\/uploads\/2022\/12\/vittorebaroni.png\"><img loading=\"lazy\" decoding=\"async\" aria-describedby=\"caption-attachment-50449\" class=\"wp-image-50449\" src=\"https:\/\/www.wumingfoundation.com\/giap\/wp-content\/uploads\/2022\/12\/vittorebaroni.png\" alt=\"Vittore Baroni\" width=\"150\" height=\"190\" srcset=\"https:\/\/www.wumingfoundation.com\/giap\/wp-content\/uploads\/2022\/12\/vittorebaroni.png 1058w, https:\/\/www.wumingfoundation.com\/giap\/wp-content\/uploads\/2022\/12\/vittorebaroni-237x300.png 237w, https:\/\/www.wumingfoundation.com\/giap\/wp-content\/uploads\/2022\/12\/vittorebaroni-809x1024.png 809w, https:\/\/www.wumingfoundation.com\/giap\/wp-content\/uploads\/2022\/12\/vittorebaroni-768x973.png 768w\" sizes=\"auto, (max-width: 150px) 100vw, 150px\" \/><\/a><p id=\"caption-attachment-50449\" class=\"wp-caption-text\">Vittore Baroni<\/p><\/div>\n<p>\u00abFilo rosso del volume \u00e8 anche una sorta di &#8220;colonna sonora&#8221; ideale che si compone dei molti brani citati, commentati o ascoltati dai protagonisti [&#8230;] Un altro modo per stratificare ed espandere un&#8217;opera \u2013 affresco storico che come altri titoli recenti di Wu Ming descrive un passato specchio del presente \u2013 che &#8220;cresce&#8221; sulla base delle considerazioni stimolate dalla prima lettura proprio come un LP di pregio si fa meglio apprezzare ad ogni successivo ascolto.\u00bb<\/p><\/blockquote>\n<p>\u25a0 Un&#8217;altra ottima recensione si trova <a href=\"https:\/\/thebookadvisor.it\/recensioni\/i-libri-di-riccardo\/ufo-78-di-wu-ming-recensione-libro\/\">sul sito <em>The Book Advisor<\/em><\/a>\u00a0a firma di <strong>Riccardo Gavioso<\/strong>. Dopo averla letta uno di noi ha commentato: \u00ab&#8221;Maestro nel seminare prolessi&#8221; me lo faccio tatuare\u00bb. Ha anche specificato in quale parte del corpo, ma possiamo tralasciare.<\/p>\n<p>\u25a0 Ricordiamo che svariati pareri di lettrici e lettori su <em>Ufo 78<\/em> si possono leggere su <a href=\"https:\/\/www.anobii.com\/it\/books\/ufo-78\/9788806248918\/01311c9864c01e2994\/reviews\">Anobii<\/a>, <a href=\"https:\/\/biblioreads.ml\/book\/show\/62614962-ufo-78\">Goodreads**<\/a>, <a href=\"https:\/\/www.ibs.it\/ufo-78-libro-wu-ming\/e\/9788806248918\">IBS<\/a>, <a href=\"https:\/\/www.qlibri.it\/narrativa-italiana\/romanzi\/ufo-78\/\">QLibri<\/a> ecc.<\/p>\n<p>\u25a0 Una lunga intervista a noialtri si pu\u00f2 leggere sul <a href=\"https:\/\/www.redness.it\/press-dicembre-2022\/\">nuovo numero della rivista <em>Redness<\/em><\/a> (pagg. 16\u201325). Tra le varie cose, si parla del non-identificato, dell&#8217;utopia, dell&#8217;esistenza o meno di una controcultura al giorno d&#8217;oggi, delle emergenze, delle posizioni nostre e altrui durante l&#8217;emergenza-pandemia, della distinzione proposta da <strong>Bifo<\/strong>*** tra \u00abconnessione\u00bb e \u00abcongiunzione\u00bb, del presente e futuro delle sollevazioni popolari.<\/p>\n<div id=\"attachment_50409\" style=\"width: 1260px\" class=\"wp-caption aligncenter\"><img loading=\"lazy\" decoding=\"async\" aria-describedby=\"caption-attachment-50409\" class=\"wp-image-50409 size-full\" src=\"https:\/\/www.wumingfoundation.com\/giap\/wp-content\/uploads\/2022\/12\/Schermata-2022-11-24-alle-18.54.26-e1669974234862.png\" alt=\"Presentazione di Ufo 78 nella sala mensa della GKN occupata\" width=\"1250\" height=\"1023\" srcset=\"https:\/\/www.wumingfoundation.com\/giap\/wp-content\/uploads\/2022\/12\/Schermata-2022-11-24-alle-18.54.26-e1669974234862.png 1250w, https:\/\/www.wumingfoundation.com\/giap\/wp-content\/uploads\/2022\/12\/Schermata-2022-11-24-alle-18.54.26-e1669974234862-300x246.png 300w, https:\/\/www.wumingfoundation.com\/giap\/wp-content\/uploads\/2022\/12\/Schermata-2022-11-24-alle-18.54.26-e1669974234862-1024x838.png 1024w, https:\/\/www.wumingfoundation.com\/giap\/wp-content\/uploads\/2022\/12\/Schermata-2022-11-24-alle-18.54.26-e1669974234862-768x629.png 768w, https:\/\/www.wumingfoundation.com\/giap\/wp-content\/uploads\/2022\/12\/Schermata-2022-11-24-alle-18.54.26-e1669974234862-368x301.png 368w, https:\/\/www.wumingfoundation.com\/giap\/wp-content\/uploads\/2022\/12\/Schermata-2022-11-24-alle-18.54.26-e1669974234862-200x163.png 200w, https:\/\/www.wumingfoundation.com\/giap\/wp-content\/uploads\/2022\/12\/Schermata-2022-11-24-alle-18.54.26-e1669974234862-433x354.png 433w\" sizes=\"auto, (max-width: 1250px) 100vw, 1250px\" \/><p id=\"caption-attachment-50409\" class=\"wp-caption-text\">La metafora dell&#8217;UFO \u00e8 contagiosa. Il 23 novembre scorso, durante la presentazione di <em>Ufo 78<\/em> nella sala mensa della fabbrica occupata, il collettivo GKN ha colto l&#8217;occasione per definirsi \u00abnon identificato\u00bb. Jimmy Fruzzetti si sarebbe commosso.<\/p><\/div>\n<h4><strong>In tour<\/strong><\/h4>\n<p>Nei prossimi giorni saremo in Puglia \u2013 <strong>Bari<\/strong>, <strong>Nard\u00f2<\/strong>, <strong>Lecce<\/strong>, <strong>Taranto<\/strong> \u2013 <span style=\"text-decoration: line-through;\">e di nuovo nelle Marche \u2013 <strong>Porto S. Giorgio<\/strong> e <strong>Jesi<\/strong><\/span> <span style=\"color: #ff0000;\">[Attenzione, per cause di forza maggiore, queste due date marchigiane sono rinviate a date da destinarsi]<\/span><\/p>\n<p>Il 16 dicembre saremo a <strong>Cagliari<\/strong>, al festival Marina Caf\u00e9 Noir, dove oltre alla presentazione ci sar\u00e0 un&#8217;<em>ulteriore<\/em> sonorizzazione di <em>Ufo 78<\/em>.<\/p>\n<p>Il 21 dicembre il Flap 22 si concluder\u00e0 con la presentazione di <strong>Ravenna<\/strong>, la 30esima dall&#8217;inizio del tour.<\/p>\n<p>Tutti i dettagli <a href=\"https:\/\/www.wumingfoundation.com\/giap\/2022\/10\/ufo-78-flap-22\/\">nel calendario qui<\/a>.<\/p>\n<p>Il calendario del <em>Flap 23<\/em> \u2013 la prima tranche, da gennaio ad aprile, altre 43 presentazioni di cui un buon terzo al Sud \u2013 verr\u00e0 pubblicato su <em>Giap<\/em> il 22 dicembre.<\/p>\n<p>La seconda tranche del <em>Flap 23<\/em> andr\u00e0, a ritmi meno intensi, da maggio a ottobre 2023.<\/p>\n<h6><span style=\"font-size: small;\"><strong>Note<\/strong><br \/>\n<\/span><\/h6>\n<div id=\"attachment_50456\" style=\"width: 210px\" class=\"wp-caption alignright\"><a href=\"https:\/\/www.wumingfoundation.com\/giap\/wp-content\/uploads\/2022\/12\/bifo.png\"><img loading=\"lazy\" decoding=\"async\" aria-describedby=\"caption-attachment-50456\" class=\"wp-image-50456\" src=\"https:\/\/www.wumingfoundation.com\/giap\/wp-content\/uploads\/2022\/12\/bifo.png\" alt=\"\" width=\"200\" height=\"133\" srcset=\"https:\/\/www.wumingfoundation.com\/giap\/wp-content\/uploads\/2022\/12\/bifo.png 700w, https:\/\/www.wumingfoundation.com\/giap\/wp-content\/uploads\/2022\/12\/bifo-300x199.png 300w\" sizes=\"auto, (max-width: 200px) 100vw, 200px\" \/><\/a><p id=\"caption-attachment-50456\" class=\"wp-caption-text\">Lo zio Franco<\/p><\/div>\n<p><span style=\"font-size: small;\"><strong>*<\/strong> Ricordiamo \u00a0la colonna sonora di\u00a0<em>Ufo 78<\/em>\u00a0che la casa editrice Einaudi ha caricato su\u00a0<strong><a href=\"https:\/\/open.spotify.com\/playlist\/3FooK7dCdOLq60OaNoOejG\"><span class=\"s1\">Spotify<\/span><\/a><\/strong>\u00a0e\u00a0<a href=\"https:\/\/yewtu.be\/playlist?list=PLkq3-HQdY8iJwEHJTWRyN3R2KjAw7RDH9&amp;dark_mode=true&amp;thin_mode=false\"><span class=\"s1\"><strong>YouTube<\/strong><\/span><\/a>. Come sempre, non inviamo visite a YouTube direttamente, bens\u00ec passando per un\u2019interfaccia libera che, arginando le pratiche invasive di Google, tutela sicurezza e riservatezza dell&#8217;utente. Chi arriva l\u00ec pu\u00f2 comunque decidere di passare oltre e usare YouTube, c\u2019\u00e8 il collegamento diretto. Per Spotify non sembra esistere un corrispettivo, ergo mettiamo l\u2019indirizzo e sia chi legge a dire \u00abque ser\u00e1, ser\u00e1\u00bb. Buon ascolto.<\/span><\/p>\n<p><strong><span style=\"font-size: small;\">**<\/span><\/strong><span style=\"font-size: small;\"> Goodreads \u00e8 di Amazon e su <em>Giap<\/em> abbiamo la regola di non linkare Amazon, ragion per cui &#8220;filtriamo&#8221; il link tramite <a href=\"https:\/\/biblioreads.netlify.app\/about\"><strong>BiblioReads<\/strong><\/a>, interfaccia libera che, arginando le pratiche invasive della multinazionale di Bezos, tutela sicurezza e riservatezza dell&#8217;utente.<\/span><\/p>\n<p><strong><span style=\"font-size: small;\">***<\/span><\/strong><span style=\"font-size: small;\"> Cfr. <strong>Franco &#8220;Bifo&#8221; Berardi<\/strong>, <em>E: la congiunzione<\/em>, NERO Editions, Roma 2021. A proposito di Bifo, ieri per la primissima volta un lettore di <em>Ufo 78<\/em> ci ha scritto perch\u00e9 ha notato un <em>easter egg<\/em> &#8220;ucronico&#8221; e semi-fantabibliografico che lo coinvolge. Di questi ovuli e riferimenti nascosti ne abbiamo inseriti un numero tale da rendere il libro, che pur non risulta mai ostico, <em>gnostico<\/em>.<\/span><\/p>\n","protected":false},"excerpt":{"rendered":"\u00c8 tempo di un nuovo speciale Ufo 78. Stavolta, vista la grande quantit\u00e0 di suoni, \u00e8 anche uno speciale Radio Giap Rebelde. Apriamo proprio coi materiali audio, pi\u00f9 precisamente con una collaborazione musicale tra noi e una band bolognese, I Criminali. Non \u00e8 l&#8217;unico progetto musicale legato a Ufo 78, degli altri \u2013 in particolare [&hellip;]","protected":false},"author":1,"featured_media":50490,"comment_status":"open","ping_status":"open","sticky":false,"template":"","format":"standard","meta":{"footnotes":""},"categories":[4,4632],"tags":[4633],"class_list":["post-50407","post","type-post","status-publish","format-standard","has-post-thumbnail","hentry","category-recensioni","category-ufo-78","tag-ufo-78"],"yoast_head":"<!-- This site is optimized with the Yoast SEO plugin v27.4 - https:\/\/yoast.com\/product\/yoast-seo-wordpress\/ -->\n<title>Ufo 78, speciale n. 7 | Radio Giap Rebelde: voci, musiche e molto altro<\/title>\n<meta name=\"description\" content=\"Ufo 78, i Criminali, gli Skiantos, Marco Manfredi, la R4 al CSA Sisma, Blow Up, la Gazzetta di Mantova, Redness, Bifo e le uova di Pasqua ecc.\" \/>\n<meta name=\"robots\" content=\"index, follow, max-snippet:-1, max-image-preview:large, max-video-preview:-1\" \/>\n<link rel=\"canonical\" href=\"https:\/\/www.wumingfoundation.com\/giap\/2022\/12\/speciale-ufo-78-7-radio-giap-rebelde\/\" \/>\n<meta property=\"og:locale\" content=\"it_IT\" \/>\n<meta property=\"og:type\" content=\"article\" \/>\n<meta property=\"og:title\" content=\"Ufo 78, speciale n. 7 | Radio Giap Rebelde: voci, musiche e molto altro\" \/>\n<meta property=\"og:description\" content=\"Ufo 78, i Criminali, gli Skiantos, Marco Manfredi, la R4 al CSA Sisma, Blow Up, la Gazzetta di Mantova, Redness, Bifo e le uova di Pasqua ecc.\" \/>\n<meta property=\"og:url\" content=\"https:\/\/www.wumingfoundation.com\/giap\/2022\/12\/speciale-ufo-78-7-radio-giap-rebelde\/\" \/>\n<meta property=\"og:site_name\" content=\"Giap\" \/>\n<meta property=\"article:published_time\" content=\"2022-12-04T08:00:05+00:00\" \/>\n<meta property=\"article:modified_time\" content=\"2023-04-17T16:21:18+00:00\" \/>\n<meta property=\"og:image\" content=\"https:\/\/www.wumingfoundation.com\/giap\/wp-content\/uploads\/2022\/12\/R4-1.png\" \/>\n\t<meta property=\"og:image:width\" content=\"694\" \/>\n\t<meta property=\"og:image:height\" content=\"586\" \/>\n\t<meta property=\"og:image:type\" content=\"image\/png\" \/>\n<meta name=\"author\" content=\"Wu Ming\" \/>\n<meta name=\"twitter:card\" content=\"summary_large_image\" \/>\n<meta name=\"twitter:creator\" content=\"@Wu_Ming_Foundt\" \/>\n<meta name=\"twitter:site\" content=\"@Wu_Ming_Foundt\" \/>\n<meta name=\"twitter:label1\" content=\"Scritto da\" \/>\n\t<meta name=\"twitter:data1\" content=\"Wu Ming\" \/>\n\t<meta name=\"twitter:label2\" content=\"Tempo di lettura stimato\" \/>\n\t<meta name=\"twitter:data2\" content=\"10 minuti\" \/>\n<script type=\"application\/ld+json\" class=\"yoast-schema-graph\">{\"@context\":\"https:\\\/\\\/schema.org\",\"@graph\":[{\"@type\":\"Article\",\"@id\":\"https:\\\/\\\/www.wumingfoundation.com\\\/giap\\\/2022\\\/12\\\/speciale-ufo-78-7-radio-giap-rebelde\\\/#article\",\"isPartOf\":{\"@id\":\"https:\\\/\\\/www.wumingfoundation.com\\\/giap\\\/2022\\\/12\\\/speciale-ufo-78-7-radio-giap-rebelde\\\/\"},\"author\":{\"name\":\"Wu Ming\",\"@id\":\"https:\\\/\\\/www.wumingfoundation.com\\\/giap\\\/#\\\/schema\\\/person\\\/881b1c925aaf48fe6eb5c3970be4458f\"},\"headline\":\"Ufo 78, speciale n. 7 | Radio Giap Rebelde: voci, musiche e molto altro\",\"datePublished\":\"2022-12-04T08:00:05+00:00\",\"dateModified\":\"2023-04-17T16:21:18+00:00\",\"mainEntityOfPage\":{\"@id\":\"https:\\\/\\\/www.wumingfoundation.com\\\/giap\\\/2022\\\/12\\\/speciale-ufo-78-7-radio-giap-rebelde\\\/\"},\"wordCount\":1389,\"commentCount\":0,\"image\":{\"@id\":\"https:\\\/\\\/www.wumingfoundation.com\\\/giap\\\/2022\\\/12\\\/speciale-ufo-78-7-radio-giap-rebelde\\\/#primaryimage\"},\"thumbnailUrl\":\"https:\\\/\\\/www.wumingfoundation.com\\\/giap\\\/wp-content\\\/uploads\\\/2022\\\/12\\\/R4-1.png\",\"keywords\":[\"Ufo 78\"],\"articleSection\":[\"Libri\",\"Ufo 78\"],\"inLanguage\":\"it-IT\",\"potentialAction\":[{\"@type\":\"CommentAction\",\"name\":\"Comment\",\"target\":[\"https:\\\/\\\/www.wumingfoundation.com\\\/giap\\\/2022\\\/12\\\/speciale-ufo-78-7-radio-giap-rebelde\\\/#respond\"]}]},{\"@type\":\"WebPage\",\"@id\":\"https:\\\/\\\/www.wumingfoundation.com\\\/giap\\\/2022\\\/12\\\/speciale-ufo-78-7-radio-giap-rebelde\\\/\",\"url\":\"https:\\\/\\\/www.wumingfoundation.com\\\/giap\\\/2022\\\/12\\\/speciale-ufo-78-7-radio-giap-rebelde\\\/\",\"name\":\"Ufo 78, speciale n. 7 | Radio Giap Rebelde: voci, musiche e molto altro\",\"isPartOf\":{\"@id\":\"https:\\\/\\\/www.wumingfoundation.com\\\/giap\\\/#website\"},\"primaryImageOfPage\":{\"@id\":\"https:\\\/\\\/www.wumingfoundation.com\\\/giap\\\/2022\\\/12\\\/speciale-ufo-78-7-radio-giap-rebelde\\\/#primaryimage\"},\"image\":{\"@id\":\"https:\\\/\\\/www.wumingfoundation.com\\\/giap\\\/2022\\\/12\\\/speciale-ufo-78-7-radio-giap-rebelde\\\/#primaryimage\"},\"thumbnailUrl\":\"https:\\\/\\\/www.wumingfoundation.com\\\/giap\\\/wp-content\\\/uploads\\\/2022\\\/12\\\/R4-1.png\",\"datePublished\":\"2022-12-04T08:00:05+00:00\",\"dateModified\":\"2023-04-17T16:21:18+00:00\",\"author\":{\"@id\":\"https:\\\/\\\/www.wumingfoundation.com\\\/giap\\\/#\\\/schema\\\/person\\\/881b1c925aaf48fe6eb5c3970be4458f\"},\"description\":\"Ufo 78, i Criminali, gli Skiantos, Marco Manfredi, la R4 al CSA Sisma, Blow Up, la Gazzetta di Mantova, Redness, Bifo e le uova di Pasqua ecc.\",\"breadcrumb\":{\"@id\":\"https:\\\/\\\/www.wumingfoundation.com\\\/giap\\\/2022\\\/12\\\/speciale-ufo-78-7-radio-giap-rebelde\\\/#breadcrumb\"},\"inLanguage\":\"it-IT\",\"potentialAction\":[{\"@type\":\"ReadAction\",\"target\":[\"https:\\\/\\\/www.wumingfoundation.com\\\/giap\\\/2022\\\/12\\\/speciale-ufo-78-7-radio-giap-rebelde\\\/\"]}]},{\"@type\":\"ImageObject\",\"inLanguage\":\"it-IT\",\"@id\":\"https:\\\/\\\/www.wumingfoundation.com\\\/giap\\\/2022\\\/12\\\/speciale-ufo-78-7-radio-giap-rebelde\\\/#primaryimage\",\"url\":\"https:\\\/\\\/www.wumingfoundation.com\\\/giap\\\/wp-content\\\/uploads\\\/2022\\\/12\\\/R4-1.png\",\"contentUrl\":\"https:\\\/\\\/www.wumingfoundation.com\\\/giap\\\/wp-content\\\/uploads\\\/2022\\\/12\\\/R4-1.png\",\"width\":694,\"height\":586,\"caption\":\"Scarica il pdf formato A4, stampa a colori (meglio ancora se su cartoncino), ritaglia lungo i bordi, piega e ferma col nastro adesivo. Ecco la Renault 4 targata \u00abUfo 78\u00bb. Viene cos\u00ec. Grazie a In punta di sella.\"},{\"@type\":\"BreadcrumbList\",\"@id\":\"https:\\\/\\\/www.wumingfoundation.com\\\/giap\\\/2022\\\/12\\\/speciale-ufo-78-7-radio-giap-rebelde\\\/#breadcrumb\",\"itemListElement\":[{\"@type\":\"ListItem\",\"position\":1,\"name\":\"Home\",\"item\":\"https:\\\/\\\/www.wumingfoundation.com\\\/giap\\\/\"},{\"@type\":\"ListItem\",\"position\":2,\"name\":\"Ufo 78, speciale n. 7 | Radio Giap Rebelde: voci, musiche e molto altro\"}]},{\"@type\":\"WebSite\",\"@id\":\"https:\\\/\\\/www.wumingfoundation.com\\\/giap\\\/#website\",\"url\":\"https:\\\/\\\/www.wumingfoundation.com\\\/giap\\\/\",\"name\":\"Giap\",\"description\":\"Il sito ufficiale di Wu Ming, collettivo di scrittori\",\"potentialAction\":[{\"@type\":\"SearchAction\",\"target\":{\"@type\":\"EntryPoint\",\"urlTemplate\":\"https:\\\/\\\/www.wumingfoundation.com\\\/giap\\\/?s={search_term_string}\"},\"query-input\":{\"@type\":\"PropertyValueSpecification\",\"valueRequired\":true,\"valueName\":\"search_term_string\"}}],\"inLanguage\":\"it-IT\"},{\"@type\":\"Person\",\"@id\":\"https:\\\/\\\/www.wumingfoundation.com\\\/giap\\\/#\\\/schema\\\/person\\\/881b1c925aaf48fe6eb5c3970be4458f\",\"name\":\"Wu Ming\",\"image\":{\"@type\":\"ImageObject\",\"inLanguage\":\"it-IT\",\"@id\":\"https:\\\/\\\/secure.gravatar.com\\\/avatar\\\/1f49001124f0d5b3aeb1d387dbd89e7b48de4c5c15539460ec1c154566c1723c?s=96&d=blank&r=g\",\"url\":\"https:\\\/\\\/secure.gravatar.com\\\/avatar\\\/1f49001124f0d5b3aeb1d387dbd89e7b48de4c5c15539460ec1c154566c1723c?s=96&d=blank&r=g\",\"contentUrl\":\"https:\\\/\\\/secure.gravatar.com\\\/avatar\\\/1f49001124f0d5b3aeb1d387dbd89e7b48de4c5c15539460ec1c154566c1723c?s=96&d=blank&r=g\",\"caption\":\"Wu Ming\"}}]}<\/script>\n<!-- \/ Yoast SEO plugin. -->","yoast_head_json":{"title":"Ufo 78, speciale n. 7 | Radio Giap Rebelde: voci, musiche e molto altro","description":"Ufo 78, i Criminali, gli Skiantos, Marco Manfredi, la R4 al CSA Sisma, Blow Up, la Gazzetta di Mantova, Redness, Bifo e le uova di Pasqua ecc.","robots":{"index":"index","follow":"follow","max-snippet":"max-snippet:-1","max-image-preview":"max-image-preview:large","max-video-preview":"max-video-preview:-1"},"canonical":"https:\/\/www.wumingfoundation.com\/giap\/2022\/12\/speciale-ufo-78-7-radio-giap-rebelde\/","og_locale":"it_IT","og_type":"article","og_title":"Ufo 78, speciale n. 7 | Radio Giap Rebelde: voci, musiche e molto altro","og_description":"Ufo 78, i Criminali, gli Skiantos, Marco Manfredi, la R4 al CSA Sisma, Blow Up, la Gazzetta di Mantova, Redness, Bifo e le uova di Pasqua ecc.","og_url":"https:\/\/www.wumingfoundation.com\/giap\/2022\/12\/speciale-ufo-78-7-radio-giap-rebelde\/","og_site_name":"Giap","article_published_time":"2022-12-04T08:00:05+00:00","article_modified_time":"2023-04-17T16:21:18+00:00","og_image":[{"width":694,"height":586,"url":"https:\/\/www.wumingfoundation.com\/giap\/wp-content\/uploads\/2022\/12\/R4-1.png","type":"image\/png"}],"author":"Wu Ming","twitter_card":"summary_large_image","twitter_creator":"@Wu_Ming_Foundt","twitter_site":"@Wu_Ming_Foundt","twitter_misc":{"Scritto da":"Wu Ming","Tempo di lettura stimato":"10 minuti"},"schema":{"@context":"https:\/\/schema.org","@graph":[{"@type":"Article","@id":"https:\/\/www.wumingfoundation.com\/giap\/2022\/12\/speciale-ufo-78-7-radio-giap-rebelde\/#article","isPartOf":{"@id":"https:\/\/www.wumingfoundation.com\/giap\/2022\/12\/speciale-ufo-78-7-radio-giap-rebelde\/"},"author":{"name":"Wu Ming","@id":"https:\/\/www.wumingfoundation.com\/giap\/#\/schema\/person\/881b1c925aaf48fe6eb5c3970be4458f"},"headline":"Ufo 78, speciale n. 7 | Radio Giap Rebelde: voci, musiche e molto altro","datePublished":"2022-12-04T08:00:05+00:00","dateModified":"2023-04-17T16:21:18+00:00","mainEntityOfPage":{"@id":"https:\/\/www.wumingfoundation.com\/giap\/2022\/12\/speciale-ufo-78-7-radio-giap-rebelde\/"},"wordCount":1389,"commentCount":0,"image":{"@id":"https:\/\/www.wumingfoundation.com\/giap\/2022\/12\/speciale-ufo-78-7-radio-giap-rebelde\/#primaryimage"},"thumbnailUrl":"https:\/\/www.wumingfoundation.com\/giap\/wp-content\/uploads\/2022\/12\/R4-1.png","keywords":["Ufo 78"],"articleSection":["Libri","Ufo 78"],"inLanguage":"it-IT","potentialAction":[{"@type":"CommentAction","name":"Comment","target":["https:\/\/www.wumingfoundation.com\/giap\/2022\/12\/speciale-ufo-78-7-radio-giap-rebelde\/#respond"]}]},{"@type":"WebPage","@id":"https:\/\/www.wumingfoundation.com\/giap\/2022\/12\/speciale-ufo-78-7-radio-giap-rebelde\/","url":"https:\/\/www.wumingfoundation.com\/giap\/2022\/12\/speciale-ufo-78-7-radio-giap-rebelde\/","name":"Ufo 78, speciale n. 7 | Radio Giap Rebelde: voci, musiche e molto altro","isPartOf":{"@id":"https:\/\/www.wumingfoundation.com\/giap\/#website"},"primaryImageOfPage":{"@id":"https:\/\/www.wumingfoundation.com\/giap\/2022\/12\/speciale-ufo-78-7-radio-giap-rebelde\/#primaryimage"},"image":{"@id":"https:\/\/www.wumingfoundation.com\/giap\/2022\/12\/speciale-ufo-78-7-radio-giap-rebelde\/#primaryimage"},"thumbnailUrl":"https:\/\/www.wumingfoundation.com\/giap\/wp-content\/uploads\/2022\/12\/R4-1.png","datePublished":"2022-12-04T08:00:05+00:00","dateModified":"2023-04-17T16:21:18+00:00","author":{"@id":"https:\/\/www.wumingfoundation.com\/giap\/#\/schema\/person\/881b1c925aaf48fe6eb5c3970be4458f"},"description":"Ufo 78, i Criminali, gli Skiantos, Marco Manfredi, la R4 al CSA Sisma, Blow Up, la Gazzetta di Mantova, Redness, Bifo e le uova di Pasqua ecc.","breadcrumb":{"@id":"https:\/\/www.wumingfoundation.com\/giap\/2022\/12\/speciale-ufo-78-7-radio-giap-rebelde\/#breadcrumb"},"inLanguage":"it-IT","potentialAction":[{"@type":"ReadAction","target":["https:\/\/www.wumingfoundation.com\/giap\/2022\/12\/speciale-ufo-78-7-radio-giap-rebelde\/"]}]},{"@type":"ImageObject","inLanguage":"it-IT","@id":"https:\/\/www.wumingfoundation.com\/giap\/2022\/12\/speciale-ufo-78-7-radio-giap-rebelde\/#primaryimage","url":"https:\/\/www.wumingfoundation.com\/giap\/wp-content\/uploads\/2022\/12\/R4-1.png","contentUrl":"https:\/\/www.wumingfoundation.com\/giap\/wp-content\/uploads\/2022\/12\/R4-1.png","width":694,"height":586,"caption":"Scarica il pdf formato A4, stampa a colori (meglio ancora se su cartoncino), ritaglia lungo i bordi, piega e ferma col nastro adesivo. Ecco la Renault 4 targata \u00abUfo 78\u00bb. Viene cos\u00ec. Grazie a In punta di sella."},{"@type":"BreadcrumbList","@id":"https:\/\/www.wumingfoundation.com\/giap\/2022\/12\/speciale-ufo-78-7-radio-giap-rebelde\/#breadcrumb","itemListElement":[{"@type":"ListItem","position":1,"name":"Home","item":"https:\/\/www.wumingfoundation.com\/giap\/"},{"@type":"ListItem","position":2,"name":"Ufo 78, speciale n. 7 | Radio Giap Rebelde: voci, musiche e molto altro"}]},{"@type":"WebSite","@id":"https:\/\/www.wumingfoundation.com\/giap\/#website","url":"https:\/\/www.wumingfoundation.com\/giap\/","name":"Giap","description":"Il sito ufficiale di Wu Ming, collettivo di scrittori","potentialAction":[{"@type":"SearchAction","target":{"@type":"EntryPoint","urlTemplate":"https:\/\/www.wumingfoundation.com\/giap\/?s={search_term_string}"},"query-input":{"@type":"PropertyValueSpecification","valueRequired":true,"valueName":"search_term_string"}}],"inLanguage":"it-IT"},{"@type":"Person","@id":"https:\/\/www.wumingfoundation.com\/giap\/#\/schema\/person\/881b1c925aaf48fe6eb5c3970be4458f","name":"Wu Ming","image":{"@type":"ImageObject","inLanguage":"it-IT","@id":"https:\/\/secure.gravatar.com\/avatar\/1f49001124f0d5b3aeb1d387dbd89e7b48de4c5c15539460ec1c154566c1723c?s=96&d=blank&r=g","url":"https:\/\/secure.gravatar.com\/avatar\/1f49001124f0d5b3aeb1d387dbd89e7b48de4c5c15539460ec1c154566c1723c?s=96&d=blank&r=g","contentUrl":"https:\/\/secure.gravatar.com\/avatar\/1f49001124f0d5b3aeb1d387dbd89e7b48de4c5c15539460ec1c154566c1723c?s=96&d=blank&r=g","caption":"Wu Ming"}}]}},"_links":{"self":[{"href":"https:\/\/www.wumingfoundation.com\/giap\/wp-json\/wp\/v2\/posts\/50407","targetHints":{"allow":["GET"]}}],"collection":[{"href":"https:\/\/www.wumingfoundation.com\/giap\/wp-json\/wp\/v2\/posts"}],"about":[{"href":"https:\/\/www.wumingfoundation.com\/giap\/wp-json\/wp\/v2\/types\/post"}],"author":[{"embeddable":true,"href":"https:\/\/www.wumingfoundation.com\/giap\/wp-json\/wp\/v2\/users\/1"}],"replies":[{"embeddable":true,"href":"https:\/\/www.wumingfoundation.com\/giap\/wp-json\/wp\/v2\/comments?post=50407"}],"version-history":[{"count":7,"href":"https:\/\/www.wumingfoundation.com\/giap\/wp-json\/wp\/v2\/posts\/50407\/revisions"}],"predecessor-version":[{"id":51981,"href":"https:\/\/www.wumingfoundation.com\/giap\/wp-json\/wp\/v2\/posts\/50407\/revisions\/51981"}],"wp:featuredmedia":[{"embeddable":true,"href":"https:\/\/www.wumingfoundation.com\/giap\/wp-json\/wp\/v2\/media\/50490"}],"wp:attachment":[{"href":"https:\/\/www.wumingfoundation.com\/giap\/wp-json\/wp\/v2\/media?parent=50407"}],"wp:term":[{"taxonomy":"category","embeddable":true,"href":"https:\/\/www.wumingfoundation.com\/giap\/wp-json\/wp\/v2\/categories?post=50407"},{"taxonomy":"post_tag","embeddable":true,"href":"https:\/\/www.wumingfoundation.com\/giap\/wp-json\/wp\/v2\/tags?post=50407"}],"curies":[{"name":"wp","href":"https:\/\/api.w.org\/{rel}","templated":true}]}}