{"id":4983,"date":"2011-08-14T16:27:39","date_gmt":"2011-08-14T15:27:39","guid":{"rendered":"http:\/\/www.wumingfoundation.com\/giap\/?p=4983"},"modified":"2019-12-01T00:40:54","modified_gmt":"2019-11-30T23:40:54","slug":"post-multiplo-di-ferragosto-manovra-twitterisnotfb-notav-stephenking-aaam","status":"publish","type":"post","link":"https:\/\/www.wumingfoundation.com\/giap\/2011\/08\/post-multiplo-di-ferragosto-manovra-twitterisnotfb-notav-stephenking-aaam\/","title":{"rendered":"Post multiplo di #ferragosto: #manovra #twitterisnotFB #NoTav #StephenKing #AaAM"},"content":{"rendered":"<div id=\"attachment_4990\" style=\"width: 310px\" class=\"wp-caption alignright\"><img loading=\"lazy\" decoding=\"async\" aria-describedby=\"caption-attachment-4990\" class=\"size-medium wp-image-4990 \" title=\"Highway to hell\" src=\"http:\/\/www.wumingfoundation.com\/giap\/wp-content\/uploads\/2011\/08\/economic_recovery1-300x251.jpg\" alt=\"\" width=\"300\" height=\"251\" \/><p id=\"caption-attachment-4990\" class=\"wp-caption-text\">HIGHWAY TO HELL<\/p><\/div>\n<p>Nelle ore della manovra-massacro, alcune news e segnalazioni accumulatesi nei giorni scorsi.<br \/>\nSulla manovra, per ora ci limitiamo a riproporre gli scarni pensieri espressi tra ieri e oggi su Twitter.<br \/>\nIl 2012 potrebbe essere il primo anno senza 25 Aprile e Primo Maggio. I Maya ci erano andati vicino. La crisi \u00e8 il pretesto perfetto. Non stanno sistemando i conti: stanno<em> regolando<\/em> i conti coi nemici storici: gli operai, l&#8217;antifascismo&#8230; Licenziamenti facili, fine del contratto nazionale, privatizzazioni selvagge, basta col 25 Aprile&#8230; La crisi non c&#8217;entra un cazzo. E&#8217; sempre la spinta storica del neoliberismo, e al contempo \u00e8 recrudescenza e salto di qualit\u00e0. \u00c8 una fase diversa rispetto ad anni Novanta e\u00a0 anni Zero. I salti di livello dobbiamo saperli riconoscere e descrivere, il &#8220;capirai che novit\u00e0&#8221; alla lunga ottunde.<br \/>\nSia chiaro: il 25 Aprile si celebra anche l&#8217;anno prossimo, che Lorsignori lo vogliano o no. E pure il Primo Maggio. Si lotter\u00e0 contro i concreti smantellamenti di diritti e conquiste sociali, <em>\u00e7a va sans dire<\/em>, ma al contempo non sottovalutiamo l&#8217;offensiva sul piano simbolico, perch\u00e9 apre la via all&#8217;ancora-peggio.<!--more--><\/p>\n<p style=\"text-align: center;\">***<\/p>\n<p>L&#8217;intervista <a href=\"http:\/\/www.wumingfoundation.com\/giap\/?p=4956\">pre-annunciata qui<\/a> &#8211; a proposito di Twitter e Facebook &#8211; \u00e8 apparsa (con qualche piccolo taglio) sabato 13 agosto\u00a0 su <em>Repubblica<\/em>, per la precisione nell&#8217;inserto del sabato &#8220;R2 Cult&#8221;. Trovate la versione integrale <a href=\"http:\/\/loredanalipperini.blog.kataweb.it\/lipperatura\/2011\/08\/13\/facebook-e-twitter\/\">su <em>Lipperatura<\/em><\/a>.<\/p>\n<p style=\"text-align: center;\">***<script src=\"http:\/\/static.delicious.com\/js\/playtagger.js\" type=\"text\/javascript\"><\/script><\/p>\n<p style=\"text-align: justify;\">Abbiamo aggiunto <a href=\"http:\/\/feeds.feedburner.com\/WuMingAudiotheque\">al podcast<\/a> la puntata di &#8220;Radio 3 Scienza&#8221; andata in onda il 9 agosto scorso e dedicata alla questione TAV, con Wu Ming 2, <strong>Marco Ponti<\/strong> (docente di Economia dei trasporti) e <strong>Girolamo Dell&#8217;Olio<\/strong> dell&#8217;associazione &#8220;Idra&#8221;. Potete ascoltarla direttamente <a href=\"http:\/\/www.wumingfoundation.com\/suoni\/Radio3Scienza_WM2.mp3\">cliccando qui<\/a>. Dura poco pi\u00f9 di 26 minuti.<\/p>\n<p style=\"text-align: center;\">***<\/p>\n<p>Il 19 agosto, sulla rivista <a href=\"http:\/\/www.internazionale.it\/\"><em>Internazionale<\/em><\/a> ci sar\u00e0 un racconto di <strong>Stephen King<\/strong> tradotto da Wu Ming 1, intitolato <em>Herman Wouk \u00e8 ancora vivo<\/em>.<\/p>\n<p style=\"text-align: center;\">***<\/p>\n<p>Il 21 agosto, infine, <span style=\"text-decoration: underline;\">ultima<\/span> occasione di vederci dal vivo nel 2011: Wu Ming 2 presenta <em>Anatra all&#8217;arancia meccanica<\/em> alla <a href=\"http:\/\/www.ilmegafonoquotidiano.it\/news\/prima-festa-nazionale-della-nuova-rivista-letteraria\">Festa della <em>Nuova Rivista Letteraria<\/em><\/a>, Caldarola (MC). H. 18:30, foyer del Teatro comunale. L&#8217;ultimo &#8220;Quack!&#8221;, poi andremo in &#8220;clausura&#8221; per lavorare alacremente al nuovo romanzo.<\/p>\n","protected":false},"excerpt":{"rendered":"Nelle ore della manovra-massacro, alcune news e segnalazioni accumulatesi nei giorni scorsi. Sulla manovra, per ora ci limitiamo a riproporre gli scarni pensieri espressi tra ieri e oggi su Twitter. Il 2012 potrebbe essere il primo anno senza 25 Aprile e Primo Maggio. I Maya ci erano andati vicino. La crisi \u00e8 il pretesto perfetto. [&hellip;]","protected":false},"author":1,"featured_media":4990,"comment_status":"closed","ping_status":"open","sticky":false,"template":"","format":"standard","meta":{"footnotes":""},"categories":[6],"tags":[610,1055,1057,363,568,632,1056,959,387,477,38],"class_list":["post-4983","post","type-post","status-publish","format-standard","has-post-thumbnail","hentry","category-news-e-segnalazioni","tag-anatra-allarancia-meccanica","tag-caldarola","tag-girolamo-dellolio","tag-internazionale","tag-lipperatura","tag-macerata","tag-marco-ponti","tag-no-tav","tag-nuova-rivista-letteraria","tag-stephen-king","tag-tav"],"_links":{"self":[{"href":"https:\/\/www.wumingfoundation.com\/giap\/wp-json\/wp\/v2\/posts\/4983","targetHints":{"allow":["GET"]}}],"collection":[{"href":"https:\/\/www.wumingfoundation.com\/giap\/wp-json\/wp\/v2\/posts"}],"about":[{"href":"https:\/\/www.wumingfoundation.com\/giap\/wp-json\/wp\/v2\/types\/post"}],"author":[{"embeddable":true,"href":"https:\/\/www.wumingfoundation.com\/giap\/wp-json\/wp\/v2\/users\/1"}],"replies":[{"embeddable":true,"href":"https:\/\/www.wumingfoundation.com\/giap\/wp-json\/wp\/v2\/comments?post=4983"}],"version-history":[{"count":0,"href":"https:\/\/www.wumingfoundation.com\/giap\/wp-json\/wp\/v2\/posts\/4983\/revisions"}],"wp:featuredmedia":[{"embeddable":true,"href":"https:\/\/www.wumingfoundation.com\/giap\/wp-json\/wp\/v2\/media\/4990"}],"wp:attachment":[{"href":"https:\/\/www.wumingfoundation.com\/giap\/wp-json\/wp\/v2\/media?parent=4983"}],"wp:term":[{"taxonomy":"category","embeddable":true,"href":"https:\/\/www.wumingfoundation.com\/giap\/wp-json\/wp\/v2\/categories?post=4983"},{"taxonomy":"post_tag","embeddable":true,"href":"https:\/\/www.wumingfoundation.com\/giap\/wp-json\/wp\/v2\/tags?post=4983"}],"curies":[{"name":"wp","href":"https:\/\/api.w.org\/{rel}","templated":true}]}}