{"id":49421,"date":"2022-08-09T12:24:04","date_gmt":"2022-08-09T10:24:04","guid":{"rendered":"https:\/\/www.wumingfoundation.com\/giap\/?p=49421"},"modified":"2023-03-06T09:30:44","modified_gmt":"2023-03-06T08:30:44","slug":"morte-di-un-giallista-bolzanino-un-mystery-editoriale-in-una-provincia-estrema-e-incompresa","status":"publish","type":"post","link":"https:\/\/www.wumingfoundation.com\/giap\/2022\/08\/morte-di-un-giallista-bolzanino-un-mystery-editoriale-in-una-provincia-estrema-e-incompresa\/","title":{"rendered":"Morte di un giallista bolzanino: un mystery editoriale in una provincia estrema e incompresa"},"content":{"rendered":"<p><a href=\"https:\/\/www.raialtoadige.rai.it\/it\/MDUGB.php#\"><img loading=\"lazy\" decoding=\"async\" class=\"aligncenter wp-image-49422\" src=\"https:\/\/www.wumingfoundation.com\/giap\/wp-content\/uploads\/2022\/08\/MDUGB_01h.jpg\" alt=\"\" width=\"700\" height=\"355\" srcset=\"https:\/\/www.wumingfoundation.com\/giap\/wp-content\/uploads\/2022\/08\/MDUGB_01h.jpg 1100w, https:\/\/www.wumingfoundation.com\/giap\/wp-content\/uploads\/2022\/08\/MDUGB_01h-300x152.jpg 300w, https:\/\/www.wumingfoundation.com\/giap\/wp-content\/uploads\/2022\/08\/MDUGB_01h-1024x519.jpg 1024w, https:\/\/www.wumingfoundation.com\/giap\/wp-content\/uploads\/2022\/08\/MDUGB_01h-768x390.jpg 768w\" sizes=\"auto, (max-width: 700px) 100vw, 700px\" \/><\/a><\/p>\n<p>Sul sito della RAI dell&#8217;Alto Adige sono disponibili<span style=\"text-decoration: line-through;\">le prime due puntate<\/span> <a href=\"https:\/\/www.raialtoadige.rai.it\/it\/MDUGB.php#\"><strong>tutte le quattro puntate<\/strong><\/a> del podcast \u2013 per la precisione, un radiosceneggiato \u2013 <em>Morte di un giallista bolzanino<\/em>.<\/p>\n<p>[<strong>Aggiornamento 06\/03\/2023<\/strong>: da oggi <em>Morte di un giallista bolzanino<\/em> <a href=\"https:\/\/www.wumingfoundation.com\/giap\/2023\/03\/morte-di-un-giallista-bolzanino-su-raiplaysound\/#more-51522\">\u00e8 anche su RaiPlaySound<\/a>.]<\/p>\n<p>La storia raccontata \u00e8 quella dello scrittore <strong>Marco Felder<\/strong>, ed \u00e8 al tempo stesso un dietro-le-quinte e un ponte gettato tra i romanzi della coppia <strong>Andreetto-Pispisa<\/strong> <em>Tutta quella brava gente<\/em> e <em>La parola amore uccide*<\/em>, entrambi editi da Rizzoli, oltre a contenere riferimenti che saranno compresi appieno leggendo il nostro <em>UFO 78<\/em>, che uscir\u00e0 a ottobre per i tipi di Einaudi.<!--more--><\/p>\n<p>Il team che ha ideato, scritto e realizzato <em>Morte di un giallista bolzanino<\/em> coincide in parte con l&#8217;ensemble che, in quel di Bologna, avrebbe voluto fondare <a href=\"https:\/\/www.wumingfoundation.com\/giap\/2021\/12\/melologos-crowdfunding\/\">il laboratorio Melologos<\/a>, progetto accantonato per mancanza di fondi. [<strong>Aggiornamento 06\/03\/2023<\/strong>: alla buon&#8217;ora <a href=\"https:\/\/www.wumingfoundation.com\/giap\/2023\/01\/radio-piemonte-international-ufo-78\/\">Melologos \u00e8 nato<\/a>.]<\/p>\n<p>Tra le voci che sentirete in <em>Morte di un giallista bolzanino<\/em> c&#8217;\u00e8 anche quella di Wu Ming 1.<\/p>\n<p><a href=\"https:\/\/www.raialtoadige.rai.it\/it\/MDUGB.php#\">Buon ascolto \u2013 streaming + credits<\/a>.<\/p>\n<p><a href=\"https:\/\/www.raibz.rai.it\/streaming\/Netia_Export\/MDUGB.xml\">Buon ascolto \u2013 feed: streaming &amp; download.<\/a><\/p>\n<p><span style=\"font-size: small;\">* Sempre roba da ascoltare. Il ventennale del collettivo <strong>Kai Zen<\/strong>, la parola Bolzano uccide, lo sfascio qualunquista del \u00abnoir all\u2019italiana\u00bb, apologia di <strong>Fruttero &amp; Lucentini<\/strong>, che fine ha fatto <strong>Marco Felder<\/strong>, una guida all\u2019ascolto del folk apocalittico e tante altre cose nella conversazione tra un 50% di Kai Zen e un 66,666666% di <strong>Wu Ming<\/strong>.<\/span><\/p>\n<p><span style=\"font-size: small;\">La chiacchierata si \u00e8 svolta alla libreria Ubik di Bologna il 16 marzo scorso, in forma di presentazione de <em>La parola amore uccide<\/em>, romanzo di <strong>Jadel Andreetto<\/strong> e <strong>Guglielmo Pispisa<\/strong> appena edito da Rizzoli.<\/span><\/p>\n<p><span style=\"font-size: small;\">Registrazione, sound editing e perturbazioni by Bhutan Clan. Dura un\u2019ora e 24.<\/span><\/p>\n<p><span style=\"font-size: small;\"><a href=\"https:\/\/www.wumingfoundation.com\/suoni\/La_parola_amore_uccide_BO_16032022.mp3\">Buon ascolto<\/a><\/span><\/p>\n<p><span style=\"font-size: small;\">E per chi si trover\u00e0 in Sardegna nei prossimi giorni:<\/span><\/p>\n<p><span style=\"font-size: small;\">12 agosto<br \/>\n<strong>PUTIFIGARI (SS)<\/strong><br \/>\nPresentazione del romanzo di Jadel Andreetto e Guglielmo Pispisa<br \/>\n<em>La parola amore uccide<\/em> (Rizzoli, 2022)<br \/>\ncon Jadel Andreetto e Wu Ming 1.<br \/>\nh. 20, piazza Boyl.<br \/>\nNell\u2019ambito della rassegna \u00abDall\u2019altra parte del mare\u00bb<\/span><\/p>\n","protected":false},"excerpt":{"rendered":"Sul sito della RAI dell&#8217;Alto Adige sono disponibilile prime due puntate tutte le quattro puntate del podcast \u2013 per la precisione, un radiosceneggiato \u2013 Morte di un giallista bolzanino. [Aggiornamento 06\/03\/2023: da oggi Morte di un giallista bolzanino \u00e8 anche su RaiPlaySound.] La storia raccontata \u00e8 quella dello scrittore Marco Felder, ed \u00e8 al tempo [&hellip;]","protected":false},"author":1,"featured_media":49422,"comment_status":"open","ping_status":"open","sticky":false,"template":"","format":"standard","meta":{"footnotes":""},"categories":[6],"tags":[2364,1417,4631,2467,4630,4629,9],"class_list":["post-49421","post","type-post","status-publish","format-standard","has-post-thumbnail","hentry","category-news-e-segnalazioni","tag-alto-adige","tag-bolzano","tag-guglielmo-pispisa","tag-jadel-andreetto","tag-marco-felder","tag-morte-di-un-giallista-bolzanino","tag-podcast"],"_links":{"self":[{"href":"https:\/\/www.wumingfoundation.com\/giap\/wp-json\/wp\/v2\/posts\/49421","targetHints":{"allow":["GET"]}}],"collection":[{"href":"https:\/\/www.wumingfoundation.com\/giap\/wp-json\/wp\/v2\/posts"}],"about":[{"href":"https:\/\/www.wumingfoundation.com\/giap\/wp-json\/wp\/v2\/types\/post"}],"author":[{"embeddable":true,"href":"https:\/\/www.wumingfoundation.com\/giap\/wp-json\/wp\/v2\/users\/1"}],"replies":[{"embeddable":true,"href":"https:\/\/www.wumingfoundation.com\/giap\/wp-json\/wp\/v2\/comments?post=49421"}],"version-history":[{"count":6,"href":"https:\/\/www.wumingfoundation.com\/giap\/wp-json\/wp\/v2\/posts\/49421\/revisions"}],"predecessor-version":[{"id":51541,"href":"https:\/\/www.wumingfoundation.com\/giap\/wp-json\/wp\/v2\/posts\/49421\/revisions\/51541"}],"wp:featuredmedia":[{"embeddable":true,"href":"https:\/\/www.wumingfoundation.com\/giap\/wp-json\/wp\/v2\/media\/49422"}],"wp:attachment":[{"href":"https:\/\/www.wumingfoundation.com\/giap\/wp-json\/wp\/v2\/media?parent=49421"}],"wp:term":[{"taxonomy":"category","embeddable":true,"href":"https:\/\/www.wumingfoundation.com\/giap\/wp-json\/wp\/v2\/categories?post=49421"},{"taxonomy":"post_tag","embeddable":true,"href":"https:\/\/www.wumingfoundation.com\/giap\/wp-json\/wp\/v2\/tags?post=49421"}],"curies":[{"name":"wp","href":"https:\/\/api.w.org\/{rel}","templated":true}]}}