{"id":46844,"date":"2021-05-19T11:13:50","date_gmt":"2021-05-19T09:13:50","guid":{"rendered":"https:\/\/www.wumingfoundation.com\/giap\/?p=46844"},"modified":"2024-10-01T11:14:03","modified_gmt":"2024-10-01T09:14:03","slug":"leggete-nanni-balestrini","status":"publish","type":"post","link":"https:\/\/www.wumingfoundation.com\/giap\/2021\/05\/leggete-nanni-balestrini\/","title":{"rendered":"La Q di Podqast 7: \u00abLeggete Nanni Balestrini\u00bb (sono passati due anni spaccati)"},"content":{"rendered":"<div id=\"attachment_46858\" style=\"width: 360px\" class=\"wp-caption alignright\"><img loading=\"lazy\" decoding=\"async\" aria-describedby=\"caption-attachment-46858\" class=\"wp-image-46858\" src=\"https:\/\/www.wumingfoundation.com\/giap\/wp-content\/uploads\/2021\/05\/Nanni_Balestrini.png\" alt=\"Nanni Balestrini\" width=\"350\" height=\"243\" srcset=\"https:\/\/www.wumingfoundation.com\/giap\/wp-content\/uploads\/2021\/05\/Nanni_Balestrini.png 1000w, https:\/\/www.wumingfoundation.com\/giap\/wp-content\/uploads\/2021\/05\/Nanni_Balestrini-300x209.png 300w, https:\/\/www.wumingfoundation.com\/giap\/wp-content\/uploads\/2021\/05\/Nanni_Balestrini-768x534.png 768w\" sizes=\"auto, (max-width: 350px) 100vw, 350px\" \/><p id=\"caption-attachment-46858\" class=\"wp-caption-text\">Nanni Balestrini, 2 luglio 1935 &#8211; 19 maggio 2019. Voci di enciclopedie on line indicano come data della sua morte il 20 maggio. In realt\u00e0 l&#8217;annuncio di Derive Approdi \u2013 sua casa editrice \u00abd&#8217;elezione\u00bb \u2013 \u00e8 <a href=\"https:\/\/archive.is\/x9Y86\">del giorno prima<\/a>: \u00ab\u00c8 con tristezza e dolore che informiamo della scomparsa di Nanni Balestrini. Una scomparsa, non solo per noi, incolmabile.\u00bb<\/p><\/div>\n<p><a href=\"https:\/\/vimeo.com\/552299683?dnt=1\">La settima puntata<\/a> de <i>La Q di Podqast<\/i> prende il titolo da <a href=\"https:\/\/www.wumingfoundation.com\/giap\/wp-content\/uploads\/2021\/05\/scritta_Nanni.jpg\">una famosa scritta murale<\/a>: \u00abLeggete <strong>Nanni Balestrini<\/strong>\u00bb. \u00c8 infatti dedicata al grande poeta, scrittore, artista visivo e intellettuale rivoluzionario, nel secondo anniversario della sua morte *.<\/p>\n<p>Il &#8220;gancio&#8221; \u00e8 il lungo omaggio reso da Wu Ming 1 a Balestrini ne <i>La Q di Qomplotto<\/i>. Ci riferiamo, ovviamente, ai capitoli che chiudono la prima parte del libro: \u00abLa virulenza illustrata\u00bb e \u00abBurnout\u00bb.<\/p>\n<p>A dialogare con WM1 di questo \u2013 nonch\u00e9 di tecniche narrative, di ibridazioni letterarie, di autofiction e altro \u2013 \u00e8 lo scrittore triestino <b>Andrea Olivieri<\/b>, autore di uno degli \u00aboggetti narrativi non-identificati\u00bb pi\u00f9 interessanti degli ultimi anni: <i><a title=\"https:\/\/quintotipo.edizionialegre.it\/content\/una-cosa-oscura-senza-pregio\" href=\"https:\/\/quintotipo.edizionialegre.it\/content\/una-cosa-oscura-senza-pregio\" target=\"_blank\" rel=\"noreferrer nofollow noopener\">Una cosa oscura, senza pregio<\/a> <\/i>(Alegre, 2019).<\/p>\n<p>Quasi tutte le opere di Nanni Balestrini sono state riedite negli ultimi anni da Derive Approdi in <a href=\"https:\/\/www.deriveapprodi.com\/edizioni\/catalogo\/collane\/opere-di-nanni-balestrini\/\">una collana dedicata<\/a>. Un enorme lavoro di ricostruzione di una vita letteraria, di memoria pubblica della letteratura, di lotta culturale.<\/p>\n<p>Come sempre la puntata \u00e8 <a href=\"https:\/\/vimeo.com\/552299683?dnt=1\">su Vimeo<\/a>, sul canale YouTube delle Edizioni Alegre (che per le note ragioni di <em>degoogling<\/em> non linkiamo) e, solo audio, <a href=\"https:\/\/archive.org\/details\/la-q-di-podqast-7-olivieri\">su archive.org<\/a> e <a href=\"https:\/\/podcasts.apple.com\/it\/podcast\/la-q-di-podqast-settima-puntata-leggete-nanni-balestrini\/id1224038765?i=1000522310335\">su Apple Podcasts<\/a>.<!--more--><\/p>\n<p style=\"text-align: center;\"><iframe loading=\"lazy\" src=\"https:\/\/player.vimeo.com\/video\/552299683?dnt=1\" width=\"700\" height=\"393\" frameborder=\"0\" allowfullscreen=\"allowfullscreen\"><span style=\"display: inline-block; width: 0px; overflow: hidden; line-height: 0;\" data-mce-type=\"bookmark\" class=\"mce_SELRES_start\">\ufeff<\/span><\/iframe><\/p>\n<p>Ricordiamo che nelle puntate di quest&#8217;audioserie Wu Ming 1, autore di <em>La Q di Qomplotto. QAnon e dintorni: come le fantasie di complotto difendono il sistema<\/em> (Edizioni Alegre, 2021), sviluppa i temi del suo nuovo libro confrontandosi con interlocutori e interlocutrici, persone citate nel libro stesso e\/o la cui influenza e il cui aiuto sono stati importanti.<\/p>\n<p>Cogliamo l&#8217;occasione per segnalare nuove recensioni e commenti su <em>La Q di Qomplotto.<\/em><\/p>\n<p><strong>Benedetto P. Casu<\/strong> firma sul sito fiorentino <em>Il Becco<\/em> una lunga recensione intitolata <a href=\"https:\/\/www.ilbecco.it\/datemi-una-q-datemi-una-o-qomplotto\/\">\u00abDatemi una Q&#8230; Datemi una O&#8230; Qomplotto!\u00bb<\/a><\/p>\n<p><strong>Marco Maras\u00e0<\/strong> firma sul sito <em>Libero Pensiero<\/em> una recensione intitolata <a href=\"https:\/\/www.liberopensiero.eu\/10\/05\/2021\/cultura\/q-di-qomplotto-operazione-reincanto-non-difendere-il-sistema-cabal\/\">\u00abQ di Qomplotto, operazione reincanto: non difendere il sistema\u00bb<\/a>.<\/p>\n<p>A volte le immagini pi\u00f9 azzeccate, i pensieri pi\u00f9 interessanti su un libro si trovano sui siti delle librerie on line, tra i commenti lasciati da lettrici e lettori. Ci \u00e8 molto piaciuto quello firmato \u00ab<strong>Erik<\/strong>\u00bb <a href=\"https:\/\/www.ibs.it\/q-di-qomplotto-qanon-dintorni-libro-wu-ming-1\/e\/9788832067415\">apparso su IBS<\/a>. L&#8217;allegoria del cantiere \u00e8 perfetta. Di fronte al cospirazionismo la tentazione \u00e8 di fare gli <em>umarell<\/em>, ma quei <em>lavori in corso<\/em> non li vediamo da fuori, ci siamo dentro. Siamo anche noi strisce incollate nel collage.<\/p>\n<div id=\"attachment_46846\" style=\"width: 710px\" class=\"wp-caption aligncenter\"><a href=\"https:\/\/www.wumingfoundation.com\/giap\/wp-content\/uploads\/2021\/05\/Nanni-Balestrini-Complotto-1965-Coll.-Genova-scaled.jpg\"><img loading=\"lazy\" decoding=\"async\" aria-describedby=\"caption-attachment-46846\" class=\"wp-image-46846\" src=\"https:\/\/www.wumingfoundation.com\/giap\/wp-content\/uploads\/2021\/05\/Nanni-Balestrini-Complotto-1965-Coll.-Genova-scaled.jpg\" alt=\"\" width=\"700\" height=\"527\" srcset=\"https:\/\/www.wumingfoundation.com\/giap\/wp-content\/uploads\/2021\/05\/Nanni-Balestrini-Complotto-1965-Coll.-Genova-scaled.jpg 2560w, https:\/\/www.wumingfoundation.com\/giap\/wp-content\/uploads\/2021\/05\/Nanni-Balestrini-Complotto-1965-Coll.-Genova-300x226.jpg 300w, https:\/\/www.wumingfoundation.com\/giap\/wp-content\/uploads\/2021\/05\/Nanni-Balestrini-Complotto-1965-Coll.-Genova-1024x771.jpg 1024w, https:\/\/www.wumingfoundation.com\/giap\/wp-content\/uploads\/2021\/05\/Nanni-Balestrini-Complotto-1965-Coll.-Genova-768x579.jpg 768w\" sizes=\"auto, (max-width: 700px) 100vw, 700px\" \/><\/a><p id=\"caption-attachment-46846\" class=\"wp-caption-text\">Nanni Balestrini, \u00abComplotto\u00bb, 1965<\/p><\/div>\n<p>Il calendario delle presentazioni maggio-giugno de <em>La Q di Qomplotto<\/em> <a href=\"https:\/\/www.wumingfoundation.com\/giap\/2021\/05\/la-q-di-podqast-6-calendario\/\">\u00e8 qui<\/a>.<\/p>\n<p>Per ora \u00e8 tutto. Buoni ascolti e buone letture. Da qui al prossimo speciale, aggiornamenti sul nostro canale Telegram, <a href=\"https:\/\/t.me\/wumingfoundation\">qui<\/a>.<\/p>\n<p><em>La Q di Qomplotto<\/em> \u00e8 in libreria ed \u00e8 anche ordinabile <a href=\"https:\/\/edizionialegre.it\/product\/la-q-di-qomplotto\/\">dal sito delle Edizioni Alegre<\/a>.<\/p>\n<p><span style=\"font-size: small;\">* Lo sappiamo, qualcuno si attendeva un nostro scritto o podcast su un&#8217;<em>altra<\/em> morte, quella di <strong>Franco Battiato<\/strong>. Ma abbiamo i nostri tempi. Non subiamo (pi\u00f9) la compulsione &#8220;social&#8221;, la coazione a dire la nostra a botta calda su quel che accade. Tempo al tempo. Battiato lo abbiamo evocato tante volte nel corso degli anni, \u00e8 citato anche ne LQdQ e compare nel romanzo collettivo che andiamo scrivendo da anni, <em>La grande ondata del &#8217;78<\/em>. Nella seconda met\u00e0 del 2020, prima che le chiusure si riabbattessero sugli eventi culturali come mazze da fabbro, Wu Ming 1 e il trio <strong>Frastupac!<\/strong> hanno proposto due volte dal vivo un reading\/concerto intitolato <a href=\"https:\/\/yewtu.be\/watch?v=KO7i5LAkkHA&amp;autoplay=0&amp;continue=0&amp;dark_mode=true&amp;listen=0&amp;local=1&amp;loop=0&amp;nojs=0&amp;player_style=youtube&amp;quality=dash&amp;thin_mode=false\"><em>La rivoluzione di Franco Battiato, 1972-1982<\/em><\/a>. Insomma, di cose da dire ne abbiamo. Una riflessione sul &#8220;nostro&#8221; Battiato arriver\u00e0.<\/span><\/p>\n","protected":false},"excerpt":{"rendered":"La settima puntata de La Q di Podqast prende il titolo da una famosa scritta murale: \u00abLeggete Nanni Balestrini\u00bb. \u00c8 infatti dedicata al grande poeta, scrittore, artista visivo e intellettuale rivoluzionario, nel secondo anniversario della sua morte *. Il &#8220;gancio&#8221; \u00e8 il lungo omaggio reso da Wu Ming 1 a Balestrini ne La Q di [&hellip;]","protected":false},"author":1,"featured_media":46858,"comment_status":"open","ping_status":"open","sticky":false,"template":"","format":"standard","meta":{"footnotes":""},"categories":[4436,4],"tags":[1880,4458,4316,685],"class_list":["post-46844","post","type-post","status-publish","format-standard","has-post-thumbnail","hentry","category-la-q-di-qomplotto","category-recensioni","tag-andrea-olivieri","tag-la-q-di-podqast","tag-la-q-di-qomplotto","tag-nanni-balestrini"],"yoast_head":"<!-- This site is optimized with the Yoast SEO plugin v27.5 - https:\/\/yoast.com\/product\/yoast-seo-wordpress\/ -->\n<title>La Q di Podqast 7: \u00abLeggete Nanni Balestrini\u00bb (sono passati due anni spaccati) - Giap<\/title>\n<meta name=\"description\" content=\"Si parte dal lungo omaggio reso da WM1 a Nanni Balestrini nei due capitoli che chiudono la prima parte de La Q di Qomplotto.\" \/>\n<meta name=\"robots\" content=\"index, follow, max-snippet:-1, max-image-preview:large, max-video-preview:-1\" \/>\n<link rel=\"canonical\" href=\"https:\/\/www.wumingfoundation.com\/giap\/2021\/05\/leggete-nanni-balestrini\/\" \/>\n<meta property=\"og:locale\" content=\"it_IT\" \/>\n<meta property=\"og:type\" content=\"article\" \/>\n<meta property=\"og:title\" content=\"La Q di Podqast 7: \u00abLeggete Nanni Balestrini\u00bb (sono passati due anni spaccati) - Giap\" \/>\n<meta property=\"og:description\" content=\"Si parte dal lungo omaggio reso da WM1 a Nanni Balestrini nei due capitoli che chiudono la prima parte de La Q di Qomplotto.\" \/>\n<meta property=\"og:url\" content=\"https:\/\/www.wumingfoundation.com\/giap\/2021\/05\/leggete-nanni-balestrini\/\" \/>\n<meta property=\"og:site_name\" content=\"Giap\" \/>\n<meta property=\"article:published_time\" content=\"2021-05-19T09:13:50+00:00\" \/>\n<meta property=\"article:modified_time\" content=\"2024-10-01T09:14:03+00:00\" \/>\n<meta property=\"og:image\" content=\"https:\/\/www.wumingfoundation.com\/giap\/wp-content\/uploads\/2021\/05\/Nanni_Balestrini.png\" \/>\n\t<meta property=\"og:image:width\" content=\"1000\" \/>\n\t<meta property=\"og:image:height\" content=\"695\" \/>\n\t<meta property=\"og:image:type\" content=\"image\/png\" \/>\n<meta name=\"author\" content=\"Wu Ming\" \/>\n<meta name=\"twitter:card\" content=\"summary_large_image\" \/>\n<meta name=\"twitter:creator\" content=\"@Wu_Ming_Foundt\" \/>\n<meta name=\"twitter:site\" content=\"@Wu_Ming_Foundt\" \/>\n<meta name=\"twitter:label1\" content=\"Scritto da\" \/>\n\t<meta name=\"twitter:data1\" content=\"Wu Ming\" \/>\n\t<meta name=\"twitter:label2\" content=\"Tempo di lettura stimato\" \/>\n\t<meta name=\"twitter:data2\" content=\"4 minuti\" \/>\n<script type=\"application\/ld+json\" class=\"yoast-schema-graph\">{\"@context\":\"https:\\\/\\\/schema.org\",\"@graph\":[{\"@type\":\"Article\",\"@id\":\"https:\\\/\\\/www.wumingfoundation.com\\\/giap\\\/2021\\\/05\\\/leggete-nanni-balestrini\\\/#article\",\"isPartOf\":{\"@id\":\"https:\\\/\\\/www.wumingfoundation.com\\\/giap\\\/2021\\\/05\\\/leggete-nanni-balestrini\\\/\"},\"author\":{\"name\":\"Wu Ming\",\"@id\":\"https:\\\/\\\/www.wumingfoundation.com\\\/giap\\\/#\\\/schema\\\/person\\\/881b1c925aaf48fe6eb5c3970be4458f\"},\"headline\":\"La Q di Podqast 7: \u00abLeggete Nanni Balestrini\u00bb (sono passati due anni spaccati)\",\"datePublished\":\"2021-05-19T09:13:50+00:00\",\"dateModified\":\"2024-10-01T09:14:03+00:00\",\"mainEntityOfPage\":{\"@id\":\"https:\\\/\\\/www.wumingfoundation.com\\\/giap\\\/2021\\\/05\\\/leggete-nanni-balestrini\\\/\"},\"wordCount\":609,\"commentCount\":4,\"image\":{\"@id\":\"https:\\\/\\\/www.wumingfoundation.com\\\/giap\\\/2021\\\/05\\\/leggete-nanni-balestrini\\\/#primaryimage\"},\"thumbnailUrl\":\"https:\\\/\\\/www.wumingfoundation.com\\\/giap\\\/wp-content\\\/uploads\\\/2021\\\/05\\\/Nanni_Balestrini.png\",\"keywords\":[\"Andrea Olivieri\",\"La Q di Podqast\",\"La Q di Qomplotto\",\"Nanni Balestrini\"],\"articleSection\":[\"La Q di Qomplotto\",\"Libri\"],\"inLanguage\":\"it-IT\",\"potentialAction\":[{\"@type\":\"CommentAction\",\"name\":\"Comment\",\"target\":[\"https:\\\/\\\/www.wumingfoundation.com\\\/giap\\\/2021\\\/05\\\/leggete-nanni-balestrini\\\/#respond\"]}]},{\"@type\":\"WebPage\",\"@id\":\"https:\\\/\\\/www.wumingfoundation.com\\\/giap\\\/2021\\\/05\\\/leggete-nanni-balestrini\\\/\",\"url\":\"https:\\\/\\\/www.wumingfoundation.com\\\/giap\\\/2021\\\/05\\\/leggete-nanni-balestrini\\\/\",\"name\":\"La Q di Podqast 7: \u00abLeggete Nanni Balestrini\u00bb (sono passati due anni spaccati) - Giap\",\"isPartOf\":{\"@id\":\"https:\\\/\\\/www.wumingfoundation.com\\\/giap\\\/#website\"},\"primaryImageOfPage\":{\"@id\":\"https:\\\/\\\/www.wumingfoundation.com\\\/giap\\\/2021\\\/05\\\/leggete-nanni-balestrini\\\/#primaryimage\"},\"image\":{\"@id\":\"https:\\\/\\\/www.wumingfoundation.com\\\/giap\\\/2021\\\/05\\\/leggete-nanni-balestrini\\\/#primaryimage\"},\"thumbnailUrl\":\"https:\\\/\\\/www.wumingfoundation.com\\\/giap\\\/wp-content\\\/uploads\\\/2021\\\/05\\\/Nanni_Balestrini.png\",\"datePublished\":\"2021-05-19T09:13:50+00:00\",\"dateModified\":\"2024-10-01T09:14:03+00:00\",\"author\":{\"@id\":\"https:\\\/\\\/www.wumingfoundation.com\\\/giap\\\/#\\\/schema\\\/person\\\/881b1c925aaf48fe6eb5c3970be4458f\"},\"description\":\"Si parte dal lungo omaggio reso da WM1 a Nanni Balestrini nei due capitoli che chiudono la prima parte de La Q di Qomplotto.\",\"breadcrumb\":{\"@id\":\"https:\\\/\\\/www.wumingfoundation.com\\\/giap\\\/2021\\\/05\\\/leggete-nanni-balestrini\\\/#breadcrumb\"},\"inLanguage\":\"it-IT\",\"potentialAction\":[{\"@type\":\"ReadAction\",\"target\":[\"https:\\\/\\\/www.wumingfoundation.com\\\/giap\\\/2021\\\/05\\\/leggete-nanni-balestrini\\\/\"]}]},{\"@type\":\"ImageObject\",\"inLanguage\":\"it-IT\",\"@id\":\"https:\\\/\\\/www.wumingfoundation.com\\\/giap\\\/2021\\\/05\\\/leggete-nanni-balestrini\\\/#primaryimage\",\"url\":\"https:\\\/\\\/www.wumingfoundation.com\\\/giap\\\/wp-content\\\/uploads\\\/2021\\\/05\\\/Nanni_Balestrini.png\",\"contentUrl\":\"https:\\\/\\\/www.wumingfoundation.com\\\/giap\\\/wp-content\\\/uploads\\\/2021\\\/05\\\/Nanni_Balestrini.png\",\"width\":1000,\"height\":695,\"caption\":\"Nanni Balestrini\"},{\"@type\":\"BreadcrumbList\",\"@id\":\"https:\\\/\\\/www.wumingfoundation.com\\\/giap\\\/2021\\\/05\\\/leggete-nanni-balestrini\\\/#breadcrumb\",\"itemListElement\":[{\"@type\":\"ListItem\",\"position\":1,\"name\":\"Home\",\"item\":\"https:\\\/\\\/www.wumingfoundation.com\\\/giap\\\/\"},{\"@type\":\"ListItem\",\"position\":2,\"name\":\"La Q di Podqast 7: \u00abLeggete Nanni Balestrini\u00bb (sono passati due anni spaccati)\"}]},{\"@type\":\"WebSite\",\"@id\":\"https:\\\/\\\/www.wumingfoundation.com\\\/giap\\\/#website\",\"url\":\"https:\\\/\\\/www.wumingfoundation.com\\\/giap\\\/\",\"name\":\"Giap\",\"description\":\"Il sito ufficiale di Wu Ming, collettivo di scrittori\",\"potentialAction\":[{\"@type\":\"SearchAction\",\"target\":{\"@type\":\"EntryPoint\",\"urlTemplate\":\"https:\\\/\\\/www.wumingfoundation.com\\\/giap\\\/?s={search_term_string}\"},\"query-input\":{\"@type\":\"PropertyValueSpecification\",\"valueRequired\":true,\"valueName\":\"search_term_string\"}}],\"inLanguage\":\"it-IT\"},{\"@type\":\"Person\",\"@id\":\"https:\\\/\\\/www.wumingfoundation.com\\\/giap\\\/#\\\/schema\\\/person\\\/881b1c925aaf48fe6eb5c3970be4458f\",\"name\":\"Wu Ming\",\"image\":{\"@type\":\"ImageObject\",\"inLanguage\":\"it-IT\",\"@id\":\"https:\\\/\\\/secure.gravatar.com\\\/avatar\\\/1f49001124f0d5b3aeb1d387dbd89e7b48de4c5c15539460ec1c154566c1723c?s=96&d=blank&r=g\",\"url\":\"https:\\\/\\\/secure.gravatar.com\\\/avatar\\\/1f49001124f0d5b3aeb1d387dbd89e7b48de4c5c15539460ec1c154566c1723c?s=96&d=blank&r=g\",\"contentUrl\":\"https:\\\/\\\/secure.gravatar.com\\\/avatar\\\/1f49001124f0d5b3aeb1d387dbd89e7b48de4c5c15539460ec1c154566c1723c?s=96&d=blank&r=g\",\"caption\":\"Wu Ming\"}}]}<\/script>\n<!-- \/ Yoast SEO plugin. -->","yoast_head_json":{"title":"La Q di Podqast 7: \u00abLeggete Nanni Balestrini\u00bb (sono passati due anni spaccati) - Giap","description":"Si parte dal lungo omaggio reso da WM1 a Nanni Balestrini nei due capitoli che chiudono la prima parte de La Q di Qomplotto.","robots":{"index":"index","follow":"follow","max-snippet":"max-snippet:-1","max-image-preview":"max-image-preview:large","max-video-preview":"max-video-preview:-1"},"canonical":"https:\/\/www.wumingfoundation.com\/giap\/2021\/05\/leggete-nanni-balestrini\/","og_locale":"it_IT","og_type":"article","og_title":"La Q di Podqast 7: \u00abLeggete Nanni Balestrini\u00bb (sono passati due anni spaccati) - Giap","og_description":"Si parte dal lungo omaggio reso da WM1 a Nanni Balestrini nei due capitoli che chiudono la prima parte de La Q di Qomplotto.","og_url":"https:\/\/www.wumingfoundation.com\/giap\/2021\/05\/leggete-nanni-balestrini\/","og_site_name":"Giap","article_published_time":"2021-05-19T09:13:50+00:00","article_modified_time":"2024-10-01T09:14:03+00:00","og_image":[{"width":1000,"height":695,"url":"https:\/\/www.wumingfoundation.com\/giap\/wp-content\/uploads\/2021\/05\/Nanni_Balestrini.png","type":"image\/png"}],"author":"Wu Ming","twitter_card":"summary_large_image","twitter_creator":"@Wu_Ming_Foundt","twitter_site":"@Wu_Ming_Foundt","twitter_misc":{"Scritto da":"Wu Ming","Tempo di lettura stimato":"4 minuti"},"schema":{"@context":"https:\/\/schema.org","@graph":[{"@type":"Article","@id":"https:\/\/www.wumingfoundation.com\/giap\/2021\/05\/leggete-nanni-balestrini\/#article","isPartOf":{"@id":"https:\/\/www.wumingfoundation.com\/giap\/2021\/05\/leggete-nanni-balestrini\/"},"author":{"name":"Wu Ming","@id":"https:\/\/www.wumingfoundation.com\/giap\/#\/schema\/person\/881b1c925aaf48fe6eb5c3970be4458f"},"headline":"La Q di Podqast 7: \u00abLeggete Nanni Balestrini\u00bb (sono passati due anni spaccati)","datePublished":"2021-05-19T09:13:50+00:00","dateModified":"2024-10-01T09:14:03+00:00","mainEntityOfPage":{"@id":"https:\/\/www.wumingfoundation.com\/giap\/2021\/05\/leggete-nanni-balestrini\/"},"wordCount":609,"commentCount":4,"image":{"@id":"https:\/\/www.wumingfoundation.com\/giap\/2021\/05\/leggete-nanni-balestrini\/#primaryimage"},"thumbnailUrl":"https:\/\/www.wumingfoundation.com\/giap\/wp-content\/uploads\/2021\/05\/Nanni_Balestrini.png","keywords":["Andrea Olivieri","La Q di Podqast","La Q di Qomplotto","Nanni Balestrini"],"articleSection":["La Q di Qomplotto","Libri"],"inLanguage":"it-IT","potentialAction":[{"@type":"CommentAction","name":"Comment","target":["https:\/\/www.wumingfoundation.com\/giap\/2021\/05\/leggete-nanni-balestrini\/#respond"]}]},{"@type":"WebPage","@id":"https:\/\/www.wumingfoundation.com\/giap\/2021\/05\/leggete-nanni-balestrini\/","url":"https:\/\/www.wumingfoundation.com\/giap\/2021\/05\/leggete-nanni-balestrini\/","name":"La Q di Podqast 7: \u00abLeggete Nanni Balestrini\u00bb (sono passati due anni spaccati) - Giap","isPartOf":{"@id":"https:\/\/www.wumingfoundation.com\/giap\/#website"},"primaryImageOfPage":{"@id":"https:\/\/www.wumingfoundation.com\/giap\/2021\/05\/leggete-nanni-balestrini\/#primaryimage"},"image":{"@id":"https:\/\/www.wumingfoundation.com\/giap\/2021\/05\/leggete-nanni-balestrini\/#primaryimage"},"thumbnailUrl":"https:\/\/www.wumingfoundation.com\/giap\/wp-content\/uploads\/2021\/05\/Nanni_Balestrini.png","datePublished":"2021-05-19T09:13:50+00:00","dateModified":"2024-10-01T09:14:03+00:00","author":{"@id":"https:\/\/www.wumingfoundation.com\/giap\/#\/schema\/person\/881b1c925aaf48fe6eb5c3970be4458f"},"description":"Si parte dal lungo omaggio reso da WM1 a Nanni Balestrini nei due capitoli che chiudono la prima parte de La Q di Qomplotto.","breadcrumb":{"@id":"https:\/\/www.wumingfoundation.com\/giap\/2021\/05\/leggete-nanni-balestrini\/#breadcrumb"},"inLanguage":"it-IT","potentialAction":[{"@type":"ReadAction","target":["https:\/\/www.wumingfoundation.com\/giap\/2021\/05\/leggete-nanni-balestrini\/"]}]},{"@type":"ImageObject","inLanguage":"it-IT","@id":"https:\/\/www.wumingfoundation.com\/giap\/2021\/05\/leggete-nanni-balestrini\/#primaryimage","url":"https:\/\/www.wumingfoundation.com\/giap\/wp-content\/uploads\/2021\/05\/Nanni_Balestrini.png","contentUrl":"https:\/\/www.wumingfoundation.com\/giap\/wp-content\/uploads\/2021\/05\/Nanni_Balestrini.png","width":1000,"height":695,"caption":"Nanni Balestrini"},{"@type":"BreadcrumbList","@id":"https:\/\/www.wumingfoundation.com\/giap\/2021\/05\/leggete-nanni-balestrini\/#breadcrumb","itemListElement":[{"@type":"ListItem","position":1,"name":"Home","item":"https:\/\/www.wumingfoundation.com\/giap\/"},{"@type":"ListItem","position":2,"name":"La Q di Podqast 7: \u00abLeggete Nanni Balestrini\u00bb (sono passati due anni spaccati)"}]},{"@type":"WebSite","@id":"https:\/\/www.wumingfoundation.com\/giap\/#website","url":"https:\/\/www.wumingfoundation.com\/giap\/","name":"Giap","description":"Il sito ufficiale di Wu Ming, collettivo di scrittori","potentialAction":[{"@type":"SearchAction","target":{"@type":"EntryPoint","urlTemplate":"https:\/\/www.wumingfoundation.com\/giap\/?s={search_term_string}"},"query-input":{"@type":"PropertyValueSpecification","valueRequired":true,"valueName":"search_term_string"}}],"inLanguage":"it-IT"},{"@type":"Person","@id":"https:\/\/www.wumingfoundation.com\/giap\/#\/schema\/person\/881b1c925aaf48fe6eb5c3970be4458f","name":"Wu Ming","image":{"@type":"ImageObject","inLanguage":"it-IT","@id":"https:\/\/secure.gravatar.com\/avatar\/1f49001124f0d5b3aeb1d387dbd89e7b48de4c5c15539460ec1c154566c1723c?s=96&d=blank&r=g","url":"https:\/\/secure.gravatar.com\/avatar\/1f49001124f0d5b3aeb1d387dbd89e7b48de4c5c15539460ec1c154566c1723c?s=96&d=blank&r=g","contentUrl":"https:\/\/secure.gravatar.com\/avatar\/1f49001124f0d5b3aeb1d387dbd89e7b48de4c5c15539460ec1c154566c1723c?s=96&d=blank&r=g","caption":"Wu Ming"}}]}},"_links":{"self":[{"href":"https:\/\/www.wumingfoundation.com\/giap\/wp-json\/wp\/v2\/posts\/46844","targetHints":{"allow":["GET"]}}],"collection":[{"href":"https:\/\/www.wumingfoundation.com\/giap\/wp-json\/wp\/v2\/posts"}],"about":[{"href":"https:\/\/www.wumingfoundation.com\/giap\/wp-json\/wp\/v2\/types\/post"}],"author":[{"embeddable":true,"href":"https:\/\/www.wumingfoundation.com\/giap\/wp-json\/wp\/v2\/users\/1"}],"replies":[{"embeddable":true,"href":"https:\/\/www.wumingfoundation.com\/giap\/wp-json\/wp\/v2\/comments?post=46844"}],"version-history":[{"count":1,"href":"https:\/\/www.wumingfoundation.com\/giap\/wp-json\/wp\/v2\/posts\/46844\/revisions"}],"predecessor-version":[{"id":55759,"href":"https:\/\/www.wumingfoundation.com\/giap\/wp-json\/wp\/v2\/posts\/46844\/revisions\/55759"}],"wp:featuredmedia":[{"embeddable":true,"href":"https:\/\/www.wumingfoundation.com\/giap\/wp-json\/wp\/v2\/media\/46858"}],"wp:attachment":[{"href":"https:\/\/www.wumingfoundation.com\/giap\/wp-json\/wp\/v2\/media?parent=46844"}],"wp:term":[{"taxonomy":"category","embeddable":true,"href":"https:\/\/www.wumingfoundation.com\/giap\/wp-json\/wp\/v2\/categories?post=46844"},{"taxonomy":"post_tag","embeddable":true,"href":"https:\/\/www.wumingfoundation.com\/giap\/wp-json\/wp\/v2\/tags?post=46844"}],"curies":[{"name":"wp","href":"https:\/\/api.w.org\/{rel}","templated":true}]}}