{"id":4668,"date":"2011-07-11T00:01:17","date_gmt":"2011-07-10T22:01:17","guid":{"rendered":"http:\/\/www.wumingfoundation.com\/giap\/?p=4668"},"modified":"2013-12-03T09:41:02","modified_gmt":"2013-12-03T08:41:02","slug":"di-chi-sono-i-beni-comuni-scarica-%c2%abil-sentiero-degli-dei%c2%bb-notav","status":"publish","type":"post","link":"https:\/\/www.wumingfoundation.com\/giap\/2011\/07\/di-chi-sono-i-beni-comuni-scarica-%c2%abil-sentiero-degli-dei%c2%bb-notav\/","title":{"rendered":"Di chi sono i beni comuni? + Da oggi scaricabile \u00abIl sentiero degli dei\u00bb #notav"},"content":{"rendered":"<p style=\"text-align: center;\"><img loading=\"lazy\" decoding=\"async\" class=\"aligncenter size-full wp-image-4669\" title=\"Sasso di Castro\" alt=\"\" src=\"http:\/\/www.wumingfoundation.com\/giap\/wp-content\/uploads\/2011\/07\/Sasso-di-Castro.jpg\" width=\"500\" height=\"375\" \/><\/p>\n<p>Il 27 giugno scorso, mentre dalle parti di Chiomonte, in Val di Susa, l&#8217;odore dei lacrimogeni era ancora pungente, centinaia di chilometri pi\u00f9 a sud, in un&#8217;aula di tribunale, la corte d&#8217;appello di Firenze mandava assolti i dirigenti del consorzio Cavet, condannati in primo grado per l&#8217;inquinamento e lo smaltimento illecito di rifiuti, durante lo scavo delle gallerie per l&#8217;Alta Velocit\u00e0 nella zona del Mugello. Di fronte a un tempismo cos\u00ec perfetto, bisogna ammettere che sarebbe stato quantomeno schizofrenico imporre un&#8217;opera con il manganello e nello stesso tempo condannarla con il codice penale. <!--more-->Del resto anche la prima sentenza, quella sfavorevole a Cavet (quindi Impregilo, quindi Fiat), era stata piuttosto morbida con gli imputati: l&#8217;impatto su fiumi e sorgenti? Un semplice errore, nulla di penale. Il furto d&#8217;acqua? Decider\u00e0 la Corte Costituzionale, perch\u00e9 non \u00e8 ben chiaro se il prendersi a sbafo l&#8217;acqua di un fiume sia davvero un furto. Infatti, come disse nella sua requisitoria il PM <strong>Gianni Tei<\/strong>:<\/p>\n<blockquote><p>\u00ab<em>Di chi \u00e8 l&#8217;acqua? Di tutti? Di nessuno? [&#8230;] Gli imputati [&#8230;] devono aver pensato che l&#8217;acqua fosse loro. E se non loro, allora che l&#8217;acqua non fosse di nessuno, secondo il principio abbastanza in uso nel nostro paese per il quale i beni pubblici non sono considerati beni di tutti, ma di nessuno per l&#8217;appunto, e quindi alla fine sono di chi se li prende.<\/em>\u00bb<\/p><\/blockquote>\n<p style=\"text-align: justify;\"><a href=\"http:\/\/www.wumingfoundation.com\/italiano\/WM2_Il_sentiero_degli_dei.pdf\"><img loading=\"lazy\" decoding=\"async\" class=\"alignleft size-full wp-image-4749\" style=\"margin-left: 3px; margin-right: 3px;\" title=\"Scarica IL SENTIERO DEGLI DEI\" alt=\"\" src=\"http:\/\/www.wumingfoundation.com\/giap\/wp-content\/uploads\/2011\/07\/pdf_icon.jpg\" width=\"36\" height=\"36\" \/><\/a>Visto il tempismo di giudici e reparti anti-sommossa, noialtri, per non essere da meno, abbiamo pensato che fosse ora di <strong><a href=\"http:\/\/www.wumingfoundation.com\/italiano\/WM2_Il_sentiero_degli_dei.pdf\">mettere in download il PDF de <em>Il sentiero degli dei<\/em><\/a><\/strong>, oggetto narrativo di WM2, uscito pi\u00f9 di un anno fa, e dedicato, tra le altre cose, anche all&#8217;Alta Velocit\u00e0. Siamo convinti, infatti, che i beni comuni siano beni di tutti, e che le storie siano un bene comune (<strong><span style=\"color: #ff0000;\">*<\/span><\/strong>).<br \/>\n[Chi \u00e8 bravo a convertire e impaginare in ePub, Mobi e altri formati per e-reader, si sbizzarrisca e ci spedisca il risultato. Metteremo on line pure quello.]<\/p>\n<p>Cogliamo l&#8217;occasione per integrare la nostra <em>operazione glasnost<\/em> con i dati di vendita relativi alle pubblicazioni extra-einaudiane.<\/p>\n<p><strong><em>Il sentiero degli dei <\/em><\/strong>\u00e8 uscito per Ediciclo ad aprile del 2010 e al 31.12 dello stesso anno aveva venduto <strong>4354 copie<\/strong> su 6000 di tiratura iniziale.<\/p>\n<p><strong><em>Basta uno sparo<\/em><\/strong> (libretto + CD audio del reading di WM2 &#8220;Razza Partigiana&#8221;) \u00e8 uscito per Transeuropa a settembre del 2010 e al 31.12 dello stesso anno aveva venduto <strong>310 copie<\/strong> su 886 di tiratura iniziale<br \/>\n<script type=\"text\/javascript\" src=\"http:\/\/www.wumingfoundation.com\/suoni\/playtagger_mod\/playtagger_mod.js\"><\/script><strong><em>Pontiac <\/em><\/strong>(libretto illustrato + CD audio dell&#8217;omonimo reading di WM2) \u00e8 uscito per Vincent Books nel novembre del 2010. L&#8217;unico dato che abbiamo in proposito \u00e8 che la prima tiratura, di <strong>1500 copie<\/strong>, \u00e8 ormai esaurita al magazzino.<\/p>\n<p style=\"text-align: center;\">***<\/p>\n<p style=\"text-align: left;\"><strong>ORBITE INTORNO AL LIBRO<br \/>\n<\/strong><\/p>\n<p style=\"text-align: left;\"><strong><a href=\"http:\/\/www.lunanuova.info\/storie\/2010\/wu-ming-2-e-il-tav\/\" target=\"_blank\"><em>Luna Nuova <\/em>racconta la presentazione de <em>Il sentiero degli dei<\/em> al presidio No Tav di Sant&#8217;Antonino, il 30 giugno 2010<\/a><\/strong><a name=\"cargo\"><\/a><\/p>\n<p style=\"text-align: left;\"><strong><a href=\"http:\/\/www.wumingfoundation.com\/suoni\/WM2_Sentiero_Letteraltura_Verbania24062011.mp3\">WM2 &#8211; Sul culto del Cargo in Italia. Come \u00e8 stato devastato il territorio tra Bologna e Firenze<\/a><br \/>\nWM2 &#8211; Sul culto del Cargo in Italia. Come \u00e8 stato devastato il territorio tra Bologna e Firenze<br \/>\n<\/strong><img loading=\"lazy\" decoding=\"async\" class=\"alignright size-full wp-image-4737\" style=\"margin: 1px 3px;\" title=\"Cargo cult the Italian way\" alt=\"\" src=\"http:\/\/www.wumingfoundation.com\/giap\/wp-content\/uploads\/2011\/07\/cargo_cult_the_Italian_way.jpg\" width=\"150\" height=\"150\" \/>Audio dell&#8217;intervento di WM2 al Festival LetterAltura di Verbania, 24 giugno 2011. L&#8217;ambiente, il camminare, l&#8217;Appennino, la TAV, la variante di valico, il furto d&#8217;acqua e i beni comuni, la devastazione del Mugello, le responsabilit\u00e0 della Regione Toscana, i risarcimenti che in realt\u00e0 non risarciscono etc.<br \/>\nL&#8217;interlocutore \u00e8 il giornalista <strong>Marco Casa<\/strong>. Mp3, 44 mega. Durata: 1h 01 &#8217;27&#8221;.<br \/>\nPer scaricare il file, cliccare sulla freccia rivolta verso il basso.<strong><br \/>\n<\/strong>N.B. L&#8217;inizio suona &#8220;brusco&#8221;: la registrazione \u00e8 iniziata quando WM2 aveva gi\u00e0 iniziato a parlare.<strong><br \/>\n<\/strong>N.B.2 Ricordiamo che il modo pi\u00f9 pratico per ricevere le aggiunte alla nostra audioteca \u00e8 <a href=\"http:\/\/feeds.feedburner.com\/WuMingAudiotheque\">iscriversi al nostro podcast<\/a>.<strong><br \/>\n<\/strong><\/p>\n<p style=\"text-align: left;\"><strong>Booktrailer de <em>Il sentiero degli dei <\/em>(short version)<\/strong><\/p>\n<p style=\"text-align: center;\"><object width=\"500\" height=\"314\" classid=\"clsid:d27cdb6e-ae6d-11cf-96b8-444553540000\" codebase=\"http:\/\/download.macromedia.com\/pub\/shockwave\/cabs\/flash\/swflash.cab#version=6,0,40,0\"><param name=\"allowFullScreen\" value=\"true\" \/><param name=\"allowscriptaccess\" value=\"always\" \/><param name=\"src\" value=\"http:\/\/www.youtube.com\/v\/5hZepsT8juY?version=3&amp;hl=it_IT\" \/><param name=\"allowfullscreen\" value=\"true\" \/><embed width=\"500\" height=\"314\" type=\"application\/x-shockwave-flash\" src=\"http:\/\/www.youtube.com\/v\/5hZepsT8juY?version=3&amp;hl=it_IT\" allowFullScreen=\"true\" allowscriptaccess=\"always\" allowfullscreen=\"true\" \/><\/object><\/p>\n<p style=\"text-align: center;\"><strong>***<br \/>\n<\/strong><\/p>\n<h5 style=\"text-align: justify;\">[<strong><span style=\"color: #ff0000;\">*<\/span><\/strong> Download gratuito, come sempre. Se pensi che questo sforzo di apertura, questa politica di copyleft che portiamo avanti da tanti anni, meriti una ricompensa, un incoraggiamento, un feedback, un&#8230; &#8220;controdono&#8221; da parte tua, puoi usare PayPal per mandarci qualche scellino. Cos\u00ec, per la nostra bella faccia. Puoi farlo cliccando sull&#8217;icona qui sotto. Non \u00e8 necessario avere la carta di credito, <a href=\"https:\/\/www.paypal.com\/it\/cgi-bin\/webscr?cmd=xpt\/Marketing\/general\/PPTopUp-outside\">basta un conto corrente<\/a>. Un altro modo di sostenere il nostro progetto \u00e8, ovviamente, comprare il libro, magari <a href=\"http:\/\/www.libreriauniversitaria.it\/BIT\/8888829962\/ASI\/300131\">qui<\/a> &#8211; <a href=\"http:\/\/www.amazon.it\/gp\/product\/8888829962\/ref=as_li_tf_tl?ie=UTF8&amp;tag=wumingfound09-21&amp;linkCode=as2&amp;camp=3370&amp;creative=23322&amp;creativeASIN=8888829962\">oppure qui<\/a> &#8211; o dove ti pare.]<\/h5>\n<form action=\"https:\/\/www.paypal.com\/cgi-bin\/webscr\" method=\"post\">\n<div style=\"text-align: center;\"><input type=\"hidden\" name=\"cmd\" value=\"_s-xclick\" \/> <input type=\"image\" alt=\"Effettua i tuoi pagamenti con PayPal. un sistema rapido, gratuito e sicuro.\" name=\"submit\" src=\"https:\/\/www.paypal.com\/it_IT\/i\/btn\/x-click-butcc-donate.gif\" \/> <img loading=\"lazy\" decoding=\"async\" alt=\"\" src=\"https:\/\/www.paypal.com\/it_IT\/i\/scr\/pixel.gif\" width=\"1\" height=\"1\" border=\"0\" \/>\u00a0 <input type=\"hidden\" name=\"encrypted\" value=\"-----BEGIN PKCS7-----MIIHVwYJKoZIhvcNAQcEoIIHSDCCB0QCAQExggEwMIIBLAIBADCBlDCBjjELMAkGA1UEBhMCVVMxCzAJBgNVBAgTAkNBMRYwFAYDVQQHEw1Nb3VudGFpbiBWaWV3MRQwEgYDVQQKEwtQYXlQYWwgSW5jLjETMBEGA1UECxQKbGl2ZV9jZXJ0czERMA8GA1UEAxQIbGl2ZV9hcGkxHDAaBgkqhkiG9w0BCQEWDXJlQHBheXBhbC5jb20CAQAwDQYJKoZIhvcNAQEBBQAEgYBHkit2\/f79Al3PTpKgx9jBfO8NGOC51MAC9KyrDzhT\/DqELyCM3D82Q0U97\/Tk\/fOxkIZTdPn06fHW9CRd7\/kqn9cvUIGjJ97891n7AWraXqeJuaW\/SzJ8fbPzolnqaQCiKDPVrl40MK0+ZYU4x0VLW9HnApIsDNFHEW6MkMT1VzELMAkGBSsOAwIaBQAwgdQGCSqGSIb3DQEHATAUBggqhkiG9w0DBwQIIwWgpFJdzoWAgbDJtYMdnsqTh\/qBuo\/02EJvrFD9r1NOJrUXGoihqZaxrwBkuoR5sy6EXHlxO8\/7q3ke\/2gMspEr0KAM8l0kVjapy5rxGoEutrrkWsQQsRtUPcG6ykt+vPjw7vRSu4slEAVZzCLOpxuvfmCMJMdJJp\/Oh0rWE3nhK2pmbWyH0BKi9+OEmyV6ZhmRaVNskjt3WaOrT5FxgKVbQVnLmOc1lCcpYMX6vo0z0T21a7YJj4H+0KCCA4cwggODMIIC7KADAgECAgEAMA0GCSqGSIb3DQEBBQUAMIGOMQswCQYDVQQGEwJVUzELMAkGA1UECBMCQ0ExFjAUBgNVBAcTDU1vdW50YWluIFZpZXcxFDASBgNVBAoTC1BheVBhbCBJbmMuMRMwEQYDVQQLFApsaXZlX2NlcnRzMREwDwYDVQQDFAhsaXZlX2FwaTEcMBoGCSqGSIb3DQEJARYNcmVAcGF5cGFsLmNvbTAeFw0wNDAyMTMxMDEzMTVaFw0zNTAyMTMxMDEzMTVaMIGOMQswCQYDVQQGEwJVUzELMAkGA1UECBMCQ0ExFjAUBgNVBAcTDU1vdW50YWluIFZpZXcxFDASBgNVBAoTC1BheVBhbCBJbmMuMRMwEQYDVQQLFApsaXZlX2NlcnRzMREwDwYDVQQDFAhsaXZlX2FwaTEcMBoGCSqGSIb3DQEJARYNcmVAcGF5cGFsLmNvbTCBnzANBgkqhkiG9w0BAQEFAAOBjQAwgYkCgYEAwUdO3fxEzEtcnI7ZKZL412XvZPugoni7i7D7prCe0AtaHTc97CYgm7NsAtJyxNLixmhLV8pyIEaiHXWAh8fPKW+R017+EmXrr9EaquPmsVvTywAAE1PMNOKqo2kl4Gxiz9zZqIajOm1fZGWcGS0f5JQ2kBqNbvbg2\/Za+GJ\/qwUCAwEAAaOB7jCB6zAdBgNVHQ4EFgQUlp98u8ZvF71ZP1LXChvsENZklGswgbsGA1UdIwSBszCBsIAUlp98u8ZvF71ZP1LXChvsENZklGuhgZSkgZEwgY4xCzAJBgNVBAYTAlVTMQswCQYDVQQIEwJDQTEWMBQGA1UEBxMNTW91bnRhaW4gVmlldzEUMBIGA1UEChMLUGF5UGFsIEluYy4xEzARBgNVBAsUCmxpdmVfY2VydHMxETAPBgNVBAMUCGxpdmVfYXBpMRwwGgYJKoZIhvcNAQkBFg1yZUBwYXlwYWwuY29tggEAMAwGA1UdEwQFMAMBAf8wDQYJKoZIhvcNAQEFBQADgYEAgV86VpqAWuXvX6Oro4qJ1tYVIT5DgWpE692Ag422H7yRIr\/9j\/iKG4Thia\/Oflx4TdL+IFJBAyPK9v6zZNZtBgPBynXb048hsP16l2vi0k5Q2JKiPDsEfBhGI+HnxLXEaUWAcVfCsQFvd2A1sxRr67ip5y2wwBelUecP3AjJ+YcxggGaMIIBlgIBATCBlDCBjjELMAkGA1UEBhMCVVMxCzAJBgNVBAgTAkNBMRYwFAYDVQQHEw1Nb3VudGFpbiBWaWV3MRQwEgYDVQQKEwtQYXlQYWwgSW5jLjETMBEGA1UECxQKbGl2ZV9jZXJ0czERMA8GA1UEAxQIbGl2ZV9hcGkxHDAaBgkqhkiG9w0BCQEWDXJlQHBheXBhbC5jb20CAQAwCQYFKw4DAhoFAKBdMBgGCSqGSIb3DQEJAzELBgkqhkiG9w0BBwEwHAYJKoZIhvcNAQkFMQ8XDTA2MDUwOTIwMjIwN1owIwYJKoZIhvcNAQkEMRYEFEn36mbWS\/4rKhZEPEldLMusst63MA0GCSqGSIb3DQEBAQUABIGAGUolh52bA\/Ua5aqF5TJ7NT3XNCrj6QrQamW\/RASq\/zn5bqvd9fpQrnaCGeERNh3kSGVi3TWePSCs9h8GRwpNQxwoqqIcGUGnv6MFARJzU89Hg2Jk8DVc0MruyCtDZKa7rXow8tFa3AmCLBaGkGEW3+Bqm9UVxN2h3GsRuY\/EI\/A=-----END PKCS7-----\" \/><\/div>\n<\/form>\n","protected":false},"excerpt":{"rendered":"Il 27 giugno scorso, mentre dalle parti di Chiomonte, in Val di Susa, l&#8217;odore dei lacrimogeni era ancora pungente, centinaia di chilometri pi\u00f9 a sud, in un&#8217;aula di tribunale, la corte d&#8217;appello di Firenze mandava assolti i dirigenti del consorzio Cavet, condannati in primo grado per l&#8217;inquinamento e lo smaltimento illecito di rifiuti, durante lo [&hellip;]","protected":false},"author":117,"featured_media":4669,"comment_status":"closed","ping_status":"open","sticky":false,"template":"","format":"standard","meta":{"footnotes":""},"categories":[147,4],"tags":[47,998,627,143,1002,961,1003,999,1001,144,959,983,1000,140],"class_list":["post-4668","post","type-post","status-publish","format-standard","has-post-thumbnail","hentry","category-sentiero","category-recensioni","tag-appennino","tag-dati-vendite","tag-fiat","tag-firenze","tag-gianni-tei","tag-glasnost","tag-impregilo","tag-letteraltura","tag-marco-casa","tag-mugello","tag-no-tav","tag-notav","tag-verbania","tag-via-degli-dei"],"yoast_head":"<!-- This site is optimized with the Yoast SEO plugin v27.4 - https:\/\/yoast.com\/product\/yoast-seo-wordpress\/ -->\n<title>Di chi sono i beni comuni? + Da oggi scaricabile \u00abIl sentiero degli dei\u00bb #notav - Giap<\/title>\n<meta name=\"robots\" content=\"index, follow, max-snippet:-1, max-image-preview:large, max-video-preview:-1\" \/>\n<link rel=\"canonical\" href=\"https:\/\/www.wumingfoundation.com\/giap\/2011\/07\/di-chi-sono-i-beni-comuni-scarica-\u00abil-sentiero-degli-dei\u00bb-notav\/\" \/>\n<meta property=\"og:locale\" content=\"it_IT\" \/>\n<meta property=\"og:type\" content=\"article\" \/>\n<meta property=\"og:title\" content=\"Di chi sono i beni comuni? + Da oggi scaricabile \u00abIl sentiero degli dei\u00bb #notav - Giap\" \/>\n<meta property=\"og:description\" content=\"Il 27 giugno scorso, mentre dalle parti di Chiomonte, in Val di Susa, l&#8217;odore dei lacrimogeni era ancora pungente, centinaia di chilometri pi\u00f9 a sud, in un&#8217;aula di tribunale, la corte d&#8217;appello di Firenze mandava assolti i dirigenti del consorzio Cavet, condannati in primo grado per l&#8217;inquinamento e lo smaltimento illecito di rifiuti, durante lo [&hellip;]\" \/>\n<meta property=\"og:url\" content=\"https:\/\/www.wumingfoundation.com\/giap\/2011\/07\/di-chi-sono-i-beni-comuni-scarica-\u00abil-sentiero-degli-dei\u00bb-notav\/\" \/>\n<meta property=\"og:site_name\" content=\"Giap\" \/>\n<meta property=\"article:published_time\" content=\"2011-07-10T22:01:17+00:00\" \/>\n<meta property=\"article:modified_time\" content=\"2013-12-03T08:41:02+00:00\" \/>\n<meta property=\"og:image\" content=\"https:\/\/www.wumingfoundation.com\/giap\/wp-content\/uploads\/2011\/07\/Sasso-di-Castro.jpg\" \/>\n\t<meta property=\"og:image:width\" content=\"500\" \/>\n\t<meta property=\"og:image:height\" content=\"375\" \/>\n\t<meta property=\"og:image:type\" content=\"image\/jpeg\" \/>\n<meta name=\"author\" content=\"Wu Ming\" \/>\n<meta name=\"twitter:card\" content=\"summary_large_image\" \/>\n<meta name=\"twitter:creator\" content=\"@Wu_Ming_Foundt\" \/>\n<meta name=\"twitter:site\" content=\"@Wu_Ming_Foundt\" \/>\n<meta name=\"twitter:label1\" content=\"Scritto da\" \/>\n\t<meta name=\"twitter:data1\" content=\"Wu Ming\" \/>\n\t<meta name=\"twitter:label2\" content=\"Tempo di lettura stimato\" \/>\n\t<meta name=\"twitter:data2\" content=\"3 minuti\" \/>\n<script type=\"application\/ld+json\" class=\"yoast-schema-graph\">{\"@context\":\"https:\\\/\\\/schema.org\",\"@graph\":[{\"@type\":\"Article\",\"@id\":\"https:\\\/\\\/www.wumingfoundation.com\\\/giap\\\/2011\\\/07\\\/di-chi-sono-i-beni-comuni-scarica-%c2%abil-sentiero-degli-dei%c2%bb-notav\\\/#article\",\"isPartOf\":{\"@id\":\"https:\\\/\\\/www.wumingfoundation.com\\\/giap\\\/2011\\\/07\\\/di-chi-sono-i-beni-comuni-scarica-%c2%abil-sentiero-degli-dei%c2%bb-notav\\\/\"},\"author\":{\"name\":\"Wu Ming\",\"@id\":\"https:\\\/\\\/www.wumingfoundation.com\\\/giap\\\/#\\\/schema\\\/person\\\/a509f199077421552871a4cf2a327499\"},\"headline\":\"Di chi sono i beni comuni? + Da oggi scaricabile \u00abIl sentiero degli dei\u00bb #notav\",\"datePublished\":\"2011-07-10T22:01:17+00:00\",\"dateModified\":\"2013-12-03T08:41:02+00:00\",\"mainEntityOfPage\":{\"@id\":\"https:\\\/\\\/www.wumingfoundation.com\\\/giap\\\/2011\\\/07\\\/di-chi-sono-i-beni-comuni-scarica-%c2%abil-sentiero-degli-dei%c2%bb-notav\\\/\"},\"wordCount\":702,\"image\":{\"@id\":\"https:\\\/\\\/www.wumingfoundation.com\\\/giap\\\/2011\\\/07\\\/di-chi-sono-i-beni-comuni-scarica-%c2%abil-sentiero-degli-dei%c2%bb-notav\\\/#primaryimage\"},\"thumbnailUrl\":\"https:\\\/\\\/www.wumingfoundation.com\\\/giap\\\/wp-content\\\/uploads\\\/2011\\\/07\\\/Sasso-di-Castro.jpg\",\"keywords\":[\"Appennino\",\"Dati vendite\",\"FIAT\",\"Firenze\",\"Gianni Tei\",\"Glasnost\",\"Impregilo\",\"Letteraltura\",\"Marco Casa\",\"Mugello\",\"No Tav\",\"notav\",\"Verbania\",\"Via degli Dei\"],\"articleSection\":[\"Il sentiero degli dei\",\"Libri\"],\"inLanguage\":\"it-IT\"},{\"@type\":\"WebPage\",\"@id\":\"https:\\\/\\\/www.wumingfoundation.com\\\/giap\\\/2011\\\/07\\\/di-chi-sono-i-beni-comuni-scarica-%c2%abil-sentiero-degli-dei%c2%bb-notav\\\/\",\"url\":\"https:\\\/\\\/www.wumingfoundation.com\\\/giap\\\/2011\\\/07\\\/di-chi-sono-i-beni-comuni-scarica-%c2%abil-sentiero-degli-dei%c2%bb-notav\\\/\",\"name\":\"Di chi sono i beni comuni? + Da oggi scaricabile \u00abIl sentiero degli dei\u00bb #notav - Giap\",\"isPartOf\":{\"@id\":\"https:\\\/\\\/www.wumingfoundation.com\\\/giap\\\/#website\"},\"primaryImageOfPage\":{\"@id\":\"https:\\\/\\\/www.wumingfoundation.com\\\/giap\\\/2011\\\/07\\\/di-chi-sono-i-beni-comuni-scarica-%c2%abil-sentiero-degli-dei%c2%bb-notav\\\/#primaryimage\"},\"image\":{\"@id\":\"https:\\\/\\\/www.wumingfoundation.com\\\/giap\\\/2011\\\/07\\\/di-chi-sono-i-beni-comuni-scarica-%c2%abil-sentiero-degli-dei%c2%bb-notav\\\/#primaryimage\"},\"thumbnailUrl\":\"https:\\\/\\\/www.wumingfoundation.com\\\/giap\\\/wp-content\\\/uploads\\\/2011\\\/07\\\/Sasso-di-Castro.jpg\",\"datePublished\":\"2011-07-10T22:01:17+00:00\",\"dateModified\":\"2013-12-03T08:41:02+00:00\",\"author\":{\"@id\":\"https:\\\/\\\/www.wumingfoundation.com\\\/giap\\\/#\\\/schema\\\/person\\\/a509f199077421552871a4cf2a327499\"},\"breadcrumb\":{\"@id\":\"https:\\\/\\\/www.wumingfoundation.com\\\/giap\\\/2011\\\/07\\\/di-chi-sono-i-beni-comuni-scarica-%c2%abil-sentiero-degli-dei%c2%bb-notav\\\/#breadcrumb\"},\"inLanguage\":\"it-IT\",\"potentialAction\":[{\"@type\":\"ReadAction\",\"target\":[\"https:\\\/\\\/www.wumingfoundation.com\\\/giap\\\/2011\\\/07\\\/di-chi-sono-i-beni-comuni-scarica-%c2%abil-sentiero-degli-dei%c2%bb-notav\\\/\"]}]},{\"@type\":\"ImageObject\",\"inLanguage\":\"it-IT\",\"@id\":\"https:\\\/\\\/www.wumingfoundation.com\\\/giap\\\/2011\\\/07\\\/di-chi-sono-i-beni-comuni-scarica-%c2%abil-sentiero-degli-dei%c2%bb-notav\\\/#primaryimage\",\"url\":\"https:\\\/\\\/www.wumingfoundation.com\\\/giap\\\/wp-content\\\/uploads\\\/2011\\\/07\\\/Sasso-di-Castro.jpg\",\"contentUrl\":\"https:\\\/\\\/www.wumingfoundation.com\\\/giap\\\/wp-content\\\/uploads\\\/2011\\\/07\\\/Sasso-di-Castro.jpg\",\"width\":500,\"height\":375},{\"@type\":\"BreadcrumbList\",\"@id\":\"https:\\\/\\\/www.wumingfoundation.com\\\/giap\\\/2011\\\/07\\\/di-chi-sono-i-beni-comuni-scarica-%c2%abil-sentiero-degli-dei%c2%bb-notav\\\/#breadcrumb\",\"itemListElement\":[{\"@type\":\"ListItem\",\"position\":1,\"name\":\"Home\",\"item\":\"https:\\\/\\\/www.wumingfoundation.com\\\/giap\\\/\"},{\"@type\":\"ListItem\",\"position\":2,\"name\":\"Di chi sono i beni comuni? + Da oggi scaricabile \u00abIl sentiero degli dei\u00bb #notav\"}]},{\"@type\":\"WebSite\",\"@id\":\"https:\\\/\\\/www.wumingfoundation.com\\\/giap\\\/#website\",\"url\":\"https:\\\/\\\/www.wumingfoundation.com\\\/giap\\\/\",\"name\":\"Giap\",\"description\":\"Il sito ufficiale di Wu Ming, collettivo di scrittori\",\"potentialAction\":[{\"@type\":\"SearchAction\",\"target\":{\"@type\":\"EntryPoint\",\"urlTemplate\":\"https:\\\/\\\/www.wumingfoundation.com\\\/giap\\\/?s={search_term_string}\"},\"query-input\":{\"@type\":\"PropertyValueSpecification\",\"valueRequired\":true,\"valueName\":\"search_term_string\"}}],\"inLanguage\":\"it-IT\"},{\"@type\":\"Person\",\"@id\":\"https:\\\/\\\/www.wumingfoundation.com\\\/giap\\\/#\\\/schema\\\/person\\\/a509f199077421552871a4cf2a327499\",\"name\":\"Wu Ming\",\"image\":{\"@type\":\"ImageObject\",\"inLanguage\":\"it-IT\",\"@id\":\"https:\\\/\\\/secure.gravatar.com\\\/avatar\\\/1aa2417cb55b3a8bd4988fca42ea7ef75c86ef8bb0ea1bf9102119b6d11c6238?s=96&d=blank&r=g\",\"url\":\"https:\\\/\\\/secure.gravatar.com\\\/avatar\\\/1aa2417cb55b3a8bd4988fca42ea7ef75c86ef8bb0ea1bf9102119b6d11c6238?s=96&d=blank&r=g\",\"contentUrl\":\"https:\\\/\\\/secure.gravatar.com\\\/avatar\\\/1aa2417cb55b3a8bd4988fca42ea7ef75c86ef8bb0ea1bf9102119b6d11c6238?s=96&d=blank&r=g\",\"caption\":\"Wu Ming\"}}]}<\/script>\n<!-- \/ Yoast SEO plugin. -->","yoast_head_json":{"title":"Di chi sono i beni comuni? + Da oggi scaricabile \u00abIl sentiero degli dei\u00bb #notav - Giap","robots":{"index":"index","follow":"follow","max-snippet":"max-snippet:-1","max-image-preview":"max-image-preview:large","max-video-preview":"max-video-preview:-1"},"canonical":"https:\/\/www.wumingfoundation.com\/giap\/2011\/07\/di-chi-sono-i-beni-comuni-scarica-\u00abil-sentiero-degli-dei\u00bb-notav\/","og_locale":"it_IT","og_type":"article","og_title":"Di chi sono i beni comuni? + Da oggi scaricabile \u00abIl sentiero degli dei\u00bb #notav - Giap","og_description":"Il 27 giugno scorso, mentre dalle parti di Chiomonte, in Val di Susa, l&#8217;odore dei lacrimogeni era ancora pungente, centinaia di chilometri pi\u00f9 a sud, in un&#8217;aula di tribunale, la corte d&#8217;appello di Firenze mandava assolti i dirigenti del consorzio Cavet, condannati in primo grado per l&#8217;inquinamento e lo smaltimento illecito di rifiuti, durante lo [&hellip;]","og_url":"https:\/\/www.wumingfoundation.com\/giap\/2011\/07\/di-chi-sono-i-beni-comuni-scarica-\u00abil-sentiero-degli-dei\u00bb-notav\/","og_site_name":"Giap","article_published_time":"2011-07-10T22:01:17+00:00","article_modified_time":"2013-12-03T08:41:02+00:00","og_image":[{"width":500,"height":375,"url":"https:\/\/www.wumingfoundation.com\/giap\/wp-content\/uploads\/2011\/07\/Sasso-di-Castro.jpg","type":"image\/jpeg"}],"author":"Wu Ming","twitter_card":"summary_large_image","twitter_creator":"@Wu_Ming_Foundt","twitter_site":"@Wu_Ming_Foundt","twitter_misc":{"Scritto da":"Wu Ming","Tempo di lettura stimato":"3 minuti"},"schema":{"@context":"https:\/\/schema.org","@graph":[{"@type":"Article","@id":"https:\/\/www.wumingfoundation.com\/giap\/2011\/07\/di-chi-sono-i-beni-comuni-scarica-%c2%abil-sentiero-degli-dei%c2%bb-notav\/#article","isPartOf":{"@id":"https:\/\/www.wumingfoundation.com\/giap\/2011\/07\/di-chi-sono-i-beni-comuni-scarica-%c2%abil-sentiero-degli-dei%c2%bb-notav\/"},"author":{"name":"Wu Ming","@id":"https:\/\/www.wumingfoundation.com\/giap\/#\/schema\/person\/a509f199077421552871a4cf2a327499"},"headline":"Di chi sono i beni comuni? + Da oggi scaricabile \u00abIl sentiero degli dei\u00bb #notav","datePublished":"2011-07-10T22:01:17+00:00","dateModified":"2013-12-03T08:41:02+00:00","mainEntityOfPage":{"@id":"https:\/\/www.wumingfoundation.com\/giap\/2011\/07\/di-chi-sono-i-beni-comuni-scarica-%c2%abil-sentiero-degli-dei%c2%bb-notav\/"},"wordCount":702,"image":{"@id":"https:\/\/www.wumingfoundation.com\/giap\/2011\/07\/di-chi-sono-i-beni-comuni-scarica-%c2%abil-sentiero-degli-dei%c2%bb-notav\/#primaryimage"},"thumbnailUrl":"https:\/\/www.wumingfoundation.com\/giap\/wp-content\/uploads\/2011\/07\/Sasso-di-Castro.jpg","keywords":["Appennino","Dati vendite","FIAT","Firenze","Gianni Tei","Glasnost","Impregilo","Letteraltura","Marco Casa","Mugello","No Tav","notav","Verbania","Via degli Dei"],"articleSection":["Il sentiero degli dei","Libri"],"inLanguage":"it-IT"},{"@type":"WebPage","@id":"https:\/\/www.wumingfoundation.com\/giap\/2011\/07\/di-chi-sono-i-beni-comuni-scarica-%c2%abil-sentiero-degli-dei%c2%bb-notav\/","url":"https:\/\/www.wumingfoundation.com\/giap\/2011\/07\/di-chi-sono-i-beni-comuni-scarica-%c2%abil-sentiero-degli-dei%c2%bb-notav\/","name":"Di chi sono i beni comuni? + Da oggi scaricabile \u00abIl sentiero degli dei\u00bb #notav - Giap","isPartOf":{"@id":"https:\/\/www.wumingfoundation.com\/giap\/#website"},"primaryImageOfPage":{"@id":"https:\/\/www.wumingfoundation.com\/giap\/2011\/07\/di-chi-sono-i-beni-comuni-scarica-%c2%abil-sentiero-degli-dei%c2%bb-notav\/#primaryimage"},"image":{"@id":"https:\/\/www.wumingfoundation.com\/giap\/2011\/07\/di-chi-sono-i-beni-comuni-scarica-%c2%abil-sentiero-degli-dei%c2%bb-notav\/#primaryimage"},"thumbnailUrl":"https:\/\/www.wumingfoundation.com\/giap\/wp-content\/uploads\/2011\/07\/Sasso-di-Castro.jpg","datePublished":"2011-07-10T22:01:17+00:00","dateModified":"2013-12-03T08:41:02+00:00","author":{"@id":"https:\/\/www.wumingfoundation.com\/giap\/#\/schema\/person\/a509f199077421552871a4cf2a327499"},"breadcrumb":{"@id":"https:\/\/www.wumingfoundation.com\/giap\/2011\/07\/di-chi-sono-i-beni-comuni-scarica-%c2%abil-sentiero-degli-dei%c2%bb-notav\/#breadcrumb"},"inLanguage":"it-IT","potentialAction":[{"@type":"ReadAction","target":["https:\/\/www.wumingfoundation.com\/giap\/2011\/07\/di-chi-sono-i-beni-comuni-scarica-%c2%abil-sentiero-degli-dei%c2%bb-notav\/"]}]},{"@type":"ImageObject","inLanguage":"it-IT","@id":"https:\/\/www.wumingfoundation.com\/giap\/2011\/07\/di-chi-sono-i-beni-comuni-scarica-%c2%abil-sentiero-degli-dei%c2%bb-notav\/#primaryimage","url":"https:\/\/www.wumingfoundation.com\/giap\/wp-content\/uploads\/2011\/07\/Sasso-di-Castro.jpg","contentUrl":"https:\/\/www.wumingfoundation.com\/giap\/wp-content\/uploads\/2011\/07\/Sasso-di-Castro.jpg","width":500,"height":375},{"@type":"BreadcrumbList","@id":"https:\/\/www.wumingfoundation.com\/giap\/2011\/07\/di-chi-sono-i-beni-comuni-scarica-%c2%abil-sentiero-degli-dei%c2%bb-notav\/#breadcrumb","itemListElement":[{"@type":"ListItem","position":1,"name":"Home","item":"https:\/\/www.wumingfoundation.com\/giap\/"},{"@type":"ListItem","position":2,"name":"Di chi sono i beni comuni? + Da oggi scaricabile \u00abIl sentiero degli dei\u00bb #notav"}]},{"@type":"WebSite","@id":"https:\/\/www.wumingfoundation.com\/giap\/#website","url":"https:\/\/www.wumingfoundation.com\/giap\/","name":"Giap","description":"Il sito ufficiale di Wu Ming, collettivo di scrittori","potentialAction":[{"@type":"SearchAction","target":{"@type":"EntryPoint","urlTemplate":"https:\/\/www.wumingfoundation.com\/giap\/?s={search_term_string}"},"query-input":{"@type":"PropertyValueSpecification","valueRequired":true,"valueName":"search_term_string"}}],"inLanguage":"it-IT"},{"@type":"Person","@id":"https:\/\/www.wumingfoundation.com\/giap\/#\/schema\/person\/a509f199077421552871a4cf2a327499","name":"Wu Ming","image":{"@type":"ImageObject","inLanguage":"it-IT","@id":"https:\/\/secure.gravatar.com\/avatar\/1aa2417cb55b3a8bd4988fca42ea7ef75c86ef8bb0ea1bf9102119b6d11c6238?s=96&d=blank&r=g","url":"https:\/\/secure.gravatar.com\/avatar\/1aa2417cb55b3a8bd4988fca42ea7ef75c86ef8bb0ea1bf9102119b6d11c6238?s=96&d=blank&r=g","contentUrl":"https:\/\/secure.gravatar.com\/avatar\/1aa2417cb55b3a8bd4988fca42ea7ef75c86ef8bb0ea1bf9102119b6d11c6238?s=96&d=blank&r=g","caption":"Wu Ming"}}]}},"_links":{"self":[{"href":"https:\/\/www.wumingfoundation.com\/giap\/wp-json\/wp\/v2\/posts\/4668","targetHints":{"allow":["GET"]}}],"collection":[{"href":"https:\/\/www.wumingfoundation.com\/giap\/wp-json\/wp\/v2\/posts"}],"about":[{"href":"https:\/\/www.wumingfoundation.com\/giap\/wp-json\/wp\/v2\/types\/post"}],"author":[{"embeddable":true,"href":"https:\/\/www.wumingfoundation.com\/giap\/wp-json\/wp\/v2\/users\/117"}],"replies":[{"embeddable":true,"href":"https:\/\/www.wumingfoundation.com\/giap\/wp-json\/wp\/v2\/comments?post=4668"}],"version-history":[{"count":0,"href":"https:\/\/www.wumingfoundation.com\/giap\/wp-json\/wp\/v2\/posts\/4668\/revisions"}],"wp:featuredmedia":[{"embeddable":true,"href":"https:\/\/www.wumingfoundation.com\/giap\/wp-json\/wp\/v2\/media\/4669"}],"wp:attachment":[{"href":"https:\/\/www.wumingfoundation.com\/giap\/wp-json\/wp\/v2\/media?parent=4668"}],"wp:term":[{"taxonomy":"category","embeddable":true,"href":"https:\/\/www.wumingfoundation.com\/giap\/wp-json\/wp\/v2\/categories?post=4668"},{"taxonomy":"post_tag","embeddable":true,"href":"https:\/\/www.wumingfoundation.com\/giap\/wp-json\/wp\/v2\/tags?post=4668"}],"curies":[{"name":"wp","href":"https:\/\/api.w.org\/{rel}","templated":true}]}}