{"id":46542,"date":"2021-04-19T16:18:59","date_gmt":"2021-04-19T14:18:59","guid":{"rendered":"https:\/\/www.wumingfoundation.com\/giap\/?p=46542"},"modified":"2021-04-19T21:46:33","modified_gmt":"2021-04-19T19:46:33","slug":"grazie-valsusa-che-ci-apri-il-cuore-e-ci-riporti-alla-vita-vera","status":"publish","type":"post","link":"https:\/\/www.wumingfoundation.com\/giap\/2021\/04\/grazie-valsusa-che-ci-apri-il-cuore-e-ci-riporti-alla-vita-vera\/","title":{"rendered":"Grazie, Valsusa, che ci apri il cuore e ci riporti alla vita vera!"},"content":{"rendered":"<div id=\"attachment_46544\" style=\"width: 360px\" class=\"wp-caption alignright\"><a href=\"https:\/\/www.wumingfoundation.com\/giap\/wp-content\/uploads\/2021\/04\/presentazione_LQdQ_San_Didero.jpg\"><img loading=\"lazy\" decoding=\"async\" aria-describedby=\"caption-attachment-46544\" class=\"wp-image-46544\" src=\"https:\/\/www.wumingfoundation.com\/giap\/wp-content\/uploads\/2021\/04\/presentazione_LQdQ_San_Didero.jpg\" alt=\"\" width=\"350\" height=\"204\" srcset=\"https:\/\/www.wumingfoundation.com\/giap\/wp-content\/uploads\/2021\/04\/presentazione_LQdQ_San_Didero.jpg 2000w, https:\/\/www.wumingfoundation.com\/giap\/wp-content\/uploads\/2021\/04\/presentazione_LQdQ_San_Didero-300x175.jpg 300w, https:\/\/www.wumingfoundation.com\/giap\/wp-content\/uploads\/2021\/04\/presentazione_LQdQ_San_Didero-1024x597.jpg 1024w, https:\/\/www.wumingfoundation.com\/giap\/wp-content\/uploads\/2021\/04\/presentazione_LQdQ_San_Didero-768x448.jpg 768w\" sizes=\"auto, (max-width: 350px) 100vw, 350px\" \/><\/a><p id=\"caption-attachment-46544\" class=\"wp-caption-text\">Piazzale del centro polivalente di San Didero, Valsusa (TO), 18 aprile 2021. Presentazione del libro <em>La Q di Qomplotto<\/em> di Wu Ming 1. Foto di Roberto Novaresio, clicca per ingrandire.<\/p><\/div>\n<p>di <strong>Wu Ming 1<\/strong><\/p>\n<p>Due giorni di mobilitazione come non se ne vedevano da tempo, nemmeno in valle.<\/p>\n<p>Un movimento sorretto e sospinto da una popolazione solidale, una popolazione che vive sulla propria pelle la militarizzazione del territorio e le prevaricazioni delle forze dell&#8217;ordine.<\/p>\n<p>Una fase che somiglia molto al 2005, ai giorni della Libera Repubblica di Venaus, quando la prima grande prova di forza del movimento port\u00f2 al ritiro di un progetto che oggi la controparte stessa definisce sbagliato.<\/p>\n<p><a href=\"https:\/\/www.wumingfoundation.com\/giap\/2021\/04\/sgombero-san-didero\/\">Uno sgombero poliziesco<\/a> messo in atto sfruttando le norme sul coprifuoco, pensando che non ci sar\u00e0 una risposta immediata, e invece <a href=\"https:\/\/www.wumingfoundation.com\/giap\/2021\/04\/sgomberi-e-violenze-non-fermano-la-lotta-no-tav-confermata-la-presentazione-de-la-q-di-qomplotto-a-san-didero\/\">la risposta c&#8217;\u00e8 e da subito<\/a>.<!--more--><\/p>\n<p>Una conferenza dei sindaci No Tav di fronte a un piazzale zeppo di gente, aperto dalla commissione tecnica del movimento che spiega i perch\u00e9 e i percome di questa nuova grande opera &#8220;accessoria&#8221;, un gigantesco autoporto che non solo \u00e8 inutile ma parte gi\u00e0 abusivo.<\/p>\n<p><span style=\"font-size: small;\"><strong>N.B.1<\/strong>\u00a0 Quest&#8217;autoporto porter\u00e0 solo sventura a chi ha pensato di realizzarlo. Cercare di imporlo \u00e8 stato un grosso errore, ha sverniciato il verde con cui Telt cercava di mimetizzare la sua macchina ecocida e climaticida.<\/span><\/p>\n<p>Un campeggio No Tav con persone giunte da tutta Italia, in uno scatto di orgoglio, di <em>autocertificazione reale<\/em> contro l&#8217;autocertificazione formale: ebbene s\u00ec, <em>certifico<\/em> che sono qui a sostenere la lotta della Valsusa.<\/p>\n<p>Un corteo non autorizzato \u2013 <em>doppiamente<\/em> non autorizzato, perch\u00e9 in barba alle proibizioni dell&#8217;emergenza pandemica \u2013 con partecipanti di ogni et\u00e0, dalle bambine agli anziani, circa quattromila persone che <a href=\"https:\/\/www.notav.info\/post\/san-didero-oltre-4000-no-tav-contro-occupazione-militare-e-devastazione\/\">hanno marciato per undici chilometri<\/a>, felici di esserci, di nuovo <em>coi corpi<\/em>, felici di essersi ripresi la strada.<\/p>\n<p>Il cuore che si spalanca \u2013 dopo un anno come quello che abbiamo alle spalle! \u2013 vedendo la fiumana di giovani e giovanissime che dal campeggio confluisce nel corteo in partenza.<\/p>\n<p>Cerco di filmare il corteo, ma non riesco mai a inquadrarlo tutto.<\/p>\n<div align=\"center\"><iframe loading=\"lazy\" src=\"https:\/\/archive.org\/embed\/corteo_17_aprile_2021_San_Didero\" width=\"700\" height=\"525\" frameborder=\"0\" allowfullscreen=\"allowfullscreen\"><span style=\"display: inline-block; width: 0px; overflow: hidden; line-height: 0;\" data-mce-type=\"bookmark\" class=\"mce_SELRES_start\">\ufeff<\/span><\/iframe><\/div>\n<p>&nbsp;<\/p>\n<p>Un segnale importante come non mai: speravate di usare le restrizioni e i divieti pandemici per schiacciare la lotta? Allora speravate male.<\/p>\n<p><span style=\"font-size: small;\"><strong>N.B.2<\/strong> Nemmeno la controparte e l&#8217;informazione mainstream hanno avuto il coraggio di tirare in ballo la pandemia e la <em>pandemagogia<\/em> per diffamare la giornata. Nessuno ha osato trattare i No Tav da \u00abnegazionisti\u00bb o irresponsabili o che altro. Nemmeno quando i media hanno puntato i riflettori su un&#8217;azione intrapresa a latere del corteo, un temporaneo blocco dell&#8217;autostrada Torino-Bardonecchia con tanto di barricata. Non c&#8217;\u00e8 <em>virocentrismo<\/em> che tenga quando parte \u2013 in questo caso <em>ri<\/em>parte \u2013 una lotta che <em>tocca il reale<\/em>.<\/span><\/p>\n<div id=\"attachment_46543\" style=\"width: 210px\" class=\"wp-caption alignright\"><a href=\"https:\/\/www.wumingfoundation.com\/giap\/wp-content\/uploads\/2021\/04\/giovanna-768x1024-1.jpg\"><img loading=\"lazy\" decoding=\"async\" aria-describedby=\"caption-attachment-46543\" class=\"wp-image-46543\" src=\"https:\/\/www.wumingfoundation.com\/giap\/wp-content\/uploads\/2021\/04\/giovanna-768x1024-1.jpg\" alt=\"\" width=\"200\" height=\"267\" srcset=\"https:\/\/www.wumingfoundation.com\/giap\/wp-content\/uploads\/2021\/04\/giovanna-768x1024-1.jpg 768w, https:\/\/www.wumingfoundation.com\/giap\/wp-content\/uploads\/2021\/04\/giovanna-768x1024-1-225x300.jpg 225w\" sizes=\"auto, (max-width: 200px) 100vw, 200px\" \/><\/a><p id=\"caption-attachment-46543\" class=\"wp-caption-text\">Giovanna dopo l&#8217;attacco poliziesco nel piazzale dell&#8217;acciaieria, a poca distanza dall&#8217;ex-presidio No Tav di San Didero.<\/p><\/div>\n<p>Un raduno spontaneo oltre l&#8217;ora del coprifuoco, in solidariet\u00e0 alle compagne e ai compagni che ancora resistono nella baita sul tetto dell&#8217;ex-presidio sgomberato (per la loro situazione <a href=\"http:\/\/www.lunanuova.it\/attualita\/2021\/04\/19\/news\/s-didero-attivisti-no-tav-incatenati-nella-casetta-sul-tetto-508628\/\">sono decisive queste ore<\/a>).<\/p>\n<p>Il raduno \u00e8 attaccato dalla polizia, che spara candelotti ad alzo zero. Una compagna, Giovanna, rimane ferita ed \u00e8 <a href=\"https:\/\/www.notav.info\/post\/aggiornamenti-sullo-stato-di-salute-di-giovanna\/\">ospedalizzata in condizioni serie,<\/a> con fratture facciali ed emorragie interne. La questura nega che sia stata colpita da un lacrimogeno e che i lacrimogeni vengano sparati contro le persone, ma il movimento risponde prontissimo, pubblicando <a href=\"https:\/\/www.notav.info\/post\/carabiniere-si-vanta-di-aver-sparato-lacrimogeni-in-faccia-ai-no-tav-video\/\">video in cui diversi agenti fanno esattamente quello<\/a> (e uno se ne vanta pure). Solidariet\u00e0 a Giovanna.<\/p>\n<p>E poi la presentazione de <em>La Q di Qomplotto<\/em> a San Didero. Duecento persone, anche di pi\u00f9. Non c&#8217;era gente solo a riempire il piazzale, ma anche sul terrapieno e sulla strada accanto.<\/p>\n<p>Era al contempo la prima presentazione del libro, la prima di Wu Ming dopo l&#8217;inizio dell&#8217;emergenza pandemica (ero emozionatissimo e mi temevo arrugginito), e forse la prima presentazione post-pandemica <em>tout court<\/em>, una presentazione <em>vera<\/em>, non davanti a schermi suddivisi in loculi ma con le persone, le persone intere, tridimensionali, <em>pluri<\/em>dimensionali.<\/p>\n<p>Chi mai \u00e8 gi\u00e0 tornato a organizzare cose del genere?<\/p>\n<p>Nessuno, mi sembra.<\/p>\n<p>La Valsusa appare come un altro pianeta. In realt\u00e0 \u00e8 sempre il nostro, solo che l\u00e0 il tempo scorre pi\u00f9 veloce, perch\u00e9 una lotta vera \u2013 una lotta radicale e radicata negli animi e nel territorio \u2013 non pu\u00f2 che accelerare e anticipare ogni dinamica.<\/p>\n<p>E infatti. Dopo ogni fase di crisi, la valle \u00e8 sempre la prima a battere un colpo. A battere <em>il<\/em> colpo.<\/p>\n<p>Ancora una volta la lotta No Tav ci insegna che i rischi vanno corsi, quando si tratta di <em>vivere<\/em>. Con la falsa utopia \u2013 tanto ingannevole quanto reazionaria \u2013 del rischio zero, semplicemente, si smette di vivere.<\/p>\n<div id=\"attachment_46545\" style=\"width: 1290px\" class=\"wp-caption aligncenter\"><a href=\"https:\/\/www.wumingfoundation.com\/giap\/wp-content\/uploads\/2021\/04\/LQDQ_San_Didero.jpeg\"><img loading=\"lazy\" decoding=\"async\" aria-describedby=\"caption-attachment-46545\" class=\"wp-image-46545 size-full\" src=\"https:\/\/www.wumingfoundation.com\/giap\/wp-content\/uploads\/2021\/04\/LQDQ_San_Didero.jpeg\" alt=\"\" width=\"1280\" height=\"960\" srcset=\"https:\/\/www.wumingfoundation.com\/giap\/wp-content\/uploads\/2021\/04\/LQDQ_San_Didero.jpeg 1280w, https:\/\/www.wumingfoundation.com\/giap\/wp-content\/uploads\/2021\/04\/LQDQ_San_Didero-300x225.jpeg 300w, https:\/\/www.wumingfoundation.com\/giap\/wp-content\/uploads\/2021\/04\/LQDQ_San_Didero-1024x768.jpeg 1024w, https:\/\/www.wumingfoundation.com\/giap\/wp-content\/uploads\/2021\/04\/LQDQ_San_Didero-768x576.jpeg 768w\" sizes=\"auto, (max-width: 1280px) 100vw, 1280px\" \/><\/a><p id=\"caption-attachment-46545\" class=\"wp-caption-text\">Poco prima dell&#8217;inizio. \u00abCompagne e compagni, per fortuna sta smettendo di piovere, tra cinque minuti cominciamo&#8230;\u00bb Foto di Simone Franchino.<\/p><\/div>\n<p>E allora grazie, Valsusa. Grazie, compagne e compagni No Tav. Grazie di tutto. Torno a Bologna vivificato, pieno di energie, consapevole che \u00e8 possibile uscire dall&#8217;ibernazione, fare <em>un passo oltre<\/em>.<\/p>\n<p>Chi quel passo vorrebbe farlo ma ancora non trova il coraggio, beh, lo trover\u00e0, magari con l&#8217;esempio della valle e con l&#8217;aiuto di tutte e tutti.<\/p>\n<p>E chi non <em>vuole<\/em> farlo e magari denigra chi lo fa? Beh, non sa che si perde. Di contro, forse noi non perdiamo niente.<\/p>\n<p>\u00abGrida forte la Valsusa<br \/>\nche paura non ne ha<br \/>\nsulle barricate sventola<br \/>\nla bandiera dei No Tav!\u00bb<\/p>\n","protected":false},"excerpt":{"rendered":"di Wu Ming 1 Due giorni di mobilitazione come non se ne vedevano da tempo, nemmeno in valle. Un movimento sorretto e sospinto da una popolazione solidale, una popolazione che vive sulla propria pelle la militarizzazione del territorio e le prevaricazioni delle forze dell&#8217;ordine. Una fase che somiglia molto al 2005, ai giorni della Libera [&hellip;]","protected":false},"author":1,"featured_media":46544,"comment_status":"open","ping_status":"open","sticky":false,"template":"","format":"standard","meta":{"footnotes":""},"categories":[8,6],"tags":[4316,959,4464,4465,3158],"class_list":["post-46542","post","type-post","status-publish","format-standard","has-post-thumbnail","hentry","category-editoriali","category-news-e-segnalazioni","tag-la-q-di-qomplotto","tag-no-tav","tag-oltre-la-pandemia","tag-san-didero","tag-valsusa"],"yoast_head":"<!-- This site is optimized with the Yoast SEO plugin v27.5 - https:\/\/yoast.com\/product\/yoast-seo-wordpress\/ -->\n<title>Grazie, Valsusa, che ci apri il cuore e ci riporti alla vita vera! - Giap<\/title>\n<meta name=\"description\" content=\"Un corteo non autorizzato con migliaia di persone che marciano per 11 chilometri, un campeggio solidale, assemblee, presentazioni...\" \/>\n<meta name=\"robots\" content=\"index, follow, max-snippet:-1, max-image-preview:large, max-video-preview:-1\" \/>\n<link rel=\"canonical\" href=\"https:\/\/www.wumingfoundation.com\/giap\/2021\/04\/grazie-valsusa-che-ci-apri-il-cuore-e-ci-riporti-alla-vita-vera\/\" \/>\n<meta property=\"og:locale\" content=\"it_IT\" \/>\n<meta property=\"og:type\" content=\"article\" \/>\n<meta property=\"og:title\" content=\"Grazie, Valsusa, che ci apri il cuore e ci riporti alla vita vera! - Giap\" \/>\n<meta property=\"og:description\" content=\"Un corteo non autorizzato con migliaia di persone che marciano per 11 chilometri, un campeggio solidale, assemblee, presentazioni...\" \/>\n<meta property=\"og:url\" content=\"https:\/\/www.wumingfoundation.com\/giap\/2021\/04\/grazie-valsusa-che-ci-apri-il-cuore-e-ci-riporti-alla-vita-vera\/\" \/>\n<meta property=\"og:site_name\" content=\"Giap\" \/>\n<meta property=\"article:published_time\" content=\"2021-04-19T14:18:59+00:00\" \/>\n<meta property=\"article:modified_time\" content=\"2021-04-19T19:46:33+00:00\" \/>\n<meta property=\"og:image\" content=\"https:\/\/www.wumingfoundation.com\/giap\/wp-content\/uploads\/2021\/04\/presentazione_LQdQ_San_Didero.jpg\" \/>\n\t<meta property=\"og:image:width\" content=\"2000\" \/>\n\t<meta property=\"og:image:height\" content=\"1166\" \/>\n\t<meta property=\"og:image:type\" content=\"image\/jpeg\" \/>\n<meta name=\"author\" content=\"Wu Ming\" \/>\n<meta name=\"twitter:card\" content=\"summary_large_image\" \/>\n<meta name=\"twitter:creator\" content=\"@Wu_Ming_Foundt\" \/>\n<meta name=\"twitter:site\" content=\"@Wu_Ming_Foundt\" \/>\n<meta name=\"twitter:label1\" content=\"Scritto da\" \/>\n\t<meta name=\"twitter:data1\" content=\"Wu Ming\" \/>\n\t<meta name=\"twitter:label2\" content=\"Tempo di lettura stimato\" \/>\n\t<meta name=\"twitter:data2\" content=\"5 minuti\" \/>\n<script type=\"application\/ld+json\" class=\"yoast-schema-graph\">{\"@context\":\"https:\\\/\\\/schema.org\",\"@graph\":[{\"@type\":\"Article\",\"@id\":\"https:\\\/\\\/www.wumingfoundation.com\\\/giap\\\/2021\\\/04\\\/grazie-valsusa-che-ci-apri-il-cuore-e-ci-riporti-alla-vita-vera\\\/#article\",\"isPartOf\":{\"@id\":\"https:\\\/\\\/www.wumingfoundation.com\\\/giap\\\/2021\\\/04\\\/grazie-valsusa-che-ci-apri-il-cuore-e-ci-riporti-alla-vita-vera\\\/\"},\"author\":{\"name\":\"Wu Ming\",\"@id\":\"https:\\\/\\\/www.wumingfoundation.com\\\/giap\\\/#\\\/schema\\\/person\\\/881b1c925aaf48fe6eb5c3970be4458f\"},\"headline\":\"Grazie, Valsusa, che ci apri il cuore e ci riporti alla vita vera!\",\"datePublished\":\"2021-04-19T14:18:59+00:00\",\"dateModified\":\"2021-04-19T19:46:33+00:00\",\"mainEntityOfPage\":{\"@id\":\"https:\\\/\\\/www.wumingfoundation.com\\\/giap\\\/2021\\\/04\\\/grazie-valsusa-che-ci-apri-il-cuore-e-ci-riporti-alla-vita-vera\\\/\"},\"wordCount\":910,\"commentCount\":1,\"image\":{\"@id\":\"https:\\\/\\\/www.wumingfoundation.com\\\/giap\\\/2021\\\/04\\\/grazie-valsusa-che-ci-apri-il-cuore-e-ci-riporti-alla-vita-vera\\\/#primaryimage\"},\"thumbnailUrl\":\"https:\\\/\\\/www.wumingfoundation.com\\\/giap\\\/wp-content\\\/uploads\\\/2021\\\/04\\\/presentazione_LQdQ_San_Didero.jpg\",\"keywords\":[\"La Q di Qomplotto\",\"No Tav\",\"Oltre la pandemia\",\"San Didero\",\"Valsusa\"],\"articleSection\":[\"Esternazioni\",\"Notizie\"],\"inLanguage\":\"it-IT\",\"potentialAction\":[{\"@type\":\"CommentAction\",\"name\":\"Comment\",\"target\":[\"https:\\\/\\\/www.wumingfoundation.com\\\/giap\\\/2021\\\/04\\\/grazie-valsusa-che-ci-apri-il-cuore-e-ci-riporti-alla-vita-vera\\\/#respond\"]}]},{\"@type\":\"WebPage\",\"@id\":\"https:\\\/\\\/www.wumingfoundation.com\\\/giap\\\/2021\\\/04\\\/grazie-valsusa-che-ci-apri-il-cuore-e-ci-riporti-alla-vita-vera\\\/\",\"url\":\"https:\\\/\\\/www.wumingfoundation.com\\\/giap\\\/2021\\\/04\\\/grazie-valsusa-che-ci-apri-il-cuore-e-ci-riporti-alla-vita-vera\\\/\",\"name\":\"Grazie, Valsusa, che ci apri il cuore e ci riporti alla vita vera! - Giap\",\"isPartOf\":{\"@id\":\"https:\\\/\\\/www.wumingfoundation.com\\\/giap\\\/#website\"},\"primaryImageOfPage\":{\"@id\":\"https:\\\/\\\/www.wumingfoundation.com\\\/giap\\\/2021\\\/04\\\/grazie-valsusa-che-ci-apri-il-cuore-e-ci-riporti-alla-vita-vera\\\/#primaryimage\"},\"image\":{\"@id\":\"https:\\\/\\\/www.wumingfoundation.com\\\/giap\\\/2021\\\/04\\\/grazie-valsusa-che-ci-apri-il-cuore-e-ci-riporti-alla-vita-vera\\\/#primaryimage\"},\"thumbnailUrl\":\"https:\\\/\\\/www.wumingfoundation.com\\\/giap\\\/wp-content\\\/uploads\\\/2021\\\/04\\\/presentazione_LQdQ_San_Didero.jpg\",\"datePublished\":\"2021-04-19T14:18:59+00:00\",\"dateModified\":\"2021-04-19T19:46:33+00:00\",\"author\":{\"@id\":\"https:\\\/\\\/www.wumingfoundation.com\\\/giap\\\/#\\\/schema\\\/person\\\/881b1c925aaf48fe6eb5c3970be4458f\"},\"description\":\"Un corteo non autorizzato con migliaia di persone che marciano per 11 chilometri, un campeggio solidale, assemblee, presentazioni...\",\"breadcrumb\":{\"@id\":\"https:\\\/\\\/www.wumingfoundation.com\\\/giap\\\/2021\\\/04\\\/grazie-valsusa-che-ci-apri-il-cuore-e-ci-riporti-alla-vita-vera\\\/#breadcrumb\"},\"inLanguage\":\"it-IT\",\"potentialAction\":[{\"@type\":\"ReadAction\",\"target\":[\"https:\\\/\\\/www.wumingfoundation.com\\\/giap\\\/2021\\\/04\\\/grazie-valsusa-che-ci-apri-il-cuore-e-ci-riporti-alla-vita-vera\\\/\"]}]},{\"@type\":\"ImageObject\",\"inLanguage\":\"it-IT\",\"@id\":\"https:\\\/\\\/www.wumingfoundation.com\\\/giap\\\/2021\\\/04\\\/grazie-valsusa-che-ci-apri-il-cuore-e-ci-riporti-alla-vita-vera\\\/#primaryimage\",\"url\":\"https:\\\/\\\/www.wumingfoundation.com\\\/giap\\\/wp-content\\\/uploads\\\/2021\\\/04\\\/presentazione_LQdQ_San_Didero.jpg\",\"contentUrl\":\"https:\\\/\\\/www.wumingfoundation.com\\\/giap\\\/wp-content\\\/uploads\\\/2021\\\/04\\\/presentazione_LQdQ_San_Didero.jpg\",\"width\":2000,\"height\":1166,\"caption\":\"Piazzale del centro polivalente di San Didero, Valsusa (TO). Presentazione del libro La Q di Qomplotto di Wu Ming 1.\"},{\"@type\":\"BreadcrumbList\",\"@id\":\"https:\\\/\\\/www.wumingfoundation.com\\\/giap\\\/2021\\\/04\\\/grazie-valsusa-che-ci-apri-il-cuore-e-ci-riporti-alla-vita-vera\\\/#breadcrumb\",\"itemListElement\":[{\"@type\":\"ListItem\",\"position\":1,\"name\":\"Home\",\"item\":\"https:\\\/\\\/www.wumingfoundation.com\\\/giap\\\/\"},{\"@type\":\"ListItem\",\"position\":2,\"name\":\"Grazie, Valsusa, che ci apri il cuore e ci riporti alla vita vera!\"}]},{\"@type\":\"WebSite\",\"@id\":\"https:\\\/\\\/www.wumingfoundation.com\\\/giap\\\/#website\",\"url\":\"https:\\\/\\\/www.wumingfoundation.com\\\/giap\\\/\",\"name\":\"Giap\",\"description\":\"Il sito ufficiale di Wu Ming, collettivo di scrittori\",\"potentialAction\":[{\"@type\":\"SearchAction\",\"target\":{\"@type\":\"EntryPoint\",\"urlTemplate\":\"https:\\\/\\\/www.wumingfoundation.com\\\/giap\\\/?s={search_term_string}\"},\"query-input\":{\"@type\":\"PropertyValueSpecification\",\"valueRequired\":true,\"valueName\":\"search_term_string\"}}],\"inLanguage\":\"it-IT\"},{\"@type\":\"Person\",\"@id\":\"https:\\\/\\\/www.wumingfoundation.com\\\/giap\\\/#\\\/schema\\\/person\\\/881b1c925aaf48fe6eb5c3970be4458f\",\"name\":\"Wu Ming\",\"image\":{\"@type\":\"ImageObject\",\"inLanguage\":\"it-IT\",\"@id\":\"https:\\\/\\\/secure.gravatar.com\\\/avatar\\\/1f49001124f0d5b3aeb1d387dbd89e7b48de4c5c15539460ec1c154566c1723c?s=96&d=blank&r=g\",\"url\":\"https:\\\/\\\/secure.gravatar.com\\\/avatar\\\/1f49001124f0d5b3aeb1d387dbd89e7b48de4c5c15539460ec1c154566c1723c?s=96&d=blank&r=g\",\"contentUrl\":\"https:\\\/\\\/secure.gravatar.com\\\/avatar\\\/1f49001124f0d5b3aeb1d387dbd89e7b48de4c5c15539460ec1c154566c1723c?s=96&d=blank&r=g\",\"caption\":\"Wu Ming\"}}]}<\/script>\n<!-- \/ Yoast SEO plugin. -->","yoast_head_json":{"title":"Grazie, Valsusa, che ci apri il cuore e ci riporti alla vita vera! - Giap","description":"Un corteo non autorizzato con migliaia di persone che marciano per 11 chilometri, un campeggio solidale, assemblee, presentazioni...","robots":{"index":"index","follow":"follow","max-snippet":"max-snippet:-1","max-image-preview":"max-image-preview:large","max-video-preview":"max-video-preview:-1"},"canonical":"https:\/\/www.wumingfoundation.com\/giap\/2021\/04\/grazie-valsusa-che-ci-apri-il-cuore-e-ci-riporti-alla-vita-vera\/","og_locale":"it_IT","og_type":"article","og_title":"Grazie, Valsusa, che ci apri il cuore e ci riporti alla vita vera! - Giap","og_description":"Un corteo non autorizzato con migliaia di persone che marciano per 11 chilometri, un campeggio solidale, assemblee, presentazioni...","og_url":"https:\/\/www.wumingfoundation.com\/giap\/2021\/04\/grazie-valsusa-che-ci-apri-il-cuore-e-ci-riporti-alla-vita-vera\/","og_site_name":"Giap","article_published_time":"2021-04-19T14:18:59+00:00","article_modified_time":"2021-04-19T19:46:33+00:00","og_image":[{"width":2000,"height":1166,"url":"https:\/\/www.wumingfoundation.com\/giap\/wp-content\/uploads\/2021\/04\/presentazione_LQdQ_San_Didero.jpg","type":"image\/jpeg"}],"author":"Wu Ming","twitter_card":"summary_large_image","twitter_creator":"@Wu_Ming_Foundt","twitter_site":"@Wu_Ming_Foundt","twitter_misc":{"Scritto da":"Wu Ming","Tempo di lettura stimato":"5 minuti"},"schema":{"@context":"https:\/\/schema.org","@graph":[{"@type":"Article","@id":"https:\/\/www.wumingfoundation.com\/giap\/2021\/04\/grazie-valsusa-che-ci-apri-il-cuore-e-ci-riporti-alla-vita-vera\/#article","isPartOf":{"@id":"https:\/\/www.wumingfoundation.com\/giap\/2021\/04\/grazie-valsusa-che-ci-apri-il-cuore-e-ci-riporti-alla-vita-vera\/"},"author":{"name":"Wu Ming","@id":"https:\/\/www.wumingfoundation.com\/giap\/#\/schema\/person\/881b1c925aaf48fe6eb5c3970be4458f"},"headline":"Grazie, Valsusa, che ci apri il cuore e ci riporti alla vita vera!","datePublished":"2021-04-19T14:18:59+00:00","dateModified":"2021-04-19T19:46:33+00:00","mainEntityOfPage":{"@id":"https:\/\/www.wumingfoundation.com\/giap\/2021\/04\/grazie-valsusa-che-ci-apri-il-cuore-e-ci-riporti-alla-vita-vera\/"},"wordCount":910,"commentCount":1,"image":{"@id":"https:\/\/www.wumingfoundation.com\/giap\/2021\/04\/grazie-valsusa-che-ci-apri-il-cuore-e-ci-riporti-alla-vita-vera\/#primaryimage"},"thumbnailUrl":"https:\/\/www.wumingfoundation.com\/giap\/wp-content\/uploads\/2021\/04\/presentazione_LQdQ_San_Didero.jpg","keywords":["La Q di Qomplotto","No Tav","Oltre la pandemia","San Didero","Valsusa"],"articleSection":["Esternazioni","Notizie"],"inLanguage":"it-IT","potentialAction":[{"@type":"CommentAction","name":"Comment","target":["https:\/\/www.wumingfoundation.com\/giap\/2021\/04\/grazie-valsusa-che-ci-apri-il-cuore-e-ci-riporti-alla-vita-vera\/#respond"]}]},{"@type":"WebPage","@id":"https:\/\/www.wumingfoundation.com\/giap\/2021\/04\/grazie-valsusa-che-ci-apri-il-cuore-e-ci-riporti-alla-vita-vera\/","url":"https:\/\/www.wumingfoundation.com\/giap\/2021\/04\/grazie-valsusa-che-ci-apri-il-cuore-e-ci-riporti-alla-vita-vera\/","name":"Grazie, Valsusa, che ci apri il cuore e ci riporti alla vita vera! - Giap","isPartOf":{"@id":"https:\/\/www.wumingfoundation.com\/giap\/#website"},"primaryImageOfPage":{"@id":"https:\/\/www.wumingfoundation.com\/giap\/2021\/04\/grazie-valsusa-che-ci-apri-il-cuore-e-ci-riporti-alla-vita-vera\/#primaryimage"},"image":{"@id":"https:\/\/www.wumingfoundation.com\/giap\/2021\/04\/grazie-valsusa-che-ci-apri-il-cuore-e-ci-riporti-alla-vita-vera\/#primaryimage"},"thumbnailUrl":"https:\/\/www.wumingfoundation.com\/giap\/wp-content\/uploads\/2021\/04\/presentazione_LQdQ_San_Didero.jpg","datePublished":"2021-04-19T14:18:59+00:00","dateModified":"2021-04-19T19:46:33+00:00","author":{"@id":"https:\/\/www.wumingfoundation.com\/giap\/#\/schema\/person\/881b1c925aaf48fe6eb5c3970be4458f"},"description":"Un corteo non autorizzato con migliaia di persone che marciano per 11 chilometri, un campeggio solidale, assemblee, presentazioni...","breadcrumb":{"@id":"https:\/\/www.wumingfoundation.com\/giap\/2021\/04\/grazie-valsusa-che-ci-apri-il-cuore-e-ci-riporti-alla-vita-vera\/#breadcrumb"},"inLanguage":"it-IT","potentialAction":[{"@type":"ReadAction","target":["https:\/\/www.wumingfoundation.com\/giap\/2021\/04\/grazie-valsusa-che-ci-apri-il-cuore-e-ci-riporti-alla-vita-vera\/"]}]},{"@type":"ImageObject","inLanguage":"it-IT","@id":"https:\/\/www.wumingfoundation.com\/giap\/2021\/04\/grazie-valsusa-che-ci-apri-il-cuore-e-ci-riporti-alla-vita-vera\/#primaryimage","url":"https:\/\/www.wumingfoundation.com\/giap\/wp-content\/uploads\/2021\/04\/presentazione_LQdQ_San_Didero.jpg","contentUrl":"https:\/\/www.wumingfoundation.com\/giap\/wp-content\/uploads\/2021\/04\/presentazione_LQdQ_San_Didero.jpg","width":2000,"height":1166,"caption":"Piazzale del centro polivalente di San Didero, Valsusa (TO). Presentazione del libro La Q di Qomplotto di Wu Ming 1."},{"@type":"BreadcrumbList","@id":"https:\/\/www.wumingfoundation.com\/giap\/2021\/04\/grazie-valsusa-che-ci-apri-il-cuore-e-ci-riporti-alla-vita-vera\/#breadcrumb","itemListElement":[{"@type":"ListItem","position":1,"name":"Home","item":"https:\/\/www.wumingfoundation.com\/giap\/"},{"@type":"ListItem","position":2,"name":"Grazie, Valsusa, che ci apri il cuore e ci riporti alla vita vera!"}]},{"@type":"WebSite","@id":"https:\/\/www.wumingfoundation.com\/giap\/#website","url":"https:\/\/www.wumingfoundation.com\/giap\/","name":"Giap","description":"Il sito ufficiale di Wu Ming, collettivo di scrittori","potentialAction":[{"@type":"SearchAction","target":{"@type":"EntryPoint","urlTemplate":"https:\/\/www.wumingfoundation.com\/giap\/?s={search_term_string}"},"query-input":{"@type":"PropertyValueSpecification","valueRequired":true,"valueName":"search_term_string"}}],"inLanguage":"it-IT"},{"@type":"Person","@id":"https:\/\/www.wumingfoundation.com\/giap\/#\/schema\/person\/881b1c925aaf48fe6eb5c3970be4458f","name":"Wu Ming","image":{"@type":"ImageObject","inLanguage":"it-IT","@id":"https:\/\/secure.gravatar.com\/avatar\/1f49001124f0d5b3aeb1d387dbd89e7b48de4c5c15539460ec1c154566c1723c?s=96&d=blank&r=g","url":"https:\/\/secure.gravatar.com\/avatar\/1f49001124f0d5b3aeb1d387dbd89e7b48de4c5c15539460ec1c154566c1723c?s=96&d=blank&r=g","contentUrl":"https:\/\/secure.gravatar.com\/avatar\/1f49001124f0d5b3aeb1d387dbd89e7b48de4c5c15539460ec1c154566c1723c?s=96&d=blank&r=g","caption":"Wu Ming"}}]}},"_links":{"self":[{"href":"https:\/\/www.wumingfoundation.com\/giap\/wp-json\/wp\/v2\/posts\/46542","targetHints":{"allow":["GET"]}}],"collection":[{"href":"https:\/\/www.wumingfoundation.com\/giap\/wp-json\/wp\/v2\/posts"}],"about":[{"href":"https:\/\/www.wumingfoundation.com\/giap\/wp-json\/wp\/v2\/types\/post"}],"author":[{"embeddable":true,"href":"https:\/\/www.wumingfoundation.com\/giap\/wp-json\/wp\/v2\/users\/1"}],"replies":[{"embeddable":true,"href":"https:\/\/www.wumingfoundation.com\/giap\/wp-json\/wp\/v2\/comments?post=46542"}],"version-history":[{"count":0,"href":"https:\/\/www.wumingfoundation.com\/giap\/wp-json\/wp\/v2\/posts\/46542\/revisions"}],"wp:featuredmedia":[{"embeddable":true,"href":"https:\/\/www.wumingfoundation.com\/giap\/wp-json\/wp\/v2\/media\/46544"}],"wp:attachment":[{"href":"https:\/\/www.wumingfoundation.com\/giap\/wp-json\/wp\/v2\/media?parent=46542"}],"wp:term":[{"taxonomy":"category","embeddable":true,"href":"https:\/\/www.wumingfoundation.com\/giap\/wp-json\/wp\/v2\/categories?post=46542"},{"taxonomy":"post_tag","embeddable":true,"href":"https:\/\/www.wumingfoundation.com\/giap\/wp-json\/wp\/v2\/tags?post=46542"}],"curies":[{"name":"wp","href":"https:\/\/api.w.org\/{rel}","templated":true}]}}