{"id":46381,"date":"2021-03-20T09:18:51","date_gmt":"2021-03-20T08:18:51","guid":{"rendered":"https:\/\/www.wumingfoundation.com\/giap\/?p=46381"},"modified":"2021-03-20T09:25:05","modified_gmt":"2021-03-20T08:25:05","slug":"lappennino-ferito-e-i-miraggi-dello-sci-il-caso-del-corno-alle-scale","status":"publish","type":"post","link":"https:\/\/www.wumingfoundation.com\/giap\/2021\/03\/lappennino-ferito-e-i-miraggi-dello-sci-il-caso-del-corno-alle-scale\/","title":{"rendered":"L&#8217;Appennino ferito e i miraggi dello sci. Il caso del Corno alle Scale."},"content":{"rendered":"<div id=\"attachment_46383\" style=\"width: 360px\" class=\"wp-caption alignright\"><img loading=\"lazy\" decoding=\"async\" aria-describedby=\"caption-attachment-46383\" class=\"wp-image-46383\" src=\"https:\/\/www.wumingfoundation.com\/giap\/wp-content\/uploads\/2021\/03\/lago-scaffaiolo_604a3a11431e2.jpg\" alt=\"\" width=\"350\" height=\"263\" srcset=\"https:\/\/www.wumingfoundation.com\/giap\/wp-content\/uploads\/2021\/03\/lago-scaffaiolo_604a3a11431e2.jpg 1440w, https:\/\/www.wumingfoundation.com\/giap\/wp-content\/uploads\/2021\/03\/lago-scaffaiolo_604a3a11431e2-300x225.jpg 300w, https:\/\/www.wumingfoundation.com\/giap\/wp-content\/uploads\/2021\/03\/lago-scaffaiolo_604a3a11431e2-1024x768.jpg 1024w, https:\/\/www.wumingfoundation.com\/giap\/wp-content\/uploads\/2021\/03\/lago-scaffaiolo_604a3a11431e2-768x576.jpg 768w\" sizes=\"auto, (max-width: 350px) 100vw, 350px\" \/><p id=\"caption-attachment-46383\" class=\"wp-caption-text\">Il lago Scaffaiolo sul Corno alle Scale<\/p><\/div>\n<p>Venerd\u00ec 12 marzo, sul <a href=\"https:\/\/t.me\/wumingfoundation\/385\">nostro canale Telegram<\/a>, abbiamo segnalato la raccolta fondi <strong><a href=\"https:\/\/www.ideaginger.it\/progetti\/questa-e-la-via.html\"><em>Questa \u00e8 la VIA!<\/em><\/a><\/strong>, promossa dal comitato &#8220;Un altro Appennino \u00e8 possibile&#8221;. L&#8217;iniziativa ha lo scopo di incaricare un legale che presenti ricorso al TAR, in merito al progetto di una nuova seggiovia quadriposto, nel <strong>Parco del Corno alle Scale<\/strong>, approvato dalla Regione Emilia-Romagna senza nemmeno una Valutazione di Impatto Ambientale.<\/p>\n<p>Il comitato si proponeva di raggranellare 7000 euro in ventun giorni. In ventiquattr&#8217;ore ne ha incassati pi\u00f9 della met\u00e0, con 160 sottoscrizioni. Luned\u00ec 15, dopo tre giorni esatti, l&#8217;obiettivo era gi\u00e0 raggiunto. Mentre scriviamo queste righe, il crowdfunding ha superato gli <strong>11mila euro, con pi\u00f9 di 400 persone<\/strong> che lo hanno sostenuto. L&#8217;eccedenza, rispetto alla cifra minima prevista, servir\u00e0 per far fronte agli inevitabili imprevisti e per organizzare nuove azioni in seguito al ricorso. Nel frattempo, alle associazioni che fin dall&#8217;inizio aderivano al comitato, se ne sono aggiunte altre, in un&#8217;alleanza senza precedenti tra tutti i principali soggetti che si occupano di escursionismo, ambiente e montagne sul territorio regionale.<\/p>\n<p>Questo straordinario risultato va ben al di l\u00e0 del caso specifico e delle sue ricadute locali. Ci sembra l&#8217;indizio di una mutata sensibilit\u00e0, sia nel rapporto tra metropoli e terre alte, sia in quello tra i cittadini e le amministrazioni pubbliche.<!--more--><\/p>\n<p>Il nuovo impianto di risalita sul Corno alle Scale, proprio in quanto &#8220;nuovo&#8221;, dovrebbe essere sottoposto a una VIA. Ci si aspetterebbe che la Regione assolvesse al suo ruolo di controllo, imponendo ai proponenti di rispettare le regole e le verifiche del caso. Invece, \u00e8 lo stesso soggetto pubblico, <a href=\"https:\/\/www.regione.emilia-romagna.it\/agenzia-di-informazione-e-comunicazione\/archivio-dei-comunicati\/@@comunicatodettaglio_view?codComunicato=97353\">per bocca dell&#8217;assessore al Turismo<\/a>, a specificare che &#8220;non si tratta di una nuova seggiovia ma dell\u2019ammodernamento di quella che gi\u00e0 c\u2019\u00e8, [&#8230;] con nuovi piloni posti a fianco di quelli esistenti, e la successiva eliminazione di quelli vecchi. L\u2019 estensione rispetto al tracciato attuale riguarda soltanto il posizionamento della stazione di partenza, lievemente pi\u00f9 in basso rispetto all\u2019esistente, e di quella di arrivo a quota leggermente superiore.&#8221;<\/p>\n<div id=\"attachment_46384\" style=\"width: 360px\" class=\"wp-caption alignleft\"><a href=\"https:\/\/www.wumingfoundation.com\/giap\/wp-content\/uploads\/2021\/03\/Schermata-2021-03-19-alle-09.47.17.png\"><img loading=\"lazy\" decoding=\"async\" aria-describedby=\"caption-attachment-46384\" class=\"wp-image-46384\" src=\"https:\/\/www.wumingfoundation.com\/giap\/wp-content\/uploads\/2021\/03\/Schermata-2021-03-19-alle-09.47.17.png\" alt=\"\" width=\"350\" height=\"587\" srcset=\"https:\/\/www.wumingfoundation.com\/giap\/wp-content\/uploads\/2021\/03\/Schermata-2021-03-19-alle-09.47.17.png 500w, https:\/\/www.wumingfoundation.com\/giap\/wp-content\/uploads\/2021\/03\/Schermata-2021-03-19-alle-09.47.17-179x300.png 179w\" sizes=\"auto, (max-width: 350px) 100vw, 350px\" \/><\/a><p id=\"caption-attachment-46384\" class=\"wp-caption-text\">In giallo il nuovo impianto, in tratteggio nero i due da smantellare. Clicca per ingrandire.<\/p><\/div>\n<p>Chiunque sappia leggere una mappa, come quella che riportiamo qui a fianco, si rende invece conto che: a) la &#8220;quota leggermente superiore&#8221; sono cento metri di dislivello; b) il nuovo impianto ferisce un&#8217;area nuova, con almeno 200 metri di infrastruttura e una nuova stazione di testa; c) Il nuovo impianto prevede anche una stazione intermedia; d) Dei due impianti &#8220;sostituiti&#8221; dal nuovo, il numero 2 \u00e8 uno skilift e si trova in tutt&#8217;altra posizione.<\/p>\n<p>Se poi, oltre a guardare una mappa, si legge anche qualche documento, ci si accorge che: e) Questo secondo impianto &#8220;sostituito&#8221; dal nuovo, in realt\u00e0 \u00e8 fermo da diversi anni (causa vento) e ha raggiunto nel 2017 il termine previsto dalla legge per la sua &#8220;vita tecnica&#8221;; f) Che l&#8217;altro impianto potrebbe invece lavorare fino al 2039; g) Che anche nell&#8217;area &#8220;gi\u00e0 impattata&#8221; da quest&#8217;impianto la sua &#8220;sostituzione&#8221; comporterebbe nuovi scavi, nuovi plinti in cemento per sostenere i nuovi piloni, e quindi una vasta, pesante cantierizzazione.<\/p>\n<p>Eppure la Regione, con un certo disprezzo per l&#8217;intelligenza dei suoi cittadini, continua a sostenere che il progetto \u00e8 un &#8220;semplice ammodernamento&#8221;, con buona pace (e totale silenzio) di chi si \u00e8 alleato col governatore Bonaccini in campagna elettorale, sventolando la bandiera dell&#8217;ambientalismo e del <strong>Green New Deal<\/strong>.<\/p>\n<p>Ci pare che il successo del crowdfunding sia anche il sintomo dell&#8217;insofferenza diffusa contro un modo di governare che in quest&#8217;anno di pandemia ha raggiunto vertici mai toccati.\u00a0 L&#8217;arbitrio, in fondo, \u00e8 lo stesso di certe ordinanze regionali sulla scuola &#8211; <a href=\"https:\/\/www.wumingfoundation.com\/giap\/2021\/01\/tar-sospende-ordinanza-bonaccini\/\">sospese proprio da alcuni TAR<\/a> &#8211; o dei lockdown portati avanti a suon di Decreti del Presidente del Consiglio dei Ministri, in barba alle garanzie costituzionali (un dettaglio di cui ci si \u00e8 resi conto dopo un annetto, passando alla chetichella a uno strumento giuridico diverso, il Decreto Legge.)<\/p>\n<p>Di recente, <strong>otto escursionisti modenesi<\/strong> sono stati multati da Carabinieri sugli sci, durante una ciaspolata, per aver varcato il confine tra la Provincia di Modena (arancione) e la Citt\u00e0 Metropolitana di Bologna (arancione scuro), proprio sul Corno alle Scale. Un confine invisibile, reso ancor pi\u00f9 incerto dalla neve. \u00c8 emblematico che il potere usi le carte geografiche per sorvegliare &amp; punire, salvo poi dimenticarsele quando si tratta di portare un&#8217;infrastruttura a una &#8220;quota leggermente superiore&#8221;. Ed \u00e8 emblematico che si colpisca come &#8220;invadente&#8221; un&#8217;attivit\u00e0 innocua, economica, all&#8217;aria aperta, priva di impatti ambientali e virali, mentre si sostiene un tipo di turismo costoso, impattante e invasivo.<\/p>\n<p>Per fortuna, sempre pi\u00f9 persone ritengono uno spreco investire quasi 6 milioni di euro in un impianto di risalita, sull&#8217;Appennino settentrionale, a 1700 metri di quota, su un crinale battuto da fortissime raffiche di vento, aggiungendo piloni, cavi e costruzioni in un paesaggio delicato, con lo scopo di aumentare le potenzialit\u00e0 turistiche di un&#8217;area dove gli inverni sono sempre meno nevosi, mentre in estate il rifugio che sarebbe servito dalla nuova seggiovia \u00e8 gi\u00e0 preso d&#8217;assalto, visto che si raggiunge con una salita piacevole, 300 metri di dislivello dal parcheggio pi\u00f9 vicino.<\/p>\n<p>Sempre pi\u00f9 persone ritengono che quella cifra si potrebbe investire, comunque nel turismo, ma con priorit\u00e0 diverse, e vantaggi meglio distribuiti, smettendo di considerare la montagna come un parco giochi a servizio della citt\u00e0, o come una sua estensione, purtroppo meno produttiva.<\/p>\n<p>La battaglia per difendere il <strong>Corno alle Scale<\/strong> \u00e8 appena all&#8217;inizio, ma ci auguriamo che i risultati gi\u00e0 raggiunti dal comitato siano di buon auspicio, e d&#8217;esempio, non solo per l&#8217;Appennino bolognese, ma per tutti i territori investiti da simili &#8220;progetti di sviluppo&#8221;, dal <a href=\"https:\/\/altreconomia.it\/dal-terminillo-alle-cime-bianche-la-montagna-senza-neve-e-quegli-impianti-a-tutti-i-costi\/\">TSM del Terminillo<\/a> al <a href=\"https:\/\/malamente.info\/2019\/02\/19\/sciare-a-tutti-i-costi-a-due-passi-dal-mare-monte-catria-impianti-appennino-marchigiano\/\">Monte Catria<\/a>, dal <a href=\"https:\/\/www.primonumero.it\/2019\/10\/nuove-piste-telecabina-e-impianti-di-innevamento-piu-moderni-campitello-come-cortina\/1530580568\/\">comprensorio del Miletto<\/a> a <a href=\"https:\/\/www.marsicalive.it\/ski-in-the-wood-presentati-i-nuovi-impianti-a-camporotondo-saranno-il-volano-per-il-rilancio-del-turismo\/\">Camporotondo<\/a>.<\/p>\n","protected":false},"excerpt":{"rendered":"Venerd\u00ec 12 marzo, sul nostro canale Telegram, abbiamo segnalato la raccolta fondi Questa \u00e8 la VIA!, promossa dal comitato &#8220;Un altro Appennino \u00e8 possibile&#8221;. L&#8217;iniziativa ha lo scopo di incaricare un legale che presenti ricorso al TAR, in merito al progetto di una nuova seggiovia quadriposto, nel Parco del Corno alle Scale, approvato dalla Regione [&hellip;]","protected":false},"author":44,"featured_media":46383,"comment_status":"open","ping_status":"open","sticky":false,"template":"","format":"standard","meta":{"footnotes":""},"categories":[8,6],"tags":[47,3309,4456,4457,1716],"class_list":["post-46381","post","type-post","status-publish","format-standard","has-post-thumbnail","hentry","category-editoriali","category-news-e-segnalazioni","tag-appennino","tag-cambiamento-climatico","tag-corno-alle-scale","tag-impianti-di-risalita","tag-paesaggio"],"yoast_head":"<!-- This site is optimized with the Yoast SEO plugin v27.5 - https:\/\/yoast.com\/product\/yoast-seo-wordpress\/ -->\n<title>L&#039;Appennino ferito e i miraggi dello sci. Il caso del Corno alle Scale. - Giap<\/title>\n<meta name=\"robots\" content=\"index, follow, max-snippet:-1, max-image-preview:large, max-video-preview:-1\" \/>\n<link rel=\"canonical\" href=\"https:\/\/www.wumingfoundation.com\/giap\/2021\/03\/lappennino-ferito-e-i-miraggi-dello-sci-il-caso-del-corno-alle-scale\/\" \/>\n<meta property=\"og:locale\" content=\"it_IT\" \/>\n<meta property=\"og:type\" content=\"article\" \/>\n<meta property=\"og:title\" content=\"L&#039;Appennino ferito e i miraggi dello sci. Il caso del Corno alle Scale. - Giap\" \/>\n<meta property=\"og:description\" content=\"Venerd\u00ec 12 marzo, sul nostro canale Telegram, abbiamo segnalato la raccolta fondi Questa \u00e8 la VIA!, promossa dal comitato &#8220;Un altro Appennino \u00e8 possibile&#8221;. L&#8217;iniziativa ha lo scopo di incaricare un legale che presenti ricorso al TAR, in merito al progetto di una nuova seggiovia quadriposto, nel Parco del Corno alle Scale, approvato dalla Regione [&hellip;]\" \/>\n<meta property=\"og:url\" content=\"https:\/\/www.wumingfoundation.com\/giap\/2021\/03\/lappennino-ferito-e-i-miraggi-dello-sci-il-caso-del-corno-alle-scale\/\" \/>\n<meta property=\"og:site_name\" content=\"Giap\" \/>\n<meta property=\"article:published_time\" content=\"2021-03-20T08:18:51+00:00\" \/>\n<meta property=\"article:modified_time\" content=\"2021-03-20T08:25:05+00:00\" \/>\n<meta property=\"og:image\" content=\"https:\/\/www.wumingfoundation.com\/giap\/wp-content\/uploads\/2021\/03\/lago-scaffaiolo_604a3a11431e2.jpg\" \/>\n\t<meta property=\"og:image:width\" content=\"1440\" \/>\n\t<meta property=\"og:image:height\" content=\"1080\" \/>\n\t<meta property=\"og:image:type\" content=\"image\/jpeg\" \/>\n<meta name=\"author\" content=\"Wu Ming 2\" \/>\n<meta name=\"twitter:card\" content=\"summary_large_image\" \/>\n<meta name=\"twitter:creator\" content=\"@Wu_Ming_Foundt\" \/>\n<meta name=\"twitter:site\" content=\"@Wu_Ming_Foundt\" \/>\n<meta name=\"twitter:label1\" content=\"Scritto da\" \/>\n\t<meta name=\"twitter:data1\" content=\"Wu Ming 2\" \/>\n\t<meta name=\"twitter:label2\" content=\"Tempo di lettura stimato\" \/>\n\t<meta name=\"twitter:data2\" content=\"5 minuti\" \/>\n<script type=\"application\/ld+json\" class=\"yoast-schema-graph\">{\"@context\":\"https:\\\/\\\/schema.org\",\"@graph\":[{\"@type\":\"Article\",\"@id\":\"https:\\\/\\\/www.wumingfoundation.com\\\/giap\\\/2021\\\/03\\\/lappennino-ferito-e-i-miraggi-dello-sci-il-caso-del-corno-alle-scale\\\/#article\",\"isPartOf\":{\"@id\":\"https:\\\/\\\/www.wumingfoundation.com\\\/giap\\\/2021\\\/03\\\/lappennino-ferito-e-i-miraggi-dello-sci-il-caso-del-corno-alle-scale\\\/\"},\"author\":{\"name\":\"Wu Ming 2\",\"@id\":\"https:\\\/\\\/www.wumingfoundation.com\\\/giap\\\/#\\\/schema\\\/person\\\/f3c43d7ffa31996d560ff94e1cba5eca\"},\"headline\":\"L&#8217;Appennino ferito e i miraggi dello sci. Il caso del Corno alle Scale.\",\"datePublished\":\"2021-03-20T08:18:51+00:00\",\"dateModified\":\"2021-03-20T08:25:05+00:00\",\"mainEntityOfPage\":{\"@id\":\"https:\\\/\\\/www.wumingfoundation.com\\\/giap\\\/2021\\\/03\\\/lappennino-ferito-e-i-miraggi-dello-sci-il-caso-del-corno-alle-scale\\\/\"},\"wordCount\":976,\"commentCount\":5,\"image\":{\"@id\":\"https:\\\/\\\/www.wumingfoundation.com\\\/giap\\\/2021\\\/03\\\/lappennino-ferito-e-i-miraggi-dello-sci-il-caso-del-corno-alle-scale\\\/#primaryimage\"},\"thumbnailUrl\":\"https:\\\/\\\/www.wumingfoundation.com\\\/giap\\\/wp-content\\\/uploads\\\/2021\\\/03\\\/lago-scaffaiolo_604a3a11431e2.jpg\",\"keywords\":[\"Appennino\",\"cambiamento climatico\",\"Corno alle Scale\",\"impianti di risalita\",\"paesaggio\"],\"articleSection\":[\"Esternazioni\",\"Notizie\"],\"inLanguage\":\"it-IT\",\"potentialAction\":[{\"@type\":\"CommentAction\",\"name\":\"Comment\",\"target\":[\"https:\\\/\\\/www.wumingfoundation.com\\\/giap\\\/2021\\\/03\\\/lappennino-ferito-e-i-miraggi-dello-sci-il-caso-del-corno-alle-scale\\\/#respond\"]}]},{\"@type\":\"WebPage\",\"@id\":\"https:\\\/\\\/www.wumingfoundation.com\\\/giap\\\/2021\\\/03\\\/lappennino-ferito-e-i-miraggi-dello-sci-il-caso-del-corno-alle-scale\\\/\",\"url\":\"https:\\\/\\\/www.wumingfoundation.com\\\/giap\\\/2021\\\/03\\\/lappennino-ferito-e-i-miraggi-dello-sci-il-caso-del-corno-alle-scale\\\/\",\"name\":\"L'Appennino ferito e i miraggi dello sci. Il caso del Corno alle Scale. - Giap\",\"isPartOf\":{\"@id\":\"https:\\\/\\\/www.wumingfoundation.com\\\/giap\\\/#website\"},\"primaryImageOfPage\":{\"@id\":\"https:\\\/\\\/www.wumingfoundation.com\\\/giap\\\/2021\\\/03\\\/lappennino-ferito-e-i-miraggi-dello-sci-il-caso-del-corno-alle-scale\\\/#primaryimage\"},\"image\":{\"@id\":\"https:\\\/\\\/www.wumingfoundation.com\\\/giap\\\/2021\\\/03\\\/lappennino-ferito-e-i-miraggi-dello-sci-il-caso-del-corno-alle-scale\\\/#primaryimage\"},\"thumbnailUrl\":\"https:\\\/\\\/www.wumingfoundation.com\\\/giap\\\/wp-content\\\/uploads\\\/2021\\\/03\\\/lago-scaffaiolo_604a3a11431e2.jpg\",\"datePublished\":\"2021-03-20T08:18:51+00:00\",\"dateModified\":\"2021-03-20T08:25:05+00:00\",\"author\":{\"@id\":\"https:\\\/\\\/www.wumingfoundation.com\\\/giap\\\/#\\\/schema\\\/person\\\/f3c43d7ffa31996d560ff94e1cba5eca\"},\"breadcrumb\":{\"@id\":\"https:\\\/\\\/www.wumingfoundation.com\\\/giap\\\/2021\\\/03\\\/lappennino-ferito-e-i-miraggi-dello-sci-il-caso-del-corno-alle-scale\\\/#breadcrumb\"},\"inLanguage\":\"it-IT\",\"potentialAction\":[{\"@type\":\"ReadAction\",\"target\":[\"https:\\\/\\\/www.wumingfoundation.com\\\/giap\\\/2021\\\/03\\\/lappennino-ferito-e-i-miraggi-dello-sci-il-caso-del-corno-alle-scale\\\/\"]}]},{\"@type\":\"ImageObject\",\"inLanguage\":\"it-IT\",\"@id\":\"https:\\\/\\\/www.wumingfoundation.com\\\/giap\\\/2021\\\/03\\\/lappennino-ferito-e-i-miraggi-dello-sci-il-caso-del-corno-alle-scale\\\/#primaryimage\",\"url\":\"https:\\\/\\\/www.wumingfoundation.com\\\/giap\\\/wp-content\\\/uploads\\\/2021\\\/03\\\/lago-scaffaiolo_604a3a11431e2.jpg\",\"contentUrl\":\"https:\\\/\\\/www.wumingfoundation.com\\\/giap\\\/wp-content\\\/uploads\\\/2021\\\/03\\\/lago-scaffaiolo_604a3a11431e2.jpg\",\"width\":1440,\"height\":1080},{\"@type\":\"BreadcrumbList\",\"@id\":\"https:\\\/\\\/www.wumingfoundation.com\\\/giap\\\/2021\\\/03\\\/lappennino-ferito-e-i-miraggi-dello-sci-il-caso-del-corno-alle-scale\\\/#breadcrumb\",\"itemListElement\":[{\"@type\":\"ListItem\",\"position\":1,\"name\":\"Home\",\"item\":\"https:\\\/\\\/www.wumingfoundation.com\\\/giap\\\/\"},{\"@type\":\"ListItem\",\"position\":2,\"name\":\"L&#8217;Appennino ferito e i miraggi dello sci. Il caso del Corno alle Scale.\"}]},{\"@type\":\"WebSite\",\"@id\":\"https:\\\/\\\/www.wumingfoundation.com\\\/giap\\\/#website\",\"url\":\"https:\\\/\\\/www.wumingfoundation.com\\\/giap\\\/\",\"name\":\"Giap\",\"description\":\"Il sito ufficiale di Wu Ming, collettivo di scrittori\",\"potentialAction\":[{\"@type\":\"SearchAction\",\"target\":{\"@type\":\"EntryPoint\",\"urlTemplate\":\"https:\\\/\\\/www.wumingfoundation.com\\\/giap\\\/?s={search_term_string}\"},\"query-input\":{\"@type\":\"PropertyValueSpecification\",\"valueRequired\":true,\"valueName\":\"search_term_string\"}}],\"inLanguage\":\"it-IT\"},{\"@type\":\"Person\",\"@id\":\"https:\\\/\\\/www.wumingfoundation.com\\\/giap\\\/#\\\/schema\\\/person\\\/f3c43d7ffa31996d560ff94e1cba5eca\",\"name\":\"Wu Ming 2\",\"image\":{\"@type\":\"ImageObject\",\"inLanguage\":\"it-IT\",\"@id\":\"https:\\\/\\\/secure.gravatar.com\\\/avatar\\\/d63e960df9f6cf3ac3a1c626713f7b755664610b67bca6c6e49710257e90c03b?s=96&d=blank&r=g\",\"url\":\"https:\\\/\\\/secure.gravatar.com\\\/avatar\\\/d63e960df9f6cf3ac3a1c626713f7b755664610b67bca6c6e49710257e90c03b?s=96&d=blank&r=g\",\"contentUrl\":\"https:\\\/\\\/secure.gravatar.com\\\/avatar\\\/d63e960df9f6cf3ac3a1c626713f7b755664610b67bca6c6e49710257e90c03b?s=96&d=blank&r=g\",\"caption\":\"Wu Ming 2\"},\"sameAs\":[\"http:\\\/\\\/www.wumingfoundation.com\"]}]}<\/script>\n<!-- \/ Yoast SEO plugin. -->","yoast_head_json":{"title":"L'Appennino ferito e i miraggi dello sci. Il caso del Corno alle Scale. - Giap","robots":{"index":"index","follow":"follow","max-snippet":"max-snippet:-1","max-image-preview":"max-image-preview:large","max-video-preview":"max-video-preview:-1"},"canonical":"https:\/\/www.wumingfoundation.com\/giap\/2021\/03\/lappennino-ferito-e-i-miraggi-dello-sci-il-caso-del-corno-alle-scale\/","og_locale":"it_IT","og_type":"article","og_title":"L'Appennino ferito e i miraggi dello sci. Il caso del Corno alle Scale. - Giap","og_description":"Venerd\u00ec 12 marzo, sul nostro canale Telegram, abbiamo segnalato la raccolta fondi Questa \u00e8 la VIA!, promossa dal comitato &#8220;Un altro Appennino \u00e8 possibile&#8221;. L&#8217;iniziativa ha lo scopo di incaricare un legale che presenti ricorso al TAR, in merito al progetto di una nuova seggiovia quadriposto, nel Parco del Corno alle Scale, approvato dalla Regione [&hellip;]","og_url":"https:\/\/www.wumingfoundation.com\/giap\/2021\/03\/lappennino-ferito-e-i-miraggi-dello-sci-il-caso-del-corno-alle-scale\/","og_site_name":"Giap","article_published_time":"2021-03-20T08:18:51+00:00","article_modified_time":"2021-03-20T08:25:05+00:00","og_image":[{"width":1440,"height":1080,"url":"https:\/\/www.wumingfoundation.com\/giap\/wp-content\/uploads\/2021\/03\/lago-scaffaiolo_604a3a11431e2.jpg","type":"image\/jpeg"}],"author":"Wu Ming 2","twitter_card":"summary_large_image","twitter_creator":"@Wu_Ming_Foundt","twitter_site":"@Wu_Ming_Foundt","twitter_misc":{"Scritto da":"Wu Ming 2","Tempo di lettura stimato":"5 minuti"},"schema":{"@context":"https:\/\/schema.org","@graph":[{"@type":"Article","@id":"https:\/\/www.wumingfoundation.com\/giap\/2021\/03\/lappennino-ferito-e-i-miraggi-dello-sci-il-caso-del-corno-alle-scale\/#article","isPartOf":{"@id":"https:\/\/www.wumingfoundation.com\/giap\/2021\/03\/lappennino-ferito-e-i-miraggi-dello-sci-il-caso-del-corno-alle-scale\/"},"author":{"name":"Wu Ming 2","@id":"https:\/\/www.wumingfoundation.com\/giap\/#\/schema\/person\/f3c43d7ffa31996d560ff94e1cba5eca"},"headline":"L&#8217;Appennino ferito e i miraggi dello sci. Il caso del Corno alle Scale.","datePublished":"2021-03-20T08:18:51+00:00","dateModified":"2021-03-20T08:25:05+00:00","mainEntityOfPage":{"@id":"https:\/\/www.wumingfoundation.com\/giap\/2021\/03\/lappennino-ferito-e-i-miraggi-dello-sci-il-caso-del-corno-alle-scale\/"},"wordCount":976,"commentCount":5,"image":{"@id":"https:\/\/www.wumingfoundation.com\/giap\/2021\/03\/lappennino-ferito-e-i-miraggi-dello-sci-il-caso-del-corno-alle-scale\/#primaryimage"},"thumbnailUrl":"https:\/\/www.wumingfoundation.com\/giap\/wp-content\/uploads\/2021\/03\/lago-scaffaiolo_604a3a11431e2.jpg","keywords":["Appennino","cambiamento climatico","Corno alle Scale","impianti di risalita","paesaggio"],"articleSection":["Esternazioni","Notizie"],"inLanguage":"it-IT","potentialAction":[{"@type":"CommentAction","name":"Comment","target":["https:\/\/www.wumingfoundation.com\/giap\/2021\/03\/lappennino-ferito-e-i-miraggi-dello-sci-il-caso-del-corno-alle-scale\/#respond"]}]},{"@type":"WebPage","@id":"https:\/\/www.wumingfoundation.com\/giap\/2021\/03\/lappennino-ferito-e-i-miraggi-dello-sci-il-caso-del-corno-alle-scale\/","url":"https:\/\/www.wumingfoundation.com\/giap\/2021\/03\/lappennino-ferito-e-i-miraggi-dello-sci-il-caso-del-corno-alle-scale\/","name":"L'Appennino ferito e i miraggi dello sci. Il caso del Corno alle Scale. - Giap","isPartOf":{"@id":"https:\/\/www.wumingfoundation.com\/giap\/#website"},"primaryImageOfPage":{"@id":"https:\/\/www.wumingfoundation.com\/giap\/2021\/03\/lappennino-ferito-e-i-miraggi-dello-sci-il-caso-del-corno-alle-scale\/#primaryimage"},"image":{"@id":"https:\/\/www.wumingfoundation.com\/giap\/2021\/03\/lappennino-ferito-e-i-miraggi-dello-sci-il-caso-del-corno-alle-scale\/#primaryimage"},"thumbnailUrl":"https:\/\/www.wumingfoundation.com\/giap\/wp-content\/uploads\/2021\/03\/lago-scaffaiolo_604a3a11431e2.jpg","datePublished":"2021-03-20T08:18:51+00:00","dateModified":"2021-03-20T08:25:05+00:00","author":{"@id":"https:\/\/www.wumingfoundation.com\/giap\/#\/schema\/person\/f3c43d7ffa31996d560ff94e1cba5eca"},"breadcrumb":{"@id":"https:\/\/www.wumingfoundation.com\/giap\/2021\/03\/lappennino-ferito-e-i-miraggi-dello-sci-il-caso-del-corno-alle-scale\/#breadcrumb"},"inLanguage":"it-IT","potentialAction":[{"@type":"ReadAction","target":["https:\/\/www.wumingfoundation.com\/giap\/2021\/03\/lappennino-ferito-e-i-miraggi-dello-sci-il-caso-del-corno-alle-scale\/"]}]},{"@type":"ImageObject","inLanguage":"it-IT","@id":"https:\/\/www.wumingfoundation.com\/giap\/2021\/03\/lappennino-ferito-e-i-miraggi-dello-sci-il-caso-del-corno-alle-scale\/#primaryimage","url":"https:\/\/www.wumingfoundation.com\/giap\/wp-content\/uploads\/2021\/03\/lago-scaffaiolo_604a3a11431e2.jpg","contentUrl":"https:\/\/www.wumingfoundation.com\/giap\/wp-content\/uploads\/2021\/03\/lago-scaffaiolo_604a3a11431e2.jpg","width":1440,"height":1080},{"@type":"BreadcrumbList","@id":"https:\/\/www.wumingfoundation.com\/giap\/2021\/03\/lappennino-ferito-e-i-miraggi-dello-sci-il-caso-del-corno-alle-scale\/#breadcrumb","itemListElement":[{"@type":"ListItem","position":1,"name":"Home","item":"https:\/\/www.wumingfoundation.com\/giap\/"},{"@type":"ListItem","position":2,"name":"L&#8217;Appennino ferito e i miraggi dello sci. Il caso del Corno alle Scale."}]},{"@type":"WebSite","@id":"https:\/\/www.wumingfoundation.com\/giap\/#website","url":"https:\/\/www.wumingfoundation.com\/giap\/","name":"Giap","description":"Il sito ufficiale di Wu Ming, collettivo di scrittori","potentialAction":[{"@type":"SearchAction","target":{"@type":"EntryPoint","urlTemplate":"https:\/\/www.wumingfoundation.com\/giap\/?s={search_term_string}"},"query-input":{"@type":"PropertyValueSpecification","valueRequired":true,"valueName":"search_term_string"}}],"inLanguage":"it-IT"},{"@type":"Person","@id":"https:\/\/www.wumingfoundation.com\/giap\/#\/schema\/person\/f3c43d7ffa31996d560ff94e1cba5eca","name":"Wu Ming 2","image":{"@type":"ImageObject","inLanguage":"it-IT","@id":"https:\/\/secure.gravatar.com\/avatar\/d63e960df9f6cf3ac3a1c626713f7b755664610b67bca6c6e49710257e90c03b?s=96&d=blank&r=g","url":"https:\/\/secure.gravatar.com\/avatar\/d63e960df9f6cf3ac3a1c626713f7b755664610b67bca6c6e49710257e90c03b?s=96&d=blank&r=g","contentUrl":"https:\/\/secure.gravatar.com\/avatar\/d63e960df9f6cf3ac3a1c626713f7b755664610b67bca6c6e49710257e90c03b?s=96&d=blank&r=g","caption":"Wu Ming 2"},"sameAs":["http:\/\/www.wumingfoundation.com"]}]}},"_links":{"self":[{"href":"https:\/\/www.wumingfoundation.com\/giap\/wp-json\/wp\/v2\/posts\/46381","targetHints":{"allow":["GET"]}}],"collection":[{"href":"https:\/\/www.wumingfoundation.com\/giap\/wp-json\/wp\/v2\/posts"}],"about":[{"href":"https:\/\/www.wumingfoundation.com\/giap\/wp-json\/wp\/v2\/types\/post"}],"author":[{"embeddable":true,"href":"https:\/\/www.wumingfoundation.com\/giap\/wp-json\/wp\/v2\/users\/44"}],"replies":[{"embeddable":true,"href":"https:\/\/www.wumingfoundation.com\/giap\/wp-json\/wp\/v2\/comments?post=46381"}],"version-history":[{"count":0,"href":"https:\/\/www.wumingfoundation.com\/giap\/wp-json\/wp\/v2\/posts\/46381\/revisions"}],"wp:featuredmedia":[{"embeddable":true,"href":"https:\/\/www.wumingfoundation.com\/giap\/wp-json\/wp\/v2\/media\/46383"}],"wp:attachment":[{"href":"https:\/\/www.wumingfoundation.com\/giap\/wp-json\/wp\/v2\/media?parent=46381"}],"wp:term":[{"taxonomy":"category","embeddable":true,"href":"https:\/\/www.wumingfoundation.com\/giap\/wp-json\/wp\/v2\/categories?post=46381"},{"taxonomy":"post_tag","embeddable":true,"href":"https:\/\/www.wumingfoundation.com\/giap\/wp-json\/wp\/v2\/tags?post=46381"}],"curies":[{"name":"wp","href":"https:\/\/api.w.org\/{rel}","templated":true}]}}