{"id":46059,"date":"2021-01-15T12:07:26","date_gmt":"2021-01-15T11:07:26","guid":{"rendered":"https:\/\/www.wumingfoundation.com\/giap\/?p=46059"},"modified":"2021-01-15T16:23:15","modified_gmt":"2021-01-15T15:23:15","slug":"tar-sospende-ordinanza-bonaccini","status":"publish","type":"post","link":"https:\/\/www.wumingfoundation.com\/giap\/2021\/01\/tar-sospende-ordinanza-bonaccini\/","title":{"rendered":"Intanto una vittoria: il TAR dell&#8217;Emilia-Romagna ha sospeso l&#8217;ordinanza di Bunazz\u00e9n sulle scuole"},"content":{"rendered":"<p><a href=\"https:\/\/www.wumingfoundation.com\/giap\/wp-content\/uploads\/2021\/01\/scuolasicurascuolaaperta.jpg\"><img loading=\"lazy\" decoding=\"async\" class=\"alignright wp-image-46063\" src=\"https:\/\/www.wumingfoundation.com\/giap\/wp-content\/uploads\/2021\/01\/scuolasicurascuolaaperta.jpg\" alt=\"\" width=\"350\" height=\"270\" \/><\/a>Il TAR dell&#8217;Emilia-Romagna ha sospeso l&#8217;ordinanza del governatore <strong>Bonaccini<\/strong>, con la quale si disponeva che le scuole superiori della Regione restassero in DAD al 100% fino al 25 gennaio, diversamente da quanto previsto nell&#8217;ultimo DPCM, dove invece erano previste lezioni in presenza al 50% a partire da luned\u00ec scorso.<\/p>\n<p>Tra <strong>i 21 firmatari del ricorso<\/strong>, tutti genitori di studenti e studentesse, ci siamo anche noi tre Wu Ming, e siamo ovviamenti molto contenti di questo risultato.<\/p>\n<p>Il tribunale ha chiarito che la Regione ha compiuto un abuso di potere, scavalcando il decreto nazionale, in quanto:<!--more--><\/p>\n<p>a) \u00abnel provvedimento regionale non vi e\u0300 riferimento a dati o indici specificatamente e univocamente attinenti al settore della scuola secondaria di secondo grado\u00bb;<\/p>\n<p>b) \u00above avvenuta, la rilevazione della situazione epidemiologica da cui trarrebbe linfa la qui contestata misura si riferirebbe comunque ad un periodo temporale durante il quale le scuole secondarie erano chiuse da tempo\u00bb;<\/p>\n<p>c) \u00abnon sono indicati fatti, circostanze ed elementi di giudizio che indurrebbero ad un\u00a0 pronostico circa un piu\u0300 che probabile incremento del contagio riferibile all\u2019attivita\u0300 scolastica in presenza nelle scuole secondarie di secondo grado\u00bb;<\/p>\n<p>d) \u00abin ogni caso neppure e\u0300 ventilata l\u2019ipotesi secondo cui il virus si diffonderebbe nei siti scolastici distribuiti sul territorio regionale piu\u0300 che in altri contesti\u00bb;<\/p>\n<p>e) Di conseguenza, l&#8217;ordinanza \u00abva immotivatamente a comprimere, se non a conculcare integralmente, il diritto degli adolescenti a frequentare di persona la scuola, quale luogo di istruzione e apprendimento culturale nonche\u0300 di socializzazione, formazione e sviluppo della personalita\u0300, condizioni di benessere che non appaiono adeguatamente (se non sufficientemente) assicurate con la modalita\u0300 in DAD, a mezzo dell\u2019utilizzo di strumenti tecnici costituiti da videoterminali (di cui peraltro verosimilmente non tutta la popolazione scolastica interessata e\u0300 dotata)\u00bb;<\/p>\n<p>f) \u00abl\u2019attivita\u0300 amministrativa di adozione di misure fronteggianti situazioni di pur cosi\u0300 notevole gravita\u0300 non puo\u0300 spingersi al punto tale da sacrificare in toto altri interessi costituzionalmente protetti\u00bb;<\/p>\n<p>g) \u00abd\u2019altra parte riguardo alla &#8220;necessita\u0300 di evitare assembramenti e sovraffollamenti&#8221; , l\u2019Amministrazione procedente puo\u0300 agire con misure che incidono, &#8220;a monte&#8221; sul problema del trasporto pubblico di cui si avvale l\u2019utenza scolastica e &#8220;a valle&#8221; con misure organizzative quali la turnazione degli alunni e la diversificazione degli orari di ingresso a scuola\u00bb.<\/p>\n<p>In sintesi, il risultato politico pi\u00f9 evidente di questo ricorso \u2013 e di altri simili, come quello lombardo \u2013 \u00e8 che i governatori regionali non possono pi\u00f9 comportarsi come <em>caudillos<\/em> che dettano legge sulla chiusura e la riapertura delle scuole.<\/p>\n<p>Riapertura che, tuttavia, non \u00e8 affatto scontata. Nuovi Dpcm e zone rosse potrebbero ancora tenere in casa i ragazzi e le ragazze delle superiori. Per questo in varie parti d&#8217;Italia studentesse e studenti \u2013 ma anche insegnanti \u2013 si mobilitano contro la Dad. Decine di pres\u00ecdi davanti alle scuole, gi\u00e0 tre licei occupati a Milano. Occorre estendere la lotta.<\/p>\n<p>Ecco perch\u00e9 <strong>oggi pomeriggio, alle 17.30, saremo sotto la sede della Regione E-R<\/strong>, in viale Aldo Moro. Non per cantare vittoria, ma per continuare la battaglia per la scuola.<\/p>\n<h4 style=\"text-align: center;\"><a href=\"https:\/\/www.wumingfoundation.com\/Tribunale_Amministrativo_Regionale_Emilia_Romagna,_Decreto_n_30.pdf\">Scarica il decreto del Tar (Pdf)<\/a><\/h4>\n<h4><strong>Postilla<\/strong><\/h4>\n<p>La sentenza del tribunale amministrativo dell&#8217;Emilia-Romagna \u00e8 stata immediatamente recepita dal governatore Bonaccini, che ha annunciato la riapertura scolastica da luned\u00ec prossimo. Nel giro di poche ore \u00e8 arrivato anche il nuovo DPCM del governo che, almeno per le regioni che non sono &#8220;rosse&#8221;, prevede la riapertura delle scuole in presenza in percentuale variabile dal 50 al 75%.<br \/>\nDopo giornate di protesta davanti agli istituti, pres\u00ecdi, occupazione di scuole, gesti dimostrativi, la politica non ha pi\u00f9 retto la parte ed \u00e8 dovuta scendere a pi\u00f9 miti consigli. La lotta paga.<br \/>\nRiproduciamo e sottoscriviamo il commento di <strong>Girolamo De Michele<\/strong>:<\/p>\n<blockquote><p>\u00abSenza trionfalismi, col massimo di calma e ponderatezza possibile: \u00e8 la prova che si pu\u00f2 fare. Senza fasciarsi la testa in anticipo, senza precludersi alcuna strada e alcuna possibilit\u00e0 di azione e interlocuzione (salvo rossobruni, Ku Klux Klan e QAnon ;-)), senza dar nulla e nessuno per scontato. Il mondo della scuola \u00e8 molto pi\u00f9 complesso, stratificato e problematico di quel che appare in superficie: chi, al di l\u00e0 delle retoriche consunte, ci sta dentro per davvero lo sa, e sa anche la fatica del lavoro quotidiano, sia in classe che fuori. Che non ci siano masse di lavoratori della scuola pronte a mobilitarsi \u00e8 un fatto, un problema e, aggiungo, un rompicapo: che sotto la superficie le acque siano meno morte di quel che sembra, e che di questo qualcosa filtri sino alle stanze del TAR (e, spero, non solo quelle), sembra essere altrettanto vero. Certo, se scuola e sanit\u00e0 (su questo @filosottile ha ragione), e magari anche trasporti, si mobilitassero insieme non ci sarebbe governo che potrebbe tenere: \u00e8 un obiettivo da conseguire, in tempi che temo non saranno brevi. Se nel frattempo ciascuno \u2013 insegnanti, ATA, studenti, genitori \u2013 fanno quel che \u00e8 in loro potere fare, piccoli o meno piccoli spostamenti sono ancora fattibili. E non solo nel mondo della scuola.\u00bb<\/p><\/blockquote>\n<p>Il problema che abbiamo ora \u00e8 quello delle regioni &#8220;rosse&#8221;, attuali o prossime venture. Ed \u00e8 un problema nazionale, che va posto al governo centrale per mettere fine al carosello delle riaperture e chiusure scolastiche. Serve una linea generale: bisogna fare di tutto perch\u00e9 la scuola resti aperta, riducendo al minimo l&#8217;impatto sulla diffusione dei contagi. La scuola, come pilastro sociale dove si forma la prossima generazione, va tutelata assolutamente. Mentre in questo lungo anno pandemico si \u00e8 ragionato esattamente all&#8217;opposto: la scuola \u00e8 stata considerata l&#8217;attivit\u00e0 pi\u00f9 sacrificabile, perch\u00e9 economicamente improduttiva, perch\u00e9 i minorenni non votano, perch\u00e9 organizzare i trasporti e gli spazi adeguati era troppo complicato. Bisogna ribaltare completamente la prospettiva. Avanti.<\/p>\n","protected":false},"excerpt":{"rendered":"Il TAR dell&#8217;Emilia-Romagna ha sospeso l&#8217;ordinanza del governatore Bonaccini, con la quale si disponeva che le scuole superiori della Regione restassero in DAD al 100% fino al 25 gennaio, diversamente da quanto previsto nell&#8217;ultimo DPCM, dove invece erano previste lezioni in presenza al 50% a partire da luned\u00ec scorso. Tra i 21 firmatari del ricorso, [&hellip;]","protected":false},"author":117,"featured_media":46063,"comment_status":"open","ping_status":"open","sticky":false,"template":"","format":"standard","meta":{"footnotes":""},"categories":[6],"tags":[4400,4362,4403,4402,1442,1582,4401],"class_list":["post-46059","post","type-post","status-publish","format-standard","has-post-thumbnail","hentry","category-news-e-segnalazioni","tag-bonaccini","tag-dad","tag-emergenza-covid","tag-ricorso-al-tar","tag-scuola","tag-scuola-pubblica","tag-tar"],"yoast_head":"<!-- This site is optimized with the Yoast SEO plugin v27.5 - https:\/\/yoast.com\/product\/yoast-seo-wordpress\/ -->\n<title>Intanto una vittoria: il TAR dell&#039;Emilia-Romagna ha sospeso l&#039;ordinanza di Bunazz\u00e9n sulle scuole - Giap<\/title>\n<meta name=\"description\" content=\"Il TAR Emilia-Romagna sospende l&#039;ordinanza con cui il governatore Bonaccini imponeva alle scuole superiori di restare in DAD al 100% fino al 25\/01.\" \/>\n<meta name=\"robots\" content=\"index, follow, max-snippet:-1, max-image-preview:large, max-video-preview:-1\" \/>\n<link rel=\"canonical\" href=\"https:\/\/www.wumingfoundation.com\/giap\/2021\/01\/tar-sospende-ordinanza-bonaccini\/\" \/>\n<meta property=\"og:locale\" content=\"it_IT\" \/>\n<meta property=\"og:type\" content=\"article\" \/>\n<meta property=\"og:title\" content=\"Intanto una vittoria: il TAR dell&#039;Emilia-Romagna ha sospeso l&#039;ordinanza di Bunazz\u00e9n sulle scuole - Giap\" \/>\n<meta property=\"og:description\" content=\"Il TAR Emilia-Romagna sospende l&#039;ordinanza con cui il governatore Bonaccini imponeva alle scuole superiori di restare in DAD al 100% fino al 25\/01.\" \/>\n<meta property=\"og:url\" content=\"https:\/\/www.wumingfoundation.com\/giap\/2021\/01\/tar-sospende-ordinanza-bonaccini\/\" \/>\n<meta property=\"og:site_name\" content=\"Giap\" \/>\n<meta property=\"article:published_time\" content=\"2021-01-15T11:07:26+00:00\" \/>\n<meta property=\"article:modified_time\" content=\"2021-01-15T15:23:15+00:00\" \/>\n<meta property=\"og:image\" content=\"https:\/\/www.wumingfoundation.com\/giap\/wp-content\/uploads\/2021\/01\/scuolasicurascuolaaperta.jpg\" \/>\n\t<meta property=\"og:image:width\" content=\"1401\" \/>\n\t<meta property=\"og:image:height\" content=\"1081\" \/>\n\t<meta property=\"og:image:type\" content=\"image\/jpeg\" \/>\n<meta name=\"author\" content=\"Wu Ming\" \/>\n<meta name=\"twitter:card\" content=\"summary_large_image\" \/>\n<meta name=\"twitter:creator\" content=\"@Wu_Ming_Foundt\" \/>\n<meta name=\"twitter:site\" content=\"@Wu_Ming_Foundt\" \/>\n<meta name=\"twitter:label1\" content=\"Scritto da\" \/>\n\t<meta name=\"twitter:data1\" content=\"Wu Ming\" \/>\n\t<meta name=\"twitter:label2\" content=\"Tempo di lettura stimato\" \/>\n\t<meta name=\"twitter:data2\" content=\"5 minuti\" \/>\n<script type=\"application\/ld+json\" class=\"yoast-schema-graph\">{\"@context\":\"https:\\\/\\\/schema.org\",\"@graph\":[{\"@type\":\"Article\",\"@id\":\"https:\\\/\\\/www.wumingfoundation.com\\\/giap\\\/2021\\\/01\\\/tar-sospende-ordinanza-bonaccini\\\/#article\",\"isPartOf\":{\"@id\":\"https:\\\/\\\/www.wumingfoundation.com\\\/giap\\\/2021\\\/01\\\/tar-sospende-ordinanza-bonaccini\\\/\"},\"author\":{\"name\":\"Wu Ming\",\"@id\":\"https:\\\/\\\/www.wumingfoundation.com\\\/giap\\\/#\\\/schema\\\/person\\\/a509f199077421552871a4cf2a327499\"},\"headline\":\"Intanto una vittoria: il TAR dell&#8217;Emilia-Romagna ha sospeso l&#8217;ordinanza di Bunazz\u00e9n sulle scuole\",\"datePublished\":\"2021-01-15T11:07:26+00:00\",\"dateModified\":\"2021-01-15T15:23:15+00:00\",\"mainEntityOfPage\":{\"@id\":\"https:\\\/\\\/www.wumingfoundation.com\\\/giap\\\/2021\\\/01\\\/tar-sospende-ordinanza-bonaccini\\\/\"},\"wordCount\":937,\"commentCount\":50,\"image\":{\"@id\":\"https:\\\/\\\/www.wumingfoundation.com\\\/giap\\\/2021\\\/01\\\/tar-sospende-ordinanza-bonaccini\\\/#primaryimage\"},\"thumbnailUrl\":\"https:\\\/\\\/www.wumingfoundation.com\\\/giap\\\/wp-content\\\/uploads\\\/2021\\\/01\\\/scuolasicurascuolaaperta.jpg\",\"keywords\":[\"Bonaccini\",\"DAD\",\"Emergenza Covid\",\"ricorso al TAR\",\"scuola\",\"scuola pubblica\",\"TAR\"],\"articleSection\":[\"Notizie\"],\"inLanguage\":\"it-IT\",\"potentialAction\":[{\"@type\":\"CommentAction\",\"name\":\"Comment\",\"target\":[\"https:\\\/\\\/www.wumingfoundation.com\\\/giap\\\/2021\\\/01\\\/tar-sospende-ordinanza-bonaccini\\\/#respond\"]}]},{\"@type\":\"WebPage\",\"@id\":\"https:\\\/\\\/www.wumingfoundation.com\\\/giap\\\/2021\\\/01\\\/tar-sospende-ordinanza-bonaccini\\\/\",\"url\":\"https:\\\/\\\/www.wumingfoundation.com\\\/giap\\\/2021\\\/01\\\/tar-sospende-ordinanza-bonaccini\\\/\",\"name\":\"Intanto una vittoria: il TAR dell'Emilia-Romagna ha sospeso l'ordinanza di Bunazz\u00e9n sulle scuole - Giap\",\"isPartOf\":{\"@id\":\"https:\\\/\\\/www.wumingfoundation.com\\\/giap\\\/#website\"},\"primaryImageOfPage\":{\"@id\":\"https:\\\/\\\/www.wumingfoundation.com\\\/giap\\\/2021\\\/01\\\/tar-sospende-ordinanza-bonaccini\\\/#primaryimage\"},\"image\":{\"@id\":\"https:\\\/\\\/www.wumingfoundation.com\\\/giap\\\/2021\\\/01\\\/tar-sospende-ordinanza-bonaccini\\\/#primaryimage\"},\"thumbnailUrl\":\"https:\\\/\\\/www.wumingfoundation.com\\\/giap\\\/wp-content\\\/uploads\\\/2021\\\/01\\\/scuolasicurascuolaaperta.jpg\",\"datePublished\":\"2021-01-15T11:07:26+00:00\",\"dateModified\":\"2021-01-15T15:23:15+00:00\",\"author\":{\"@id\":\"https:\\\/\\\/www.wumingfoundation.com\\\/giap\\\/#\\\/schema\\\/person\\\/a509f199077421552871a4cf2a327499\"},\"description\":\"Il TAR Emilia-Romagna sospende l'ordinanza con cui il governatore Bonaccini imponeva alle scuole superiori di restare in DAD al 100% fino al 25\\\/01.\",\"breadcrumb\":{\"@id\":\"https:\\\/\\\/www.wumingfoundation.com\\\/giap\\\/2021\\\/01\\\/tar-sospende-ordinanza-bonaccini\\\/#breadcrumb\"},\"inLanguage\":\"it-IT\",\"potentialAction\":[{\"@type\":\"ReadAction\",\"target\":[\"https:\\\/\\\/www.wumingfoundation.com\\\/giap\\\/2021\\\/01\\\/tar-sospende-ordinanza-bonaccini\\\/\"]}]},{\"@type\":\"ImageObject\",\"inLanguage\":\"it-IT\",\"@id\":\"https:\\\/\\\/www.wumingfoundation.com\\\/giap\\\/2021\\\/01\\\/tar-sospende-ordinanza-bonaccini\\\/#primaryimage\",\"url\":\"https:\\\/\\\/www.wumingfoundation.com\\\/giap\\\/wp-content\\\/uploads\\\/2021\\\/01\\\/scuolasicurascuolaaperta.jpg\",\"contentUrl\":\"https:\\\/\\\/www.wumingfoundation.com\\\/giap\\\/wp-content\\\/uploads\\\/2021\\\/01\\\/scuolasicurascuolaaperta.jpg\",\"width\":1401,\"height\":1081},{\"@type\":\"BreadcrumbList\",\"@id\":\"https:\\\/\\\/www.wumingfoundation.com\\\/giap\\\/2021\\\/01\\\/tar-sospende-ordinanza-bonaccini\\\/#breadcrumb\",\"itemListElement\":[{\"@type\":\"ListItem\",\"position\":1,\"name\":\"Home\",\"item\":\"https:\\\/\\\/www.wumingfoundation.com\\\/giap\\\/\"},{\"@type\":\"ListItem\",\"position\":2,\"name\":\"Intanto una vittoria: il TAR dell&#8217;Emilia-Romagna ha sospeso l&#8217;ordinanza di Bunazz\u00e9n sulle scuole\"}]},{\"@type\":\"WebSite\",\"@id\":\"https:\\\/\\\/www.wumingfoundation.com\\\/giap\\\/#website\",\"url\":\"https:\\\/\\\/www.wumingfoundation.com\\\/giap\\\/\",\"name\":\"Giap\",\"description\":\"Il sito ufficiale di Wu Ming, collettivo di scrittori\",\"potentialAction\":[{\"@type\":\"SearchAction\",\"target\":{\"@type\":\"EntryPoint\",\"urlTemplate\":\"https:\\\/\\\/www.wumingfoundation.com\\\/giap\\\/?s={search_term_string}\"},\"query-input\":{\"@type\":\"PropertyValueSpecification\",\"valueRequired\":true,\"valueName\":\"search_term_string\"}}],\"inLanguage\":\"it-IT\"},{\"@type\":\"Person\",\"@id\":\"https:\\\/\\\/www.wumingfoundation.com\\\/giap\\\/#\\\/schema\\\/person\\\/a509f199077421552871a4cf2a327499\",\"name\":\"Wu Ming\",\"image\":{\"@type\":\"ImageObject\",\"inLanguage\":\"it-IT\",\"@id\":\"https:\\\/\\\/secure.gravatar.com\\\/avatar\\\/1aa2417cb55b3a8bd4988fca42ea7ef75c86ef8bb0ea1bf9102119b6d11c6238?s=96&d=blank&r=g\",\"url\":\"https:\\\/\\\/secure.gravatar.com\\\/avatar\\\/1aa2417cb55b3a8bd4988fca42ea7ef75c86ef8bb0ea1bf9102119b6d11c6238?s=96&d=blank&r=g\",\"contentUrl\":\"https:\\\/\\\/secure.gravatar.com\\\/avatar\\\/1aa2417cb55b3a8bd4988fca42ea7ef75c86ef8bb0ea1bf9102119b6d11c6238?s=96&d=blank&r=g\",\"caption\":\"Wu Ming\"}}]}<\/script>\n<!-- \/ Yoast SEO plugin. -->","yoast_head_json":{"title":"Intanto una vittoria: il TAR dell'Emilia-Romagna ha sospeso l'ordinanza di Bunazz\u00e9n sulle scuole - Giap","description":"Il TAR Emilia-Romagna sospende l'ordinanza con cui il governatore Bonaccini imponeva alle scuole superiori di restare in DAD al 100% fino al 25\/01.","robots":{"index":"index","follow":"follow","max-snippet":"max-snippet:-1","max-image-preview":"max-image-preview:large","max-video-preview":"max-video-preview:-1"},"canonical":"https:\/\/www.wumingfoundation.com\/giap\/2021\/01\/tar-sospende-ordinanza-bonaccini\/","og_locale":"it_IT","og_type":"article","og_title":"Intanto una vittoria: il TAR dell'Emilia-Romagna ha sospeso l'ordinanza di Bunazz\u00e9n sulle scuole - Giap","og_description":"Il TAR Emilia-Romagna sospende l'ordinanza con cui il governatore Bonaccini imponeva alle scuole superiori di restare in DAD al 100% fino al 25\/01.","og_url":"https:\/\/www.wumingfoundation.com\/giap\/2021\/01\/tar-sospende-ordinanza-bonaccini\/","og_site_name":"Giap","article_published_time":"2021-01-15T11:07:26+00:00","article_modified_time":"2021-01-15T15:23:15+00:00","og_image":[{"width":1401,"height":1081,"url":"https:\/\/www.wumingfoundation.com\/giap\/wp-content\/uploads\/2021\/01\/scuolasicurascuolaaperta.jpg","type":"image\/jpeg"}],"author":"Wu Ming","twitter_card":"summary_large_image","twitter_creator":"@Wu_Ming_Foundt","twitter_site":"@Wu_Ming_Foundt","twitter_misc":{"Scritto da":"Wu Ming","Tempo di lettura stimato":"5 minuti"},"schema":{"@context":"https:\/\/schema.org","@graph":[{"@type":"Article","@id":"https:\/\/www.wumingfoundation.com\/giap\/2021\/01\/tar-sospende-ordinanza-bonaccini\/#article","isPartOf":{"@id":"https:\/\/www.wumingfoundation.com\/giap\/2021\/01\/tar-sospende-ordinanza-bonaccini\/"},"author":{"name":"Wu Ming","@id":"https:\/\/www.wumingfoundation.com\/giap\/#\/schema\/person\/a509f199077421552871a4cf2a327499"},"headline":"Intanto una vittoria: il TAR dell&#8217;Emilia-Romagna ha sospeso l&#8217;ordinanza di Bunazz\u00e9n sulle scuole","datePublished":"2021-01-15T11:07:26+00:00","dateModified":"2021-01-15T15:23:15+00:00","mainEntityOfPage":{"@id":"https:\/\/www.wumingfoundation.com\/giap\/2021\/01\/tar-sospende-ordinanza-bonaccini\/"},"wordCount":937,"commentCount":50,"image":{"@id":"https:\/\/www.wumingfoundation.com\/giap\/2021\/01\/tar-sospende-ordinanza-bonaccini\/#primaryimage"},"thumbnailUrl":"https:\/\/www.wumingfoundation.com\/giap\/wp-content\/uploads\/2021\/01\/scuolasicurascuolaaperta.jpg","keywords":["Bonaccini","DAD","Emergenza Covid","ricorso al TAR","scuola","scuola pubblica","TAR"],"articleSection":["Notizie"],"inLanguage":"it-IT","potentialAction":[{"@type":"CommentAction","name":"Comment","target":["https:\/\/www.wumingfoundation.com\/giap\/2021\/01\/tar-sospende-ordinanza-bonaccini\/#respond"]}]},{"@type":"WebPage","@id":"https:\/\/www.wumingfoundation.com\/giap\/2021\/01\/tar-sospende-ordinanza-bonaccini\/","url":"https:\/\/www.wumingfoundation.com\/giap\/2021\/01\/tar-sospende-ordinanza-bonaccini\/","name":"Intanto una vittoria: il TAR dell'Emilia-Romagna ha sospeso l'ordinanza di Bunazz\u00e9n sulle scuole - Giap","isPartOf":{"@id":"https:\/\/www.wumingfoundation.com\/giap\/#website"},"primaryImageOfPage":{"@id":"https:\/\/www.wumingfoundation.com\/giap\/2021\/01\/tar-sospende-ordinanza-bonaccini\/#primaryimage"},"image":{"@id":"https:\/\/www.wumingfoundation.com\/giap\/2021\/01\/tar-sospende-ordinanza-bonaccini\/#primaryimage"},"thumbnailUrl":"https:\/\/www.wumingfoundation.com\/giap\/wp-content\/uploads\/2021\/01\/scuolasicurascuolaaperta.jpg","datePublished":"2021-01-15T11:07:26+00:00","dateModified":"2021-01-15T15:23:15+00:00","author":{"@id":"https:\/\/www.wumingfoundation.com\/giap\/#\/schema\/person\/a509f199077421552871a4cf2a327499"},"description":"Il TAR Emilia-Romagna sospende l'ordinanza con cui il governatore Bonaccini imponeva alle scuole superiori di restare in DAD al 100% fino al 25\/01.","breadcrumb":{"@id":"https:\/\/www.wumingfoundation.com\/giap\/2021\/01\/tar-sospende-ordinanza-bonaccini\/#breadcrumb"},"inLanguage":"it-IT","potentialAction":[{"@type":"ReadAction","target":["https:\/\/www.wumingfoundation.com\/giap\/2021\/01\/tar-sospende-ordinanza-bonaccini\/"]}]},{"@type":"ImageObject","inLanguage":"it-IT","@id":"https:\/\/www.wumingfoundation.com\/giap\/2021\/01\/tar-sospende-ordinanza-bonaccini\/#primaryimage","url":"https:\/\/www.wumingfoundation.com\/giap\/wp-content\/uploads\/2021\/01\/scuolasicurascuolaaperta.jpg","contentUrl":"https:\/\/www.wumingfoundation.com\/giap\/wp-content\/uploads\/2021\/01\/scuolasicurascuolaaperta.jpg","width":1401,"height":1081},{"@type":"BreadcrumbList","@id":"https:\/\/www.wumingfoundation.com\/giap\/2021\/01\/tar-sospende-ordinanza-bonaccini\/#breadcrumb","itemListElement":[{"@type":"ListItem","position":1,"name":"Home","item":"https:\/\/www.wumingfoundation.com\/giap\/"},{"@type":"ListItem","position":2,"name":"Intanto una vittoria: il TAR dell&#8217;Emilia-Romagna ha sospeso l&#8217;ordinanza di Bunazz\u00e9n sulle scuole"}]},{"@type":"WebSite","@id":"https:\/\/www.wumingfoundation.com\/giap\/#website","url":"https:\/\/www.wumingfoundation.com\/giap\/","name":"Giap","description":"Il sito ufficiale di Wu Ming, collettivo di scrittori","potentialAction":[{"@type":"SearchAction","target":{"@type":"EntryPoint","urlTemplate":"https:\/\/www.wumingfoundation.com\/giap\/?s={search_term_string}"},"query-input":{"@type":"PropertyValueSpecification","valueRequired":true,"valueName":"search_term_string"}}],"inLanguage":"it-IT"},{"@type":"Person","@id":"https:\/\/www.wumingfoundation.com\/giap\/#\/schema\/person\/a509f199077421552871a4cf2a327499","name":"Wu Ming","image":{"@type":"ImageObject","inLanguage":"it-IT","@id":"https:\/\/secure.gravatar.com\/avatar\/1aa2417cb55b3a8bd4988fca42ea7ef75c86ef8bb0ea1bf9102119b6d11c6238?s=96&d=blank&r=g","url":"https:\/\/secure.gravatar.com\/avatar\/1aa2417cb55b3a8bd4988fca42ea7ef75c86ef8bb0ea1bf9102119b6d11c6238?s=96&d=blank&r=g","contentUrl":"https:\/\/secure.gravatar.com\/avatar\/1aa2417cb55b3a8bd4988fca42ea7ef75c86ef8bb0ea1bf9102119b6d11c6238?s=96&d=blank&r=g","caption":"Wu Ming"}}]}},"_links":{"self":[{"href":"https:\/\/www.wumingfoundation.com\/giap\/wp-json\/wp\/v2\/posts\/46059","targetHints":{"allow":["GET"]}}],"collection":[{"href":"https:\/\/www.wumingfoundation.com\/giap\/wp-json\/wp\/v2\/posts"}],"about":[{"href":"https:\/\/www.wumingfoundation.com\/giap\/wp-json\/wp\/v2\/types\/post"}],"author":[{"embeddable":true,"href":"https:\/\/www.wumingfoundation.com\/giap\/wp-json\/wp\/v2\/users\/117"}],"replies":[{"embeddable":true,"href":"https:\/\/www.wumingfoundation.com\/giap\/wp-json\/wp\/v2\/comments?post=46059"}],"version-history":[{"count":0,"href":"https:\/\/www.wumingfoundation.com\/giap\/wp-json\/wp\/v2\/posts\/46059\/revisions"}],"wp:featuredmedia":[{"embeddable":true,"href":"https:\/\/www.wumingfoundation.com\/giap\/wp-json\/wp\/v2\/media\/46063"}],"wp:attachment":[{"href":"https:\/\/www.wumingfoundation.com\/giap\/wp-json\/wp\/v2\/media?parent=46059"}],"wp:term":[{"taxonomy":"category","embeddable":true,"href":"https:\/\/www.wumingfoundation.com\/giap\/wp-json\/wp\/v2\/categories?post=46059"},{"taxonomy":"post_tag","embeddable":true,"href":"https:\/\/www.wumingfoundation.com\/giap\/wp-json\/wp\/v2\/tags?post=46059"}],"curies":[{"name":"wp","href":"https:\/\/api.w.org\/{rel}","templated":true}]}}