{"id":45890,"date":"2020-12-11T10:46:35","date_gmt":"2020-12-11T09:46:35","guid":{"rendered":"https:\/\/www.wumingfoundation.com\/giap\/?p=45890"},"modified":"2020-12-11T11:17:10","modified_gmt":"2020-12-11T10:17:10","slug":"il-varco-gli-efa-e-un-documentario-sulla-wu-ming-foundation","status":"publish","type":"post","link":"https:\/\/www.wumingfoundation.com\/giap\/2020\/12\/il-varco-gli-efa-e-un-documentario-sulla-wu-ming-foundation\/","title":{"rendered":"<i>Il Varco<\/i>, gli EFA e un documentario sulla Wu Ming Foundation."},"content":{"rendered":"<p><em><img loading=\"lazy\" decoding=\"async\" class=\"alignright wp-image-45892\" src=\"https:\/\/www.wumingfoundation.com\/giap\/wp-content\/uploads\/2020\/12\/V03_IL-VARCO.jpg\" alt=\"\" width=\"350\" height=\"298\" \/><a href=\"https:\/\/www.wumingfoundation.com\/giap\/2019\/09\/il-varco\/\"><strong>Il Varco <\/strong><\/a><\/em>\u00e8 un film di finzione costruito con immagini d&#8217;archivio. In un certo senso, \u00e8 il contrario di quel che si fa di solito nell&#8217;ibridazione cinematografica tra <em>fiction<\/em> e realt\u00e0, dove a farla da padrone sono le <em>storie vere<\/em> raccontate con attori, riprese in esterni, set ricostruiti in studio ed effetti speciali.<\/p>\n<p>Qui invece c&#8217;\u00e8 una storia inventata &#8211; quella di un soldato fascista che va a combattere in Russia con lo <strong>CSIR<\/strong>, nell&#8217;estate del &#8217;41 &#8211; raccontata attraverso un montaggio di pellicole amatoriali e cinegiornali.<\/p>\n<p>Wu Ming 2 ha contribuito alla sceneggiatura e alla scrittura della <em>voce<\/em> off, anch&#8217;essa frutto, in buona parte, di un <em>remix<\/em> da diari di protagonisti di quella spedizione. Proprio per questa sua natura, tutta basata sull&#8217;assemblaggio di filmati e parole, siamo lieti che il film abbia vinto <a href=\"https:\/\/europeanfilmawards.eu\/en_EN\/film\/once-more-unto-the-breach.15250#2020-winner\">il premio per il montaggio della <strong>European Film Academy<\/strong><\/a> &#8211; i cosiddetti &#8220;Oscar europei&#8221;, il riconoscimento continentale pi\u00f9 prestigioso. Tra l&#8217;altro, come ha detto <strong>Marion D\u00f6ring<\/strong> alla cerimonia di premiazione on line, \u00e8 la prima volta che il premio va a un &#8220;documentario&#8221; &#8211; anche se <em>Il Varco<\/em> non \u00e8 affatto un documentario. <!--more--><\/p>\n<p><strong>Wim Wenders<\/strong>, nel consegnare a distanza la statuetta a <strong>Maria Fantastica Valmori<\/strong> ha detto: &#8220;Sono rimasto ipnotizzato dallo scorrere del film, e dal modo in cui hai ridato vita alle immagini d&#8217;archivio. Hai fuso finzione e realt\u00e0 in un modo sorprendente. Ho visto di rado un film pi\u00f9 convincente e toccante di questo sull&#8217;assurdit\u00e0 della guerra.&#8221; A leggere la motivazione ufficiale \u00e8 intervenuto invece <strong>Jonathan Morris<\/strong>, il montatore di tanti film di Ken Loach, da <em>Riff Raff <\/em>a <em>Sorry We Missed You<\/em>:<\/p>\n<blockquote><p>\u00abQuesto documentario deve molto al montaggio. Consiste quasi del tutto in film d&#8217;archivio sgranati e in bianco e nero, e ogni fotogramma \u00e8 stato scelto con grande cura. Maria Fantastica Valmori monta con perizia le immagini di un treno che viaggia attraverso l&#8217;Europa, verso la linea del fronte, con le inquadrature di commilitoni, scene di felicit\u00e0 ormai lontana, ma anche di morte e distruzione in un&#8217;Europa lacerata dalla guerra. L&#8217;archivio utilizzato, senza dubbio scelto a partire da ore e ore di materiale, \u00e8 assolutamente fondamentale nel raccontare la vicenda del film.\u00bb<\/p><\/blockquote>\n<p>Per chi volesse vedere <em>Il Varco, <\/em>al momento ci sono <strong>tre possibilit\u00e0<\/strong>:<\/p>\n<p>Proprio da oggi, alle 18, e fino al 14 dicembre, \u00e8 possibile prenotare un posto, gratuito, <a href=\"https:\/\/www.mymovies.it\/cinemanews\/2020\/172713\/\">nella &#8220;<strong>sala virtuale<\/strong>&#8221; di MyMovies<\/a>, nell&#8217;ambito del festival <em>Archivio Aperto 2020.<\/em><\/p>\n<p><img loading=\"lazy\" decoding=\"async\" class=\"alignright wp-image-45893\" src=\"https:\/\/www.wumingfoundation.com\/giap\/wp-content\/uploads\/2020\/12\/varco.jpg\" alt=\"\" width=\"200\" height=\"118\" \/>Dalla prossima settimana sar\u00e0 disponibile <strong>in formato DVD<\/strong>.<\/p>\n<p>Dal 20 gennaio sar\u00e0 proiettato nei <strong>cinema francesi<\/strong>, grazie alla distribuzione di Norte Societ\u00e9.<\/p>\n<p>Quest&#8217;ultima notizia, sulle prime, ci ha lasciato piuttosto perplessi. <strong>Michele Manzolini<\/strong> e <strong>Federico Ferrone<\/strong>, i due registi, sono gi\u00e0 stati invitati per presentare la &#8220;prima&#8221;, a Parigi. Dice: scusate un attimo, cari Francesi, ma non c&#8217;\u00e8 la pandemia? E quelli tranquillissimi ti rispondono che il <em>confinement<\/em> non \u00e8 stato promulgato fino a gennaio, quindi perch\u00e9 ragionare come se dovesse continuare? Perch\u00e9 non fare progetti &#8211; e poi, eventualmente, modificarli &#8211; invece di tagliarsi le gambe ancor prima di correre? Una prospettiva ineccepibile, dalla quale tutte quanti avremmo qualcosa da imparare.<\/p>\n<div id=\"attachment_45901\" style=\"width: 210px\" class=\"wp-caption alignleft\"><img loading=\"lazy\" decoding=\"async\" aria-describedby=\"caption-attachment-45901\" class=\"wp-image-45901\" src=\"https:\/\/www.wumingfoundation.com\/giap\/wp-content\/uploads\/2020\/12\/photo_2020-12-11_10-58-35.jpg\" alt=\"Armin Ferrari\" width=\"200\" height=\"200\" \/><p id=\"caption-attachment-45901\" class=\"wp-caption-text\">Armin Ferrari<\/p><\/div>\n<p>In coda a queste notizie dal mondo del cinema annunciamo <em>coram populo<\/em> che una troupe bolzanina, diretta dal regista <strong>Armin Ferrari<\/strong>, sta girando in questi mesi, inciampata dai vari DPCM, un documentario sulla Wu Ming Foundation, ovvero sullo strano caso di collettivi e comunit\u00e0, sorte a partire dalle discussioni su un blog di romanzieri, per poi occuparsi di sentieri, di guerriglia odonomastica, di J.R.R. Tolkien, di bufale storiografiche, di cambiamenti climatici, di scrittura collettiva, di colonialismo&#8230;<\/p>\n<p>Presto, con un post dedicato, vi racconteremo meglio tutta la storia. Per ora anticipiamo solo il titolo del film: <em>A noi rimane il mondo.\u00a0<\/em>Uscita prevista per il prossimo autunno.<\/p>\n","protected":false},"excerpt":{"rendered":"Il Varco \u00e8 un film di finzione costruito con immagini d&#8217;archivio. In un certo senso, \u00e8 il contrario di quel che si fa di solito nell&#8217;ibridazione cinematografica tra fiction e realt\u00e0, dove a farla da padrone sono le storie vere raccontate con attori, riprese in esterni, set ricostruiti in studio ed effetti speciali. Qui invece [&hellip;]","protected":false},"author":117,"featured_media":45900,"comment_status":"open","ping_status":"open","sticky":false,"template":"","format":"standard","meta":{"footnotes":""},"categories":[3239,6],"tags":[4018,3151,4379,4020,3549,3550,4378,3547,4380,4019,4381],"class_list":["post-45890","post","type-post","status-publish","format-standard","has-post-thumbnail","hentry","category-cinema","category-news-e-segnalazioni","tag-campagna-di-russia","tag-cinema","tag-efa","tag-federico-ferrone","tag-film-darchivio","tag-found-footage","tag-il-varco","tag-kine","tag-maria-fantastica-valmori","tag-michele-manzolini","tag-seconda-guerra-mondiale"],"_links":{"self":[{"href":"https:\/\/www.wumingfoundation.com\/giap\/wp-json\/wp\/v2\/posts\/45890","targetHints":{"allow":["GET"]}}],"collection":[{"href":"https:\/\/www.wumingfoundation.com\/giap\/wp-json\/wp\/v2\/posts"}],"about":[{"href":"https:\/\/www.wumingfoundation.com\/giap\/wp-json\/wp\/v2\/types\/post"}],"author":[{"embeddable":true,"href":"https:\/\/www.wumingfoundation.com\/giap\/wp-json\/wp\/v2\/users\/117"}],"replies":[{"embeddable":true,"href":"https:\/\/www.wumingfoundation.com\/giap\/wp-json\/wp\/v2\/comments?post=45890"}],"version-history":[{"count":0,"href":"https:\/\/www.wumingfoundation.com\/giap\/wp-json\/wp\/v2\/posts\/45890\/revisions"}],"wp:featuredmedia":[{"embeddable":true,"href":"https:\/\/www.wumingfoundation.com\/giap\/wp-json\/wp\/v2\/media\/45900"}],"wp:attachment":[{"href":"https:\/\/www.wumingfoundation.com\/giap\/wp-json\/wp\/v2\/media?parent=45890"}],"wp:term":[{"taxonomy":"category","embeddable":true,"href":"https:\/\/www.wumingfoundation.com\/giap\/wp-json\/wp\/v2\/categories?post=45890"},{"taxonomy":"post_tag","embeddable":true,"href":"https:\/\/www.wumingfoundation.com\/giap\/wp-json\/wp\/v2\/tags?post=45890"}],"curies":[{"name":"wp","href":"https:\/\/api.w.org\/{rel}","templated":true}]}}