{"id":41849,"date":"2020-01-26T11:48:55","date_gmt":"2020-01-26T10:48:55","guid":{"rendered":"https:\/\/www.wumingfoundation.com\/giap\/?p=41849"},"modified":"2024-03-18T11:59:00","modified_gmt":"2024-03-18T10:59:00","slug":"ti-mandavano-al-confino","status":"publish","type":"post","link":"https:\/\/www.wumingfoundation.com\/giap\/2020\/01\/ti-mandavano-al-confino\/","title":{"rendered":"Ti mandavano al confino perch\u00e9&#8230; | Radio Giap Rebelde"},"content":{"rendered":"<div id=\"attachment_41860\" style=\"width: 710px\" class=\"wp-caption aligncenter\"><img loading=\"lazy\" decoding=\"async\" aria-describedby=\"caption-attachment-41860\" class=\"wp-image-41860 size-full\" src=\"https:\/\/www.wumingfoundation.com\/giap\/wp-content\/uploads\/2020\/01\/emiliaparanoica-2.gif\" alt=\"\" width=\"700\" height=\"441\" \/><p id=\"caption-attachment-41860\" class=\"wp-caption-text\">Unheimlich.<\/p><\/div>\n<p>\u00abCappa plumbea\u00bb, \u00abnube tossica\u00bb&#8230; Per descrivere quel che grava sul territorio nel quale siamo nati e cresciuti, sulla citt\u00e0 e la regione in cui viviamo, potremmo sprecare i clich\u00e9s.\u00a0 Mesi di teratogena campagna elettorale, carcinomi del linguaggio causati da polveri sottili penetrate nei meandri del cervello sociale.<\/p>\n<p>Lo spaesamento \u00e8 forte, bench\u00e9 ampiamente previsto. Ecco, <em>prevedere lo spaesamento. <\/em>Manca una parola, almeno in italiano, per indicare uno straniamento gi\u00e0 messo in conto. Macchine mitologiche si scontrano. <a href=\"https:\/\/jacobinitalia.it\/lemilia-e-paranoica\/\">Emilia paranoica<\/a>, diceva quel tale. \u00abEmilia\u00bb <em>idea senza parole. <\/em><em><br \/>\n<\/em><!--more--><\/p>\n<p>Sensazioni <em>weird.<\/em> Una che negli anni Novanta incrociavi nei centri sociali d&#8217;impronta meno militante adesso <em>milita eccome<\/em>: \u00e8 candidata \u00abgovernatrice\u00bb di estrema destra. Ma i comizi glieli fa quasi tutti il suo capo&#8230;<\/p>\n<p>&#8230;se pu\u00f2 chiamarsi \u00abcomizio\u00bb quando un candidato ti viene sotto casa circondato da sgherri, suona al citofono e pretende di salire per \u00abverificare\u00bb quel che dice sul tuo conto una signora del quartiere.<\/p>\n<blockquote><p>\u00ab[&#8230;] nell&#8217;antica Islanda sarebbe stato inconcepibile un attentato all&#8217;inviolabilit\u00e0, o meglio alla sacralit\u00e0 del domicilio, nelle forme in cui esso \u00e8 avvenuto nella Berlino del 1933, in presenza di milioni di persone, come semplice misura amministrativa. Il giovane socialdemocratico che nell&#8217;androne della sua casa uccide a colpi di arma da fuoco una mezza dozzina di cosiddetti &#8220;poliziotti ausiliari&#8221; [&#8230;] era ancora partecipe della libert\u00e0 sostanziale, dell&#8217;antica libert\u00e0 germanica che i suoi nemici andavano celebrando a parole.\u00bb<\/p><\/blockquote>\n<p>Cos\u00ec <strong>Ernst J\u00fcnger <\/strong>\u2013 che comunque aveva la faccia come il culo, essendo divenuto antinazista \u00abdopo la puzza\u00bb \u2013 nel suo <em>Der Waldgang<\/em> (in italiano, <em>Trattato del ribelle<\/em>, Adelphi, 1990).<\/p>\n<p>Ma in fondo cos&#8217;\u00e8 stato il blitz dell&#8217;altro giorno, se non un esempio <em>spettacolare<\/em> di quell&#8217;odioso \u00abcontrollo di vicinato\u00bb che <em>tutti<\/em> i partiti mainstream vogliono introdurre?<\/p>\n<p>E in buona sostanza cos&#8217;\u00e8 avvenuto di tanto incongruo, nella societ\u00e0 plasmata dal <em>capitalismo della sorveglianza<\/em>, dove tutti <a href=\"https:\/\/www.wumingfoundation.com\/giap\/2020\/01\/social-sorveglianza-droni\/\">ci autoschediamo con zelo<\/a> e coi nostri dati miglioriamo le prestazioni dei dispositivi di controllo, e coi nostri selfie perfezioniamo le tecnologie di riconoscimento facciale?<\/p>\n<p>Se l&#8217;episodio del Pilastro servisse almeno a ragionare su questo&#8230; Ma non pare. Va bene l&#8217;antisalvinismo, per carit\u00e0: chiunque abbia un briciolo di <em>[inserire una virt\u00f9 a piacimento]<\/em> non pu\u00f2 non disprezzare Salvini, figurarsi. Ma se si rimane a quello, non si capisce cosa stia succedendo.<\/p>\n<p>Sensazioni <em>weird<\/em> anche sull&#8217;altro versante. Un movimento d&#8217;opinione e di piazza prende il nome da cadaveri di pesci ammassati, sepolti in scatole di latta con gli occhi sbarrati, pronti per essere divorati&#8230; e a tutti sembra un accostamento normale! E da quei pesci verr\u00e0 <em>la salvezza<\/em>. E tra i primi passi verso tale salvezza c&#8217;\u00e8&#8230; <a href=\"https:\/\/www.wumingfoundation.com\/giap\/2019\/12\/lamore-e-fortissimo-il-corpo-no-2-dieci-anni-di-twitter\/#comment-33712\">il \u00abDaspo per i social\u00bb<\/a>.<\/p>\n<p>Sensazioni <em>eerie<\/em>. <a href=\"https:\/\/www.minimumfax.com\/shop\/product\/the-weird-and-the-eerie-2096\">Come dice <strong>Mark Fisher<\/strong><\/a>, \u00abdove dovrebbe esserci qualcosa non c&#8217;\u00e8 niente, dove non dovrebbe esserci niente c&#8217;\u00e8 qualcosa\u00bb.<\/p>\n<p>Chi non si riconosce nelle retoriche brandite in questi mesi, chi non ha la fortuna di poter &#8220;staccare&#8221; e uscire dai confini imposti al dibattito, si sente <em>al confino nella propria stessa quotidianit\u00e0<\/em>.<\/p>\n<p>Foss&#8217;anche&#8230;<\/p>\n<p>Ma cos\u00ec non \u00e8: ovunque nel mondo il <em>realismo capitalista<\/em> viene sfidato, l&#8217;Italia galleggia in una macchia d&#8217;olio nel mare in tempesta, ma la macchia d&#8217;olio \u00e8 come il cucchiaio in <em>The Matrix<\/em>, non esiste, e appena smetteremo di immaginarla&#8230;<\/p>\n<p>Foss&#8217;anche, si diceva, ricordiamoci che dal confino, quello di Ventotene, furono viste prima che altrove la caduta del regime, la guerra di Liberazione, l&#8217;uscita dall&#8217;idea che il tran tran fascista fosse eterno.<\/p>\n<p>Forse questo <em>sentirsi al confino<\/em> ci fornisce l&#8217;angolatura da cui vedere oltre il <em>There Is No Alternative<\/em>.<\/p>\n<p>Buon ascolto, goodnight and good luck.<\/p>\n<div align=\"center\"><iframe loading=\"lazy\" src=\"https:\/\/archive.org\/embed\/timandavanoalconfino\" width=\"700\" height=\"50\" frameborder=\"0\" allowfullscreen=\"allowfullscreen\"><\/iframe><\/div>\n<p style=\"text-align: center;\">Wu Ming 1 &amp; Bhutan Clan, <em>Ti mandavano al confino<\/em>.<br \/>\nReading\/concerto a <a href=\"https:\/\/www.solipsia.it\/radio-solipsia\/\">Radio Solipsia<\/a>, Bologna, 12 novembre 2019.<br \/>\nEstratto dall&#8217;Antefatto 3 del romanzo di Wu Ming 1 <i>La macchina del vento<\/i>.<\/p>\n<p style=\"text-align: center;\"><strong>\u2042<\/strong><\/p>\n<p>Ensemble mutevole e mutante, il <strong>Bhutan Clan<\/strong> racconta storie in musica. Tra le vicende narrate e suonate ci sono quelle nate nel cantiere di Resistenze in Cirenaica (RIC), galassia di collettivi e associazioni che, nel rione Cirenaica di Bologna, recupera storie di resistenza al colonialismo italiano e al nazifascismo.<\/p>\n<p>In questa incarnazione l\u2019ensemble \u00e8 formato da:<\/p>\n<p><b>Jadel Andreetto<\/b> &#8211; basso \/ moog<\/p>\n<p><b>Stefano D\u2019Arcangelo<\/b> &#8211; tastiere \/ elettronica<\/p>\n<p><b>Bruno Fiorini <\/b> &#8211; chitarre<\/p>\n<p><b>Michele Koukoussis<\/b> &#8211; batteria<\/p>\n<p><b>Wu Ming 1<\/b> &#8211; voce<\/p>\n<p>Con Wu Ming 1 il Bhutan Clan ha gi\u00e0 dato vita al reading sonorizzato di <i>Un viaggio che non promettiamo breve<\/i><i>. <\/i><i>Venticinque anni di lotte No Tav<\/i> (Einaudi 2016). Nella stagione 2019-2020 porta sul palco <i>La Macchina del Vento<\/i>. L&#8217;ensemble sta anche lavorando alla sonorizzazione del <i>Canto di al-\u2018Aqila\u2019<\/i> di Rajab Bu-Huwayish, poema composto nel 1931 in un campo di prigionia italiano in Libia.<\/p>\n<p><i>La macchina del vento<\/i>, ambientato sull&#8217;isola di Ventotene negli anni della dittatura fascista, racconta la storia di due confinati politici, il socialista ferrarese Erminio Squarzanti e il fisico romano Giacomo Pontercorboli. I due protagonisti, personaggi di fantasia, si muovono nel contesto accuratamente ricostruito del confino di Ventotene, e incrociano alcune figure storiche dell&#8217;antifascismo: Sandro Pertini, Eugenio Colorni, Altiero Spinelli, Umberto Terracini, Pietro Secchia, Mauro Scoccimarro e molti altri.<\/p>\n<p>\u00abOgnuno prende il suo coraggio dove lo trova. Nella memoria, nella mitologia, nell\u2019immaginazione fantascientifica. Nella solidariet\u00e0, nella fedelt\u00e0, nell\u2019ostinazione, nella fantasia che non aspetta la sua verifica nell\u2019angusto recinto di ci\u00f2 che c\u2019\u00e8, ma in ci\u00f2 che potr\u00e0 essere, in quello che si potr\u00e0 fare; o che si sarebbe potuto fare, il che in fondo \u00e8 sempre stato la cifra profonda del lavoro di tutto il collettivo Wu Ming, a cominciare da Q, pubblicato quando ancora si chiamavano Luther Blissett, di cui ricorre in questi giorni il ventennale. Ogni passato, anche quello finito male, \u00e8 una piazzaforte sotto cui scavare cunicoli, una guerra di mina, un tentativo di far evadere e riportare alla luce possibilit\u00e0 tenute prigioniere dalla storia dei vincitori.\u00bb (dalla recensione di Daniele Giglioli su \u00abLa Lettura\u00bb, supplemento del Corriere della Sera)<\/p>\n<p>L&#8217;audioteca di <strong>Radio Giap Rebelde<\/strong> <a href=\"https:\/\/archive.org\/details\/radiogiaprebelde?sort=-date\">\u00e8 su Internet Archive<\/a>.<\/p>\n","protected":false},"excerpt":{"rendered":"\u00abCappa plumbea\u00bb, \u00abnube tossica\u00bb&#8230; Per descrivere quel che grava sul territorio nel quale siamo nati e cresciuti, sulla citt\u00e0 e la regione in cui viviamo, potremmo sprecare i clich\u00e9s.\u00a0 Mesi di teratogena campagna elettorale, carcinomi del linguaggio causati da polveri sottili penetrate nei meandri del cervello sociale. Lo spaesamento \u00e8 forte, bench\u00e9 ampiamente previsto. Ecco, [&hellip;]","protected":false},"author":1,"featured_media":41860,"comment_status":"open","ping_status":"open","sticky":false,"template":"","format":"standard","meta":{"footnotes":""},"categories":[8,5],"tags":[2671,4099,3856,4115,1548,3591],"class_list":["post-41849","post","type-post","status-publish","format-standard","has-post-thumbnail","hentry","category-editoriali","category-transmedia","tag-bhutan-clan","tag-capitalismo-della-sorveglianza","tag-confino","tag-elezioni-regionali","tag-radio-giap-rebelde","tag-salvini"],"yoast_head":"<!-- This site is optimized with the Yoast SEO plugin v27.5 - https:\/\/yoast.com\/product\/yoast-seo-wordpress\/ -->\n<title>Ti mandavano al confino perch\u00e9... | Radio Giap Rebelde - Giap<\/title>\n<meta name=\"description\" content=\"Chi non si riconosce nelle retoriche di questi mesi, chi soffre dentro i confini imposti al dibattito, si sente al confino nella propria stessa quotidianit\u00e0\" \/>\n<meta name=\"robots\" content=\"index, follow, max-snippet:-1, max-image-preview:large, max-video-preview:-1\" \/>\n<link rel=\"canonical\" href=\"https:\/\/www.wumingfoundation.com\/giap\/2020\/01\/ti-mandavano-al-confino\/\" \/>\n<meta property=\"og:locale\" content=\"it_IT\" \/>\n<meta property=\"og:type\" content=\"article\" \/>\n<meta property=\"og:title\" content=\"Ti mandavano al confino perch\u00e9... | Radio Giap Rebelde - Giap\" \/>\n<meta property=\"og:description\" content=\"Chi non si riconosce nelle retoriche di questi mesi, chi soffre dentro i confini imposti al dibattito, si sente al confino nella propria stessa quotidianit\u00e0\" \/>\n<meta property=\"og:url\" content=\"https:\/\/www.wumingfoundation.com\/giap\/2020\/01\/ti-mandavano-al-confino\/\" \/>\n<meta property=\"og:site_name\" content=\"Giap\" \/>\n<meta property=\"article:published_time\" content=\"2020-01-26T10:48:55+00:00\" \/>\n<meta property=\"article:modified_time\" content=\"2024-03-18T10:59:00+00:00\" \/>\n<meta property=\"og:image\" content=\"https:\/\/www.wumingfoundation.com\/giap\/wp-content\/uploads\/2020\/01\/emiliaparanoica-2.gif\" \/>\n\t<meta property=\"og:image:width\" content=\"700\" \/>\n\t<meta property=\"og:image:height\" content=\"441\" \/>\n\t<meta property=\"og:image:type\" content=\"image\/gif\" \/>\n<meta name=\"author\" content=\"Wu Ming\" \/>\n<meta name=\"twitter:card\" content=\"summary_large_image\" \/>\n<meta name=\"twitter:creator\" content=\"@Wu_Ming_Foundt\" \/>\n<meta name=\"twitter:site\" content=\"@Wu_Ming_Foundt\" \/>\n<meta name=\"twitter:label1\" content=\"Scritto da\" \/>\n\t<meta name=\"twitter:data1\" content=\"Wu Ming\" \/>\n\t<meta name=\"twitter:label2\" content=\"Tempo di lettura stimato\" \/>\n\t<meta name=\"twitter:data2\" content=\"5 minuti\" \/>\n<script type=\"application\/ld+json\" class=\"yoast-schema-graph\">{\"@context\":\"https:\\\/\\\/schema.org\",\"@graph\":[{\"@type\":\"Article\",\"@id\":\"https:\\\/\\\/www.wumingfoundation.com\\\/giap\\\/2020\\\/01\\\/ti-mandavano-al-confino\\\/#article\",\"isPartOf\":{\"@id\":\"https:\\\/\\\/www.wumingfoundation.com\\\/giap\\\/2020\\\/01\\\/ti-mandavano-al-confino\\\/\"},\"author\":{\"name\":\"Wu Ming\",\"@id\":\"https:\\\/\\\/www.wumingfoundation.com\\\/giap\\\/#\\\/schema\\\/person\\\/881b1c925aaf48fe6eb5c3970be4458f\"},\"headline\":\"Ti mandavano al confino perch\u00e9&#8230; | Radio Giap Rebelde\",\"datePublished\":\"2020-01-26T10:48:55+00:00\",\"dateModified\":\"2024-03-18T10:59:00+00:00\",\"mainEntityOfPage\":{\"@id\":\"https:\\\/\\\/www.wumingfoundation.com\\\/giap\\\/2020\\\/01\\\/ti-mandavano-al-confino\\\/\"},\"wordCount\":991,\"commentCount\":44,\"image\":{\"@id\":\"https:\\\/\\\/www.wumingfoundation.com\\\/giap\\\/2020\\\/01\\\/ti-mandavano-al-confino\\\/#primaryimage\"},\"thumbnailUrl\":\"https:\\\/\\\/www.wumingfoundation.com\\\/giap\\\/wp-content\\\/uploads\\\/2020\\\/01\\\/emiliaparanoica-2.gif\",\"keywords\":[\"Bhutan Clan\",\"capitalismo della sorveglianza\",\"confino\",\"Elezioni regionali\",\"Radio Giap Rebelde\",\"Salvini\"],\"articleSection\":[\"Esternazioni\",\"Transmedia\"],\"inLanguage\":\"it-IT\",\"potentialAction\":[{\"@type\":\"CommentAction\",\"name\":\"Comment\",\"target\":[\"https:\\\/\\\/www.wumingfoundation.com\\\/giap\\\/2020\\\/01\\\/ti-mandavano-al-confino\\\/#respond\"]}]},{\"@type\":\"WebPage\",\"@id\":\"https:\\\/\\\/www.wumingfoundation.com\\\/giap\\\/2020\\\/01\\\/ti-mandavano-al-confino\\\/\",\"url\":\"https:\\\/\\\/www.wumingfoundation.com\\\/giap\\\/2020\\\/01\\\/ti-mandavano-al-confino\\\/\",\"name\":\"Ti mandavano al confino perch\u00e9... | Radio Giap Rebelde - Giap\",\"isPartOf\":{\"@id\":\"https:\\\/\\\/www.wumingfoundation.com\\\/giap\\\/#website\"},\"primaryImageOfPage\":{\"@id\":\"https:\\\/\\\/www.wumingfoundation.com\\\/giap\\\/2020\\\/01\\\/ti-mandavano-al-confino\\\/#primaryimage\"},\"image\":{\"@id\":\"https:\\\/\\\/www.wumingfoundation.com\\\/giap\\\/2020\\\/01\\\/ti-mandavano-al-confino\\\/#primaryimage\"},\"thumbnailUrl\":\"https:\\\/\\\/www.wumingfoundation.com\\\/giap\\\/wp-content\\\/uploads\\\/2020\\\/01\\\/emiliaparanoica-2.gif\",\"datePublished\":\"2020-01-26T10:48:55+00:00\",\"dateModified\":\"2024-03-18T10:59:00+00:00\",\"author\":{\"@id\":\"https:\\\/\\\/www.wumingfoundation.com\\\/giap\\\/#\\\/schema\\\/person\\\/881b1c925aaf48fe6eb5c3970be4458f\"},\"description\":\"Chi non si riconosce nelle retoriche di questi mesi, chi soffre dentro i confini imposti al dibattito, si sente al confino nella propria stessa quotidianit\u00e0\",\"breadcrumb\":{\"@id\":\"https:\\\/\\\/www.wumingfoundation.com\\\/giap\\\/2020\\\/01\\\/ti-mandavano-al-confino\\\/#breadcrumb\"},\"inLanguage\":\"it-IT\",\"potentialAction\":[{\"@type\":\"ReadAction\",\"target\":[\"https:\\\/\\\/www.wumingfoundation.com\\\/giap\\\/2020\\\/01\\\/ti-mandavano-al-confino\\\/\"]}]},{\"@type\":\"ImageObject\",\"inLanguage\":\"it-IT\",\"@id\":\"https:\\\/\\\/www.wumingfoundation.com\\\/giap\\\/2020\\\/01\\\/ti-mandavano-al-confino\\\/#primaryimage\",\"url\":\"https:\\\/\\\/www.wumingfoundation.com\\\/giap\\\/wp-content\\\/uploads\\\/2020\\\/01\\\/emiliaparanoica-2.gif\",\"contentUrl\":\"https:\\\/\\\/www.wumingfoundation.com\\\/giap\\\/wp-content\\\/uploads\\\/2020\\\/01\\\/emiliaparanoica-2.gif\",\"width\":700,\"height\":441},{\"@type\":\"BreadcrumbList\",\"@id\":\"https:\\\/\\\/www.wumingfoundation.com\\\/giap\\\/2020\\\/01\\\/ti-mandavano-al-confino\\\/#breadcrumb\",\"itemListElement\":[{\"@type\":\"ListItem\",\"position\":1,\"name\":\"Home\",\"item\":\"https:\\\/\\\/www.wumingfoundation.com\\\/giap\\\/\"},{\"@type\":\"ListItem\",\"position\":2,\"name\":\"Ti mandavano al confino perch\u00e9&#8230; | Radio Giap Rebelde\"}]},{\"@type\":\"WebSite\",\"@id\":\"https:\\\/\\\/www.wumingfoundation.com\\\/giap\\\/#website\",\"url\":\"https:\\\/\\\/www.wumingfoundation.com\\\/giap\\\/\",\"name\":\"Giap\",\"description\":\"Il sito ufficiale di Wu Ming, collettivo di scrittori\",\"potentialAction\":[{\"@type\":\"SearchAction\",\"target\":{\"@type\":\"EntryPoint\",\"urlTemplate\":\"https:\\\/\\\/www.wumingfoundation.com\\\/giap\\\/?s={search_term_string}\"},\"query-input\":{\"@type\":\"PropertyValueSpecification\",\"valueRequired\":true,\"valueName\":\"search_term_string\"}}],\"inLanguage\":\"it-IT\"},{\"@type\":\"Person\",\"@id\":\"https:\\\/\\\/www.wumingfoundation.com\\\/giap\\\/#\\\/schema\\\/person\\\/881b1c925aaf48fe6eb5c3970be4458f\",\"name\":\"Wu Ming\",\"image\":{\"@type\":\"ImageObject\",\"inLanguage\":\"it-IT\",\"@id\":\"https:\\\/\\\/secure.gravatar.com\\\/avatar\\\/1f49001124f0d5b3aeb1d387dbd89e7b48de4c5c15539460ec1c154566c1723c?s=96&d=blank&r=g\",\"url\":\"https:\\\/\\\/secure.gravatar.com\\\/avatar\\\/1f49001124f0d5b3aeb1d387dbd89e7b48de4c5c15539460ec1c154566c1723c?s=96&d=blank&r=g\",\"contentUrl\":\"https:\\\/\\\/secure.gravatar.com\\\/avatar\\\/1f49001124f0d5b3aeb1d387dbd89e7b48de4c5c15539460ec1c154566c1723c?s=96&d=blank&r=g\",\"caption\":\"Wu Ming\"}}]}<\/script>\n<!-- \/ Yoast SEO plugin. -->","yoast_head_json":{"title":"Ti mandavano al confino perch\u00e9... | Radio Giap Rebelde - Giap","description":"Chi non si riconosce nelle retoriche di questi mesi, chi soffre dentro i confini imposti al dibattito, si sente al confino nella propria stessa quotidianit\u00e0","robots":{"index":"index","follow":"follow","max-snippet":"max-snippet:-1","max-image-preview":"max-image-preview:large","max-video-preview":"max-video-preview:-1"},"canonical":"https:\/\/www.wumingfoundation.com\/giap\/2020\/01\/ti-mandavano-al-confino\/","og_locale":"it_IT","og_type":"article","og_title":"Ti mandavano al confino perch\u00e9... | Radio Giap Rebelde - Giap","og_description":"Chi non si riconosce nelle retoriche di questi mesi, chi soffre dentro i confini imposti al dibattito, si sente al confino nella propria stessa quotidianit\u00e0","og_url":"https:\/\/www.wumingfoundation.com\/giap\/2020\/01\/ti-mandavano-al-confino\/","og_site_name":"Giap","article_published_time":"2020-01-26T10:48:55+00:00","article_modified_time":"2024-03-18T10:59:00+00:00","og_image":[{"width":700,"height":441,"url":"https:\/\/www.wumingfoundation.com\/giap\/wp-content\/uploads\/2020\/01\/emiliaparanoica-2.gif","type":"image\/gif"}],"author":"Wu Ming","twitter_card":"summary_large_image","twitter_creator":"@Wu_Ming_Foundt","twitter_site":"@Wu_Ming_Foundt","twitter_misc":{"Scritto da":"Wu Ming","Tempo di lettura stimato":"5 minuti"},"schema":{"@context":"https:\/\/schema.org","@graph":[{"@type":"Article","@id":"https:\/\/www.wumingfoundation.com\/giap\/2020\/01\/ti-mandavano-al-confino\/#article","isPartOf":{"@id":"https:\/\/www.wumingfoundation.com\/giap\/2020\/01\/ti-mandavano-al-confino\/"},"author":{"name":"Wu Ming","@id":"https:\/\/www.wumingfoundation.com\/giap\/#\/schema\/person\/881b1c925aaf48fe6eb5c3970be4458f"},"headline":"Ti mandavano al confino perch\u00e9&#8230; | Radio Giap Rebelde","datePublished":"2020-01-26T10:48:55+00:00","dateModified":"2024-03-18T10:59:00+00:00","mainEntityOfPage":{"@id":"https:\/\/www.wumingfoundation.com\/giap\/2020\/01\/ti-mandavano-al-confino\/"},"wordCount":991,"commentCount":44,"image":{"@id":"https:\/\/www.wumingfoundation.com\/giap\/2020\/01\/ti-mandavano-al-confino\/#primaryimage"},"thumbnailUrl":"https:\/\/www.wumingfoundation.com\/giap\/wp-content\/uploads\/2020\/01\/emiliaparanoica-2.gif","keywords":["Bhutan Clan","capitalismo della sorveglianza","confino","Elezioni regionali","Radio Giap Rebelde","Salvini"],"articleSection":["Esternazioni","Transmedia"],"inLanguage":"it-IT","potentialAction":[{"@type":"CommentAction","name":"Comment","target":["https:\/\/www.wumingfoundation.com\/giap\/2020\/01\/ti-mandavano-al-confino\/#respond"]}]},{"@type":"WebPage","@id":"https:\/\/www.wumingfoundation.com\/giap\/2020\/01\/ti-mandavano-al-confino\/","url":"https:\/\/www.wumingfoundation.com\/giap\/2020\/01\/ti-mandavano-al-confino\/","name":"Ti mandavano al confino perch\u00e9... | Radio Giap Rebelde - Giap","isPartOf":{"@id":"https:\/\/www.wumingfoundation.com\/giap\/#website"},"primaryImageOfPage":{"@id":"https:\/\/www.wumingfoundation.com\/giap\/2020\/01\/ti-mandavano-al-confino\/#primaryimage"},"image":{"@id":"https:\/\/www.wumingfoundation.com\/giap\/2020\/01\/ti-mandavano-al-confino\/#primaryimage"},"thumbnailUrl":"https:\/\/www.wumingfoundation.com\/giap\/wp-content\/uploads\/2020\/01\/emiliaparanoica-2.gif","datePublished":"2020-01-26T10:48:55+00:00","dateModified":"2024-03-18T10:59:00+00:00","author":{"@id":"https:\/\/www.wumingfoundation.com\/giap\/#\/schema\/person\/881b1c925aaf48fe6eb5c3970be4458f"},"description":"Chi non si riconosce nelle retoriche di questi mesi, chi soffre dentro i confini imposti al dibattito, si sente al confino nella propria stessa quotidianit\u00e0","breadcrumb":{"@id":"https:\/\/www.wumingfoundation.com\/giap\/2020\/01\/ti-mandavano-al-confino\/#breadcrumb"},"inLanguage":"it-IT","potentialAction":[{"@type":"ReadAction","target":["https:\/\/www.wumingfoundation.com\/giap\/2020\/01\/ti-mandavano-al-confino\/"]}]},{"@type":"ImageObject","inLanguage":"it-IT","@id":"https:\/\/www.wumingfoundation.com\/giap\/2020\/01\/ti-mandavano-al-confino\/#primaryimage","url":"https:\/\/www.wumingfoundation.com\/giap\/wp-content\/uploads\/2020\/01\/emiliaparanoica-2.gif","contentUrl":"https:\/\/www.wumingfoundation.com\/giap\/wp-content\/uploads\/2020\/01\/emiliaparanoica-2.gif","width":700,"height":441},{"@type":"BreadcrumbList","@id":"https:\/\/www.wumingfoundation.com\/giap\/2020\/01\/ti-mandavano-al-confino\/#breadcrumb","itemListElement":[{"@type":"ListItem","position":1,"name":"Home","item":"https:\/\/www.wumingfoundation.com\/giap\/"},{"@type":"ListItem","position":2,"name":"Ti mandavano al confino perch\u00e9&#8230; | Radio Giap Rebelde"}]},{"@type":"WebSite","@id":"https:\/\/www.wumingfoundation.com\/giap\/#website","url":"https:\/\/www.wumingfoundation.com\/giap\/","name":"Giap","description":"Il sito ufficiale di Wu Ming, collettivo di scrittori","potentialAction":[{"@type":"SearchAction","target":{"@type":"EntryPoint","urlTemplate":"https:\/\/www.wumingfoundation.com\/giap\/?s={search_term_string}"},"query-input":{"@type":"PropertyValueSpecification","valueRequired":true,"valueName":"search_term_string"}}],"inLanguage":"it-IT"},{"@type":"Person","@id":"https:\/\/www.wumingfoundation.com\/giap\/#\/schema\/person\/881b1c925aaf48fe6eb5c3970be4458f","name":"Wu Ming","image":{"@type":"ImageObject","inLanguage":"it-IT","@id":"https:\/\/secure.gravatar.com\/avatar\/1f49001124f0d5b3aeb1d387dbd89e7b48de4c5c15539460ec1c154566c1723c?s=96&d=blank&r=g","url":"https:\/\/secure.gravatar.com\/avatar\/1f49001124f0d5b3aeb1d387dbd89e7b48de4c5c15539460ec1c154566c1723c?s=96&d=blank&r=g","contentUrl":"https:\/\/secure.gravatar.com\/avatar\/1f49001124f0d5b3aeb1d387dbd89e7b48de4c5c15539460ec1c154566c1723c?s=96&d=blank&r=g","caption":"Wu Ming"}}]}},"_links":{"self":[{"href":"https:\/\/www.wumingfoundation.com\/giap\/wp-json\/wp\/v2\/posts\/41849","targetHints":{"allow":["GET"]}}],"collection":[{"href":"https:\/\/www.wumingfoundation.com\/giap\/wp-json\/wp\/v2\/posts"}],"about":[{"href":"https:\/\/www.wumingfoundation.com\/giap\/wp-json\/wp\/v2\/types\/post"}],"author":[{"embeddable":true,"href":"https:\/\/www.wumingfoundation.com\/giap\/wp-json\/wp\/v2\/users\/1"}],"replies":[{"embeddable":true,"href":"https:\/\/www.wumingfoundation.com\/giap\/wp-json\/wp\/v2\/comments?post=41849"}],"version-history":[{"count":1,"href":"https:\/\/www.wumingfoundation.com\/giap\/wp-json\/wp\/v2\/posts\/41849\/revisions"}],"predecessor-version":[{"id":54531,"href":"https:\/\/www.wumingfoundation.com\/giap\/wp-json\/wp\/v2\/posts\/41849\/revisions\/54531"}],"wp:featuredmedia":[{"embeddable":true,"href":"https:\/\/www.wumingfoundation.com\/giap\/wp-json\/wp\/v2\/media\/41860"}],"wp:attachment":[{"href":"https:\/\/www.wumingfoundation.com\/giap\/wp-json\/wp\/v2\/media?parent=41849"}],"wp:term":[{"taxonomy":"category","embeddable":true,"href":"https:\/\/www.wumingfoundation.com\/giap\/wp-json\/wp\/v2\/categories?post=41849"},{"taxonomy":"post_tag","embeddable":true,"href":"https:\/\/www.wumingfoundation.com\/giap\/wp-json\/wp\/v2\/tags?post=41849"}],"curies":[{"name":"wp","href":"https:\/\/api.w.org\/{rel}","templated":true}]}}