{"id":41615,"date":"2019-12-30T12:43:19","date_gmt":"2019-12-30T11:43:19","guid":{"rendered":"https:\/\/www.wumingfoundation.com\/giap\/?p=41615"},"modified":"2019-12-30T22:20:34","modified_gmt":"2019-12-30T21:20:34","slug":"ronchi-senza-i-legionari","status":"publish","type":"post","link":"https:\/\/www.wumingfoundation.com\/giap\/2019\/12\/ronchi-senza-i-legionari\/","title":{"rendered":"Ronchi senza i legionari. Memorie di una citt\u00e0 e di un nome che non la rappresenta"},"content":{"rendered":"<div id=\"attachment_41623\" style=\"width: 710px\" class=\"wp-caption aligncenter\"><a href=\"https:\/\/medium.com\/@nicolettabourbaki\/ronchi-senza-i-legionari-memorie-di-una-citt%C3%A0-e-di-un-nome-che-non-la-rappresenta-6136217576d7\"><img loading=\"lazy\" decoding=\"async\" aria-describedby=\"caption-attachment-41623\" class=\"wp-image-41623\" src=\"https:\/\/www.wumingfoundation.com\/giap\/wp-content\/uploads\/2019\/12\/ronchi.jpg\" alt=\"Ronchi dei Partigiani\" width=\"700\" height=\"526\" \/><\/a><p id=\"caption-attachment-41623\" class=\"wp-caption-text\">Nicoletta Bourbaki parla del libro <em>Ronchi dei Partigiani<\/em> (KappaVu, Udine 2019). Clicca sulla foto per leggere la recensione.<\/p><\/div>\n<p>Sei anni fa pubblicammo un articolo di <strong>Marco Barone<\/strong> intitolato <a href=\"https:\/\/www.wumingfoundation.com\/giap\/2014\/01\/lantifascismo-che-resiste-il-caso-ronchi-dei-partigiani\/\"><em>Da Ronchi \u00abdei Legionari\u00bb a Ronchi dei partigiani. Di cos&#8217;\u00e8 il nome un nome?<\/em><\/a> Il tema era tipico di <em>Giap<\/em> e delle nostre esplorazioni: il rapporto tra toponomastica e (sovente cattiva) memoria pubblica. Nello specifico, si parlava di un complemento di specificazione aggiunto in epoca fascista al nome di una citt\u00e0 del Friuli-Venezia Giulia, Ronchi. Citt\u00e0 da cui, <em>per puro caso<\/em>, nel 1919 era partita la spedizione di D&#8217;Annunzio verso Fiume.<\/p>\n<p>Quel complemento\u00a0 \u00e8 rimasto come un fardello, a falsare la storia di Ronchi, citt\u00e0 meticcia, proletaria, antifascista e partigiana. Citt\u00e0 che rimase estranea alla cosiddetta \u00abImpresa di Fiume\u00bb (non vi prese parte nessun ronchese), al razzismo antislavo che la permeava, all&#8217;imperialismo italiano del quale i \u00ablegionari\u00bb furono pattuglia d&#8217;avanscoperta.<!--more--><\/p>\n<p>Nel 2014 \u00e8 partita una campagna per togliere l&#8217;imbarazzante suffisso e ribattezzare la citt\u00e0 \u00abRonchi dei Partigiani\u00bb. Wu Ming 1 ha raccontato questa storia nel suo <em>Cent&#8217;anni a Nordest<\/em> (Rizzoli, 2015). Ebbene, non solo la campagna \u00e8 proseguita, ma negli ultimi tempi ha ripreso vigore. Il 2020 sar\u00e0 un anno-chiave, come lo \u00e8 stato il 2019. Il biennio, infatti, \u00e8 segnato dall&#8217;imbarazzante centenario dell&#8217;occupazione di Fiume.<\/p>\n<p>Non possiamo dire che nei mesi scorsi \u00abse ne sono sentite di tutti i colori\u00bb, perch\u00e9 \u00e8 prevalso il solito miscuglio di <em>due<\/em> colori: rosso e bruno. Rossobrune, infatti, sono le rivalutazioni forzose di quell&#8217;exploit, sempre raccontato da un punto di vista italocentrico, con le consuete pezze d&#8217;appoggio di citazioni estrapolate e falsi storici: Gramsci che appoggi\u00f2 l&#8217;impresa, gli anarchici che vi aderirono ecc.<\/p>\n<p>Aspetti <em>laterali<\/em> di quell&#8217;episodio, o addirittura marginalissimi \u2013 yoga, nudismo, qualche foglio &#8220;underground&#8221; <em>ante litteram<\/em> \u2013 vengono ingigantiti e posti al centro delle ricostruzioni; ogni <em>disclaimer<\/em> iniziale \u00e8 messo da parte e subito dimenticato; imperialismo e antislavismo scompaiono dal quadro e la continuit\u00e0 tra impresa fiumana e fascismo viene dispersa in un&#8217;aneddotica pseudo-rivoluzionaria al limite del controfattuale.<\/p>\n<p>Il risultato? Fiume 1919 diventa \u00abun&#8217;anticipazione del &#8217;68 e del &#8217;77\u00bb. E per giustificare il collegamento forzato, quelle due stagioni di conflitto sociale vengono ancora una volta ridotte al loro clich\u00e9 giornalistico, a meri fenomeni culturali e di costume, scoppi di vitalismo e giovanilismo, contestazioni &#8220;antiborghesi&#8221; in seno alla borghesia.<\/p>\n<p>Per farla corta: viene eliminato ogni riferimento alla lotta di classe.<\/p>\n<p>In Francia il &#8217;68 si espresse in uno dei pi\u00f9 grandi scioperi generali del Novecento. In Italia \u00e8 inscindibile dal &#8217;69, anno dell&#8217;\u00abAutunno caldo\u00bb e della grande sollevazione operaia. Durante la \u00abreggenza\u00bb di Fiume, invece, lo sciopero generale fu proclamato da un proletariato multietnico<em> contro<\/em> l&#8217;occupazione, la dittatura di D&#8217;Annunzio e l&#8217;italianizzazione forzata. Basterebbe questo, a rimarcare l&#8217;assurdit\u00e0 di certi parallelismi.<\/p>\n<p>Ma il raziocinio, da solo, non pu\u00f2 contrastare il mito. L&#8217;impresa di Fiume si impone come mito &#8220;ucronico&#8221; di un &#8220;sovversivismo&#8221; n\u00e9 fascista n\u00e9 antifascista. \u00c8 il vagheggiamento di un sentiero interrotto, di una &#8220;terza via&#8221; che non ci fu ma potrebbe esserci.<\/p>\n<p>Ronchi dei Partigiani \u00e8 il necessario controcanto a questi deliri. E adesso \u00e8 uscito un libro: un volume collettaneo a cura di <strong>Luca Meneghesso<\/strong>, edito da KappaVu e intitolato <em>Ronchi dei Partigiani. Toponomastica, odonomastica e onomastica a Ronchi e nella &#8220;Venezia Giulia&#8221;<\/em>.<\/p>\n<p>Lo ha recensito per noi il gruppo di lavoro <strong>Nicoletta Bourbaki<\/strong>.<\/p>\n<p>\u2192 <strong><a href=\"https:\/\/medium.com\/@nicolettabourbaki\/ronchi-senza-i-legionari-memorie-di-una-citt%C3%A0-e-di-un-nome-che-non-la-rappresenta-6136217576d7\">Buona lettura<\/a><\/strong>.<\/p>\n<p>&nbsp;<\/p>\n","protected":false},"excerpt":{"rendered":"Sei anni fa pubblicammo un articolo di Marco Barone intitolato Da Ronchi \u00abdei Legionari\u00bb a Ronchi dei partigiani. Di cos&#8217;\u00e8 il nome un nome? Il tema era tipico di Giap e delle nostre esplorazioni: il rapporto tra toponomastica e (sovente cattiva) memoria pubblica. Nello specifico, si parlava di un complemento di specificazione aggiunto in epoca [&hellip;]","protected":false},"author":1,"featured_media":41623,"comment_status":"open","ping_status":"open","sticky":false,"template":"","format":"standard","meta":{"footnotes":""},"categories":[6],"tags":[2370,493,1986,2737,2529,2528,2359,1983,1984,3766],"class_list":["post-41615","post","type-post","status-publish","format-standard","has-post-thumbnail","hentry","category-news-e-segnalazioni","tag-centanni-a-nordest","tag-fascismo","tag-fiume","tag-kappavu","tag-luca-meneghesso","tag-marco-barone","tag-nicoletta-bourbaki","tag-ronchi-dei-legionari","tag-ronchi-dei-partigiani","tag-toponomastica"],"_links":{"self":[{"href":"https:\/\/www.wumingfoundation.com\/giap\/wp-json\/wp\/v2\/posts\/41615","targetHints":{"allow":["GET"]}}],"collection":[{"href":"https:\/\/www.wumingfoundation.com\/giap\/wp-json\/wp\/v2\/posts"}],"about":[{"href":"https:\/\/www.wumingfoundation.com\/giap\/wp-json\/wp\/v2\/types\/post"}],"author":[{"embeddable":true,"href":"https:\/\/www.wumingfoundation.com\/giap\/wp-json\/wp\/v2\/users\/1"}],"replies":[{"embeddable":true,"href":"https:\/\/www.wumingfoundation.com\/giap\/wp-json\/wp\/v2\/comments?post=41615"}],"version-history":[{"count":0,"href":"https:\/\/www.wumingfoundation.com\/giap\/wp-json\/wp\/v2\/posts\/41615\/revisions"}],"wp:featuredmedia":[{"embeddable":true,"href":"https:\/\/www.wumingfoundation.com\/giap\/wp-json\/wp\/v2\/media\/41623"}],"wp:attachment":[{"href":"https:\/\/www.wumingfoundation.com\/giap\/wp-json\/wp\/v2\/media?parent=41615"}],"wp:term":[{"taxonomy":"category","embeddable":true,"href":"https:\/\/www.wumingfoundation.com\/giap\/wp-json\/wp\/v2\/categories?post=41615"},{"taxonomy":"post_tag","embeddable":true,"href":"https:\/\/www.wumingfoundation.com\/giap\/wp-json\/wp\/v2\/tags?post=41615"}],"curies":[{"name":"wp","href":"https:\/\/api.w.org\/{rel}","templated":true}]}}