{"id":4101,"date":"2011-05-13T14:33:22","date_gmt":"2011-05-13T12:33:22","guid":{"rendered":"http:\/\/www.wumingfoundation.com\/giap\/?p=4101"},"modified":"2022-03-05T11:23:45","modified_gmt":"2022-03-05T10:23:45","slug":"esule-nella-mia-stessa-terra-sfollato-da-un-paese-nel-paese","status":"publish","type":"post","link":"https:\/\/www.wumingfoundation.com\/giap\/2011\/05\/esule-nella-mia-stessa-terra-sfollato-da-un-paese-nel-paese\/","title":{"rendered":"Esule nella mia stessa terra, sfollato da un &#8220;paese nel paese&#8221;"},"content":{"rendered":"<h5 style=\"text-align: center;\"><img loading=\"lazy\" decoding=\"async\" class=\"size-full wp-image-4110\" title=\"Profughi\" src=\"http:\/\/www.wumingfoundation.com\/giap\/wp-content\/uploads\/2011\/05\/profughi2.jpg\" alt=\"\" width=\"500\" height=\"375\" \/><\/h5>\n<h5><span style=\"color: #ffffff;\">.<\/span><br \/>\n[Il numero di gennaio-marzo 2011 della rivista <em>Nuovi Argomenti<\/em> (n. 253, pp. 247) era dedicato, non sorprendentemente, al centocinquantesimo anniversario dell&#8217;Unit\u00e0 d&#8217;Italia, e dunque al &#8220;sentirsi italiani\/e&#8221;.\u00a0 A sviscerare l&#8217;argomento erano le risposte di molti scrittori, artisti e intellettuali a un questionario preparato dalla redazione. Per dare un&#8217;idea delle domande, eccone una: \u00abTerritorio, tradizione e identit\u00e0 sono concetti utilizzati con frequenza, a destra come a sinistra. \u00c8 d\u2019accordo con l\u2019uso che se ne fa? E crede di poter parlare, secondo la sua esperienza, di territorio italiano, tradizione italiana e identit\u00e0 italiana?&#8221;\u00bb<br \/>\nNel novero degli interpellati c&#8217;ero anch&#8217;io. Anzich\u00e9 affrontare le domande una per una, ho deciso di sceglierne tre, accorparle e scrivere un&#8217;unica risposta-testimonianza. Rileggendola a distanza di qualche mese, proprio perch\u00e9 stridentemente inattuale, mi sembra pi\u00f9 attuale che mai. La ripropongo qui, fatene ci\u00f2 che vi aggrada. &#8212; <strong>WM1<\/strong>]<\/h5>\n<h5><!--more--><\/h5>\n<p><strong><span style=\"color: #ffffff;\">&#8211;<\/span><br \/>\nLei si sente italiano? E, se s\u00ec, in che modo? <\/strong><br \/>\n<strong>Sente pi\u00f9 forte il suo legame con un&#8217;identit\u00e0 locale (cittadina, provinciale, regionale) o con l&#8217;identit\u00e0 nazionale?<\/strong><br \/>\n<strong>Ci sono personaggi, periodi o eventi storici che accendono in lei qualcosa di simile a un orgoglio patrio?<\/strong><\/p>\n<p>Stando all&#8217;anagrafe, sono nato in Italia. In realt\u00e0 non \u00e8 cos\u00ec. Sono nato nel movimento operaio e bracciantile emiliano (padre metalmeccanico, madre bracciante). Sono nato nel PCI e nella CGIL, nel mondo socialista e marxista (pi\u00f9 precisamente: gramsciano e togliattiano), un mondo di case del popolo rurali, vecchie sezioni di partito, piccole camere del lavoro e feste de l&#8217;Unit\u00e0 infestate di zanzare. Vengo dal lembo &#8220;depresso&#8221; dell&#8217;Emilia, ovvero il suo cantone nord-orientale: il Basso Ferrarese, zona che quand&#8217;ero piccolo conservava sacche di povert\u00e0, e che ancora oggi poco corrisponde ai clich\u00e9s sull&#8217;Emilia, senz&#8217;altro pi\u00f9 simile al Polesine che al cuore della regione. I miei natali sono dunque nel profondo della provincia, ma quel profondo era molto vicino al centro del paese in cui sono nato e che oggi non esiste pi\u00f9: il Partito comunista. Fu Pasolini a definirlo \u00abun paese nel paese\u00bb con Bologna come capitale virtuale. E and\u00f2 oltre, esagerando a bella posta, definendolo \u00abun paese pulito in un paese sporco, un paese onesto in un paese disonesto, un paese intelligente in un paese idiota, un paese colto in un paese ignorante, un paese umanistico in un paese consumistico\u00bb. E aggiungo: un paese internazionalista in un paese particolaristico. Quando Pasolini scrisse queste frasi, io avevo quattro anni, e gi\u00e0 quel \u00abpaese separato\u00bb si stava facendo meno onesto e un poco pi\u00f9 idiota, meno colto e pi\u00f9 consumistico, e ovviamente pi\u00f9 particolaristico. Quell&#8217;esperienza andava perdendo specificit\u00e0, il sotto-insieme cominciava a somigliare all&#8217;insieme. Come sia andata a finire \u00e8 cosa nota. Fatto sta che io sono nato e ho vissuto i miei primi anni non (genericamente) in Italia, bens\u00ec in quel sotto-insieme, in quell&#8217;esperienza specifica che non aveva corrispettivi nel resto d&#8217;Europa. E anche quando ho iniziato a contestare quell&#8217;origine e quel modello, prendendo altre direttrici, sono comunque rimasto nell&#8217;alveo marxista e della sinistra, la peculiarissima e molteplice sinistra italiana, quel phylum intrecciato in cui troviamo Labriola, Gramsci, Bordiga, Panzieri, Tronti, Ingrao, Pintor, Rossanda, Toni Negri, Primo Moroni, Fortini, Pasolini, Sanguineti, Giorgio Cesarano, Paolo Virno&#8230; Queste sono alcune delle \u00abeccellenze\u00bb; purtroppo vi sono anche molti fessi, ma \u00e8 inevitabile. All&#8217;estero, per fortuna, arrivano le eccellenze. Posso dire che mi sono sempre sentito italiano soprattutto in questo senso, ossia consapevole &#8211; e orgoglioso &#8211; di stare dentro una tradizione di \u00abpensiero italiano\u00bb (cfr. <a href=\"http:\/\/www.libreriauniversitaria.it\/BIT\/8806198629\/ASI\/300131\">Roberto Esposito<\/a>) radicale, lungo una via prettamente italiana alla modernit\u00e0 e al pensare la rivoluzione. Cosa che ha ben poco a che fare con lo stato-nazione e col patriottismo dei confini. L&#8217;aprirsi di quella via era dovuto a tanti fattori, non ultima l&#8217;esistenza, in Italia, del movimento operaio pi\u00f9 marxista (bench\u00e9 in un modo &#8220;strano&#8221;, eterodosso persino nello stalinismo) e pi\u00f9 organizzato di tutto l&#8217;occidente. Anche la disgregazione che ha prodotto la situazione attuale \u00e8 dovuta a tanti fattori, non ultima la reazione violentissima dell&#8217;establishment alle lotte di quel movimento. Ed \u00e8 il principio dell&#8217;altra storia, quella che mi vede italiano (nel senso anzidetto) per quanto riguarda i natali, ma profugo per quanto riguarda il presente. Profugo, sfollato, pur continuando a vivere all&#8217;interno del Paese che \u00e8 anagraficamente il mio. Sfollato, esule nella mia stessa terra, come un palestinese, perch\u00e9 non esiste pi\u00f9 il Paese che era il mio <em>esistenzialmente<\/em>. Si tratter\u00e0, per me e per quelli come me, di federare i campi profughi (dove abbiamo avuto figli e nipoti) fino a costruire un nuovo \u00abPaese nel Paese\u00bb.<\/p>\n<p><strong><a href=\"http:\/\/www.doppiozero.com\/dossier\/disunita-italiana\/nuovi-argomenti-la-dove-il-si-suona\">Su Doppiozero, le risposte di alcuni colleghi <\/a><\/strong><\/p>\n","protected":false},"excerpt":{"rendered":". [Il numero di gennaio-marzo 2011 della rivista Nuovi Argomenti (n. 253, pp. 247) era dedicato, non sorprendentemente, al centocinquantesimo anniversario dell&#8217;Unit\u00e0 d&#8217;Italia, e dunque al &#8220;sentirsi italiani\/e&#8221;.\u00a0 A sviscerare l&#8217;argomento erano le risposte di molti scrittori, artisti e intellettuali a un questionario preparato dalla redazione. Per dare un&#8217;idea delle domande, eccone una: \u00abTerritorio, tradizione [&hellip;]","protected":false},"author":1,"featured_media":4110,"comment_status":"closed","ping_status":"open","sticky":false,"template":"","format":"standard","meta":{"footnotes":""},"categories":[8],"tags":[142,687,893,2599,890,892,785,891],"class_list":["post-4101","post","type-post","status-publish","format-standard","has-post-thumbnail","hentry","category-editoriali","tag-bologna","tag-cgil","tag-emilia","tag-festa-dellunita","tag-italia","tag-marxismo","tag-patria","tag-pci"],"yoast_head":"<!-- This site is optimized with the Yoast SEO plugin v27.5 - https:\/\/yoast.com\/product\/yoast-seo-wordpress\/ -->\n<title>Esule nella mia stessa terra, sfollato da un &quot;paese nel paese&quot; - Giap<\/title>\n<meta name=\"description\" content=\"Stando all&#039;anagrafe, sono nato in Italia. In realt\u00e0 non \u00e8 cos\u00ec. Sono nato nel movimento operaio e bracciantile emiliano (padre...\" \/>\n<meta name=\"robots\" content=\"index, follow, max-snippet:-1, max-image-preview:large, max-video-preview:-1\" \/>\n<link rel=\"canonical\" href=\"https:\/\/www.wumingfoundation.com\/giap\/2011\/05\/esule-nella-mia-stessa-terra-sfollato-da-un-paese-nel-paese\/\" \/>\n<meta property=\"og:locale\" content=\"it_IT\" \/>\n<meta property=\"og:type\" content=\"article\" \/>\n<meta property=\"og:title\" content=\"Esule nella mia stessa terra, sfollato da un &quot;paese nel paese&quot; - Giap\" \/>\n<meta property=\"og:description\" content=\"Stando all&#039;anagrafe, sono nato in Italia. In realt\u00e0 non \u00e8 cos\u00ec. Sono nato nel movimento operaio e bracciantile emiliano (padre...\" \/>\n<meta property=\"og:url\" content=\"https:\/\/www.wumingfoundation.com\/giap\/2011\/05\/esule-nella-mia-stessa-terra-sfollato-da-un-paese-nel-paese\/\" \/>\n<meta property=\"og:site_name\" content=\"Giap\" \/>\n<meta property=\"article:published_time\" content=\"2011-05-13T12:33:22+00:00\" \/>\n<meta property=\"article:modified_time\" content=\"2022-03-05T10:23:45+00:00\" \/>\n<meta property=\"og:image\" content=\"https:\/\/www.wumingfoundation.com\/giap\/wp-content\/uploads\/2011\/05\/profughi2.jpg\" \/>\n\t<meta property=\"og:image:width\" content=\"500\" \/>\n\t<meta property=\"og:image:height\" content=\"375\" \/>\n\t<meta property=\"og:image:type\" content=\"image\/jpeg\" \/>\n<meta name=\"author\" content=\"Wu Ming\" \/>\n<meta name=\"twitter:card\" content=\"summary_large_image\" \/>\n<meta name=\"twitter:creator\" content=\"@Wu_Ming_Foundt\" \/>\n<meta name=\"twitter:site\" content=\"@Wu_Ming_Foundt\" \/>\n<meta name=\"twitter:label1\" content=\"Scritto da\" \/>\n\t<meta name=\"twitter:data1\" content=\"Wu Ming\" \/>\n\t<meta name=\"twitter:label2\" content=\"Tempo di lettura stimato\" \/>\n\t<meta name=\"twitter:data2\" content=\"4 minuti\" \/>\n<script type=\"application\/ld+json\" class=\"yoast-schema-graph\">{\"@context\":\"https:\\\/\\\/schema.org\",\"@graph\":[{\"@type\":\"Article\",\"@id\":\"https:\\\/\\\/www.wumingfoundation.com\\\/giap\\\/2011\\\/05\\\/esule-nella-mia-stessa-terra-sfollato-da-un-paese-nel-paese\\\/#article\",\"isPartOf\":{\"@id\":\"https:\\\/\\\/www.wumingfoundation.com\\\/giap\\\/2011\\\/05\\\/esule-nella-mia-stessa-terra-sfollato-da-un-paese-nel-paese\\\/\"},\"author\":{\"name\":\"Wu Ming\",\"@id\":\"https:\\\/\\\/www.wumingfoundation.com\\\/giap\\\/#\\\/schema\\\/person\\\/881b1c925aaf48fe6eb5c3970be4458f\"},\"headline\":\"Esule nella mia stessa terra, sfollato da un &#8220;paese nel paese&#8221;\",\"datePublished\":\"2011-05-13T12:33:22+00:00\",\"dateModified\":\"2022-03-05T10:23:45+00:00\",\"mainEntityOfPage\":{\"@id\":\"https:\\\/\\\/www.wumingfoundation.com\\\/giap\\\/2011\\\/05\\\/esule-nella-mia-stessa-terra-sfollato-da-un-paese-nel-paese\\\/\"},\"wordCount\":784,\"image\":{\"@id\":\"https:\\\/\\\/www.wumingfoundation.com\\\/giap\\\/2011\\\/05\\\/esule-nella-mia-stessa-terra-sfollato-da-un-paese-nel-paese\\\/#primaryimage\"},\"thumbnailUrl\":\"https:\\\/\\\/www.wumingfoundation.com\\\/giap\\\/wp-content\\\/uploads\\\/2011\\\/05\\\/profughi2.jpg\",\"keywords\":[\"Bologna\",\"CGIL\",\"Emilia\",\"Festa dell'Unit\u00e0\",\"Italia\",\"marxismo\",\"Patria\",\"PCI\"],\"articleSection\":[\"Esternazioni\"],\"inLanguage\":\"it-IT\"},{\"@type\":\"WebPage\",\"@id\":\"https:\\\/\\\/www.wumingfoundation.com\\\/giap\\\/2011\\\/05\\\/esule-nella-mia-stessa-terra-sfollato-da-un-paese-nel-paese\\\/\",\"url\":\"https:\\\/\\\/www.wumingfoundation.com\\\/giap\\\/2011\\\/05\\\/esule-nella-mia-stessa-terra-sfollato-da-un-paese-nel-paese\\\/\",\"name\":\"Esule nella mia stessa terra, sfollato da un \\\"paese nel paese\\\" - Giap\",\"isPartOf\":{\"@id\":\"https:\\\/\\\/www.wumingfoundation.com\\\/giap\\\/#website\"},\"primaryImageOfPage\":{\"@id\":\"https:\\\/\\\/www.wumingfoundation.com\\\/giap\\\/2011\\\/05\\\/esule-nella-mia-stessa-terra-sfollato-da-un-paese-nel-paese\\\/#primaryimage\"},\"image\":{\"@id\":\"https:\\\/\\\/www.wumingfoundation.com\\\/giap\\\/2011\\\/05\\\/esule-nella-mia-stessa-terra-sfollato-da-un-paese-nel-paese\\\/#primaryimage\"},\"thumbnailUrl\":\"https:\\\/\\\/www.wumingfoundation.com\\\/giap\\\/wp-content\\\/uploads\\\/2011\\\/05\\\/profughi2.jpg\",\"datePublished\":\"2011-05-13T12:33:22+00:00\",\"dateModified\":\"2022-03-05T10:23:45+00:00\",\"author\":{\"@id\":\"https:\\\/\\\/www.wumingfoundation.com\\\/giap\\\/#\\\/schema\\\/person\\\/881b1c925aaf48fe6eb5c3970be4458f\"},\"description\":\"Stando all'anagrafe, sono nato in Italia. In realt\u00e0 non \u00e8 cos\u00ec. Sono nato nel movimento operaio e bracciantile emiliano (padre...\",\"breadcrumb\":{\"@id\":\"https:\\\/\\\/www.wumingfoundation.com\\\/giap\\\/2011\\\/05\\\/esule-nella-mia-stessa-terra-sfollato-da-un-paese-nel-paese\\\/#breadcrumb\"},\"inLanguage\":\"it-IT\",\"potentialAction\":[{\"@type\":\"ReadAction\",\"target\":[\"https:\\\/\\\/www.wumingfoundation.com\\\/giap\\\/2011\\\/05\\\/esule-nella-mia-stessa-terra-sfollato-da-un-paese-nel-paese\\\/\"]}]},{\"@type\":\"ImageObject\",\"inLanguage\":\"it-IT\",\"@id\":\"https:\\\/\\\/www.wumingfoundation.com\\\/giap\\\/2011\\\/05\\\/esule-nella-mia-stessa-terra-sfollato-da-un-paese-nel-paese\\\/#primaryimage\",\"url\":\"https:\\\/\\\/www.wumingfoundation.com\\\/giap\\\/wp-content\\\/uploads\\\/2011\\\/05\\\/profughi2.jpg\",\"contentUrl\":\"https:\\\/\\\/www.wumingfoundation.com\\\/giap\\\/wp-content\\\/uploads\\\/2011\\\/05\\\/profughi2.jpg\",\"width\":500,\"height\":375},{\"@type\":\"BreadcrumbList\",\"@id\":\"https:\\\/\\\/www.wumingfoundation.com\\\/giap\\\/2011\\\/05\\\/esule-nella-mia-stessa-terra-sfollato-da-un-paese-nel-paese\\\/#breadcrumb\",\"itemListElement\":[{\"@type\":\"ListItem\",\"position\":1,\"name\":\"Home\",\"item\":\"https:\\\/\\\/www.wumingfoundation.com\\\/giap\\\/\"},{\"@type\":\"ListItem\",\"position\":2,\"name\":\"Esule nella mia stessa terra, sfollato da un &#8220;paese nel paese&#8221;\"}]},{\"@type\":\"WebSite\",\"@id\":\"https:\\\/\\\/www.wumingfoundation.com\\\/giap\\\/#website\",\"url\":\"https:\\\/\\\/www.wumingfoundation.com\\\/giap\\\/\",\"name\":\"Giap\",\"description\":\"Il sito ufficiale di Wu Ming, collettivo di scrittori\",\"potentialAction\":[{\"@type\":\"SearchAction\",\"target\":{\"@type\":\"EntryPoint\",\"urlTemplate\":\"https:\\\/\\\/www.wumingfoundation.com\\\/giap\\\/?s={search_term_string}\"},\"query-input\":{\"@type\":\"PropertyValueSpecification\",\"valueRequired\":true,\"valueName\":\"search_term_string\"}}],\"inLanguage\":\"it-IT\"},{\"@type\":\"Person\",\"@id\":\"https:\\\/\\\/www.wumingfoundation.com\\\/giap\\\/#\\\/schema\\\/person\\\/881b1c925aaf48fe6eb5c3970be4458f\",\"name\":\"Wu Ming\",\"image\":{\"@type\":\"ImageObject\",\"inLanguage\":\"it-IT\",\"@id\":\"https:\\\/\\\/secure.gravatar.com\\\/avatar\\\/1f49001124f0d5b3aeb1d387dbd89e7b48de4c5c15539460ec1c154566c1723c?s=96&d=blank&r=g\",\"url\":\"https:\\\/\\\/secure.gravatar.com\\\/avatar\\\/1f49001124f0d5b3aeb1d387dbd89e7b48de4c5c15539460ec1c154566c1723c?s=96&d=blank&r=g\",\"contentUrl\":\"https:\\\/\\\/secure.gravatar.com\\\/avatar\\\/1f49001124f0d5b3aeb1d387dbd89e7b48de4c5c15539460ec1c154566c1723c?s=96&d=blank&r=g\",\"caption\":\"Wu Ming\"}}]}<\/script>\n<!-- \/ Yoast SEO plugin. -->","yoast_head_json":{"title":"Esule nella mia stessa terra, sfollato da un \"paese nel paese\" - Giap","description":"Stando all'anagrafe, sono nato in Italia. In realt\u00e0 non \u00e8 cos\u00ec. Sono nato nel movimento operaio e bracciantile emiliano (padre...","robots":{"index":"index","follow":"follow","max-snippet":"max-snippet:-1","max-image-preview":"max-image-preview:large","max-video-preview":"max-video-preview:-1"},"canonical":"https:\/\/www.wumingfoundation.com\/giap\/2011\/05\/esule-nella-mia-stessa-terra-sfollato-da-un-paese-nel-paese\/","og_locale":"it_IT","og_type":"article","og_title":"Esule nella mia stessa terra, sfollato da un \"paese nel paese\" - Giap","og_description":"Stando all'anagrafe, sono nato in Italia. In realt\u00e0 non \u00e8 cos\u00ec. Sono nato nel movimento operaio e bracciantile emiliano (padre...","og_url":"https:\/\/www.wumingfoundation.com\/giap\/2011\/05\/esule-nella-mia-stessa-terra-sfollato-da-un-paese-nel-paese\/","og_site_name":"Giap","article_published_time":"2011-05-13T12:33:22+00:00","article_modified_time":"2022-03-05T10:23:45+00:00","og_image":[{"width":500,"height":375,"url":"https:\/\/www.wumingfoundation.com\/giap\/wp-content\/uploads\/2011\/05\/profughi2.jpg","type":"image\/jpeg"}],"author":"Wu Ming","twitter_card":"summary_large_image","twitter_creator":"@Wu_Ming_Foundt","twitter_site":"@Wu_Ming_Foundt","twitter_misc":{"Scritto da":"Wu Ming","Tempo di lettura stimato":"4 minuti"},"schema":{"@context":"https:\/\/schema.org","@graph":[{"@type":"Article","@id":"https:\/\/www.wumingfoundation.com\/giap\/2011\/05\/esule-nella-mia-stessa-terra-sfollato-da-un-paese-nel-paese\/#article","isPartOf":{"@id":"https:\/\/www.wumingfoundation.com\/giap\/2011\/05\/esule-nella-mia-stessa-terra-sfollato-da-un-paese-nel-paese\/"},"author":{"name":"Wu Ming","@id":"https:\/\/www.wumingfoundation.com\/giap\/#\/schema\/person\/881b1c925aaf48fe6eb5c3970be4458f"},"headline":"Esule nella mia stessa terra, sfollato da un &#8220;paese nel paese&#8221;","datePublished":"2011-05-13T12:33:22+00:00","dateModified":"2022-03-05T10:23:45+00:00","mainEntityOfPage":{"@id":"https:\/\/www.wumingfoundation.com\/giap\/2011\/05\/esule-nella-mia-stessa-terra-sfollato-da-un-paese-nel-paese\/"},"wordCount":784,"image":{"@id":"https:\/\/www.wumingfoundation.com\/giap\/2011\/05\/esule-nella-mia-stessa-terra-sfollato-da-un-paese-nel-paese\/#primaryimage"},"thumbnailUrl":"https:\/\/www.wumingfoundation.com\/giap\/wp-content\/uploads\/2011\/05\/profughi2.jpg","keywords":["Bologna","CGIL","Emilia","Festa dell'Unit\u00e0","Italia","marxismo","Patria","PCI"],"articleSection":["Esternazioni"],"inLanguage":"it-IT"},{"@type":"WebPage","@id":"https:\/\/www.wumingfoundation.com\/giap\/2011\/05\/esule-nella-mia-stessa-terra-sfollato-da-un-paese-nel-paese\/","url":"https:\/\/www.wumingfoundation.com\/giap\/2011\/05\/esule-nella-mia-stessa-terra-sfollato-da-un-paese-nel-paese\/","name":"Esule nella mia stessa terra, sfollato da un \"paese nel paese\" - Giap","isPartOf":{"@id":"https:\/\/www.wumingfoundation.com\/giap\/#website"},"primaryImageOfPage":{"@id":"https:\/\/www.wumingfoundation.com\/giap\/2011\/05\/esule-nella-mia-stessa-terra-sfollato-da-un-paese-nel-paese\/#primaryimage"},"image":{"@id":"https:\/\/www.wumingfoundation.com\/giap\/2011\/05\/esule-nella-mia-stessa-terra-sfollato-da-un-paese-nel-paese\/#primaryimage"},"thumbnailUrl":"https:\/\/www.wumingfoundation.com\/giap\/wp-content\/uploads\/2011\/05\/profughi2.jpg","datePublished":"2011-05-13T12:33:22+00:00","dateModified":"2022-03-05T10:23:45+00:00","author":{"@id":"https:\/\/www.wumingfoundation.com\/giap\/#\/schema\/person\/881b1c925aaf48fe6eb5c3970be4458f"},"description":"Stando all'anagrafe, sono nato in Italia. In realt\u00e0 non \u00e8 cos\u00ec. Sono nato nel movimento operaio e bracciantile emiliano (padre...","breadcrumb":{"@id":"https:\/\/www.wumingfoundation.com\/giap\/2011\/05\/esule-nella-mia-stessa-terra-sfollato-da-un-paese-nel-paese\/#breadcrumb"},"inLanguage":"it-IT","potentialAction":[{"@type":"ReadAction","target":["https:\/\/www.wumingfoundation.com\/giap\/2011\/05\/esule-nella-mia-stessa-terra-sfollato-da-un-paese-nel-paese\/"]}]},{"@type":"ImageObject","inLanguage":"it-IT","@id":"https:\/\/www.wumingfoundation.com\/giap\/2011\/05\/esule-nella-mia-stessa-terra-sfollato-da-un-paese-nel-paese\/#primaryimage","url":"https:\/\/www.wumingfoundation.com\/giap\/wp-content\/uploads\/2011\/05\/profughi2.jpg","contentUrl":"https:\/\/www.wumingfoundation.com\/giap\/wp-content\/uploads\/2011\/05\/profughi2.jpg","width":500,"height":375},{"@type":"BreadcrumbList","@id":"https:\/\/www.wumingfoundation.com\/giap\/2011\/05\/esule-nella-mia-stessa-terra-sfollato-da-un-paese-nel-paese\/#breadcrumb","itemListElement":[{"@type":"ListItem","position":1,"name":"Home","item":"https:\/\/www.wumingfoundation.com\/giap\/"},{"@type":"ListItem","position":2,"name":"Esule nella mia stessa terra, sfollato da un &#8220;paese nel paese&#8221;"}]},{"@type":"WebSite","@id":"https:\/\/www.wumingfoundation.com\/giap\/#website","url":"https:\/\/www.wumingfoundation.com\/giap\/","name":"Giap","description":"Il sito ufficiale di Wu Ming, collettivo di scrittori","potentialAction":[{"@type":"SearchAction","target":{"@type":"EntryPoint","urlTemplate":"https:\/\/www.wumingfoundation.com\/giap\/?s={search_term_string}"},"query-input":{"@type":"PropertyValueSpecification","valueRequired":true,"valueName":"search_term_string"}}],"inLanguage":"it-IT"},{"@type":"Person","@id":"https:\/\/www.wumingfoundation.com\/giap\/#\/schema\/person\/881b1c925aaf48fe6eb5c3970be4458f","name":"Wu Ming","image":{"@type":"ImageObject","inLanguage":"it-IT","@id":"https:\/\/secure.gravatar.com\/avatar\/1f49001124f0d5b3aeb1d387dbd89e7b48de4c5c15539460ec1c154566c1723c?s=96&d=blank&r=g","url":"https:\/\/secure.gravatar.com\/avatar\/1f49001124f0d5b3aeb1d387dbd89e7b48de4c5c15539460ec1c154566c1723c?s=96&d=blank&r=g","contentUrl":"https:\/\/secure.gravatar.com\/avatar\/1f49001124f0d5b3aeb1d387dbd89e7b48de4c5c15539460ec1c154566c1723c?s=96&d=blank&r=g","caption":"Wu Ming"}}]}},"_links":{"self":[{"href":"https:\/\/www.wumingfoundation.com\/giap\/wp-json\/wp\/v2\/posts\/4101","targetHints":{"allow":["GET"]}}],"collection":[{"href":"https:\/\/www.wumingfoundation.com\/giap\/wp-json\/wp\/v2\/posts"}],"about":[{"href":"https:\/\/www.wumingfoundation.com\/giap\/wp-json\/wp\/v2\/types\/post"}],"author":[{"embeddable":true,"href":"https:\/\/www.wumingfoundation.com\/giap\/wp-json\/wp\/v2\/users\/1"}],"replies":[{"embeddable":true,"href":"https:\/\/www.wumingfoundation.com\/giap\/wp-json\/wp\/v2\/comments?post=4101"}],"version-history":[{"count":1,"href":"https:\/\/www.wumingfoundation.com\/giap\/wp-json\/wp\/v2\/posts\/4101\/revisions"}],"predecessor-version":[{"id":48910,"href":"https:\/\/www.wumingfoundation.com\/giap\/wp-json\/wp\/v2\/posts\/4101\/revisions\/48910"}],"wp:featuredmedia":[{"embeddable":true,"href":"https:\/\/www.wumingfoundation.com\/giap\/wp-json\/wp\/v2\/media\/4110"}],"wp:attachment":[{"href":"https:\/\/www.wumingfoundation.com\/giap\/wp-json\/wp\/v2\/media?parent=4101"}],"wp:term":[{"taxonomy":"category","embeddable":true,"href":"https:\/\/www.wumingfoundation.com\/giap\/wp-json\/wp\/v2\/categories?post=4101"},{"taxonomy":"post_tag","embeddable":true,"href":"https:\/\/www.wumingfoundation.com\/giap\/wp-json\/wp\/v2\/tags?post=4101"}],"curies":[{"name":"wp","href":"https:\/\/api.w.org\/{rel}","templated":true}]}}