{"id":39016,"date":"2019-09-10T09:56:05","date_gmt":"2019-09-10T07:56:05","guid":{"rendered":"https:\/\/www.wumingfoundation.com\/giap\/?p=39016"},"modified":"2019-10-04T13:09:48","modified_gmt":"2019-10-04T11:09:48","slug":"il-varco","status":"publish","type":"post","link":"https:\/\/www.wumingfoundation.com\/giap\/2019\/09\/il-varco\/","title":{"rendered":"Il Varco. Un film di Federico Ferrone e Michele Manzolini, scritto insieme a Wu Ming 2."},"content":{"rendered":"<p style=\"text-align: center;\"><iframe loading=\"lazy\" src=\"https:\/\/www.youtube.com\/embed\/5H0xirWjuFE\" width=\"700\" height=\"393\" frameborder=\"0\" allowfullscreen=\"allowfullscreen\"><\/iframe><\/p>\n<p>Gioved\u00ec 7 settembre, centinaia di attiviste e attivisti da tutta Europa si sono aperti un varco nei controlli di sicurezza e hanno occupato il <em>red carpet<\/em> della <strong>Mostra del Cinema di Venezia<\/strong>, per chiedere giustizia climatica e sociale. Quattro giorni prima, un altro varco si era spalancato pochi metri pi\u00f9 in l\u00e0, davanti alle poltrone della Sala Giardino, dove quasi seicento persone avevano assistito alla prima del nuovo film di <strong>Federico Ferrone e Michele Manzolini<\/strong>, scritto iniseme a Wu Ming 2 e intitolato appunto <em>Il Varco<\/em>. Un lungometraggio di finzione, costruito con materiale d&#8217;archivio, per mettere in comunicazione passato e presente, storia e racconto, mito e realt\u00e0. Un oggetto narrativo non identificato che arricchisce la ricognizione di Wu Ming 2 ai confini tra cinema, immagini di repertorio e pellicole amatoriali. La terza tappa di un percorso iniziato con <a href=\"https:\/\/www.youtube.com\/watch?v=Zz6mWgUHgyI\"><em>51<\/em><\/a> &#8211; episodio del film collettivo<a href=\"http:\/\/doc.kine.it\/wp\/formato-ridotto\/\"><em> Formato Ridotto<\/em><\/a> &#8211; e proseguito con la sceneggiatura de <a href=\"http:\/\/doc.kine.it\/wp\/l-uomo-con-la-lanterna\/\"><em>L&#8217;Uomo con la Lanterna<\/em><\/a>, di <strong>Francesca Lixi<\/strong>.<\/p>\n<p>\u00abUn progetto ambizioso solo a considerare la portata del lavoro di documentazione, di ricerca, di mixaggio e montaggio di centinaia di ore di materiale video. Il tutto per raccontare \u201csolo\u201d una storia nuova. La storia di un soldato italiano, nato da madre russa, spedito verso la patria materna\u00a0 perch\u00e9 ne parla la lingua.\u00bb<br \/>\n(<strong>Andrea Gioval\u00e9<\/strong> <a href=\"https:\/\/www.cinematografo.it\/recensioni\/il-varco\/\">su <em>La rivista del cinematografo<\/em><\/a>)<!--more--><\/p>\n<p>\u00abIl soldato narrante conosce la guerra, ha gi\u00e0 combattuto in Africa, e questa esperienza riemerge attraverso le violentissime immagini del colonialismo italiano che il regista <strong>Luca Ferro<\/strong> utilizz\u00f2 nel suo film <em>Impressioni a distanza<\/em>. Anche grazie a esse, il rimosso della storia si apre un varco nel racconto del viaggio verso il fronte sovietico, liberando tutta l\u2019angoscia del soldato e svuotando dal di dentro la sua cronaca, che nel finale si fa sempre pi\u00f9 astratta e archetipica.\u00bb<br \/>\n(<strong>Silvia Nugara<\/strong> <a href=\"https:\/\/ilmanifesto.it\/in-viaggio-verso-la-steppa-bianca-fra-storia-memoria-e-immaginazione\/\">su <em>Il manifesto<\/em><\/a>)<\/p>\n<p>\u00abIl protagonista del racconto, universale nel suo essere anonimo, potrebbe essere <strong>Mario Rigoni Stern<\/strong>, <strong>Nuto Revelli<\/strong>, mio nonno o un qualsiasi dei tanti dimenticati soldati che sono stati attraversati da quell\u2019orrore bianco. [&#8230;] L\u2019utilizzo di un materiale straordinario (merito del coinvolgimento di <em><strong>HomeMovies<\/strong><\/em> \u2013 Archivio Nazionale del Film di Famiglia) rarefatto e ipnotico, porta il pubblico a guardare in faccia l\u2019ossessione di una vicenda incomprensibile.\u00bb<br \/>\n(<strong>Luca Marchetti<\/strong> <a href=\"https:\/\/www.sentieriselvaggi.it\/venezia76-il-varco-di-federico-ferrone-e-michele-manzolini\/\">su <em>Sentieri Selvaggi<\/em><\/a>. Leggi anche la sua <a href=\"https:\/\/www.sentieriselvaggi.it\/venezia76-il-varco-incontro-con-federico-ferrone-michele-manzolini-e-wu-ming-2\/\">intervista agli autori <\/a> del film.<\/p>\n<p>\u00abAccompagnato dalla calda voce di <strong>Emidio Clementi<\/strong>, il film \u00e8 un <em>on the road<\/em> lungo il fronte sovietico, costruito attraverso un intelligente e calibrato utilizzo di archivi privati, e capace di rendere vivo, reale, credibile questo soldato in preda a paure e tormenti che arrivano da un orribile trascorso in Etiopia.\u00bb<br \/>\n(<strong>Antonio Capellupo<\/strong> <a href=\"https:\/\/www.cinemaitaliano.info\/news\/53363\/venezia-76-il-varco-nel-muro-della-storia.html\"><em>su Cinema Italiano<\/em><\/a>)<\/p>\n<p>\u00ab&#8221;Nel creare la storia di un uomo alla deriva nel &#8216;cuore di tenebra&#8217; della guerra abbiamo attinto a immaginari anche apparentemente lontani tra loro: il romanzo d\u2019avventura, le fiabe popolari russe, la coscienza sporca del colonialismo fascista, e i diari e i memoriali dei soldati italiani sul fronte orientale. Come le pellicole che lo compongono \u00e8 un film popolato di spiriti. Fantasmi che vagano sempre pi\u00f9 numerosi nella steppa ucraina, man mano che la guerra si fa pi\u00f9 disperata. Ricordi che si insinuano nella mente del protagonista e lo riportano agli orrori della guerra coloniale. E infine frammenti di una guerra futura che si combatte oggi in <strong>Ucraina<\/strong>, negli stessi luoghi dove gli italiani combatterono tra il 1941 e il 1943. Presente e passato sono due binari paralleli che, col procedere del film, si avvicinano e confluiscono. Come se le ferite di oltre 70 anni fa, nel cuore dell\u2019Europa, non si fossero mai rimarginate&#8221;.\u00bb<br \/>\n(<strong>Cristiana Patern\u00f2<\/strong> <a href=\"https:\/\/news.cinecitta.com\/IT\/it-it\/news\/55\/79651\/il-varco-diario-di-un-soldato-nella-campagna-di-russia.aspx\">su Cinecitt\u00e0 News<\/a>)<\/p>\n<p>\u00abLa cifra stilistica di Ferrone e Manzolini, che ci sembra qui delinearsi in modo ancora pi\u00f9 netto e maturo, \u00e8 quella che traccia combinazioni tutt\u2019altro che scontate fra documentazioni e testimonianze alacremente cercate in archivio e una linea fictionale che si muove con delicatezza fra ricostruzione storica e plausibile invenzione: ne Il varco abbiamo infatti a che fare con l\u2019immaginaria ricostruzione del viaggio dall\u2019Italia all\u2019Ucraina sovietica di un soldato italiano di madre russa che commenta le immagini da lui stesso riprese, interrogandosi nei suoi diari sulla propria identit\u00e0 \u201cibrida\u201d e sulla sua funzione di interprete e trait d\u2019union fra due eserciti in guerra.\u00bb<br \/>\n(<strong>Massimo Tria<\/strong> <a href=\"https:\/\/www.nonsolocinema.com\/il-varco-di-federico-ferrone-e-michele-manzolini.html\">su <em>Nonsolocinema<\/em><\/a>)<\/p>\n<p><img loading=\"lazy\" decoding=\"async\" class=\"alignright wp-image-39018\" src=\"https:\/\/www.wumingfoundation.com\/giap\/wp-content\/uploads\/2019\/09\/locandina.jpg\" alt=\"\" width=\"200\" height=\"280\" \/>\u00abUna storia di finzione costruita come un grande puzzle attraverso i diari dei militari italiani Guido Balzani, Remo Canetta, Enrico Chierici, Adolfo Franzini, Nuto Revelli, Mario Rigoni Stern. Parole messe insieme al fronte, sui tanti fronti, scritte tanti anni orsono, che Wu Ming 2 ha ricucito insieme per un racconto in prima persona attraverso il \u201ccuore di tenebra\u201d della guerra.\u00bb<br \/>\n(<strong>Gabriella Gallozzi<\/strong> <a href=\"https:\/\/www.bookciakmagazine.it\/il-treno-che-a-mosca-non-e-arrivato-la-campagna-di-russia-della-coppia-ferrone-manzolini\/\">su <em>BookCiaK Magazine<\/em><\/a>)<\/p>\n<p>\u00abPur se finzionale, l\u2019io narrante di <em>Il Varco<\/em>, \u00e8 la risultante di una complessa operazione di elaborazione di un materiale preesistente, profondamente autentico e legato al genere della memorialistica. Ne viene fuori un personaggio credibile, con un suo vissuto, una sua storia e affetti propri anche nei momenti in cui pi\u00f9 dichiarate ed evidenti sono le fonti utilizzate. Anzi, verrebbe da aggiungere, che proprio questa strana sceneggiatura, ricostruita come un <strong>mostro di Frankenstein<\/strong> con pezzi vivi di altre storie e altri vissuti, sia il primo piccolo miracolo di un film che raggiunge vette emotive mirabili nella sua ora appena di proiezione.\u00bb<br \/>\n(<strong>Alessandro Izzi<\/strong> <a href=\"http:\/\/www.close-up.it\/venezia-76-il-varco\"><em>su Close Up<\/em><\/a>)<\/p>\n<p>\u00abIl materiale d\u2019archivio raccolto dai due registi si interseca magistralmente con la narrazione e con il flusso di coscienza del soldato &#8211; quasi sempre, si ha la sensazione di guardare i paesaggi fuori dal finestrino del treno, i volti dei commilitoni e dei popolani o anche un semplice cartello stradale direttamente dal punto di vista soggettivo del protagonista. La colonna sonora di <strong>Simonluca Laitempergher<\/strong>, inoltre, contribuisce enormemente a trasportare lo spettatore nelle atmosfere dei luoghi e dell\u2019epoca rappresentati nel film: a titolo d\u2019esempio, si potrebbero citare la scena delle danze gitane nella Notte di Sant\u2019Elia ambientata nel villaggio transilvano di Bor\u0219a (dove l\u2019esercito si ferma per un giorno prima di ripartire per il fronte) oppure, a met\u00e0 del film, quella dei canti corali intonati dai prigionieri dell\u2019Armata Rossa.\u00bb<br \/>\n(<strong>Davide Abbatescianni<\/strong> <a href=\"https:\/\/cineuropa.org\/it\/newsdetail\/376946\/\"><em>su Cineuropa<\/em><\/a>)<\/p>\n<p>Il giorno stesso della <em>premi\u00e8re<\/em> veneziana, Federico Ferrone, Michele Manzolini e Wu Ming 2 sono stati ospiti di <strong><em>Hollywood Party<\/em><\/strong> su RaiRadio3. L&#8217;intera puntata della trasmissione <a href=\"https:\/\/www.raiplayradio.it\/audio\/2019\/08\/HOLLYWOOD-PARTY-Venezia-7---Pietro-Marcello-quotIl-varcoquot-Costanza-Quatriglio-e-quotTony-Driverquot-b9635b18-307c-4774-beaf-92fd2e555c7b.html\">si pu\u00f2 ascoltare qui<\/a>.<\/p>\n<p><em>Il Varco<\/em> uscir\u00e0 nella sale (quante e dove non si sa) dal mese di ottobre.<\/p>\n<p>Buona visione.<\/p>\n","protected":false},"excerpt":{"rendered":"Gioved\u00ec 7 settembre, centinaia di attiviste e attivisti da tutta Europa si sono aperti un varco nei controlli di sicurezza e hanno occupato il red carpet della Mostra del Cinema di Venezia, per chiedere giustizia climatica e sociale. Quattro giorni prima, un altro varco si era spalancato pochi metri pi\u00f9 in l\u00e0, davanti alle poltrone [&hellip;]","protected":false},"author":44,"featured_media":39021,"comment_status":"open","ping_status":"open","sticky":false,"template":"","format":"standard","meta":{"footnotes":""},"categories":[3239],"tags":[4018,3151,4020,1539,3547,4019,2986,4021,4022,4023],"class_list":["post-39016","post","type-post","status-publish","format-standard","has-post-thumbnail","hentry","category-cinema","tag-campagna-di-russia","tag-cinema","tag-federico-ferrone","tag-home-movies","tag-kine","tag-michele-manzolini","tag-nuto-revelli","tag-operazione-barbarossa","tag-ucraina","tag-venezia-76"],"yoast_head":"<!-- This site is optimized with the Yoast SEO plugin v27.4 - https:\/\/yoast.com\/product\/yoast-seo-wordpress\/ -->\n<title>Il Varco. Un film di Federico Ferrone e Michele Manzolini, scritto insieme a Wu Ming 2. - Giap<\/title>\n<meta name=\"description\" content=\"Un lungometraggio di finzione, costruito con materiale d\u2019archivio, per mettere in comunicazione passato e presente, storia e racconto, mito e realt\u00e0.\" \/>\n<meta name=\"robots\" content=\"index, follow, max-snippet:-1, max-image-preview:large, max-video-preview:-1\" \/>\n<link rel=\"canonical\" href=\"https:\/\/www.wumingfoundation.com\/giap\/2019\/09\/il-varco\/\" \/>\n<meta property=\"og:locale\" content=\"it_IT\" \/>\n<meta property=\"og:type\" content=\"article\" \/>\n<meta property=\"og:title\" content=\"Il Varco. Un film di Federico Ferrone e Michele Manzolini, scritto insieme a Wu Ming 2. - Giap\" \/>\n<meta property=\"og:description\" content=\"Un lungometraggio di finzione, costruito con materiale d\u2019archivio, per mettere in comunicazione passato e presente, storia e racconto, mito e realt\u00e0.\" \/>\n<meta property=\"og:url\" content=\"https:\/\/www.wumingfoundation.com\/giap\/2019\/09\/il-varco\/\" \/>\n<meta property=\"og:site_name\" content=\"Giap\" \/>\n<meta property=\"article:published_time\" content=\"2019-09-10T07:56:05+00:00\" \/>\n<meta property=\"article:modified_time\" content=\"2019-10-04T11:09:48+00:00\" \/>\n<meta property=\"og:image\" content=\"https:\/\/www.wumingfoundation.com\/giap\/wp-content\/uploads\/2019\/09\/venezia-2019-il-varco-foto-del-film-di-federico-ferrone-e-michele-manzolini-8.jpg\" \/>\n\t<meta property=\"og:image:width\" content=\"655\" \/>\n\t<meta property=\"og:image:height\" content=\"437\" \/>\n\t<meta property=\"og:image:type\" content=\"image\/jpeg\" \/>\n<meta name=\"author\" content=\"Wu Ming 2\" \/>\n<meta name=\"twitter:card\" content=\"summary_large_image\" \/>\n<meta name=\"twitter:creator\" content=\"@Wu_Ming_Foundt\" \/>\n<meta name=\"twitter:site\" content=\"@Wu_Ming_Foundt\" \/>\n<meta name=\"twitter:label1\" content=\"Scritto da\" \/>\n\t<meta name=\"twitter:data1\" content=\"Wu Ming 2\" \/>\n\t<meta name=\"twitter:label2\" content=\"Tempo di lettura stimato\" \/>\n\t<meta name=\"twitter:data2\" content=\"5 minuti\" \/>\n<script type=\"application\/ld+json\" class=\"yoast-schema-graph\">{\"@context\":\"https:\\\/\\\/schema.org\",\"@graph\":[{\"@type\":\"Article\",\"@id\":\"https:\\\/\\\/www.wumingfoundation.com\\\/giap\\\/2019\\\/09\\\/il-varco\\\/#article\",\"isPartOf\":{\"@id\":\"https:\\\/\\\/www.wumingfoundation.com\\\/giap\\\/2019\\\/09\\\/il-varco\\\/\"},\"author\":{\"name\":\"Wu Ming 2\",\"@id\":\"https:\\\/\\\/www.wumingfoundation.com\\\/giap\\\/#\\\/schema\\\/person\\\/f3c43d7ffa31996d560ff94e1cba5eca\"},\"headline\":\"Il Varco. Un film di Federico Ferrone e Michele Manzolini, scritto insieme a Wu Ming 2.\",\"datePublished\":\"2019-09-10T07:56:05+00:00\",\"dateModified\":\"2019-10-04T11:09:48+00:00\",\"mainEntityOfPage\":{\"@id\":\"https:\\\/\\\/www.wumingfoundation.com\\\/giap\\\/2019\\\/09\\\/il-varco\\\/\"},\"wordCount\":1076,\"commentCount\":2,\"image\":{\"@id\":\"https:\\\/\\\/www.wumingfoundation.com\\\/giap\\\/2019\\\/09\\\/il-varco\\\/#primaryimage\"},\"thumbnailUrl\":\"https:\\\/\\\/www.wumingfoundation.com\\\/giap\\\/wp-content\\\/uploads\\\/2019\\\/09\\\/venezia-2019-il-varco-foto-del-film-di-federico-ferrone-e-michele-manzolini-8.jpg\",\"keywords\":[\"Campagna di Russia\",\"cinema\",\"Federico Ferrone\",\"Home Movies\",\"Kin\u00e9\",\"Michele Manzolini\",\"Nuto Revelli\",\"Operazione Barbarossa\",\"Ucraina\",\"Venezia 76\"],\"articleSection\":[\"Cinema\"],\"inLanguage\":\"it-IT\",\"potentialAction\":[{\"@type\":\"CommentAction\",\"name\":\"Comment\",\"target\":[\"https:\\\/\\\/www.wumingfoundation.com\\\/giap\\\/2019\\\/09\\\/il-varco\\\/#respond\"]}]},{\"@type\":\"WebPage\",\"@id\":\"https:\\\/\\\/www.wumingfoundation.com\\\/giap\\\/2019\\\/09\\\/il-varco\\\/\",\"url\":\"https:\\\/\\\/www.wumingfoundation.com\\\/giap\\\/2019\\\/09\\\/il-varco\\\/\",\"name\":\"Il Varco. Un film di Federico Ferrone e Michele Manzolini, scritto insieme a Wu Ming 2. - Giap\",\"isPartOf\":{\"@id\":\"https:\\\/\\\/www.wumingfoundation.com\\\/giap\\\/#website\"},\"primaryImageOfPage\":{\"@id\":\"https:\\\/\\\/www.wumingfoundation.com\\\/giap\\\/2019\\\/09\\\/il-varco\\\/#primaryimage\"},\"image\":{\"@id\":\"https:\\\/\\\/www.wumingfoundation.com\\\/giap\\\/2019\\\/09\\\/il-varco\\\/#primaryimage\"},\"thumbnailUrl\":\"https:\\\/\\\/www.wumingfoundation.com\\\/giap\\\/wp-content\\\/uploads\\\/2019\\\/09\\\/venezia-2019-il-varco-foto-del-film-di-federico-ferrone-e-michele-manzolini-8.jpg\",\"datePublished\":\"2019-09-10T07:56:05+00:00\",\"dateModified\":\"2019-10-04T11:09:48+00:00\",\"author\":{\"@id\":\"https:\\\/\\\/www.wumingfoundation.com\\\/giap\\\/#\\\/schema\\\/person\\\/f3c43d7ffa31996d560ff94e1cba5eca\"},\"description\":\"Un lungometraggio di finzione, costruito con materiale d\u2019archivio, per mettere in comunicazione passato e presente, storia e racconto, mito e realt\u00e0.\",\"breadcrumb\":{\"@id\":\"https:\\\/\\\/www.wumingfoundation.com\\\/giap\\\/2019\\\/09\\\/il-varco\\\/#breadcrumb\"},\"inLanguage\":\"it-IT\",\"potentialAction\":[{\"@type\":\"ReadAction\",\"target\":[\"https:\\\/\\\/www.wumingfoundation.com\\\/giap\\\/2019\\\/09\\\/il-varco\\\/\"]}]},{\"@type\":\"ImageObject\",\"inLanguage\":\"it-IT\",\"@id\":\"https:\\\/\\\/www.wumingfoundation.com\\\/giap\\\/2019\\\/09\\\/il-varco\\\/#primaryimage\",\"url\":\"https:\\\/\\\/www.wumingfoundation.com\\\/giap\\\/wp-content\\\/uploads\\\/2019\\\/09\\\/venezia-2019-il-varco-foto-del-film-di-federico-ferrone-e-michele-manzolini-8.jpg\",\"contentUrl\":\"https:\\\/\\\/www.wumingfoundation.com\\\/giap\\\/wp-content\\\/uploads\\\/2019\\\/09\\\/venezia-2019-il-varco-foto-del-film-di-federico-ferrone-e-michele-manzolini-8.jpg\",\"width\":655,\"height\":437},{\"@type\":\"BreadcrumbList\",\"@id\":\"https:\\\/\\\/www.wumingfoundation.com\\\/giap\\\/2019\\\/09\\\/il-varco\\\/#breadcrumb\",\"itemListElement\":[{\"@type\":\"ListItem\",\"position\":1,\"name\":\"Home\",\"item\":\"https:\\\/\\\/www.wumingfoundation.com\\\/giap\\\/\"},{\"@type\":\"ListItem\",\"position\":2,\"name\":\"Il Varco. Un film di Federico Ferrone e Michele Manzolini, scritto insieme a Wu Ming 2.\"}]},{\"@type\":\"WebSite\",\"@id\":\"https:\\\/\\\/www.wumingfoundation.com\\\/giap\\\/#website\",\"url\":\"https:\\\/\\\/www.wumingfoundation.com\\\/giap\\\/\",\"name\":\"Giap\",\"description\":\"Il sito ufficiale di Wu Ming, collettivo di scrittori\",\"potentialAction\":[{\"@type\":\"SearchAction\",\"target\":{\"@type\":\"EntryPoint\",\"urlTemplate\":\"https:\\\/\\\/www.wumingfoundation.com\\\/giap\\\/?s={search_term_string}\"},\"query-input\":{\"@type\":\"PropertyValueSpecification\",\"valueRequired\":true,\"valueName\":\"search_term_string\"}}],\"inLanguage\":\"it-IT\"},{\"@type\":\"Person\",\"@id\":\"https:\\\/\\\/www.wumingfoundation.com\\\/giap\\\/#\\\/schema\\\/person\\\/f3c43d7ffa31996d560ff94e1cba5eca\",\"name\":\"Wu Ming 2\",\"image\":{\"@type\":\"ImageObject\",\"inLanguage\":\"it-IT\",\"@id\":\"https:\\\/\\\/secure.gravatar.com\\\/avatar\\\/d63e960df9f6cf3ac3a1c626713f7b755664610b67bca6c6e49710257e90c03b?s=96&d=blank&r=g\",\"url\":\"https:\\\/\\\/secure.gravatar.com\\\/avatar\\\/d63e960df9f6cf3ac3a1c626713f7b755664610b67bca6c6e49710257e90c03b?s=96&d=blank&r=g\",\"contentUrl\":\"https:\\\/\\\/secure.gravatar.com\\\/avatar\\\/d63e960df9f6cf3ac3a1c626713f7b755664610b67bca6c6e49710257e90c03b?s=96&d=blank&r=g\",\"caption\":\"Wu Ming 2\"},\"sameAs\":[\"http:\\\/\\\/www.wumingfoundation.com\"]}]}<\/script>\n<!-- \/ Yoast SEO plugin. -->","yoast_head_json":{"title":"Il Varco. Un film di Federico Ferrone e Michele Manzolini, scritto insieme a Wu Ming 2. - Giap","description":"Un lungometraggio di finzione, costruito con materiale d\u2019archivio, per mettere in comunicazione passato e presente, storia e racconto, mito e realt\u00e0.","robots":{"index":"index","follow":"follow","max-snippet":"max-snippet:-1","max-image-preview":"max-image-preview:large","max-video-preview":"max-video-preview:-1"},"canonical":"https:\/\/www.wumingfoundation.com\/giap\/2019\/09\/il-varco\/","og_locale":"it_IT","og_type":"article","og_title":"Il Varco. Un film di Federico Ferrone e Michele Manzolini, scritto insieme a Wu Ming 2. - Giap","og_description":"Un lungometraggio di finzione, costruito con materiale d\u2019archivio, per mettere in comunicazione passato e presente, storia e racconto, mito e realt\u00e0.","og_url":"https:\/\/www.wumingfoundation.com\/giap\/2019\/09\/il-varco\/","og_site_name":"Giap","article_published_time":"2019-09-10T07:56:05+00:00","article_modified_time":"2019-10-04T11:09:48+00:00","og_image":[{"width":655,"height":437,"url":"https:\/\/www.wumingfoundation.com\/giap\/wp-content\/uploads\/2019\/09\/venezia-2019-il-varco-foto-del-film-di-federico-ferrone-e-michele-manzolini-8.jpg","type":"image\/jpeg"}],"author":"Wu Ming 2","twitter_card":"summary_large_image","twitter_creator":"@Wu_Ming_Foundt","twitter_site":"@Wu_Ming_Foundt","twitter_misc":{"Scritto da":"Wu Ming 2","Tempo di lettura stimato":"5 minuti"},"schema":{"@context":"https:\/\/schema.org","@graph":[{"@type":"Article","@id":"https:\/\/www.wumingfoundation.com\/giap\/2019\/09\/il-varco\/#article","isPartOf":{"@id":"https:\/\/www.wumingfoundation.com\/giap\/2019\/09\/il-varco\/"},"author":{"name":"Wu Ming 2","@id":"https:\/\/www.wumingfoundation.com\/giap\/#\/schema\/person\/f3c43d7ffa31996d560ff94e1cba5eca"},"headline":"Il Varco. Un film di Federico Ferrone e Michele Manzolini, scritto insieme a Wu Ming 2.","datePublished":"2019-09-10T07:56:05+00:00","dateModified":"2019-10-04T11:09:48+00:00","mainEntityOfPage":{"@id":"https:\/\/www.wumingfoundation.com\/giap\/2019\/09\/il-varco\/"},"wordCount":1076,"commentCount":2,"image":{"@id":"https:\/\/www.wumingfoundation.com\/giap\/2019\/09\/il-varco\/#primaryimage"},"thumbnailUrl":"https:\/\/www.wumingfoundation.com\/giap\/wp-content\/uploads\/2019\/09\/venezia-2019-il-varco-foto-del-film-di-federico-ferrone-e-michele-manzolini-8.jpg","keywords":["Campagna di Russia","cinema","Federico Ferrone","Home Movies","Kin\u00e9","Michele Manzolini","Nuto Revelli","Operazione Barbarossa","Ucraina","Venezia 76"],"articleSection":["Cinema"],"inLanguage":"it-IT","potentialAction":[{"@type":"CommentAction","name":"Comment","target":["https:\/\/www.wumingfoundation.com\/giap\/2019\/09\/il-varco\/#respond"]}]},{"@type":"WebPage","@id":"https:\/\/www.wumingfoundation.com\/giap\/2019\/09\/il-varco\/","url":"https:\/\/www.wumingfoundation.com\/giap\/2019\/09\/il-varco\/","name":"Il Varco. Un film di Federico Ferrone e Michele Manzolini, scritto insieme a Wu Ming 2. - Giap","isPartOf":{"@id":"https:\/\/www.wumingfoundation.com\/giap\/#website"},"primaryImageOfPage":{"@id":"https:\/\/www.wumingfoundation.com\/giap\/2019\/09\/il-varco\/#primaryimage"},"image":{"@id":"https:\/\/www.wumingfoundation.com\/giap\/2019\/09\/il-varco\/#primaryimage"},"thumbnailUrl":"https:\/\/www.wumingfoundation.com\/giap\/wp-content\/uploads\/2019\/09\/venezia-2019-il-varco-foto-del-film-di-federico-ferrone-e-michele-manzolini-8.jpg","datePublished":"2019-09-10T07:56:05+00:00","dateModified":"2019-10-04T11:09:48+00:00","author":{"@id":"https:\/\/www.wumingfoundation.com\/giap\/#\/schema\/person\/f3c43d7ffa31996d560ff94e1cba5eca"},"description":"Un lungometraggio di finzione, costruito con materiale d\u2019archivio, per mettere in comunicazione passato e presente, storia e racconto, mito e realt\u00e0.","breadcrumb":{"@id":"https:\/\/www.wumingfoundation.com\/giap\/2019\/09\/il-varco\/#breadcrumb"},"inLanguage":"it-IT","potentialAction":[{"@type":"ReadAction","target":["https:\/\/www.wumingfoundation.com\/giap\/2019\/09\/il-varco\/"]}]},{"@type":"ImageObject","inLanguage":"it-IT","@id":"https:\/\/www.wumingfoundation.com\/giap\/2019\/09\/il-varco\/#primaryimage","url":"https:\/\/www.wumingfoundation.com\/giap\/wp-content\/uploads\/2019\/09\/venezia-2019-il-varco-foto-del-film-di-federico-ferrone-e-michele-manzolini-8.jpg","contentUrl":"https:\/\/www.wumingfoundation.com\/giap\/wp-content\/uploads\/2019\/09\/venezia-2019-il-varco-foto-del-film-di-federico-ferrone-e-michele-manzolini-8.jpg","width":655,"height":437},{"@type":"BreadcrumbList","@id":"https:\/\/www.wumingfoundation.com\/giap\/2019\/09\/il-varco\/#breadcrumb","itemListElement":[{"@type":"ListItem","position":1,"name":"Home","item":"https:\/\/www.wumingfoundation.com\/giap\/"},{"@type":"ListItem","position":2,"name":"Il Varco. Un film di Federico Ferrone e Michele Manzolini, scritto insieme a Wu Ming 2."}]},{"@type":"WebSite","@id":"https:\/\/www.wumingfoundation.com\/giap\/#website","url":"https:\/\/www.wumingfoundation.com\/giap\/","name":"Giap","description":"Il sito ufficiale di Wu Ming, collettivo di scrittori","potentialAction":[{"@type":"SearchAction","target":{"@type":"EntryPoint","urlTemplate":"https:\/\/www.wumingfoundation.com\/giap\/?s={search_term_string}"},"query-input":{"@type":"PropertyValueSpecification","valueRequired":true,"valueName":"search_term_string"}}],"inLanguage":"it-IT"},{"@type":"Person","@id":"https:\/\/www.wumingfoundation.com\/giap\/#\/schema\/person\/f3c43d7ffa31996d560ff94e1cba5eca","name":"Wu Ming 2","image":{"@type":"ImageObject","inLanguage":"it-IT","@id":"https:\/\/secure.gravatar.com\/avatar\/d63e960df9f6cf3ac3a1c626713f7b755664610b67bca6c6e49710257e90c03b?s=96&d=blank&r=g","url":"https:\/\/secure.gravatar.com\/avatar\/d63e960df9f6cf3ac3a1c626713f7b755664610b67bca6c6e49710257e90c03b?s=96&d=blank&r=g","contentUrl":"https:\/\/secure.gravatar.com\/avatar\/d63e960df9f6cf3ac3a1c626713f7b755664610b67bca6c6e49710257e90c03b?s=96&d=blank&r=g","caption":"Wu Ming 2"},"sameAs":["http:\/\/www.wumingfoundation.com"]}]}},"_links":{"self":[{"href":"https:\/\/www.wumingfoundation.com\/giap\/wp-json\/wp\/v2\/posts\/39016","targetHints":{"allow":["GET"]}}],"collection":[{"href":"https:\/\/www.wumingfoundation.com\/giap\/wp-json\/wp\/v2\/posts"}],"about":[{"href":"https:\/\/www.wumingfoundation.com\/giap\/wp-json\/wp\/v2\/types\/post"}],"author":[{"embeddable":true,"href":"https:\/\/www.wumingfoundation.com\/giap\/wp-json\/wp\/v2\/users\/44"}],"replies":[{"embeddable":true,"href":"https:\/\/www.wumingfoundation.com\/giap\/wp-json\/wp\/v2\/comments?post=39016"}],"version-history":[{"count":0,"href":"https:\/\/www.wumingfoundation.com\/giap\/wp-json\/wp\/v2\/posts\/39016\/revisions"}],"wp:featuredmedia":[{"embeddable":true,"href":"https:\/\/www.wumingfoundation.com\/giap\/wp-json\/wp\/v2\/media\/39021"}],"wp:attachment":[{"href":"https:\/\/www.wumingfoundation.com\/giap\/wp-json\/wp\/v2\/media?parent=39016"}],"wp:term":[{"taxonomy":"category","embeddable":true,"href":"https:\/\/www.wumingfoundation.com\/giap\/wp-json\/wp\/v2\/categories?post=39016"},{"taxonomy":"post_tag","embeddable":true,"href":"https:\/\/www.wumingfoundation.com\/giap\/wp-json\/wp\/v2\/tags?post=39016"}],"curies":[{"name":"wp","href":"https:\/\/api.w.org\/{rel}","templated":true}]}}