{"id":33826,"date":"2018-06-04T10:19:25","date_gmt":"2018-06-04T08:19:25","guid":{"rendered":"https:\/\/www.wumingfoundation.com\/giap\/?p=33826"},"modified":"2018-06-30T08:53:19","modified_gmt":"2018-06-30T06:53:19","slug":"pasolini-fascismo-consumismo-salvini","status":"publish","type":"post","link":"https:\/\/www.wumingfoundation.com\/giap\/2018\/06\/pasolini-fascismo-consumismo-salvini\/","title":{"rendered":"#Pasolini, #Salvini e il neofascismo come merce &#8211; Wu Ming 1 su Internazionale"},"content":{"rendered":"<div id=\"attachment_33827\" style=\"width: 1010px\" class=\"wp-caption aligncenter\"><a href=\"https:\/\/www.internazionale.it\/opinione\/wu-ming-1\/2018\/06\/04\/pasolini-salvini-neofascismo\"><img loading=\"lazy\" decoding=\"async\" aria-describedby=\"caption-attachment-33827\" class=\"wp-image-33827 size-full\" src=\"https:\/\/www.wumingfoundation.com\/giap\/wp-content\/uploads\/2018\/05\/Pasolini_neofascismo_prezi.png\" alt=\"Pasolini fascismo neofascismo\" width=\"1000\" height=\"625\" \/><\/a><p id=\"caption-attachment-33827\" class=\"wp-caption-text\">Screenshot della presentazione multimediale \u00abPasolini, fascismi, neofascismi\u00bb, Forl\u00ec, 18 maggio 2018.<\/p><\/div>\n<p>Il 24 febbraio 2018, nel comizio di chiusura della sua campagna elettorale, il futuro ministro degli interni Salvini cit\u00f2 una frase di Pasolini come pezza d&#8217;appoggio per attaccare l&#8217;antifascismo. La citazione era falsa. La scena fu un agghiacciante cortocircuito.<\/p>\n<p>Pasolini va difeso dalle strumentalizzazioni di chi lo usa per minimizzare il fascismo. Per costoro, la pacchia deve finire.<\/p>\n<p>Al tempo stesso, per\u00f2, \u00e8 necessario fare chiarezza, capire dove Pasolini sbagli\u00f2 analisi e giudizi su un&#8217;ideologia, quella fascista, oggi pienamente attuale.<\/p>\n<p><a href=\"https:\/\/www.internazionale.it\/opinione\/wu-ming-1\/2018\/06\/04\/pasolini-salvini-neofascismo\"><strong>Sul sito di\u00a0<em>Internazionale<\/em><\/strong><\/a>\u00a0potete leggere un intervento\u00a0<em>\u2014 <\/em>finora il pi\u00f9 compiuto<em>\u00a0\u2014 <\/em>di Wu Ming 1 su un groviglio di problemi e strumentalizzazioni del quale periodicamente tocca occuparsi. Un grosso nodo che \u00e8 vano sperare di sciogliere: va tagliato con un colpo di spada.<!--more--><\/p>\n<p>Per arrivare a dare quel colpo, dobbiamo partire dal debunking del meme pseudo-pasoliniano \u00abVedi, Caro Alberto&#8230;\u00bb [spoiler: \u00e8 una bufala], seguire un lungo filo nero dentro <em>Petrolio<\/em>, sottoporre a un esame critico alcune celeberrime tesi di Pasolini su fascismo e capitalismo, e infine spiegare perch\u00e9 \u00e8 un errore chiamare \u00abfascismo\u00bb o \u00abnazismo\u00bb\u00a0ogni imposizione, autoritarismo, dispositivo &#8211; o, <em>tout court<\/em>, il capitalismo.<\/p>\n<p>Questo testo\u00a0\u00e8 un&#8217;evoluzione della conferenza\u00a0<em>Pasolini, fascismi, neofascismi<\/em>, tenuta da WM1 al convegno \u00abPasolini. Alle origini del postmoderno\u00bb, organizzato da Paolo Andreoni, Andrea Mandolesi e Michele Drudi e svoltosi a Forl\u00ec dal 15 al 19 maggio scorsi.<\/p>\n<p><strong>Sommario<\/strong><br \/>\nIl tormentone del \u00abCaro Alberto\u00bb &#8211; Consumismo e fascismo: la dicotomia che non c&#8217;\u00e8 &#8211; Pasolini contro i neofascisti, i neofascisti contro Pasolini &#8211; La societ\u00e0 dei consumi \u00e8 a destra del fascismo? &#8211;\u00a0Tutti come il Merda, anche i fascisti &#8211; Una citt\u00e0 a forma di svastica &#8211; L&#8217;equivoco sul \u00abfascismo degli antifascisti\u00bb &#8211;\u00a0Il test dell&#8217;anatra &#8211;\u00a0Il consumismo neofascista &#8211;\u00a0Non tutto \u00e8 fascismo.<\/p>\n<p><strong><a href=\"https:\/\/www.internazionale.it\/opinione\/wu-ming-1\/2018\/06\/04\/pasolini-salvini-neofascismo\">Buona lettura<\/a>.<\/strong><\/p>\n","protected":false},"excerpt":{"rendered":"Il 24 febbraio 2018, nel comizio di chiusura della sua campagna elettorale, il futuro ministro degli interni Salvini cit\u00f2 una frase di Pasolini come pezza d&#8217;appoggio per attaccare l&#8217;antifascismo. La citazione era falsa. La scena fu un agghiacciante cortocircuito. Pasolini va difeso dalle strumentalizzazioni di chi lo usa per minimizzare il fascismo. Per costoro, la [&hellip;]","protected":false},"author":1,"featured_media":33827,"comment_status":"open","ping_status":"open","sticky":false,"template":"","format":"standard","meta":{"footnotes":""},"categories":[1943],"tags":[189,3589,493,363,2585,3075,97,3648,3590,96,3591],"class_list":["post-33826","post","type-post","status-publish","format-standard","has-post-thumbnail","hentry","category-inchieste","tag-antifascismo","tag-consumismo","tag-fascismo","tag-internazionale","tag-matteo-salvini","tag-neofascismo","tag-pasolini","tag-pasolini-antifascismo","tag-petrolio","tag-pier-paolo-pasolini","tag-salvini"],"yoast_head":"<!-- This site is optimized with the Yoast SEO plugin v27.4 - https:\/\/yoast.com\/product\/yoast-seo-wordpress\/ -->\n<title>Pasolini, Salvini e il neofascismo come merce - di Wu Ming 1<\/title>\n<meta name=\"description\" content=\"Pasolini va difeso dalle falsificazioni di chi lo usa per minimizzare il fascismo. Ma possiamo farlo solo capendo dove sbagli\u00f2 analisi e giudizi su un&#039;ideologia pienamente attuale.\" \/>\n<meta name=\"robots\" content=\"index, follow, max-snippet:-1, max-image-preview:large, max-video-preview:-1\" \/>\n<link rel=\"canonical\" href=\"https:\/\/www.wumingfoundation.com\/giap\/2018\/06\/pasolini-fascismo-consumismo-salvini\/\" \/>\n<meta property=\"og:locale\" content=\"it_IT\" \/>\n<meta property=\"og:type\" content=\"article\" \/>\n<meta property=\"og:title\" content=\"Pasolini, Salvini e il neofascismo come merce - di Wu Ming 1\" \/>\n<meta property=\"og:description\" content=\"Pasolini va difeso dalle falsificazioni di chi lo usa per minimizzare il fascismo. Ma possiamo farlo solo capendo dove sbagli\u00f2 analisi e giudizi su un&#039;ideologia pienamente attuale.\" \/>\n<meta property=\"og:url\" content=\"https:\/\/www.wumingfoundation.com\/giap\/2018\/06\/pasolini-fascismo-consumismo-salvini\/\" \/>\n<meta property=\"og:site_name\" content=\"Giap\" \/>\n<meta property=\"article:published_time\" content=\"2018-06-04T08:19:25+00:00\" \/>\n<meta property=\"article:modified_time\" content=\"2018-06-30T06:53:19+00:00\" \/>\n<meta property=\"og:image\" content=\"https:\/\/www.wumingfoundation.com\/giap\/wp-content\/uploads\/2018\/05\/Pasolini_neofascismo_prezi.png\" \/>\n\t<meta property=\"og:image:width\" content=\"1000\" \/>\n\t<meta property=\"og:image:height\" content=\"625\" \/>\n\t<meta property=\"og:image:type\" content=\"image\/png\" \/>\n<meta name=\"author\" content=\"Wu Ming\" \/>\n<meta name=\"twitter:card\" content=\"summary_large_image\" \/>\n<meta name=\"twitter:creator\" content=\"@Wu_Ming_Foundt\" \/>\n<meta name=\"twitter:site\" content=\"@Wu_Ming_Foundt\" \/>\n<meta name=\"twitter:label1\" content=\"Scritto da\" \/>\n\t<meta name=\"twitter:data1\" content=\"Wu Ming\" \/>\n\t<meta name=\"twitter:label2\" content=\"Tempo di lettura stimato\" \/>\n\t<meta name=\"twitter:data2\" content=\"1 minuto\" \/>\n<script type=\"application\/ld+json\" class=\"yoast-schema-graph\">{\"@context\":\"https:\\\/\\\/schema.org\",\"@graph\":[{\"@type\":\"Article\",\"@id\":\"https:\\\/\\\/www.wumingfoundation.com\\\/giap\\\/2018\\\/06\\\/pasolini-fascismo-consumismo-salvini\\\/#article\",\"isPartOf\":{\"@id\":\"https:\\\/\\\/www.wumingfoundation.com\\\/giap\\\/2018\\\/06\\\/pasolini-fascismo-consumismo-salvini\\\/\"},\"author\":{\"name\":\"Wu Ming\",\"@id\":\"https:\\\/\\\/www.wumingfoundation.com\\\/giap\\\/#\\\/schema\\\/person\\\/881b1c925aaf48fe6eb5c3970be4458f\"},\"headline\":\"#Pasolini, #Salvini e il neofascismo come merce &#8211; Wu Ming 1 su Internazionale\",\"datePublished\":\"2018-06-04T08:19:25+00:00\",\"dateModified\":\"2018-06-30T06:53:19+00:00\",\"mainEntityOfPage\":{\"@id\":\"https:\\\/\\\/www.wumingfoundation.com\\\/giap\\\/2018\\\/06\\\/pasolini-fascismo-consumismo-salvini\\\/\"},\"wordCount\":316,\"commentCount\":18,\"image\":{\"@id\":\"https:\\\/\\\/www.wumingfoundation.com\\\/giap\\\/2018\\\/06\\\/pasolini-fascismo-consumismo-salvini\\\/#primaryimage\"},\"thumbnailUrl\":\"https:\\\/\\\/www.wumingfoundation.com\\\/giap\\\/wp-content\\\/uploads\\\/2018\\\/05\\\/Pasolini_neofascismo_prezi.png\",\"keywords\":[\"antifascismo\",\"consumismo\",\"fascismo\",\"Internazionale\",\"Matteo Salvini\",\"neofascismo\",\"Pasolini\",\"Pasolini antifascismo\",\"Petrolio\",\"Pier Paolo Pasolini\",\"Salvini\"],\"articleSection\":[\"Inchieste\"],\"inLanguage\":\"it-IT\",\"potentialAction\":[{\"@type\":\"CommentAction\",\"name\":\"Comment\",\"target\":[\"https:\\\/\\\/www.wumingfoundation.com\\\/giap\\\/2018\\\/06\\\/pasolini-fascismo-consumismo-salvini\\\/#respond\"]}]},{\"@type\":\"WebPage\",\"@id\":\"https:\\\/\\\/www.wumingfoundation.com\\\/giap\\\/2018\\\/06\\\/pasolini-fascismo-consumismo-salvini\\\/\",\"url\":\"https:\\\/\\\/www.wumingfoundation.com\\\/giap\\\/2018\\\/06\\\/pasolini-fascismo-consumismo-salvini\\\/\",\"name\":\"Pasolini, Salvini e il neofascismo come merce - di Wu Ming 1\",\"isPartOf\":{\"@id\":\"https:\\\/\\\/www.wumingfoundation.com\\\/giap\\\/#website\"},\"primaryImageOfPage\":{\"@id\":\"https:\\\/\\\/www.wumingfoundation.com\\\/giap\\\/2018\\\/06\\\/pasolini-fascismo-consumismo-salvini\\\/#primaryimage\"},\"image\":{\"@id\":\"https:\\\/\\\/www.wumingfoundation.com\\\/giap\\\/2018\\\/06\\\/pasolini-fascismo-consumismo-salvini\\\/#primaryimage\"},\"thumbnailUrl\":\"https:\\\/\\\/www.wumingfoundation.com\\\/giap\\\/wp-content\\\/uploads\\\/2018\\\/05\\\/Pasolini_neofascismo_prezi.png\",\"datePublished\":\"2018-06-04T08:19:25+00:00\",\"dateModified\":\"2018-06-30T06:53:19+00:00\",\"author\":{\"@id\":\"https:\\\/\\\/www.wumingfoundation.com\\\/giap\\\/#\\\/schema\\\/person\\\/881b1c925aaf48fe6eb5c3970be4458f\"},\"description\":\"Pasolini va difeso dalle falsificazioni di chi lo usa per minimizzare il fascismo. Ma possiamo farlo solo capendo dove sbagli\u00f2 analisi e giudizi su un'ideologia pienamente attuale.\",\"breadcrumb\":{\"@id\":\"https:\\\/\\\/www.wumingfoundation.com\\\/giap\\\/2018\\\/06\\\/pasolini-fascismo-consumismo-salvini\\\/#breadcrumb\"},\"inLanguage\":\"it-IT\",\"potentialAction\":[{\"@type\":\"ReadAction\",\"target\":[\"https:\\\/\\\/www.wumingfoundation.com\\\/giap\\\/2018\\\/06\\\/pasolini-fascismo-consumismo-salvini\\\/\"]}]},{\"@type\":\"ImageObject\",\"inLanguage\":\"it-IT\",\"@id\":\"https:\\\/\\\/www.wumingfoundation.com\\\/giap\\\/2018\\\/06\\\/pasolini-fascismo-consumismo-salvini\\\/#primaryimage\",\"url\":\"https:\\\/\\\/www.wumingfoundation.com\\\/giap\\\/wp-content\\\/uploads\\\/2018\\\/05\\\/Pasolini_neofascismo_prezi.png\",\"contentUrl\":\"https:\\\/\\\/www.wumingfoundation.com\\\/giap\\\/wp-content\\\/uploads\\\/2018\\\/05\\\/Pasolini_neofascismo_prezi.png\",\"width\":1000,\"height\":625,\"caption\":\"Screenshot della presentazione multimediale \u00abPasolini, fascismi, neofascismi\u00bb........\"},{\"@type\":\"BreadcrumbList\",\"@id\":\"https:\\\/\\\/www.wumingfoundation.com\\\/giap\\\/2018\\\/06\\\/pasolini-fascismo-consumismo-salvini\\\/#breadcrumb\",\"itemListElement\":[{\"@type\":\"ListItem\",\"position\":1,\"name\":\"Home\",\"item\":\"https:\\\/\\\/www.wumingfoundation.com\\\/giap\\\/\"},{\"@type\":\"ListItem\",\"position\":2,\"name\":\"#Pasolini, #Salvini e il neofascismo come merce &#8211; Wu Ming 1 su Internazionale\"}]},{\"@type\":\"WebSite\",\"@id\":\"https:\\\/\\\/www.wumingfoundation.com\\\/giap\\\/#website\",\"url\":\"https:\\\/\\\/www.wumingfoundation.com\\\/giap\\\/\",\"name\":\"Giap\",\"description\":\"Il sito ufficiale di Wu Ming, collettivo di scrittori\",\"potentialAction\":[{\"@type\":\"SearchAction\",\"target\":{\"@type\":\"EntryPoint\",\"urlTemplate\":\"https:\\\/\\\/www.wumingfoundation.com\\\/giap\\\/?s={search_term_string}\"},\"query-input\":{\"@type\":\"PropertyValueSpecification\",\"valueRequired\":true,\"valueName\":\"search_term_string\"}}],\"inLanguage\":\"it-IT\"},{\"@type\":\"Person\",\"@id\":\"https:\\\/\\\/www.wumingfoundation.com\\\/giap\\\/#\\\/schema\\\/person\\\/881b1c925aaf48fe6eb5c3970be4458f\",\"name\":\"Wu Ming\",\"image\":{\"@type\":\"ImageObject\",\"inLanguage\":\"it-IT\",\"@id\":\"https:\\\/\\\/secure.gravatar.com\\\/avatar\\\/1f49001124f0d5b3aeb1d387dbd89e7b48de4c5c15539460ec1c154566c1723c?s=96&d=blank&r=g\",\"url\":\"https:\\\/\\\/secure.gravatar.com\\\/avatar\\\/1f49001124f0d5b3aeb1d387dbd89e7b48de4c5c15539460ec1c154566c1723c?s=96&d=blank&r=g\",\"contentUrl\":\"https:\\\/\\\/secure.gravatar.com\\\/avatar\\\/1f49001124f0d5b3aeb1d387dbd89e7b48de4c5c15539460ec1c154566c1723c?s=96&d=blank&r=g\",\"caption\":\"Wu Ming\"}}]}<\/script>\n<!-- \/ Yoast SEO plugin. -->","yoast_head_json":{"title":"Pasolini, Salvini e il neofascismo come merce - di Wu Ming 1","description":"Pasolini va difeso dalle falsificazioni di chi lo usa per minimizzare il fascismo. Ma possiamo farlo solo capendo dove sbagli\u00f2 analisi e giudizi su un'ideologia pienamente attuale.","robots":{"index":"index","follow":"follow","max-snippet":"max-snippet:-1","max-image-preview":"max-image-preview:large","max-video-preview":"max-video-preview:-1"},"canonical":"https:\/\/www.wumingfoundation.com\/giap\/2018\/06\/pasolini-fascismo-consumismo-salvini\/","og_locale":"it_IT","og_type":"article","og_title":"Pasolini, Salvini e il neofascismo come merce - di Wu Ming 1","og_description":"Pasolini va difeso dalle falsificazioni di chi lo usa per minimizzare il fascismo. Ma possiamo farlo solo capendo dove sbagli\u00f2 analisi e giudizi su un'ideologia pienamente attuale.","og_url":"https:\/\/www.wumingfoundation.com\/giap\/2018\/06\/pasolini-fascismo-consumismo-salvini\/","og_site_name":"Giap","article_published_time":"2018-06-04T08:19:25+00:00","article_modified_time":"2018-06-30T06:53:19+00:00","og_image":[{"width":1000,"height":625,"url":"https:\/\/www.wumingfoundation.com\/giap\/wp-content\/uploads\/2018\/05\/Pasolini_neofascismo_prezi.png","type":"image\/png"}],"author":"Wu Ming","twitter_card":"summary_large_image","twitter_creator":"@Wu_Ming_Foundt","twitter_site":"@Wu_Ming_Foundt","twitter_misc":{"Scritto da":"Wu Ming","Tempo di lettura stimato":"1 minuto"},"schema":{"@context":"https:\/\/schema.org","@graph":[{"@type":"Article","@id":"https:\/\/www.wumingfoundation.com\/giap\/2018\/06\/pasolini-fascismo-consumismo-salvini\/#article","isPartOf":{"@id":"https:\/\/www.wumingfoundation.com\/giap\/2018\/06\/pasolini-fascismo-consumismo-salvini\/"},"author":{"name":"Wu Ming","@id":"https:\/\/www.wumingfoundation.com\/giap\/#\/schema\/person\/881b1c925aaf48fe6eb5c3970be4458f"},"headline":"#Pasolini, #Salvini e il neofascismo come merce &#8211; Wu Ming 1 su Internazionale","datePublished":"2018-06-04T08:19:25+00:00","dateModified":"2018-06-30T06:53:19+00:00","mainEntityOfPage":{"@id":"https:\/\/www.wumingfoundation.com\/giap\/2018\/06\/pasolini-fascismo-consumismo-salvini\/"},"wordCount":316,"commentCount":18,"image":{"@id":"https:\/\/www.wumingfoundation.com\/giap\/2018\/06\/pasolini-fascismo-consumismo-salvini\/#primaryimage"},"thumbnailUrl":"https:\/\/www.wumingfoundation.com\/giap\/wp-content\/uploads\/2018\/05\/Pasolini_neofascismo_prezi.png","keywords":["antifascismo","consumismo","fascismo","Internazionale","Matteo Salvini","neofascismo","Pasolini","Pasolini antifascismo","Petrolio","Pier Paolo Pasolini","Salvini"],"articleSection":["Inchieste"],"inLanguage":"it-IT","potentialAction":[{"@type":"CommentAction","name":"Comment","target":["https:\/\/www.wumingfoundation.com\/giap\/2018\/06\/pasolini-fascismo-consumismo-salvini\/#respond"]}]},{"@type":"WebPage","@id":"https:\/\/www.wumingfoundation.com\/giap\/2018\/06\/pasolini-fascismo-consumismo-salvini\/","url":"https:\/\/www.wumingfoundation.com\/giap\/2018\/06\/pasolini-fascismo-consumismo-salvini\/","name":"Pasolini, Salvini e il neofascismo come merce - di Wu Ming 1","isPartOf":{"@id":"https:\/\/www.wumingfoundation.com\/giap\/#website"},"primaryImageOfPage":{"@id":"https:\/\/www.wumingfoundation.com\/giap\/2018\/06\/pasolini-fascismo-consumismo-salvini\/#primaryimage"},"image":{"@id":"https:\/\/www.wumingfoundation.com\/giap\/2018\/06\/pasolini-fascismo-consumismo-salvini\/#primaryimage"},"thumbnailUrl":"https:\/\/www.wumingfoundation.com\/giap\/wp-content\/uploads\/2018\/05\/Pasolini_neofascismo_prezi.png","datePublished":"2018-06-04T08:19:25+00:00","dateModified":"2018-06-30T06:53:19+00:00","author":{"@id":"https:\/\/www.wumingfoundation.com\/giap\/#\/schema\/person\/881b1c925aaf48fe6eb5c3970be4458f"},"description":"Pasolini va difeso dalle falsificazioni di chi lo usa per minimizzare il fascismo. Ma possiamo farlo solo capendo dove sbagli\u00f2 analisi e giudizi su un'ideologia pienamente attuale.","breadcrumb":{"@id":"https:\/\/www.wumingfoundation.com\/giap\/2018\/06\/pasolini-fascismo-consumismo-salvini\/#breadcrumb"},"inLanguage":"it-IT","potentialAction":[{"@type":"ReadAction","target":["https:\/\/www.wumingfoundation.com\/giap\/2018\/06\/pasolini-fascismo-consumismo-salvini\/"]}]},{"@type":"ImageObject","inLanguage":"it-IT","@id":"https:\/\/www.wumingfoundation.com\/giap\/2018\/06\/pasolini-fascismo-consumismo-salvini\/#primaryimage","url":"https:\/\/www.wumingfoundation.com\/giap\/wp-content\/uploads\/2018\/05\/Pasolini_neofascismo_prezi.png","contentUrl":"https:\/\/www.wumingfoundation.com\/giap\/wp-content\/uploads\/2018\/05\/Pasolini_neofascismo_prezi.png","width":1000,"height":625,"caption":"Screenshot della presentazione multimediale \u00abPasolini, fascismi, neofascismi\u00bb........"},{"@type":"BreadcrumbList","@id":"https:\/\/www.wumingfoundation.com\/giap\/2018\/06\/pasolini-fascismo-consumismo-salvini\/#breadcrumb","itemListElement":[{"@type":"ListItem","position":1,"name":"Home","item":"https:\/\/www.wumingfoundation.com\/giap\/"},{"@type":"ListItem","position":2,"name":"#Pasolini, #Salvini e il neofascismo come merce &#8211; Wu Ming 1 su Internazionale"}]},{"@type":"WebSite","@id":"https:\/\/www.wumingfoundation.com\/giap\/#website","url":"https:\/\/www.wumingfoundation.com\/giap\/","name":"Giap","description":"Il sito ufficiale di Wu Ming, collettivo di scrittori","potentialAction":[{"@type":"SearchAction","target":{"@type":"EntryPoint","urlTemplate":"https:\/\/www.wumingfoundation.com\/giap\/?s={search_term_string}"},"query-input":{"@type":"PropertyValueSpecification","valueRequired":true,"valueName":"search_term_string"}}],"inLanguage":"it-IT"},{"@type":"Person","@id":"https:\/\/www.wumingfoundation.com\/giap\/#\/schema\/person\/881b1c925aaf48fe6eb5c3970be4458f","name":"Wu Ming","image":{"@type":"ImageObject","inLanguage":"it-IT","@id":"https:\/\/secure.gravatar.com\/avatar\/1f49001124f0d5b3aeb1d387dbd89e7b48de4c5c15539460ec1c154566c1723c?s=96&d=blank&r=g","url":"https:\/\/secure.gravatar.com\/avatar\/1f49001124f0d5b3aeb1d387dbd89e7b48de4c5c15539460ec1c154566c1723c?s=96&d=blank&r=g","contentUrl":"https:\/\/secure.gravatar.com\/avatar\/1f49001124f0d5b3aeb1d387dbd89e7b48de4c5c15539460ec1c154566c1723c?s=96&d=blank&r=g","caption":"Wu Ming"}}]}},"_links":{"self":[{"href":"https:\/\/www.wumingfoundation.com\/giap\/wp-json\/wp\/v2\/posts\/33826","targetHints":{"allow":["GET"]}}],"collection":[{"href":"https:\/\/www.wumingfoundation.com\/giap\/wp-json\/wp\/v2\/posts"}],"about":[{"href":"https:\/\/www.wumingfoundation.com\/giap\/wp-json\/wp\/v2\/types\/post"}],"author":[{"embeddable":true,"href":"https:\/\/www.wumingfoundation.com\/giap\/wp-json\/wp\/v2\/users\/1"}],"replies":[{"embeddable":true,"href":"https:\/\/www.wumingfoundation.com\/giap\/wp-json\/wp\/v2\/comments?post=33826"}],"version-history":[{"count":0,"href":"https:\/\/www.wumingfoundation.com\/giap\/wp-json\/wp\/v2\/posts\/33826\/revisions"}],"wp:featuredmedia":[{"embeddable":true,"href":"https:\/\/www.wumingfoundation.com\/giap\/wp-json\/wp\/v2\/media\/33827"}],"wp:attachment":[{"href":"https:\/\/www.wumingfoundation.com\/giap\/wp-json\/wp\/v2\/media?parent=33826"}],"wp:term":[{"taxonomy":"category","embeddable":true,"href":"https:\/\/www.wumingfoundation.com\/giap\/wp-json\/wp\/v2\/categories?post=33826"},{"taxonomy":"post_tag","embeddable":true,"href":"https:\/\/www.wumingfoundation.com\/giap\/wp-json\/wp\/v2\/tags?post=33826"}],"curies":[{"name":"wp","href":"https:\/\/api.w.org\/{rel}","templated":true}]}}