{"id":33543,"date":"2018-04-08T15:14:13","date_gmt":"2018-04-08T13:14:13","guid":{"rendered":"https:\/\/www.wumingfoundation.com\/giap\/?p=33543"},"modified":"2018-04-08T18:25:48","modified_gmt":"2018-04-08T16:25:48","slug":"diverso-il-suo-rilievo-2018-la-seconda-festa-nazionale-di-alpinismomolotov-locandina-ufficiale-e-programma","status":"publish","type":"post","link":"https:\/\/www.wumingfoundation.com\/giap\/2018\/04\/diverso-il-suo-rilievo-2018-la-seconda-festa-nazionale-di-alpinismomolotov-locandina-ufficiale-e-programma\/","title":{"rendered":"Diverso il suo rilievo 2018: la seconda festa di #AlpinismoMolotov. Locandina ufficiale e programma"},"content":{"rendered":"<div id=\"attachment_33549\" style=\"width: 660px\" class=\"wp-caption aligncenter\"><a href=\"https:\/\/www.wumingfoundation.com\/giap\/wp-content\/uploads\/2018\/04\/DiversoRilievo18_rev.jpg\"><img loading=\"lazy\" decoding=\"async\" aria-describedby=\"caption-attachment-33549\" class=\"wp-image-33549\" src=\"https:\/\/www.wumingfoundation.com\/giap\/wp-content\/uploads\/2018\/04\/DiversoRilievo18_rev.jpg\" alt=\"\" width=\"650\" height=\"928\" \/><\/a><p id=\"caption-attachment-33549\" class=\"wp-caption-text\">La locandina ufficiale di Diverso Rilievo 2018. Clicca per ingrandire.<\/p><\/div>\n<p>Il nome della festa di Alpinismo Molotov \u00e8 preso dal libro <em>Storia di una montagna<\/em>, scritto dal geografo anarchico\u00a0<em>\u2014<\/em> anzi, come diceva lui: \u00abgeografo, ma anarchico\u00bb\u00a0<em>\u2014<\/em> <strong>Elis\u00e9e Reclus<\/strong> (1830-1905).<\/p>\n<p><em>Histoire d&#8217;une montagne<\/em> usc\u00ec nel 1876. Da quattro anni Reclus, per la seconda volta nella sua vita, era esule politico. Nel 1871, infatti, aveva aderito alla Comune di Parigi, e aveva combattuto per difenderla. Dopo un anno di prigione, era stato espulso dalla Francia e si era stabilito in Svizzera.<\/p>\n<p>Il libro usc\u00ec di nuovo, in versione definitiva, nel 1880. In Italia fu tradotto nel 1909 e il testo \u00e8 <a href=\"https:\/\/www.liberliber.it\/online\/autori\/autori-r\/elisee-reclus\/storia-di-una-montagna\/\">scaricabile gratis da Liber Liber<\/a>. Ecco il passaggio da cui proviene il titolo:<!--more--><\/p>\n<blockquote>\n<div id=\"attachment_33546\" style=\"width: 199px\" class=\"wp-caption alignright\"><img loading=\"lazy\" decoding=\"async\" aria-describedby=\"caption-attachment-33546\" class=\"size-full wp-image-33546\" src=\"https:\/\/www.wumingfoundation.com\/giap\/wp-content\/uploads\/2018\/04\/reclus.jpg\" alt=\"Elis\u00e9e Reclus\" width=\"189\" height=\"246\" \/><p id=\"caption-attachment-33546\" class=\"wp-caption-text\">Elis\u00e9e Reclus<\/p><\/div>\n<p>\u00abTuttavia il piccolo cono, che appena distinguevo dalle sottoposte campagne, pulviscolo su quel granello di sabbia che \u00e8 la terra, \u00e8 adesso per me un mondo. Dalla capanna scorgo, \u00e8 vero, a poche centinaia di metri sopra il mio capo, una cresta di roccie, che sembra essere la vetta: ma, giunto lass\u00f9, ecco un&#8217;altra cresta, che si drizza oltre le nevi. Se salgo la seconda cinta, ancora la montagna mi si presenta sotto un nuovo aspetto. Da qualsiasi punta, da ogni burrone, da ogni versante, il profilo della montagna \u00e8 diverso, diverso il suo rilievo. Da s\u00e9 solo il monte \u00e8 un gruppo di alture a quel modo che l&#8217;onda \u00e8 formata di ondicine innumerevoli. Per figurarsi nel suo complesso l&#8217;architettura della montagna, occorre studiarla, percorrerla in ogni senso, salirne ogni sporgenza, penetrare nelle pi\u00f9 piccole gole.\u00bb<\/p><\/blockquote>\n<p>Il nome ha anche un altro significato: ogni festa di AM si svolge nei pressi di un <em>diverso rilievo.<\/em>\u00a0Dopo l&#8217;esordio in Valsusa, ospitati dal centro sociale VisRabbia di Avigliana, stavolta ci ritroveremo sull&#8217;altopiano di Macereto, nelle Marche, di fronte al Monte Bove, su un lembo del Parco Nazionale dei Monti Sibillini.<\/p>\n<p>Dopo <a href=\"https:\/\/www.wumingfoundation.com\/giap\/2018\/03\/diverso-rilievo-2018\/\">l&#8217;annuncio del crowdfunding<\/a>, che sta andando <a href=\"https:\/\/www.produzionidalbasso.com\/project\/diverso-il-suo-rilievo-2018-la-seconda-festa-di-alpinismo-molotov\/\">a gonfie vele<\/a>, torniamo a parlare della festa per dirvi che <a href=\"http:\/\/www.alpinismomolotov.org\/wordpress\/2018\/04\/06\/diverso-il-suo-rilievo-2018-locandina-e-programma\/\"><strong>c&#8217;\u00e8 il programma<\/strong><\/a>.<\/p>\n<p>Tenetevi libere e liberi per il primo weekend di giugno: si torna in montagna.<\/p>\n","protected":false},"excerpt":{"rendered":"Il nome della festa di Alpinismo Molotov \u00e8 preso dal libro Storia di una montagna, scritto dal geografo anarchico\u00a0\u2014 anzi, come diceva lui: \u00abgeografo, ma anarchico\u00bb\u00a0\u2014 Elis\u00e9e Reclus (1830-1905). Histoire d&#8217;une montagne usc\u00ec nel 1876. Da quattro anni Reclus, per la seconda volta nella sua vita, era esule politico. Nel 1871, infatti, aveva aderito alla [&hellip;]","protected":false},"author":1,"featured_media":33549,"comment_status":"open","ping_status":"open","sticky":false,"template":"","format":"standard","meta":{"footnotes":""},"categories":[2153,6],"tags":[2526,3559,3558,2341,1545],"class_list":["post-33543","post","type-post","status-publish","format-standard","has-post-thumbnail","hentry","category-alpinismo-molotov","category-news-e-segnalazioni","tag-alpinismo-molotov","tag-diverso-rilievo-2018","tag-elisee-reclus","tag-marche","tag-montagna"],"_links":{"self":[{"href":"https:\/\/www.wumingfoundation.com\/giap\/wp-json\/wp\/v2\/posts\/33543","targetHints":{"allow":["GET"]}}],"collection":[{"href":"https:\/\/www.wumingfoundation.com\/giap\/wp-json\/wp\/v2\/posts"}],"about":[{"href":"https:\/\/www.wumingfoundation.com\/giap\/wp-json\/wp\/v2\/types\/post"}],"author":[{"embeddable":true,"href":"https:\/\/www.wumingfoundation.com\/giap\/wp-json\/wp\/v2\/users\/1"}],"replies":[{"embeddable":true,"href":"https:\/\/www.wumingfoundation.com\/giap\/wp-json\/wp\/v2\/comments?post=33543"}],"version-history":[{"count":0,"href":"https:\/\/www.wumingfoundation.com\/giap\/wp-json\/wp\/v2\/posts\/33543\/revisions"}],"wp:featuredmedia":[{"embeddable":true,"href":"https:\/\/www.wumingfoundation.com\/giap\/wp-json\/wp\/v2\/media\/33549"}],"wp:attachment":[{"href":"https:\/\/www.wumingfoundation.com\/giap\/wp-json\/wp\/v2\/media?parent=33543"}],"wp:term":[{"taxonomy":"category","embeddable":true,"href":"https:\/\/www.wumingfoundation.com\/giap\/wp-json\/wp\/v2\/categories?post=33543"},{"taxonomy":"post_tag","embeddable":true,"href":"https:\/\/www.wumingfoundation.com\/giap\/wp-json\/wp\/v2\/tags?post=33543"}],"curies":[{"name":"wp","href":"https:\/\/api.w.org\/{rel}","templated":true}]}}