{"id":33078,"date":"2018-02-26T11:39:19","date_gmt":"2018-02-26T10:39:19","guid":{"rendered":"https:\/\/www.wumingfoundation.com\/giap\/?p=33078"},"modified":"2024-05-26T14:49:09","modified_gmt":"2024-05-26T12:49:09","slug":"facebook-censura-rojava-davide-grasso","status":"publish","type":"post","link":"https:\/\/www.wumingfoundation.com\/giap\/2018\/02\/facebook-censura-rojava-davide-grasso\/","title":{"rendered":"Facebook censura l&#8217;informazione sulla guerra sporca di Erdogan in Rojava &#8211; di Davide Grasso"},"content":{"rendered":"<div id=\"attachment_33079\" style=\"width: 660px\" class=\"wp-caption aligncenter\"><img loading=\"lazy\" decoding=\"async\" aria-describedby=\"caption-attachment-33079\" class=\"size-full wp-image-33079\" src=\"https:\/\/www.wumingfoundation.com\/giap\/wp-content\/uploads\/2018\/02\/davidegrasso.jpg\" alt=\"\" width=\"650\" height=\"406\" \/><p id=\"caption-attachment-33079\" class=\"wp-caption-text\">Davide Grasso<\/p><\/div>\n<p><span style=\"font-size: small;\">[Due giorni fa Facebook ha rimosso, senza preavviso e senza fornire informazioni, il profilo di <strong>Davide Grasso<\/strong>, autore di <a href=\"https:\/\/www.wumingfoundation.com\/giap\/2017\/11\/hevalen\/\"><em>Hevalen. Perch\u00e9 sono andato a combattere l&#8217;ISIS in Siria<\/em><\/a>, uscito di recente nella collana <a href=\"http:\/\/quintotipo.edizionialegre.it\/\">Quinto Tipo<\/a> diretta da Wu Ming 1 per le Edizioni Alegre.<br \/>\nLa mannaia griffata Zuckerberg \u00e8 calata anche su altri profili e pagine &#8211; su tutte, quella di <a href=\"http:\/\/www.uikionlus.com\/\">Uiki, l&#8217;Ufficio di Informazione sul Kurdistan in Italia<\/a> &#8211; che informavano sulla situazione in Rojava e nel resto della Siria, sulla rivoluzione del confederalismo democratico, sulla citt\u00e0 libera di Afrin attaccata dall&#8217;esercito del dittatore turco Erdogan, e sull&#8217;arresto a Praga del compagno\u00a0<strong>Saleh Muslim<\/strong>, presidente del PYD.<br \/>\nQuest&#8217;ultimo episodio, recentissimo, non pu\u00f2 non ricordarci le responsabilit\u00e0 italiane nell&#8217;arresto del compagno\u00a0<strong>Abdullah\u00a0\u00d6calan<\/strong>. Correva l&#8217;anno 1998 e il capo del governo era <strong>Massimo D&#8217;Alema<\/strong>, oggi riciclatosi come campione di una presunta \u00absinistra-sinistra\u00bb.<br \/>\nRiportiamo qui di seguito le parole di Davide Grasso a commento della grave censura subita. <strong>WM<\/strong>]<\/span><\/p>\n<p>Mi chiamo Davide Grasso. Il mio profilo Facebook \u00e8 diventato pi\u00f9 popolare da quando ho scelto di andare a combattere l&#8217;Isis in Siria nel 2016 nelle fila delle Ypg. In quei mesi ho utilizzato il mio profilo per informare la community di fb su quanto fosse drammatica la situazione in Siria, ed anche per sensibilizzare su quanto migliaia di ragazze e ragazzi arabi, curdi, cristiani, internazionali stessero facendo per combattere il califfato, che nel frattempo continuava a seminare morte sia nel mondo musulmano che nelle nostre citt\u00e0, da Parigi a Nizza, da Manchester a Londra e Barcellona.<!--more--><\/p>\n<p>Nell&#8217;ultimo mese gli stessi ragazzi con cui ho combattuto per un mondo senza fondamentalismi sono stati attaccati dalla Turchia e dai miliziani di Al-Qaeda in una piccola citt\u00e0 che si chiama Afrin. Afrin \u00e8 una citt\u00e0 dove, dopo sei anni di bombardamenti e in mezzo ai massacri della Siria, qualcosa di positivo \u00e8 avvenuto: il governo \u00e8 stato assunto dalle comuni e assemblee del popolo e le donne hanno deciso di ribellarsi e decidere sul proprio destino. Io ho cercato di informare su cosa stesse accadendo e su quali fossero le attivit\u00e0 della popolazione e delle donne di Afrin, ma soprattutto sull&#8217;orrore dei bombardamenti turchi che hanno provocato in poco tempo quasi 200 morti civili e oltre 400 feriti, e migliaia di sfollati.<\/p>\n<p>Facebook ha bloccato il mio account. Era uno dei pochi canali di informazione su questa tragica situazione, anche perch\u00e9 era l\u00ec che pubblicavo ci\u00f2 che mi scriveva <strong>Jacopo Bindi<\/strong>, un amico italiano che si trova in questo momento laggi\u00f9, sotto le bombe e a rischio della vita, per non lasciare sola quella popolazione. Facebook non ha dato alcuna spiegazione per questo gesto. Premesso che la censura \u00e8 da rifiutare sempre, non \u00e8 chiaro quali interesse Facebook volesse tutelare: quelli dei miliziani fondamentalisti che in questi giorni ad Afrin si fanno i video-selfie mentre asportano i seni dai corpi martoriati delle donne curde?<\/p>\n<p>Oggi gran parte del pensiero critico viaggia sui social network, e Facebook \u00e8 uno dei social pi\u00f9 importanti del mondo come numero di iscritti; ma \u00e8 anche un&#8217;azienda privata, che tutela i suoi interessi e ha rapporti con molte imprese e molti governi, tra cui anche quello della Turchia. Silenziare chi fa informazione sui massacri dei civili su richiesta di chi li sta massacrando, cio\u00e8 la Turchia, sarebbe inaccettabile; di fronte a quello che sta succedendo ad Afrin, Facebook dovrebbe astenersi dal fare censura e, se non lo fa, dovrebbe essere richiamato alle sue responsabilit\u00e0 umane, anche perch\u00e9 siamo noi umani che lo riempiamo dei contenuti che lo fanno esistere, non la sua propriet\u00e0, che per di pi\u00f9 ha sempre pi\u00f9 lo stile di un&#8217;inquisizione. E non \u00e8 possibile mettere il potere e i soldi davanti alla vita delle popolazioni civili, tanto pi\u00f9 in Siria dove la gente ha gi\u00e0 patito abbastanza, anche senza la censura di fb.<\/p>\n<p>Denunciamo gli abusi contro i profili che diffondono informazione intorno a fatti tragici, perch\u00e9 Facebook pu\u00f2 voler tutelare l&#8217;imbarazzo ipocrita dei carnefici, ma noi dobbiamo avere a cuore le vittime.<\/p>\n<p>Continuiamo per la\u00a0<span class=\"_5afx\"><span class=\"_58cm\">S<\/span><\/span><span class=\"_5afx\"><span class=\"_58cm\">iria<\/span><\/span>\u00a0e per Afrin!<\/p>\n","protected":false},"excerpt":{"rendered":"[Due giorni fa Facebook ha rimosso, senza preavviso e senza fornire informazioni, il profilo di Davide Grasso, autore di Hevalen. Perch\u00e9 sono andato a combattere l&#8217;ISIS in Siria, uscito di recente nella collana Quinto Tipo diretta da Wu Ming 1 per le Edizioni Alegre. La mannaia griffata Zuckerberg \u00e8 calata anche su altri profili e [&hellip;]","protected":false},"author":117,"featured_media":33079,"comment_status":"open","ping_status":"open","sticky":false,"template":"","format":"standard","meta":{"footnotes":""},"categories":[3355],"tags":[2171,3350,1491,90,3351,3519,2162,3505,3518,2169,3520,2168,2170],"class_list":["post-33078","post","type-post","status-publish","format-standard","has-post-thumbnail","hentry","category-hevalen","tag-abdullah-ocalan","tag-davide-grasso","tag-edizioni-alegre","tag-facebook","tag-hevalen","tag-jacopo-bindi","tag-kurdistan","tag-massimo-dalema","tag-pyd","tag-rojava","tag-saleh-muslim","tag-siria","tag-ypg"],"yoast_head":"<!-- This site is optimized with the Yoast SEO plugin v27.5 - https:\/\/yoast.com\/product\/yoast-seo-wordpress\/ -->\n<title>Facebook censura l&#039;informazione sulla guerra sporca di Erdogan in Rojava - di Davide Grasso - Giap<\/title>\n<meta name=\"description\" content=\"Due giorni fa Facebook ha rimosso, senza preavviso e senza fornire informazioni, il profilo di Davide Grasso, autore di Hevalen. Perch\u00e9 sono andato a combattere l&#039;ISIS in Siria.\" \/>\n<meta name=\"robots\" content=\"index, follow, max-snippet:-1, max-image-preview:large, max-video-preview:-1\" \/>\n<link rel=\"canonical\" href=\"https:\/\/www.wumingfoundation.com\/giap\/2018\/02\/facebook-censura-rojava-davide-grasso\/\" \/>\n<meta property=\"og:locale\" content=\"it_IT\" \/>\n<meta property=\"og:type\" content=\"article\" \/>\n<meta property=\"og:title\" content=\"Facebook censura l&#039;informazione sulla guerra sporca di Erdogan in Rojava - di Davide Grasso - Giap\" \/>\n<meta property=\"og:description\" content=\"Due giorni fa Facebook ha rimosso, senza preavviso e senza fornire informazioni, il profilo di Davide Grasso, autore di Hevalen. Perch\u00e9 sono andato a combattere l&#039;ISIS in Siria.\" \/>\n<meta property=\"og:url\" content=\"https:\/\/www.wumingfoundation.com\/giap\/2018\/02\/facebook-censura-rojava-davide-grasso\/\" \/>\n<meta property=\"og:site_name\" content=\"Giap\" \/>\n<meta property=\"article:published_time\" content=\"2018-02-26T10:39:19+00:00\" \/>\n<meta property=\"article:modified_time\" content=\"2024-05-26T12:49:09+00:00\" \/>\n<meta property=\"og:image\" content=\"https:\/\/www.wumingfoundation.com\/giap\/wp-content\/uploads\/2018\/02\/davidegrasso.jpg\" \/>\n\t<meta property=\"og:image:width\" content=\"650\" \/>\n\t<meta property=\"og:image:height\" content=\"406\" \/>\n\t<meta property=\"og:image:type\" content=\"image\/jpeg\" \/>\n<meta name=\"author\" content=\"Wu Ming\" \/>\n<meta name=\"twitter:card\" content=\"summary_large_image\" \/>\n<meta name=\"twitter:creator\" content=\"@Wu_Ming_Foundt\" \/>\n<meta name=\"twitter:site\" content=\"@Wu_Ming_Foundt\" \/>\n<meta name=\"twitter:label1\" content=\"Scritto da\" \/>\n\t<meta name=\"twitter:data1\" content=\"Wu Ming\" \/>\n\t<meta name=\"twitter:label2\" content=\"Tempo di lettura stimato\" \/>\n\t<meta name=\"twitter:data2\" content=\"3 minuti\" \/>\n<script type=\"application\/ld+json\" class=\"yoast-schema-graph\">{\"@context\":\"https:\\\/\\\/schema.org\",\"@graph\":[{\"@type\":\"Article\",\"@id\":\"https:\\\/\\\/www.wumingfoundation.com\\\/giap\\\/2018\\\/02\\\/facebook-censura-rojava-davide-grasso\\\/#article\",\"isPartOf\":{\"@id\":\"https:\\\/\\\/www.wumingfoundation.com\\\/giap\\\/2018\\\/02\\\/facebook-censura-rojava-davide-grasso\\\/\"},\"author\":{\"name\":\"Wu Ming\",\"@id\":\"https:\\\/\\\/www.wumingfoundation.com\\\/giap\\\/#\\\/schema\\\/person\\\/a509f199077421552871a4cf2a327499\"},\"headline\":\"Facebook censura l&#8217;informazione sulla guerra sporca di Erdogan in Rojava &#8211; di Davide Grasso\",\"datePublished\":\"2018-02-26T10:39:19+00:00\",\"dateModified\":\"2024-05-26T12:49:09+00:00\",\"mainEntityOfPage\":{\"@id\":\"https:\\\/\\\/www.wumingfoundation.com\\\/giap\\\/2018\\\/02\\\/facebook-censura-rojava-davide-grasso\\\/\"},\"wordCount\":699,\"commentCount\":9,\"image\":{\"@id\":\"https:\\\/\\\/www.wumingfoundation.com\\\/giap\\\/2018\\\/02\\\/facebook-censura-rojava-davide-grasso\\\/#primaryimage\"},\"thumbnailUrl\":\"https:\\\/\\\/www.wumingfoundation.com\\\/giap\\\/wp-content\\\/uploads\\\/2018\\\/02\\\/davidegrasso.jpg\",\"keywords\":[\"Abdullah Ocalan\",\"Davide Grasso\",\"Edizioni Alegre\",\"Facebook\",\"Hevalen\",\"Jacopo Bindi\",\"Kurdistan\",\"Massimo D'Alema\",\"PYD\",\"Rojava\",\"Saleh Muslim\",\"Siria\",\"YPG\"],\"articleSection\":[\"Hevalen\"],\"inLanguage\":\"it-IT\",\"potentialAction\":[{\"@type\":\"CommentAction\",\"name\":\"Comment\",\"target\":[\"https:\\\/\\\/www.wumingfoundation.com\\\/giap\\\/2018\\\/02\\\/facebook-censura-rojava-davide-grasso\\\/#respond\"]}]},{\"@type\":\"WebPage\",\"@id\":\"https:\\\/\\\/www.wumingfoundation.com\\\/giap\\\/2018\\\/02\\\/facebook-censura-rojava-davide-grasso\\\/\",\"url\":\"https:\\\/\\\/www.wumingfoundation.com\\\/giap\\\/2018\\\/02\\\/facebook-censura-rojava-davide-grasso\\\/\",\"name\":\"Facebook censura l'informazione sulla guerra sporca di Erdogan in Rojava - di Davide Grasso - Giap\",\"isPartOf\":{\"@id\":\"https:\\\/\\\/www.wumingfoundation.com\\\/giap\\\/#website\"},\"primaryImageOfPage\":{\"@id\":\"https:\\\/\\\/www.wumingfoundation.com\\\/giap\\\/2018\\\/02\\\/facebook-censura-rojava-davide-grasso\\\/#primaryimage\"},\"image\":{\"@id\":\"https:\\\/\\\/www.wumingfoundation.com\\\/giap\\\/2018\\\/02\\\/facebook-censura-rojava-davide-grasso\\\/#primaryimage\"},\"thumbnailUrl\":\"https:\\\/\\\/www.wumingfoundation.com\\\/giap\\\/wp-content\\\/uploads\\\/2018\\\/02\\\/davidegrasso.jpg\",\"datePublished\":\"2018-02-26T10:39:19+00:00\",\"dateModified\":\"2024-05-26T12:49:09+00:00\",\"author\":{\"@id\":\"https:\\\/\\\/www.wumingfoundation.com\\\/giap\\\/#\\\/schema\\\/person\\\/a509f199077421552871a4cf2a327499\"},\"description\":\"Due giorni fa Facebook ha rimosso, senza preavviso e senza fornire informazioni, il profilo di Davide Grasso, autore di Hevalen. Perch\u00e9 sono andato a combattere l'ISIS in Siria.\",\"breadcrumb\":{\"@id\":\"https:\\\/\\\/www.wumingfoundation.com\\\/giap\\\/2018\\\/02\\\/facebook-censura-rojava-davide-grasso\\\/#breadcrumb\"},\"inLanguage\":\"it-IT\",\"potentialAction\":[{\"@type\":\"ReadAction\",\"target\":[\"https:\\\/\\\/www.wumingfoundation.com\\\/giap\\\/2018\\\/02\\\/facebook-censura-rojava-davide-grasso\\\/\"]}]},{\"@type\":\"ImageObject\",\"inLanguage\":\"it-IT\",\"@id\":\"https:\\\/\\\/www.wumingfoundation.com\\\/giap\\\/2018\\\/02\\\/facebook-censura-rojava-davide-grasso\\\/#primaryimage\",\"url\":\"https:\\\/\\\/www.wumingfoundation.com\\\/giap\\\/wp-content\\\/uploads\\\/2018\\\/02\\\/davidegrasso.jpg\",\"contentUrl\":\"https:\\\/\\\/www.wumingfoundation.com\\\/giap\\\/wp-content\\\/uploads\\\/2018\\\/02\\\/davidegrasso.jpg\",\"width\":650,\"height\":406,\"caption\":\"Davide Grasso\"},{\"@type\":\"BreadcrumbList\",\"@id\":\"https:\\\/\\\/www.wumingfoundation.com\\\/giap\\\/2018\\\/02\\\/facebook-censura-rojava-davide-grasso\\\/#breadcrumb\",\"itemListElement\":[{\"@type\":\"ListItem\",\"position\":1,\"name\":\"Home\",\"item\":\"https:\\\/\\\/www.wumingfoundation.com\\\/giap\\\/\"},{\"@type\":\"ListItem\",\"position\":2,\"name\":\"Facebook censura l&#8217;informazione sulla guerra sporca di Erdogan in Rojava &#8211; di Davide Grasso\"}]},{\"@type\":\"WebSite\",\"@id\":\"https:\\\/\\\/www.wumingfoundation.com\\\/giap\\\/#website\",\"url\":\"https:\\\/\\\/www.wumingfoundation.com\\\/giap\\\/\",\"name\":\"Giap\",\"description\":\"Il sito ufficiale di Wu Ming, collettivo di scrittori\",\"potentialAction\":[{\"@type\":\"SearchAction\",\"target\":{\"@type\":\"EntryPoint\",\"urlTemplate\":\"https:\\\/\\\/www.wumingfoundation.com\\\/giap\\\/?s={search_term_string}\"},\"query-input\":{\"@type\":\"PropertyValueSpecification\",\"valueRequired\":true,\"valueName\":\"search_term_string\"}}],\"inLanguage\":\"it-IT\"},{\"@type\":\"Person\",\"@id\":\"https:\\\/\\\/www.wumingfoundation.com\\\/giap\\\/#\\\/schema\\\/person\\\/a509f199077421552871a4cf2a327499\",\"name\":\"Wu Ming\",\"image\":{\"@type\":\"ImageObject\",\"inLanguage\":\"it-IT\",\"@id\":\"https:\\\/\\\/secure.gravatar.com\\\/avatar\\\/1aa2417cb55b3a8bd4988fca42ea7ef75c86ef8bb0ea1bf9102119b6d11c6238?s=96&d=blank&r=g\",\"url\":\"https:\\\/\\\/secure.gravatar.com\\\/avatar\\\/1aa2417cb55b3a8bd4988fca42ea7ef75c86ef8bb0ea1bf9102119b6d11c6238?s=96&d=blank&r=g\",\"contentUrl\":\"https:\\\/\\\/secure.gravatar.com\\\/avatar\\\/1aa2417cb55b3a8bd4988fca42ea7ef75c86ef8bb0ea1bf9102119b6d11c6238?s=96&d=blank&r=g\",\"caption\":\"Wu Ming\"}}]}<\/script>\n<!-- \/ Yoast SEO plugin. -->","yoast_head_json":{"title":"Facebook censura l'informazione sulla guerra sporca di Erdogan in Rojava - di Davide Grasso - Giap","description":"Due giorni fa Facebook ha rimosso, senza preavviso e senza fornire informazioni, il profilo di Davide Grasso, autore di Hevalen. Perch\u00e9 sono andato a combattere l'ISIS in Siria.","robots":{"index":"index","follow":"follow","max-snippet":"max-snippet:-1","max-image-preview":"max-image-preview:large","max-video-preview":"max-video-preview:-1"},"canonical":"https:\/\/www.wumingfoundation.com\/giap\/2018\/02\/facebook-censura-rojava-davide-grasso\/","og_locale":"it_IT","og_type":"article","og_title":"Facebook censura l'informazione sulla guerra sporca di Erdogan in Rojava - di Davide Grasso - Giap","og_description":"Due giorni fa Facebook ha rimosso, senza preavviso e senza fornire informazioni, il profilo di Davide Grasso, autore di Hevalen. Perch\u00e9 sono andato a combattere l'ISIS in Siria.","og_url":"https:\/\/www.wumingfoundation.com\/giap\/2018\/02\/facebook-censura-rojava-davide-grasso\/","og_site_name":"Giap","article_published_time":"2018-02-26T10:39:19+00:00","article_modified_time":"2024-05-26T12:49:09+00:00","og_image":[{"width":650,"height":406,"url":"https:\/\/www.wumingfoundation.com\/giap\/wp-content\/uploads\/2018\/02\/davidegrasso.jpg","type":"image\/jpeg"}],"author":"Wu Ming","twitter_card":"summary_large_image","twitter_creator":"@Wu_Ming_Foundt","twitter_site":"@Wu_Ming_Foundt","twitter_misc":{"Scritto da":"Wu Ming","Tempo di lettura stimato":"3 minuti"},"schema":{"@context":"https:\/\/schema.org","@graph":[{"@type":"Article","@id":"https:\/\/www.wumingfoundation.com\/giap\/2018\/02\/facebook-censura-rojava-davide-grasso\/#article","isPartOf":{"@id":"https:\/\/www.wumingfoundation.com\/giap\/2018\/02\/facebook-censura-rojava-davide-grasso\/"},"author":{"name":"Wu Ming","@id":"https:\/\/www.wumingfoundation.com\/giap\/#\/schema\/person\/a509f199077421552871a4cf2a327499"},"headline":"Facebook censura l&#8217;informazione sulla guerra sporca di Erdogan in Rojava &#8211; di Davide Grasso","datePublished":"2018-02-26T10:39:19+00:00","dateModified":"2024-05-26T12:49:09+00:00","mainEntityOfPage":{"@id":"https:\/\/www.wumingfoundation.com\/giap\/2018\/02\/facebook-censura-rojava-davide-grasso\/"},"wordCount":699,"commentCount":9,"image":{"@id":"https:\/\/www.wumingfoundation.com\/giap\/2018\/02\/facebook-censura-rojava-davide-grasso\/#primaryimage"},"thumbnailUrl":"https:\/\/www.wumingfoundation.com\/giap\/wp-content\/uploads\/2018\/02\/davidegrasso.jpg","keywords":["Abdullah Ocalan","Davide Grasso","Edizioni Alegre","Facebook","Hevalen","Jacopo Bindi","Kurdistan","Massimo D'Alema","PYD","Rojava","Saleh Muslim","Siria","YPG"],"articleSection":["Hevalen"],"inLanguage":"it-IT","potentialAction":[{"@type":"CommentAction","name":"Comment","target":["https:\/\/www.wumingfoundation.com\/giap\/2018\/02\/facebook-censura-rojava-davide-grasso\/#respond"]}]},{"@type":"WebPage","@id":"https:\/\/www.wumingfoundation.com\/giap\/2018\/02\/facebook-censura-rojava-davide-grasso\/","url":"https:\/\/www.wumingfoundation.com\/giap\/2018\/02\/facebook-censura-rojava-davide-grasso\/","name":"Facebook censura l'informazione sulla guerra sporca di Erdogan in Rojava - di Davide Grasso - Giap","isPartOf":{"@id":"https:\/\/www.wumingfoundation.com\/giap\/#website"},"primaryImageOfPage":{"@id":"https:\/\/www.wumingfoundation.com\/giap\/2018\/02\/facebook-censura-rojava-davide-grasso\/#primaryimage"},"image":{"@id":"https:\/\/www.wumingfoundation.com\/giap\/2018\/02\/facebook-censura-rojava-davide-grasso\/#primaryimage"},"thumbnailUrl":"https:\/\/www.wumingfoundation.com\/giap\/wp-content\/uploads\/2018\/02\/davidegrasso.jpg","datePublished":"2018-02-26T10:39:19+00:00","dateModified":"2024-05-26T12:49:09+00:00","author":{"@id":"https:\/\/www.wumingfoundation.com\/giap\/#\/schema\/person\/a509f199077421552871a4cf2a327499"},"description":"Due giorni fa Facebook ha rimosso, senza preavviso e senza fornire informazioni, il profilo di Davide Grasso, autore di Hevalen. Perch\u00e9 sono andato a combattere l'ISIS in Siria.","breadcrumb":{"@id":"https:\/\/www.wumingfoundation.com\/giap\/2018\/02\/facebook-censura-rojava-davide-grasso\/#breadcrumb"},"inLanguage":"it-IT","potentialAction":[{"@type":"ReadAction","target":["https:\/\/www.wumingfoundation.com\/giap\/2018\/02\/facebook-censura-rojava-davide-grasso\/"]}]},{"@type":"ImageObject","inLanguage":"it-IT","@id":"https:\/\/www.wumingfoundation.com\/giap\/2018\/02\/facebook-censura-rojava-davide-grasso\/#primaryimage","url":"https:\/\/www.wumingfoundation.com\/giap\/wp-content\/uploads\/2018\/02\/davidegrasso.jpg","contentUrl":"https:\/\/www.wumingfoundation.com\/giap\/wp-content\/uploads\/2018\/02\/davidegrasso.jpg","width":650,"height":406,"caption":"Davide Grasso"},{"@type":"BreadcrumbList","@id":"https:\/\/www.wumingfoundation.com\/giap\/2018\/02\/facebook-censura-rojava-davide-grasso\/#breadcrumb","itemListElement":[{"@type":"ListItem","position":1,"name":"Home","item":"https:\/\/www.wumingfoundation.com\/giap\/"},{"@type":"ListItem","position":2,"name":"Facebook censura l&#8217;informazione sulla guerra sporca di Erdogan in Rojava &#8211; di Davide Grasso"}]},{"@type":"WebSite","@id":"https:\/\/www.wumingfoundation.com\/giap\/#website","url":"https:\/\/www.wumingfoundation.com\/giap\/","name":"Giap","description":"Il sito ufficiale di Wu Ming, collettivo di scrittori","potentialAction":[{"@type":"SearchAction","target":{"@type":"EntryPoint","urlTemplate":"https:\/\/www.wumingfoundation.com\/giap\/?s={search_term_string}"},"query-input":{"@type":"PropertyValueSpecification","valueRequired":true,"valueName":"search_term_string"}}],"inLanguage":"it-IT"},{"@type":"Person","@id":"https:\/\/www.wumingfoundation.com\/giap\/#\/schema\/person\/a509f199077421552871a4cf2a327499","name":"Wu Ming","image":{"@type":"ImageObject","inLanguage":"it-IT","@id":"https:\/\/secure.gravatar.com\/avatar\/1aa2417cb55b3a8bd4988fca42ea7ef75c86ef8bb0ea1bf9102119b6d11c6238?s=96&d=blank&r=g","url":"https:\/\/secure.gravatar.com\/avatar\/1aa2417cb55b3a8bd4988fca42ea7ef75c86ef8bb0ea1bf9102119b6d11c6238?s=96&d=blank&r=g","contentUrl":"https:\/\/secure.gravatar.com\/avatar\/1aa2417cb55b3a8bd4988fca42ea7ef75c86ef8bb0ea1bf9102119b6d11c6238?s=96&d=blank&r=g","caption":"Wu Ming"}}]}},"_links":{"self":[{"href":"https:\/\/www.wumingfoundation.com\/giap\/wp-json\/wp\/v2\/posts\/33078","targetHints":{"allow":["GET"]}}],"collection":[{"href":"https:\/\/www.wumingfoundation.com\/giap\/wp-json\/wp\/v2\/posts"}],"about":[{"href":"https:\/\/www.wumingfoundation.com\/giap\/wp-json\/wp\/v2\/types\/post"}],"author":[{"embeddable":true,"href":"https:\/\/www.wumingfoundation.com\/giap\/wp-json\/wp\/v2\/users\/117"}],"replies":[{"embeddable":true,"href":"https:\/\/www.wumingfoundation.com\/giap\/wp-json\/wp\/v2\/comments?post=33078"}],"version-history":[{"count":1,"href":"https:\/\/www.wumingfoundation.com\/giap\/wp-json\/wp\/v2\/posts\/33078\/revisions"}],"predecessor-version":[{"id":55103,"href":"https:\/\/www.wumingfoundation.com\/giap\/wp-json\/wp\/v2\/posts\/33078\/revisions\/55103"}],"wp:featuredmedia":[{"embeddable":true,"href":"https:\/\/www.wumingfoundation.com\/giap\/wp-json\/wp\/v2\/media\/33079"}],"wp:attachment":[{"href":"https:\/\/www.wumingfoundation.com\/giap\/wp-json\/wp\/v2\/media?parent=33078"}],"wp:term":[{"taxonomy":"category","embeddable":true,"href":"https:\/\/www.wumingfoundation.com\/giap\/wp-json\/wp\/v2\/categories?post=33078"},{"taxonomy":"post_tag","embeddable":true,"href":"https:\/\/www.wumingfoundation.com\/giap\/wp-json\/wp\/v2\/tags?post=33078"}],"curies":[{"name":"wp","href":"https:\/\/api.w.org\/{rel}","templated":true}]}}