{"id":30103,"date":"2017-08-31T10:46:53","date_gmt":"2017-08-31T08:46:53","guid":{"rendered":"https:\/\/www.wumingfoundation.com\/giap\/?p=30103"},"modified":"2017-09-02T11:00:12","modified_gmt":"2017-09-02T09:00:12","slug":"alla-buonora-linchiesta-sui-rapporti-tra-pd-e-neofascisti-comincia-a-produrre-scossoni","status":"publish","type":"post","link":"https:\/\/www.wumingfoundation.com\/giap\/2017\/08\/alla-buonora-linchiesta-sui-rapporti-tra-pd-e-neofascisti-comincia-a-produrre-scossoni\/","title":{"rendered":"Alla buon&#8217;ora, l&#8217;inchiesta sui rapporti tra PD e neofascisti comincia a produrre scossoni"},"content":{"rendered":"<p style=\"text-align: center;\"><img loading=\"lazy\" decoding=\"async\" class=\"aligncenter wp-image-30105\" src=\"https:\/\/www.wumingfoundation.com\/giap\/wp-content\/uploads\/2017\/08\/RSI-Allende.jpg\" alt=\"\" width=\"650\" height=\"962\" \/><\/p>\n<p>Ci \u00e8 voluto un episodio in apparenza &#8220;piccolo&#8221; ma pi\u00f9 vistoso ed emblematico di altri. Un episodio di grande densit\u00e0 simbolica.<\/p>\n<p>Forza Nuova e l&#8217;associazione Nuove Sintesi &#8211; parte del network di <a href=\"http:\/\/www.milanoinmovimento.com\/rubriche\/antifascismo-e-dintorni\/5-domande-ricorrenti-su-lealta-azione\">Lealt\u00e0 Azione<\/a> &#8211; organizzano un evento nella sala comunale \u00abSalvador Allende\u00bb di Nereto, provincia di Teramo, paesino amministrato dal Partito Democratico. Si tratta di una serata &#8220;a tema storico&#8221; sulla Repubblica di Sal\u00f2, con fascio littorio in bella evidenza. Commentatori fascisti ci scherzano sopra sui social, parlano di \u00abkarma\u00bb, dileggiano il presidente socialista cileno <a href=\"https:\/\/youtu.be\/GRVJEVMdUBc\">ucciso dai golpisti di Pinochet<\/a>.<\/p>\n<p>Il cortocircuito di riferimenti \u00e8 tale da fulminare l&#8217;impianto elettrico del PD.<!--more--><\/p>\n<div align=\"center\">\n<blockquote class=\"twitter-tweet\" data-lang=\"it\">\n<p dir=\"ltr\" lang=\"it\">Ehi <a href=\"https:\/\/twitter.com\/pdnetwork\">@pdnetwork<\/a>, sindaco e giunta di Nereto (TE) che danno ai fascisti la sala Allende sono &#8211; che ve lo diciamo a fare? &#8211; del vostro partito. <a href=\"https:\/\/t.co\/JYWFsPF3Em\">pic.twitter.com\/JYWFsPF3Em<\/a><\/p>\n<p>\u2014 Wu Ming Foundation (@Wu_Ming_Foundt) <a href=\"https:\/\/twitter.com\/Wu_Ming_Foundt\/status\/902793360150233088\">30 agosto 2017<\/a><\/p><\/blockquote>\n<p><script async src=\"\/\/platform.twitter.com\/widgets.js\" charset=\"utf-8\"><\/script><\/p>\n<\/div>\n<p>Segnaliamo lo schifo su Twitter, e la notizia diventa virale: la riprendono <a href=\"http:\/\/www.repubblica.it\/politica\/2017\/08\/30\/news\/pd_forza_nuova-174212431\/\">Repubblica on line,<\/a>\u00a0altri siti d&#8217;informazione nazionali e svariati media locali abruzzesi. <a href=\"https:\/\/www.facebook.com\/andreacatena1974\/posts\/10213964749538769\">Si muove il PD regionale<\/a>, che chiede urgenti chiarimenti a quello di Nereto. Si esprimono i deputati PD <strong>Emanuele Fiano<\/strong> (che addirittura <a href=\"https:\/\/twitter.com\/emanuelefiano\/status\/902940254704996353\">ci ringrazia per la segnalazione<\/a>) e <strong>Marco Miccoli <\/strong><a href=\"https:\/\/www.facebook.com\/marco.miccoli\/posts\/10214285543962449\">sul suo profilo FB<\/a>.<\/p>\n<p>L&#8217;amministrazione PD di Nereto <a href=\"https:\/\/it-it.facebook.com\/comunedinereto\/posts\/1529490370406318\">nega con veemenza<\/a>, dice di non aver concesso la sala a Forza Nuova, precisa che la domanda non l&#8217;aveva fatta FN ma \u00abun&#8217;associazione culturale\u00bb. Gi\u00e0, ma si tratta dell&#8217;associazione Nuove Sintesi, chiaramente neonazista, il cui simbolo evoca una svastica. E non \u00e8 nemmeno in circolazione da poco tempo.<\/p>\n<p><a href=\"https:\/\/www.wumingfoundation.com\/giap\/wp-content\/uploads\/2017\/08\/nuovesintesi.jpg\"><img loading=\"lazy\" decoding=\"async\" class=\"aligncenter wp-image-30104\" src=\"https:\/\/www.wumingfoundation.com\/giap\/wp-content\/uploads\/2017\/08\/nuovesintesi.jpg\" alt=\"\" width=\"650\" height=\"369\" \/><\/a><\/p>\n<p>E viene fuori che Nuove Sintesi non solo aveva gi\u00e0 ottenuto la sala Allende, ma addirittura il patrocinio del Comune (!), in almeno tre occasioni dal 2015 al 2017. \u00a0Serate anche di chiarissimo contenuto razzista: una aveva come tema \u00abCivilt\u00e0 europea e anomalia giudaica\u00bb (ma sulla locandina c&#8217;era un titolo meno diretto)&#8230;<\/p>\n<div align=\"center\">\n<blockquote class=\"twitter-tweet\" data-conversation=\"none\" data-lang=\"it\">\n<p dir=\"ltr\" lang=\"it\">Sembra proprio un patrocinio, c&#8217;\u00e8 il logo del comune nella locandina. <a href=\"https:\/\/t.co\/2FEWivRBSg\">pic.twitter.com\/2FEWivRBSg<\/a><\/p>\n<p>\u2014 Wu Ming Foundation (@Wu_Ming_Foundt) <a href=\"https:\/\/twitter.com\/Wu_Ming_Foundt\/status\/902944880065904640\">30 agosto 2017<\/a><\/p><\/blockquote>\n<p><script async src=\"\/\/platform.twitter.com\/widgets.js\" charset=\"utf-8\"><\/script><\/p>\n<\/div>\n<div align=\"center\">\n<blockquote class=\"twitter-tweet\" data-conversation=\"none\" data-lang=\"it\">\n<p dir=\"ltr\" lang=\"it\">\u00abCivilt\u00e0 europea e anomalia giudaica\u00bb, con indicato il patrocinio del Comune. <a href=\"https:\/\/t.co\/tn2idYOkUY\">pic.twitter.com\/tn2idYOkUY<\/a><\/p>\n<p>\u2014 Wu Ming Foundation (@Wu_Ming_Foundt) <a href=\"https:\/\/twitter.com\/Wu_Ming_Foundt\/status\/903273966994948096\">31 agosto 2017<\/a><\/p><\/blockquote>\n<p><script async src=\"\/\/platform.twitter.com\/widgets.js\" charset=\"utf-8\"><\/script><\/p>\n<\/div>\n<p>&#8230;mentre l&#8217;altra era dedicata <a href=\"http:\/\/www.linkiesta.it\/it\/article\/2015\/09\/28\/cose-il-piano-kalergi-la-bufala-dei-migranti-che-uccideranno-gli-europ\/27568\/\">all&#8217;inesistente \u00abPiano Kalergi\u00bb<\/a> e alla visione paranoica della \u00absostituzione di popoli\u00bb.<br \/>\nQuest&#8217;ultima iniziativa era co-organizzata (ciliegina sulla torta) da Nuove Sintesi e Movimento 5 Stelle. E consentiteci di non essere sorpresi.<\/p>\n<div align=\"center\">\n<blockquote class=\"twitter-tweet\" data-lang=\"it\">\n<p dir=\"ltr\" lang=\"it\">Cari <a href=\"https:\/\/twitter.com\/catenaand\">@catenaand<\/a> ed <a href=\"https:\/\/twitter.com\/emanuelefiano\">@emanuelefiano<\/a>, stando a quel che si legge qui il comune di <a href=\"https:\/\/twitter.com\/hashtag\/Nereto?src=hash\">#Nereto<\/a> ha patrocinato pi\u00f9 volte eventi di Nuove Sintesi. <a href=\"https:\/\/t.co\/J0wJNuBloX\">pic.twitter.com\/J0wJNuBloX<\/a><\/p>\n<p>\u2014 Wu Ming Foundation (@Wu_Ming_Foundt) <a href=\"https:\/\/twitter.com\/Wu_Ming_Foundt\/status\/903031292748414977\">30 agosto 2017<\/a><\/p><\/blockquote>\n<p><script async src=\"\/\/platform.twitter.com\/widgets.js\" charset=\"utf-8\"><\/script><\/p>\n<\/div>\n<div align=\"center\">\n<blockquote class=\"twitter-tweet\" data-conversation=\"none\" data-lang=\"it\">\n<p dir=\"ltr\" lang=\"it\">\u00c8 doveroso precisarlo, visto che su FB assessore e sindaco se la prendono con chi ha dato la notizia di ieri e dicono che era falsa&#8230; <a href=\"https:\/\/t.co\/ftez2f0Kaf\">pic.twitter.com\/ftez2f0Kaf<\/a><\/p>\n<p>\u2014 Wu Ming Foundation (@Wu_Ming_Foundt) <a href=\"https:\/\/twitter.com\/Wu_Ming_Foundt\/status\/903032050072072196\">30 agosto 2017<\/a><\/p><\/blockquote>\n<p><script async src=\"\/\/platform.twitter.com\/widgets.js\" charset=\"utf-8\"><\/script><script async src=\"\/\/platform.twitter.com\/widgets.js\" charset=\"utf-8\"><\/script><\/p>\n<\/div>\n<p>Volendo cercare, in rete si trovano pure <a href=\"http:\/\/www.wumingfoundation.com\/italiano\/DELIBERA_GM_16_DEL_27.02.2016.pdf\">delibere<\/a>\u00a0e altri documenti.<\/p>\n<p>Non solo: si scopre che Nuove Sintesi e Forza Nuova hanno ottenuto pi\u00f9 volte pure la sala consiliare del comune limitrofo, Bellante, anch&#8217;esso amministrato dal PD. Si trovano\u00a0<em>parecchie<\/em>\u00a0delibere di concessione dal 2015 a oggi &#8211;\u00a0<a href=\"http:\/\/www.wumingfoundation.com\/italiano\/Delibere_Bellante.zip\">ecco le 8 dell&#8217;ultimo anno<\/a>\u00a0&#8211; per iniziative nettamente caratterizzate (basta vedere <a href=\"https:\/\/twitter.com\/monster_chonja\/status\/903212565643317248\">certe locandine<\/a>). Nella sala consiliare si sono presentati saggi con titoli come <a href=\"https:\/\/www.evensi.com\/presentazione-del-nuovo-numero-de-luomo-libero-bellante\/134117393\"><em>Logiche olocaustiche. I protocolli dei Savi Anziani goym<\/em><\/a>.<\/p>\n<p>Si trova addirittura una foto di gruppo risalente al 2012: sindaco e assessora alla cultura in posa, sorridenti, accanto ai neofascisti.<\/p>\n<div align=\"center\">\n<blockquote class=\"twitter-tweet\" data-conversation=\"none\" data-lang=\"it\">\n<p dir=\"ltr\" lang=\"it\">E a Bellante (TE), 10 km da Nereto, sindaco e assessora PD in posa sorridenti coi Forza Nuova e Nuove Sintesi nella sala consiliare. <a href=\"https:\/\/t.co\/70E5rCN9Fu\">pic.twitter.com\/70E5rCN9Fu<\/a><\/p>\n<p>\u2014 Wu Ming Foundation (@Wu_Ming_Foundt) <a href=\"https:\/\/twitter.com\/Wu_Ming_Foundt\/status\/903139718875013121\">31 agosto 2017<\/a><\/p><\/blockquote>\n<p><script async src=\"\/\/platform.twitter.com\/widgets.js\" charset=\"utf-8\"><\/script><\/p>\n<\/div>\n<p>Si scopre poi che Nuove Sintesi, dal 2013, figura tra i partner dell&#8217;amministrazione comunale nell&#8217;organizzazione della rassegna Bellantestate. <a href=\"https:\/\/twitter.com\/Lorenzo_Vianini\/status\/903592197840351232\">Qui i manifesti con il logo &#8220;svasticoso&#8221;<\/a>.<\/p>\n<p>Insomma, nel teramano l&#8217;andazzo dura da anni. Francamente, che amministratori locali si incazzino e cadano dalle nuvole ci sembra ridicolo.<\/p>\n<div align=\"center\">\n<blockquote class=\"twitter-tweet\" data-conversation=\"none\" data-lang=\"it\">\n<p dir=\"ltr\" lang=\"it\">Camerati di Nuove Sintesi a una festa di autofinanziamento a Bellante (maggio 2014).<br \/>\nDifficile non notarli. <a href=\"https:\/\/t.co\/3VKO5O6LLr\">pic.twitter.com\/3VKO5O6LLr<\/a><\/p>\n<p>\u2014 marco_b (@marc0__b) <a href=\"https:\/\/twitter.com\/marc0__b\/status\/903211742762860544\">31 agosto 2017<\/a><\/p><\/blockquote>\n<p><script async src=\"\/\/platform.twitter.com\/widgets.js\" charset=\"utf-8\"><\/script><\/p>\n<\/div>\n<p>Il PD regionale ha dichiarato, per bocca del suo dirigente <strong>Andrea Catena<\/strong>, \u00a0che costoro non avranno pi\u00f9 sale pubbliche n\u00e9 a Nereto n\u00e9 a Bellante. Chi dar\u00e0 spazi ai neofascisti verr\u00e0 deferito ai Garanti del partito, <a href=\"https:\/\/twitter.com\/search?f=tweets&amp;q=catenaand%20garanti&amp;src=typd\">ha scritto Catena su Twitter<\/a>. Ma non \u00e8 pi\u00f9 &#8220;solo&#8221; questione di sale pubbliche: i rapporti tra questo gruppo e alcune amministrazioni PD della Val Vibrata appaiono di lungo corso e consolidati.<\/p>\n<p>Tanto che, <a href=\"https:\/\/left.it\/2017\/09\/01\/non-solo-nereto-il-senso-di-ospitalita-delle-amministrazioni-pd-per-le-camicie-nere\/\">raggiunto al telefono dal settimanale <em>Left<\/em><\/a>, il sindaco di Bellante <strong>Giovanni Melchiorre<\/strong> ha detto che per lui la situazione \u00e8 normalissima e andr\u00e0 avanti per la propria strada, concedendo spazi pubblici a Nuove Sintesi ogni volta in cui \u00abverranno affrontati argomenti che io riterr\u00f2 degni di essere affrontati in uno spazio pubblico.\u00bb<\/p>\n<p>A quel punto, Catena ha annunciato su Twitter<\/a> che deferir\u00e0 Melchiorre al collegio dei garanti \u00abcon richiesta di espulsione\u00bb, e chieder\u00e0 alla direzione nazionale di commissariare il coordinamento provinciale PD di Teramo.<\/p>\n<div align=\"center\">\n<blockquote class=\"twitter-tweet\" data-lang=\"it\">\n<p lang=\"it\" dir=\"ltr\">Il dirigente del <a href=\"https:\/\/twitter.com\/pdabruzzo\">@pdabruzzo<\/a> Andrea Catena chieder\u00e0 l&#39;espulsione del sindaco di <a href=\"https:\/\/twitter.com\/hashtag\/Bellante?src=hash\">#Bellante<\/a> e il commissariamento del PD di <a href=\"https:\/\/twitter.com\/hashtag\/Teramo?src=hash\">#Teramo<\/a>. \ud83d\ude2e <a href=\"https:\/\/t.co\/KiHsmNc3Px\">pic.twitter.com\/KiHsmNc3Px<\/a><\/p>\n<p>&mdash; Wu Ming Foundation (@Wu_Ming_Foundt) <a href=\"https:\/\/twitter.com\/Wu_Ming_Foundt\/status\/903744834200104960\">1 settembre 2017<\/a><\/p><\/blockquote>\n<p><script async src=\"\/\/platform.twitter.com\/widgets.js\" charset=\"utf-8\"><\/script><\/div>\n<p>Il liquame \u00e8 tracimato, e per la prima volta <a href=\"https:\/\/www.wumingfoundation.com\/giap\/2016\/06\/casapound-rapporti-con-lestrema-destra-nel-ventre-del-partito-renziano\/\">l&#8217;inchiesta di <strong>Nicoletta Bourbaki<\/strong> \u00abCasaP(oun)D\u00bb<\/a> non viene respinta a priori attaccando chi l&#8217;ha linkata, non viene ignorata o sminuita, ma presa in considerazione.<\/p>\n<p>Nessuno risponde, per capirci, <a href=\"https:\/\/www.wumingfoundation.com\/giap\/2017\/08\/frassineti-risponde\/\">come ha fatto solo pochi giorni fa il sindaco di Predappio <strong>Giorgio Frassineti<\/strong><\/a>.<\/p>\n<p>Questa mattina [31 agosto 2017] Radio Popolare ha intervistato sulla vicenda, e in generale sull&#8217;inchiesta in corso, <strong>Wu Ming 1<\/strong> ed Emanuele Fiano. Buon ascolto.<\/p>\n<div align=\"center\"><iframe loading=\"lazy\" src=\"https:\/\/www.mixcloud.com\/widget\/iframe\/?hide_cover=1&amp;feed=%2FRadio_Vostok%2Fcasapound-forza-nuova-e-nereto-wu-ming-1-e-fiano%2F\" width=\"100%\" height=\"120\" frameborder=\"0\"><\/iframe><\/div>\n<h5><span style=\"color: #ffffff;\">&#8211;<\/span><br \/>\n[Ultimo aggiornamento del post: 2 settembre 2017, h. 00:20]<\/h5>\n","protected":false},"excerpt":{"rendered":"Ci \u00e8 voluto un episodio in apparenza &#8220;piccolo&#8221; ma pi\u00f9 vistoso ed emblematico di altri. Un episodio di grande densit\u00e0 simbolica. Forza Nuova e l&#8217;associazione Nuove Sintesi &#8211; parte del network di Lealt\u00e0 Azione &#8211; organizzano un evento nella sala comunale \u00abSalvador Allende\u00bb di Nereto, provincia di Teramo, paesino amministrato dal Partito Democratico. Si tratta [&hellip;]","protected":false},"author":1,"featured_media":30105,"comment_status":"open","ping_status":"open","sticky":false,"template":"","format":"standard","meta":{"footnotes":""},"categories":[1943],"tags":[3226,3214,709,3213,1257,3184,3228,3183,3215,3075,3216,2359,3212,2427,1610,3217,2252,2055],"class_list":["post-30103","post","type-post","status-publish","format-standard","has-post-thumbnail","hentry","category-inchieste","tag-andrea-catena","tag-bellante","tag-casapound","tag-emanuele-fiano","tag-forza-nuova","tag-giorgio-frassineti","tag-giovanni-melchiorre","tag-lealta-azione","tag-marco-miccoli","tag-neofascismo","tag-nereto","tag-nicoletta-bourbaki","tag-nuove-sintesi","tag-partito-della-nazione","tag-pd","tag-piano-kalergi","tag-revisionismo-storico","tag-teramo"],"yoast_head":"<!-- This site is optimized with the Yoast SEO plugin v27.4 - https:\/\/yoast.com\/product\/yoast-seo-wordpress\/ -->\n<title>Alla buon&#039;ora, l&#039;inchiesta sui rapporti tra PD e neofascisti comincia a produrre scossoni - Giap<\/title>\n<meta name=\"robots\" content=\"index, follow, max-snippet:-1, max-image-preview:large, max-video-preview:-1\" \/>\n<link rel=\"canonical\" href=\"https:\/\/www.wumingfoundation.com\/giap\/2017\/08\/alla-buonora-linchiesta-sui-rapporti-tra-pd-e-neofascisti-comincia-a-produrre-scossoni\/\" \/>\n<meta property=\"og:locale\" content=\"it_IT\" \/>\n<meta property=\"og:type\" content=\"article\" \/>\n<meta property=\"og:title\" content=\"Alla buon&#039;ora, l&#039;inchiesta sui rapporti tra PD e neofascisti comincia a produrre scossoni - Giap\" \/>\n<meta property=\"og:description\" content=\"Ci \u00e8 voluto un episodio in apparenza &#8220;piccolo&#8221; ma pi\u00f9 vistoso ed emblematico di altri. Un episodio di grande densit\u00e0 simbolica. Forza Nuova e l&#8217;associazione Nuove Sintesi &#8211; parte del network di Lealt\u00e0 Azione &#8211; organizzano un evento nella sala comunale \u00abSalvador Allende\u00bb di Nereto, provincia di Teramo, paesino amministrato dal Partito Democratico. Si tratta [&hellip;]\" \/>\n<meta property=\"og:url\" content=\"https:\/\/www.wumingfoundation.com\/giap\/2017\/08\/alla-buonora-linchiesta-sui-rapporti-tra-pd-e-neofascisti-comincia-a-produrre-scossoni\/\" \/>\n<meta property=\"og:site_name\" content=\"Giap\" \/>\n<meta property=\"article:published_time\" content=\"2017-08-31T08:46:53+00:00\" \/>\n<meta property=\"article:modified_time\" content=\"2017-09-02T09:00:12+00:00\" \/>\n<meta property=\"og:image\" content=\"https:\/\/www.wumingfoundation.com\/giap\/wp-content\/uploads\/2017\/08\/RSI-Allende.jpg\" \/>\n\t<meta property=\"og:image:width\" content=\"811\" \/>\n\t<meta property=\"og:image:height\" content=\"1200\" \/>\n\t<meta property=\"og:image:type\" content=\"image\/jpeg\" \/>\n<meta name=\"author\" content=\"Wu Ming\" \/>\n<meta name=\"twitter:card\" content=\"summary_large_image\" \/>\n<meta name=\"twitter:creator\" content=\"@Wu_Ming_Foundt\" \/>\n<meta name=\"twitter:site\" content=\"@Wu_Ming_Foundt\" \/>\n<meta name=\"twitter:label1\" content=\"Scritto da\" \/>\n\t<meta name=\"twitter:data1\" content=\"Wu Ming\" \/>\n\t<meta name=\"twitter:label2\" content=\"Tempo di lettura stimato\" \/>\n\t<meta name=\"twitter:data2\" content=\"5 minuti\" \/>\n<script type=\"application\/ld+json\" class=\"yoast-schema-graph\">{\"@context\":\"https:\\\/\\\/schema.org\",\"@graph\":[{\"@type\":\"Article\",\"@id\":\"https:\\\/\\\/www.wumingfoundation.com\\\/giap\\\/2017\\\/08\\\/alla-buonora-linchiesta-sui-rapporti-tra-pd-e-neofascisti-comincia-a-produrre-scossoni\\\/#article\",\"isPartOf\":{\"@id\":\"https:\\\/\\\/www.wumingfoundation.com\\\/giap\\\/2017\\\/08\\\/alla-buonora-linchiesta-sui-rapporti-tra-pd-e-neofascisti-comincia-a-produrre-scossoni\\\/\"},\"author\":{\"name\":\"Wu Ming\",\"@id\":\"https:\\\/\\\/www.wumingfoundation.com\\\/giap\\\/#\\\/schema\\\/person\\\/881b1c925aaf48fe6eb5c3970be4458f\"},\"headline\":\"Alla buon&#8217;ora, l&#8217;inchiesta sui rapporti tra PD e neofascisti comincia a produrre scossoni\",\"datePublished\":\"2017-08-31T08:46:53+00:00\",\"dateModified\":\"2017-09-02T09:00:12+00:00\",\"mainEntityOfPage\":{\"@id\":\"https:\\\/\\\/www.wumingfoundation.com\\\/giap\\\/2017\\\/08\\\/alla-buonora-linchiesta-sui-rapporti-tra-pd-e-neofascisti-comincia-a-produrre-scossoni\\\/\"},\"wordCount\":952,\"commentCount\":6,\"image\":{\"@id\":\"https:\\\/\\\/www.wumingfoundation.com\\\/giap\\\/2017\\\/08\\\/alla-buonora-linchiesta-sui-rapporti-tra-pd-e-neofascisti-comincia-a-produrre-scossoni\\\/#primaryimage\"},\"thumbnailUrl\":\"https:\\\/\\\/www.wumingfoundation.com\\\/giap\\\/wp-content\\\/uploads\\\/2017\\\/08\\\/RSI-Allende.jpg\",\"keywords\":[\"Andrea Catena\",\"Bellante\",\"CasaPound\",\"Emanuele Fiano\",\"Forza Nuova\",\"Giorgio Frassineti\",\"Giovanni Melchiorre\",\"Lealt\u00e0 Azione\",\"Marco Miccoli\",\"neofascismo\",\"Nereto\",\"Nicoletta Bourbaki\",\"Nuove Sintesi\",\"partito della nazione\",\"PD\",\"Piano Kalergi\",\"revisionismo storico\",\"Teramo\"],\"articleSection\":[\"Inchieste\"],\"inLanguage\":\"it-IT\",\"potentialAction\":[{\"@type\":\"CommentAction\",\"name\":\"Comment\",\"target\":[\"https:\\\/\\\/www.wumingfoundation.com\\\/giap\\\/2017\\\/08\\\/alla-buonora-linchiesta-sui-rapporti-tra-pd-e-neofascisti-comincia-a-produrre-scossoni\\\/#respond\"]}]},{\"@type\":\"WebPage\",\"@id\":\"https:\\\/\\\/www.wumingfoundation.com\\\/giap\\\/2017\\\/08\\\/alla-buonora-linchiesta-sui-rapporti-tra-pd-e-neofascisti-comincia-a-produrre-scossoni\\\/\",\"url\":\"https:\\\/\\\/www.wumingfoundation.com\\\/giap\\\/2017\\\/08\\\/alla-buonora-linchiesta-sui-rapporti-tra-pd-e-neofascisti-comincia-a-produrre-scossoni\\\/\",\"name\":\"Alla buon'ora, l'inchiesta sui rapporti tra PD e neofascisti comincia a produrre scossoni - Giap\",\"isPartOf\":{\"@id\":\"https:\\\/\\\/www.wumingfoundation.com\\\/giap\\\/#website\"},\"primaryImageOfPage\":{\"@id\":\"https:\\\/\\\/www.wumingfoundation.com\\\/giap\\\/2017\\\/08\\\/alla-buonora-linchiesta-sui-rapporti-tra-pd-e-neofascisti-comincia-a-produrre-scossoni\\\/#primaryimage\"},\"image\":{\"@id\":\"https:\\\/\\\/www.wumingfoundation.com\\\/giap\\\/2017\\\/08\\\/alla-buonora-linchiesta-sui-rapporti-tra-pd-e-neofascisti-comincia-a-produrre-scossoni\\\/#primaryimage\"},\"thumbnailUrl\":\"https:\\\/\\\/www.wumingfoundation.com\\\/giap\\\/wp-content\\\/uploads\\\/2017\\\/08\\\/RSI-Allende.jpg\",\"datePublished\":\"2017-08-31T08:46:53+00:00\",\"dateModified\":\"2017-09-02T09:00:12+00:00\",\"author\":{\"@id\":\"https:\\\/\\\/www.wumingfoundation.com\\\/giap\\\/#\\\/schema\\\/person\\\/881b1c925aaf48fe6eb5c3970be4458f\"},\"breadcrumb\":{\"@id\":\"https:\\\/\\\/www.wumingfoundation.com\\\/giap\\\/2017\\\/08\\\/alla-buonora-linchiesta-sui-rapporti-tra-pd-e-neofascisti-comincia-a-produrre-scossoni\\\/#breadcrumb\"},\"inLanguage\":\"it-IT\",\"potentialAction\":[{\"@type\":\"ReadAction\",\"target\":[\"https:\\\/\\\/www.wumingfoundation.com\\\/giap\\\/2017\\\/08\\\/alla-buonora-linchiesta-sui-rapporti-tra-pd-e-neofascisti-comincia-a-produrre-scossoni\\\/\"]}]},{\"@type\":\"ImageObject\",\"inLanguage\":\"it-IT\",\"@id\":\"https:\\\/\\\/www.wumingfoundation.com\\\/giap\\\/2017\\\/08\\\/alla-buonora-linchiesta-sui-rapporti-tra-pd-e-neofascisti-comincia-a-produrre-scossoni\\\/#primaryimage\",\"url\":\"https:\\\/\\\/www.wumingfoundation.com\\\/giap\\\/wp-content\\\/uploads\\\/2017\\\/08\\\/RSI-Allende.jpg\",\"contentUrl\":\"https:\\\/\\\/www.wumingfoundation.com\\\/giap\\\/wp-content\\\/uploads\\\/2017\\\/08\\\/RSI-Allende.jpg\",\"width\":811,\"height\":1200},{\"@type\":\"BreadcrumbList\",\"@id\":\"https:\\\/\\\/www.wumingfoundation.com\\\/giap\\\/2017\\\/08\\\/alla-buonora-linchiesta-sui-rapporti-tra-pd-e-neofascisti-comincia-a-produrre-scossoni\\\/#breadcrumb\",\"itemListElement\":[{\"@type\":\"ListItem\",\"position\":1,\"name\":\"Home\",\"item\":\"https:\\\/\\\/www.wumingfoundation.com\\\/giap\\\/\"},{\"@type\":\"ListItem\",\"position\":2,\"name\":\"Alla buon&#8217;ora, l&#8217;inchiesta sui rapporti tra PD e neofascisti comincia a produrre scossoni\"}]},{\"@type\":\"WebSite\",\"@id\":\"https:\\\/\\\/www.wumingfoundation.com\\\/giap\\\/#website\",\"url\":\"https:\\\/\\\/www.wumingfoundation.com\\\/giap\\\/\",\"name\":\"Giap\",\"description\":\"Il sito ufficiale di Wu Ming, collettivo di scrittori\",\"potentialAction\":[{\"@type\":\"SearchAction\",\"target\":{\"@type\":\"EntryPoint\",\"urlTemplate\":\"https:\\\/\\\/www.wumingfoundation.com\\\/giap\\\/?s={search_term_string}\"},\"query-input\":{\"@type\":\"PropertyValueSpecification\",\"valueRequired\":true,\"valueName\":\"search_term_string\"}}],\"inLanguage\":\"it-IT\"},{\"@type\":\"Person\",\"@id\":\"https:\\\/\\\/www.wumingfoundation.com\\\/giap\\\/#\\\/schema\\\/person\\\/881b1c925aaf48fe6eb5c3970be4458f\",\"name\":\"Wu Ming\",\"image\":{\"@type\":\"ImageObject\",\"inLanguage\":\"it-IT\",\"@id\":\"https:\\\/\\\/secure.gravatar.com\\\/avatar\\\/1f49001124f0d5b3aeb1d387dbd89e7b48de4c5c15539460ec1c154566c1723c?s=96&d=blank&r=g\",\"url\":\"https:\\\/\\\/secure.gravatar.com\\\/avatar\\\/1f49001124f0d5b3aeb1d387dbd89e7b48de4c5c15539460ec1c154566c1723c?s=96&d=blank&r=g\",\"contentUrl\":\"https:\\\/\\\/secure.gravatar.com\\\/avatar\\\/1f49001124f0d5b3aeb1d387dbd89e7b48de4c5c15539460ec1c154566c1723c?s=96&d=blank&r=g\",\"caption\":\"Wu Ming\"}}]}<\/script>\n<!-- \/ Yoast SEO plugin. -->","yoast_head_json":{"title":"Alla buon'ora, l'inchiesta sui rapporti tra PD e neofascisti comincia a produrre scossoni - Giap","robots":{"index":"index","follow":"follow","max-snippet":"max-snippet:-1","max-image-preview":"max-image-preview:large","max-video-preview":"max-video-preview:-1"},"canonical":"https:\/\/www.wumingfoundation.com\/giap\/2017\/08\/alla-buonora-linchiesta-sui-rapporti-tra-pd-e-neofascisti-comincia-a-produrre-scossoni\/","og_locale":"it_IT","og_type":"article","og_title":"Alla buon'ora, l'inchiesta sui rapporti tra PD e neofascisti comincia a produrre scossoni - Giap","og_description":"Ci \u00e8 voluto un episodio in apparenza &#8220;piccolo&#8221; ma pi\u00f9 vistoso ed emblematico di altri. Un episodio di grande densit\u00e0 simbolica. Forza Nuova e l&#8217;associazione Nuove Sintesi &#8211; parte del network di Lealt\u00e0 Azione &#8211; organizzano un evento nella sala comunale \u00abSalvador Allende\u00bb di Nereto, provincia di Teramo, paesino amministrato dal Partito Democratico. Si tratta [&hellip;]","og_url":"https:\/\/www.wumingfoundation.com\/giap\/2017\/08\/alla-buonora-linchiesta-sui-rapporti-tra-pd-e-neofascisti-comincia-a-produrre-scossoni\/","og_site_name":"Giap","article_published_time":"2017-08-31T08:46:53+00:00","article_modified_time":"2017-09-02T09:00:12+00:00","og_image":[{"width":811,"height":1200,"url":"https:\/\/www.wumingfoundation.com\/giap\/wp-content\/uploads\/2017\/08\/RSI-Allende.jpg","type":"image\/jpeg"}],"author":"Wu Ming","twitter_card":"summary_large_image","twitter_creator":"@Wu_Ming_Foundt","twitter_site":"@Wu_Ming_Foundt","twitter_misc":{"Scritto da":"Wu Ming","Tempo di lettura stimato":"5 minuti"},"schema":{"@context":"https:\/\/schema.org","@graph":[{"@type":"Article","@id":"https:\/\/www.wumingfoundation.com\/giap\/2017\/08\/alla-buonora-linchiesta-sui-rapporti-tra-pd-e-neofascisti-comincia-a-produrre-scossoni\/#article","isPartOf":{"@id":"https:\/\/www.wumingfoundation.com\/giap\/2017\/08\/alla-buonora-linchiesta-sui-rapporti-tra-pd-e-neofascisti-comincia-a-produrre-scossoni\/"},"author":{"name":"Wu Ming","@id":"https:\/\/www.wumingfoundation.com\/giap\/#\/schema\/person\/881b1c925aaf48fe6eb5c3970be4458f"},"headline":"Alla buon&#8217;ora, l&#8217;inchiesta sui rapporti tra PD e neofascisti comincia a produrre scossoni","datePublished":"2017-08-31T08:46:53+00:00","dateModified":"2017-09-02T09:00:12+00:00","mainEntityOfPage":{"@id":"https:\/\/www.wumingfoundation.com\/giap\/2017\/08\/alla-buonora-linchiesta-sui-rapporti-tra-pd-e-neofascisti-comincia-a-produrre-scossoni\/"},"wordCount":952,"commentCount":6,"image":{"@id":"https:\/\/www.wumingfoundation.com\/giap\/2017\/08\/alla-buonora-linchiesta-sui-rapporti-tra-pd-e-neofascisti-comincia-a-produrre-scossoni\/#primaryimage"},"thumbnailUrl":"https:\/\/www.wumingfoundation.com\/giap\/wp-content\/uploads\/2017\/08\/RSI-Allende.jpg","keywords":["Andrea Catena","Bellante","CasaPound","Emanuele Fiano","Forza Nuova","Giorgio Frassineti","Giovanni Melchiorre","Lealt\u00e0 Azione","Marco Miccoli","neofascismo","Nereto","Nicoletta Bourbaki","Nuove Sintesi","partito della nazione","PD","Piano Kalergi","revisionismo storico","Teramo"],"articleSection":["Inchieste"],"inLanguage":"it-IT","potentialAction":[{"@type":"CommentAction","name":"Comment","target":["https:\/\/www.wumingfoundation.com\/giap\/2017\/08\/alla-buonora-linchiesta-sui-rapporti-tra-pd-e-neofascisti-comincia-a-produrre-scossoni\/#respond"]}]},{"@type":"WebPage","@id":"https:\/\/www.wumingfoundation.com\/giap\/2017\/08\/alla-buonora-linchiesta-sui-rapporti-tra-pd-e-neofascisti-comincia-a-produrre-scossoni\/","url":"https:\/\/www.wumingfoundation.com\/giap\/2017\/08\/alla-buonora-linchiesta-sui-rapporti-tra-pd-e-neofascisti-comincia-a-produrre-scossoni\/","name":"Alla buon'ora, l'inchiesta sui rapporti tra PD e neofascisti comincia a produrre scossoni - Giap","isPartOf":{"@id":"https:\/\/www.wumingfoundation.com\/giap\/#website"},"primaryImageOfPage":{"@id":"https:\/\/www.wumingfoundation.com\/giap\/2017\/08\/alla-buonora-linchiesta-sui-rapporti-tra-pd-e-neofascisti-comincia-a-produrre-scossoni\/#primaryimage"},"image":{"@id":"https:\/\/www.wumingfoundation.com\/giap\/2017\/08\/alla-buonora-linchiesta-sui-rapporti-tra-pd-e-neofascisti-comincia-a-produrre-scossoni\/#primaryimage"},"thumbnailUrl":"https:\/\/www.wumingfoundation.com\/giap\/wp-content\/uploads\/2017\/08\/RSI-Allende.jpg","datePublished":"2017-08-31T08:46:53+00:00","dateModified":"2017-09-02T09:00:12+00:00","author":{"@id":"https:\/\/www.wumingfoundation.com\/giap\/#\/schema\/person\/881b1c925aaf48fe6eb5c3970be4458f"},"breadcrumb":{"@id":"https:\/\/www.wumingfoundation.com\/giap\/2017\/08\/alla-buonora-linchiesta-sui-rapporti-tra-pd-e-neofascisti-comincia-a-produrre-scossoni\/#breadcrumb"},"inLanguage":"it-IT","potentialAction":[{"@type":"ReadAction","target":["https:\/\/www.wumingfoundation.com\/giap\/2017\/08\/alla-buonora-linchiesta-sui-rapporti-tra-pd-e-neofascisti-comincia-a-produrre-scossoni\/"]}]},{"@type":"ImageObject","inLanguage":"it-IT","@id":"https:\/\/www.wumingfoundation.com\/giap\/2017\/08\/alla-buonora-linchiesta-sui-rapporti-tra-pd-e-neofascisti-comincia-a-produrre-scossoni\/#primaryimage","url":"https:\/\/www.wumingfoundation.com\/giap\/wp-content\/uploads\/2017\/08\/RSI-Allende.jpg","contentUrl":"https:\/\/www.wumingfoundation.com\/giap\/wp-content\/uploads\/2017\/08\/RSI-Allende.jpg","width":811,"height":1200},{"@type":"BreadcrumbList","@id":"https:\/\/www.wumingfoundation.com\/giap\/2017\/08\/alla-buonora-linchiesta-sui-rapporti-tra-pd-e-neofascisti-comincia-a-produrre-scossoni\/#breadcrumb","itemListElement":[{"@type":"ListItem","position":1,"name":"Home","item":"https:\/\/www.wumingfoundation.com\/giap\/"},{"@type":"ListItem","position":2,"name":"Alla buon&#8217;ora, l&#8217;inchiesta sui rapporti tra PD e neofascisti comincia a produrre scossoni"}]},{"@type":"WebSite","@id":"https:\/\/www.wumingfoundation.com\/giap\/#website","url":"https:\/\/www.wumingfoundation.com\/giap\/","name":"Giap","description":"Il sito ufficiale di Wu Ming, collettivo di scrittori","potentialAction":[{"@type":"SearchAction","target":{"@type":"EntryPoint","urlTemplate":"https:\/\/www.wumingfoundation.com\/giap\/?s={search_term_string}"},"query-input":{"@type":"PropertyValueSpecification","valueRequired":true,"valueName":"search_term_string"}}],"inLanguage":"it-IT"},{"@type":"Person","@id":"https:\/\/www.wumingfoundation.com\/giap\/#\/schema\/person\/881b1c925aaf48fe6eb5c3970be4458f","name":"Wu Ming","image":{"@type":"ImageObject","inLanguage":"it-IT","@id":"https:\/\/secure.gravatar.com\/avatar\/1f49001124f0d5b3aeb1d387dbd89e7b48de4c5c15539460ec1c154566c1723c?s=96&d=blank&r=g","url":"https:\/\/secure.gravatar.com\/avatar\/1f49001124f0d5b3aeb1d387dbd89e7b48de4c5c15539460ec1c154566c1723c?s=96&d=blank&r=g","contentUrl":"https:\/\/secure.gravatar.com\/avatar\/1f49001124f0d5b3aeb1d387dbd89e7b48de4c5c15539460ec1c154566c1723c?s=96&d=blank&r=g","caption":"Wu Ming"}}]}},"_links":{"self":[{"href":"https:\/\/www.wumingfoundation.com\/giap\/wp-json\/wp\/v2\/posts\/30103","targetHints":{"allow":["GET"]}}],"collection":[{"href":"https:\/\/www.wumingfoundation.com\/giap\/wp-json\/wp\/v2\/posts"}],"about":[{"href":"https:\/\/www.wumingfoundation.com\/giap\/wp-json\/wp\/v2\/types\/post"}],"author":[{"embeddable":true,"href":"https:\/\/www.wumingfoundation.com\/giap\/wp-json\/wp\/v2\/users\/1"}],"replies":[{"embeddable":true,"href":"https:\/\/www.wumingfoundation.com\/giap\/wp-json\/wp\/v2\/comments?post=30103"}],"version-history":[{"count":0,"href":"https:\/\/www.wumingfoundation.com\/giap\/wp-json\/wp\/v2\/posts\/30103\/revisions"}],"wp:featuredmedia":[{"embeddable":true,"href":"https:\/\/www.wumingfoundation.com\/giap\/wp-json\/wp\/v2\/media\/30105"}],"wp:attachment":[{"href":"https:\/\/www.wumingfoundation.com\/giap\/wp-json\/wp\/v2\/media?parent=30103"}],"wp:term":[{"taxonomy":"category","embeddable":true,"href":"https:\/\/www.wumingfoundation.com\/giap\/wp-json\/wp\/v2\/categories?post=30103"},{"taxonomy":"post_tag","embeddable":true,"href":"https:\/\/www.wumingfoundation.com\/giap\/wp-json\/wp\/v2\/tags?post=30103"}],"curies":[{"name":"wp","href":"https:\/\/api.w.org\/{rel}","templated":true}]}}