{"id":2828,"date":"2011-01-26T04:18:15","date_gmt":"2011-01-26T02:18:15","guid":{"rendered":"http:\/\/www.wumingfoundation.com\/giap\/?p=2828"},"modified":"2011-01-26T04:28:51","modified_gmt":"2011-01-26T02:28:51","slug":"scrittori-contro-il-rogodilibri","status":"publish","type":"post","link":"https:\/\/www.wumingfoundation.com\/giap\/2011\/01\/scrittori-contro-il-rogodilibri\/","title":{"rendered":"Scrittori contro il rogo"},"content":{"rendered":"<p><img loading=\"lazy\" decoding=\"async\" class=\"alignright size-medium wp-image-2834\" title=\"Solidarity\" src=\"http:\/\/www.wumingfoundation.com\/giap\/wp-content\/uploads\/2011\/01\/solidarity61-300x124.jpg\" alt=\"\" width=\"300\" height=\"124\" \/><strong><a href=\"http:\/\/www.carmillaonline.com\/archives\/2011\/01\/003769.html\">Su Carmilla<\/a><\/strong>, un &#8220;proclama&#8221; degli Scrittori contro il rogo. Andate a leggerlo di l\u00e0. Qui riproduciamo solo la premessa:<\/p>\n<blockquote><p>Il  testo che segue \u00e8 stato redatto da una sorta di &#8220;coordinamento&#8221; formato  da scrittori, critici, blogger, pubblicisti, redazioni di riviste  letterarie (on-line e cartacee). Hanno contribuito autori che figurano  nella &#8220;lista nera&#8221; veneta e autori che non vi figurano ma sono solidali  coi &#8220;proscritti&#8221;. E&#8217; un documento liberamente appropriabile e  sottoscrivibile da chiunque. Se sei uno scrittore (o qualcosa di simile)  e sei contro il rogo, allora sei con gli Scrittori contro il rogo.<!--more--><br \/>\nUno scrittore-delegato ha letto in anteprima il testo in quel di Padova  il 25 gennaio 2010, all&#8217;assemblea cittadina organizzata presso la  facolt\u00e0 di Scienze Politiche, in vista dello sciopero nazionale dei  metalmeccanici. Copie del testo appariranno <span style=\"text-decoration: underline;\">gioved\u00ec 27 alle h. 17<\/span> di fronte alla biblioteca comunale di Preganziol (TV).<br \/>\nA Preganziol, da diversi giorni (dopo\u00a0 <a href=\"http:\/\/www.youtube.com\/watch?v=tLhoswWX28w\">un servizio del TG3 nazionale<\/a>) l&#8217;amministrazione comunale leghista si sta\u00a0 <a href=\"http:\/\/loredanalipperini.blog.kataweb.it\/lipperatura\/2011\/01\/23\/datelo-ai-criceti\/\">difendendo dall&#8217;accusa<\/a> di aver fatto &#8220;sparire&#8221; dalla biblioteca i libri di Roberto Saviano. Il  noto autore campano sarebbe inviso ai ragazzuoli in camicia <span style=\"text-decoration: line-through;\">bru<\/span> verde a causa del suo monologo televisivo sulla Lega Nord che  &#8220;interloquisce&#8221; con la &#8216;ndrangheta. Alcuni cittadini hanno organizzato  una manifestazione nel giorno e all&#8217;ora di cui sopra, e diversi  scrittori &#8211; &#8220;proscritti&#8221; e non &#8211; convergeranno su Preganziol per dire la  loro.<br \/>\nQuesta \u00e8 una storia &#8220;laterale&#8221; ma significativa,  sintomatica. E&#8217; venuta alla luce grazie alla campagna contro le liste di  proscrizione della destra veneta. Smuovendo il terreno, si sono trovati  cocci di vecchie anfore, che un tempo contenevano pudore e ritegno.  Pudore e ritegno che ti facevano pensare due volte, prima di proporre  bestialit\u00e0 anti-costituzionali come l&#8217;epurazione &#8211; ufficiale o  &#8220;ufficiosa&#8221; &#8211; delle biblioteche.<br \/>\nLa vicenda di Preganziol non ha a che fare direttamente con il caso  Battisti: diverso il pretesto, diverso l&#8217;autore colpito, diversa la  forza politica implicata. Ma l&#8217;humus \u00e8 lo stesso. Il contesto \u00e8 lo  stesso. La logica \u00e8 la stessa.<\/p><\/blockquote>\n","protected":false},"excerpt":{"rendered":"Su Carmilla, un &#8220;proclama&#8221; degli Scrittori contro il rogo. Andate a leggerlo di l\u00e0. Qui riproduciamo solo la premessa: Il testo che segue \u00e8 stato redatto da una sorta di &#8220;coordinamento&#8221; formato da scrittori, critici, blogger, pubblicisti, redazioni di riviste letterarie (on-line e cartacee). Hanno contribuito autori che figurano nella &#8220;lista nera&#8221; veneta e autori [&hellip;]","protected":false},"author":1,"featured_media":2834,"comment_status":"closed","ping_status":"open","sticky":false,"template":"","format":"standard","meta":{"footnotes":""},"categories":[8,6],"tags":[645,674,637,653,676,673,113,675,643,672],"class_list":["post-2828","post","type-post","status-publish","format-standard","has-post-thumbnail","hentry","category-editoriali","category-news-e-segnalazioni","tag-rogodilibri","tag-brunetta","tag-cesare-battisti","tag-elena-donazzan","tag-padova","tag-preganziol","tag-roberto-saviano","tag-sacconi","tag-speranzon","tag-tg3"],"_links":{"self":[{"href":"https:\/\/www.wumingfoundation.com\/giap\/wp-json\/wp\/v2\/posts\/2828","targetHints":{"allow":["GET"]}}],"collection":[{"href":"https:\/\/www.wumingfoundation.com\/giap\/wp-json\/wp\/v2\/posts"}],"about":[{"href":"https:\/\/www.wumingfoundation.com\/giap\/wp-json\/wp\/v2\/types\/post"}],"author":[{"embeddable":true,"href":"https:\/\/www.wumingfoundation.com\/giap\/wp-json\/wp\/v2\/users\/1"}],"replies":[{"embeddable":true,"href":"https:\/\/www.wumingfoundation.com\/giap\/wp-json\/wp\/v2\/comments?post=2828"}],"version-history":[{"count":0,"href":"https:\/\/www.wumingfoundation.com\/giap\/wp-json\/wp\/v2\/posts\/2828\/revisions"}],"wp:featuredmedia":[{"embeddable":true,"href":"https:\/\/www.wumingfoundation.com\/giap\/wp-json\/wp\/v2\/media\/2834"}],"wp:attachment":[{"href":"https:\/\/www.wumingfoundation.com\/giap\/wp-json\/wp\/v2\/media?parent=2828"}],"wp:term":[{"taxonomy":"category","embeddable":true,"href":"https:\/\/www.wumingfoundation.com\/giap\/wp-json\/wp\/v2\/categories?post=2828"},{"taxonomy":"post_tag","embeddable":true,"href":"https:\/\/www.wumingfoundation.com\/giap\/wp-json\/wp\/v2\/tags?post=2828"}],"curies":[{"name":"wp","href":"https:\/\/api.w.org\/{rel}","templated":true}]}}