{"id":27858,"date":"2017-02-16T11:51:29","date_gmt":"2017-02-16T10:51:29","guid":{"rendered":"http:\/\/www.wumingfoundation.com\/giap\/?p=27858"},"modified":"2017-02-27T21:22:26","modified_gmt":"2017-02-27T20:22:26","slug":"notav-e-terremoto","status":"publish","type":"post","link":"https:\/\/www.wumingfoundation.com\/giap\/2017\/02\/notav-e-terremoto\/","title":{"rendered":"#NoTav e #Terremoto. Dalla Val di Susa all&#8217;Appennino centrale passando per il Brennero #WM1viaggioNoTav"},"content":{"rendered":"<div id=\"attachment_27869\" style=\"width: 660px\" class=\"wp-caption aligncenter\"><a href=\"https:\/\/www.facebook.com\/events\/253007895111646\/\"><img loading=\"lazy\" decoding=\"async\" aria-describedby=\"caption-attachment-27869\" class=\"wp-image-27869\" src=\"http:\/\/www.wumingfoundation.com\/giap\/wp-content\/uploads\/2017\/02\/locandina_22_febbraio.jpg\" width=\"650\" height=\"920\" \/><\/a><p id=\"caption-attachment-27869\" class=\"wp-caption-text\">Contro la \u00abmano nera\u00bb.<\/p><\/div>\n<p>di <strong>Wu Ming 1<\/strong><\/p>\n<p><a href=\"http:\/\/www.wumingfoundation.com\/giap\/event\/verona-16022017-presentazione-di-un-viaggio-che-non-promettiamo-breve-wm1viaggionotav\/\">Stasera a\u00a0Verona<\/a>\u00a0il tour di <em>Un viaggio che non promettiamo breve<\/em>\u00a0toccher\u00e0 la ventiquattresima tappa. Siamo pi\u00f9 o meno a met\u00e0 del cammino previsto, ma la fatica comincia a farsi sentire, e con la fatica bisogna fare i conti per tempo, in anticipo, non aspettare di ritrovarsi al lumicino.<\/p>\n<p>Non ho mai\u00a0pensato di poter reggere, nel corso del 2017, una tourn\u00e9e\u00a0<em>monstruosa<\/em>\u00a0come <a href=\"http:\/\/www.wumingfoundation.com\/giap\/2013\/09\/speciale-pointlenana-2\/\">il\u00a0<em>Point Lenana Tour de Force<\/em> del 2013<\/a>. Quella volta misi in fila ottanta presentazioni in un anno, spesso abbinate a\u00a0escursioni, ascensioni a tema, arrampicate&#8230; A\u00a0quella lunga marcia, per giunta, ne segu\u00ec subito\u00a0un&#8217;altra, quella del\u00a0<em>R\u00e9volutiontouR<\/em> per <em>L&#8217;Armata dei Sonnambuli<\/em><em>,\u00a0<\/em>centoventuno presentazioni nel periodo 2014-2015&#8230; Stavolta, per fortuna, suddivise tra i membri del collettivo.<!--more--><\/p>\n<p>A questo giro, sapevo di non poter ripetere un&#8217;impresa del genere. La cavalcata dell&#8217;anno scorso per finire il libro, l&#8217;organizzazione e l&#8217;avvio del tour senza un giorno di <em>stacco<\/em>, un multitasking turbinoso e incessante, la\u00a0pressione degli\u00a0impegni quotidiani&#8230; Partivo con meno energie delle altre volte, sorretto pi\u00f9 che altro dall&#8217;autodisciplina.<\/p>\n<p>Ad ogni modo, speravo di reggere almeno una sessantina di date da novembre a giugno. Ma dopo un&#8217;attenta cogitazione\u00a0sulle energie disponibili, sono sicuro\u00a0di non esserne in grado.\u00a0Anzi, mi \u00e8 gi\u00e0 toccato, a malincuore, disdire svariati impegni tra i\u00a0meno prossimi. Spero di poterne recuperare alcuni pi\u00f9 avanti, dopo l&#8217;estate. Mi scuso con tutt* per questa <em>d\u00e9faillance<\/em>.<\/p>\n<p style=\"text-align: center;\"><strong>\u2042<\/strong><\/p>\n<p>Detto questo, seppure ridimensionato, <a href=\"http:\/\/www.wumingfoundation.com\/giap\/events\/\">il tour prosegue<\/a>, incrociando anche la via di alcuni <a href=\"http:\/\/www.wumingfoundation.com\/giap\/event\/genova-23022017-presentazione-di-un-viaggio-che-non-promettiamo-breve\/\">\u00abcattivi maestri\u00bb<\/a>.\u00a0E con il <em>Point Lenana Tour de Force<\/em> ha in comune, se non la mole, almeno il fatto di essere\u00a0<em>la prosecuzione del libro con altri mezzi<\/em>, un susseguirsi di occasioni per fare inchiesta.<\/p>\n<div id=\"attachment_27871\" style=\"width: 660px\" class=\"wp-caption aligncenter\"><img loading=\"lazy\" decoding=\"async\" aria-describedby=\"caption-attachment-27871\" class=\"size-full wp-image-27871\" src=\"http:\/\/www.wumingfoundation.com\/giap\/wp-content\/uploads\/2017\/02\/UVCNPB_Macerata.jpg\" alt=\"\" width=\"650\" height=\"315\" \/><p id=\"caption-attachment-27871\" class=\"wp-caption-text\">Centro sociale Sisma, Macerata, 3 febbraio 2017.<\/p><\/div>\n<p>Nello scorso speciale si parlava dell&#8217;utilizzo di <em>Un viaggio che non promettiamo breve<\/em> come <a href=\"http:\/\/www.wumingfoundation.com\/giap\/2017\/02\/non-cedere-alladesso-prosegue-il-viaggio-di-un-viaggio-che-non-promettiamo-breve-wm1viaggionotav\/\">una\u00a0\u00abcassetta degli attrezzi\u00bb<\/a> da usare nelle varie situazioni. Si ricordava che il libro sta toccando particolari corde nelle zone\u00a0del terremoto appenninico.<br \/>\nEbbene, se\u00a0ne \u00e8 avuta una nuova dimostrazione un paio di\u00a0giorni fa, quando il centro sociale Sisma di Macerata ha pubblicato\u00a0l&#8217;audio della presentazione del 3 febbraio scorso. La rivista locale <em>Piceno Oggi<\/em> ha subito ripreso <strong><a href=\"https:\/\/www.picenooggi.it\/2017\/02\/14\/42528\/terremoto-sugli-appennini-siamo-alla-strategia-dellabbandono\/\">la parte di dibattito sulla \u00abstrategia dell&#8217;abbandono\u00bb<\/a><\/strong>\u00a0che quelle zone stanno subendo.\u00a0L&#8217;articolo, al momento, ha quasi mille condivisioni su Facebook.<\/p>\n<p>In cosa consiste la strategia dell&#8217;abbandono?\u00a0Qual \u00e8 il prerequisito per una resistenza popolare a tale strategia? Chi \u00e8 Enzo di Pescara del Tronto? Cos&#8217;\u00e8 la \u00abmano nera\u00bb? Per saperlo, <a href=\"https:\/\/www.picenooggi.it\/2017\/02\/14\/42528\/terremoto-sugli-appennini-siamo-alla-strategia-dellabbandono\/\">leggere e ascoltare<\/a>.<\/p>\n<p>E se qualcuno vuole partecipare a un momento della resistenza auspicata e forse gi\u00e0 cominciata, pu\u00f2 andare ad Ancona la mattina di mercoled\u00ec 22 febbraio (<strong><a href=\"https:\/\/www.facebook.com\/events\/253007895111646\/\">qui l&#8217;evento su FB<\/a><\/strong>).<\/p>\n<p style=\"text-align: center;\"><strong>\u2042<\/strong><\/p>\n<p>Anche a Bolzano, sebbene il tono non fosse dei pi\u00f9 ottimistici, il libro \u00e8 stato usato come \u00abcassetta degli attrezzi\u00bb. L&#8217;Alto Adige, se si va oltre i\u00a0clich\u00e9s turistici, si rivela\u00a0un territorio inquinato e azzannato da grandi opere inutili, a cominciare dal BBT, la galleria di base del Brennero.<br \/>\nLa presentazione, per giunta, si teneva nel quartiere Oltrisarco, il pi\u00f9 intossicato di Bolzano, il pi\u00f9 soffocato da asfalto e smog.<\/p>\n<p>La domanda di fondo \u00e8 stata: perch\u00e8 in questa citt\u00e0\u00a0tutti fanno finta di nulla?<br \/>\nAd esempio, perch\u00e9 del BBT &#8211; opera che non manterr\u00e0 nessuna delle strombazzate promesse, anzi, aggraver\u00e0 i problemi esistenti &#8211; se ne parla a nord del\u00a0Brennero e a sud di Salorno, ma in mezzo no?<\/p>\n<p><em>Mutatis mutandis<\/em>, la domanda \u00e8 estendibile all&#8217;intero Paese. Perch\u00e9 non riusciamo a far capire che l&#8217;aria avvelenata \u00e8 un problema dei pi\u00f9 gravi, un problema <em>politico<\/em>, molto pi\u00f9 politico delle cazzate perbeniste sul \u00abdegrado\u00bb e il \u00abdecoro\u00bb? Lo smog causa tumori, <a href=\"http:\/\/www.corriere.it\/esteri\/17_gennaio_05\/vivere-a-strade-autostrade-aumenta-rischio-demenza-b9c377c4-d312-11e6-9dc7-b8de3918521a.shtml\">danni\u00a0neurologici<\/a>, <a href=\"https:\/\/www.theguardian.com\/cities\/2017\/feb\/16\/premature-births-air-pollution-maternal-health-who-study?utm_source=dlvr.it&amp;utm_medium=twitter\">nascite premature<\/a>&#8230; Tutto questo sembra meno importante di qualche scritta su un muro, o dell&#8217;orario d&#8217;apertura di un kebabbaro.<br \/>\nE mentre il popolo abbocca all&#8217;amo di ogni\u00a0pi\u00f9 banale diversivo, politici e potentati economici,\u00a0imperterriti, continuano\u00a0a progettare nuove autostrade, <a href=\"http:\/\/www.wumingfoundation.com\/giap\/tag\/passante-di-bologna\/\">nuovi ampiamenti di autostrade e tangenziali<\/a>, nuove colate d&#8217;asfalto.<\/p>\n<div align=\"center\">\n<blockquote class=\"twitter-tweet\" data-lang=\"it\">\n<p dir=\"ltr\" lang=\"it\">L&#8217;Europa ci bacchetta sullo smog, ora rischiamo una multa salata <a href=\"https:\/\/t.co\/34VT5NMFgt\">https:\/\/t.co\/34VT5NMFgt<\/a> # via <a href=\"https:\/\/twitter.com\/HuffPostItalia\">@HuffPostItalia<\/a><\/p>\n<p>\u2014 passante bologna (@passantedimezzo) <a href=\"https:\/\/twitter.com\/passantedimezzo\/status\/832098162487787520\">16 febbraio 2017<\/a><\/p><\/blockquote>\n<p><script async src=\"\/\/platform.twitter.com\/widgets.js\" charset=\"utf-8\"><\/script><\/p>\n<p style=\"text-align: left;\">L&#8217;audio della discussione bolzanina, con <strong>Flavio Pintarelli<\/strong>, <strong>Lorenzo Vianini<\/strong> dell&#8217;associazione Dada Rose e <strong>Claudio Campedelli<\/strong> dell&#8217;associazione Ambiente e Salute, <a href=\"https:\/\/dadarose.wordpress.com\/2017\/02\/13\/un-viaggio-che-non-promettiamo-breve-wu-ming-1-audio-e-materiali\/\">si trova qui<\/a>, insieme ad altri materiali sulla &#8211; e intorno alla &#8211; serata.<\/p>\n<p style=\"text-align: left;\">Chiudo questo speciale segnalando <a href=\"https:\/\/www.alfabeta2.it\/2017\/02\/12\/val-susa-senza-euridice\/\">\u00abVal di Susa senza Euridice\u00bb<\/a>, riflessione apparsa su Alfabeta2 a firma di <strong>Serena Carbone<\/strong>, a partire dalla lettura di <em>Un viaggio che non promettiamo breve<\/em> e del libro di <strong>Marco Aime<\/strong> <em>Fuori dal tunnel<\/em>.<em> Viaggio antropologico nella Val di Susa<\/em> (Meltemi, 2016).<\/p>\n<p style=\"text-align: left;\">Buon tutto, e ci si vede in giro. Se non in questi mesi, <em>further on up the road<\/em>.<\/p>\n<\/div>\n<div align=\"center\">\n<div style=\"position: relative; height: 0; padding-bottom: 56.25%;\"><iframe loading=\"lazy\" style=\"position: absolute; width: 100%; height: 100%; left: 0;\" src=\"https:\/\/www.youtube.com\/embed\/Zp7sZDQWlJg?rel=0?ecver=2\" width=\"640\" height=\"360\" frameborder=\"0\" allowfullscreen=\"allowfullscreen\"><\/iframe><\/div>\n<\/div>\n","protected":false},"excerpt":{"rendered":"di Wu Ming 1 Stasera a\u00a0Verona\u00a0il tour di Un viaggio che non promettiamo breve\u00a0toccher\u00e0 la ventiquattresima tappa. Siamo pi\u00f9 o meno a met\u00e0 del cammino previsto, ma la fatica comincia a farsi sentire, e con la fatica bisogna fare i conti per tempo, in anticipo, non aspettare di ritrovarsi al lumicino. Non ho mai\u00a0pensato di [&hellip;]","protected":false},"author":1,"featured_media":27869,"comment_status":"open","ping_status":"open","sticky":false,"template":"","format":"standard","meta":{"footnotes":""},"categories":[4,2821],"tags":[2978,2184,959,2956,122,2822],"class_list":["post-27858","post","type-post","status-publish","format-standard","has-post-thumbnail","hentry","category-recensioni","category-un-viaggio-che-non-promettiamo-breve","tag-bbt","tag-grandi-opere","tag-no-tav","tag-strategia-dellabbandono","tag-terremoto","tag-un-viaggio-che-non-promettiamo-breve"],"yoast_head":"<!-- This site is optimized with the Yoast SEO plugin v27.5 - https:\/\/yoast.com\/product\/yoast-seo-wordpress\/ -->\n<title>#NoTav e #Terremoto. Dalla Val di Susa all&#039;Appennino centrale passando per il Brennero #WM1viaggioNoTav - Giap<\/title>\n<meta name=\"robots\" content=\"index, follow, max-snippet:-1, max-image-preview:large, max-video-preview:-1\" \/>\n<link rel=\"canonical\" href=\"https:\/\/www.wumingfoundation.com\/giap\/2017\/02\/notav-e-terremoto\/\" \/>\n<meta property=\"og:locale\" content=\"it_IT\" \/>\n<meta property=\"og:type\" content=\"article\" \/>\n<meta property=\"og:title\" content=\"#NoTav e #Terremoto. Dalla Val di Susa all&#039;Appennino centrale passando per il Brennero #WM1viaggioNoTav - Giap\" \/>\n<meta property=\"og:description\" content=\"di Wu Ming 1 Stasera a\u00a0Verona\u00a0il tour di Un viaggio che non promettiamo breve\u00a0toccher\u00e0 la ventiquattresima tappa. Siamo pi\u00f9 o meno a met\u00e0 del cammino previsto, ma la fatica comincia a farsi sentire, e con la fatica bisogna fare i conti per tempo, in anticipo, non aspettare di ritrovarsi al lumicino. Non ho mai\u00a0pensato di [&hellip;]\" \/>\n<meta property=\"og:url\" content=\"https:\/\/www.wumingfoundation.com\/giap\/2017\/02\/notav-e-terremoto\/\" \/>\n<meta property=\"og:site_name\" content=\"Giap\" \/>\n<meta property=\"article:published_time\" content=\"2017-02-16T10:51:29+00:00\" \/>\n<meta property=\"article:modified_time\" content=\"2017-02-27T20:22:26+00:00\" \/>\n<meta property=\"og:image\" content=\"https:\/\/www.wumingfoundation.com\/giap\/wp-content\/uploads\/2017\/02\/locandina_22_febbraio.jpg\" \/>\n\t<meta property=\"og:image:width\" content=\"868\" \/>\n\t<meta property=\"og:image:height\" content=\"1228\" \/>\n\t<meta property=\"og:image:type\" content=\"image\/jpeg\" \/>\n<meta name=\"author\" content=\"Wu Ming\" \/>\n<meta name=\"twitter:card\" content=\"summary_large_image\" \/>\n<meta name=\"twitter:creator\" content=\"@Wu_Ming_Foundt\" \/>\n<meta name=\"twitter:site\" content=\"@Wu_Ming_Foundt\" \/>\n<meta name=\"twitter:label1\" content=\"Scritto da\" \/>\n\t<meta name=\"twitter:data1\" content=\"Wu Ming\" \/>\n\t<meta name=\"twitter:label2\" content=\"Tempo di lettura stimato\" \/>\n\t<meta name=\"twitter:data2\" content=\"4 minuti\" \/>\n<script type=\"application\/ld+json\" class=\"yoast-schema-graph\">{\"@context\":\"https:\\\/\\\/schema.org\",\"@graph\":[{\"@type\":\"Article\",\"@id\":\"https:\\\/\\\/www.wumingfoundation.com\\\/giap\\\/2017\\\/02\\\/notav-e-terremoto\\\/#article\",\"isPartOf\":{\"@id\":\"https:\\\/\\\/www.wumingfoundation.com\\\/giap\\\/2017\\\/02\\\/notav-e-terremoto\\\/\"},\"author\":{\"name\":\"Wu Ming\",\"@id\":\"https:\\\/\\\/www.wumingfoundation.com\\\/giap\\\/#\\\/schema\\\/person\\\/881b1c925aaf48fe6eb5c3970be4458f\"},\"headline\":\"#NoTav e #Terremoto. Dalla Val di Susa all&#8217;Appennino centrale passando per il Brennero #WM1viaggioNoTav\",\"datePublished\":\"2017-02-16T10:51:29+00:00\",\"dateModified\":\"2017-02-27T20:22:26+00:00\",\"mainEntityOfPage\":{\"@id\":\"https:\\\/\\\/www.wumingfoundation.com\\\/giap\\\/2017\\\/02\\\/notav-e-terremoto\\\/\"},\"wordCount\":829,\"commentCount\":7,\"image\":{\"@id\":\"https:\\\/\\\/www.wumingfoundation.com\\\/giap\\\/2017\\\/02\\\/notav-e-terremoto\\\/#primaryimage\"},\"thumbnailUrl\":\"https:\\\/\\\/www.wumingfoundation.com\\\/giap\\\/wp-content\\\/uploads\\\/2017\\\/02\\\/locandina_22_febbraio.jpg\",\"keywords\":[\"BBT\",\"Grandi Opere\",\"No Tav\",\"Strategia dell'abbandono\",\"terremoto\",\"Un viaggio che non promettiamo breve\"],\"articleSection\":[\"Libri\",\"Un viaggio che non promettiamo breve\"],\"inLanguage\":\"it-IT\",\"potentialAction\":[{\"@type\":\"CommentAction\",\"name\":\"Comment\",\"target\":[\"https:\\\/\\\/www.wumingfoundation.com\\\/giap\\\/2017\\\/02\\\/notav-e-terremoto\\\/#respond\"]}]},{\"@type\":\"WebPage\",\"@id\":\"https:\\\/\\\/www.wumingfoundation.com\\\/giap\\\/2017\\\/02\\\/notav-e-terremoto\\\/\",\"url\":\"https:\\\/\\\/www.wumingfoundation.com\\\/giap\\\/2017\\\/02\\\/notav-e-terremoto\\\/\",\"name\":\"#NoTav e #Terremoto. Dalla Val di Susa all'Appennino centrale passando per il Brennero #WM1viaggioNoTav - Giap\",\"isPartOf\":{\"@id\":\"https:\\\/\\\/www.wumingfoundation.com\\\/giap\\\/#website\"},\"primaryImageOfPage\":{\"@id\":\"https:\\\/\\\/www.wumingfoundation.com\\\/giap\\\/2017\\\/02\\\/notav-e-terremoto\\\/#primaryimage\"},\"image\":{\"@id\":\"https:\\\/\\\/www.wumingfoundation.com\\\/giap\\\/2017\\\/02\\\/notav-e-terremoto\\\/#primaryimage\"},\"thumbnailUrl\":\"https:\\\/\\\/www.wumingfoundation.com\\\/giap\\\/wp-content\\\/uploads\\\/2017\\\/02\\\/locandina_22_febbraio.jpg\",\"datePublished\":\"2017-02-16T10:51:29+00:00\",\"dateModified\":\"2017-02-27T20:22:26+00:00\",\"author\":{\"@id\":\"https:\\\/\\\/www.wumingfoundation.com\\\/giap\\\/#\\\/schema\\\/person\\\/881b1c925aaf48fe6eb5c3970be4458f\"},\"breadcrumb\":{\"@id\":\"https:\\\/\\\/www.wumingfoundation.com\\\/giap\\\/2017\\\/02\\\/notav-e-terremoto\\\/#breadcrumb\"},\"inLanguage\":\"it-IT\",\"potentialAction\":[{\"@type\":\"ReadAction\",\"target\":[\"https:\\\/\\\/www.wumingfoundation.com\\\/giap\\\/2017\\\/02\\\/notav-e-terremoto\\\/\"]}]},{\"@type\":\"ImageObject\",\"inLanguage\":\"it-IT\",\"@id\":\"https:\\\/\\\/www.wumingfoundation.com\\\/giap\\\/2017\\\/02\\\/notav-e-terremoto\\\/#primaryimage\",\"url\":\"https:\\\/\\\/www.wumingfoundation.com\\\/giap\\\/wp-content\\\/uploads\\\/2017\\\/02\\\/locandina_22_febbraio.jpg\",\"contentUrl\":\"https:\\\/\\\/www.wumingfoundation.com\\\/giap\\\/wp-content\\\/uploads\\\/2017\\\/02\\\/locandina_22_febbraio.jpg\",\"width\":868,\"height\":1228,\"caption\":\"Contro la \u00abmano nera\u00bb.\"},{\"@type\":\"BreadcrumbList\",\"@id\":\"https:\\\/\\\/www.wumingfoundation.com\\\/giap\\\/2017\\\/02\\\/notav-e-terremoto\\\/#breadcrumb\",\"itemListElement\":[{\"@type\":\"ListItem\",\"position\":1,\"name\":\"Home\",\"item\":\"https:\\\/\\\/www.wumingfoundation.com\\\/giap\\\/\"},{\"@type\":\"ListItem\",\"position\":2,\"name\":\"#NoTav e #Terremoto. Dalla Val di Susa all&#8217;Appennino centrale passando per il Brennero #WM1viaggioNoTav\"}]},{\"@type\":\"WebSite\",\"@id\":\"https:\\\/\\\/www.wumingfoundation.com\\\/giap\\\/#website\",\"url\":\"https:\\\/\\\/www.wumingfoundation.com\\\/giap\\\/\",\"name\":\"Giap\",\"description\":\"Il sito ufficiale di Wu Ming, collettivo di scrittori\",\"potentialAction\":[{\"@type\":\"SearchAction\",\"target\":{\"@type\":\"EntryPoint\",\"urlTemplate\":\"https:\\\/\\\/www.wumingfoundation.com\\\/giap\\\/?s={search_term_string}\"},\"query-input\":{\"@type\":\"PropertyValueSpecification\",\"valueRequired\":true,\"valueName\":\"search_term_string\"}}],\"inLanguage\":\"it-IT\"},{\"@type\":\"Person\",\"@id\":\"https:\\\/\\\/www.wumingfoundation.com\\\/giap\\\/#\\\/schema\\\/person\\\/881b1c925aaf48fe6eb5c3970be4458f\",\"name\":\"Wu Ming\",\"image\":{\"@type\":\"ImageObject\",\"inLanguage\":\"it-IT\",\"@id\":\"https:\\\/\\\/secure.gravatar.com\\\/avatar\\\/1f49001124f0d5b3aeb1d387dbd89e7b48de4c5c15539460ec1c154566c1723c?s=96&d=blank&r=g\",\"url\":\"https:\\\/\\\/secure.gravatar.com\\\/avatar\\\/1f49001124f0d5b3aeb1d387dbd89e7b48de4c5c15539460ec1c154566c1723c?s=96&d=blank&r=g\",\"contentUrl\":\"https:\\\/\\\/secure.gravatar.com\\\/avatar\\\/1f49001124f0d5b3aeb1d387dbd89e7b48de4c5c15539460ec1c154566c1723c?s=96&d=blank&r=g\",\"caption\":\"Wu Ming\"}}]}<\/script>\n<!-- \/ Yoast SEO plugin. -->","yoast_head_json":{"title":"#NoTav e #Terremoto. Dalla Val di Susa all'Appennino centrale passando per il Brennero #WM1viaggioNoTav - Giap","robots":{"index":"index","follow":"follow","max-snippet":"max-snippet:-1","max-image-preview":"max-image-preview:large","max-video-preview":"max-video-preview:-1"},"canonical":"https:\/\/www.wumingfoundation.com\/giap\/2017\/02\/notav-e-terremoto\/","og_locale":"it_IT","og_type":"article","og_title":"#NoTav e #Terremoto. Dalla Val di Susa all'Appennino centrale passando per il Brennero #WM1viaggioNoTav - Giap","og_description":"di Wu Ming 1 Stasera a\u00a0Verona\u00a0il tour di Un viaggio che non promettiamo breve\u00a0toccher\u00e0 la ventiquattresima tappa. Siamo pi\u00f9 o meno a met\u00e0 del cammino previsto, ma la fatica comincia a farsi sentire, e con la fatica bisogna fare i conti per tempo, in anticipo, non aspettare di ritrovarsi al lumicino. Non ho mai\u00a0pensato di [&hellip;]","og_url":"https:\/\/www.wumingfoundation.com\/giap\/2017\/02\/notav-e-terremoto\/","og_site_name":"Giap","article_published_time":"2017-02-16T10:51:29+00:00","article_modified_time":"2017-02-27T20:22:26+00:00","og_image":[{"width":868,"height":1228,"url":"https:\/\/www.wumingfoundation.com\/giap\/wp-content\/uploads\/2017\/02\/locandina_22_febbraio.jpg","type":"image\/jpeg"}],"author":"Wu Ming","twitter_card":"summary_large_image","twitter_creator":"@Wu_Ming_Foundt","twitter_site":"@Wu_Ming_Foundt","twitter_misc":{"Scritto da":"Wu Ming","Tempo di lettura stimato":"4 minuti"},"schema":{"@context":"https:\/\/schema.org","@graph":[{"@type":"Article","@id":"https:\/\/www.wumingfoundation.com\/giap\/2017\/02\/notav-e-terremoto\/#article","isPartOf":{"@id":"https:\/\/www.wumingfoundation.com\/giap\/2017\/02\/notav-e-terremoto\/"},"author":{"name":"Wu Ming","@id":"https:\/\/www.wumingfoundation.com\/giap\/#\/schema\/person\/881b1c925aaf48fe6eb5c3970be4458f"},"headline":"#NoTav e #Terremoto. Dalla Val di Susa all&#8217;Appennino centrale passando per il Brennero #WM1viaggioNoTav","datePublished":"2017-02-16T10:51:29+00:00","dateModified":"2017-02-27T20:22:26+00:00","mainEntityOfPage":{"@id":"https:\/\/www.wumingfoundation.com\/giap\/2017\/02\/notav-e-terremoto\/"},"wordCount":829,"commentCount":7,"image":{"@id":"https:\/\/www.wumingfoundation.com\/giap\/2017\/02\/notav-e-terremoto\/#primaryimage"},"thumbnailUrl":"https:\/\/www.wumingfoundation.com\/giap\/wp-content\/uploads\/2017\/02\/locandina_22_febbraio.jpg","keywords":["BBT","Grandi Opere","No Tav","Strategia dell'abbandono","terremoto","Un viaggio che non promettiamo breve"],"articleSection":["Libri","Un viaggio che non promettiamo breve"],"inLanguage":"it-IT","potentialAction":[{"@type":"CommentAction","name":"Comment","target":["https:\/\/www.wumingfoundation.com\/giap\/2017\/02\/notav-e-terremoto\/#respond"]}]},{"@type":"WebPage","@id":"https:\/\/www.wumingfoundation.com\/giap\/2017\/02\/notav-e-terremoto\/","url":"https:\/\/www.wumingfoundation.com\/giap\/2017\/02\/notav-e-terremoto\/","name":"#NoTav e #Terremoto. Dalla Val di Susa all'Appennino centrale passando per il Brennero #WM1viaggioNoTav - Giap","isPartOf":{"@id":"https:\/\/www.wumingfoundation.com\/giap\/#website"},"primaryImageOfPage":{"@id":"https:\/\/www.wumingfoundation.com\/giap\/2017\/02\/notav-e-terremoto\/#primaryimage"},"image":{"@id":"https:\/\/www.wumingfoundation.com\/giap\/2017\/02\/notav-e-terremoto\/#primaryimage"},"thumbnailUrl":"https:\/\/www.wumingfoundation.com\/giap\/wp-content\/uploads\/2017\/02\/locandina_22_febbraio.jpg","datePublished":"2017-02-16T10:51:29+00:00","dateModified":"2017-02-27T20:22:26+00:00","author":{"@id":"https:\/\/www.wumingfoundation.com\/giap\/#\/schema\/person\/881b1c925aaf48fe6eb5c3970be4458f"},"breadcrumb":{"@id":"https:\/\/www.wumingfoundation.com\/giap\/2017\/02\/notav-e-terremoto\/#breadcrumb"},"inLanguage":"it-IT","potentialAction":[{"@type":"ReadAction","target":["https:\/\/www.wumingfoundation.com\/giap\/2017\/02\/notav-e-terremoto\/"]}]},{"@type":"ImageObject","inLanguage":"it-IT","@id":"https:\/\/www.wumingfoundation.com\/giap\/2017\/02\/notav-e-terremoto\/#primaryimage","url":"https:\/\/www.wumingfoundation.com\/giap\/wp-content\/uploads\/2017\/02\/locandina_22_febbraio.jpg","contentUrl":"https:\/\/www.wumingfoundation.com\/giap\/wp-content\/uploads\/2017\/02\/locandina_22_febbraio.jpg","width":868,"height":1228,"caption":"Contro la \u00abmano nera\u00bb."},{"@type":"BreadcrumbList","@id":"https:\/\/www.wumingfoundation.com\/giap\/2017\/02\/notav-e-terremoto\/#breadcrumb","itemListElement":[{"@type":"ListItem","position":1,"name":"Home","item":"https:\/\/www.wumingfoundation.com\/giap\/"},{"@type":"ListItem","position":2,"name":"#NoTav e #Terremoto. Dalla Val di Susa all&#8217;Appennino centrale passando per il Brennero #WM1viaggioNoTav"}]},{"@type":"WebSite","@id":"https:\/\/www.wumingfoundation.com\/giap\/#website","url":"https:\/\/www.wumingfoundation.com\/giap\/","name":"Giap","description":"Il sito ufficiale di Wu Ming, collettivo di scrittori","potentialAction":[{"@type":"SearchAction","target":{"@type":"EntryPoint","urlTemplate":"https:\/\/www.wumingfoundation.com\/giap\/?s={search_term_string}"},"query-input":{"@type":"PropertyValueSpecification","valueRequired":true,"valueName":"search_term_string"}}],"inLanguage":"it-IT"},{"@type":"Person","@id":"https:\/\/www.wumingfoundation.com\/giap\/#\/schema\/person\/881b1c925aaf48fe6eb5c3970be4458f","name":"Wu Ming","image":{"@type":"ImageObject","inLanguage":"it-IT","@id":"https:\/\/secure.gravatar.com\/avatar\/1f49001124f0d5b3aeb1d387dbd89e7b48de4c5c15539460ec1c154566c1723c?s=96&d=blank&r=g","url":"https:\/\/secure.gravatar.com\/avatar\/1f49001124f0d5b3aeb1d387dbd89e7b48de4c5c15539460ec1c154566c1723c?s=96&d=blank&r=g","contentUrl":"https:\/\/secure.gravatar.com\/avatar\/1f49001124f0d5b3aeb1d387dbd89e7b48de4c5c15539460ec1c154566c1723c?s=96&d=blank&r=g","caption":"Wu Ming"}}]}},"_links":{"self":[{"href":"https:\/\/www.wumingfoundation.com\/giap\/wp-json\/wp\/v2\/posts\/27858","targetHints":{"allow":["GET"]}}],"collection":[{"href":"https:\/\/www.wumingfoundation.com\/giap\/wp-json\/wp\/v2\/posts"}],"about":[{"href":"https:\/\/www.wumingfoundation.com\/giap\/wp-json\/wp\/v2\/types\/post"}],"author":[{"embeddable":true,"href":"https:\/\/www.wumingfoundation.com\/giap\/wp-json\/wp\/v2\/users\/1"}],"replies":[{"embeddable":true,"href":"https:\/\/www.wumingfoundation.com\/giap\/wp-json\/wp\/v2\/comments?post=27858"}],"version-history":[{"count":0,"href":"https:\/\/www.wumingfoundation.com\/giap\/wp-json\/wp\/v2\/posts\/27858\/revisions"}],"wp:featuredmedia":[{"embeddable":true,"href":"https:\/\/www.wumingfoundation.com\/giap\/wp-json\/wp\/v2\/media\/27869"}],"wp:attachment":[{"href":"https:\/\/www.wumingfoundation.com\/giap\/wp-json\/wp\/v2\/media?parent=27858"}],"wp:term":[{"taxonomy":"category","embeddable":true,"href":"https:\/\/www.wumingfoundation.com\/giap\/wp-json\/wp\/v2\/categories?post=27858"},{"taxonomy":"post_tag","embeddable":true,"href":"https:\/\/www.wumingfoundation.com\/giap\/wp-json\/wp\/v2\/tags?post=27858"}],"curies":[{"name":"wp","href":"https:\/\/api.w.org\/{rel}","templated":true}]}}