{"id":27628,"date":"2017-01-26T08:45:46","date_gmt":"2017-01-26T07:45:46","guid":{"rendered":"http:\/\/www.wumingfoundation.com\/giap\/?p=27628"},"modified":"2017-01-26T09:18:33","modified_gmt":"2017-01-26T08:18:33","slug":"terremoto-un-viaggio-che-non-promettiamo-breve","status":"publish","type":"post","link":"https:\/\/www.wumingfoundation.com\/giap\/2017\/01\/terremoto-un-viaggio-che-non-promettiamo-breve\/","title":{"rendered":"#Terremoto, un viaggio che non promettiamo breve. Rapporto dalle Marche a cinque mesi dalla prima scossa"},"content":{"rendered":"<div id=\"attachment_27630\" style=\"width: 660px\" class=\"wp-caption aligncenter\"><a href=\"http:\/\/www.wumingfoundation.com\/giap\/wp-content\/uploads\/2017\/01\/fotoneve.jpg\"><img loading=\"lazy\" decoding=\"async\" aria-describedby=\"caption-attachment-27630\" class=\"wp-image-27630\" src=\"http:\/\/www.wumingfoundation.com\/giap\/wp-content\/uploads\/2017\/01\/fotoneve.jpg\" width=\"650\" height=\"433\" \/><\/a><p id=\"caption-attachment-27630\" class=\"wp-caption-text\">Campagna di San Ginesio (MC). Foto di <a href=\"https:\/\/www.flickr.com\/photos\/gigiomc\/sets\/72157672989554893\"><strong>Michele Massetani<\/strong><\/a>.<\/p><\/div>\n<p>di <strong>In Punta di Sella<\/strong><\/p>\n<blockquote><p>\u00abSe mettevi in guardia <i>prima<\/i>, eri parte della solita \u201cItalia del no\u201d.<br \/>\nSe protestavi <i>durante<\/i>, quando i lavori causavano gi\u00e0 problemi e danni, forse avevi ragione ma ormai non si potevano lasciare le cose a met\u00e0.<br \/>\nSe denunciavi <i>dopo<\/i>, eri uno che non sapeva lasciarsi il passato alle spalle.\u00bb<br \/>\nWu Ming 1, <em>Un viaggio che non promettiamo breve<\/em><\/p><\/blockquote>\n<p>Dove eravamo rimasti? Ah s\u00ec, circa due mesi fa eravamo rimasti che <a href=\"http:\/\/www.wumingfoundation.com\/giap\/2016\/11\/nessun-post-terremoto\">non ci sarebbe stato nessun post terremoto<\/a>. Questa previsione si \u00e8 rivelata esatta, non solo perch\u00e9 il terremoto non ha mai smesso di romperci i coglioni (consentitemelo, sono 5 mesi, quarantottomila scosse, non potrei dirlo diversamente), ma perch\u00e9 tutte quelle \u00aboperazioni\u00bb che solitamente ci si aspetta di vedere a seguito di eventi cataclismatici non si sono assolutamente viste.<\/p>\n<p>D\u2019altra parte, stiamo vivendo un momento storico cruciale per il territorio della <em>terra di mezzo<\/em>. Le faglie accumulano energia per anni, decenni, e poi la liberano in pochissimi secondi. Nel cratere e nelle zone limitrofe interessate dalle scosse di questi cinque mesi la storia ha imitato questo meccanismo.<\/p>\n<p>Le aree interne di Marche, Lazio, Umbria e Abruzzo sono zone lontane dalle cronache, in cui apparentemente non succede mai niente. L\u2019immaginario pubblico non le posiziona neanche troppo bene geograficamente: ancora solo qualche giorno fa per un noto TG nazionale Teramo era\u00a0una \u00abprovincia marchigiana\u00bb. Ma da\u00a0cinque\u00a0mesi a questa parte in questo territorio misconosciuto ai pi\u00f9 si stanno concentrando tutte le contraddizioni, l\u2019inefficienza, i limiti, i conflitti, la voracit\u00e0, l\u2019intolleranza del nostro sistema politico economico. Da questo punto di vista ci\u00f2 che sembra uno stato di eccezione \u00e8 in realt\u00e0 il disvelamento della norma: l&#8217;emergenza porta a galla, mette a nudo il processo di anni di svendita ai privati, smantellamento del welfare, rincorsa del capitale alle grandi opere, distruzione delle identit\u00e0 locali. La (non)gestione del dopo sisma prefigura quelli che sempre di pi\u00f9 saranno i problemi che le popolazioni si troveranno ad affrontare ogni giorno.<!--more--><\/p>\n<p>Pi\u00f9 volte \u00e8 stato segnalato come il vero problema sia il modello di sviluppo capitalistico, pi\u00f9 volte \u00e8 stato sottolineato come\u00a0sia paradossale e assurdo continuare ad investire sulle grandi opere quando si \u00e8 di fronte ad un territorio che andrebbe totalmente ripensato e rimesso in sicurezza.<br \/>\nDa qualche mese c\u2019\u00e8 uno strumento in pi\u00f9 che pu\u00f2 aiutarci ad interpretare quello che sta succedendo, uno strumento che a livello temporale ha intrecciato la sua nascita con il territorio del cratere.<br \/>\n\u00c8\u00a0un libro scritto in parte anche in provincia di Macerata, per l\u2019esattezza a Colmurano, e uscito il 31 ottobre 2016, il giorno dopo\u00a0la scossa pi\u00f9 forte della sequenza sismica.<\/p>\n<p>Il libro \u00e8 <i>Un viaggio che non promettiamo breve<\/i> di Wu Ming 1. Parla di un territorio che ha vissuto e vive da anni &#8211; da almeno 25 anni &#8211; contraddizioni per certi versi simili a quelle del cratere. Quel territorio \u00e8 la Val di Susa e quei 25 anni sono gli anni della lotta contro l\u2019Alta Velocit\u00e0: la lotta No Tav. L\u00ec lo stato con le sue propaggini ha dato il suo soffio vitale ad un\u2019Entit\u00e0 contro la quale sta lottando un intero territorio, un territorio che travalica i confini della Valle.<\/p>\n<p>Nel suo libro Wu Ming 1 ripercorre la storia e l\u2019humus che hanno portato quella della Val Susa ad essere la lotta pi\u00f9 longeva d\u2019Italia. Scorrendo l\u2019imponente e minuziosa opera di ricostruzione ci si accorge anche del molteplice apparato repressivo che lo stato, nelle sue svariate forme, ha creato a difesa della sua entit\u00e0.<br \/>\nNel territorio del cratere siamo solo all\u2019inizio, ma alle prime avvisaglie di contestazione chi comanda <a href=\"http:\/\/www.adnkronos.com\/fatti\/cronaca\/2017\/01\/19\/curcio-chi-accusa-protezione-civile-attacca-sistema-paese_sOAwiKhwwrFDxI5AaPlpvO.html\">ha gi\u00e0 messo le carte in tavola<\/a>:<\/p>\n<blockquote><p>\u00abChi avanza inutili critiche non ha forse capito che\u00a0sta attaccando il Sistema Paese.\u00bb<\/p><\/blockquote>\n<p>Cos\u00ec si \u00e8 espresso il 19 gennaio il Capo del dipartimento della Protezione civile, <strong>Fabrizio Curcio<\/strong>, a seguito delle dichiarazioni di chi da Amatrice a Camerino, da Tolentino a Teramo, si \u00e8 permesso di dire che <em>forse<\/em> qualcosa non va.<\/p>\n<p>Ma <em>cosa<\/em> non va? Perch\u00e9 sono nate decine di blog, pagine Facebook, associazioni, reti che fanno informazione ed intervengono criticamente su quanto sta accadendo? Perch\u00e9 sindaci e associazioni di categoria si scontrano quotidianamente a mezzo stampa contro \u00abil mancato intervento\u00bb?<\/p>\n<p>La prima cosa sulla quale occorre fare chiarezza \u00e8 che, nonostante\u00a0i mezzi di informazione se ne siano dimenticati per mesi, la situazione all\u2019interno del cratere non ha mai smesso di essere critica. Lungaggini burocratiche, ordinanze, inefficienza e un generale stato di caos informativo hanno sfibrato un tessuto sociale ed economico gi\u00e0 devastato dagli eventi tellurici. Tanto da portare qualcuno a parlare di una vera e propria \u00abstrategia dell\u2019abbandono\u00bb.<\/p>\n<p>La cronica mancanza di casette e alloggi che consentano alle popolazioni colpite di rimanere nelle aree in cui si lavora o si vive \u00e8 stata apostrofata dall\u2019Assessore regionale alla Protezione Civile delle Marche, Sciapichetti, come <a href=\"https:\/\/www.rivieraoggi.it\/2016\/12\/22\/232562\/video-casette-di-legno-sciapichetti-non-devastiamo-il-territorio-e-non-creiamo-terremotati-di-serie-b\">\u00abpolemica forse inutile\u00bb<\/a>. Lo stesso Sciapichetti a seguito del crollo di numerose stalle &#8211; con la conseguente morte di molti animali &#8211; causato dalla neve ha dichiarato: \u00ab\u00e8 necessario ammettere con onest\u00e0 che \u00e8 mancata una comunicazione chiara e comprensibile, soprattutto per gli addetti ai lavori e un coordinamento efficace per produrre un tempestivo intervento\u00bb. La Coldiretti in questi giorni rileva che nelle Marche sono state realizzate solo 2 delle 370 stalle necessarie agli allevatori. Si potrebbe continuare all\u2019infinito con i ritardi nei controlli agli edifici e nel pagamento dei contributi per l\u2019autonoma sistemazione o con le ordinanze in contraddizione tra di loro. La neve, \u00e8 inutile dirlo, ha solo aggravato questa situazione.<\/p>\n<div id=\"attachment_27632\" style=\"width: 660px\" class=\"wp-caption aligncenter\"><a href=\"http:\/\/www.wumingfoundation.com\/giap\/wp-content\/uploads\/2017\/01\/foto4.jpg\"><img loading=\"lazy\" decoding=\"async\" aria-describedby=\"caption-attachment-27632\" class=\"wp-image-27632\" src=\"http:\/\/www.wumingfoundation.com\/giap\/wp-content\/uploads\/2017\/01\/foto4.jpg\" width=\"650\" height=\"433\" \/><\/a><p id=\"caption-attachment-27632\" class=\"wp-caption-text\">Piazza di San Ginesio (MC). Foto di Michele Massetani<\/p><\/div>\n<p>L\u2019emergenza neve merita forse un piccolo capitolo a parte, perch\u00e9\u00a0tutti i limiti dell\u2019intervento governativo sono venuti ancora pi\u00f9 a galla, anche nella percezione della popolazione. Se il terremoto, anche solo a livello inconscio, giustifica in parte i ritardi perch\u00e9 imprevedibile ed imponderabile, la neve no. La neve in Appennino non \u00e8 prevedibile ma banalmente scontata, tanto pi\u00f9 che interventi venivano richiesti gi\u00e0 dal primo giorno e, vista la scarsa presenza di uomini e mezzi, ci sarebbero stati problemi anche con nevicate meno abbondanti.<\/p>\n<div align=\"center\">\n<blockquote class=\"twitter-tweet\" data-lang=\"it\">\n<p dir=\"ltr\" lang=\"it\">Nevica copiosamente su tutta l&#8217;area del sisma 2016 e le previsioni non promettono bene. Bisogna intervenire in fretta. <a href=\"https:\/\/twitter.com\/hashtag\/Terremoto?src=hash\">#Terremoto<\/a> <a href=\"https:\/\/t.co\/D8bKAMlRQR\">pic.twitter.com\/D8bKAMlRQR<\/a><\/p>\n<p>\u2014 Terre in Moto Marche (@terreinmotomarc) <a href=\"https:\/\/twitter.com\/terreinmotomarc\/status\/820977728128163840\">16 gennaio 2017<\/a><\/p><\/blockquote>\n<p><script async src=\"\/\/platform.twitter.com\/widgets.js\" charset=\"utf-8\"><\/script><\/p>\n<\/div>\n<p>L\u2019impreparazione della gestione dei soccorsi, decine e decine di migliaia di persone senza corrente elettrica per giorni e giorni, <a href=\"http:\/\/www.fpcgil.it\/flex\/cm\/pages\/ServeBLOB.php\/L\/IT\/IDPagina\/35397\">la carenza di attrezzature<\/a> non possono essere giustificabili con la frase \u00abha nevicato tanto\u00bb. Come se quel territorio non avesse gi\u00e0 i suoi problemi e non andasse sostenuto a prescindere.<\/p>\n<p>Tutte queste osservazioni sono durate pochissime ore nei mezzi di informazione, che ancora una volta erano a caccia del semplice caso di cronaca, qualcosa ad uso e consumo dell\u2019osservatore disattento. In questo senso la terribile tragedia dell\u2019hotel Rigopiano \u00e8 stata presa e sfruttata a dovere, una nuova Vermicino che per i media cancella i morti che nel frattempo si registrano nel resto dell\u2019Abruzzo e tutti gli altri immani problemi devastanti delle zone colpite.<\/p>\n<p style=\"text-align: center;\"><a href=\"http:\/\/www.wumingfoundation.com\/giap\/wp-content\/uploads\/2017\/01\/foto2.jpg\"><img loading=\"lazy\" decoding=\"async\" class=\"aligncenter size-full wp-image-27633\" src=\"http:\/\/www.wumingfoundation.com\/giap\/wp-content\/uploads\/2017\/01\/foto2.jpg\" alt=\"\" width=\"495\" height=\"502\" \/><\/a><\/p>\n<p>Cos\u00ec mentre i mezzi di informazione sottolineano, come se fosse uno scoop, che il ragazzo Senegalese morto nell\u2019hotel \u00e8 incensurato, Salvini si presenta in televisione con i doposci mentre si cercano i sopravvissuti scavando giorno e notte.<\/p>\n<p>Mentre l\u2019italica informazione \u00e8 impegnata a \u00abdifendere i nostri valori\u00bb \u00e8 ancora una volta dal basso che arrivano le notizie importanti, \u00e8 infatti proprio il forum abruzzese dei movimenti per l\u2019acqua a \u00abscoprire\u00bb che l\u2019hotel <a href=\"http:\/\/www.abr24.it\/forum-h2o-lhotel-rigopiano-non-doveva-essere-li-e-stato-costruito-sui-resti-di-altre-valanghe\">\u00e8 stato costruito sui resti di altre valanghe<\/a> e che l\u00ec non sarebbe dovuto esserci.<\/p>\n<p>Sempre in merito al racconto di quanto sta accadendo,<i> Un viaggio che non promettiamo breve<\/i> ci \u00e8 utile per capire come i mezzi di informazione mainstream vengono spesso usati per etichettare chi protesta e pi\u00f9 in generale chi non si adegua ai voleri calati dall\u2019alto. Se in Val di Susa infatti si diventa in men che non si dica \u00abblecche blocche\u00bb, gli abitanti dell\u2019Appennino che per ragioni personali o lavorative vogliono rimanere nel loro territorio rifiutando di essere deportati lungo la costa diventano \u00abgli irriducibili\u00bb. Quasi dei pazzi, dei <em>blecche blocche<\/em> montanari appunto, che per ragioni inspiegabili vogliono rimanere sotto la neve e sopra la terra che trema. Si tralascia il fatto che non tutti, mancando un welfare adeguato, hanno la possibilit\u00e0 di spostarsi abbandonando tutto e che il pi\u00f9 delle volte si tratta di persone che da decenni preservano(gratis)\u00a0un territorio montano completamente abbandonato a s\u00e9 stesso dalle istituzioni.<\/p>\n<p>Mentre questo pezzo viene scritto, 500 terremotati manifestano a Roma per protestare contro ritardi e abbandono e per una burocrazia meno soffocante, anche loro pressoch\u00e9 ignorati nelle home page dei principali giornali on line e relegati a servizi di contorno dei vari tg.<\/p>\n<div id=\"attachment_27634\" style=\"width: 660px\" class=\"wp-caption aligncenter\"><a href=\"http:\/\/www.wumingfoundation.com\/giap\/wp-content\/uploads\/2017\/01\/foto3.jpg\"><img loading=\"lazy\" decoding=\"async\" aria-describedby=\"caption-attachment-27634\" class=\"wp-image-27634\" src=\"http:\/\/www.wumingfoundation.com\/giap\/wp-content\/uploads\/2017\/01\/foto3.jpg\" alt=\"Contro la strategia dell'abbandono\" width=\"650\" height=\"488\" \/><\/a><p id=\"caption-attachment-27634\" class=\"wp-caption-text\">Roma, 25 gennaio 2017, foto di @matteoparlato.<\/p><\/div>\n<p>A fronte di tutto questo qual \u00e8 la risposta del governo? Il primo ministro Gentiloni, che ha ereditato in perfetta continuit\u00e0 il \u00abnon vi lasceremo soli\u00bb di renziana memoria, dichiara di voler dare pi\u00f9 potere al commissario straordinario <strong>Vasco Errani<\/strong> e al capo dipartimento della protezione civile Curcio. Ancora una volta ci si rivolge a chi ha gi\u00e0 dimostrato di avere limiti gestionali, ancora una volta l\u2019Italia indica l\u2019uomo forte. Dimenticando il fatto che, anche recentemente, questo non ha portato a niente di buono e se c\u2019\u00e8 qualcosa che ha tenuto in vita il territorio in attesa dei tardivi soccorsi \u00e8 stata la straordinaria risposta collettiva di associazioni, cittadini e realt\u00e0 autogestite di varia natura.<\/p>\n<blockquote><p>\u00abQuel che [la Val di Susa]\u00a0aveva era un patrimonio di storia e storie riattivate dalla lotta, un rapporto tra presente e passato che poteva servire da ispirazione, ma solo se ciascuna realt\u00e0 avesse riscoperto il <i>proprio<\/i> passato, fatto riemergere le contraddizioni sepolte che continuavano a smuovere il terreno sotto i piedi, fatto leva sulle peculiarit\u00e0 storiche, geografiche e sociali del <i>proprio<\/i> ambiente.\u00bb<\/p><\/blockquote>\n<p>La storia delle nostre montagne, la nostra storia, \u00e8 fatta di sibille, briganti, eretici e <a href=\"http:\/\/www.alpinismomolotov.org\/wordpress\/2016\/05\/16\/appennino-molotov-resistente-e-meticcio\/\">partigiani<\/a>.<\/p>\n<p>Quella storia andr\u00e0 narrata nuovamente e fatta rivivere nel presente.\u00a0Sar\u00e0 un viaggio che non promettiamo breve.<\/p>\n<div id=\"attachment_27651\" style=\"width: 660px\" class=\"wp-caption aligncenter\"><a href=\"http:\/\/www.alpinismomolotov.org\/wordpress\/2016\/05\/16\/appennino-molotov-resistente-e-meticcio\/\"><img loading=\"lazy\" decoding=\"async\" aria-describedby=\"caption-attachment-27651\" class=\"wp-image-27651\" src=\"http:\/\/www.wumingfoundation.com\/giap\/wp-content\/uploads\/2017\/01\/grupporoti.jpg\" width=\"650\" height=\"365\" \/><\/a><p id=\"caption-attachment-27651\" class=\"wp-caption-text\">Appennino resistente e meticcio: il gruppo Roti.<\/p><\/div>\n<p>A febbraio Wu Ming 1 sar\u00e0 nelle Marche per un breve tour di presentazioni: <a href=\"http:\/\/www.wumingfoundation.com\/giap\/event\/macerata-03022016-presentazione-di-un-viaggio-che-non-promettiamo-breve\/\">venerdi 3 a Macerata<\/a> al CSA Sisma e <a href=\"http:\/\/www.wumingfoundation.com\/giap\/event\/fano-04022017-presentazione-di-un-viaggio-che-non-promettiamo-breve\/\">Sabato 4 a Fano<\/a>, allo Spazio Autogestito Grizzly. Con attivisti No Tav e della rete marchigiana <a href=\"https:\/\/www.facebook.com\/terreinmotomarche\/\">Terre in Moto<\/a> si parler\u00e0 della Val di Susa e delle valli marchigiane.<\/p>\n<p>Daje!<\/p>\n<p><strong>LETTURE CONSIGLIATE<\/strong><\/p>\n<p><a href=\"http:\/\/loredanalipperini.blog.kataweb.it\/lipperatura\/tag\/terremoto\/\">Storie dai borghi &#8211; su Lipperatura<\/a><\/p>\n","protected":false},"excerpt":{"rendered":"di In Punta di Sella \u00abSe mettevi in guardia prima, eri parte della solita \u201cItalia del no\u201d. Se protestavi durante, quando i lavori causavano gi\u00e0 problemi e danni, forse avevi ragione ma ormai non si potevano lasciare le cose a met\u00e0. Se denunciavi dopo, eri uno che non sapeva lasciarsi il passato alle spalle.\u00bb Wu [&hellip;]","protected":false},"author":1,"featured_media":27630,"comment_status":"open","ping_status":"open","sticky":false,"template":"","format":"standard","meta":{"footnotes":""},"categories":[1943],"tags":[2957,2184,2955,2341,2895,959,124,2956,122,2958],"class_list":["post-27628","post","type-post","status-publish","format-standard","has-post-thumbnail","hentry","category-inchieste","tag-fabrizio-curcio","tag-grandi-opere","tag-in-punta-di-sella","tag-marche","tag-michele-massetani","tag-no-tav","tag-protezione-civile","tag-strategia-dellabbandono","tag-terremoto","tag-vasco-errani"],"yoast_head":"<!-- This site is optimized with the Yoast SEO plugin v27.4 - https:\/\/yoast.com\/product\/yoast-seo-wordpress\/ -->\n<title>Terremoto: un viaggio che non promettiamo breve<\/title>\n<meta name=\"description\" content=\"\u00abChi avanza inutili critiche non ha forse capito che sta attaccando il Sistema Paese.\u00bb Dalle Marche, tra strategia dell&#039;abbandono e resistenze popolari.\" \/>\n<meta name=\"robots\" content=\"index, follow, max-snippet:-1, max-image-preview:large, max-video-preview:-1\" \/>\n<link rel=\"canonical\" href=\"https:\/\/www.wumingfoundation.com\/giap\/2017\/01\/terremoto-un-viaggio-che-non-promettiamo-breve\/\" \/>\n<meta property=\"og:locale\" content=\"it_IT\" \/>\n<meta property=\"og:type\" content=\"article\" \/>\n<meta property=\"og:title\" content=\"Terremoto: un viaggio che non promettiamo breve\" \/>\n<meta property=\"og:description\" content=\"\u00abChi avanza inutili critiche non ha forse capito che sta attaccando il Sistema Paese.\u00bb Dalle Marche, tra strategia dell&#039;abbandono e resistenze popolari.\" \/>\n<meta property=\"og:url\" content=\"https:\/\/www.wumingfoundation.com\/giap\/2017\/01\/terremoto-un-viaggio-che-non-promettiamo-breve\/\" \/>\n<meta property=\"og:site_name\" content=\"Giap\" \/>\n<meta property=\"article:published_time\" content=\"2017-01-26T07:45:46+00:00\" \/>\n<meta property=\"article:modified_time\" content=\"2017-01-26T08:18:33+00:00\" \/>\n<meta property=\"og:image\" content=\"https:\/\/www.wumingfoundation.com\/giap\/wp-content\/uploads\/2017\/01\/fotoneve.jpg\" \/>\n\t<meta property=\"og:image:width\" content=\"2246\" \/>\n\t<meta property=\"og:image:height\" content=\"1497\" \/>\n\t<meta property=\"og:image:type\" content=\"image\/jpeg\" \/>\n<meta name=\"author\" content=\"Wu Ming\" \/>\n<meta name=\"twitter:card\" content=\"summary_large_image\" \/>\n<meta name=\"twitter:creator\" content=\"@Wu_Ming_Foundt\" \/>\n<meta name=\"twitter:site\" content=\"@Wu_Ming_Foundt\" \/>\n<meta name=\"twitter:label1\" content=\"Scritto da\" \/>\n\t<meta name=\"twitter:data1\" content=\"Wu Ming\" \/>\n\t<meta name=\"twitter:label2\" content=\"Tempo di lettura stimato\" \/>\n\t<meta name=\"twitter:data2\" content=\"9 minuti\" \/>\n<script type=\"application\/ld+json\" class=\"yoast-schema-graph\">{\"@context\":\"https:\\\/\\\/schema.org\",\"@graph\":[{\"@type\":\"Article\",\"@id\":\"https:\\\/\\\/www.wumingfoundation.com\\\/giap\\\/2017\\\/01\\\/terremoto-un-viaggio-che-non-promettiamo-breve\\\/#article\",\"isPartOf\":{\"@id\":\"https:\\\/\\\/www.wumingfoundation.com\\\/giap\\\/2017\\\/01\\\/terremoto-un-viaggio-che-non-promettiamo-breve\\\/\"},\"author\":{\"name\":\"Wu Ming\",\"@id\":\"https:\\\/\\\/www.wumingfoundation.com\\\/giap\\\/#\\\/schema\\\/person\\\/881b1c925aaf48fe6eb5c3970be4458f\"},\"headline\":\"#Terremoto, un viaggio che non promettiamo breve. Rapporto dalle Marche a cinque mesi dalla prima scossa\",\"datePublished\":\"2017-01-26T07:45:46+00:00\",\"dateModified\":\"2017-01-26T08:18:33+00:00\",\"mainEntityOfPage\":{\"@id\":\"https:\\\/\\\/www.wumingfoundation.com\\\/giap\\\/2017\\\/01\\\/terremoto-un-viaggio-che-non-promettiamo-breve\\\/\"},\"wordCount\":1772,\"commentCount\":7,\"image\":{\"@id\":\"https:\\\/\\\/www.wumingfoundation.com\\\/giap\\\/2017\\\/01\\\/terremoto-un-viaggio-che-non-promettiamo-breve\\\/#primaryimage\"},\"thumbnailUrl\":\"https:\\\/\\\/www.wumingfoundation.com\\\/giap\\\/wp-content\\\/uploads\\\/2017\\\/01\\\/fotoneve.jpg\",\"keywords\":[\"Fabrizio Curcio\",\"Grandi Opere\",\"In punta di sella\",\"Marche\",\"Michele Massetani\",\"No Tav\",\"protezione civile\",\"Strategia dell'abbandono\",\"terremoto\",\"Vasco Errani\"],\"articleSection\":[\"Inchieste\"],\"inLanguage\":\"it-IT\",\"potentialAction\":[{\"@type\":\"CommentAction\",\"name\":\"Comment\",\"target\":[\"https:\\\/\\\/www.wumingfoundation.com\\\/giap\\\/2017\\\/01\\\/terremoto-un-viaggio-che-non-promettiamo-breve\\\/#respond\"]}]},{\"@type\":\"WebPage\",\"@id\":\"https:\\\/\\\/www.wumingfoundation.com\\\/giap\\\/2017\\\/01\\\/terremoto-un-viaggio-che-non-promettiamo-breve\\\/\",\"url\":\"https:\\\/\\\/www.wumingfoundation.com\\\/giap\\\/2017\\\/01\\\/terremoto-un-viaggio-che-non-promettiamo-breve\\\/\",\"name\":\"Terremoto: un viaggio che non promettiamo breve\",\"isPartOf\":{\"@id\":\"https:\\\/\\\/www.wumingfoundation.com\\\/giap\\\/#website\"},\"primaryImageOfPage\":{\"@id\":\"https:\\\/\\\/www.wumingfoundation.com\\\/giap\\\/2017\\\/01\\\/terremoto-un-viaggio-che-non-promettiamo-breve\\\/#primaryimage\"},\"image\":{\"@id\":\"https:\\\/\\\/www.wumingfoundation.com\\\/giap\\\/2017\\\/01\\\/terremoto-un-viaggio-che-non-promettiamo-breve\\\/#primaryimage\"},\"thumbnailUrl\":\"https:\\\/\\\/www.wumingfoundation.com\\\/giap\\\/wp-content\\\/uploads\\\/2017\\\/01\\\/fotoneve.jpg\",\"datePublished\":\"2017-01-26T07:45:46+00:00\",\"dateModified\":\"2017-01-26T08:18:33+00:00\",\"author\":{\"@id\":\"https:\\\/\\\/www.wumingfoundation.com\\\/giap\\\/#\\\/schema\\\/person\\\/881b1c925aaf48fe6eb5c3970be4458f\"},\"description\":\"\u00abChi avanza inutili critiche non ha forse capito che sta attaccando il Sistema Paese.\u00bb Dalle Marche, tra strategia dell'abbandono e resistenze popolari.\",\"breadcrumb\":{\"@id\":\"https:\\\/\\\/www.wumingfoundation.com\\\/giap\\\/2017\\\/01\\\/terremoto-un-viaggio-che-non-promettiamo-breve\\\/#breadcrumb\"},\"inLanguage\":\"it-IT\",\"potentialAction\":[{\"@type\":\"ReadAction\",\"target\":[\"https:\\\/\\\/www.wumingfoundation.com\\\/giap\\\/2017\\\/01\\\/terremoto-un-viaggio-che-non-promettiamo-breve\\\/\"]}]},{\"@type\":\"ImageObject\",\"inLanguage\":\"it-IT\",\"@id\":\"https:\\\/\\\/www.wumingfoundation.com\\\/giap\\\/2017\\\/01\\\/terremoto-un-viaggio-che-non-promettiamo-breve\\\/#primaryimage\",\"url\":\"https:\\\/\\\/www.wumingfoundation.com\\\/giap\\\/wp-content\\\/uploads\\\/2017\\\/01\\\/fotoneve.jpg\",\"contentUrl\":\"https:\\\/\\\/www.wumingfoundation.com\\\/giap\\\/wp-content\\\/uploads\\\/2017\\\/01\\\/fotoneve.jpg\",\"width\":2246,\"height\":1497,\"caption\":\"Campagna di San Ginesio (MC). Foto di Michele Massetani.\"},{\"@type\":\"BreadcrumbList\",\"@id\":\"https:\\\/\\\/www.wumingfoundation.com\\\/giap\\\/2017\\\/01\\\/terremoto-un-viaggio-che-non-promettiamo-breve\\\/#breadcrumb\",\"itemListElement\":[{\"@type\":\"ListItem\",\"position\":1,\"name\":\"Home\",\"item\":\"https:\\\/\\\/www.wumingfoundation.com\\\/giap\\\/\"},{\"@type\":\"ListItem\",\"position\":2,\"name\":\"#Terremoto, un viaggio che non promettiamo breve. Rapporto dalle Marche a cinque mesi dalla prima scossa\"}]},{\"@type\":\"WebSite\",\"@id\":\"https:\\\/\\\/www.wumingfoundation.com\\\/giap\\\/#website\",\"url\":\"https:\\\/\\\/www.wumingfoundation.com\\\/giap\\\/\",\"name\":\"Giap\",\"description\":\"Il sito ufficiale di Wu Ming, collettivo di scrittori\",\"potentialAction\":[{\"@type\":\"SearchAction\",\"target\":{\"@type\":\"EntryPoint\",\"urlTemplate\":\"https:\\\/\\\/www.wumingfoundation.com\\\/giap\\\/?s={search_term_string}\"},\"query-input\":{\"@type\":\"PropertyValueSpecification\",\"valueRequired\":true,\"valueName\":\"search_term_string\"}}],\"inLanguage\":\"it-IT\"},{\"@type\":\"Person\",\"@id\":\"https:\\\/\\\/www.wumingfoundation.com\\\/giap\\\/#\\\/schema\\\/person\\\/881b1c925aaf48fe6eb5c3970be4458f\",\"name\":\"Wu Ming\",\"image\":{\"@type\":\"ImageObject\",\"inLanguage\":\"it-IT\",\"@id\":\"https:\\\/\\\/secure.gravatar.com\\\/avatar\\\/1f49001124f0d5b3aeb1d387dbd89e7b48de4c5c15539460ec1c154566c1723c?s=96&d=blank&r=g\",\"url\":\"https:\\\/\\\/secure.gravatar.com\\\/avatar\\\/1f49001124f0d5b3aeb1d387dbd89e7b48de4c5c15539460ec1c154566c1723c?s=96&d=blank&r=g\",\"contentUrl\":\"https:\\\/\\\/secure.gravatar.com\\\/avatar\\\/1f49001124f0d5b3aeb1d387dbd89e7b48de4c5c15539460ec1c154566c1723c?s=96&d=blank&r=g\",\"caption\":\"Wu Ming\"}}]}<\/script>\n<!-- \/ Yoast SEO plugin. -->","yoast_head_json":{"title":"Terremoto: un viaggio che non promettiamo breve","description":"\u00abChi avanza inutili critiche non ha forse capito che sta attaccando il Sistema Paese.\u00bb Dalle Marche, tra strategia dell'abbandono e resistenze popolari.","robots":{"index":"index","follow":"follow","max-snippet":"max-snippet:-1","max-image-preview":"max-image-preview:large","max-video-preview":"max-video-preview:-1"},"canonical":"https:\/\/www.wumingfoundation.com\/giap\/2017\/01\/terremoto-un-viaggio-che-non-promettiamo-breve\/","og_locale":"it_IT","og_type":"article","og_title":"Terremoto: un viaggio che non promettiamo breve","og_description":"\u00abChi avanza inutili critiche non ha forse capito che sta attaccando il Sistema Paese.\u00bb Dalle Marche, tra strategia dell'abbandono e resistenze popolari.","og_url":"https:\/\/www.wumingfoundation.com\/giap\/2017\/01\/terremoto-un-viaggio-che-non-promettiamo-breve\/","og_site_name":"Giap","article_published_time":"2017-01-26T07:45:46+00:00","article_modified_time":"2017-01-26T08:18:33+00:00","og_image":[{"width":2246,"height":1497,"url":"https:\/\/www.wumingfoundation.com\/giap\/wp-content\/uploads\/2017\/01\/fotoneve.jpg","type":"image\/jpeg"}],"author":"Wu Ming","twitter_card":"summary_large_image","twitter_creator":"@Wu_Ming_Foundt","twitter_site":"@Wu_Ming_Foundt","twitter_misc":{"Scritto da":"Wu Ming","Tempo di lettura stimato":"9 minuti"},"schema":{"@context":"https:\/\/schema.org","@graph":[{"@type":"Article","@id":"https:\/\/www.wumingfoundation.com\/giap\/2017\/01\/terremoto-un-viaggio-che-non-promettiamo-breve\/#article","isPartOf":{"@id":"https:\/\/www.wumingfoundation.com\/giap\/2017\/01\/terremoto-un-viaggio-che-non-promettiamo-breve\/"},"author":{"name":"Wu Ming","@id":"https:\/\/www.wumingfoundation.com\/giap\/#\/schema\/person\/881b1c925aaf48fe6eb5c3970be4458f"},"headline":"#Terremoto, un viaggio che non promettiamo breve. Rapporto dalle Marche a cinque mesi dalla prima scossa","datePublished":"2017-01-26T07:45:46+00:00","dateModified":"2017-01-26T08:18:33+00:00","mainEntityOfPage":{"@id":"https:\/\/www.wumingfoundation.com\/giap\/2017\/01\/terremoto-un-viaggio-che-non-promettiamo-breve\/"},"wordCount":1772,"commentCount":7,"image":{"@id":"https:\/\/www.wumingfoundation.com\/giap\/2017\/01\/terremoto-un-viaggio-che-non-promettiamo-breve\/#primaryimage"},"thumbnailUrl":"https:\/\/www.wumingfoundation.com\/giap\/wp-content\/uploads\/2017\/01\/fotoneve.jpg","keywords":["Fabrizio Curcio","Grandi Opere","In punta di sella","Marche","Michele Massetani","No Tav","protezione civile","Strategia dell'abbandono","terremoto","Vasco Errani"],"articleSection":["Inchieste"],"inLanguage":"it-IT","potentialAction":[{"@type":"CommentAction","name":"Comment","target":["https:\/\/www.wumingfoundation.com\/giap\/2017\/01\/terremoto-un-viaggio-che-non-promettiamo-breve\/#respond"]}]},{"@type":"WebPage","@id":"https:\/\/www.wumingfoundation.com\/giap\/2017\/01\/terremoto-un-viaggio-che-non-promettiamo-breve\/","url":"https:\/\/www.wumingfoundation.com\/giap\/2017\/01\/terremoto-un-viaggio-che-non-promettiamo-breve\/","name":"Terremoto: un viaggio che non promettiamo breve","isPartOf":{"@id":"https:\/\/www.wumingfoundation.com\/giap\/#website"},"primaryImageOfPage":{"@id":"https:\/\/www.wumingfoundation.com\/giap\/2017\/01\/terremoto-un-viaggio-che-non-promettiamo-breve\/#primaryimage"},"image":{"@id":"https:\/\/www.wumingfoundation.com\/giap\/2017\/01\/terremoto-un-viaggio-che-non-promettiamo-breve\/#primaryimage"},"thumbnailUrl":"https:\/\/www.wumingfoundation.com\/giap\/wp-content\/uploads\/2017\/01\/fotoneve.jpg","datePublished":"2017-01-26T07:45:46+00:00","dateModified":"2017-01-26T08:18:33+00:00","author":{"@id":"https:\/\/www.wumingfoundation.com\/giap\/#\/schema\/person\/881b1c925aaf48fe6eb5c3970be4458f"},"description":"\u00abChi avanza inutili critiche non ha forse capito che sta attaccando il Sistema Paese.\u00bb Dalle Marche, tra strategia dell'abbandono e resistenze popolari.","breadcrumb":{"@id":"https:\/\/www.wumingfoundation.com\/giap\/2017\/01\/terremoto-un-viaggio-che-non-promettiamo-breve\/#breadcrumb"},"inLanguage":"it-IT","potentialAction":[{"@type":"ReadAction","target":["https:\/\/www.wumingfoundation.com\/giap\/2017\/01\/terremoto-un-viaggio-che-non-promettiamo-breve\/"]}]},{"@type":"ImageObject","inLanguage":"it-IT","@id":"https:\/\/www.wumingfoundation.com\/giap\/2017\/01\/terremoto-un-viaggio-che-non-promettiamo-breve\/#primaryimage","url":"https:\/\/www.wumingfoundation.com\/giap\/wp-content\/uploads\/2017\/01\/fotoneve.jpg","contentUrl":"https:\/\/www.wumingfoundation.com\/giap\/wp-content\/uploads\/2017\/01\/fotoneve.jpg","width":2246,"height":1497,"caption":"Campagna di San Ginesio (MC). Foto di Michele Massetani."},{"@type":"BreadcrumbList","@id":"https:\/\/www.wumingfoundation.com\/giap\/2017\/01\/terremoto-un-viaggio-che-non-promettiamo-breve\/#breadcrumb","itemListElement":[{"@type":"ListItem","position":1,"name":"Home","item":"https:\/\/www.wumingfoundation.com\/giap\/"},{"@type":"ListItem","position":2,"name":"#Terremoto, un viaggio che non promettiamo breve. Rapporto dalle Marche a cinque mesi dalla prima scossa"}]},{"@type":"WebSite","@id":"https:\/\/www.wumingfoundation.com\/giap\/#website","url":"https:\/\/www.wumingfoundation.com\/giap\/","name":"Giap","description":"Il sito ufficiale di Wu Ming, collettivo di scrittori","potentialAction":[{"@type":"SearchAction","target":{"@type":"EntryPoint","urlTemplate":"https:\/\/www.wumingfoundation.com\/giap\/?s={search_term_string}"},"query-input":{"@type":"PropertyValueSpecification","valueRequired":true,"valueName":"search_term_string"}}],"inLanguage":"it-IT"},{"@type":"Person","@id":"https:\/\/www.wumingfoundation.com\/giap\/#\/schema\/person\/881b1c925aaf48fe6eb5c3970be4458f","name":"Wu Ming","image":{"@type":"ImageObject","inLanguage":"it-IT","@id":"https:\/\/secure.gravatar.com\/avatar\/1f49001124f0d5b3aeb1d387dbd89e7b48de4c5c15539460ec1c154566c1723c?s=96&d=blank&r=g","url":"https:\/\/secure.gravatar.com\/avatar\/1f49001124f0d5b3aeb1d387dbd89e7b48de4c5c15539460ec1c154566c1723c?s=96&d=blank&r=g","contentUrl":"https:\/\/secure.gravatar.com\/avatar\/1f49001124f0d5b3aeb1d387dbd89e7b48de4c5c15539460ec1c154566c1723c?s=96&d=blank&r=g","caption":"Wu Ming"}}]}},"_links":{"self":[{"href":"https:\/\/www.wumingfoundation.com\/giap\/wp-json\/wp\/v2\/posts\/27628","targetHints":{"allow":["GET"]}}],"collection":[{"href":"https:\/\/www.wumingfoundation.com\/giap\/wp-json\/wp\/v2\/posts"}],"about":[{"href":"https:\/\/www.wumingfoundation.com\/giap\/wp-json\/wp\/v2\/types\/post"}],"author":[{"embeddable":true,"href":"https:\/\/www.wumingfoundation.com\/giap\/wp-json\/wp\/v2\/users\/1"}],"replies":[{"embeddable":true,"href":"https:\/\/www.wumingfoundation.com\/giap\/wp-json\/wp\/v2\/comments?post=27628"}],"version-history":[{"count":0,"href":"https:\/\/www.wumingfoundation.com\/giap\/wp-json\/wp\/v2\/posts\/27628\/revisions"}],"wp:featuredmedia":[{"embeddable":true,"href":"https:\/\/www.wumingfoundation.com\/giap\/wp-json\/wp\/v2\/media\/27630"}],"wp:attachment":[{"href":"https:\/\/www.wumingfoundation.com\/giap\/wp-json\/wp\/v2\/media?parent=27628"}],"wp:term":[{"taxonomy":"category","embeddable":true,"href":"https:\/\/www.wumingfoundation.com\/giap\/wp-json\/wp\/v2\/categories?post=27628"},{"taxonomy":"post_tag","embeddable":true,"href":"https:\/\/www.wumingfoundation.com\/giap\/wp-json\/wp\/v2\/tags?post=27628"}],"curies":[{"name":"wp","href":"https:\/\/api.w.org\/{rel}","templated":true}]}}