{"id":26902,"date":"2016-12-06T11:18:44","date_gmt":"2016-12-06T10:18:44","guid":{"rendered":"http:\/\/www.wumingfoundation.com\/giap\/?p=26902"},"modified":"2023-01-09T00:03:51","modified_gmt":"2023-01-08T23:03:51","slug":"la-sconfitta-di-renzi-le-vittorie-notav-e-una-reticensione-di-gian-carlo-caselli-wm1viaggionotav","status":"publish","type":"post","link":"https:\/\/www.wumingfoundation.com\/giap\/2016\/12\/la-sconfitta-di-renzi-le-vittorie-notav-e-una-reticensione-di-gian-carlo-caselli-wm1viaggionotav\/","title":{"rendered":"La sconfitta di Renzi, le vittorie #notav e una \u00abreticensione\u00bb di Gian Carlo Caselli #WM1ViaggioNoTav"},"content":{"rendered":"<div id=\"attachment_26904\" style=\"width: 660px\" class=\"wp-caption aligncenter\"><a href=\"http:\/\/www.wumingfoundation.com\/giap\/wp-content\/uploads\/2016\/12\/Caselli_su_UVCNPB.jpg\"><img loading=\"lazy\" decoding=\"async\" aria-describedby=\"caption-attachment-26904\" class=\"wp-image-26904\" src=\"http:\/\/www.wumingfoundation.com\/giap\/wp-content\/uploads\/2016\/12\/Caselli_su_UVCNPB.jpg\" alt=\"Caselli su Un viaggio che non promettiamo breve\" width=\"650\" height=\"452\" \/><\/a><p id=\"caption-attachment-26904\" class=\"wp-caption-text\">Gian Carlo Caselli recensisce <em>Un viaggio che non promettiamo breve<\/em>.<\/p><\/div>\n<blockquote><p>\u00ab&#8230;\u00c8 stato, io credo, per l&#8217;assenza da tempo in questa storia di una sinistra che difendesse proletari e reietti invece di schierarsi ciecamente con i concreti sostenitori e impositori di un&#8217;idea di sviluppo supina agli interessi della grande finanza, che mai \u00e8 stata cos\u00ec cieca nei confronti degli interessi collettivi e cos\u00ec disinteressata a quelli degli ultimi, dei &#8220;perdenti&#8221;.\u00bb<\/p><\/blockquote>\n<p><a href=\"https:\/\/www.avvenire.it\/rubriche\/pagine\/wu-ming-1-indaginesui-no-tav-della-valsusa\">Sono parole\u00a0di <strong>Goffredo Fofi<\/strong><\/a>. Stava commentando il risultato del referendum costituzionale e le ragioni per cui la controriforma Boschi-Renzi \u00e8 stata respinta?\u00a0No, queste frasi sono state pubblicate il 2 dicembre. Fofi stava recensendo <em>Un viaggio che non promettiamo breve<\/em> e spiegando come mai la lotta No Tav non ha ancora il posto che merita nell&#8217;immaginario nazionale, nemmeno dopo\u00a0venticinque anni di lotte, di tenace resistenza di massa, e di successi.<!--more--><\/p>\n<p>Con <strong>Matteo Renzi<\/strong> e <strong>Graziano Delrio<\/strong>, il movimento No Tav ha gi\u00e0 visto passare 14 presidenti del consiglio e 12 ministri dei trasporti. <a href=\"http:\/\/www.notav.info\/post\/bye-bye-renzi-co\/\">E non ha mancato di farlo notare<\/a>.<\/p>\n<p>Se fosse passata la controriforma Boschi\/Renzi, al comma 4 dell&#8217;articolo 117 della nuova Costituzione si sarebbe letto questo: \u00abSu proposta del Governo, la legge dello Stato pu\u00f2 intervenire in materie non riservate alla legislazione esclusiva quando lo richieda la tutela dell&#8217;unit\u00e0 giuridica o economica della Repubblica, ovvero la tutela dell&#8217;interesse nazionale.\u00bb<\/p>\n<p>Tradotto in un italiano pi\u00f9 comprensibile: nel\u00a0mondo parallelo dove questa controriforma \u00e8 passata, se una questione di competenza regionale \u00e8 dichiarata fondamentale per l&#8217;interesse nazionale (e di solito si tratta di <em>grandi opere<\/em> inutili e imposte), lo Stato centrale legifera in materia\u00a0scavalcando la Regione. Si chiama \u00abclausola di supremazia\u00bb. Come disposto nel\u00a0comma 4 dell&#8217;art. 70, questa legge viene approvata dalla Camera.\u00a0Il Senato &#8211; ridotto a un&#8217;assemblea di amministratori locali a mezzo servizio &#8211; ha soltanto\u00a0dieci giorni di tempo per esaminarne il testo e proporre modifiche. Modifiche delle quali la Camera pu\u00f2 tranquillamente non tenere conto.<\/p>\n<p>Gi\u00e0 con\u00a0la \u00abLegge Obiettivo\u00bb del 2001 &#8211; poi definita \u00abcriminogena\u00bb sia dal presidente dell&#8217;Anticorruzione <strong>Raffaele\u00a0Cantone<\/strong> sia dall&#8217;ex-sindaco di Venezia <strong>Massimo Cacciari <\/strong>&#8211; e con il decreto \u00abSblocca Italia\u00bb del 2014, oltre a\u00a0svariate norme inserite\u00a0nelle \u00ableggi di stabilit\u00e0\u00bb,\u00a0lo stato centrale ha tolto voce\u00a0ai\u00a0territori, sottraendo\u00a0loro leve e strumenti,\u00a0rendendo pi\u00f9 facile calare dall&#8217;alto\u00a0progetti devastanti.\u00a0Il governo Renzi stava per assestare il colpo di grazia. Non c&#8217;\u00e8 da stupirsi che tutti i movimenti contro le <em>grandi opere<\/em> inutili abbiano fatto campagna per il NO.<\/p>\n<p>La\u00a0costituzione renziana, d&#8217;impronta centralistica e autoritaria, era confezionata su misura per il capitalismo di rapina (scusate il pleonasmo). Non a caso era\u00a0appoggiata da banche, Confindustria, Lega Coop, Marchionne, gli Elkann, Juncker, <em>Wall Street Journal<\/em>&#8230; Ma \u00e8 stata\u00a0fermata, e il\u00a0colpo \u00e8 stato\u00a0dato al renzismo. Non \u00e8 quello di grazia, ma \u00e8 un bel colpo.<\/p>\n<p>Lasciamo perdere le sigle partitiche, le fesserie sul NO come voto<em> tout court<\/em> \u00abdi destra\u00bb e quant&#8217;altro. Lasciate perdere il focus su Salvini, Grillo&#8230; Erano\u00a0fesserie prima del voto, lo sono a maggior ragione dopo. Fesserie, se non\u00a0indegne vigliaccate, come le accuse all&#8217;ANPI di \u00abstare con Casapound\u00bb, quando invece <a href=\"http:\/\/www.wumingfoundation.com\/giap\/2016\/06\/casapound-rapporti-con-lestrema-destra-nel-ventre-del-partito-renziano\/\">il PD dovrebbe\u00a0guardarsi in casa<\/a>.<\/p>\n<p>A quella narrazione balorda poteva\u00a0credere\u00a0solo chi vive in una bolla, si informa su <em>Repubblica<\/em> e crede che l&#8217;Italia sia come la raccontano i suoi\u00a0editorialisti e opinionisti. I quali vivono fuori dalla realt\u00e0 e si frequentano solo tra simili, in una camera dell&#8217;eco. Per\u00a0questo\u00a0non ne azzeccano mai una.<\/p>\n<p>Non \u00e8 difficile capire perch\u00e9 abbia vinto il NO.<\/p>\n<p>Da due anni Renzi non poteva pi\u00f9 parlare in una pubblica piazza: ben 117 contestazioni, estese anche ai suoi ministri, monitorate grazie all&#8217;hashtag #Renziscappa e <a href=\"http:\/\/www.wumingfoundation.com\/giap\/2016\/04\/renziscappa-una-storia-italiana\/\">rappresentate in una mappa interattiva<\/a>. I media trattavano ogni contestazione\u00a0come un \u00abepisodio\u00bb, e invece era la tendenza.<\/p>\n<p>Tendenza\u00a0facilmente spiegabile:\u00a0con il \u00abJobs Act\u00bb e la lingua in bocca a Marchionne e compagnia, Renzi si era inimicato il mondo del lavoro dipendente;\u00a0con la \u00abBuona Scuola\u00bb si era inimicato buona parte del corpo docente italiano (e molti\u00a0studenti);\u00a0con lo \u00abSblocca Italia\u00bb e l&#8217;appoggio alle <em>grandi opere<\/em> si era inimicato movimenti forti e radicati nei territori;\u00a0con il \u00abSalvabanche\u00bb si era inimicato molti risparmiatori;\u00a0con l&#8217;arroganza culturale e la volont\u00e0 di fare tabula rasa di ogni retaggio di sinistra e antifascista, si era inimicato l&#8217;ANPI.<\/p>\n<div align=\"center\">\n<p><script type='text\/javascript' src='https:\/\/public.tableausoftware.com\/javascripts\/api\/viz_v1.js'><\/script><\/p>\n<div class=\"tableauPlaceholder\" style=\"width: 544px; height: 609px;\"><noscript><a href='#'><img alt=' ' src='https:&#47;&#47;publicrevizit.tableausoftware.com&#47;static&#47;images&#47;Re&#47;Renziscappa_light&#47;Dashboard3&#47;1_rss.png' style='border: none' \/><\/a><\/noscript><object class=\"tableauViz\" style=\"display: none;\" width=\"544\" height=\"609\"><param name=\"host_url\" value=\"https%3A%2F%2Fpublic.tableausoftware.com%2F\" \/><param name=\"site_root\" value=\"\" \/><param name=\"name\" value=\"Renziscappa_light\/Dashboard3\" \/><param name=\"tabs\" value=\"no\" \/><param name=\"toolbar\" value=\"yes\" \/><param name=\"static_image\" value=\"https:\/\/publicrevizit.tableausoftware.com\/static\/images\/Re\/Renziscappa_light\/Dashboard3\/1.png\" \/><param name=\"animate_transition\" value=\"yes\" \/><param name=\"display_static_image\" value=\"yes\" \/><param name=\"display_spinner\" value=\"yes\" \/><param name=\"display_overlay\" value=\"yes\" \/><param name=\"display_count\" value=\"yes\" \/><\/object><\/div>\n<div style=\"width: 544px; height: 22px; padding: 0px 10px 0px 0px; color: black; font: normal 8pt verdana,helvetica,arial,sans-serif;\">\n<div style=\"float: right; padding-right: 8px;\"><a href=\"http:\/\/www.tableausoftware.com\/public\/about-tableau-products?ref=https:\/\/public.tableausoftware.com\/views\/Renziscappa_light\/Dashboard3\" target=\"_blank\" rel=\"noopener\">Learn About Tableau<\/a><\/div>\n<\/div>\n<\/div>\n<p>Tutti questi mondi hanno votato NO. Un\u00a0trasversale, orizzontale rigetto della controriforma, del governo e di tutto il suo operato. Una parte di elettorato di sinistra che aveva smesso di votare \u00e8 tornata a farlo per liberarsi di Renzi. Non bisogna guardare alle sigle, n\u00e9 ai personaggi che si vedono nei talk-show. Bisogna guardare\u00a0alla societ\u00e0. L&#8217;espressione movimentista\u00a0\u00abNO sociale\u00bb era criptica prima del voto, ora \u00e8 chiarissima.<\/p>\n<p>Quella del NO \u00e8 anche una\u00a0vittoria dei No Tav. I\u00a0dati in Val di Susa\u00a0parlano chiaro: <a href=\"http:\/\/www.valsusaoggi.it\/referendum-in-val-susa-tutti-i-risultati-il-no-stravince-a-mattie-e-meana-il-si-resiste-a-claviere-e-rosta\/\">un plebiscito contro la riforma Boschi e contro Renzi<\/a>. A Bruzolo, Bussoleno, Chianocco, Chiusa San Michele, Exilles \u00a0e Venaus il NO intorno al\u00a071% e anche oltre. A San Didero 73%. A Meana di Susa 74%. A Mattie sfiora l&#8217;80%. A Moncenisio arriva al 91%. In quasi tutta la bassa valle \u00e8 sopra il 60%. Il NO ha vinto anche in alta valle, dove il movimento No Tav \u00e8 meno forte. Una grande vittoria.<\/p>\n<p>E un&#8217;altra vittoria il giorno dopo, a Torino, quando il\u00a0consiglio comunale ha votato a larga maggioranza (26 a 6) l&#8217;uscita del comune dall&#8217;Osservatorio sulla Torino-Lione, luogo di finta partecipazione ormai ridotto alla lisca di quel che era nel 2008.<\/p>\n<p>E mettiamoci anche\u00a0<a href=\"https:\/\/www.theatlantic.com\/science\/archive\/2016\/12\/the-historic-victory-at-standing-rock\/509558\/?utm_source=nl-atlantic-daily-120516\">la vittoria &#8211; parziale ma importante &#8211;<\/a> della mobilitazione No DAPL in North Dakota, salutata anche qui\u00a0con alte grida di giubilo. Si tratta di un\u00a0movimento d&#8217;oltreoceano che ha moltissime analogie con quello No Tav. <a href=\"https:\/\/roarmag.org\/essays\/standing-rock-no-dapl-protests\/\">Leggendo il bel reportage del gruppo <strong>#IndianWinter<\/strong><\/a>, come non pensare alla Libera Repubblica della Maddalena, alle bandiere No Tav lungo le strade, alle numerose, variegate tattiche per disturbare il cantiere in val Clarea?<\/p>\n<p>[Promemoria. Cosa chiedere quest&#8217;anno a Babbo Natale: un movimento cos\u00ec contro <a href=\"http:\/\/www.wumingfoundation.com\/giap\/2016\/12\/il-passante-di-bologna-1a-puntata\/\">il Passante di Bologna<\/a>.]<\/p>\n<p>Insomma, un weekend da leoni!<\/p>\n<p>E oggi, lo ricordiamo, \u00e8 il 6 dicembre. Undici anni fa, la polizia sgomberava con grande\u00a0violenza\u00a0la Libera Repubblica di Venaus. Ma\u00a0il movimento \u00e8 ancora qui, e su quegli stessi terreni\u00a0<a href=\"http:\/\/www.wumingfoundation.com\/giap\/2016\/08\/wu-ming-1-un-viaggio-che-non-promettiamo-breve-audio-dellanteprima-al-festival-altafelicita-notav\/\">si svolge il festival Alta Felicit\u00e0<\/a>. Chi la dura la vince.<a name=\"caselli\"><\/a><\/p>\n<p style=\"text-align: center;\"><strong>\u2042<\/strong><\/p>\n<p>Torniamo a <em>Un viaggio che non promettiamo breve<\/em>. Uscito il 31 ottobre scorso, il libro \u00e8\u00a0gi\u00e0 in ristampa. Con quasi tutte le copie gi\u00e0 distribuite, c&#8217;era il rischio di trovarsi sotto le feste coi magazzini vuoti. E cos\u00ec, nuova infornata.<\/p>\n<p>E intorno al libro si scalda il\u00a0dibattito. Domenica\u00a04 dicembre, su <em>Il Fatto Quotidiano<\/em>, ne ha scritto addirittura il dottor <strong>Gian Carlo Caselli<\/strong>. Lo ha fatto nella cornice di un vero e proprio speciale sul libro, con recensione pro e recensione contro. Un format che piace al direttore Travaglio.<br \/>\nCaselli, in realt\u00e0, non ha scritto\u00a0solo \u00abcontro\u00bb: nella premessa ha definito <em>Un viaggio che non promettiamo breve<\/em> un libro importante, un&#8217;opera\u00a0da non sminuire n\u00e9 sottovalutare. Solo che&#8230;<br \/>\nSolo che lo\u00a0speciale non forniva alcune informazioni basilari,\u00a0imprescindibili elementi\u00a0di contesto. Per questo, dopo aver\u00a0riportato\u00a0la recensione di Caselli nella sua interezza, aggiungeremo qualcosa.<\/p>\n<h4><strong>Nessuna epopea gloriosa, ma il vuoto che genera violenza<\/strong><\/h4>\n<div id=\"attachment_26938\" style=\"width: 230px\" class=\"wp-caption alignright\"><img loading=\"lazy\" decoding=\"async\" aria-describedby=\"caption-attachment-26938\" class=\"size-full wp-image-26938\" src=\"http:\/\/www.wumingfoundation.com\/giap\/wp-content\/uploads\/2016\/12\/Caselli_tiene_in_mano_Caselli.jpg\" alt=\"Gian Carlo Caselli\" width=\"220\" height=\"328\" \/><p id=\"caption-attachment-26938\" class=\"wp-caption-text\">Gian Carlo Caselli.<\/p><\/div>\n<p class=\"p1\">di <strong>Gian Carlo Caselli<\/strong><\/p>\n<p class=\"p1\">Se qualcuno \u2013 un giorno \u2013 volesse mai scrivere una storia dei vari<span class=\"Apple-converted-space\">\u00a0 <\/span>movimenti<span class=\"Apple-converted-space\">\u00a0<\/span>No Tav (quello valsusino soprattutto, ma anche<span class=\"Apple-converted-space\">\u00a0<\/span>il cosiddetto Terzo valico tra Genova e l\u2019Alessandrino; e ancora la galleria di base del Brennero in Trentino Alto-Adige e il completamento dell\u2019Av Milano &#8211; Venezia)<span class=\"Apple-converted-space\">\u00a0<\/span>non potr\u00e0<span class=\"Apple-converted-space\">\u00a0 <\/span>ignorare il libro intitolato<span class=\"Apple-converted-space\">\u00a0<\/span><em>Un viaggio che non promettiamo breve<\/em> di Wu Ming 1 (Einaudi). Una raccolta<span class=\"Apple-converted-space\">\u00a0<\/span>immensa (652 pagine)<span class=\"Apple-converted-space\">\u00a0<\/span>di narrazioni, testimonianze, cronache e documenti. Una vasta silloge \u2013 ordinata, ragionata e metodica \u2013 che potr\u00e0 essere utile ai cittadini, ai politologi e agli studiosi interessati.<\/p>\n<p class=\"p1\">Il materiale \u00e8 certamente<span class=\"Apple-converted-space\">\u00a0<\/span>importante, ma anche lacunoso, perch\u00e9 contiene prevalentemente (se non esclusivamente)<span class=\"Apple-converted-space\">\u00a0<\/span>la versione dei militanti, spesso chiusi nella superbia di<span class=\"Apple-converted-space\">\u00a0 <\/span>giudizi trancianti. Convinti di essere i soli depositari di verit\u00e0 incontestabili ancorch\u00e9<span class=\"Apple-converted-space\">\u00a0 <\/span>indimostrate. Una sorta di autismo, cio\u00e8 di assorbimento esclusivo nelle proprie convinzioni che sbiadisce<span class=\"Apple-converted-space\">\u00a0 <\/span>il mondo reale. Manca lo scrupolo di presentare, nei casi controversi, tutte le versioni. Chi la pensa diversamente non compare, se non per essere tacciato di inattendibilit\u00e0, malafede o provocazione con una raffica di accuse malevole che colpiscono in particolare ogni politico, giornalista o tecnico che voglia \u201cdissentire\u201d. Spesso poi si coglie una grottesca sproporzione tra la realt\u00e0 e i \u201cbollettini di guerra\u201d, quando ad esempio si parla di militarizzazione del territorio, truppe di occupazione, espropriazione di una intera (?) valle, giustizia con l\u2019elmetto \u2026: esagerazioni consolatorie, buone per chi voglia alimentare un vittimismo autoreferenziale. Salvo ricorrere ogni tanto ad alleggerimenti linguistici di tipo giustificazionista, come quando l\u2019impedimento prolungato di ogni libero transito sulla Torino-Oulx diventa una \u00abassemblea\u00bb\u00a0sull\u2019autostrada, o quando le scritte minacciose e violente tracciate sui muri diventano \u00abimbrattamenti\u00bb. Nel qual caso al racconto che spiega si sostituisce la narrazione di pura conferma<span class=\"Apple-converted-space\">\u00a0 <\/span>ideologica, mentre affiora la tendenza a rileggere il passato arricchendolo con profili di epica popolare. Perch\u00e9 il mito di un\u2019epopea gloriosa pu\u00f2 anche servire a oscurare il manicheismo dilagante, stemperando nel contempo la vacuit\u00e0 politica che origina gli episodi di violenza.<\/p>\n<p class=\"p1\"><span class=\"s1\">Ma si tratta\u00a0<\/span>pur sempre di un rilevante contributo alla conoscenza, perch\u00e9 tutti sappiamo quale valore abbiano \u2013per lo studio di un fenomeno \u2013 anche le esperienze e percezioni soggettive, insieme alle parole che le esprimono, compresi gli slogan politico-propagandistici. In particolare per l\u2019esplorazione e la ricostruzione \u2013 almeno nelle grandi linee \u2013 dell\u2019itinerario politico-psicologico dei militanti No Tav, delle loro matrici, della loro evoluzione o trasformazione, delle strategie elaborate e delle imprese compiute. Del perch\u00e9 (pur trattandosi \u2013 in Italia e in Francia \u2013 della stessa montagna e dello stesso \u201cbuco\u201d, con gli stessi identici problemi) vi siano stati<span class=\"Apple-converted-space\">\u00a0 <\/span>in Italia \u00abventicinque anni di lotte\u00bb \u2013 sottotitolo del libro \u2013, e per contro in Francia quasi nulla.<\/p>\n<p class=\"p1\">Inevitabili (un tributo che si deve pagare al movimento, se si vuole evitare di essere considerati dei \u00abvenduti\u00bb) le frequenti cadute di stile sui\u00a0magistrati. Trattati \u2013 a prescindere \u2013 come personaggi brutti e cattivi, maniaci del rispetto della<span class=\"Apple-converted-space\">\u00a0 <\/span>legge. Gentaglia. Il <em>vulnus<\/em> della delegittimazione del controllo di legalit\u00e0 (introdotto dal ventennio berlusconiano) continua a generare l\u2019idea di una giustizia <em>\u00e0 la carte<\/em> valida per gli altri ma mai per s\u00e9.<\/p>\n<p class=\"p1\">Senonch\u00e9 il pregiudizio \u2013 a forza di ripeterlo \u2013 alla fine\u00a0pu\u00f2 anche attecchire. Come prova, per restare<span class=\"Apple-converted-space\">\u00a0<\/span>in tema, <a href=\"http:\/\/www.wumingfoundation.com\/giap\/2016\/10\/un-viaggio-che-non-promettiamo-breve-prime-interviste-recensioni\/\">una recensione del libro di Wu Ming 1 comparsa sul <em>Corriere della Sera<\/em> del 30 ottobre<\/a>. Parlando dei processi No Tav, <strong>Daniele Giglioli<\/strong> ci infila un attacco al<span class=\"Apple-converted-space\">\u00a0 <\/span>sottoscritto in quanto procuratore che \u00abcredette al bacio fra Andreotti e Riina, perch\u00e9 se Andreotti \u00e8 cattivo allora deve per forza aver baciato il diavolo, come le streghe nei sabba.\u00bb<\/p>\n<p class=\"p1\">A parte il logoro ritornello della caccia alle streghe (tipico di chi non digerisce i processi contro gli imputati \u201ceccellenti\u201d), citare Andreotti nel<span class=\"Apple-converted-space\">\u00a0 <\/span>contesto Tav \u00e8 come farla fuori del vaso. In ogni caso Giglioli<span class=\"Apple-converted-space\">\u00a0<\/span>potrebbe<span class=\"Apple-converted-space\">\u00a0 <\/span>informarsi<span class=\"Apple-converted-space\">\u00a0<\/span>meglio su Andreotti. Scoprirebbe fatti \u2013 provati fino a sentenza di Cassazione \u2013 sconvolgenti: tipo un paio di incontri dell\u2019imputato con Stefano Bontade (boss dei boss noto come \u00abPrincipe di Villagrazia\u00bb) per discutere di questioni criminali gravissime ruotanti<span class=\"Apple-converted-space\">\u00a0<\/span>intorno all\u2019omicidio dell\u2019onesto e<span class=\"Apple-converted-space\">\u00a0 <\/span>incorruttibile Piersanti Mattarella. Un sabba, anche questo.<\/p>\n<p>[<strong>\u00a0Nota di WM.<\/strong><br \/>\nPoich\u00e9 nella recensione non viene mai ricordato, per\u00a0dovere di completezza specifichiamo\u00a0che il dottor Caselli, dal 2008 al 2013, \u00e8 stato procuratore capo a Torino.<br \/>\n\u25a0 Sotto la guida del dottor Caselli, la Procura ha creato un\u00a0\u00abpool\u00bb di magistrati interamente e indefessamente dediti alla repressione del movimento No Tav.<br \/>\n\u25a0 Grazie alla\u00a0linea impressa alla Procura dal dottor Caselli, il movimento No Tav ha avuto un numero record di inquisiti: all&#8217;incirca\u00a0un migliaio dal 2011 al 2015.<br \/>\n\u25a0 Gli impianti accusatori di importanti\u00a0istruttorie contro il movimento No Tav &#8211; si veda il celebre \u00abprocesso del Compressore\u00bb &#8211; sono stati smontati dalla Corte di Cassazione. A difendere quegli impianti, il dottor Caselli era intervenuto pi\u00f9 volte in prima persona.<br \/>\n\u25a0 La Procura e il dottor Caselli stesso sono stati accusati di esercitare l&#8217;azione penale usando due pesi e due misure, ignorando le violenze commesse dalle forze dell&#8217;ordine. Su questo si veda il documentario <em>Archiviato. L&#8217;obbligatoriet\u00e0 dell&#8217;azione penale in Valsusa<\/em> (<a href=\"https:\/\/youtu.be\/ulPMmHrM20M\">qui il trailer<\/a>).<br \/>\n\u25a0 Il dottor Caselli ha ripetutamente preso di mira\u00a0intellettuali e scrittori, rei di appoggiare i No Tav e sottovalutare &#8211; o, chiss\u00e0, addirittura fiancheggiare &#8211; presunte \u00abderive terroristiche\u00bb del movimento. <a href=\"http:\/\/www.wumingfoundation.com\/giap\/2013\/09\/nemicopubblico-il-libro-notav-che-fa-saltare-i-nervi-a-politici-e-procuratori\/\">Si era anche gi\u00e0 occupato di un nostro libro<\/a>.<br \/>\n\u25a0 Il dottor Caselli non lo dice, ma <em>Un viaggio che non promettiamo breve<\/em> si occupa molto di lui, critica il suo operato, smonta e analizza diverse sue esternazioni.<br \/>\n\u25a0 Tra le fonti citate in<em>\u00a0Un viaggio che non promettiamo breve<\/em>\u00a0c&#8217;\u00e8 anche una \u00abpiccola controbiografia\u00bb del dottor Caselli. Si intitola\u00a0<em>La notte del procuratore<\/em> ed \u00e8 apparsa in quattro\u00a0puntate su Infoaut. Ecco i link:<br \/>\nIntroduzione: <a href=\"http:\/\/www.infoaut.org\/index.php\/blog\/prima-pagina\/item\/10173-quel-che-%C3%A8-stato-%C3%A8-stato\">Quel che \u00e8 Stato \u00e8 Stato<br \/>\n<\/a><a title=\"La notte del procuratore (1)\" href=\"http:\/\/www.infoaut.org\/index.php\/blog\/italian-connection\/item\/10205-la-notte-del-procuratore-1\">La notte del procuratore (1) Parte Prima: Gli anni Settanta<br \/>\n<\/a><a title=\"La notte del procuratore (2)\" href=\"http:\/\/www.infoaut.org\/index.php\/blog\/italian-connection\/item\/10232-la-notte-del-procuratore-2\">La notte del procuratore (2) Parte Seconda: La Sicilia<br \/>\n<\/a><a title=\"La notte del Procuratore (3)\" href=\"http:\/\/www.infoaut.org\/index.php\/blog\/italian-connection\/item\/10267-la-notte-del-procuratore-3\">La notte del procuratore (3) Parte Terza: Il ritorno a Torino<br \/>\n<\/a><a href=\"http:\/\/www.infoaut.org\/index.php\/blog\/italian-connection\/item\/10306-la-notte-del-procuratore-4\">La notte del procuratore (4) Parte Quarta: La sconfitta in Valsusa<br \/>\n<\/a>\u25a0 Chi s&#8217;imbattesse nella recensione scritta dal dottor Caselli senza avere gi\u00e0 letto il libro e senza aver seguito le vicende No Tav, si farebbe l&#8217;idea di un recensore <em>super partes<\/em>, non direttamente coinvolto.<br \/>\n\u25a0 L&#8217;ex-procuratore capo ha scelto di bollare il libro come \u00abideologico\u00bb e fazioso, ma senza entrare nel merito. Entrando nel merito, avrebbe dovuto rispondere sul\u00a0proprio stesso operato. Si pu\u00f2 dunque parlare, a nostro avviso, di una recensione reticente. Una <em>reticensione<\/em>.]<\/p>\n<p style=\"text-align: center;\"><strong>\u2042<\/strong><\/p>\n<div id=\"attachment_26924\" style=\"width: 660px\" class=\"wp-caption aligncenter\"><a href=\"http:\/\/www.wumingfoundation.com\/giap\/wp-content\/uploads\/2016\/12\/Mercalli_su_UVCNPB.png\"><img loading=\"lazy\" decoding=\"async\" aria-describedby=\"caption-attachment-26924\" class=\"wp-image-26924\" src=\"http:\/\/www.wumingfoundation.com\/giap\/wp-content\/uploads\/2016\/12\/Mercalli_su_UVCNPB.png\" alt=\"Luca Mercalli su Un viaggio che non promettiamo breve\" width=\"650\" height=\"460\" \/><\/a><p id=\"caption-attachment-26924\" class=\"wp-caption-text\">Luca Mercalli su <em>Un viaggio che non promettiamo breve<\/em>.<\/p><\/div>\n<p>A seguire la reticensione del dottor Caselli, ce n&#8217;era una firmata \u00a0dal meteorologo<strong> Luca Mercalli<\/strong>.<\/p>\n<p>[Facciamo notare che nel testo Mercalli usa l&#8217;espressione \u00abuomini e donne normali\u00bb, mentre nel titolo &#8211; che \u00e8 redazionale &#8211; le donne scompaiono.]<\/p>\n<p>Ricordiamo che, pochi mesi fa, la trasmissione sull&#8217;ambiente <em>Scala Mercalli<\/em>, che andava in onda su Rai 3, <a href=\"http:\/\/espresso.repubblica.it\/visioni\/cultura\/2016\/08\/09\/news\/rai-tre-cancella-scala-mercalli-trattavamo-argomenti-scomodi-per-il-governo-1.279984\">\u00e8 stata &#8220;silurata&#8221; dai vertici Rai<\/a> dopo duri attacchi da parte del PD, nella persona del solito senatore <strong>Stefano Esposito<\/strong>. La puntata che gli ha fatto saltare i nervi la trovate subito dopo la recensione.<\/p>\n<h4><strong>Solo uomini normali contro abusi di Stato, mafie e costruttori<\/strong><\/h4>\n<div id=\"attachment_26940\" style=\"width: 230px\" class=\"wp-caption alignright\"><img loading=\"lazy\" decoding=\"async\" aria-describedby=\"caption-attachment-26940\" class=\"size-full wp-image-26940\" src=\"http:\/\/www.wumingfoundation.com\/giap\/wp-content\/uploads\/2016\/12\/Mercalli.jpg\" alt=\"Luca Mercalli\" width=\"220\" height=\"331\" \/><p id=\"caption-attachment-26940\" class=\"wp-caption-text\">Luca Mercalli<\/p><\/div>\n<p>di <strong>Luca Mercalli<\/strong><\/p>\n<p>Non \u00e8 affatto breve il viaggio che promette questo libro (<a href=\"http:\/\/www.wumingfoundation.com\/giap\/2016\/10\/wu-ming-libro-no-tav-cover-zerocalcare\/\"><em>Un viaggio che non promettiamo breve. Venticinque\u00a0anni di lotte No Tav<\/em><\/a>, di Wu Ming 1ed edito da Einaudi), seicento pagine e venticinque anni di frustrazione di una comunit\u00e0 che non \u00e8 soltanto della Val di Susa ma del mondo: quella vessata dalle grandi opere inutili e dannose. Quella di Wu Ming 1 \u00e8 una lunga cronaca che emerge inattesa da un territorio alpino fino a pochi anni fa conosciuto a stento per gli sport invernali dell\u2019alta valle, Sestriere, Bardonecchia, zone peraltro non interessate dal progetto di Nuova Linea Ferroviaria Torino-Lione (\u201cil Tav\u201d).Qui affiora invece la personalit\u00e0 della parte medio bassa della Val di Susa, quella che si apre su Torino, misto di natura meravigliosa ad alta quota, abbandono delle borgate montane, industrializzazione e villettizzazione del fondovalle, pendolarismo, lotte operaie e battaglie partigiane, grandi appetiti facinorosi e piccole meschinit\u00e0. Un bel crogiolo sociale che ha creato ibridazioni sorprendenti, esplose con l\u2019imposizione da parte del potere economico torinese, a partire dal 1991, di un progettone-panettone che gi\u00e0 allora appariva cos\u00ec indispensabile e strategico che ancora non \u00e8 fatto e tutti vivono bene lo stesso.<\/p>\n<p>Wu Ming ha esplorato per tre anni boschi martoriati dai reticolati bellici, cantieri difesi da militari, e pres\u00ecdi di resistenza civile bollati della peggior etichetta terroristica. Come residente di valle, come componente del gruppo di tecnici contro il Tav Torino-Lione militante dal 1998, confermo che dati e fonti sono affidabili e verificate. La lettura lascia il senso di una storia paradossale vissuta da uomini e donne \u201cnormali\u201d che di fronte all\u2019ennesimo assalto alla terra (non solo alla loro piccola terra, questo sarebbe Nimby, ma alla Terra in generale) hanno rischiato sulla propria pelle e pagato un prezzo repressivo e giudiziario sproporzionato. Non hanno ancora sconfitto \u201cl\u2019Entit\u00e0\u201d, ma hanno acceso una fiaccola di consapevolezza ben pi\u00f9 importante di quella torcia olimpica transitata vigliaccamente per la valle nel 2006.<\/p>\n<p>Il racconto colpisce per l\u2019intollerabile sospensione della democrazia: pestaggi, arresti, processi, pene esemplari. E giornalisti che tramano per depistare le indagini. Molte gaffe della milizia suscitano riso amaro: imputati identificati sommariamente che al momento di una baruffa erano altrove e hanno potuto dimostrarlo con un biglietto aereo! Molti altri che invece sono finiti nell\u2019ingranaggio della \u201cfuria giudiziaria\u201d anche per una sola parola, il caso di Erri De Luca su tutti.<\/p>\n<p>Wu Ming 1 chiarisce il vero nocciolo della questione, che \u00e8 in parte un grande affare di poteri tecno-cementizi sui quali si insinua l\u2019ombra della truffa, come dimostrato dai processi a ditte locali pro-Tav in odore di malavita, dall\u2019altro \u00e8 la sfida dello Stato ai cittadini: lo stesso procuratore Marcello Maddalena ha dichiarato che \u00abrealizzare la Torino-Lione, utile o inutile che fosse, era per lo Stato una questione di principio\u00bb. E il deus ex machina Mario Virano concede da parte di Telt, la societ\u00e0 costruttrice, il \u00abriconoscimento del dissenso e della piena legittimit\u00e0 purch\u00e9 espresso nella legalit\u00e0\u00bb. Chi costruisce la superferrovia d\u00e0 per scontato che le sue ragioni siano inattaccabili, e dice alla gente: protestate pure, ma io vado avanti lo stesso perch\u00e9 lo Stato mi protegge con le armi e con la legge. I cittadini protestano, ma non ottengono mai l\u2019analisi seria e imparziale dei dati che sconfessano i criteri di utilit\u00e0 e redditivit\u00e0 della grande opera. La giustizia assume che l\u2019opera possa anche essere sbagliata o inutile, ma indaga solo sui lanci di pietre, mai su quel punto. Se lo facesse, i numeri parlerebbero chiaro e tutto il castello cadrebbe.<\/p>\n<p>Mi chiedo come fanno a dormire gli uomini \u201cS\u00ec Tav\u201d, difesi s\u00ec dalle truppe militari e dai tribunali, ma sotto l\u2019influsso del disprezzo di decine di migliaia di persone che vogliono solo veder trionfare la verit\u00e0 e un progetto di sviluppo del territorio pi\u00f9 sobrio e proficuo del gigantismo penetrativo della<em> Tunnel Boring Machine<\/em>.<\/p>\n<p>Ho letto questo libro su treni regionali, da Bergamo a Mantova mentre un guasto a Cremona provocava lunghi ritardi. Mentre le pagine di Wu Ming favoleggiavano di super-tunnel alpini, sui cessi murati della piccola stazione di Castellucchio, che nel 1874 quando fu costruita erano per\u00f2 aperti, leggevo una scritta di un writer: \u00abFino a quando il potere dell\u2019amore non superer\u00e0 l\u2019amore per il potere il mondo non conoscer\u00e0 pace\u00bb. I valsusini tentano di costruire un nuovo amore per questa terra martoriata, a cominciare da quella sotto i loro piedi.<\/p>\n<p style=\"text-align: center;\"><iframe loading=\"lazy\" src=\"https:\/\/www.youtube.com\/embed\/FoMvY-WyGuU\" width=\"640\" height=\"360\" frameborder=\"0\" allowfullscreen=\"allowfullscreen\"><\/iframe><\/p>\n<p style=\"text-align: center;\"><strong>\u2042<\/strong><\/p>\n<p>Una recensione molto bella l&#8217;ha scritta <strong>Giuliano Spagnul<\/strong>\u00a0per il blog <em>La bottega del Barbieri.<\/em>\u00a0<a href=\"http:\/\/www.labottegadelbarbieri.org\/wu-ming-1-molti-mondi-oltre-le-colline\/\">Si intitola <em>Molti mondi oltre le colline<\/em><\/a> e inizia da una riflessione sulla fantascienza. Spagnul\u00a0ha fatto parte del collettivo \u00abUn&#8217;ambigua utopia\u00bb ed \u00e8 coautore, con <a href=\"http:\/\/www.wumingfoundation.com\/giap\/2013\/01\/per-antonio-caronia-1944-2013-oltre-il-ghiaccio-dellessersi-perduti-di-vista\/\"><strong>Antonio Caronia<\/strong><\/a> e altri, del seminale <em>Nei labirinti della fantascienza<\/em> (Feltrinelli, 1979).<\/p>\n<div style=\"text-align: left;\" align=\"center\">Una lunga recensione\/riflessione, che consigliamo di leggere con attenzione, <a href=\"http:\/\/tommi.blog.tiscali.it\/2016\/12\/04\/solo-a-me-%E2%80%9Ci-pascoli-del-cielo%E2%80%9D-ricorda-%E2%80%9Cspoon-river%E2%80%9D\/\">\u00e8 apparsa sul blog <em>Scartafaccio<\/em><\/a>.<\/div>\n<p style=\"text-align: center;\"><strong>\u2042<\/strong><\/p>\n<p>Intanto, prosegue\u00a0<em>il tour che non promettiamo breve<\/em>.<\/p>\n<p>Al Communia di Roma, il 19 novembre scorso,\u00a0<strong>Elio Germano<\/strong> ha letto la sequenza della \u00abbattaglia navale\u00bb a Venezia (pagg. 596 &#8211; 600). Prossimamente, l&#8217;audio della serata.<\/p>\n<div id=\"attachment_26905\" style=\"width: 660px\" class=\"wp-caption aligncenter\"><a href=\"http:\/\/www.wumingfoundation.com\/giap\/wp-content\/uploads\/2016\/12\/Elio_Germano_No_Tav.jpg\"><img loading=\"lazy\" decoding=\"async\" aria-describedby=\"caption-attachment-26905\" class=\"wp-image-26905\" src=\"http:\/\/www.wumingfoundation.com\/giap\/wp-content\/uploads\/2016\/12\/Elio_Germano_No_Tav.jpg\" alt=\"Elio Germano legge da Un viaggio che non promettiamo breve\" width=\"650\" height=\"190\" \/><\/a><p id=\"caption-attachment-26905\" class=\"wp-caption-text\">Elio Germano legge da <em>Un viaggio che non promettiamo breve<\/em>. Clicca per ingrandire<\/p><\/div>\n<p>Al Vag61 di Bologna, l&#8217;11 novembre scorso, c&#8217;\u00e8 stato il reading\/concerto <strong>Wu Ming 1 + Bhutan Clan.<\/strong> Suoni cupi e rumori industriali, una serenata all&#8217;Entit\u00e0. <a href=\"https:\/\/vag61.noblogs.org\/post\/2016\/11\/11\/resistenze-anticoloniali-ieri-e-oggi-dalla-libia-alla-val-di-susa-audiovideo\/\">Qui audio, video e foto della serata e dell&#8217;intera due-giorni di Resistenze in Cirenaica<\/a>.<\/p>\n<div align=\"center\">\n<blockquote class=\"twitter-tweet\" data-lang=\"it\">\n<p dir=\"ltr\" lang=\"it\">Centinaia di persone a Vag61 a sostenere lotta <a href=\"https:\/\/twitter.com\/hashtag\/NoTav?src=hash\">#NoTav<\/a> con <a href=\"https:\/\/twitter.com\/Wu_Ming_Foundt\">@Wu_Ming_Foundt<\/a> e rilanciare No a <a href=\"https:\/\/twitter.com\/hashtag\/referendum?src=hash\">#referendum<\/a> <a href=\"https:\/\/twitter.com\/hashtag\/CeChidiceNO?src=hash\">#CeChidiceNO<\/a> <a href=\"https:\/\/t.co\/d1gu3pbTnZ\">pic.twitter.com\/d1gu3pbTnZ<\/a><\/p>\n<p>\u2014 Infoaut (@Infoaut) <a href=\"https:\/\/twitter.com\/Infoaut\/status\/797189070623477760\">11 novembre 2016<\/a><\/p><\/blockquote>\n<p><script async src=\"\/\/platform.twitter.com\/widgets.js\" charset=\"utf-8\"><\/script><\/p>\n<\/div>\n<div align=\"center\">\n<blockquote class=\"twitter-tweet\" data-lang=\"it\">\n<p dir=\"ltr\" lang=\"it\">Audio e video della due-giorni \u00abcrossover\u00bb <a href=\"https:\/\/twitter.com\/hashtag\/ResistenzeinCirenaica?src=hash\">#ResistenzeinCirenaica<\/a> <a href=\"https:\/\/twitter.com\/hashtag\/notav?src=hash\">#notav<\/a> al Vag61 di <a href=\"https:\/\/twitter.com\/hashtag\/Bologna?src=hash\">#Bologna<\/a> <a href=\"https:\/\/t.co\/8EE5KxVq5e\">https:\/\/t.co\/8EE5KxVq5e<\/a> <a href=\"https:\/\/twitter.com\/hashtag\/WM1ViaggioNoTav?src=hash\">#WM1ViaggioNoTav<\/a> <a href=\"https:\/\/t.co\/3hHknK8A30\">pic.twitter.com\/3hHknK8A30<\/a><\/p>\n<p>\u2014 Wu Ming Foundation (@Wu_Ming_Foundt) <a href=\"https:\/\/twitter.com\/Wu_Ming_Foundt\/status\/803163800236998656\">28 novembre 2016<\/a><\/p><\/blockquote>\n<p><script async src=\"\/\/platform.twitter.com\/widgets.js\" charset=\"utf-8\"><\/script><\/p>\n<\/div>\n<p>All&#8217;Askatasuna di Torino, il 2 dicembre scorso, <strong>Militant A<\/strong> degli <strong>Assalti Frontali<\/strong> ha presentato il libro con WM1 e <strong>Lele Rizzo<\/strong>, e ha letto diverse pagine. La lotta No Tav con il <em>flow<\/em> di Militant A. Connubio perfetto. Prossimamente, l&#8217;audio dell&#8217;evento.<\/p>\n<div align=\"center\">\n<blockquote class=\"twitter-tweet\" data-lang=\"it\">\n<p dir=\"ltr\" lang=\"it\">&#8220;Il decreto Sblocca Italia mi faceva pensare a un purgante&#8221;.<br \/>\nWu_Ming_Foundt 1, UN VIAGGIO CHE NON PROMETTIAMO BREVE<a href=\"https:\/\/twitter.com\/hashtag\/WM1viaggioNoTav?src=hash\">#WM1viaggioNoTav<\/a> <a href=\"https:\/\/t.co\/89qrg4H55K\">pic.twitter.com\/89qrg4H55K<\/a><\/p>\n<p>\u2014 Einaudi editore (@Einaudieditore) <a href=\"https:\/\/twitter.com\/Einaudieditore\/status\/804741463791849473\">2 dicembre 2016<\/a><\/p><\/blockquote>\n<p><script async src=\"\/\/platform.twitter.com\/widgets.js\" charset=\"utf-8\"><\/script><\/p>\n<\/div>\n<div id=\"attachment_26928\" style=\"width: 660px\" class=\"wp-caption aligncenter\"><a href=\"http:\/\/www.wumingfoundation.com\/giap\/wp-content\/uploads\/2016\/12\/UVCNPB_Askatasuna.jpg\"><img loading=\"lazy\" decoding=\"async\" aria-describedby=\"caption-attachment-26928\" class=\"wp-image-26928\" src=\"http:\/\/www.wumingfoundation.com\/giap\/wp-content\/uploads\/2016\/12\/UVCNPB_Askatasuna.jpg\" alt=\"Un viaggio che non promettiamo breve all'Askatasuna di Torino\" width=\"650\" height=\"488\" \/><\/a><p id=\"caption-attachment-26928\" class=\"wp-caption-text\"><em>Un viaggio che non promettiamo breve<\/em> all&#8217;Askatasuna di Torino, 2 dicembre 2016.<\/p><\/div>\n<p>Il tour continua, e venerd\u00ec 9 dicembre <a href=\"http:\/\/www.wumingfoundation.com\/giap\/event\/modena-09122016-presentazione-di-un-viaggio-che-non-promettiamo-breve\/\">toccher\u00e0 Modena<\/a>. <a href=\"http:\/\/www.wumingfoundation.com\/giap\/events\/\">Il calendario completo \u00e8 qui<\/a>. Si va avanti.\u00a0<em>A sar\u00e0 du\u0308ra<\/em>.<\/p>\n<blockquote><p>\u00abE sono un entusiasta, di primo approccio<br \/>\ndico sempre a tutti: \u00abCiao, che bello, che fate?\u00a0Dammi un abbraccio\u00bb<br \/>\n\u00c8\u00a0un lavoro anche quello, torno a casa uno straccio<br \/>\nAdesso vieni con me, ti faccio vedere quello che faccio.\u00bb<br \/>\nAssalti Frontali, <em>Io sono con te<\/em><\/p><\/blockquote>\n<p style=\"text-align: center;\"><iframe loading=\"lazy\" src=\"https:\/\/www.youtube.com\/embed\/vXvbwyG9ofM\" width=\"640\" height=\"360\" frameborder=\"0\" allowfullscreen=\"allowfullscreen\"><\/iframe><\/p>\n","protected":false},"excerpt":{"rendered":"\u00ab&#8230;\u00c8 stato, io credo, per l&#8217;assenza da tempo in questa storia di una sinistra che difendesse proletari e reietti invece di schierarsi ciecamente con i concreti sostenitori e impositori di un&#8217;idea di sviluppo supina agli interessi della grande finanza, che mai \u00e8 stata cos\u00ec cieca nei confronti degli interessi collettivi e cos\u00ec disinteressata a quelli [&hellip;]","protected":false},"author":1,"featured_media":26904,"comment_status":"open","ping_status":"open","sticky":false,"template":"","format":"standard","meta":{"footnotes":""},"categories":[4,2821],"tags":[2239,2922,2664,1822,2920,2918,2923,2919,959,2921,2238,2822],"class_list":["post-26902","post","type-post","status-publish","format-standard","has-post-thumbnail","hentry","category-recensioni","category-un-viaggio-che-non-promettiamo-breve","tag-renziscappa","tag-assalti-frontali","tag-elio-germano","tag-gian-carlo-caselli","tag-graziano-delrio","tag-luca-mercalli","tag-militant-a","tag-no-dapl","tag-no-tav","tag-referendum-costituzionale","tag-renzi","tag-un-viaggio-che-non-promettiamo-breve"],"yoast_head":"<!-- This site is optimized with the Yoast SEO plugin v27.5 - https:\/\/yoast.com\/product\/yoast-seo-wordpress\/ -->\n<title>La sconfitta di Renzi, le vittorie #notav e una \u00abreticensione\u00bb di Gian Carlo Caselli #WM1ViaggioNoTav - Giap<\/title>\n<meta name=\"robots\" content=\"index, follow, max-snippet:-1, max-image-preview:large, max-video-preview:-1\" \/>\n<link rel=\"canonical\" href=\"https:\/\/www.wumingfoundation.com\/giap\/2016\/12\/la-sconfitta-di-renzi-le-vittorie-notav-e-una-reticensione-di-gian-carlo-caselli-wm1viaggionotav\/\" \/>\n<meta property=\"og:locale\" content=\"it_IT\" \/>\n<meta property=\"og:type\" content=\"article\" \/>\n<meta property=\"og:title\" content=\"La sconfitta di Renzi, le vittorie #notav e una \u00abreticensione\u00bb di Gian Carlo Caselli #WM1ViaggioNoTav - Giap\" \/>\n<meta property=\"og:description\" content=\"\u00ab&#8230;\u00c8 stato, io credo, per l&#8217;assenza da tempo in questa storia di una sinistra che difendesse proletari e reietti invece di schierarsi ciecamente con i concreti sostenitori e impositori di un&#8217;idea di sviluppo supina agli interessi della grande finanza, che mai \u00e8 stata cos\u00ec cieca nei confronti degli interessi collettivi e cos\u00ec disinteressata a quelli [&hellip;]\" \/>\n<meta property=\"og:url\" content=\"https:\/\/www.wumingfoundation.com\/giap\/2016\/12\/la-sconfitta-di-renzi-le-vittorie-notav-e-una-reticensione-di-gian-carlo-caselli-wm1viaggionotav\/\" \/>\n<meta property=\"og:site_name\" content=\"Giap\" \/>\n<meta property=\"article:published_time\" content=\"2016-12-06T10:18:44+00:00\" \/>\n<meta property=\"article:modified_time\" content=\"2023-01-08T23:03:51+00:00\" \/>\n<meta property=\"og:image\" content=\"https:\/\/www.wumingfoundation.com\/giap\/wp-content\/uploads\/2016\/12\/Caselli_su_UVCNPB.jpg\" \/>\n\t<meta property=\"og:image:width\" content=\"1209\" \/>\n\t<meta property=\"og:image:height\" content=\"841\" \/>\n\t<meta property=\"og:image:type\" content=\"image\/jpeg\" \/>\n<meta name=\"author\" content=\"Wu Ming\" \/>\n<meta name=\"twitter:card\" content=\"summary_large_image\" \/>\n<meta name=\"twitter:creator\" content=\"@Wu_Ming_Foundt\" \/>\n<meta name=\"twitter:site\" content=\"@Wu_Ming_Foundt\" \/>\n<meta name=\"twitter:label1\" content=\"Scritto da\" \/>\n\t<meta name=\"twitter:data1\" content=\"Wu Ming\" \/>\n\t<meta name=\"twitter:label2\" content=\"Tempo di lettura stimato\" \/>\n\t<meta name=\"twitter:data2\" content=\"17 minuti\" \/>\n<script type=\"application\/ld+json\" class=\"yoast-schema-graph\">{\"@context\":\"https:\\\/\\\/schema.org\",\"@graph\":[{\"@type\":\"Article\",\"@id\":\"https:\\\/\\\/www.wumingfoundation.com\\\/giap\\\/2016\\\/12\\\/la-sconfitta-di-renzi-le-vittorie-notav-e-una-reticensione-di-gian-carlo-caselli-wm1viaggionotav\\\/#article\",\"isPartOf\":{\"@id\":\"https:\\\/\\\/www.wumingfoundation.com\\\/giap\\\/2016\\\/12\\\/la-sconfitta-di-renzi-le-vittorie-notav-e-una-reticensione-di-gian-carlo-caselli-wm1viaggionotav\\\/\"},\"author\":{\"name\":\"Wu Ming\",\"@id\":\"https:\\\/\\\/www.wumingfoundation.com\\\/giap\\\/#\\\/schema\\\/person\\\/881b1c925aaf48fe6eb5c3970be4458f\"},\"headline\":\"La sconfitta di Renzi, le vittorie #notav e una \u00abreticensione\u00bb di Gian Carlo Caselli #WM1ViaggioNoTav\",\"datePublished\":\"2016-12-06T10:18:44+00:00\",\"dateModified\":\"2023-01-08T23:03:51+00:00\",\"mainEntityOfPage\":{\"@id\":\"https:\\\/\\\/www.wumingfoundation.com\\\/giap\\\/2016\\\/12\\\/la-sconfitta-di-renzi-le-vittorie-notav-e-una-reticensione-di-gian-carlo-caselli-wm1viaggionotav\\\/\"},\"wordCount\":3524,\"commentCount\":14,\"image\":{\"@id\":\"https:\\\/\\\/www.wumingfoundation.com\\\/giap\\\/2016\\\/12\\\/la-sconfitta-di-renzi-le-vittorie-notav-e-una-reticensione-di-gian-carlo-caselli-wm1viaggionotav\\\/#primaryimage\"},\"thumbnailUrl\":\"https:\\\/\\\/www.wumingfoundation.com\\\/giap\\\/wp-content\\\/uploads\\\/2016\\\/12\\\/Caselli_su_UVCNPB.jpg\",\"keywords\":[\"#Renziscappa\",\"Assalti Frontali\",\"Elio Germano\",\"Gian Carlo Caselli\",\"Graziano Delrio\",\"Luca Mercalli\",\"Militant A\",\"No DAPL\",\"No Tav\",\"referendum costituzionale\",\"Renzi\",\"Un viaggio che non promettiamo breve\"],\"articleSection\":[\"Libri\",\"Un viaggio che non promettiamo breve\"],\"inLanguage\":\"it-IT\",\"potentialAction\":[{\"@type\":\"CommentAction\",\"name\":\"Comment\",\"target\":[\"https:\\\/\\\/www.wumingfoundation.com\\\/giap\\\/2016\\\/12\\\/la-sconfitta-di-renzi-le-vittorie-notav-e-una-reticensione-di-gian-carlo-caselli-wm1viaggionotav\\\/#respond\"]}]},{\"@type\":\"WebPage\",\"@id\":\"https:\\\/\\\/www.wumingfoundation.com\\\/giap\\\/2016\\\/12\\\/la-sconfitta-di-renzi-le-vittorie-notav-e-una-reticensione-di-gian-carlo-caselli-wm1viaggionotav\\\/\",\"url\":\"https:\\\/\\\/www.wumingfoundation.com\\\/giap\\\/2016\\\/12\\\/la-sconfitta-di-renzi-le-vittorie-notav-e-una-reticensione-di-gian-carlo-caselli-wm1viaggionotav\\\/\",\"name\":\"La sconfitta di Renzi, le vittorie #notav e una \u00abreticensione\u00bb di Gian Carlo Caselli #WM1ViaggioNoTav - Giap\",\"isPartOf\":{\"@id\":\"https:\\\/\\\/www.wumingfoundation.com\\\/giap\\\/#website\"},\"primaryImageOfPage\":{\"@id\":\"https:\\\/\\\/www.wumingfoundation.com\\\/giap\\\/2016\\\/12\\\/la-sconfitta-di-renzi-le-vittorie-notav-e-una-reticensione-di-gian-carlo-caselli-wm1viaggionotav\\\/#primaryimage\"},\"image\":{\"@id\":\"https:\\\/\\\/www.wumingfoundation.com\\\/giap\\\/2016\\\/12\\\/la-sconfitta-di-renzi-le-vittorie-notav-e-una-reticensione-di-gian-carlo-caselli-wm1viaggionotav\\\/#primaryimage\"},\"thumbnailUrl\":\"https:\\\/\\\/www.wumingfoundation.com\\\/giap\\\/wp-content\\\/uploads\\\/2016\\\/12\\\/Caselli_su_UVCNPB.jpg\",\"datePublished\":\"2016-12-06T10:18:44+00:00\",\"dateModified\":\"2023-01-08T23:03:51+00:00\",\"author\":{\"@id\":\"https:\\\/\\\/www.wumingfoundation.com\\\/giap\\\/#\\\/schema\\\/person\\\/881b1c925aaf48fe6eb5c3970be4458f\"},\"breadcrumb\":{\"@id\":\"https:\\\/\\\/www.wumingfoundation.com\\\/giap\\\/2016\\\/12\\\/la-sconfitta-di-renzi-le-vittorie-notav-e-una-reticensione-di-gian-carlo-caselli-wm1viaggionotav\\\/#breadcrumb\"},\"inLanguage\":\"it-IT\",\"potentialAction\":[{\"@type\":\"ReadAction\",\"target\":[\"https:\\\/\\\/www.wumingfoundation.com\\\/giap\\\/2016\\\/12\\\/la-sconfitta-di-renzi-le-vittorie-notav-e-una-reticensione-di-gian-carlo-caselli-wm1viaggionotav\\\/\"]}]},{\"@type\":\"ImageObject\",\"inLanguage\":\"it-IT\",\"@id\":\"https:\\\/\\\/www.wumingfoundation.com\\\/giap\\\/2016\\\/12\\\/la-sconfitta-di-renzi-le-vittorie-notav-e-una-reticensione-di-gian-carlo-caselli-wm1viaggionotav\\\/#primaryimage\",\"url\":\"https:\\\/\\\/www.wumingfoundation.com\\\/giap\\\/wp-content\\\/uploads\\\/2016\\\/12\\\/Caselli_su_UVCNPB.jpg\",\"contentUrl\":\"https:\\\/\\\/www.wumingfoundation.com\\\/giap\\\/wp-content\\\/uploads\\\/2016\\\/12\\\/Caselli_su_UVCNPB.jpg\",\"width\":1209,\"height\":841,\"caption\":\"Caselli su Un viaggio che non promettiamo breve\"},{\"@type\":\"BreadcrumbList\",\"@id\":\"https:\\\/\\\/www.wumingfoundation.com\\\/giap\\\/2016\\\/12\\\/la-sconfitta-di-renzi-le-vittorie-notav-e-una-reticensione-di-gian-carlo-caselli-wm1viaggionotav\\\/#breadcrumb\",\"itemListElement\":[{\"@type\":\"ListItem\",\"position\":1,\"name\":\"Home\",\"item\":\"https:\\\/\\\/www.wumingfoundation.com\\\/giap\\\/\"},{\"@type\":\"ListItem\",\"position\":2,\"name\":\"La sconfitta di Renzi, le vittorie #notav e una \u00abreticensione\u00bb di Gian Carlo Caselli #WM1ViaggioNoTav\"}]},{\"@type\":\"WebSite\",\"@id\":\"https:\\\/\\\/www.wumingfoundation.com\\\/giap\\\/#website\",\"url\":\"https:\\\/\\\/www.wumingfoundation.com\\\/giap\\\/\",\"name\":\"Giap\",\"description\":\"Il sito ufficiale di Wu Ming, collettivo di scrittori\",\"potentialAction\":[{\"@type\":\"SearchAction\",\"target\":{\"@type\":\"EntryPoint\",\"urlTemplate\":\"https:\\\/\\\/www.wumingfoundation.com\\\/giap\\\/?s={search_term_string}\"},\"query-input\":{\"@type\":\"PropertyValueSpecification\",\"valueRequired\":true,\"valueName\":\"search_term_string\"}}],\"inLanguage\":\"it-IT\"},{\"@type\":\"Person\",\"@id\":\"https:\\\/\\\/www.wumingfoundation.com\\\/giap\\\/#\\\/schema\\\/person\\\/881b1c925aaf48fe6eb5c3970be4458f\",\"name\":\"Wu Ming\",\"image\":{\"@type\":\"ImageObject\",\"inLanguage\":\"it-IT\",\"@id\":\"https:\\\/\\\/secure.gravatar.com\\\/avatar\\\/1f49001124f0d5b3aeb1d387dbd89e7b48de4c5c15539460ec1c154566c1723c?s=96&d=blank&r=g\",\"url\":\"https:\\\/\\\/secure.gravatar.com\\\/avatar\\\/1f49001124f0d5b3aeb1d387dbd89e7b48de4c5c15539460ec1c154566c1723c?s=96&d=blank&r=g\",\"contentUrl\":\"https:\\\/\\\/secure.gravatar.com\\\/avatar\\\/1f49001124f0d5b3aeb1d387dbd89e7b48de4c5c15539460ec1c154566c1723c?s=96&d=blank&r=g\",\"caption\":\"Wu Ming\"}}]}<\/script>\n<!-- \/ Yoast SEO plugin. -->","yoast_head_json":{"title":"La sconfitta di Renzi, le vittorie #notav e una \u00abreticensione\u00bb di Gian Carlo Caselli #WM1ViaggioNoTav - Giap","robots":{"index":"index","follow":"follow","max-snippet":"max-snippet:-1","max-image-preview":"max-image-preview:large","max-video-preview":"max-video-preview:-1"},"canonical":"https:\/\/www.wumingfoundation.com\/giap\/2016\/12\/la-sconfitta-di-renzi-le-vittorie-notav-e-una-reticensione-di-gian-carlo-caselli-wm1viaggionotav\/","og_locale":"it_IT","og_type":"article","og_title":"La sconfitta di Renzi, le vittorie #notav e una \u00abreticensione\u00bb di Gian Carlo Caselli #WM1ViaggioNoTav - Giap","og_description":"\u00ab&#8230;\u00c8 stato, io credo, per l&#8217;assenza da tempo in questa storia di una sinistra che difendesse proletari e reietti invece di schierarsi ciecamente con i concreti sostenitori e impositori di un&#8217;idea di sviluppo supina agli interessi della grande finanza, che mai \u00e8 stata cos\u00ec cieca nei confronti degli interessi collettivi e cos\u00ec disinteressata a quelli [&hellip;]","og_url":"https:\/\/www.wumingfoundation.com\/giap\/2016\/12\/la-sconfitta-di-renzi-le-vittorie-notav-e-una-reticensione-di-gian-carlo-caselli-wm1viaggionotav\/","og_site_name":"Giap","article_published_time":"2016-12-06T10:18:44+00:00","article_modified_time":"2023-01-08T23:03:51+00:00","og_image":[{"width":1209,"height":841,"url":"https:\/\/www.wumingfoundation.com\/giap\/wp-content\/uploads\/2016\/12\/Caselli_su_UVCNPB.jpg","type":"image\/jpeg"}],"author":"Wu Ming","twitter_card":"summary_large_image","twitter_creator":"@Wu_Ming_Foundt","twitter_site":"@Wu_Ming_Foundt","twitter_misc":{"Scritto da":"Wu Ming","Tempo di lettura stimato":"17 minuti"},"schema":{"@context":"https:\/\/schema.org","@graph":[{"@type":"Article","@id":"https:\/\/www.wumingfoundation.com\/giap\/2016\/12\/la-sconfitta-di-renzi-le-vittorie-notav-e-una-reticensione-di-gian-carlo-caselli-wm1viaggionotav\/#article","isPartOf":{"@id":"https:\/\/www.wumingfoundation.com\/giap\/2016\/12\/la-sconfitta-di-renzi-le-vittorie-notav-e-una-reticensione-di-gian-carlo-caselli-wm1viaggionotav\/"},"author":{"name":"Wu Ming","@id":"https:\/\/www.wumingfoundation.com\/giap\/#\/schema\/person\/881b1c925aaf48fe6eb5c3970be4458f"},"headline":"La sconfitta di Renzi, le vittorie #notav e una \u00abreticensione\u00bb di Gian Carlo Caselli #WM1ViaggioNoTav","datePublished":"2016-12-06T10:18:44+00:00","dateModified":"2023-01-08T23:03:51+00:00","mainEntityOfPage":{"@id":"https:\/\/www.wumingfoundation.com\/giap\/2016\/12\/la-sconfitta-di-renzi-le-vittorie-notav-e-una-reticensione-di-gian-carlo-caselli-wm1viaggionotav\/"},"wordCount":3524,"commentCount":14,"image":{"@id":"https:\/\/www.wumingfoundation.com\/giap\/2016\/12\/la-sconfitta-di-renzi-le-vittorie-notav-e-una-reticensione-di-gian-carlo-caselli-wm1viaggionotav\/#primaryimage"},"thumbnailUrl":"https:\/\/www.wumingfoundation.com\/giap\/wp-content\/uploads\/2016\/12\/Caselli_su_UVCNPB.jpg","keywords":["#Renziscappa","Assalti Frontali","Elio Germano","Gian Carlo Caselli","Graziano Delrio","Luca Mercalli","Militant A","No DAPL","No Tav","referendum costituzionale","Renzi","Un viaggio che non promettiamo breve"],"articleSection":["Libri","Un viaggio che non promettiamo breve"],"inLanguage":"it-IT","potentialAction":[{"@type":"CommentAction","name":"Comment","target":["https:\/\/www.wumingfoundation.com\/giap\/2016\/12\/la-sconfitta-di-renzi-le-vittorie-notav-e-una-reticensione-di-gian-carlo-caselli-wm1viaggionotav\/#respond"]}]},{"@type":"WebPage","@id":"https:\/\/www.wumingfoundation.com\/giap\/2016\/12\/la-sconfitta-di-renzi-le-vittorie-notav-e-una-reticensione-di-gian-carlo-caselli-wm1viaggionotav\/","url":"https:\/\/www.wumingfoundation.com\/giap\/2016\/12\/la-sconfitta-di-renzi-le-vittorie-notav-e-una-reticensione-di-gian-carlo-caselli-wm1viaggionotav\/","name":"La sconfitta di Renzi, le vittorie #notav e una \u00abreticensione\u00bb di Gian Carlo Caselli #WM1ViaggioNoTav - Giap","isPartOf":{"@id":"https:\/\/www.wumingfoundation.com\/giap\/#website"},"primaryImageOfPage":{"@id":"https:\/\/www.wumingfoundation.com\/giap\/2016\/12\/la-sconfitta-di-renzi-le-vittorie-notav-e-una-reticensione-di-gian-carlo-caselli-wm1viaggionotav\/#primaryimage"},"image":{"@id":"https:\/\/www.wumingfoundation.com\/giap\/2016\/12\/la-sconfitta-di-renzi-le-vittorie-notav-e-una-reticensione-di-gian-carlo-caselli-wm1viaggionotav\/#primaryimage"},"thumbnailUrl":"https:\/\/www.wumingfoundation.com\/giap\/wp-content\/uploads\/2016\/12\/Caselli_su_UVCNPB.jpg","datePublished":"2016-12-06T10:18:44+00:00","dateModified":"2023-01-08T23:03:51+00:00","author":{"@id":"https:\/\/www.wumingfoundation.com\/giap\/#\/schema\/person\/881b1c925aaf48fe6eb5c3970be4458f"},"breadcrumb":{"@id":"https:\/\/www.wumingfoundation.com\/giap\/2016\/12\/la-sconfitta-di-renzi-le-vittorie-notav-e-una-reticensione-di-gian-carlo-caselli-wm1viaggionotav\/#breadcrumb"},"inLanguage":"it-IT","potentialAction":[{"@type":"ReadAction","target":["https:\/\/www.wumingfoundation.com\/giap\/2016\/12\/la-sconfitta-di-renzi-le-vittorie-notav-e-una-reticensione-di-gian-carlo-caselli-wm1viaggionotav\/"]}]},{"@type":"ImageObject","inLanguage":"it-IT","@id":"https:\/\/www.wumingfoundation.com\/giap\/2016\/12\/la-sconfitta-di-renzi-le-vittorie-notav-e-una-reticensione-di-gian-carlo-caselli-wm1viaggionotav\/#primaryimage","url":"https:\/\/www.wumingfoundation.com\/giap\/wp-content\/uploads\/2016\/12\/Caselli_su_UVCNPB.jpg","contentUrl":"https:\/\/www.wumingfoundation.com\/giap\/wp-content\/uploads\/2016\/12\/Caselli_su_UVCNPB.jpg","width":1209,"height":841,"caption":"Caselli su Un viaggio che non promettiamo breve"},{"@type":"BreadcrumbList","@id":"https:\/\/www.wumingfoundation.com\/giap\/2016\/12\/la-sconfitta-di-renzi-le-vittorie-notav-e-una-reticensione-di-gian-carlo-caselli-wm1viaggionotav\/#breadcrumb","itemListElement":[{"@type":"ListItem","position":1,"name":"Home","item":"https:\/\/www.wumingfoundation.com\/giap\/"},{"@type":"ListItem","position":2,"name":"La sconfitta di Renzi, le vittorie #notav e una \u00abreticensione\u00bb di Gian Carlo Caselli #WM1ViaggioNoTav"}]},{"@type":"WebSite","@id":"https:\/\/www.wumingfoundation.com\/giap\/#website","url":"https:\/\/www.wumingfoundation.com\/giap\/","name":"Giap","description":"Il sito ufficiale di Wu Ming, collettivo di scrittori","potentialAction":[{"@type":"SearchAction","target":{"@type":"EntryPoint","urlTemplate":"https:\/\/www.wumingfoundation.com\/giap\/?s={search_term_string}"},"query-input":{"@type":"PropertyValueSpecification","valueRequired":true,"valueName":"search_term_string"}}],"inLanguage":"it-IT"},{"@type":"Person","@id":"https:\/\/www.wumingfoundation.com\/giap\/#\/schema\/person\/881b1c925aaf48fe6eb5c3970be4458f","name":"Wu Ming","image":{"@type":"ImageObject","inLanguage":"it-IT","@id":"https:\/\/secure.gravatar.com\/avatar\/1f49001124f0d5b3aeb1d387dbd89e7b48de4c5c15539460ec1c154566c1723c?s=96&d=blank&r=g","url":"https:\/\/secure.gravatar.com\/avatar\/1f49001124f0d5b3aeb1d387dbd89e7b48de4c5c15539460ec1c154566c1723c?s=96&d=blank&r=g","contentUrl":"https:\/\/secure.gravatar.com\/avatar\/1f49001124f0d5b3aeb1d387dbd89e7b48de4c5c15539460ec1c154566c1723c?s=96&d=blank&r=g","caption":"Wu Ming"}}]}},"_links":{"self":[{"href":"https:\/\/www.wumingfoundation.com\/giap\/wp-json\/wp\/v2\/posts\/26902","targetHints":{"allow":["GET"]}}],"collection":[{"href":"https:\/\/www.wumingfoundation.com\/giap\/wp-json\/wp\/v2\/posts"}],"about":[{"href":"https:\/\/www.wumingfoundation.com\/giap\/wp-json\/wp\/v2\/types\/post"}],"author":[{"embeddable":true,"href":"https:\/\/www.wumingfoundation.com\/giap\/wp-json\/wp\/v2\/users\/1"}],"replies":[{"embeddable":true,"href":"https:\/\/www.wumingfoundation.com\/giap\/wp-json\/wp\/v2\/comments?post=26902"}],"version-history":[{"count":1,"href":"https:\/\/www.wumingfoundation.com\/giap\/wp-json\/wp\/v2\/posts\/26902\/revisions"}],"predecessor-version":[{"id":50832,"href":"https:\/\/www.wumingfoundation.com\/giap\/wp-json\/wp\/v2\/posts\/26902\/revisions\/50832"}],"wp:featuredmedia":[{"embeddable":true,"href":"https:\/\/www.wumingfoundation.com\/giap\/wp-json\/wp\/v2\/media\/26904"}],"wp:attachment":[{"href":"https:\/\/www.wumingfoundation.com\/giap\/wp-json\/wp\/v2\/media?parent=26902"}],"wp:term":[{"taxonomy":"category","embeddable":true,"href":"https:\/\/www.wumingfoundation.com\/giap\/wp-json\/wp\/v2\/categories?post=26902"},{"taxonomy":"post_tag","embeddable":true,"href":"https:\/\/www.wumingfoundation.com\/giap\/wp-json\/wp\/v2\/tags?post=26902"}],"curies":[{"name":"wp","href":"https:\/\/api.w.org\/{rel}","templated":true}]}}