{"id":25467,"date":"2016-06-22T23:58:44","date_gmt":"2016-06-22T21:58:44","guid":{"rendered":"http:\/\/www.wumingfoundation.com\/giap\/?p=25467"},"modified":"2023-07-11T10:31:06","modified_gmt":"2023-07-11T08:31:06","slug":"casapound-rapporti-con-lestrema-destra-nel-ventre-del-partito-renziano","status":"publish","type":"post","link":"https:\/\/www.wumingfoundation.com\/giap\/2016\/06\/casapound-rapporti-con-lestrema-destra-nel-ventre-del-partito-renziano\/","title":{"rendered":"CasaP(oun)D. Rapporti con l&#8217;estrema destra nel ventre del partito renziano"},"content":{"rendered":"<p><meta http-equiv=\"refresh\" content=\u201c1; url='https:\/\/www.wumingfoundation.com\/giap\/2019\/12\/lamore-e-fortissimo-il-corpo-no-2-dieci-anni-di-twitter\/#casapd'\" \/><\/p>\n<div id=\"attachment_25468\" style=\"width: 669px\" class=\"wp-caption aligncenter\"><a href=\"https:\/\/storify.com\/wu_ming_foundt\/sui-rapporti-tra-pd-renziano-e\"><img loading=\"lazy\" decoding=\"async\" aria-describedby=\"caption-attachment-25468\" class=\"wp-image-25468 size-full\" src=\"http:\/\/www.wumingfoundation.com\/giap\/wp-content\/uploads\/2016\/06\/milit_728b.jpg\" alt=\"L'uccello del malaugurio\" width=\"659\" height=\"310\" \/><\/a><p id=\"caption-attachment-25468\" class=\"wp-caption-text\">Nell&#8217;inchiesta troverete anche quest&#8217;uccellaccio del malaugurio, e vedrete in quale contesto.<\/p><\/div>\n<p>di <strong>Wu Ming<\/strong> e <strong>Nicoletta Bourbaki <\/strong>*<\/p>\n<h4>[Attenzione: nel maggio 2018 Storify ha chiuso, cancellando tutti i post. La rassegna di episodi non poteva essere archiviata via Wayback Machine per un problema tecnico. Dal dicembre 2020, il sunto pi\u00f9 completo dell&#8217;inchiesta <strong>\u2192 <a href=\"https:\/\/www.wumingfoundation.com\/giap\/2019\/12\/lamore-e-fortissimo-il-corpo-no-2-dieci-anni-di-twitter\/#casapd\">si trova qui<\/a><\/strong>.]<\/h4>\n<p>Come il tentativo di costruire il Partito della Nazione sfond\u00f2 ogni argine a destra e ancora pi\u00f9 a destra.<strong><br \/>\n\u2192<\/strong>\u00a0<strong><a href=\"https:\/\/web.archive.org\/web\/20170929153339\/https:\/\/storify.com\/wu_ming_foundt\/sui-rapporti-tra-pd-renziano-e\">Un&#8217;inchiesta collettiva<\/a><\/strong> <strong>\u2190<\/strong>\u00a0Raccolta di informazioni e link partita nella primavera 2016 e condivisa su Twitter.\u00a0Il risultato\u00a0messo in fila\u00a0su Storify e costantemente aggiornato. Tutte le fonti sono dichiarate.<\/p>\n<blockquote><p>\u00abNel corpo sempre pi\u00f9 virtuale del partito &#8211; che non ha pi\u00f9 una teoria n\u00e9 una minimamente coerente visione del mondo oltre la mera difesa della propria funzione e dello stato delle cose &#8211; regnano la pi\u00f9 assoluta spregiudicatezza, il peggior eclettismo e la schizofrenia. Se aggiungiamo che la scalata di Renzi ha attirato avventurieri da ogni dove, il risultato \u00e8 che da dentro il PD giungono addirittura esternazioni chiaramente fasciste.\u00bb<\/p><\/blockquote>\n<p>Orrori dalla\u00a0provincia diffusa e dai cuori delle metropoli, esempi dalle periferie e dal centro:<br \/>\n&#8211; piddini che fanno iniziative con Casapound;<br \/>\n&#8211; fascisti ospitati in circoli del Pd;<br \/>\n&#8211; piddini e fascisti che si fanno i selfie assieme;<br \/>\n&#8211; Casapound che invita a votare Pd;<br \/>\n&#8211; dirigenti locali del Pd che si accusano a vicenda di avere pacchetti di voti neofascisti;<br \/>\n&#8211; amministratori del Pd che commemorano fascisti insieme ad associazioni neofasciste;<br \/>\n&#8211; esternazioni reazionarie e razziste di dirigenti PD locali e nazionali&#8230;<\/p>\n<p>Tutto\u00a0documentato, con <span style=\"color: #ff0000;\"><strong>citazione di ogni fonte<\/strong><\/span>.<\/p>\n<p>C&#8217;\u00e8 altro? Eccome! Leggere per credere.\u00a0C&#8217;\u00e8 anche\u00a0una riflessione\u00a0su cos&#8217;\u00e8 il renzismo, cosa ha cercato di essere il Pd, cosa ci rivelano simili\u00a0\u00abcorrispondenze d&#8217;amorosi sensi\u00bb.<\/p>\n<p><strong>\u2192<\/strong>\u00a0<strong><a href=\"https:\/\/web.archive.org\/web\/20170929153339\/https:\/\/storify.com\/wu_ming_foundt\/sui-rapporti-tra-pd-renziano-e\">Buona lettura.<\/a><\/strong><!--more--><\/p>\n<p><strong>*<\/strong>\u00a0<b>Nicoletta Bourbaki<\/b>\u00a0\u00e8 un gruppo di lavoro sul revisionismo storiografico in rete e sulle false notizie a tema storico, nato nel 2012 durante una discussione su\u00a0<i>Giap<\/i>, il blog di Wu Ming. Ne fanno parte storici, ricercatori di varie discipline, scrittori, attivisti e semplici appassionati di storia. Il nome allude al collettivo di matematici noto con lo pseudonimo collettivo \u00abNicolas Bourbaki\u00bb attivo in Francia dagli anni Trenta agli anni Ottanta del ventesimo secolo.<br \/>\nIl gruppo di lavoro ha all\u2019attivo diverse inchieste \u2013\u00a0<a href=\"http:\/\/www.wumingfoundation.com\/giap\/tag\/nicoletta-bourbaki\/\" target=\"_blank\" rel=\"noopener noreferrer\">pubblicate su\u00a0<i>Giap<\/i><\/a>\u00a0\u2013 sulle manipolazioni neofasciste della Wikipedia in lingua italiana e sui falsi storici in tema di foibe. Tra i vari risultati, ha contribuito a smontare\u00a0<a href=\"http:\/\/www.wumingfoundation.com\/giap\/2016\/12\/la-foiba-volante-non-esiste\/\">la bufala della cosiddetta \u00abfoiba di Rosazzo\u00bb<\/a>, altrimenti detta \u00abfoiba volante\u00bb.<br \/>\nPer l\u2019edizione on line della rivista\u00a0<em>Internazionale<\/em>, in occasione del Giorno del Ricordo 2017, Nicoletta Bourbaki ha curato lo speciale\u00a0<a href=\"http:\/\/www.wumingfoundation.com\/giap\/2017\/02\/la-storia-intorno-alle-foibe-su-internazionale-uno-speciale-sul-giornodelricordo-a-cura-di-nicoletta-bourbaki\/\"><em>La storia intorno alle foibe<\/em><\/a>. Sul n.39 della rivista di studi storici\u00a0<em>Zapruder<\/em>\u00a0(gennaio-aprile 2016), in collaborazione con\u00a0<strong>Lorenzo Filipaz<\/strong>, ha pubblicato l\u2019articolo\u00a0<em><a href=\"https:\/\/www.academia.edu\/31624293\/Wi-chi_Battaglie_per_il_sapere_in_rete_Zapruder_n._39_gen-apr_2016\">Wi Chi? Battaglie per il sapere in rete<\/a><\/em><em>.<\/em>\u00a0In collaborazione con\u00a0<strong>Tommaso Baldo<\/strong>, ha partecipato alla tavola rotonda\u00a0<a href=\"http:\/\/www.studistorici.com\/2017\/03\/29\/sommario-numero-29\/#sec2\">Wikipedia e le scienze storiche<\/a>, organizzata e pubblicata dalla rivista storica\u00a0<em>Diacronie<\/em>.<br \/>\nNicoletta Bourbaki\u00a0<a href=\"https:\/\/www.facebook.com\/BourbakiNicoletta\/\">\u00e8 anche su Facebook<\/a>.<\/p>\n","protected":false},"excerpt":{"rendered":"","protected":false},"author":1,"featured_media":28962,"comment_status":"open","ping_status":"open","sticky":false,"template":"","format":"standard","meta":{"footnotes":""},"categories":[3,1943],"tags":[709,1934,2359,2427,1610],"class_list":["post-25467","post","type-post","status-publish","format-standard","has-post-thumbnail","hentry","category-appunti","category-inchieste","tag-casapound","tag-matteo-renzi","tag-nicoletta-bourbaki","tag-partito-della-nazione","tag-pd"],"_links":{"self":[{"href":"https:\/\/www.wumingfoundation.com\/giap\/wp-json\/wp\/v2\/posts\/25467","targetHints":{"allow":["GET"]}}],"collection":[{"href":"https:\/\/www.wumingfoundation.com\/giap\/wp-json\/wp\/v2\/posts"}],"about":[{"href":"https:\/\/www.wumingfoundation.com\/giap\/wp-json\/wp\/v2\/types\/post"}],"author":[{"embeddable":true,"href":"https:\/\/www.wumingfoundation.com\/giap\/wp-json\/wp\/v2\/users\/1"}],"replies":[{"embeddable":true,"href":"https:\/\/www.wumingfoundation.com\/giap\/wp-json\/wp\/v2\/comments?post=25467"}],"version-history":[{"count":2,"href":"https:\/\/www.wumingfoundation.com\/giap\/wp-json\/wp\/v2\/posts\/25467\/revisions"}],"predecessor-version":[{"id":52948,"href":"https:\/\/www.wumingfoundation.com\/giap\/wp-json\/wp\/v2\/posts\/25467\/revisions\/52948"}],"wp:featuredmedia":[{"embeddable":true,"href":"https:\/\/www.wumingfoundation.com\/giap\/wp-json\/wp\/v2\/media\/28962"}],"wp:attachment":[{"href":"https:\/\/www.wumingfoundation.com\/giap\/wp-json\/wp\/v2\/media?parent=25467"}],"wp:term":[{"taxonomy":"category","embeddable":true,"href":"https:\/\/www.wumingfoundation.com\/giap\/wp-json\/wp\/v2\/categories?post=25467"},{"taxonomy":"post_tag","embeddable":true,"href":"https:\/\/www.wumingfoundation.com\/giap\/wp-json\/wp\/v2\/tags?post=25467"}],"curies":[{"name":"wp","href":"https:\/\/api.w.org\/{rel}","templated":true}]}}