{"id":24480,"date":"2016-03-21T20:00:47","date_gmt":"2016-03-21T19:00:47","guid":{"rendered":"http:\/\/www.wumingfoundation.com\/giap\/?p=24480"},"modified":"2024-09-29T13:13:32","modified_gmt":"2024-09-29T11:13:32","slug":"periferia-degrado-ruspa-la-serata-di-bolzano-che-non-e-piaciuta-a-lega-casapound-e-svariati-altri","status":"publish","type":"post","link":"https:\/\/www.wumingfoundation.com\/giap\/2016\/03\/periferia-degrado-ruspa-la-serata-di-bolzano-che-non-e-piaciuta-a-lega-casapound-e-svariati-altri\/","title":{"rendered":"Periferia, degrado, RUSPA! La serata di #Bolzano che non \u00e8 piaciuta a Lega, Casapound&#8230; e altri"},"content":{"rendered":"<div id=\"attachment_24481\" style=\"width: 660px\" class=\"wp-caption aligncenter\"><img loading=\"lazy\" decoding=\"async\" aria-describedby=\"caption-attachment-24481\" class=\"wp-image-24481 size-full\" src=\"http:\/\/www.wumingfoundation.com\/giap\/wp-content\/uploads\/2016\/03\/parterre.jpg\" alt=\"Da sinistra: Flavio Pintarelli, Giuliano Santoro, Valerio Renzi e Wolf Bukowski. Immagine tratta da Salto.bz , testata on-line sudtirolese bilingue.\" width=\"650\" height=\"280\" \/><p id=\"caption-attachment-24481\" class=\"wp-caption-text\">Da sinistra: Flavio Pintarelli, Giuliano Santoro, Valerio Renzi e Wolf Bukowski. Immagine tratta da <a href=\"http:\/\/www.salto.bz\">Salto.bz<\/a>, testata on-line sudtirolese bilingue.<\/p><\/div>\n<p>A cura dell&#8217;<strong>Accademia della Ruspa<\/strong>.<\/p>\n<p>Il 9 marzo, nella pienissima aula magna di un liceo bolzanino, tre autori Alegre (e <em>giapsters<\/em>) &#8211; <strong>Giuliano Santoro<\/strong>, <strong>Valerio Renzi<\/strong> e <strong>Wolf Bukowski<\/strong> \u2013 hanno parlato di \u00abPeriferia, Degrado, RUSPA!\u00bb. Erano coordinati da <strong>Flavio Pintarelli<\/strong>, blogger (e <i>giapster<\/i><i>)<\/i>; la serata era promossa dall&#8217;associazione <a href=\"https:\/\/www.facebook.com\/DADAROSE15\/\">Dada Rose<\/a>.<\/p>\n<p>\u00c8 stata l&#8217;occasione, come sentirete dire a Flavio nella registrazione, di<i> posare<\/i><i> uno sguardo esterno sull&#8217;omb<\/i><i>elico B<\/i><i>olzano<\/i>. Un ombelico di cui su queste pagine si \u00e8 parlato <a href=\"http:\/\/www.wumingfoundation.com\/giap\/?tag=bolzano\">pi\u00f9 volte<\/a> e in cui si annidano, quale lanugine:<!--more--><\/p>\n<p><strong>1.<\/strong>\u00a0l&#8217;enfatizzazione del degrado e l&#8217;ideologia del decoro (per questo \u00e8 stato invitato Giuliano, autore di <em><a href=\"http:\/\/suduepiedi.net\/2016\/02\/al-palo-della-morte-prossime-date-a-altre-recensioni\/\">Al palo della morte<\/a><\/em>);<\/p>\n<p><strong>2.<\/strong> il rinforzarsi reciproco di questa ideologia con un aggressivo progetto di \u00abriqualificazione\u00bb della zona vicino alla stazione ferroviaria (di cui ha parlato Wolf nel reportage \u00ab<a href=\"http:\/\/www.internazionale.it\/reportage\/2016\/02\/20\/bolzano-barbarie\">Bolzano e barbarie<\/a>\u00bb\u00a0apparso su <em>Internazionale<\/em>);<\/p>\n<div id=\"attachment_24482\" style=\"width: 650px\" class=\"wp-caption aligncenter\"><img loading=\"lazy\" decoding=\"async\" aria-describedby=\"caption-attachment-24482\" class=\"wp-image-24482 size-full\" src=\"http:\/\/www.wumingfoundation.com\/giap\/wp-content\/uploads\/2016\/03\/BenkoLaudaOscar.jpg\" alt=\"Benko porta a Bolzano Oscar Farinetti e Niki Lauda\" width=\"640\" height=\"209\" \/><p id=\"caption-attachment-24482\" class=\"wp-caption-text\"><strong>Oscar Farinetti<\/strong> e <strong>Niki Lauda<\/strong>, soci del miliardario (<a href=\"http:\/\/www.ansa.it\/trentino\/notizie\/2014\/08\/11\/benko-condannato-per-intervento-illegale_f970ffdb-9bdb-43c8-b166-0ee4333f2d17.html\">pregiudicato<\/a>) <strong>Ren\u00e9 Benko<\/strong> nel progetto <em>Kaufhaus Bozen<\/em> e nell&#8217;espansione di Eataly nei paesi di lingua tedesca. Il giornale riprodotto \u00e8 il quotidiano <em>Alto Adige<\/em>.<\/p><\/div>\n<p><strong>3.<\/strong> il protagonismo leghista e fascista tanto nell&#8217;alimentare la prima quanto nel sostenere il secondo (dopo aver premesso, come da copione, di essere <i>contro i centri commerciali<\/i>&#8230; tranne quelli che contrastano il \u00abdegrado\u00bb), ed \u00e8 per analizzarlo che \u00e8 stato invitato Valerio, autore de <em><a href=\"http:\/\/www.dinamopress.it\/news\/un-lessico-populista-e-xenofobo-per-gli-orfani-della-rappresentanza\">La politica della ruspa<\/a><\/em>).<\/p>\n<div id=\"attachment_24483\" style=\"width: 660px\" class=\"wp-caption aligncenter\"><img loading=\"lazy\" decoding=\"async\" aria-describedby=\"caption-attachment-24483\" class=\"wp-image-24483\" src=\"http:\/\/www.wumingfoundation.com\/giap\/wp-content\/uploads\/2016\/03\/Dada-locandina.jpg\" alt=\"Dada locandina\" width=\"650\" height=\"919\" \/><p id=\"caption-attachment-24483\" class=\"wp-caption-text\">Il simbolo no-wifi fa riferimento alle battaglie leghiste contro i punti d&#8217;accesso aperti a cui si connettono i migranti, le siringhe alle campagne \u201cantidegrado\u201d di Casa Pound, le maschere all&#8217;artificio della \u201cspontaneit\u00e0\u201d dei comitati di cittadini. La grafica \u00e8 di Inchiostro Lisergico.<\/p><\/div>\n<p>Che <i>Dada Rose<\/i> abbia colto nel segno \u00e8 dimostrato dal nervosismo delle reazioni e, ancor pi\u00f9, dalla <a href=\"https:\/\/www.salto.bz\/article\/10032016\/la-retorica-anti-degrado\">grande partecipazione<\/a> alla serata.<\/p>\n<p>Nei giorni precedenti, un leghista segnala il manifesto alla Digos affermando di riconoscersi nella figura con l&#8217;icona no-wifi.<\/p>\n<p>In seguito, la sovrintendente scolastica provinciale lamenta <a href=\"http:\/\/altoadige.gelocal.it\/bolzano\/cronaca\/2016\/03\/05\/news\/bufera-sulla-conferenza-al-liceo-1.13073997\">l&#8217;inopportunit\u00e0<\/a> di \u00abospitare un evento simile in un istituto importante come il liceo classico\u00bb,\u00a0ma il preside conferma la disponibilit\u00e0 della sala.<\/p>\n<p>Da parte sua, Casa Pound accusa i promotori di essere della stessa parte politica di chi ha \u00abintrappolato la citt\u00e0 in un vortice di degrado\u00bb.<\/p>\n<p>Ma la trovata pi\u00f9 divertente \u00e8 quella di un giornalista bolzanino che su FB, per sfottere relatori e organizzatori, li nomina \u00abAccademia della Ruspa\u00bb.<\/p>\n<div id=\"attachment_24484\" style=\"width: 660px\" class=\"wp-caption aligncenter\"><img loading=\"lazy\" decoding=\"async\" aria-describedby=\"caption-attachment-24484\" class=\"wp-image-24484\" src=\"http:\/\/www.wumingfoundation.com\/giap\/wp-content\/uploads\/2016\/03\/Vocabolario_della_Crusca_1612.jpg\" alt=\"Vocabolario_della_Crusca_1612\" width=\"650\" height=\"905\" \/><p id=\"caption-attachment-24484\" class=\"wp-caption-text\">Sul frontespizio del vocabolario il frullone, simbolo dell&#8217;Accademia della Crusca.<\/p><\/div>\n<p>E allora va bene, Accademia della Ruspa sia. Un&#8217;accademia che scavi alla radice delle parole <i>degrado<\/i> e <i>decoro<\/i> e ne disveli, come dir\u00e0 Giuliano all&#8217;inizio del suo primo intervento, le radici nel gergo militare: <em>de-gradare<\/em> e <em>decorare<\/em>. E, ancora, il successivo iscriversi di <i>degrado<\/i> e <i>decoro<\/i> nel vocabolario della destra fascioleghista, e infine il loro prender parte al banchetto che il capitale sta facendo delle nostre citt\u00e0. I rumori e le riflessioni dello scavo li trovate qui sotto, in formato audio.<\/p>\n<p><a href=\"http:\/\/www.wumingfoundation.com\/suoni\/Periferia_degrado_ruspa_Bz.mp3\">Periferia, degrado, ruspa. Audio dell&#8217;incontro del 9 marzo 2016<\/a><br \/>\nPeriferia, degrado, ruspa. Audio dell&#8217;incontro del 9 marzo 2016. Durata: 77&#8242; 18&#8243;<\/p>\n<p><strong>Indice\u00a0della registrazione<\/strong><\/p>\n<p><strong>Min. 0<\/strong> [Flavio poi Giuliano]: <em>Un sacco bello<\/em> di Carlo Verdone e il titolo <em>Al palo della morte &#8211;<\/em>\u00a0Le frontiere arbitrarie nelle citt\u00e0: Tor Pignattara e il Pigneto &#8211; De-grado e decoro: perdere gradi rispetto a un (fantomatico) passato, riconquistarli in una (presunta) guerra in corso &#8211; La fine della mediazione politica, il ruolo delle forze dell\u2019ordine &#8211; Il degrado e il decoro avanzano sempre quando nelle nostre citt\u00e0 si riducono gli spazi comuni &#8211; L\u2019amministrazione della citt\u00e0 come quella di un condominio: tutelare i pianerottoli e far valere i propri \u201cmillesimi\u201d &#8211; Il decoro \u00e8 stabilire che un codice culturale deve prevalere sugli altri (non si mangia all&#8217;aperto, non si fanno capannelli&#8230;) mortificando gli spazi di confronto &#8211; La gentrification investe i quartieri popolari, ne sterilizza le culture per poi utilizzarle come carattere del luogo, motivo d\u2019attrazione per chi deve comprare.<\/p>\n<p><strong>Min 11&#8242;<\/strong> [Flavio poi Valerio]: Decoro e degrado nel vocabolario della destra &#8211; Non solo comunicazione politica, ma strumento di mobilitazione e di creazione di consenso &#8211; A volte \u00e8 la destra politica ad animare direttamente i comitati, a volte li strumentalizza &#8211; L&#8217;<i>app<\/i> anti-degrado &#8211; Il fenomeno \u201cRetake\u201d e la deresponsabilizzazione dell&#8217;amministrazione &#8211; I problemi non si risolvono ma si trasformano i cittadini in vigili urbani o in netturbini non retribuiti &#8211; La Ruspa di Salvini \u00e8 sia fisica sia\u00a0metaforica e serve a rimuovere ci\u00f2 che la destra definisce scarto &#8211; Lo smartphone dei migranti e altri luoghi comuni &#8211; L&#8217;abbandono dell&#8217;impresentabile razzismo biologico e la sua sostituzione con la retorica dell&#8217;assedio e dell\u2019impossibilit\u00e0 della convivenza &#8211; Il paradosso del Front National difensore della laicit\u00e0 dello stato &#8211; La creazione di slogan che parlano alla famosa \u201cpancia del paese\u201d &#8211; La teoria complottista della \u201csostituzione dei popoli\u201d che Salvini propone in prima serata senza essere contraddetto.<\/p>\n<p><strong>Min 26&#8242;<\/strong> [Flavio:]\u00a0<i>Sicurezza<\/i>, <i>degrado<\/i>, <i>decoro<\/i> non sono parole neutre ma attivano dei <i>frame<\/i> discorsivi \u00a0Negli ultimi anni si torna a parlare di Bolzano anche<i> fuori<\/i> da Bolzano, e non solo di turismo &#8211; [Wolf:] Perch\u00e9 il reportage da Bolzano \u00a0Farinetti e l&#8217;utilizzo del cibo come grimaldello per la trasformazione delle citt\u00e0 &#8211; L&#8217;italianit\u00e0 promossa con il cibo non \u00e8 innocua: come ogni narrazione nazionale crea dei nemici, dei \u201cbarbari\u201d &#8211; La <i>tipicit\u00e0 <\/i>di Farinetti e l&#8217;omologazione della Grande Distribuzione &#8211; La doppia valenza del cibo: elemento di comunicazione e apertura ma anche identitario: \u00abqui si mangia carne di maiale e si beve vino, se non vi va bene tornatevene a casa vostra\u00bb &#8211;\u00a0Gli alimentari aperti dai migranti come elemento di novit\u00e0 e vitalit\u00e0, <i>ma anche<\/i> i negozi di kebab come portatori di \u201cdegrado\u201d &#8211; Il lato oscuro della filiera alimentare: caporalato e morti sul lavoro &#8211; La riscrittura delle citt\u00e0 attorno al profitto delle grandi catene commerciali e distributive.<\/p>\n<p><strong>Min 42&#8242;<\/strong> [Flavio:] Come i nostri spazi pubblici si configurano, come si struttura il rapporto tra centro e periferia &#8211; [Giuliano:] Le \u201ccitt\u00e0 globali\u201d di Saskia Sassen e Roma: lo svuotamento del centro e le periferie ad accesso differenziato al centro &#8211; La riduzione dei servizi di trasporto tra gli anelli della citt\u00e0 &#8211; Il piano regolatore di Veltroni coerente con questi processi &#8211; I mondiali del 1990 e l&#8217;occupazione della Pantanella &#8211; Al posto della Pantanella oggi una sala Bingo e immobili di pregio &#8211; Come i giornali di allora descrivono la Pantanella: <i>Monumento al degrado, Porcile, Hotel disperati <\/i><i>e<\/i><i> diseredati<\/i>&#8230; &#8211; Tor Pignattara \u00e8 stata ripopolata e resa pi\u00f9 sicura dai negozietti gestiti da migranti &#8211; La <i>app<\/i>\u00a0\u00abBangla di Roma\u00bb e la Peroni da 66 cl. &#8211; Non cadere nelle letture ingenue &#8211; \u201cValorizzazione\u201d della citt\u00e0 e \u201cvalorizzazione\u201d del cibo.<\/p>\n<p><strong>Min 54&#8242;<\/strong> [Wolf:] Farinetti, Berlusconi e una stessa ricetta per Roma: la <i>Tolleranza Zero<\/i> di Rudolph Giuliani &#8211; Pulire \u00abnon solo dalla spazzatura\u00bb &#8211;\u00a0Il caso LIDL di Tor Pignattara e quello Kaufhaus di Bolzano: quando gli interessi economici sono importanti il rispetto per le procedure sembra passare in secondo piano &#8211; La legalit\u00e0 vale solo nei confronti dei deboli?<\/p>\n<p><strong>Min 58&#8242;<\/strong> [Flavio:] Le \u201cemergenze\u201d e la costruzione della paura. La classifica delle citt\u00e0 per qualit\u00e0 della vita e la posizione di Bolzano: ci manca la sicurezza? [Valerio:] La percezione indotta e ingiustificata del pericolo &#8211; I fatti di cronaca, le statistiche e la necessit\u00e0 di leggerli in maniera approfondita &#8211; Le rivolte contro i centri d&#8217;accoglienza e la difesa dello \u201cspazio proprietario\u201d &#8211; Gli anticorpi dal basso &#8211; \u201cStoria\u201d, \u201cidentit\u00e0\u201d e \u201ctradizione\u201d come perpetue, \u201cgi\u00e0 date\u201d, e come pretesto per muovere guerra agli ultimi nelle nostre citt\u00e0.<\/p>\n<p><strong>Min 72&#8242;<\/strong>\u00a0[Flavio invita Giuliano a leggere le prime pagine di <em>Al palo della morte<\/em>. Giuliano legge.]<\/p>\n<p align=\"center\"><img loading=\"lazy\" decoding=\"async\" class=\"aligncenter wp-image-24485\" src=\"http:\/\/www.wumingfoundation.com\/giap\/wp-content\/uploads\/2016\/03\/Dada-FB-pubblico.jpg\" alt=\"Dada FB pubblico\" width=\"650\" height=\"366\" \/><\/p>\n<p align=\"left\"><span style=\"color: #000000;\">Quasi a voler confermare quanto <\/span><span style=\"color: #000000;\"><i>scavato<\/i><\/span><span style=\"color: #000000;\">, luned\u00ec 14 marzo Farinetti in un videomessaggio dice: <\/span><\/p>\n<blockquote>\n<p align=\"left\"><span style=\"color: #000000;\">\u00ab<\/span><span style=\"color: #000000;\">Bolzano \u00e8 una citt\u00e0 di Frontiera, come Trieste, e proprio a Trieste apriremo a settembre un\u2019altra sede di Eataly, allargando un\u2019impresa tipicamente italiana gi\u00e0 presente in tutte le <\/span><span style=\"color: #000000;\">pi\u00f9 grandi citt\u00e0 del mondo con straordinario successo\u00bb<\/span><span style=\"color: #000000;\">. <\/span><\/p>\n<\/blockquote>\n<p align=\"left\"><span style=\"color: #000000;\">B<\/span><span style=\"color: #000000;\">enko rilancia <\/span><span style=\"color: #000000;\">cos\u00ec<\/span><span style=\"color: #000000;\">: <\/span><\/p>\n<blockquote>\n<p align=\"left\"><span style=\"color: #000000;\">\u00ab<\/span><span style=\"color: #000000;\">Eataly \u00e8 la reincarnazione della cultura italiana del cibo e in fondo il Sudtirolo \u00e8 un pezzo d\u2019Italia\u00bb<\/span><span style=\"color: #000000;\">. <\/span><\/p>\n<\/blockquote>\n<p align=\"left\"><span style=\"color: #000000;\">Il denaro non ha bisogno di esercitare cautele geopolitiche.<\/span><\/p>\n<p align=\"left\"><a href=\"http:\/\/salto.bz\/de\/article\/14032016\/vogliamo-eataly-perche-il-sudtirolo-e-un-pezzo-ditalia\">Qui<\/a><span style=\"color: #000000;\"> l&#8217;articolo completo sulla (non) visita di Farinetti a Bolzano.<\/span><\/p>\n","protected":false},"excerpt":{"rendered":"A cura dell&#8217;Accademia della Ruspa. Il 9 marzo, nella pienissima aula magna di un liceo bolzanino, tre autori Alegre (e giapsters) &#8211; Giuliano Santoro, Valerio Renzi e Wolf Bukowski \u2013 hanno parlato di \u00abPeriferia, Degrado, RUSPA!\u00bb. Erano coordinati da Flavio Pintarelli, blogger (e giapster); la serata era promossa dall&#8217;associazione Dada Rose. \u00c8 stata l&#8217;occasione, come [&hellip;]","protected":false},"author":1,"featured_media":24483,"comment_status":"open","ping_status":"open","sticky":false,"template":"","format":"standard","meta":{"footnotes":""},"categories":[1943,5],"tags":[2623,1417,2735,1939,1491,274,598,2733,1933,2734,2619,2367],"class_list":["post-24480","post","type-post","status-publish","format-standard","has-post-thumbnail","hentry","category-inchieste","category-transmedia","tag-al-palo-della-morte","tag-bolzano","tag-dada-rose","tag-eataly","tag-edizioni-alegre","tag-flavio-pintarelli","tag-giuliano-santoro","tag-la-politica-della-ruspa","tag-oscar-farinetti","tag-rene-benko","tag-valerio-renzi","tag-wolf-bukowski"],"_links":{"self":[{"href":"https:\/\/www.wumingfoundation.com\/giap\/wp-json\/wp\/v2\/posts\/24480","targetHints":{"allow":["GET"]}}],"collection":[{"href":"https:\/\/www.wumingfoundation.com\/giap\/wp-json\/wp\/v2\/posts"}],"about":[{"href":"https:\/\/www.wumingfoundation.com\/giap\/wp-json\/wp\/v2\/types\/post"}],"author":[{"embeddable":true,"href":"https:\/\/www.wumingfoundation.com\/giap\/wp-json\/wp\/v2\/users\/1"}],"replies":[{"embeddable":true,"href":"https:\/\/www.wumingfoundation.com\/giap\/wp-json\/wp\/v2\/comments?post=24480"}],"version-history":[{"count":1,"href":"https:\/\/www.wumingfoundation.com\/giap\/wp-json\/wp\/v2\/posts\/24480\/revisions"}],"predecessor-version":[{"id":52061,"href":"https:\/\/www.wumingfoundation.com\/giap\/wp-json\/wp\/v2\/posts\/24480\/revisions\/52061"}],"wp:featuredmedia":[{"embeddable":true,"href":"https:\/\/www.wumingfoundation.com\/giap\/wp-json\/wp\/v2\/media\/24483"}],"wp:attachment":[{"href":"https:\/\/www.wumingfoundation.com\/giap\/wp-json\/wp\/v2\/media?parent=24480"}],"wp:term":[{"taxonomy":"category","embeddable":true,"href":"https:\/\/www.wumingfoundation.com\/giap\/wp-json\/wp\/v2\/categories?post=24480"},{"taxonomy":"post_tag","embeddable":true,"href":"https:\/\/www.wumingfoundation.com\/giap\/wp-json\/wp\/v2\/tags?post=24480"}],"curies":[{"name":"wp","href":"https:\/\/api.w.org\/{rel}","templated":true}]}}