{"id":24013,"date":"2016-02-22T12:42:21","date_gmt":"2016-02-22T11:42:21","guid":{"rendered":"http:\/\/www.wumingfoundation.com\/giap\/?p=24013"},"modified":"2016-02-22T22:05:36","modified_gmt":"2016-02-22T21:05:36","slug":"ovest-25-anni-di-lotte-notav-in-val-di-susa-di-wu-ming-1-prima-puntata-su-internazionale","status":"publish","type":"post","link":"https:\/\/www.wumingfoundation.com\/giap\/2016\/02\/ovest-25-anni-di-lotte-notav-in-val-di-susa-di-wu-ming-1-prima-puntata-su-internazionale\/","title":{"rendered":"Ovest. 25 anni di lotte #notav in Val di Susa &#8211; di Wu Ming 1, prima puntata. Su Internazionale"},"content":{"rendered":"<div id=\"attachment_24015\" style=\"width: 660px\" class=\"wp-caption aligncenter\"><img loading=\"lazy\" decoding=\"async\" aria-describedby=\"caption-attachment-24015\" class=\"wp-image-24015 size-full\" src=\"http:\/\/www.wumingfoundation.com\/giap\/wp-content\/uploads\/2016\/02\/colombera.jpg\" alt=\"La Colombera. Foto di Michele Lapini.\" width=\"650\" height=\"433\" \/><p id=\"caption-attachment-24015\" class=\"wp-caption-text\">La Colombera. Foto di Michele Lapini.<\/p><\/div>\n<p>[<strong>WM1<\/strong>:] Dal 2013 sto scrivendo un libro sul movimento No Tav e, pi\u00f9 in generale, sulla Val di Susa. Qualcosa che oscilla\u00a0tra il romanzo di non-fiction e la <em>canzone di gesta<\/em>. Sono stato in valle tante volte, partecipando a marce, conferenze, escursioni al Cantiere.\u00a0Ho\u00a0intervistato decine di attivist*, compulsato archivi personali, raccolto annate su annate di giornali locali. Ho letto tutti gli altri libri pubblicati sull&#8217;argomento. Per chiarirmi le idee e testare il materiale, ho scritto e proposto ai lettori testi \u00abdi avvicinamento\u00bb: reportages narrativi o racconti di non-fiction.<\/p>\n<p>Chi se ne intende dice che il 2016, per la lotta No Tav in Val di Susa, sar\u00e0 un anno incandescente. Ci sono tutti i presupposti e in pi\u00f9 \u00abc&#8217;\u00e8 qualcosa nell&#8217;aria\u00bb.<\/p>\n<p>In Italia ci sono\u00a0tante lotte No Tav: &#8220;Terzo Valico&#8221;, Brennero, Vicenza, Firenze&#8230; Quella valsusina \u00e8 la pi\u00f9 longeva e radicata. \u00c8 nata nel 1991, compie un\u00a0quarto di secolo ed \u00e8\u00a0ora di un nuovo sunto, di una sintesi. &#8211;\u00a0Dopo venticinque anni, &#8211; mi sono chiesto\u00a0&#8211;\u00a0a che punto si trova il movimento?<\/p>\n<p>Per rispondere, sto scrivendo una &#8220;miniserie&#8221;. Si intitola <em>Ovest<\/em>. \u00c8 un racconto di non-fiction in tre puntate, che usciranno\u00a0una alla settimana su <em>Internazionale<\/em>, illustrate dalle foto del compagno <strong><a href=\"http:\/\/www.michelelapini.net\/\">Michele Lapini<\/a><\/strong>.<\/p>\n<p><a href=\"http:\/\/www.internazionale.it\/reportage\/2016\/02\/22\/no-tav-lotte-val-di-susa\"><strong>La prima puntata \u00e8 appena uscita<\/strong><\/a>.<\/p>\n<p>La seconda la sto scrivendo.<\/p>\n<p>Per la terza, <a href=\"http:\/\/www.notav.info\/post\/appello-8-marzo-no-tav-a-venezia-contro-il-vertice-renzi-hollande\/\">andr\u00f2 a Venezia l&#8217;8 marzo<\/a>.\u00a0La serie si concluder\u00e0 col racconto di quella manifestazione.<\/p>\n<p><strong><a href=\"http:\/\/www.internazionale.it\/reportage\/2016\/02\/22\/no-tav-lotte-val-di-susa\">Buona lettura<\/a><\/strong>.<\/p>\n","protected":false},"excerpt":{"rendered":"[WM1:] Dal 2013 sto scrivendo un libro sul movimento No Tav e, pi\u00f9 in generale, sulla Val di Susa. Qualcosa che oscilla\u00a0tra il romanzo di non-fiction e la canzone di gesta. Sono stato in valle tante volte, partecipando a marce, conferenze, escursioni al Cantiere.\u00a0Ho\u00a0intervistato decine di attivist*, compulsato archivi personali, raccolto annate su annate di [&hellip;]","protected":false},"author":1,"featured_media":24025,"comment_status":"open","ping_status":"open","sticky":false,"template":"","format":"standard","meta":{"footnotes":""},"categories":[1943],"tags":[363,2567,959,977],"class_list":["post-24013","post","type-post","status-publish","format-standard","has-post-thumbnail","hentry","category-inchieste","tag-internazionale","tag-michele-lapini","tag-no-tav","tag-val-di-susa"],"_links":{"self":[{"href":"https:\/\/www.wumingfoundation.com\/giap\/wp-json\/wp\/v2\/posts\/24013","targetHints":{"allow":["GET"]}}],"collection":[{"href":"https:\/\/www.wumingfoundation.com\/giap\/wp-json\/wp\/v2\/posts"}],"about":[{"href":"https:\/\/www.wumingfoundation.com\/giap\/wp-json\/wp\/v2\/types\/post"}],"author":[{"embeddable":true,"href":"https:\/\/www.wumingfoundation.com\/giap\/wp-json\/wp\/v2\/users\/1"}],"replies":[{"embeddable":true,"href":"https:\/\/www.wumingfoundation.com\/giap\/wp-json\/wp\/v2\/comments?post=24013"}],"version-history":[{"count":0,"href":"https:\/\/www.wumingfoundation.com\/giap\/wp-json\/wp\/v2\/posts\/24013\/revisions"}],"wp:featuredmedia":[{"embeddable":true,"href":"https:\/\/www.wumingfoundation.com\/giap\/wp-json\/wp\/v2\/media\/24025"}],"wp:attachment":[{"href":"https:\/\/www.wumingfoundation.com\/giap\/wp-json\/wp\/v2\/media?parent=24013"}],"wp:term":[{"taxonomy":"category","embeddable":true,"href":"https:\/\/www.wumingfoundation.com\/giap\/wp-json\/wp\/v2\/categories?post=24013"},{"taxonomy":"post_tag","embeddable":true,"href":"https:\/\/www.wumingfoundation.com\/giap\/wp-json\/wp\/v2\/tags?post=24013"}],"curies":[{"name":"wp","href":"https:\/\/api.w.org\/{rel}","templated":true}]}}