{"id":23517,"date":"2016-01-31T22:45:23","date_gmt":"2016-01-31T21:45:23","guid":{"rendered":"http:\/\/www.wumingfoundation.com\/giap\/?p=23517"},"modified":"2017-02-01T17:43:00","modified_gmt":"2017-02-01T16:43:00","slug":"lincredibile-storia-di-foibe-uno-dei-piu-grandi-kolossal-mai-girati-appunto-mai-girati-che-esiste-solo-su-wikipedia","status":"publish","type":"post","link":"https:\/\/www.wumingfoundation.com\/giap\/2016\/01\/lincredibile-storia-di-foibe-uno-dei-piu-grandi-kolossal-mai-girati-appunto-mai-girati-che-esiste-solo-su-wikipedia\/","title":{"rendered":"L&#8217;incredibile storia di #Foibe, uno dei pi\u00f9 grandi kolossal mai girati (appunto, mai girati). Una bufala da #GiornodelRicordo"},"content":{"rendered":"<p><img loading=\"lazy\" decoding=\"async\" class=\"aligncenter wp-image-23528 size-full\" title=\"Foibe, co-produzione Italia\/USA, 2013. In una delle sequenze pi\u00f9 rigorose dal punto di vista storiografico, il maresciallo Tito - magistralmente interpretato da Enzo Iacchetti - d\u00e0 personalmente l'ordine di gettare diecimila italiani nella foiba di Basovizza.\" src=\"http:\/\/www.wumingfoundation.com\/giap\/wp-content\/uploads\/2016\/01\/foibe_kolossal.jpg\" alt=\"Una scena del film Foibe, co-produzione Italia\/USA, 2013. In una delle sequenze pi\u00f9 rigorose dal punto di vista storiografico, il maresciallo Tito - magistralmente interpretato da Alessandro Haber - d\u00e0 personalmente l'ordine di gettare diecimila italiani nella foiba di Basovizza.\" width=\"650\" height=\"366\" \/><\/p>\n<p style=\"text-align: left;\"><span style=\"color: #ffffff;\">&#8211;<\/span><br \/>\ndi <b>Nicoletta Bourbaki<\/b> (*)<\/p>\n<p>E cos\u00ec, di nuovo, e ormai con una certa stanchezza, arriva il 10 Febbraio.\u00a0Il <i>Cuore nel pozzo<\/i> sar\u00e0 trasmesso per l\u2019undicesima volta su Rai74, vedremo pubblicata la foto della fucilazione di Dane <a href=\"http:\/\/www.diecifebbraio.info\/dossier-foto-fucilati-di-dane-slovenia-31-luglio-1942\/\">su diversi siti e giornali <\/a> e sentiremo\u00a0le\u00a0<i>boutades<\/i> di qualche associazione di esuli. Immancabili\u00a0le\u00a0interviste a Cristicchi.<\/p>\n<p>Raccontare la storia al grande pubblico non \u00e8 mai facile, soprattutto se si tratta di vicende complesse. Pi\u00f9 parti se ne occultano, pi\u00f9 il quadro risulta incomprensibile. Ma solo aggiungendo l\u2019arroganza di un forte movente politico e una regia mediocre si \u00e8 potuti arrivare a quello che \u00e8 il discorso sulle foibe in Italia.<\/p>\n<p>Nonostante l\u2019impegno, l\u2019entusiasmo, i finanziamenti e il consenso bipartisan il Giorno del ricordo \u00e8 \u201candato storto\u201d, a partire dalla data scelta.<br \/>\nNon certo per mancanza di alternative, la ricorrenza \u00e8 stata fissata nell\u2019anniversario della ratifica del Trattato di Pace di Parigi, 10 febbraio 1947, data in cui l&#8217;Italia &#8211; sconfitta nella guerra che aveva combattuto al fianco di\u00a0Hitler\u00a0&#8211; si impegnava a restituire tutte le colonie e buona parte dei territori annessi in Istria e Dalmazia.<br \/>\nPer molti\u00a0italiani un giorno\u00a0infausto, che li ha trasformati in vittime di un&#8217;ingiustizia.<\/p>\n<p>Far coincidere <em>proprio quella data<\/em> con una narrazione che descrive\u00a0\u00abgli Italiani\u00bb\u00a0unicamente come vittime significa\u00a0omettere\u00a0tutto quel che accadde prima.\u00a0Ma la realt\u00e0\u00a0non si lascia omettere\u00a0cos\u00ec facilmente.\u00a0E\u00a0cos\u00ec, la caratteristica saliente, la costante del parlar di foibe in Italia <i>\u00e8 <\/i> <i>la sfiga<\/i>, la mosca nella minestra che rovina il pasto quando hai gi\u00e0 il cucchiaio in bocca.<!--more--><\/p>\n<h4><b>1. Sfiga e foibe: un breve campionario <\/b><\/h4>\n<p>L\u2019abbiamo visto con le medaglie che ogni anno vengono assegnate ai parenti di infoibati\/dispersi\/caduti che-poi-in-fondo-\u00e8-la-stessa-cosa. \u00abPer L\u2019Italia\u00bb, c\u2019\u00e8 scritto.<br \/>\nC\u2019\u00e8 una commissione dell\u2019esercito che studia le biografie dei papabili e dovrebbe garantire l&#8217;irreprensibilit\u00e0 di queste assegnazioni &#8211; e invece <em>zac!<\/em>, l\u2019anno scorso spunta quella assegnata a <strong>Paride Mori<\/strong>, ex ufficiale del Battaglione &#8220;Benito Mussolini&#8221; che combatt\u00e9 al fianco dei nazisti. Putiferio, imbarazzo. Han decorato un fascista? Sar\u00e0 un caso isolato! Ce n\u2019\u00e8 <a href=\"http:\/\/www.diecifebbraio.info\/elenco-dei-premiati-per-il-giorno-del-ricordo\/\">altri trecento<\/a>, si scopre subito, <a href=\"http:\/\/www.wumingfoundation.com\/giap\/?p=20954\">perch\u00e9 il Giorno del Ricordo \u00e8 un medaglificio fascista<\/a>.<br \/>\n\u00abIo non c\u2019entro\u00bb, avr\u00e0 a dire la Presidente della Camera.<br \/>\nMedaglia revocata il 25 aprile.\u00a0E le altre?<\/p>\n<div id=\"attachment_23552\" style=\"width: 210px\" class=\"wp-caption alignright\"><img loading=\"lazy\" decoding=\"async\" aria-describedby=\"caption-attachment-23552\" class=\"wp-image-23552\" src=\"http:\/\/www.wumingfoundation.com\/giap\/wp-content\/uploads\/2016\/01\/mesic.jpg\" alt=\"Stjepan Mesic\" width=\"200\" height=\"206\" \/><p id=\"caption-attachment-23552\" class=\"wp-caption-text\">Stjepan Mesic<\/p><\/div>\n<p>L\u2019abbiamo visto con il discorso di <strong>Giorgio Napolitano<\/strong> il 10 febbraio del 2007: le foibe e l\u2019esodo scaturite <em>\u00abda un moto di odio e furia sanguinaria e un disegno annessionistico slavo che prevalse innanzitutto nel trattato di pace del 1947, e che assunse i sinistri contorni di una pulizia etnica\u00bb<\/em>. Non \u00e8 cosa da poco, perch\u00e9 se lo dice\u00a0la prima carica dello Stato significa contestare la legittimit\u00e0 del Trattato di Pace e del confine. E allora <i>zac!<\/i>, com\u2019era prevedibile il Presidente croato <strong>Stjepan Mesic<\/strong> replica in tono compunto \u2013 ma corretto \u2013 precipitando il teatrino della pacificazione nazionale in salsa nazionalista in un grave incidente diplomatico con interessamento della stampa internazionale.<\/p>\n<p>Sentiremo\u00a0che dir\u00e0 quest\u2019anno Mattarella.<\/p>\n<p>Sul fronte delle \u201carti\u201d, degli strumenti di edificazione a beneficio dell\u2019ampio pubblico, abbiamo visto la gi\u00e0 menzionata fiction sulle foibe ambientata in Istria nel 1944 e che dell\u2019Istria non ha nulla, n\u00e9 storia n\u00e9 luoghi.<br \/>\nDel resto, con il 1944 le foibe c\u2019entrano poco.<\/p>\n<p><img loading=\"lazy\" decoding=\"async\" class=\"alignleft wp-image-23553\" src=\"http:\/\/www.wumingfoundation.com\/giap\/wp-content\/uploads\/2016\/01\/Simone_Cristicchi.jpg___th_320_0.jpg\" alt=\"Simone Cristicchi\" width=\"200\" height=\"199\" \/>Abbiamo visto <a href=\"http:\/\/www.wumingfoundation.com\/giap\/?p=16149\">lo spettacolo teatrale<\/a>\u00a0che innesta il genere pseudostorico nel fertile tronco della commedia popolare: \u00abUn certo Giuliano Dalmata!\u00bb <em>Prooot!<\/em> Risate.<\/p>\n<p>Abbiamo visto il diario scritto da <strong>Frediano Sessi<\/strong> <i>come se<\/i> fosse <b>Norma Cossetto<\/b>, la conoscenza della cui tragica fine si basa per\u00f2 in gran parte su congetture e dicerie o, per dirla con Roberto Spazzali, \u00abincontrollate fantasie e presunte testimonianze\u00bb. Un\u2019opera dettata da un imperativo etico, si direbbe.<\/p>\n<p>Lo sterile connubio tra artisti in cerca di finanziamento e foiberia, esoderia, confineorientaleria scade in un rapporto perverso in cui il taglio preciso richiesto dal committente sovrasta le possibilit\u00e0 dell\u2019autore (in genere non eccelse) e il fiasco \u00e8 assicurato sempre o quasi.<\/p>\n<p>Anzitutto, \u00e8 indispensabile l\u2019iperbole.<\/p>\n<p>Ecco dunque l\u2019esplosione di Vergarolla (cos\u00ec nota in serbocroato: <i>Eksplozija na Vergaroli<\/i>) che diventa \u00abla Strage di Vergarolla\u00bb che a sua volta, in assenza non solo di una verit\u00e0 giudiziaria, ma anche pi\u00f9 in generale di prove certe, diventa <a href=\"https:\/\/web.archive.org\/web\/20160131122534\/http:\/\/www.aise.it\/rassegna-stampa\/un-documentario-per-raccontare-agli-italiani-la-strage-di-vergarolla\/53546\/158\">\u00abil pi\u00f9 sanguinoso attentato nella storia dell\u2019Italia repubblicana\u00bb<\/a>.<\/p>\n<p>Tra l&#8217;altro,\u00a0Pola non ha mai fatto parte dell\u2019Italia repubblicana.\u00a0Semmai &#8211; per poco pi\u00f9 di vent\u2019anni &#8211; del Regno d\u2019Italia, e nel 1946 era amministrata dagli angloamericani.<\/p>\n<p>La strage, tornata da anni prepotentemente in auge, \u00e8 oggetto\u00a0di saggi che prescindono totalmente dall\u2019uso delle fonti in lingua serbo-croata, dove forse <a href=\"http:\/\/hrcak.srce.hr\/82529\">qualcosa di interessante si sarebbe potuto trovare<\/a>, come la dichiarazione pubblica dell\u2019anziano polesano <strong>Benedetto Buich<\/strong> secondo cui gli ordigni furono\u00a0fatti esplodere dall\u2019italiano <strong>Riccardo Saccon<\/strong> in stato di ubriachezza.<br \/>\n\u00c8\u00a0inoltre diventata proprio quest\u2019anno il soggetto di un documentario sponsorizzato al solito da alcune associazioni degli esuli, documentario intitolato non ironicamente, e dunque tragicamente, <i>L\u2019ultima spiaggia<\/i>, la cui prima copia \u00e8 stata subito\u00a0donata a Cristicchi, ormai nume tutelare e Madrina delle foibe.<\/p>\n<p>L\u2019iniziativa, partita da <a href=\"https:\/\/www.produzionidalbasso.com\/project\/lultima-spiaggia-pola-fra-la-strage-di-vergarolla-e-lesodo\/\">qui<\/a>, ci informa che possiamo ricevere una copia del film su blu ray per un prezzo dai 100 ai 190 euro, e non manca di farci sapere che<\/p>\n<blockquote><p>\u00abci sono gi\u00e0 prenotazioni del [\u2026] film per proiezioni in concomitanza del Giorno del Ricordo del 10 febbraio: chi di voi volesse spargere la voce presso enti, amministrazioni o associazioni che possono essere sensibili al tema, ve ne saremmo grati! #UltimaSpiaggiaVergarolla\u00bb<\/p><\/blockquote>\n<p>&#8230;che messo cos\u00ec suona un po\u2019 come una supplica.<\/p>\n<p>Sembra che nell\u2019economia dello show-business italiano, dopo il lavoro di alcuni &#8220;apripista&#8221;, le foibe siano diventate\u00a0il tempo supplementare, la possibilit\u00e0 per artisti pi\u00f9 o meno in disarmo di accedere a un circuito privilegiato di finanziamenti e vendite garantite, purch\u00e9 siano disposti a maneggiare una sostanza poco piacevole.<\/p>\n<p><strong>Alberto Negrin<\/strong>, regista de <em>Il cuore nel pozzo<\/em>, continua a galleggiare dalle parti di Raifiction. Cristicchi, dopo aver raggiunto il culmine della fase \u201cimpegnata\u201d con <i>Ti regaler\u00f2 una rosa<\/i> (si ricorder\u00e0 <i>Mi chiamo Antonio \/ credevo di parlare col demonio<\/i>) \u00e8 approdato in pochi anni al confine orientale.<\/p>\n<p>E cos\u00ec, eccone molti altri, pi\u00f9 o meno giovani e conosciuti, ridotti a frequentare il tema sgradito per eccellenza \u2013 e quindi tanto pi\u00f9 gratificante per via della pretesa persecuzione politica di chi se ne occupa \u2013 magari anche solo per farsi un po\u2019 di pubblicit\u00e0.<\/p>\n<p>Sono iniziative che partono talvolta dal basso, si mettono all\u2019asta&#8230; e fatalmente ancora pi\u00f9 in basso sprofondano. Perch\u00e9 occuparsi di foibe porta a benefici <i>concreti<\/i> solo a mostrarle da una certa angolatura, che al poetico e all\u2019immaginario concede poco, privilegiando piuttosto i toni del risentito e del morboso. All\u2019autore rimangono spazi di manovra strettissimi \u2013 Cristicchi alla prima rappresentazione del suo spettacolo <a href=\"https:\/\/web.archive.org\/web\/20160131223136\/http:\/\/ilpiccolo.gelocal.it\/trieste\/cronaca\/2013\/10\/20\/news\/cristicchi-modificato-sbagliato-inserire-pahor-1.7954604\">ha subito pressioni per non inserire una citazione di <strong>Boris Pahor <\/strong><\/a> \u2013 ma si pu\u00f2 consolare con l\u2019esaltazione acritica della stampa, l\u2019affetto del mondo politico e le scolaresche intruppate a teatro.<\/p>\n<h4><b>2. Un genio, due compari e tanti polli: il film <em>Foibe<\/em><\/b><\/h4>\n<p>Di queste iniziative, la pi\u00f9 <i>paradigmatica<\/i> \u00e8 quella di \u00abFOIBE\u00bb IL KOLOSSAL CON 12 OSCAR E 30 NOMINATIONS (urlato nel <a href=\"https:\/\/web.archive.org\/web\/20160201091312\/http:\/\/www.anvgd.it\/notizie\/11036-08-feb-foibe-il-kolossal-con-12-oscar-e-30-nominations\">testo<\/a>) che ci permette di apprezzare, nelle dimensioni della bufala, l\u2019intero spettro cromatico della vicenda delle foibe in Italia, dall\u2019impossibilit\u00e0 di nutrire dubbi in riferimento ad alcunch\u00e9 venga affermato sulle foibe, la cui <i>verit\u00e0\u00a0\u00e8 sacra<\/i>, alla scarsa professionalit\u00e0 della stampa nostrana, fino al gigantismo e alla totale mancanza del senso del ridicolo.<\/p>\n<p>Il merito di cotanta rivelazione va al regista <strong>Mirko Zeppellini<\/strong> alias <strong>John Kaylin<\/strong>, cui, non fosse per <a href=\"https:\/\/web.archive.org\/web\/20160131223234\/http:\/\/scumscamblast.blogspot.it\/2010\/01\/mirko-zeppellini-alias-john-kaylin.html\">le cosucce raccontate qui<\/a> andrebbe tutta la nostra simpatia, se non altro per l\u2019entit\u00e0 del bidone tirato a certi ambienti.<\/p>\n<div id=\"attachment_23523\" style=\"width: 660px\" class=\"wp-caption aligncenter\"><a href=\"http:\/\/scumscamblast.blogspot.it\/2010\/01\/mirko-zeppellini-alias-john-kaylin.html\"><img loading=\"lazy\" decoding=\"async\" aria-describedby=\"caption-attachment-23523\" class=\"wp-image-23523 size-full\" src=\"http:\/\/www.wumingfoundation.com\/giap\/wp-content\/uploads\/2016\/01\/zeppellini.jpg\" alt=\"Mirko Zeppellini aka John Kaylin aka John Michael Kane.\" width=\"650\" height=\"635\" \/><\/a><p id=\"caption-attachment-23523\" class=\"wp-caption-text\"><strong>Mirko Zeppellini<\/strong> aka <strong>John Kaylin<\/strong>, aka\u00a0<strong>John F. Kaylin<\/strong>, aka&#8230;<\/p><\/div>\n<p>Ma andiamo con ordine.<\/p>\n<p>Tutto inizia negli ultimi giorni del 2010, quando <a href=\"http:\/\/ricerca.gelocal.it\/ilpiccolo\/archivio\/ilpiccolo\/2010\/12\/30\/NZ_18_EPRE.html\">Il Piccolo<\/a>\u00a0di Trieste\u00a0e una manciata di altri giornali annunciano l\u2019intento di Zeppellini\u00a0&#8211; il quale\u00a0<em>\u00abfin da giovane si \u00e8 accostato al mondo dello spettacolo, con la messa in scena di un&#8217;opera a soli 13 anni che lo ha fatto conoscere nell&#8217;ambiente cinematografico\u00bb!<\/em> &#8211; di girare in Friuli Venezia Giulia un film sulle foibe, preannunciando che il successivo 10 febbraio <em>\u00ab\u00e8 prevista una conferenza stampa negli Stati Uniti, al quale parteciper\u00e0 anche <strong>Paolo Sardos Albertini<\/strong> in rappresentanza della Lega nazionale\u00bb<\/em>.<\/p>\n<p>Da questo momento sar\u00e0 un continuo stillicidio di dichiarazioni, sempre pi\u00f9 roboanti, faraoniche, ridicole, incredibili.<br \/>\nDel resto, da uno con una biografia cos\u00ec, cio\u00e8 anche banalmente <i>scritta cos\u00ec<\/i>, ci si pu\u00f2 aspettare davvero di tutto:<\/p>\n<blockquote><p><span class=\"Apple-converted-space\"><span class=\"Apple-converted-space\"><img loading=\"lazy\" decoding=\"async\" class=\"alignright size-full wp-image-23608\" src=\"http:\/\/www.wumingfoundation.com\/giap\/wp-content\/uploads\/2016\/02\/kayilin2.jpeg\" alt=\"Zeppellini\" width=\"200\" height=\"199\" \/>\u00abBorn Mirko Zeppellini, in Italy, to a family from Parma with Jewish origins. He&#8217;s been defined many times as a young genius. For this reason since a young age he decided to adopt a stage name and that&#8217;s how John Kaylin\u00a0was born. A playwright by the age of 12. He got his first play put on at the stage by the age of 13 [&#8230;] This passion has taken him to also produce soundtracks and to open a publishing company, making an album and soundtrack with the Ennio Morricone.<br \/>\nIn addition to three albums with the pianist David Helfgott, who became famous with the Academy Award-winning movie &#8220;Shine&#8221;. [&#8230;] When he publicly said that Italy was the last country where an artist could be born, live, and grow; and after he escaped from an anti-semitic attack on him because of his Jewish origins and for producing Jewish artists, he decided to move to South America and to the USA. [&#8230;]<br \/>\nHe&#8217;s also working on the screenplay &#8220;E&#8221;, a story that shows how &#8220;mathematically&#8221; the existence of God can be proven.<br \/>\nHe&#8217;s also working, after six years of research and collecting written proof, photographs, and video; the story of the Foibe. A dark period in Europe after WWII that was erased from the school books, to avoid problems for both the Italian and Yugoslavian governments. This has also created trouble for John Kaylin\u00a0and so he has decided to permanently leave Europe.\u00bb <strong><a href=\"https:\/\/web.archive.org\/web\/20160131222822\/http:\/\/www.imdb.com\/name\/nm2615731\/bio?ref_=nm_ov_bio_sm\">Fonte: Imdb<\/a><\/strong> <\/span><\/span><\/p><\/blockquote>\n<p>Dopo appena due settimane \u00e8 <a href=\"https:\/\/web.archive.org\/web\/20160131223343\/http:\/\/www.ilfriuli.it\/articolo\/archivio\/unione_e_rispetto_tra_religioni\/29\/66755\">Il Friuli<\/a>, in solitaria, a dare la notizia che <em>\u00abun\u2019iniziativa della Produzione del film &#8216;Foibe&#8217;, ha portato le comunit\u00e0 religiose presenti a Trieste ad unirsi in un\u2019unica benedizione rivolta alle persone che a fine anno arriveranno in Friuli Venezia Giulia per le riprese del film\u00bb<\/em>.<\/p>\n<p>Individuando nelle fenditure carsiche insospettate virt\u00f9 ecumeniche, il regista spiega che<\/p>\n<blockquote><p>\u00ab<i>Foibe<\/i> chiamer\u00e0 al lavoro cristiani, islamici, ebrei, buddisti, centinaia di razze e religioni: un gruppo umano [ \u2026 ]<span class=\"Apple-converted-space\">\u00a0 Ritengo che questo film sia l&#8217;occasione per mostrare in Italia e nel Mondo che siamo realmente tutti parte di questo piccolo grande pianeta [ \u2026 ] in modo che tutti possano ricordare che gli insegnamenti di Torah, Vangelo e Corano parlano di popoli di un unico mondo, nati affinch\u00e9 si possano conoscere a vicenda e convivere insieme.\u00bb <\/span><\/p><\/blockquote>\n<p>Attorno al 10 febbraio del 2011 \u00abFOIBE\u00bb, IL KOLOSSAL CON 12 OSCAR E 30 NOMINATIONS raggiunge la sua massima notoriet\u00e0, con articoli altisonanti su tutta la stampa locale \u2013 compresa quella della minoranza italiana in Istria \u2013 pi\u00f9 <a href=\"https:\/\/web.archive.org\/web\/20160126180235\/http:\/\/www.ilgiornale.it\/news\/stragi-compiute-dai-titini-70-anni-lamerica-scopre-foibe-e.html\">Il Giornale<\/a>,\u00a0merc\u00e8 la sempre brillante penna di <strong>Fausto Biloslavo<\/strong>.<\/p>\n<p>Biloslavo scrive, tra le altre cose:<\/p>\n<blockquote><p>\u00abDurante la presentazione a Los Angeles \u00e8 stato annunciato che con Kaylin lavorer\u00e0 il regista inglese <strong>John Michael Kane<\/strong>.\u00bb<\/p><\/blockquote>\n<div id=\"attachment_23590\" style=\"width: 210px\" class=\"wp-caption alignright\"><img loading=\"lazy\" decoding=\"async\" aria-describedby=\"caption-attachment-23590\" class=\"size-full wp-image-23590\" src=\"http:\/\/www.wumingfoundation.com\/giap\/wp-content\/uploads\/2016\/01\/Biloslavo.jpg\" alt=\"Fausto Biloslavo\" width=\"200\" height=\"214\" \/><p id=\"caption-attachment-23590\" class=\"wp-caption-text\">Fausto Biloslavo<\/p><\/div>\n<p>Che \u00e8 come dire: con Zeppellini lavorer\u00e0 Zeppellini, dato che non risulta esistere alcun \u00abregista inglese\u00bb di nome \u00abJohn Michael Kane\u00bb, e quest&#8217;ultimo \u00e8 da pi\u00f9 parti indicato come l&#8217;ennesimo pseudonimo usato\u00a0da <em>\u00abthe young genius\u00bb<\/em>.<\/p>\n<p>Biloslavo non \u00e8 l&#8217;unico a essersi bevuto la storia del \u00abregista inglese\u00bb, e nemmeno il primo.\u00a0L&#8217;ha presa direttamente dal <em>Piccolo<\/em>. Durante questo passaggio da una velina promozionale a un giornale locale a un giornale nazionale, nessuno ha fatto la minima verifica. Eppure sarebbe bastato un\u00a0minuto di ricerca su Google per scoprire che \u00abJohn Michael Kane\u00bb \u00e8 un nome fittizio preso di pacca da\u00a0un romanzo\u00a0di spionaggio di <strong>Robert Ludlum<\/strong>\u00a0e dal film che ne \u00e8 stato tratto,\u00a0<em>The Bourne Identity<\/em>.<\/p>\n<p>L&#8217;identit\u00e0 sdoppiata e l&#8217;immaginario regista inglese finiranno dritti su Wikipedia.<\/p>\n<p>Assieme alla notizia dell\u2019avvenuta presentazione negli Stati Uniti (presentazione di cosa, di grazia, se le riprese sarebbero iniziate a fine anno?), che in provincia fa sempre effetto, sulla stampa si annuncia un\u2019improbabile lista di partecipanti:<\/p>\n<p class=\"p4\"><span class=\"Apple-converted-space\"><span class=\"Apple-converted-space\"><span class=\"Apple-converted-space\"><em>\u00abun gruppo di brillanti artisti che vanta ben 12 Oscar vinti e 30 nominations [\u2026] Maxime Alexandre, direttore della fotografia, famoso per \u2018High Tension\u2019, \u2018Mirrors\u2019, con Kiefer Sutherland, \u2018Le colline hanno gli occhi&#8217; [&#8230;] Il make up sar\u00e0 curato da Vittorio Sodano, che ha lavorato in oltre 30 produzioni, ricevendo due nominations agli Oscar per \u2018Il Divo\u2019 di Paolo Sorrentino e \u2018Apocalypto\u2019 di Mel Gibson. Aldo Signoretti sar\u00e0 l\u2019hair stylist. \u00e8 un\u2019artista di fama internazionale con oltre 60 produzioni e film come \u2018Troy\u2019, \u2018Gangs of New York\u2019, \u2018Romeo + Juliet\u2019\u00bb<\/em>.<\/span><\/span><\/span><\/p>\n<p>Non male, se si aggiunge anche che <em>\u00abla post produzione avverr\u00e0 in USA e seguita dagli stessi tecnici che insiema hanno realizzato la saga di Guerre Stellari, Indiana Jones e Superman\u00bb<\/em>, come se questo fosse garanzia di qualcosa.<\/p>\n<p>Al di l\u00e0 del truccatore e del parrucchiere, e dei rispettivi Oscar, la consulenza storica viene rivendicata dalla Lega Nazionale di Trieste, il cui Presidente Paolo Sardos Albertini spiega proprio sul Giornale che <em>\u00abL\u2019iniziativa ha la lodevole aspirazione di far conoscere la vicenda delle foibe a tutto il mondo, attraverso le sale cinematografiche, <a href=\"http:\/\/www.diecifebbraio.info\/2013\/05\/risiera-e-foibe-un-accostamento-aberrante-articolo-di-giovanni-miccoli-del-1976\/\">sul modello di Schindler\u2019s List<\/a>\u00bb<\/em>.<\/p>\n<p>Negli stessi giorni, oltre agli imbarazzanti dettagli di cui sopra, <a href=\"https:\/\/web.archive.org\/web\/20160126112349\/http:\/\/www.anvgd.it\/notizie\/11720-11mag0718-haber-vaporidis-e-iacchetti-nel-film-di-hollywood-sulle-foibe\">sul sito dell\u2019Associazione Nazionale Venezia Giulia e Dalmazia<\/a> (ANVGD) si scrive qualcosa che comincia a puzzare di bruciato, ovvero che <em>\u00abla produzione del film vuole ringraziare per l\u2019aiuto e la collaborazione: la Lega Nazionale e il suo Presidente, Avv. Paolo Sardos Albertini, il Comune di Trieste, il Sindaco Roberto Dipiazza, Il Vice Sindaco Paris Lippi e l\u2019Assessore alla Politiche Culturali e Museali, Massimo Grego [in realt\u00e0 si chiama Greco Ndr], Provincia di Trieste e la Regione Friuli Venezia Giulia l\u2019associazione Nazionale Vittime del Dovere d\u2019Italia e il Presidente Cav. Andrea Fasanella Il Ministero della Difesa, lo Stato Maggiore dell\u2019Esercito e lo Stato Maggiore della Difesa, la Guardia di Finanza il Ministero degli Interni e il Dipartimento di Pubblica Sicurezza, l\u2019on. Isidoro Gottardo e il Gruppo Consiliare Regionale del PDL, Mario Maffi, nostro consulente storico\u00bb<\/em> e ovviamente <em>\u00abtutti gli abitanti di Trieste che vorranno collaborare con la produzione del film\u00bb<\/em>.<\/p>\n<p>Come se non bastasse, si annuncia che <em>\u00abuna parte dei profitti del film [&#8230;] sar\u00e0 devoluta al Children&#8217;s Hospital di Los Angeles\u00bb<\/em>.<br \/>\nSembra quasi troppo bello per essere vero, ma notoriamente chi dubita \u00e8 un disfattista.<\/p>\n<p>Qui sotto, la locandina del film recuperata dagli oscuri recessi della pagina imdb.com di e su Kaylin\/Zeppellini. Anche questa potrebbe essere opera di qualche artista che ha meritato l\u2019Oscar, ma in mancanza di notizie certe, meglio non sbilanciarsi.<\/p>\n<div id=\"attachment_23575\" style=\"width: 430px\" class=\"wp-caption aligncenter\"><img loading=\"lazy\" decoding=\"async\" aria-describedby=\"caption-attachment-23575\" class=\"wp-image-23575 size-full\" src=\"http:\/\/www.wumingfoundation.com\/giap\/wp-content\/uploads\/2016\/01\/foibe-locandina.jpg\" alt=\"Locandina del film Foibe\" width=\"420\" height=\"720\" \/><p id=\"caption-attachment-23575\" class=\"wp-caption-text\">Cosa sono quei segni l\u00ec? Sono peli? \u00c8 Giobbe Covatta?<\/p><\/div>\n<p>Dopo tanto scalpore, visto che evidentemente una produzione statunitense sulle foibe \u00ab<a href=\"https:\/\/web.archive.org\/web\/20160131223602\/http:\/\/www.anvgd.it\/index.php?option=com_content&amp;task=view&amp;id=11036&amp;itemid=33\">con 152 ruoli, uno dei pi\u00f9 grandi film corali della storia oltre migliaia di comparse<\/a>\u00bb pu\u00f2 esistere solo nella fantasia e nella megalomania di certa gente, non resta che diffondere ancora pi\u00f9 fumo per nascondere l\u2019assenza dell\u2019arrosto.<\/p>\n<h4><strong>3. \u00abSmarmella tutto!\u00bb<\/strong><\/h4>\n<p><img loading=\"lazy\" decoding=\"async\" class=\"alignright size-full wp-image-23526\" src=\"http:\/\/www.wumingfoundation.com\/giap\/wp-content\/uploads\/2016\/01\/enzo-iacchetti_225x150.jpg\" alt=\"Enzo Iacchetti\" width=\"225\" height=\"150\" \/>Forse \u00e8 lo stesso regista, stupito dal credito ricevuto, a confondersi e lasciarsi prendere la mano.\u00a0Ad ogni modo, la cosa funziona per alcuni mesi, con una serie di iperboli tali che, assieme a quanto ricostruito finora, rendono davvero difficile credere che in cos\u00ec tanti abbiano abboccato.<br \/>\nIl primo \u201clavori in corso\u201d \u00e8 datato maggio, quando <a href=\"https:\/\/web.archive.org\/web\/20150118192918\/http:\/\/ilpiccolo.gelocal.it\/trieste\/cronaca\/2011\/05\/12\/news\/film-americano-sulle-foibe-nel-cast-haber-e-vaporidis-1.56796\">sul solito Piccolo <\/a> si legge che <em>\u00abAlessandro Haber, Enzo Iacchetti e Nicolas Vaporidis reciteranno una parte nel film Foibe\u00bb oltre a \u00abClaudio Gio\u00e8, Claudio Castrogiovanni, Gianni Bruschetta<\/em> [sic, in realt\u00e0 \u00e8\u00a0Ninni Bruschetta, <a href=\"http:\/\/www.wumingfoundation.com\/giap\/wp-content\/uploads\/2016\/01\/duccio.jpg\">il &#8220;Duccio&#8221; della serie TV <em>Boris<\/em><\/a>]<em>, Giobbe Covatta, Karolina Porcari, Gianpiero Cognoli, Filippo Guttuso, Fabio Camilli, Elio D&#8217;Alessandro e Andrea Lehotska\u00bb<\/em>.<\/p>\n<p><i>Foibe<\/i>, si annuncia, sar\u00e0 presentato il 10 febbraio 2013.<\/p>\n<p>Ad agosto l\u2019ultimo fuoco d\u2019artificio, con <strong>Enzo Iacchetti<\/strong> che al Festival Idea Format Tv\u00a0<a href=\"https:\/\/web.archive.org\/web\/20160131223724\/http:\/\/www.anvgd.it\/notizie\/11989-04set0828-enzo-iacchetti-co-regista-dellamericano-foibe.html\">dichiara di avere accettato la regia (o co-regia) del film<\/a>.<\/p>\n<blockquote><p>\u00abDal 26 settembre fino alla Befana riprendo <i>Striscia la Notizia<\/i> [\u2026] Quindi a maggio sar\u00f2 a Trieste per fare il regista di <i>Foibe<\/i>.\u00bb<\/p><\/blockquote>\n<p>Poi, ovviamente, pi\u00f9 niente. Perch\u00e9 il film non esiste. Non \u00e8 mai esistito. Non\u00a0potrebbe mai esistere, siamo seri.<\/p>\n<p style=\"text-align: center;\"><img loading=\"lazy\" decoding=\"async\" class=\"aligncenter size-full wp-image-23531\" src=\"http:\/\/www.wumingfoundation.com\/giap\/wp-content\/uploads\/2016\/01\/zeppellin_con_due_L.jpg\" alt=\"Zeppellin\" width=\"650\" height=\"495\" \/><\/p>\n<p>Non sarebbe stato difficile fare una ricerca su Google, nonostante i vari pseudonimi di\u00a0Zeppellini\u00a0e il continuo cambio nei nomi delle societ\u00e0 coinvolte (Listen o Silent production con o senza la esse finale). <a href=\"https:\/\/web.archive.org\/web\/20100422133314\/http:\/\/www.romanotizie.it\/music-can-do-it-di-silent-foundation.html\">Questo evento romano<\/a>\u00a0ad esempio, datato 2008, non ha mai avuto luogo e nel comunicato stampa un giornalista coscienzioso avrebbe trovato diverse piste da seguire.<\/p>\n<h4><strong>4. La voce di Wikipedia<\/strong><\/h4>\n<p>Del film\u00a0<em>Foibe<\/em>\u00a0\u00e8 interessante <a href=\"https:\/\/web.archive.org\/web\/20160104180537\/https:\/\/it.wikipedia.org\/wiki\/Foibe_%28film%29\">la pagina su\u00a0Wikipedia<\/a>, pubblicata da un IP salentino\u00a0nel gennaio 2013. Poco prima di pubblicare quest&#8217;inchiesta, abbiamo dato l&#8217;annuncio su Twitter e <a href=\"http:\/\/www.wumingfoundation.com\/giap\/wp-content\/uploads\/2016\/02\/film_foibe_cancellazione.jpg\">subito la voce \u00e8 stata cancellata<\/a>, dopo pi\u00f9 di tre anni di onorato servizio.<\/p>\n<p>\u00c8 sull&#8217;enciclopedia libera che la produzione del film <em>Foibe<\/em> diventa un fatto compiuto. \u00ab\u00c8 stato\u00a0girato a Trieste\u00bb, assicura la voce.\u00a0Un migliaio di comparse&#8230; e\u00a0nessuno le ha viste!<\/p>\n<div id=\"attachment_23626\" style=\"width: 660px\" class=\"wp-caption aligncenter\"><a href=\"http:\/\/www.wumingfoundation.com\/giap\/wp-content\/uploads\/2016\/02\/screenshot_film_foibe_WP.png\"><img loading=\"lazy\" decoding=\"async\" aria-describedby=\"caption-attachment-23626\" class=\"wp-image-23626\" src=\"http:\/\/www.wumingfoundation.com\/giap\/wp-content\/uploads\/2016\/02\/screenshot_film_foibe_WP.png\" alt=\"screenshot_film_foibe_WP\" width=\"650\" height=\"190\" \/><\/a><p id=\"caption-attachment-23626\" class=\"wp-caption-text\">Screenshot della voce <strong>Foibe (film)<\/strong>.\u00a0Catturato in data 31\/01\/2016. La pagina \u00e8 stata pubblicata il 23 gennaio\u00a02013 da un utente anonimo con l&#8217;IP 79.46.248.247. Clicca per ingrandire. <strong><a href=\"https:\/\/web.archive.org\/web\/20160104180537\/https:\/\/it.wikipedia.org\/wiki\/Foibe_%28film%29\">Qui<\/a><\/strong> la copia della voce salvata su Wayback Machine.<\/p><\/div>\n<p>Immediatamente dopo la sua creazione, la voce non viene\u00a0intercettata dall\u2019attivit\u00e0 di <em><a href=\"https:\/\/it.wikipedia.org\/wiki\/Wikipedia:RC_patrolling\">patrolling<\/a><\/em> \u2013 letteralmente, \u201cpattugliamento delle ultime modifiche\u201d \u2013, procedura routinaria di vaglio delle nuove pagine create su Wikipedia svolta per la gran parte dei casi da utenti amministratori. Il <em>patrolling<\/em> riveste un ruolo importante per la credibilit\u00e0 del dispositivo Wikipedia, perch\u00e9 grazie a questa attivit\u00e0 si possono\u00a0individuare e cancellare prima che facciano danni, in primo luogo alla reputazione della stessa Wikipedia, voci autopromozionali o palesemente non enciclopediche, oppure vere e proprie <em>voci bufala<\/em>, su temi o fatti inesistenti.<\/p>\n<p>\u00c8\u00a0plausibile immaginare che il &#8220;pattugliatore&#8221; incappato nella voce <em>Foibe<\/em> appena creata \u2013 sorvolando sulla valutazione riguardo all\u2019autopromozionalit\u00e0 di una voce dedicata a un film solamente annunciato \u2013 si sia fatto trarre in inganno dal riferimento a fonti esterne, che confermavano la notizia di un\u00a0film in fase di lavorazione. Questi link, presenti in calce alla voce (Il Piccolo e <a href=\"https:\/\/web.archive.org\/web\/20140101072550\/http:\/\/www.movieplayer.it\/film\/foibe_28824\/\">Movie Player<\/a>) e reperibili con una sbrigativa ricerca su\u00a0Google, sono stati sufficienti per dare credibilit\u00e0 alla voce stessa. E il serpente si morde la coda: l&#8217;esistenza della voce su Wikipedia fa da pezza d&#8217;appoggio per menzionare il film in nuove pagine su foibe e dintorni.<\/p>\n<p>Alla data di oggi, <a href=\"https:\/\/it.wikipedia.org\/wiki\/Discussione:Foibe_(film)\">la pagina \u00abDiscussione\u00bb<\/a> della voce riporta un solo rilievo: \u00ab<strong>Giobbe Covatta<\/strong> non fa parte del cast di questo film.\u00bb<\/p>\n<p>Come gi\u00e0 per\u00a0<em>Assassini nella storia,<\/em>\u00a0<a href=\"http:\/\/www.wumingfoundation.com\/giap\/?p=17162\">libro inesistente rimasto come fonte per lunghissimo tempo<\/a> (guarda caso in una voce sempre connessa alle mitografie del confine orientale), anche per il film\u00a0<em>Foibe<\/em> si pone il seguente problema: come si fa a dimostrare che un&#8217;opera non esiste? Se il criterio per certificare l&#8217;esistenza di qualcosa \u00e8 la sua presenza su Google, ne consegue che qualsiasi cosa presente su Google automaticamente esiste.<\/p>\n<p>Nel caso del kolossal CON 12 OSCAR E 20 NOMINATIONS,\u00a0se ne possono reperire consistenti tracce su portali di associazioni o testate giornalistiche a prima vista attendibili,\u00a0per cui ad un&#8217;interpretazione rigida del <a href=\"https:\/\/it.wikipedia.org\/wiki\/Wikipedia:Cinque_pilastri\">secondo pilastro di Wikipedia<\/a><strong>\u00a0<\/strong>risulta perfettamente plausibile e coerente che una bufala\u00a0a cui credettero decine di giornali e associazioni di esuli si materializzi e si riproduca\u00a0<em>ad libitum\u00a0<\/em>dalle pagine dell&#8217;enciclopedia libera. Se ci credi, niente \u00e8 impossibile, specie su Google e se riguarda il confine orientale.<\/p>\n<p>Da qui si comprende l&#8217;importanza e l\u2019urgenza di una corretta didattica sul tema:\u00a0a chi viene fatto credere che i morti italiani in Istria e Dalmazia\u00a0<em>abbiano superato di gran lunga quelli della Shoah &#8211;\u00a0<\/em><a href=\"http:\/\/www.radio3.rai.it\/dl\/portaleRadio\/media\/ContentItem-1c63c608-5b71-4e3a-b69c-15d5ccb545cd.html\">\u00e8 stato detto qui<\/a><em>\u00a0&#8211;<\/em>\u00a0\u00e8 facile poi far credere qualsiasi cosa, anche l&#8217;esistenza di un kolossal sulle foibe pi\u00f9 epocale di\u00a0<em>Schindler&#8217;s List<\/em>.<\/p>\n<p>Resta da chiedersi, e anzi lo chiediamo, se il film abbia ricevuto dei finanziamenti e, se s\u00ec, da chi.<\/p>\n<p>Forse, per trovare una risposta, potremmo\u00a0ripartire dalla gi\u00e0 citata nota (auto)biografica di Zeppellini\/Kaylin. Per la precisione, dal punto in cui si dice\u00a0che, a causa di <em>Foibe<\/em>,\u00a0the young genius\u00a0<em>\u00abhas decided to permanently leave Europe\u00bb<\/em>.<\/p>\n<p>Quel che \u00e8 certo \u00e8 che dal 2013, <a href=\"http:\/\/www.diecifebbraio.info\/2014\/03\/magazzino-18-deposito-di-vecchi-arnesi\/\">come ha scritto <strong>Sandi Volk<\/strong><\/a>, sull&#8217;intera operazione \u00ab\u00e8 stato fatto calare un pietoso e provvidenziale silenzio\u00bb, perch\u00e9 \u00abparlarne avrebbe fatto coprire di ridicolo, se non peggio, un certo mondo delle organizzazioni degli esuli\u00bb.<\/p>\n<div id=\"attachment_23605\" style=\"width: 660px\" class=\"wp-caption aligncenter\"><a href=\"http:\/\/www.wumingfoundation.com\/giap\/?p=20649\" rel=\"attachment wp-att-23605\"><img loading=\"lazy\" decoding=\"async\" aria-describedby=\"caption-attachment-23605\" class=\"size-full wp-image-23605\" src=\"http:\/\/www.wumingfoundation.com\/giap\/wp-content\/uploads\/2016\/02\/ROSSO-IST.jpg\" alt=\"To be continued, con l'annunciato film Rosso Istria, il film &quot;Rosso Istria&quot;, attendibile fin dalla locandina, che non mostra affatto profughi istriani ma civili francesi in fuga dai nazisti nel 1940, come gi\u00e0 analizzato qui. Ancora una volta, come nel caso della fucilazione di Dane, si spacciano per vittime dello \u00abslavocomunismo\u00bb quelle che nella realt\u00e0 furono vittime dei nazifascismo.\" width=\"650\" height=\"291\" \/><\/a><p id=\"caption-attachment-23605\" class=\"wp-caption-text\">E la saga continua, con il pi\u00f9 volte annunciato film <em>Rosso Istria.\u00a0<\/em><br \/>Operazione\u00a0attendibile fin dalla locandina, che non mostra affatto profughi istriani ma civili francesi in fuga dai nazisti nel 1940, come gi\u00e0 analizzato <strong><a href=\"http:\/\/www.wumingfoundation.com\/giap\/?p=20649\">qui<\/a><\/strong>. <br \/>Ancora una volta, come nei casi dei fucilati di Dane e degli impiccati di Premariacco, si spacciano per vittime dello \u00abslavocomunismo\u00bb quelle che in realt\u00e0\u00a0furono vittime del nazifascismo. <br \/>L&#8217;Italia che nel 1940 invase la Francia e nel 1941 invase la Jugoslavia non solo non ha mai fatto i conti con quelle aggressioni e coi relativi <a href=\"http:\/\/www.criminidiguerra.it\/\">crimini di guerra<\/a>, ma coltiva un immaginario predatorio, nel quale sequestra e occupa abusivamente lo spazio\u00a0delle proprie vittime.<br \/> Buon Giorno del Ricordo.<\/p><\/div>\n<p><strong>* <a href=\"http:\/\/www.wumingfoundation.com\/giap\/?tag=nicoletta-bourbaki\">Nicoletta Bourbaki<\/a>\u00a0<\/strong>\u00e8 il nome\u00a0usato da un gruppo di inchiesta su Wikipedia e le manipolazioni storiche in rete, formatosi nel 2012 durante una discussione su <em>Giap<\/em>. Con questa scelta, il gruppo omaggia <a href=\"http:\/\/it.wikipedia.org\/wiki\/Nicolas_Bourbaki\">Nicolas Bourbaki<\/a>, collettivo di matematici attivo in Francia dal 1935 al 1983.<\/p>\n<p><strong>N.d.R.<\/strong> I commenti al post verranno attivati l&#8217;<strong>11\u00a0febbraio<\/strong>, per consentire una lettura ragionata e \u2013 nel caso \u2013 interventi meditati (ma soprattutto, pertinenti).<\/p>\n","protected":false},"excerpt":{"rendered":"&#8211; di Nicoletta Bourbaki (*) E cos\u00ec, di nuovo, e ormai con una certa stanchezza, arriva il 10 Febbraio.\u00a0Il Cuore nel pozzo sar\u00e0 trasmesso per l\u2019undicesima volta su Rai74, vedremo pubblicata la foto della fucilazione di Dane su diversi siti e giornali e sentiremo\u00a0le\u00a0boutades di qualche associazione di esuli. Immancabili\u00a0le\u00a0interviste a Cristicchi. Raccontare la storia [&hellip;]","protected":false},"author":5356,"featured_media":23528,"comment_status":"open","ping_status":"open","sticky":false,"template":"","format":"standard","meta":{"footnotes":""},"categories":[1943],"tags":[2679,2198,2678,2039,1624,2677,2035,2676,2357,2673,2674,2672,2359,2252,2680,2521],"class_list":["post-23517","post","type-post","status-publish","format-standard","has-post-thumbnail","hentry","category-inchieste","tag-10-febbraio","tag-confine-orientale","tag-enzo-iacchetti","tag-esodo-istriano","tag-fausto-biloslavo","tag-film-foibe","tag-foibe","tag-giobbe-covatta","tag-giorno-del-ricordo","tag-john-kaylin","tag-john-michael-kane","tag-mirko-zeppellini","tag-nicoletta-bourbaki","tag-revisionismo-storico","tag-rosso-istria","tag-wikipedia"],"yoast_head":"<!-- This site is optimized with the Yoast SEO plugin v27.4 - https:\/\/yoast.com\/product\/yoast-seo-wordpress\/ -->\n<title>L&#039;incredibile storia del film Foibe, un kolossal mai esistito<\/title>\n<meta name=\"description\" content=\"Il caso del film Foibe, UN KOLOSSAL CON 12 OSCAR E 30 NOMINATIONS (testuale). Bufale, sciatteria della stampa, gigantismo, mancanza di senso del ridicolo.\" \/>\n<meta name=\"robots\" content=\"index, follow, max-snippet:-1, max-image-preview:large, max-video-preview:-1\" \/>\n<link rel=\"canonical\" href=\"https:\/\/www.wumingfoundation.com\/giap\/2016\/01\/lincredibile-storia-di-foibe-uno-dei-piu-grandi-kolossal-mai-girati-appunto-mai-girati-che-esiste-solo-su-wikipedia\/\" \/>\n<meta property=\"og:locale\" content=\"it_IT\" \/>\n<meta property=\"og:type\" content=\"article\" \/>\n<meta property=\"og:title\" content=\"L&#039;incredibile storia del film Foibe, un kolossal mai esistito\" \/>\n<meta property=\"og:description\" content=\"Il caso del film Foibe, UN KOLOSSAL CON 12 OSCAR E 30 NOMINATIONS (testuale). Bufale, sciatteria della stampa, gigantismo, mancanza di senso del ridicolo.\" \/>\n<meta property=\"og:url\" content=\"https:\/\/www.wumingfoundation.com\/giap\/2016\/01\/lincredibile-storia-di-foibe-uno-dei-piu-grandi-kolossal-mai-girati-appunto-mai-girati-che-esiste-solo-su-wikipedia\/\" \/>\n<meta property=\"og:site_name\" content=\"Giap\" \/>\n<meta property=\"article:published_time\" content=\"2016-01-31T21:45:23+00:00\" \/>\n<meta property=\"article:modified_time\" content=\"2017-02-01T16:43:00+00:00\" \/>\n<meta property=\"og:image\" content=\"https:\/\/www.wumingfoundation.com\/giap\/wp-content\/uploads\/2016\/01\/foibe_kolossal.jpg\" \/>\n\t<meta property=\"og:image:width\" content=\"650\" \/>\n\t<meta property=\"og:image:height\" content=\"366\" \/>\n\t<meta property=\"og:image:type\" content=\"image\/jpeg\" \/>\n<meta name=\"author\" content=\"Nicoletta Bourbaki\" \/>\n<meta name=\"twitter:card\" content=\"summary_large_image\" \/>\n<meta name=\"twitter:creator\" content=\"@Wu_Ming_Foundt\" \/>\n<meta name=\"twitter:site\" content=\"@Wu_Ming_Foundt\" \/>\n<meta name=\"twitter:label1\" content=\"Scritto da\" \/>\n\t<meta name=\"twitter:data1\" content=\"Nicoletta Bourbaki\" \/>\n\t<meta name=\"twitter:label2\" content=\"Tempo di lettura stimato\" \/>\n\t<meta name=\"twitter:data2\" content=\"18 minuti\" \/>\n<script type=\"application\/ld+json\" class=\"yoast-schema-graph\">{\"@context\":\"https:\\\/\\\/schema.org\",\"@graph\":[{\"@type\":\"Article\",\"@id\":\"https:\\\/\\\/www.wumingfoundation.com\\\/giap\\\/2016\\\/01\\\/lincredibile-storia-di-foibe-uno-dei-piu-grandi-kolossal-mai-girati-appunto-mai-girati-che-esiste-solo-su-wikipedia\\\/#article\",\"isPartOf\":{\"@id\":\"https:\\\/\\\/www.wumingfoundation.com\\\/giap\\\/2016\\\/01\\\/lincredibile-storia-di-foibe-uno-dei-piu-grandi-kolossal-mai-girati-appunto-mai-girati-che-esiste-solo-su-wikipedia\\\/\"},\"author\":{\"name\":\"Nicoletta Bourbaki\",\"@id\":\"https:\\\/\\\/www.wumingfoundation.com\\\/giap\\\/#\\\/schema\\\/person\\\/bc49b197bd86fe7d930e192e2ad528cf\"},\"headline\":\"L&#8217;incredibile storia di #Foibe, uno dei pi\u00f9 grandi kolossal mai girati (appunto, mai girati). Una bufala da #GiornodelRicordo\",\"datePublished\":\"2016-01-31T21:45:23+00:00\",\"dateModified\":\"2017-02-01T16:43:00+00:00\",\"mainEntityOfPage\":{\"@id\":\"https:\\\/\\\/www.wumingfoundation.com\\\/giap\\\/2016\\\/01\\\/lincredibile-storia-di-foibe-uno-dei-piu-grandi-kolossal-mai-girati-appunto-mai-girati-che-esiste-solo-su-wikipedia\\\/\"},\"wordCount\":3609,\"commentCount\":17,\"image\":{\"@id\":\"https:\\\/\\\/www.wumingfoundation.com\\\/giap\\\/2016\\\/01\\\/lincredibile-storia-di-foibe-uno-dei-piu-grandi-kolossal-mai-girati-appunto-mai-girati-che-esiste-solo-su-wikipedia\\\/#primaryimage\"},\"thumbnailUrl\":\"https:\\\/\\\/www.wumingfoundation.com\\\/giap\\\/wp-content\\\/uploads\\\/2016\\\/01\\\/foibe_kolossal.jpg\",\"keywords\":[\"10 Febbraio\",\"confine orientale\",\"Enzo Iacchetti\",\"esodo istriano\",\"Fausto Biloslavo\",\"film Foibe\",\"foibe\",\"Giobbe Covatta\",\"Giorno del ricordo\",\"John Kaylin\",\"John Michael Kane\",\"Mirko Zeppellini\",\"Nicoletta Bourbaki\",\"revisionismo storico\",\"Rosso Istria\",\"Wikipedia\"],\"articleSection\":[\"Inchieste\"],\"inLanguage\":\"it-IT\",\"potentialAction\":[{\"@type\":\"CommentAction\",\"name\":\"Comment\",\"target\":[\"https:\\\/\\\/www.wumingfoundation.com\\\/giap\\\/2016\\\/01\\\/lincredibile-storia-di-foibe-uno-dei-piu-grandi-kolossal-mai-girati-appunto-mai-girati-che-esiste-solo-su-wikipedia\\\/#respond\"]}]},{\"@type\":\"WebPage\",\"@id\":\"https:\\\/\\\/www.wumingfoundation.com\\\/giap\\\/2016\\\/01\\\/lincredibile-storia-di-foibe-uno-dei-piu-grandi-kolossal-mai-girati-appunto-mai-girati-che-esiste-solo-su-wikipedia\\\/\",\"url\":\"https:\\\/\\\/www.wumingfoundation.com\\\/giap\\\/2016\\\/01\\\/lincredibile-storia-di-foibe-uno-dei-piu-grandi-kolossal-mai-girati-appunto-mai-girati-che-esiste-solo-su-wikipedia\\\/\",\"name\":\"L'incredibile storia del film Foibe, un kolossal mai esistito\",\"isPartOf\":{\"@id\":\"https:\\\/\\\/www.wumingfoundation.com\\\/giap\\\/#website\"},\"primaryImageOfPage\":{\"@id\":\"https:\\\/\\\/www.wumingfoundation.com\\\/giap\\\/2016\\\/01\\\/lincredibile-storia-di-foibe-uno-dei-piu-grandi-kolossal-mai-girati-appunto-mai-girati-che-esiste-solo-su-wikipedia\\\/#primaryimage\"},\"image\":{\"@id\":\"https:\\\/\\\/www.wumingfoundation.com\\\/giap\\\/2016\\\/01\\\/lincredibile-storia-di-foibe-uno-dei-piu-grandi-kolossal-mai-girati-appunto-mai-girati-che-esiste-solo-su-wikipedia\\\/#primaryimage\"},\"thumbnailUrl\":\"https:\\\/\\\/www.wumingfoundation.com\\\/giap\\\/wp-content\\\/uploads\\\/2016\\\/01\\\/foibe_kolossal.jpg\",\"datePublished\":\"2016-01-31T21:45:23+00:00\",\"dateModified\":\"2017-02-01T16:43:00+00:00\",\"author\":{\"@id\":\"https:\\\/\\\/www.wumingfoundation.com\\\/giap\\\/#\\\/schema\\\/person\\\/bc49b197bd86fe7d930e192e2ad528cf\"},\"description\":\"Il caso del film Foibe, UN KOLOSSAL CON 12 OSCAR E 30 NOMINATIONS (testuale). Bufale, sciatteria della stampa, gigantismo, mancanza di senso del ridicolo.\",\"breadcrumb\":{\"@id\":\"https:\\\/\\\/www.wumingfoundation.com\\\/giap\\\/2016\\\/01\\\/lincredibile-storia-di-foibe-uno-dei-piu-grandi-kolossal-mai-girati-appunto-mai-girati-che-esiste-solo-su-wikipedia\\\/#breadcrumb\"},\"inLanguage\":\"it-IT\",\"potentialAction\":[{\"@type\":\"ReadAction\",\"target\":[\"https:\\\/\\\/www.wumingfoundation.com\\\/giap\\\/2016\\\/01\\\/lincredibile-storia-di-foibe-uno-dei-piu-grandi-kolossal-mai-girati-appunto-mai-girati-che-esiste-solo-su-wikipedia\\\/\"]}]},{\"@type\":\"ImageObject\",\"inLanguage\":\"it-IT\",\"@id\":\"https:\\\/\\\/www.wumingfoundation.com\\\/giap\\\/2016\\\/01\\\/lincredibile-storia-di-foibe-uno-dei-piu-grandi-kolossal-mai-girati-appunto-mai-girati-che-esiste-solo-su-wikipedia\\\/#primaryimage\",\"url\":\"https:\\\/\\\/www.wumingfoundation.com\\\/giap\\\/wp-content\\\/uploads\\\/2016\\\/01\\\/foibe_kolossal.jpg\",\"contentUrl\":\"https:\\\/\\\/www.wumingfoundation.com\\\/giap\\\/wp-content\\\/uploads\\\/2016\\\/01\\\/foibe_kolossal.jpg\",\"width\":650,\"height\":366,\"caption\":\"Foto di scena del film Foibe. Il maresciallo Tito d\u00e0 personalmente l'ordine di gettare diecimila italiani nella foiba di Basovizza.\"},{\"@type\":\"BreadcrumbList\",\"@id\":\"https:\\\/\\\/www.wumingfoundation.com\\\/giap\\\/2016\\\/01\\\/lincredibile-storia-di-foibe-uno-dei-piu-grandi-kolossal-mai-girati-appunto-mai-girati-che-esiste-solo-su-wikipedia\\\/#breadcrumb\",\"itemListElement\":[{\"@type\":\"ListItem\",\"position\":1,\"name\":\"Home\",\"item\":\"https:\\\/\\\/www.wumingfoundation.com\\\/giap\\\/\"},{\"@type\":\"ListItem\",\"position\":2,\"name\":\"L&#8217;incredibile storia di #Foibe, uno dei pi\u00f9 grandi kolossal mai girati (appunto, mai girati). Una bufala da #GiornodelRicordo\"}]},{\"@type\":\"WebSite\",\"@id\":\"https:\\\/\\\/www.wumingfoundation.com\\\/giap\\\/#website\",\"url\":\"https:\\\/\\\/www.wumingfoundation.com\\\/giap\\\/\",\"name\":\"Giap\",\"description\":\"Il sito ufficiale di Wu Ming, collettivo di scrittori\",\"potentialAction\":[{\"@type\":\"SearchAction\",\"target\":{\"@type\":\"EntryPoint\",\"urlTemplate\":\"https:\\\/\\\/www.wumingfoundation.com\\\/giap\\\/?s={search_term_string}\"},\"query-input\":{\"@type\":\"PropertyValueSpecification\",\"valueRequired\":true,\"valueName\":\"search_term_string\"}}],\"inLanguage\":\"it-IT\"},{\"@type\":\"Person\",\"@id\":\"https:\\\/\\\/www.wumingfoundation.com\\\/giap\\\/#\\\/schema\\\/person\\\/bc49b197bd86fe7d930e192e2ad528cf\",\"name\":\"Nicoletta Bourbaki\",\"image\":{\"@type\":\"ImageObject\",\"inLanguage\":\"it-IT\",\"@id\":\"https:\\\/\\\/secure.gravatar.com\\\/avatar\\\/8b78de60168e2bdf498cb41b21798c51e9a1eadc98516512d662a5c379dbdcd4?s=96&d=blank&r=g\",\"url\":\"https:\\\/\\\/secure.gravatar.com\\\/avatar\\\/8b78de60168e2bdf498cb41b21798c51e9a1eadc98516512d662a5c379dbdcd4?s=96&d=blank&r=g\",\"contentUrl\":\"https:\\\/\\\/secure.gravatar.com\\\/avatar\\\/8b78de60168e2bdf498cb41b21798c51e9a1eadc98516512d662a5c379dbdcd4?s=96&d=blank&r=g\",\"caption\":\"Nicoletta Bourbaki\"},\"sameAs\":[\"https:\\\/\\\/www.wumingfoundation.com\\\/giap\\\/nicoletta-bourbaki\\\/\",\"https:\\\/\\\/it.wikipedia.org\\\/wiki\\\/Wu_Ming#Nicoletta_Bourbaki\"]}]}<\/script>\n<!-- \/ Yoast SEO plugin. -->","yoast_head_json":{"title":"L'incredibile storia del film Foibe, un kolossal mai esistito","description":"Il caso del film Foibe, UN KOLOSSAL CON 12 OSCAR E 30 NOMINATIONS (testuale). Bufale, sciatteria della stampa, gigantismo, mancanza di senso del ridicolo.","robots":{"index":"index","follow":"follow","max-snippet":"max-snippet:-1","max-image-preview":"max-image-preview:large","max-video-preview":"max-video-preview:-1"},"canonical":"https:\/\/www.wumingfoundation.com\/giap\/2016\/01\/lincredibile-storia-di-foibe-uno-dei-piu-grandi-kolossal-mai-girati-appunto-mai-girati-che-esiste-solo-su-wikipedia\/","og_locale":"it_IT","og_type":"article","og_title":"L'incredibile storia del film Foibe, un kolossal mai esistito","og_description":"Il caso del film Foibe, UN KOLOSSAL CON 12 OSCAR E 30 NOMINATIONS (testuale). Bufale, sciatteria della stampa, gigantismo, mancanza di senso del ridicolo.","og_url":"https:\/\/www.wumingfoundation.com\/giap\/2016\/01\/lincredibile-storia-di-foibe-uno-dei-piu-grandi-kolossal-mai-girati-appunto-mai-girati-che-esiste-solo-su-wikipedia\/","og_site_name":"Giap","article_published_time":"2016-01-31T21:45:23+00:00","article_modified_time":"2017-02-01T16:43:00+00:00","og_image":[{"width":650,"height":366,"url":"https:\/\/www.wumingfoundation.com\/giap\/wp-content\/uploads\/2016\/01\/foibe_kolossal.jpg","type":"image\/jpeg"}],"author":"Nicoletta Bourbaki","twitter_card":"summary_large_image","twitter_creator":"@Wu_Ming_Foundt","twitter_site":"@Wu_Ming_Foundt","twitter_misc":{"Scritto da":"Nicoletta Bourbaki","Tempo di lettura stimato":"18 minuti"},"schema":{"@context":"https:\/\/schema.org","@graph":[{"@type":"Article","@id":"https:\/\/www.wumingfoundation.com\/giap\/2016\/01\/lincredibile-storia-di-foibe-uno-dei-piu-grandi-kolossal-mai-girati-appunto-mai-girati-che-esiste-solo-su-wikipedia\/#article","isPartOf":{"@id":"https:\/\/www.wumingfoundation.com\/giap\/2016\/01\/lincredibile-storia-di-foibe-uno-dei-piu-grandi-kolossal-mai-girati-appunto-mai-girati-che-esiste-solo-su-wikipedia\/"},"author":{"name":"Nicoletta Bourbaki","@id":"https:\/\/www.wumingfoundation.com\/giap\/#\/schema\/person\/bc49b197bd86fe7d930e192e2ad528cf"},"headline":"L&#8217;incredibile storia di #Foibe, uno dei pi\u00f9 grandi kolossal mai girati (appunto, mai girati). Una bufala da #GiornodelRicordo","datePublished":"2016-01-31T21:45:23+00:00","dateModified":"2017-02-01T16:43:00+00:00","mainEntityOfPage":{"@id":"https:\/\/www.wumingfoundation.com\/giap\/2016\/01\/lincredibile-storia-di-foibe-uno-dei-piu-grandi-kolossal-mai-girati-appunto-mai-girati-che-esiste-solo-su-wikipedia\/"},"wordCount":3609,"commentCount":17,"image":{"@id":"https:\/\/www.wumingfoundation.com\/giap\/2016\/01\/lincredibile-storia-di-foibe-uno-dei-piu-grandi-kolossal-mai-girati-appunto-mai-girati-che-esiste-solo-su-wikipedia\/#primaryimage"},"thumbnailUrl":"https:\/\/www.wumingfoundation.com\/giap\/wp-content\/uploads\/2016\/01\/foibe_kolossal.jpg","keywords":["10 Febbraio","confine orientale","Enzo Iacchetti","esodo istriano","Fausto Biloslavo","film Foibe","foibe","Giobbe Covatta","Giorno del ricordo","John Kaylin","John Michael Kane","Mirko Zeppellini","Nicoletta Bourbaki","revisionismo storico","Rosso Istria","Wikipedia"],"articleSection":["Inchieste"],"inLanguage":"it-IT","potentialAction":[{"@type":"CommentAction","name":"Comment","target":["https:\/\/www.wumingfoundation.com\/giap\/2016\/01\/lincredibile-storia-di-foibe-uno-dei-piu-grandi-kolossal-mai-girati-appunto-mai-girati-che-esiste-solo-su-wikipedia\/#respond"]}]},{"@type":"WebPage","@id":"https:\/\/www.wumingfoundation.com\/giap\/2016\/01\/lincredibile-storia-di-foibe-uno-dei-piu-grandi-kolossal-mai-girati-appunto-mai-girati-che-esiste-solo-su-wikipedia\/","url":"https:\/\/www.wumingfoundation.com\/giap\/2016\/01\/lincredibile-storia-di-foibe-uno-dei-piu-grandi-kolossal-mai-girati-appunto-mai-girati-che-esiste-solo-su-wikipedia\/","name":"L'incredibile storia del film Foibe, un kolossal mai esistito","isPartOf":{"@id":"https:\/\/www.wumingfoundation.com\/giap\/#website"},"primaryImageOfPage":{"@id":"https:\/\/www.wumingfoundation.com\/giap\/2016\/01\/lincredibile-storia-di-foibe-uno-dei-piu-grandi-kolossal-mai-girati-appunto-mai-girati-che-esiste-solo-su-wikipedia\/#primaryimage"},"image":{"@id":"https:\/\/www.wumingfoundation.com\/giap\/2016\/01\/lincredibile-storia-di-foibe-uno-dei-piu-grandi-kolossal-mai-girati-appunto-mai-girati-che-esiste-solo-su-wikipedia\/#primaryimage"},"thumbnailUrl":"https:\/\/www.wumingfoundation.com\/giap\/wp-content\/uploads\/2016\/01\/foibe_kolossal.jpg","datePublished":"2016-01-31T21:45:23+00:00","dateModified":"2017-02-01T16:43:00+00:00","author":{"@id":"https:\/\/www.wumingfoundation.com\/giap\/#\/schema\/person\/bc49b197bd86fe7d930e192e2ad528cf"},"description":"Il caso del film Foibe, UN KOLOSSAL CON 12 OSCAR E 30 NOMINATIONS (testuale). Bufale, sciatteria della stampa, gigantismo, mancanza di senso del ridicolo.","breadcrumb":{"@id":"https:\/\/www.wumingfoundation.com\/giap\/2016\/01\/lincredibile-storia-di-foibe-uno-dei-piu-grandi-kolossal-mai-girati-appunto-mai-girati-che-esiste-solo-su-wikipedia\/#breadcrumb"},"inLanguage":"it-IT","potentialAction":[{"@type":"ReadAction","target":["https:\/\/www.wumingfoundation.com\/giap\/2016\/01\/lincredibile-storia-di-foibe-uno-dei-piu-grandi-kolossal-mai-girati-appunto-mai-girati-che-esiste-solo-su-wikipedia\/"]}]},{"@type":"ImageObject","inLanguage":"it-IT","@id":"https:\/\/www.wumingfoundation.com\/giap\/2016\/01\/lincredibile-storia-di-foibe-uno-dei-piu-grandi-kolossal-mai-girati-appunto-mai-girati-che-esiste-solo-su-wikipedia\/#primaryimage","url":"https:\/\/www.wumingfoundation.com\/giap\/wp-content\/uploads\/2016\/01\/foibe_kolossal.jpg","contentUrl":"https:\/\/www.wumingfoundation.com\/giap\/wp-content\/uploads\/2016\/01\/foibe_kolossal.jpg","width":650,"height":366,"caption":"Foto di scena del film Foibe. Il maresciallo Tito d\u00e0 personalmente l'ordine di gettare diecimila italiani nella foiba di Basovizza."},{"@type":"BreadcrumbList","@id":"https:\/\/www.wumingfoundation.com\/giap\/2016\/01\/lincredibile-storia-di-foibe-uno-dei-piu-grandi-kolossal-mai-girati-appunto-mai-girati-che-esiste-solo-su-wikipedia\/#breadcrumb","itemListElement":[{"@type":"ListItem","position":1,"name":"Home","item":"https:\/\/www.wumingfoundation.com\/giap\/"},{"@type":"ListItem","position":2,"name":"L&#8217;incredibile storia di #Foibe, uno dei pi\u00f9 grandi kolossal mai girati (appunto, mai girati). Una bufala da #GiornodelRicordo"}]},{"@type":"WebSite","@id":"https:\/\/www.wumingfoundation.com\/giap\/#website","url":"https:\/\/www.wumingfoundation.com\/giap\/","name":"Giap","description":"Il sito ufficiale di Wu Ming, collettivo di scrittori","potentialAction":[{"@type":"SearchAction","target":{"@type":"EntryPoint","urlTemplate":"https:\/\/www.wumingfoundation.com\/giap\/?s={search_term_string}"},"query-input":{"@type":"PropertyValueSpecification","valueRequired":true,"valueName":"search_term_string"}}],"inLanguage":"it-IT"},{"@type":"Person","@id":"https:\/\/www.wumingfoundation.com\/giap\/#\/schema\/person\/bc49b197bd86fe7d930e192e2ad528cf","name":"Nicoletta Bourbaki","image":{"@type":"ImageObject","inLanguage":"it-IT","@id":"https:\/\/secure.gravatar.com\/avatar\/8b78de60168e2bdf498cb41b21798c51e9a1eadc98516512d662a5c379dbdcd4?s=96&d=blank&r=g","url":"https:\/\/secure.gravatar.com\/avatar\/8b78de60168e2bdf498cb41b21798c51e9a1eadc98516512d662a5c379dbdcd4?s=96&d=blank&r=g","contentUrl":"https:\/\/secure.gravatar.com\/avatar\/8b78de60168e2bdf498cb41b21798c51e9a1eadc98516512d662a5c379dbdcd4?s=96&d=blank&r=g","caption":"Nicoletta Bourbaki"},"sameAs":["https:\/\/www.wumingfoundation.com\/giap\/nicoletta-bourbaki\/","https:\/\/it.wikipedia.org\/wiki\/Wu_Ming#Nicoletta_Bourbaki"]}]}},"_links":{"self":[{"href":"https:\/\/www.wumingfoundation.com\/giap\/wp-json\/wp\/v2\/posts\/23517","targetHints":{"allow":["GET"]}}],"collection":[{"href":"https:\/\/www.wumingfoundation.com\/giap\/wp-json\/wp\/v2\/posts"}],"about":[{"href":"https:\/\/www.wumingfoundation.com\/giap\/wp-json\/wp\/v2\/types\/post"}],"author":[{"embeddable":true,"href":"https:\/\/www.wumingfoundation.com\/giap\/wp-json\/wp\/v2\/users\/5356"}],"replies":[{"embeddable":true,"href":"https:\/\/www.wumingfoundation.com\/giap\/wp-json\/wp\/v2\/comments?post=23517"}],"version-history":[{"count":0,"href":"https:\/\/www.wumingfoundation.com\/giap\/wp-json\/wp\/v2\/posts\/23517\/revisions"}],"wp:featuredmedia":[{"embeddable":true,"href":"https:\/\/www.wumingfoundation.com\/giap\/wp-json\/wp\/v2\/media\/23528"}],"wp:attachment":[{"href":"https:\/\/www.wumingfoundation.com\/giap\/wp-json\/wp\/v2\/media?parent=23517"}],"wp:term":[{"taxonomy":"category","embeddable":true,"href":"https:\/\/www.wumingfoundation.com\/giap\/wp-json\/wp\/v2\/categories?post=23517"},{"taxonomy":"post_tag","embeddable":true,"href":"https:\/\/www.wumingfoundation.com\/giap\/wp-json\/wp\/v2\/tags?post=23517"}],"curies":[{"name":"wp","href":"https:\/\/api.w.org\/{rel}","templated":true}]}}