{"id":22419,"date":"2015-09-28T12:11:47","date_gmt":"2015-09-28T10:11:47","guid":{"rendered":"http:\/\/www.wumingfoundation.com\/giap\/?p=22419"},"modified":"2015-10-03T14:33:32","modified_gmt":"2015-10-03T12:33:32","slug":"resistenze-in-cirenaica-una-giornata-memorabile-grazie-a-tutte-e-tutti","status":"publish","type":"post","link":"https:\/\/www.wumingfoundation.com\/giap\/2015\/09\/resistenze-in-cirenaica-una-giornata-memorabile-grazie-a-tutte-e-tutti\/","title":{"rendered":"\u00abResistenze in Cirenaica\u00bb, una giornata memorabile, grazie a tutte e tutti!"},"content":{"rendered":"<div id=\"attachment_22420\" style=\"width: 660px\" class=\"wp-caption aligncenter\"><img loading=\"lazy\" decoding=\"async\" aria-describedby=\"caption-attachment-22420\" class=\"size-full wp-image-22420\" src=\"http:\/\/www.wumingfoundation.com\/giap\/wp-content\/uploads\/2015\/09\/Vinka1_650px.jpg\" alt=\"Wu Ming 2 racconta la storia della partigiana Vinka Kitarovic in via Libia, appena rinominata dal basso \u00abvia Vinka Kitarovic\u00bb.\" width=\"650\" height=\"432\" \/><p id=\"caption-attachment-22420\" class=\"wp-caption-text\">Bologna, 27 settembre 2015. Wu Ming 2 racconta la storia della partigiana Vinka Kitarovic in via Libia, appena rinominata dal basso \u00abvia Vinka Kitarovic\u00bb.<\/p><\/div>\n<p>Questo non \u00e8 un reportage della giornata di ieri, 27 settembre 2015. Quello arriver\u00e0 appena ci saremo ripresi dal mix di fatica e meraviglia che l&#8217;esordio di \u00abResistenze in Cirenaica\u00bb ci ha pompato nelle arterie. Pi\u00f9 che un reportage, sar\u00e0 un web-documentario. Abbiamo testi, foto, video.<\/p>\n<p>Mesi di lavoro sono stati pi\u00f9 che ripagati. Boicottaggi e &#8220;pacchi&#8221; non sono serviti. Un noto Ente Nazionale che fornisce Energia Elettrica ci ha rifiutato all&#8217;ultimo momento l&#8217;allaccio temporaneo, per&#8230; ragioni inconfessate, anche se non \u00e8 del tutto vero, perch\u00e9 un&#8217;operatrice del call center le ha confessate. Abbiamo dovuto trovare generatori a benzina. Poi un giornale locale ha fatto saltare un&#8217;intervista gi\u00e0 realizzata, ma chissenefrega: nei confronti dell&#8217;Ente adiremo le vie che riterremo giuste, e delle interviste sui giornali si pu\u00f2 tranquillamente fare a meno, abbiamo i nostri mezzi.<\/p>\n<p>Se solo la settimana scorsa ci avessero detto che<em> centinaia e centinaia<\/em> di persone avrebbero affollato il rione Cirenaica per guardare insieme le targhe coi nomi delle vie e ascoltare qualcosa come dieci ore di storie, storie che collegano il colonialismo italiano in Africa con un attentato avvenuto a Tripoli due giorni fa, con le attuali politiche dell&#8217;ENI nel Delta del Niger e con la strage di Lampedusa del 3 ottobre 2013, storie che mettono insieme resistenza al colonialismo e guerra partigiana contro il nazifascismo in Europa, e ancora storie sullo sviluppo del rione, la sua edilizia popolare&#8230; Beh, ci avremmo creduto a fatica. E s\u00ec, ci aspettavamo tanta gente, ma non <em>cos\u00ec tanta<\/em>.<!--more--><\/p>\n<p>Se ci avessero detto che l&#8217;intitolazione dal basso di via Libia alla partigiana <strong>Vinka Kitarovic<\/strong> detta &#8220;Lina&#8221; (1926 &#8211; 2012) avrebbe suscitato lacrime di commozione e abbracci tra estranei ai bordi di un mega-capannello di quasi trecento persone, beh&#8230;<\/p>\n<p>Se ci avessero detto che, prima ancora di sapere che avremmo cambiato il nome a via Libia, altre persone avrebbero cambiato il nome di via Edmondo de Amicis (*) intitolandola alla staffetta partigiana <strong>Tolmina Guazzaloca<\/strong>, nome di battaglia &#8220;Giuliana&#8221; (1916 &#8211; 2011)&#8230;<\/p>\n<p>Se ci avessero detto che una folla stipata nel giardino pubblico \u00abLorenzo Giusti\u00bb avrebbe tributato un&#8217;ovazione alla memoria del combattente libico <strong>Omar al-Mukhtar<\/strong>&#8230;<\/p>\n<p>Se ci avessero detto che alle dieci di sera, dopo un&#8217;intera giornata, a innalzare la targa all&#8217;anarchico <strong>Lorenzo Giusti<\/strong> saremmo stati ancora in pi\u00f9 di cento&#8230;<\/p>\n<p>Una giornata di gioia, memoria conflittuale, potenza. Davvero grazie a tutte e tutti, anche a nome delle associazioni \u00abSpazi Aperti\u00bb, \u00abAtopie Sottili\u00bb e \u00abNaufragi\u00bb, del Vag61, di :Kai Zen: \/ Bhutan Clan (Bruno is the new Mr. Wolf), del centro di accoglienza Beltrame, di Eat The Rich, della Compagnia Fantasma, delle Brigate Sonore, del Coro R&#8217;esistente del Pratello, della band interamente composta di genitori delle scuole Longhena che ancora non ha nome e si firma Tricomi, Serpieri, Finetti &amp; Wu Ming 1, dell&#8217;Istituto storico \u00abFerruccio Parri\u00bb, di XM24, e perch\u00e9 no?, anche di Vanni Santoni che dice arrivo, arrivo, sto arrivando, adesso arrivo, e chi pi\u00f9 ne ricorda pi\u00f9 ne metta!<\/p>\n<p>Qui proponiamo alcune foto scattate soprattutto da noi. Ne seguiranno altre, scattate da gente pi\u00f9 brava :-) Per \u00abResistenze in Cirenaica\u00bb non \u00e8 che l&#8217;inizio. Da ieri nasce un cantiere culturale permanente, che organizzer\u00e0 serate, laboratori, workshop, campagne civiche. Perch\u00e9 di storie da raccontare ce ne sono tante. E il nome a via Libia, sia chiaro, vogliamo cambiarlo davvero. I &#8220;parzialmente ignoti&#8221; che ci hanno staccato i cartelli dovranno farsene una ragione.<\/p>\n<p>A proposito, oggi compie 125 anni Ilio Barontini.<\/p>\n<div align=\"center\">\n<blockquote class=\"twitter-tweet\" lang=\"en\">\n<p dir=\"ltr\" lang=\"it\"><a href=\"https:\/\/twitter.com\/hashtag\/CirenaicaResistente?src=hash\">#CirenaicaResistente<\/a>. Via Libia cambia nome <a href=\"http:\/\/t.co\/NcOj21tEzf\">pic.twitter.com\/NcOj21tEzf<\/a><\/p>\n<p>\u2014 Kai Zen (@KaiZenClan) <a href=\"https:\/\/twitter.com\/KaiZenClan\/status\/648089630806515712\">September 27, 2015<\/a><\/p><\/blockquote>\n<p><script src=\"\/\/platform.twitter.com\/widgets.js\" async=\"\" charset=\"utf-8\"><\/script><\/p>\n<blockquote class=\"twitter-tweet\" lang=\"en\"><p>\nNel giorno di <a href=\"https:\/\/twitter.com\/hashtag\/CirenaicaResistente?src=hash\">#CirenaicaResistente<\/a>, via Libia (ultimo residuo coloniale nel rione) cambia nome. <a href=\"http:\/\/t.co\/a3alYW3kNr\">pic.twitter.com\/a3alYW3kNr<\/a><\/p>\n<p>\u2014 Wu Ming Foundation (@Wu_Ming_Foundt) <a href=\"https:\/\/twitter.com\/Wu_Ming_Foundt\/status\/648090174568726528\">September 27, 2015<\/a>\n<\/p><\/blockquote>\n<p><script src=\"\/\/platform.twitter.com\/widgets.js\" async=\"\" charset=\"utf-8\"><\/script><\/p>\n<blockquote class=\"twitter-tweet\" lang=\"en\" data-conversation=\"none\">\n<p dir=\"ltr\" lang=\"it\">Omaggio alla partigiana jugoslav-bolognese Vinka Kitarovic, nome di battaglia &#8220;Lina&#8221; <a href=\"https:\/\/twitter.com\/hashtag\/CirenaicaResistente?src=hash\">#CirenaicaResistente<\/a> <a href=\"http:\/\/t.co\/vbz6pInN6N\">pic.twitter.com\/vbz6pInN6N<\/a><\/p>\n<p>\u2014 Wu Ming Foundation (@Wu_Ming_Foundt) <a href=\"https:\/\/twitter.com\/Wu_Ming_Foundt\/status\/648091505995972608\">September 27, 2015<\/a><\/p><\/blockquote>\n<p><script src=\"\/\/platform.twitter.com\/widgets.js\" async=\"\" charset=\"utf-8\"><\/script><\/p>\n<blockquote class=\"twitter-tweet\" lang=\"en\"><p>\nCambiato il nome anche a via De Amicis, <a href=\"https:\/\/twitter.com\/hashtag\/CirenaicaResistente?src=hash\">#CirenaicaResistente<\/a> \u00e8 un contagio. <a href=\"http:\/\/t.co\/aBr2i469du\">pic.twitter.com\/aBr2i469du<\/a><\/p>\n<p>\u2014 Wu Ming Foundation (@Wu_Ming_Foundt) <a href=\"https:\/\/twitter.com\/Wu_Ming_Foundt\/status\/648137938572836864\">September 27, 2015<\/a>\n<\/p><\/blockquote>\n<p><script src=\"\/\/platform.twitter.com\/widgets.js\" async=\"\" charset=\"utf-8\"><\/script><\/p>\n<blockquote class=\"twitter-tweet\" lang=\"en\">\n<p dir=\"ltr\" lang=\"en\">Reading di Wu Ming 2 e Brigate Sonore al Vag61 <a href=\"https:\/\/twitter.com\/hashtag\/Bologna?src=hash\">#Bologna<\/a> <a href=\"https:\/\/twitter.com\/hashtag\/CirenaicaResistente?src=hash\">#CirenaicaResistente<\/a> <a href=\"http:\/\/t.co\/8jFwmpSQIr\">pic.twitter.com\/8jFwmpSQIr<\/a><\/p>\n<p>\u2014 Wu Ming Foundation (@Wu_Ming_Foundt) <a href=\"https:\/\/twitter.com\/Wu_Ming_Foundt\/status\/648134830996213760\">September 27, 2015<\/a><\/p><\/blockquote>\n<p><script src=\"\/\/platform.twitter.com\/widgets.js\" async=\"\" charset=\"utf-8\"><\/script><\/p>\n<blockquote class=\"twitter-tweet\" lang=\"en\"><p>\nUn vero e proprio corteo parte dal Vag61 per <a href=\"https:\/\/twitter.com\/hashtag\/CirenaicaResistente?src=hash\">#CirenaicaResistente<\/a> <a href=\"http:\/\/t.co\/aHrcTboeMe\">pic.twitter.com\/aHrcTboeMe<\/a><\/p>\n<p>\u2014 Wu Ming Foundation (@Wu_Ming_Foundt) <a href=\"https:\/\/twitter.com\/Wu_Ming_Foundt\/status\/648137293920870400\">September 27, 2015<\/a>\n<\/p><\/blockquote>\n<p><script src=\"\/\/platform.twitter.com\/widgets.js\" async=\"\" charset=\"utf-8\"><\/script><\/p>\n<blockquote class=\"twitter-tweet\" lang=\"en\">\n<p dir=\"ltr\" lang=\"it\">Gastone Rossi, partigiano a 15 anni, nelle parole di WM2 a <a href=\"https:\/\/twitter.com\/hashtag\/CirenaicaResistente?src=hash\">#CirenaicaResistente<\/a> <a href=\"http:\/\/t.co\/hP2hpZrU9z\">pic.twitter.com\/hP2hpZrU9z<\/a><\/p>\n<p>\u2014 Wu Ming Foundation (@Wu_Ming_Foundt) <a href=\"https:\/\/twitter.com\/Wu_Ming_Foundt\/status\/648139519338905601\">September 27, 2015<\/a><\/p><\/blockquote>\n<p><script src=\"\/\/platform.twitter.com\/widgets.js\" async=\"\" charset=\"utf-8\"><\/script><\/p>\n<blockquote class=\"twitter-tweet\" lang=\"en\"><p>\nGastone Rossi in via Gastone Rossi <a href=\"https:\/\/twitter.com\/hashtag\/CirenaicaResistente?src=hash\">#CirenaicaResistente<\/a> <a href=\"http:\/\/t.co\/LrvJRdaqjd\">pic.twitter.com\/LrvJRdaqjd<\/a><\/p>\n<p>\u2014 Wu Ming Foundation (@Wu_Ming_Foundt) <a href=\"https:\/\/twitter.com\/Wu_Ming_Foundt\/status\/648140060643205120\">September 27, 2015<\/a>\n<\/p><\/blockquote>\n<p><script src=\"\/\/platform.twitter.com\/widgets.js\" async=\"\" charset=\"utf-8\"><\/script><\/p>\n<blockquote class=\"twitter-tweet\" lang=\"en\">\n<p dir=\"ltr\" lang=\"it\">Il partigiano Massenzio Masia in via Massenzio Masia <a href=\"https:\/\/twitter.com\/hashtag\/CirenaicaResistente?src=hash\">#CirenaicaResistente<\/a> <a href=\"http:\/\/t.co\/dxzklr2THP\">pic.twitter.com\/dxzklr2THP<\/a><\/p>\n<p>\u2014 Wu Ming Foundation (@Wu_Ming_Foundt) <a href=\"https:\/\/twitter.com\/Wu_Ming_Foundt\/status\/648142931598143488\">September 27, 2015<\/a><\/p><\/blockquote>\n<p><script src=\"\/\/platform.twitter.com\/widgets.js\" async=\"\" charset=\"utf-8\"><\/script><\/p>\n<blockquote class=\"twitter-tweet\" lang=\"en\"><p>\nIl Coro R&#8217;esistente del Pratello canta &#8220;Noi partigiani bolognesi&#8221; in via Massenzio Masia <a href=\"https:\/\/twitter.com\/hashtag\/CirenaicaResistente?src=hash\">#CirenaicaResistente<\/a> <a href=\"http:\/\/t.co\/i5CFAaDvPa\">pic.twitter.com\/i5CFAaDvPa<\/a><\/p>\n<p>\u2014 Wu Ming Foundation (@Wu_Ming_Foundt) <a href=\"https:\/\/twitter.com\/Wu_Ming_Foundt\/status\/648143325623648256\">September 27, 2015<\/a>\n<\/p><\/blockquote>\n<p><script src=\"\/\/platform.twitter.com\/widgets.js\" async=\"\" charset=\"utf-8\"><\/script><\/p>\n<blockquote class=\"twitter-tweet\" lang=\"en\">\n<p dir=\"ltr\" lang=\"it\">Wu Ming 2 racconta la storia di Massenzio Masia <a href=\"https:\/\/twitter.com\/hashtag\/CirenaicaResistente?src=hash\">#CirenaicaResistente<\/a> <a href=\"http:\/\/t.co\/0AlchcHq2U\">pic.twitter.com\/0AlchcHq2U<\/a><\/p>\n<p>\u2014 Wu Ming Foundation (@Wu_Ming_Foundt) <a href=\"https:\/\/twitter.com\/Wu_Ming_Foundt\/status\/648143800687292416\">September 27, 2015<\/a><\/p><\/blockquote>\n<p><script src=\"\/\/platform.twitter.com\/widgets.js\" async=\"\" charset=\"utf-8\"><\/script><\/p>\n<blockquote class=\"twitter-tweet\" lang=\"en\"><p>\nSempre pi\u00f9 persone si uniscono al corteo delle storie di <a href=\"https:\/\/twitter.com\/hashtag\/CirenaicaResistente?src=hash\">#CirenaicaResistente<\/a> <a href=\"http:\/\/t.co\/RzZEvItye3\">pic.twitter.com\/RzZEvItye3<\/a><\/p>\n<p>\u2014 Wu Ming Foundation (@Wu_Ming_Foundt) <a href=\"https:\/\/twitter.com\/Wu_Ming_Foundt\/status\/648147866658152449\">September 27, 2015<\/a>\n<\/p><\/blockquote>\n<p><script src=\"\/\/platform.twitter.com\/widgets.js\" async=\"\" charset=\"utf-8\"><\/script><\/p>\n<blockquote class=\"twitter-tweet\" lang=\"en\">\n<p dir=\"ltr\" lang=\"it\">Guglielmo Pagnozzi e le Brigate Sonore guidano la fiumana di <a href=\"https:\/\/twitter.com\/hashtag\/CirenaicaResistente?src=hash\">#CirenaicaResistente<\/a> <a href=\"http:\/\/t.co\/d57lub6p68\">pic.twitter.com\/d57lub6p68<\/a><\/p>\n<p>\u2014 Wu Ming Foundation (@Wu_Ming_Foundt) <a href=\"https:\/\/twitter.com\/Wu_Ming_Foundt\/status\/648147162929496064\">September 27, 2015<\/a><\/p><\/blockquote>\n<p><script src=\"\/\/platform.twitter.com\/widgets.js\" async=\"\" charset=\"utf-8\"><\/script><\/p>\n<blockquote class=\"twitter-tweet\" lang=\"en\"><p>\nIn via Sante Vincenzi ex-via Derna. <a href=\"https:\/\/twitter.com\/hashtag\/CirenaicaResistente?src=hash\">#CirenaicaResistente<\/a> <a href=\"http:\/\/t.co\/y26yyik3QI\">pic.twitter.com\/y26yyik3QI<\/a><\/p>\n<p>\u2014 Wu Ming Foundation (@Wu_Ming_Foundt) <a href=\"https:\/\/twitter.com\/Wu_Ming_Foundt\/status\/648148432494964736\">September 27, 2015<\/a>\n<\/p><\/blockquote>\n<p><script src=\"\/\/platform.twitter.com\/widgets.js\" async=\"\" charset=\"utf-8\"><\/script><\/p>\n<blockquote class=\"twitter-tweet\" lang=\"en\">\n<p dir=\"ltr\" lang=\"it\">Il Coro R&#8217;esistente del Pratello canta &#8220;E io ero Sandokan&#8221; in via Sante Vincenzi <a href=\"https:\/\/twitter.com\/hashtag\/CirenaicaResistente?src=hash\">#CirenaicaResistente<\/a> <a href=\"http:\/\/t.co\/kxbavqHVTU\">pic.twitter.com\/kxbavqHVTU<\/a><\/p>\n<p>\u2014 Wu Ming Foundation (@Wu_Ming_Foundt) <a href=\"https:\/\/twitter.com\/Wu_Ming_Foundt\/status\/648148904052170752\">September 27, 2015<\/a><\/p><\/blockquote>\n<p><script src=\"\/\/platform.twitter.com\/widgets.js\" async=\"\" charset=\"utf-8\"><\/script><\/p>\n<blockquote class=\"twitter-tweet\" lang=\"en\"><p>\n<a href=\"https:\/\/twitter.com\/hashtag\/Cirenaicaresistente?src=hash\">#Cirenaicaresistente<\/a> <a href=\"https:\/\/twitter.com\/hashtag\/santevincenzi?src=hash\">#santevincenzi<\/a> inspiring urban walk mapping narratives of resistance in Bologna <a href=\"http:\/\/t.co\/y1KJ8kdgqi\">pic.twitter.com\/y1KJ8kdgqi<\/a><\/p>\n<p>\u2014 Laura Liverani (@lauraliverani) <a href=\"https:\/\/twitter.com\/lauraliverani\/status\/648190721611157505\">September 27, 2015<\/a>\n<\/p><\/blockquote>\n<p><script src=\"\/\/platform.twitter.com\/widgets.js\" async=\"\" charset=\"utf-8\"><\/script><\/p>\n<blockquote class=\"twitter-tweet\" lang=\"en\">\n<p dir=\"ltr\" lang=\"it\">Il Coro R&#8217;esistente del Pratello canta &#8220;La Brigata Garibaldi&#8221; in via Giuseppe Bentivogli. <a href=\"https:\/\/twitter.com\/hashtag\/CirenaicaResistente?src=hash\">#CirenaicaResistente<\/a> <a href=\"http:\/\/t.co\/7FV5bm7dIF\">pic.twitter.com\/7FV5bm7dIF<\/a><\/p>\n<p>\u2014 Wu Ming Foundation (@Wu_Ming_Foundt) <a href=\"https:\/\/twitter.com\/Wu_Ming_Foundt\/status\/648151600956088320\">September 27, 2015<\/a><\/p><\/blockquote>\n<p><script src=\"\/\/platform.twitter.com\/widgets.js\" async=\"\" charset=\"utf-8\"><\/script><\/p>\n<blockquote class=\"twitter-tweet\" lang=\"en\"><p>\nComandante Mario Musolesi, nome di battaglia &#8220;Lupo&#8221;, in via Musolesi. <a href=\"https:\/\/twitter.com\/hashtag\/CirenaicaResistente?src=hash\">#CirenaicaResistente<\/a> <a href=\"http:\/\/t.co\/UmANLXc18v\">pic.twitter.com\/UmANLXc18v<\/a><\/p>\n<p>\u2014 Wu Ming Foundation (@Wu_Ming_Foundt) <a href=\"https:\/\/twitter.com\/Wu_Ming_Foundt\/status\/648152047230013440\">September 27, 2015<\/a>\n<\/p><\/blockquote>\n<p><script src=\"\/\/platform.twitter.com\/widgets.js\" async=\"\" charset=\"utf-8\"><\/script><\/p>\n<blockquote class=\"twitter-tweet\" lang=\"en\">\n<p dir=\"ltr\" lang=\"it\">La storia di Mario Musolesi esce dai rami di <a href=\"https:\/\/twitter.com\/hashtag\/CirenaicaResistente?src=hash\">#CirenaicaResistente<\/a> <a href=\"https:\/\/twitter.com\/Wu_Ming_Foundt\">@Wu_Ming_Foundt<\/a> <a href=\"http:\/\/t.co\/3SRCAsrp86\">pic.twitter.com\/3SRCAsrp86<\/a><\/p>\n<p>\u2014 Andrea Cardoni (@andrecardoni) <a href=\"https:\/\/twitter.com\/andrecardoni\/status\/648154129441943553\">September 27, 2015<\/a><\/p><\/blockquote>\n<p><script src=\"\/\/platform.twitter.com\/widgets.js\" async=\"\" charset=\"utf-8\"><\/script><\/p>\n<blockquote class=\"twitter-tweet\" lang=\"en\" data-conversation=\"none\"><p>\nProsegue la storia del comandante Lupo. <a href=\"https:\/\/twitter.com\/hashtag\/CirenaicaResistente?src=hash\">#CirenaicaResistente<\/a> <a href=\"http:\/\/t.co\/CCLoBwtdGP\">pic.twitter.com\/CCLoBwtdGP<\/a><\/p>\n<p>\u2014 Wu Ming Foundation (@Wu_Ming_Foundt) <a href=\"https:\/\/twitter.com\/Wu_Ming_Foundt\/status\/648155350001188864\">September 27, 2015<\/a>\n<\/p><\/blockquote>\n<p><script src=\"\/\/platform.twitter.com\/widgets.js\" async=\"\" charset=\"utf-8\"><\/script><\/p>\n<blockquote class=\"twitter-tweet\" lang=\"en\">\n<p dir=\"ltr\" lang=\"it\">Questa \u00e8 poco pi\u00f9 di met\u00e0 della gente che sta seguendo il trekking urbano di <a href=\"https:\/\/twitter.com\/hashtag\/CirenaicaResistente?src=hash\">#CirenaicaResistente<\/a> <a href=\"http:\/\/t.co\/pXF7QADiMb\">pic.twitter.com\/pXF7QADiMb<\/a><\/p>\n<p>\u2014 Wu Ming Foundation (@Wu_Ming_Foundt) <a href=\"https:\/\/twitter.com\/Wu_Ming_Foundt\/status\/648160061169213440\">September 27, 2015<\/a><\/p><\/blockquote>\n<p><script src=\"\/\/platform.twitter.com\/widgets.js\" async=\"\" charset=\"utf-8\"><\/script><\/p>\n<blockquote class=\"twitter-tweet\" lang=\"en\"><p>\nContinuiamo a ribattezzare via Libia &#8220;via Vinka Kitarovic&#8221; <a href=\"https:\/\/twitter.com\/hashtag\/CirenaicaResistente?src=hash\">#CirenaicaResistente<\/a> <a href=\"http:\/\/t.co\/Btxwn6w0QE\">pic.twitter.com\/Btxwn6w0QE<\/a><\/p>\n<p>\u2014 Wu Ming Foundation (@Wu_Ming_Foundt) <a href=\"https:\/\/twitter.com\/Wu_Ming_Foundt\/status\/648160739547594752\">September 27, 2015<\/a>\n<\/p><\/blockquote>\n<p><script src=\"\/\/platform.twitter.com\/widgets.js\" async=\"\" charset=\"utf-8\"><\/script><\/p>\n<blockquote class=\"twitter-tweet\" lang=\"en\">\n<p dir=\"ltr\" lang=\"it\">Via Libia cambia nome e viene intitolata a Vinka Kitarovic durante <a href=\"https:\/\/twitter.com\/hashtag\/Resistenze?src=hash\">#Resistenze<\/a> in <a href=\"https:\/\/twitter.com\/hashtag\/Cirenaica?src=hash\">#Cirenaica<\/a> <a href=\"https:\/\/twitter.com\/hashtag\/Bologna?src=hash\">#Bologna<\/a> <a href=\"https:\/\/twitter.com\/hashtag\/antifa?src=hash\">#antifa<\/a> <a href=\"http:\/\/t.co\/6VroNU6ZvF\">pic.twitter.com\/6VroNU6ZvF<\/a><\/p>\n<p>\u2014 Damiana Aguiari (@Damiana_ag) <a href=\"https:\/\/twitter.com\/Damiana_ag\/status\/648166737993707521\">September 27, 2015<\/a><\/p><\/blockquote>\n<p><script src=\"\/\/platform.twitter.com\/widgets.js\" async=\"\" charset=\"utf-8\"><\/script><\/p>\n<blockquote class=\"twitter-tweet\" lang=\"en\"><p>\nIl Coro R&#8217;esistente del Pratello canta &#8220;Posumama i Gorama&#8221; <a href=\"https:\/\/twitter.com\/hashtag\/CirenaicaResistente?src=hash\">#CirenaicaResistente<\/a> <a href=\"http:\/\/t.co\/ivIssKW46x\">pic.twitter.com\/ivIssKW46x<\/a><\/p>\n<p>\u2014 Wu Ming Foundation (@Wu_Ming_Foundt) <a href=\"https:\/\/twitter.com\/Wu_Ming_Foundt\/status\/648165205021728768\">September 27, 2015<\/a>\n<\/p><\/blockquote>\n<p><script src=\"\/\/platform.twitter.com\/widgets.js\" async=\"\" charset=\"utf-8\"><\/script><\/p>\n<blockquote class=\"twitter-tweet\" lang=\"en\">\n<p dir=\"ltr\" lang=\"it\"><a href=\"https:\/\/twitter.com\/hashtag\/Cirenaicaresistente?src=hash\">#Cirenaicaresistente<\/a> continua al giardino pubblico Lorenzo Giusti di via Barontini. Tra 1\/2 ora reading e musica. <a href=\"http:\/\/t.co\/Yke5hgkcKN\">pic.twitter.com\/Yke5hgkcKN<\/a><\/p>\n<p>\u2014 Wu Ming Foundation (@Wu_Ming_Foundt) <a href=\"https:\/\/twitter.com\/Wu_Ming_Foundt\/status\/648181813064675328\">September 27, 2015<\/a><\/p><\/blockquote>\n<p><script src=\"\/\/platform.twitter.com\/widgets.js\" async=\"\" charset=\"utf-8\"><\/script><\/p>\n<blockquote class=\"twitter-tweet\" lang=\"en\"><p>\nIl giardino pubblico si sta riempiendo. <a href=\"https:\/\/twitter.com\/hashtag\/Cirenaicaresistente?src=hash\">#Cirenaicaresistente<\/a> <a href=\"http:\/\/t.co\/2bmnJT5LGc\">pic.twitter.com\/2bmnJT5LGc<\/a><\/p>\n<p>\u2014 Wu Ming Foundation (@Wu_Ming_Foundt) <a href=\"https:\/\/twitter.com\/Wu_Ming_Foundt\/status\/648184219643060224\">September 27, 2015<\/a>\n<\/p><\/blockquote>\n<p><script src=\"\/\/platform.twitter.com\/widgets.js\" async=\"\" charset=\"utf-8\"><\/script><\/p>\n<blockquote class=\"twitter-tweet\" lang=\"en\">\n<p dir=\"ltr\" lang=\"it\">Giardino Lorenzo Giusti stracolmo, la Compagnia Fantasma racconta Omar al-Mukhtar. <a href=\"https:\/\/twitter.com\/hashtag\/Cirenaicaresistente?src=hash\">#Cirenaicaresistente<\/a> <a href=\"http:\/\/t.co\/z0XlqluSKS\">pic.twitter.com\/z0XlqluSKS<\/a><\/p>\n<p>\u2014 Wu Ming Foundation (@Wu_Ming_Foundt) <a href=\"https:\/\/twitter.com\/Wu_Ming_Foundt\/status\/648194372484337664\">September 27, 2015<\/a><\/p><\/blockquote>\n<p><script src=\"\/\/platform.twitter.com\/widgets.js\" async=\"\" charset=\"utf-8\"><\/script><\/p>\n<blockquote class=\"twitter-tweet\" lang=\"en\"><p>\nUna moltitudine ascolta la storia della guerra chimica italiana in Libia. <a href=\"https:\/\/twitter.com\/hashtag\/CirenaicaResistente?src=hash\">#CirenaicaResistente<\/a> <a href=\"http:\/\/t.co\/6NC6cVywQB\">pic.twitter.com\/6NC6cVywQB<\/a><\/p>\n<p>\u2014 Wu Ming Foundation (@Wu_Ming_Foundt) <a href=\"https:\/\/twitter.com\/Wu_Ming_Foundt\/status\/648196953851985920\">September 27, 2015<\/a>\n<\/p><\/blockquote>\n<p><script src=\"\/\/platform.twitter.com\/widgets.js\" async=\"\" charset=\"utf-8\"><\/script><\/p>\n<blockquote class=\"twitter-tweet\" lang=\"en\">\n<p dir=\"ltr\" lang=\"it\">L&#8217;impiccagione di Omar al-Mukhtar raccontata dalla Compagnia Fantasma. <a href=\"https:\/\/twitter.com\/hashtag\/CirenaicaResistente?src=hash\">#CirenaicaResistente<\/a> <a href=\"http:\/\/t.co\/tvzKIbDIbW\">pic.twitter.com\/tvzKIbDIbW<\/a><\/p>\n<p>\u2014 Wu Ming Foundation (@Wu_Ming_Foundt) <a href=\"https:\/\/twitter.com\/Wu_Ming_Foundt\/status\/648198142349975556\">September 27, 2015<\/a><\/p><\/blockquote>\n<p><script src=\"\/\/platform.twitter.com\/widgets.js\" async=\"\" charset=\"utf-8\"><\/script><\/p>\n<blockquote class=\"twitter-tweet\" lang=\"en\" data-conversation=\"none\"><p>\n<a href=\"https:\/\/twitter.com\/Wu_Ming_Foundt\">@Wu_Ming_Foundt<\/a> sulla storia di Omar Al-Mukthar ecco un articolo di Angelo Del Boca &#8211; <a href=\"https:\/\/twitter.com\/hashtag\/CirenaicaResistente?src=hash\">#CirenaicaResistente<\/a> <a href=\"http:\/\/t.co\/yYO3K8cfQB\">http:\/\/t.co\/yYO3K8cfQB<\/a><\/p>\n<p>\u2014 Marco Scacc (@MScacc) <a href=\"https:\/\/twitter.com\/MScacc\/status\/648204092926480384\">September 27, 2015<\/a>\n<\/p><\/blockquote>\n<p><script src=\"\/\/platform.twitter.com\/widgets.js\" async=\"\" charset=\"utf-8\"><\/script><\/p>\n<blockquote class=\"twitter-tweet\" lang=\"en\">\n<p dir=\"ltr\" lang=\"it\">I Kai Zen raccontano la guerra d&#8217;Etiopia. <a href=\"https:\/\/twitter.com\/hashtag\/CirenaicaResistente?src=hash\">#CirenaicaResistente<\/a> <a href=\"http:\/\/t.co\/mOPJc16DU1\">pic.twitter.com\/mOPJc16DU1<\/a><\/p>\n<p>\u2014 Wu Ming Foundation (@Wu_Ming_Foundt) <a href=\"https:\/\/twitter.com\/Wu_Ming_Foundt\/status\/648199578894893056\">September 27, 2015<\/a><\/p><\/blockquote>\n<p><script src=\"\/\/platform.twitter.com\/widgets.js\" async=\"\" charset=\"utf-8\"><\/script><\/p>\n<blockquote class=\"twitter-tweet\" lang=\"en\"><p>\n<a href=\"https:\/\/twitter.com\/hashtag\/CirenaicaResistente?src=hash\">#CirenaicaResistente<\/a> ora. <a href=\"http:\/\/t.co\/D4MNUZMlVt\">pic.twitter.com\/D4MNUZMlVt<\/a><\/p>\n<p>\u2014 Wu Ming Foundation (@Wu_Ming_Foundt) <a href=\"https:\/\/twitter.com\/Wu_Ming_Foundt\/status\/648197360770752512\">September 27, 2015<\/a>\n<\/p><\/blockquote>\n<p><script src=\"\/\/platform.twitter.com\/widgets.js\" async=\"\" charset=\"utf-8\"><\/script><\/p>\n<blockquote class=\"twitter-tweet\" lang=\"en\">\n<p dir=\"ltr\" lang=\"it\">cazzo <a href=\"https:\/\/twitter.com\/Wu_Ming_Foundt\">@Wu_Ming_Foundt<\/a> ho il corriere che non riesce a trovare pi\u00f9 via Libia st\u00e0 girando da un ora per una consegna potevate avvisarmi<\/p>\n<p>\u2014 Domenico Bruno (@domenicobruno75) <a href=\"https:\/\/twitter.com\/domenicobruno75\/status\/648423549481414656\">September 28, 2015<\/a><\/p><\/blockquote>\n<p><script src=\"\/\/platform.twitter.com\/widgets.js\" async=\"\" charset=\"utf-8\"><\/script><\/p>\n<blockquote class=\"twitter-tweet\" lang=\"en\"><p>\nSu Ilio <a href=\"https:\/\/twitter.com\/hashtag\/Barontini?src=hash\">#Barontini<\/a> si veda anche <a href=\"https:\/\/twitter.com\/Wu_Ming_Foundt\">@Wu_Ming_Foundt<\/a>, Resistenze in <a href=\"https:\/\/twitter.com\/hashtag\/Cirenaica?src=hash\">#Cirenaica<\/a>: <a href=\"http:\/\/t.co\/WODyutFrRV\">http:\/\/t.co\/WODyutFrRV<\/a> <a href=\"https:\/\/twitter.com\/hashtag\/Resistenza70?src=hash\">#Resistenza70<\/a> <a href=\"https:\/\/t.co\/D8fPnsADXv\">https:\/\/t.co\/D8fPnsADXv<\/a><\/p>\n<p>\u2014 ANPI Brescia (@AnpiBrescia) <a href=\"https:\/\/twitter.com\/AnpiBrescia\/status\/648396728153075712\">September 28, 2015<\/a>\n<\/p><\/blockquote>\n<p><script src=\"\/\/platform.twitter.com\/widgets.js\" async=\"\" charset=\"utf-8\"><\/script><\/p>\n<\/div>\n<p>* prima di dire \u00abVabbe&#8217;, dai, in fondo De Amicis era solo uno scureggione&#8230;\u00bb, meglio pensare alle tossine vittimiste e nazionaliste che ha contribuito a inculcare in generazioni di italiani, e soprattutto leggersi il suo sfogo contro gli ebrei poveri di Amsterdam analizzato da Furio Jesi nell&#8217;appendice a <em>Cultura di destra <\/em>(Nottetempo, Roma 2011, pp. 268 &#8211; 285)<em>.<\/em> E in ogni caso, che c&#8217;entra lui in un rione dove tutte le altre vie hanno nomi di combattenti antifascisti?<\/p>\n<p>&nbsp;<\/p>\n","protected":false},"excerpt":{"rendered":"Questo non \u00e8 un reportage della giornata di ieri, 27 settembre 2015. Quello arriver\u00e0 appena ci saremo ripresi dal mix di fatica e meraviglia che l&#8217;esordio di \u00abResistenze in Cirenaica\u00bb ci ha pompato nelle arterie. Pi\u00f9 che un reportage, sar\u00e0 un web-documentario. Abbiamo testi, foto, video. Mesi di lavoro sono stati pi\u00f9 che ripagati. Boicottaggi [&hellip;]","protected":false},"author":1,"featured_media":22420,"comment_status":"open","ping_status":"open","sticky":false,"template":"","format":"standard","meta":{"footnotes":""},"categories":[1972,6],"tags":[2464,811,185,2514],"class_list":["post-22419","post","type-post","status-publish","format-standard","has-post-thumbnail","hentry","category-laboratori","category-news-e-segnalazioni","tag-cirenaica","tag-colonialismo-italiano","tag-resistenza","tag-resistenze-in-cirenaica"],"yoast_head":"<!-- This site is optimized with the Yoast SEO plugin v27.4 - https:\/\/yoast.com\/product\/yoast-seo-wordpress\/ -->\n<title>\u00abResistenze in Cirenaica\u00bb, una giornata memorabile, grazie a tutte e tutti! - Giap<\/title>\n<meta name=\"robots\" content=\"index, follow, max-snippet:-1, max-image-preview:large, max-video-preview:-1\" \/>\n<link rel=\"canonical\" href=\"https:\/\/www.wumingfoundation.com\/giap\/2015\/09\/resistenze-in-cirenaica-una-giornata-memorabile-grazie-a-tutte-e-tutti\/\" \/>\n<meta property=\"og:locale\" content=\"it_IT\" \/>\n<meta property=\"og:type\" content=\"article\" \/>\n<meta property=\"og:title\" content=\"\u00abResistenze in Cirenaica\u00bb, una giornata memorabile, grazie a tutte e tutti! - Giap\" \/>\n<meta property=\"og:description\" content=\"Questo non \u00e8 un reportage della giornata di ieri, 27 settembre 2015. Quello arriver\u00e0 appena ci saremo ripresi dal mix di fatica e meraviglia che l&#8217;esordio di \u00abResistenze in Cirenaica\u00bb ci ha pompato nelle arterie. Pi\u00f9 che un reportage, sar\u00e0 un web-documentario. Abbiamo testi, foto, video. Mesi di lavoro sono stati pi\u00f9 che ripagati. Boicottaggi [&hellip;]\" \/>\n<meta property=\"og:url\" content=\"https:\/\/www.wumingfoundation.com\/giap\/2015\/09\/resistenze-in-cirenaica-una-giornata-memorabile-grazie-a-tutte-e-tutti\/\" \/>\n<meta property=\"og:site_name\" content=\"Giap\" \/>\n<meta property=\"article:published_time\" content=\"2015-09-28T10:11:47+00:00\" \/>\n<meta property=\"article:modified_time\" content=\"2015-10-03T12:33:32+00:00\" \/>\n<meta property=\"og:image\" content=\"https:\/\/www.wumingfoundation.com\/giap\/wp-content\/uploads\/2015\/09\/Vinka1_650px.jpg\" \/>\n\t<meta property=\"og:image:width\" content=\"650\" \/>\n\t<meta property=\"og:image:height\" content=\"432\" \/>\n\t<meta property=\"og:image:type\" content=\"image\/jpeg\" \/>\n<meta name=\"author\" content=\"Wu Ming\" \/>\n<meta name=\"twitter:card\" content=\"summary_large_image\" \/>\n<meta name=\"twitter:creator\" content=\"@Wu_Ming_Foundt\" \/>\n<meta name=\"twitter:site\" content=\"@Wu_Ming_Foundt\" \/>\n<meta name=\"twitter:label1\" content=\"Scritto da\" \/>\n\t<meta name=\"twitter:data1\" content=\"Wu Ming\" \/>\n\t<meta name=\"twitter:label2\" content=\"Tempo di lettura stimato\" \/>\n\t<meta name=\"twitter:data2\" content=\"7 minuti\" \/>\n<script type=\"application\/ld+json\" class=\"yoast-schema-graph\">{\"@context\":\"https:\\\/\\\/schema.org\",\"@graph\":[{\"@type\":\"Article\",\"@id\":\"https:\\\/\\\/www.wumingfoundation.com\\\/giap\\\/2015\\\/09\\\/resistenze-in-cirenaica-una-giornata-memorabile-grazie-a-tutte-e-tutti\\\/#article\",\"isPartOf\":{\"@id\":\"https:\\\/\\\/www.wumingfoundation.com\\\/giap\\\/2015\\\/09\\\/resistenze-in-cirenaica-una-giornata-memorabile-grazie-a-tutte-e-tutti\\\/\"},\"author\":{\"name\":\"Wu Ming\",\"@id\":\"https:\\\/\\\/www.wumingfoundation.com\\\/giap\\\/#\\\/schema\\\/person\\\/881b1c925aaf48fe6eb5c3970be4458f\"},\"headline\":\"\u00abResistenze in Cirenaica\u00bb, una giornata memorabile, grazie a tutte e tutti!\",\"datePublished\":\"2015-09-28T10:11:47+00:00\",\"dateModified\":\"2015-10-03T12:33:32+00:00\",\"mainEntityOfPage\":{\"@id\":\"https:\\\/\\\/www.wumingfoundation.com\\\/giap\\\/2015\\\/09\\\/resistenze-in-cirenaica-una-giornata-memorabile-grazie-a-tutte-e-tutti\\\/\"},\"wordCount\":1460,\"commentCount\":11,\"image\":{\"@id\":\"https:\\\/\\\/www.wumingfoundation.com\\\/giap\\\/2015\\\/09\\\/resistenze-in-cirenaica-una-giornata-memorabile-grazie-a-tutte-e-tutti\\\/#primaryimage\"},\"thumbnailUrl\":\"https:\\\/\\\/www.wumingfoundation.com\\\/giap\\\/wp-content\\\/uploads\\\/2015\\\/09\\\/Vinka1_650px.jpg\",\"keywords\":[\"Cirenaica\",\"colonialismo italiano\",\"Resistenza\",\"Resistenze in Cirenaica\"],\"articleSection\":[\"Laboratori\",\"Notizie\"],\"inLanguage\":\"it-IT\",\"potentialAction\":[{\"@type\":\"CommentAction\",\"name\":\"Comment\",\"target\":[\"https:\\\/\\\/www.wumingfoundation.com\\\/giap\\\/2015\\\/09\\\/resistenze-in-cirenaica-una-giornata-memorabile-grazie-a-tutte-e-tutti\\\/#respond\"]}]},{\"@type\":\"WebPage\",\"@id\":\"https:\\\/\\\/www.wumingfoundation.com\\\/giap\\\/2015\\\/09\\\/resistenze-in-cirenaica-una-giornata-memorabile-grazie-a-tutte-e-tutti\\\/\",\"url\":\"https:\\\/\\\/www.wumingfoundation.com\\\/giap\\\/2015\\\/09\\\/resistenze-in-cirenaica-una-giornata-memorabile-grazie-a-tutte-e-tutti\\\/\",\"name\":\"\u00abResistenze in Cirenaica\u00bb, una giornata memorabile, grazie a tutte e tutti! - Giap\",\"isPartOf\":{\"@id\":\"https:\\\/\\\/www.wumingfoundation.com\\\/giap\\\/#website\"},\"primaryImageOfPage\":{\"@id\":\"https:\\\/\\\/www.wumingfoundation.com\\\/giap\\\/2015\\\/09\\\/resistenze-in-cirenaica-una-giornata-memorabile-grazie-a-tutte-e-tutti\\\/#primaryimage\"},\"image\":{\"@id\":\"https:\\\/\\\/www.wumingfoundation.com\\\/giap\\\/2015\\\/09\\\/resistenze-in-cirenaica-una-giornata-memorabile-grazie-a-tutte-e-tutti\\\/#primaryimage\"},\"thumbnailUrl\":\"https:\\\/\\\/www.wumingfoundation.com\\\/giap\\\/wp-content\\\/uploads\\\/2015\\\/09\\\/Vinka1_650px.jpg\",\"datePublished\":\"2015-09-28T10:11:47+00:00\",\"dateModified\":\"2015-10-03T12:33:32+00:00\",\"author\":{\"@id\":\"https:\\\/\\\/www.wumingfoundation.com\\\/giap\\\/#\\\/schema\\\/person\\\/881b1c925aaf48fe6eb5c3970be4458f\"},\"breadcrumb\":{\"@id\":\"https:\\\/\\\/www.wumingfoundation.com\\\/giap\\\/2015\\\/09\\\/resistenze-in-cirenaica-una-giornata-memorabile-grazie-a-tutte-e-tutti\\\/#breadcrumb\"},\"inLanguage\":\"it-IT\",\"potentialAction\":[{\"@type\":\"ReadAction\",\"target\":[\"https:\\\/\\\/www.wumingfoundation.com\\\/giap\\\/2015\\\/09\\\/resistenze-in-cirenaica-una-giornata-memorabile-grazie-a-tutte-e-tutti\\\/\"]}]},{\"@type\":\"ImageObject\",\"inLanguage\":\"it-IT\",\"@id\":\"https:\\\/\\\/www.wumingfoundation.com\\\/giap\\\/2015\\\/09\\\/resistenze-in-cirenaica-una-giornata-memorabile-grazie-a-tutte-e-tutti\\\/#primaryimage\",\"url\":\"https:\\\/\\\/www.wumingfoundation.com\\\/giap\\\/wp-content\\\/uploads\\\/2015\\\/09\\\/Vinka1_650px.jpg\",\"contentUrl\":\"https:\\\/\\\/www.wumingfoundation.com\\\/giap\\\/wp-content\\\/uploads\\\/2015\\\/09\\\/Vinka1_650px.jpg\",\"width\":650,\"height\":432,\"caption\":\"Wu Ming 2 racconta la storia della partigiana Vinka Kitarovic in via Libia, appena rinominata dal basso \u00abvia Vinka Kitarovic\u00bb.\"},{\"@type\":\"BreadcrumbList\",\"@id\":\"https:\\\/\\\/www.wumingfoundation.com\\\/giap\\\/2015\\\/09\\\/resistenze-in-cirenaica-una-giornata-memorabile-grazie-a-tutte-e-tutti\\\/#breadcrumb\",\"itemListElement\":[{\"@type\":\"ListItem\",\"position\":1,\"name\":\"Home\",\"item\":\"https:\\\/\\\/www.wumingfoundation.com\\\/giap\\\/\"},{\"@type\":\"ListItem\",\"position\":2,\"name\":\"\u00abResistenze in Cirenaica\u00bb, una giornata memorabile, grazie a tutte e tutti!\"}]},{\"@type\":\"WebSite\",\"@id\":\"https:\\\/\\\/www.wumingfoundation.com\\\/giap\\\/#website\",\"url\":\"https:\\\/\\\/www.wumingfoundation.com\\\/giap\\\/\",\"name\":\"Giap\",\"description\":\"Il sito ufficiale di Wu Ming, collettivo di scrittori\",\"potentialAction\":[{\"@type\":\"SearchAction\",\"target\":{\"@type\":\"EntryPoint\",\"urlTemplate\":\"https:\\\/\\\/www.wumingfoundation.com\\\/giap\\\/?s={search_term_string}\"},\"query-input\":{\"@type\":\"PropertyValueSpecification\",\"valueRequired\":true,\"valueName\":\"search_term_string\"}}],\"inLanguage\":\"it-IT\"},{\"@type\":\"Person\",\"@id\":\"https:\\\/\\\/www.wumingfoundation.com\\\/giap\\\/#\\\/schema\\\/person\\\/881b1c925aaf48fe6eb5c3970be4458f\",\"name\":\"Wu Ming\",\"image\":{\"@type\":\"ImageObject\",\"inLanguage\":\"it-IT\",\"@id\":\"https:\\\/\\\/secure.gravatar.com\\\/avatar\\\/1f49001124f0d5b3aeb1d387dbd89e7b48de4c5c15539460ec1c154566c1723c?s=96&d=blank&r=g\",\"url\":\"https:\\\/\\\/secure.gravatar.com\\\/avatar\\\/1f49001124f0d5b3aeb1d387dbd89e7b48de4c5c15539460ec1c154566c1723c?s=96&d=blank&r=g\",\"contentUrl\":\"https:\\\/\\\/secure.gravatar.com\\\/avatar\\\/1f49001124f0d5b3aeb1d387dbd89e7b48de4c5c15539460ec1c154566c1723c?s=96&d=blank&r=g\",\"caption\":\"Wu Ming\"}}]}<\/script>\n<!-- \/ Yoast SEO plugin. -->","yoast_head_json":{"title":"\u00abResistenze in Cirenaica\u00bb, una giornata memorabile, grazie a tutte e tutti! - Giap","robots":{"index":"index","follow":"follow","max-snippet":"max-snippet:-1","max-image-preview":"max-image-preview:large","max-video-preview":"max-video-preview:-1"},"canonical":"https:\/\/www.wumingfoundation.com\/giap\/2015\/09\/resistenze-in-cirenaica-una-giornata-memorabile-grazie-a-tutte-e-tutti\/","og_locale":"it_IT","og_type":"article","og_title":"\u00abResistenze in Cirenaica\u00bb, una giornata memorabile, grazie a tutte e tutti! - Giap","og_description":"Questo non \u00e8 un reportage della giornata di ieri, 27 settembre 2015. Quello arriver\u00e0 appena ci saremo ripresi dal mix di fatica e meraviglia che l&#8217;esordio di \u00abResistenze in Cirenaica\u00bb ci ha pompato nelle arterie. Pi\u00f9 che un reportage, sar\u00e0 un web-documentario. Abbiamo testi, foto, video. Mesi di lavoro sono stati pi\u00f9 che ripagati. Boicottaggi [&hellip;]","og_url":"https:\/\/www.wumingfoundation.com\/giap\/2015\/09\/resistenze-in-cirenaica-una-giornata-memorabile-grazie-a-tutte-e-tutti\/","og_site_name":"Giap","article_published_time":"2015-09-28T10:11:47+00:00","article_modified_time":"2015-10-03T12:33:32+00:00","og_image":[{"width":650,"height":432,"url":"https:\/\/www.wumingfoundation.com\/giap\/wp-content\/uploads\/2015\/09\/Vinka1_650px.jpg","type":"image\/jpeg"}],"author":"Wu Ming","twitter_card":"summary_large_image","twitter_creator":"@Wu_Ming_Foundt","twitter_site":"@Wu_Ming_Foundt","twitter_misc":{"Scritto da":"Wu Ming","Tempo di lettura stimato":"7 minuti"},"schema":{"@context":"https:\/\/schema.org","@graph":[{"@type":"Article","@id":"https:\/\/www.wumingfoundation.com\/giap\/2015\/09\/resistenze-in-cirenaica-una-giornata-memorabile-grazie-a-tutte-e-tutti\/#article","isPartOf":{"@id":"https:\/\/www.wumingfoundation.com\/giap\/2015\/09\/resistenze-in-cirenaica-una-giornata-memorabile-grazie-a-tutte-e-tutti\/"},"author":{"name":"Wu Ming","@id":"https:\/\/www.wumingfoundation.com\/giap\/#\/schema\/person\/881b1c925aaf48fe6eb5c3970be4458f"},"headline":"\u00abResistenze in Cirenaica\u00bb, una giornata memorabile, grazie a tutte e tutti!","datePublished":"2015-09-28T10:11:47+00:00","dateModified":"2015-10-03T12:33:32+00:00","mainEntityOfPage":{"@id":"https:\/\/www.wumingfoundation.com\/giap\/2015\/09\/resistenze-in-cirenaica-una-giornata-memorabile-grazie-a-tutte-e-tutti\/"},"wordCount":1460,"commentCount":11,"image":{"@id":"https:\/\/www.wumingfoundation.com\/giap\/2015\/09\/resistenze-in-cirenaica-una-giornata-memorabile-grazie-a-tutte-e-tutti\/#primaryimage"},"thumbnailUrl":"https:\/\/www.wumingfoundation.com\/giap\/wp-content\/uploads\/2015\/09\/Vinka1_650px.jpg","keywords":["Cirenaica","colonialismo italiano","Resistenza","Resistenze in Cirenaica"],"articleSection":["Laboratori","Notizie"],"inLanguage":"it-IT","potentialAction":[{"@type":"CommentAction","name":"Comment","target":["https:\/\/www.wumingfoundation.com\/giap\/2015\/09\/resistenze-in-cirenaica-una-giornata-memorabile-grazie-a-tutte-e-tutti\/#respond"]}]},{"@type":"WebPage","@id":"https:\/\/www.wumingfoundation.com\/giap\/2015\/09\/resistenze-in-cirenaica-una-giornata-memorabile-grazie-a-tutte-e-tutti\/","url":"https:\/\/www.wumingfoundation.com\/giap\/2015\/09\/resistenze-in-cirenaica-una-giornata-memorabile-grazie-a-tutte-e-tutti\/","name":"\u00abResistenze in Cirenaica\u00bb, una giornata memorabile, grazie a tutte e tutti! - Giap","isPartOf":{"@id":"https:\/\/www.wumingfoundation.com\/giap\/#website"},"primaryImageOfPage":{"@id":"https:\/\/www.wumingfoundation.com\/giap\/2015\/09\/resistenze-in-cirenaica-una-giornata-memorabile-grazie-a-tutte-e-tutti\/#primaryimage"},"image":{"@id":"https:\/\/www.wumingfoundation.com\/giap\/2015\/09\/resistenze-in-cirenaica-una-giornata-memorabile-grazie-a-tutte-e-tutti\/#primaryimage"},"thumbnailUrl":"https:\/\/www.wumingfoundation.com\/giap\/wp-content\/uploads\/2015\/09\/Vinka1_650px.jpg","datePublished":"2015-09-28T10:11:47+00:00","dateModified":"2015-10-03T12:33:32+00:00","author":{"@id":"https:\/\/www.wumingfoundation.com\/giap\/#\/schema\/person\/881b1c925aaf48fe6eb5c3970be4458f"},"breadcrumb":{"@id":"https:\/\/www.wumingfoundation.com\/giap\/2015\/09\/resistenze-in-cirenaica-una-giornata-memorabile-grazie-a-tutte-e-tutti\/#breadcrumb"},"inLanguage":"it-IT","potentialAction":[{"@type":"ReadAction","target":["https:\/\/www.wumingfoundation.com\/giap\/2015\/09\/resistenze-in-cirenaica-una-giornata-memorabile-grazie-a-tutte-e-tutti\/"]}]},{"@type":"ImageObject","inLanguage":"it-IT","@id":"https:\/\/www.wumingfoundation.com\/giap\/2015\/09\/resistenze-in-cirenaica-una-giornata-memorabile-grazie-a-tutte-e-tutti\/#primaryimage","url":"https:\/\/www.wumingfoundation.com\/giap\/wp-content\/uploads\/2015\/09\/Vinka1_650px.jpg","contentUrl":"https:\/\/www.wumingfoundation.com\/giap\/wp-content\/uploads\/2015\/09\/Vinka1_650px.jpg","width":650,"height":432,"caption":"Wu Ming 2 racconta la storia della partigiana Vinka Kitarovic in via Libia, appena rinominata dal basso \u00abvia Vinka Kitarovic\u00bb."},{"@type":"BreadcrumbList","@id":"https:\/\/www.wumingfoundation.com\/giap\/2015\/09\/resistenze-in-cirenaica-una-giornata-memorabile-grazie-a-tutte-e-tutti\/#breadcrumb","itemListElement":[{"@type":"ListItem","position":1,"name":"Home","item":"https:\/\/www.wumingfoundation.com\/giap\/"},{"@type":"ListItem","position":2,"name":"\u00abResistenze in Cirenaica\u00bb, una giornata memorabile, grazie a tutte e tutti!"}]},{"@type":"WebSite","@id":"https:\/\/www.wumingfoundation.com\/giap\/#website","url":"https:\/\/www.wumingfoundation.com\/giap\/","name":"Giap","description":"Il sito ufficiale di Wu Ming, collettivo di scrittori","potentialAction":[{"@type":"SearchAction","target":{"@type":"EntryPoint","urlTemplate":"https:\/\/www.wumingfoundation.com\/giap\/?s={search_term_string}"},"query-input":{"@type":"PropertyValueSpecification","valueRequired":true,"valueName":"search_term_string"}}],"inLanguage":"it-IT"},{"@type":"Person","@id":"https:\/\/www.wumingfoundation.com\/giap\/#\/schema\/person\/881b1c925aaf48fe6eb5c3970be4458f","name":"Wu Ming","image":{"@type":"ImageObject","inLanguage":"it-IT","@id":"https:\/\/secure.gravatar.com\/avatar\/1f49001124f0d5b3aeb1d387dbd89e7b48de4c5c15539460ec1c154566c1723c?s=96&d=blank&r=g","url":"https:\/\/secure.gravatar.com\/avatar\/1f49001124f0d5b3aeb1d387dbd89e7b48de4c5c15539460ec1c154566c1723c?s=96&d=blank&r=g","contentUrl":"https:\/\/secure.gravatar.com\/avatar\/1f49001124f0d5b3aeb1d387dbd89e7b48de4c5c15539460ec1c154566c1723c?s=96&d=blank&r=g","caption":"Wu Ming"}}]}},"_links":{"self":[{"href":"https:\/\/www.wumingfoundation.com\/giap\/wp-json\/wp\/v2\/posts\/22419","targetHints":{"allow":["GET"]}}],"collection":[{"href":"https:\/\/www.wumingfoundation.com\/giap\/wp-json\/wp\/v2\/posts"}],"about":[{"href":"https:\/\/www.wumingfoundation.com\/giap\/wp-json\/wp\/v2\/types\/post"}],"author":[{"embeddable":true,"href":"https:\/\/www.wumingfoundation.com\/giap\/wp-json\/wp\/v2\/users\/1"}],"replies":[{"embeddable":true,"href":"https:\/\/www.wumingfoundation.com\/giap\/wp-json\/wp\/v2\/comments?post=22419"}],"version-history":[{"count":0,"href":"https:\/\/www.wumingfoundation.com\/giap\/wp-json\/wp\/v2\/posts\/22419\/revisions"}],"wp:featuredmedia":[{"embeddable":true,"href":"https:\/\/www.wumingfoundation.com\/giap\/wp-json\/wp\/v2\/media\/22420"}],"wp:attachment":[{"href":"https:\/\/www.wumingfoundation.com\/giap\/wp-json\/wp\/v2\/media?parent=22419"}],"wp:term":[{"taxonomy":"category","embeddable":true,"href":"https:\/\/www.wumingfoundation.com\/giap\/wp-json\/wp\/v2\/categories?post=22419"},{"taxonomy":"post_tag","embeddable":true,"href":"https:\/\/www.wumingfoundation.com\/giap\/wp-json\/wp\/v2\/tags?post=22419"}],"curies":[{"name":"wp","href":"https:\/\/api.w.org\/{rel}","templated":true}]}}