{"id":22410,"date":"2015-09-26T09:57:52","date_gmt":"2015-09-26T07:57:52","guid":{"rendered":"http:\/\/www.wumingfoundation.com\/giap\/?p=22410"},"modified":"2016-02-22T17:43:00","modified_gmt":"2016-02-22T16:43:00","slug":"superluna-rossa-sulla-cirenaicaresistente","status":"publish","type":"post","link":"https:\/\/www.wumingfoundation.com\/giap\/2015\/09\/superluna-rossa-sulla-cirenaicaresistente\/","title":{"rendered":"Superluna rossa sulla Cirenaica resistente"},"content":{"rendered":"<p style=\"text-align: center;\"><img loading=\"lazy\" decoding=\"async\" class=\"aligncenter size-full wp-image-22414\" src=\"http:\/\/www.wumingfoundation.com\/giap\/wp-content\/uploads\/2015\/09\/redmoon.jpg\" alt=\"Superluna rossa\" width=\"650\" height=\"376\" \/><\/p>\n<p>Ultimo promemoria: <strong>domani, domenica 27 settembre<\/strong>, <em>Resistenze in Cirenaica<\/em>, un&#8217;intera giornata di musiche, racconti, camminate, proiezioni, nel rione Cirenaica di Bologna. Per disseppellire le storie di chi resistette ai fascismi, ai colonialismi, all&#8217;imperialismo tedesco e a quello italiano in Africa e nei Balcani.<\/p>\n<p>Si comincia con un pranzo di autofinanziamento e letture di WM e <strong>:Kai Zen:<\/strong> e musica\u00a0 &#8211; <strong>Guglielmo Pagnozzi<\/strong> suoner\u00e0 persino il lissio, chi lo ha visto in azione su quel materiale sa che \u00e8 roba imperdibile &#8211; e, importante dettaglio, <span style=\"text-decoration: underline; color: #ff0000;\">meglio prenotare<\/span> a questa mail: <strong>infovag61@gmail.com<\/strong>, comunque noialtri si fa da mangiare come se dovesse arrivare un battaglione di miliziani della guerra civile spagnola, ma se abbiamo un&#8217;idea di massima \u00e8 meglio.<\/p>\n<p>Si prosegue col trekking urbano, partenza dal Vag61 alle 16 in punto con <strong>Wu Ming 2<\/strong> che racconta le vite <!--more-->di quei partigiani che stanno sulle targhe delle vie e <strong>Atopie Sottili<\/strong> che racconta un po&#8217; di storia del quartiere, le <strong>Brigate Sonore<\/strong> che suonano e i bambini del <strong>Coro R&#8217;esistente del Pratello<\/strong> che cantano Fate largo che passa la Brigata Garibaldi, la pi\u00f9 bella la pi\u00f9 forte la pi\u00f9 ardita che ci sia, pi\u00f9 una performance a sorpresa che far\u00e0 discutere e divider\u00e0 il padre dal figlio e il fratello dal fratello perch\u00e9, come disse quel tale, noi non portiamo pace ma una spada.<\/p>\n<p>La sera, al giardino &#8220;Lorenzo Giusti&#8221; di via Ilio Barontini &#8211; by the way, <a href=\"http:\/\/www.wumingfoundation.com\/giap\/wp-content\/uploads\/2015\/09\/giusti_04.jpg\">Lorenzo Giusti era questo qui<\/a>, ferroviere anarchico e volontario nella guerra civile spagnola, pregasi notare la bellezza del sorriso al tempo stesso scanzonato e sprezzante nella foto segnaletica!\u00a0 &#8211; spettacolo con letture di WM1, WM2, <strong>Valerio Monteventi<\/strong>, <strong>Compagnia Fantasma<\/strong> e le musiche e voci di <strong>Bhutan Clan<\/strong> (\u00e8 un nome del cacchio ma funziona perch\u00e9 \u00e8 sempre spunto di conversazioni), <strong>Camilla Serpieri<\/strong>, <strong>Fabio Tricomi<\/strong>, <strong>Claudia Finetti<\/strong>.<\/p>\n<p style=\"text-align: center;\"><iframe loading=\"lazy\" src=\"https:\/\/www.youtube.com\/embed\/Cg8K6gg4J7A\" width=\"640\" height=\"480\" frameborder=\"0\" allowfullscreen=\"allowfullscreen\"><\/iframe><\/p>\n<p>Il tutto, a quanto pare, <a href=\"http:\/\/www.atlasobscura.com\/articles\/fleeting-wonders-super-blood-moon?utm_source=Atlas+Obscura&amp;utm_campaign=bd3f07300a-Newsletter_9_25_20159_24_2015&amp;utm_medium=email&amp;utm_term=0_62ba9246c0-bd3f07300a-60752445&amp;ct=t%28Newsletter_9_25_20159_24_2015%29&amp;mc_cid=bd3f07300a&amp;mc_eid=9de1d3503b\">sotto una superluna rossa<\/a>, il che \u00e8 appropriato perch\u00e9 <em>Luna rossa<\/em> \u00e8 s\u00ec una canzone napoletana, \u00e8 Massimo Ranieri che gorgheggia, ma \u00e8 anche la canzone degli <strong>Yu Kung<\/strong> (ne ha fatto la cover la Banda Bassotti) che racconta di Piazza Fontana e nel refrain dice No, no, no, non si pu\u00f2 pi\u00f9 dormire, e non \u00e8 il lamento di un comitato antirumore bolognese ma la constatazione che bisogna svegliarsi, essere consapevoli, e noi diciamo proprio che sul retaggio del colonialismo italiano, del fascismo che riaffiora putrido, del razzismo che tanto plasma il nostro presente, non si possono pi\u00f9 tenere gli occhi chiusi.<\/p>\n<p>Quindi ci vediamo domani, anche a dispetto di alcuni boicottaggi di carattere esplicitamente politico che abbiamo subito nelle ultime ore\u00a0 da alcuni enti, e di questo ne parleremo dopo, nel modo giusto. Concludiamo proponendo qui l&#8217;intervista a Wu Ming 1 e Cristina Chiavari dell&#8217;associazione &#8220;Spazi Aperti&#8221; andata in onda ieri su Radio Citt\u00e0 del Capo. <a href=\"http:\/\/www.radiocittadelcapo.it\/archives\/cirenaica-resistente-165189\/\"><strong>Buon ascolto<\/strong><\/a>. Si parla anche del corteo bolognese di oggi pomeriggio, vedasi locandina di <strong>Zero Calcare<\/strong> qui sotto:<\/p>\n<p style=\"text-align: center;\"><a href=\"http:\/\/www.radiocittadelcapo.it\/archives\/cirenaica-resistente-165189\/\"><img loading=\"lazy\" decoding=\"async\" class=\"aligncenter wp-image-22413 size-full\" src=\"http:\/\/www.wumingfoundation.com\/giap\/wp-content\/uploads\/2015\/09\/26settembre.jpg\" alt=\"Corteo 26 settembre, Bologna, per la libert\u00e0 di dimora\" width=\"506\" height=\"629\" \/><\/a><\/p>\n","protected":false},"excerpt":{"rendered":"Ultimo promemoria: domani, domenica 27 settembre, Resistenze in Cirenaica, un&#8217;intera giornata di musiche, racconti, camminate, proiezioni, nel rione Cirenaica di Bologna. Per disseppellire le storie di chi resistette ai fascismi, ai colonialismi, all&#8217;imperialismo tedesco e a quello italiano in Africa e nei Balcani. Si comincia con un pranzo di autofinanziamento e letture di WM e [&hellip;]","protected":false},"author":1,"featured_media":24031,"comment_status":"open","ping_status":"open","sticky":false,"template":"","format":"standard","meta":{"footnotes":""},"categories":[1972,6],"tags":[189,142,2464,2549,811,185,2514,2551,2550],"class_list":["post-22410","post","type-post","status-publish","format-standard","has-post-thumbnail","hentry","category-laboratori","category-news-e-segnalazioni","tag-antifascismo","tag-bologna","tag-cirenaica","tag-cirenaica-resistente","tag-colonialismo-italiano","tag-resistenza","tag-resistenze-in-cirenaica","tag-superluna-rossa","tag-zero-calcare"],"yoast_head":"<!-- This site is optimized with the Yoast SEO plugin v27.5 - https:\/\/yoast.com\/product\/yoast-seo-wordpress\/ -->\n<title>Superluna rossa sulla Cirenaica resistente - Giap<\/title>\n<meta name=\"robots\" content=\"index, follow, max-snippet:-1, max-image-preview:large, max-video-preview:-1\" \/>\n<link rel=\"canonical\" href=\"https:\/\/www.wumingfoundation.com\/giap\/2015\/09\/superluna-rossa-sulla-cirenaicaresistente\/\" \/>\n<meta property=\"og:locale\" content=\"it_IT\" \/>\n<meta property=\"og:type\" content=\"article\" \/>\n<meta property=\"og:title\" content=\"Superluna rossa sulla Cirenaica resistente - Giap\" \/>\n<meta property=\"og:description\" content=\"Ultimo promemoria: domani, domenica 27 settembre, Resistenze in Cirenaica, un&#8217;intera giornata di musiche, racconti, camminate, proiezioni, nel rione Cirenaica di Bologna. Per disseppellire le storie di chi resistette ai fascismi, ai colonialismi, all&#8217;imperialismo tedesco e a quello italiano in Africa e nei Balcani. Si comincia con un pranzo di autofinanziamento e letture di WM e [&hellip;]\" \/>\n<meta property=\"og:url\" content=\"https:\/\/www.wumingfoundation.com\/giap\/2015\/09\/superluna-rossa-sulla-cirenaicaresistente\/\" \/>\n<meta property=\"og:site_name\" content=\"Giap\" \/>\n<meta property=\"article:published_time\" content=\"2015-09-26T07:57:52+00:00\" \/>\n<meta property=\"article:modified_time\" content=\"2016-02-22T16:43:00+00:00\" \/>\n<meta property=\"og:image\" content=\"https:\/\/www.wumingfoundation.com\/giap\/wp-content\/uploads\/2015\/09\/Red_Moon.jpg\" \/>\n\t<meta property=\"og:image:width\" content=\"230\" \/>\n\t<meta property=\"og:image:height\" content=\"200\" \/>\n\t<meta property=\"og:image:type\" content=\"image\/jpeg\" \/>\n<meta name=\"author\" content=\"Wu Ming\" \/>\n<meta name=\"twitter:card\" content=\"summary_large_image\" \/>\n<meta name=\"twitter:creator\" content=\"@Wu_Ming_Foundt\" \/>\n<meta name=\"twitter:site\" content=\"@Wu_Ming_Foundt\" \/>\n<meta name=\"twitter:label1\" content=\"Scritto da\" \/>\n\t<meta name=\"twitter:data1\" content=\"Wu Ming\" \/>\n\t<meta name=\"twitter:label2\" content=\"Tempo di lettura stimato\" \/>\n\t<meta name=\"twitter:data2\" content=\"2 minuti\" \/>\n<script type=\"application\/ld+json\" class=\"yoast-schema-graph\">{\"@context\":\"https:\\\/\\\/schema.org\",\"@graph\":[{\"@type\":\"Article\",\"@id\":\"https:\\\/\\\/www.wumingfoundation.com\\\/giap\\\/2015\\\/09\\\/superluna-rossa-sulla-cirenaicaresistente\\\/#article\",\"isPartOf\":{\"@id\":\"https:\\\/\\\/www.wumingfoundation.com\\\/giap\\\/2015\\\/09\\\/superluna-rossa-sulla-cirenaicaresistente\\\/\"},\"author\":{\"name\":\"Wu Ming\",\"@id\":\"https:\\\/\\\/www.wumingfoundation.com\\\/giap\\\/#\\\/schema\\\/person\\\/881b1c925aaf48fe6eb5c3970be4458f\"},\"headline\":\"Superluna rossa sulla Cirenaica resistente\",\"datePublished\":\"2015-09-26T07:57:52+00:00\",\"dateModified\":\"2016-02-22T16:43:00+00:00\",\"mainEntityOfPage\":{\"@id\":\"https:\\\/\\\/www.wumingfoundation.com\\\/giap\\\/2015\\\/09\\\/superluna-rossa-sulla-cirenaicaresistente\\\/\"},\"wordCount\":482,\"commentCount\":2,\"image\":{\"@id\":\"https:\\\/\\\/www.wumingfoundation.com\\\/giap\\\/2015\\\/09\\\/superluna-rossa-sulla-cirenaicaresistente\\\/#primaryimage\"},\"thumbnailUrl\":\"https:\\\/\\\/www.wumingfoundation.com\\\/giap\\\/wp-content\\\/uploads\\\/2015\\\/09\\\/Red_Moon.jpg\",\"keywords\":[\"antifascismo\",\"Bologna\",\"Cirenaica\",\"Cirenaica Resistente\",\"colonialismo italiano\",\"Resistenza\",\"Resistenze in Cirenaica\",\"Superluna rossa\",\"Zero Calcare\"],\"articleSection\":[\"Laboratori\",\"Notizie\"],\"inLanguage\":\"it-IT\",\"potentialAction\":[{\"@type\":\"CommentAction\",\"name\":\"Comment\",\"target\":[\"https:\\\/\\\/www.wumingfoundation.com\\\/giap\\\/2015\\\/09\\\/superluna-rossa-sulla-cirenaicaresistente\\\/#respond\"]}]},{\"@type\":\"WebPage\",\"@id\":\"https:\\\/\\\/www.wumingfoundation.com\\\/giap\\\/2015\\\/09\\\/superluna-rossa-sulla-cirenaicaresistente\\\/\",\"url\":\"https:\\\/\\\/www.wumingfoundation.com\\\/giap\\\/2015\\\/09\\\/superluna-rossa-sulla-cirenaicaresistente\\\/\",\"name\":\"Superluna rossa sulla Cirenaica resistente - Giap\",\"isPartOf\":{\"@id\":\"https:\\\/\\\/www.wumingfoundation.com\\\/giap\\\/#website\"},\"primaryImageOfPage\":{\"@id\":\"https:\\\/\\\/www.wumingfoundation.com\\\/giap\\\/2015\\\/09\\\/superluna-rossa-sulla-cirenaicaresistente\\\/#primaryimage\"},\"image\":{\"@id\":\"https:\\\/\\\/www.wumingfoundation.com\\\/giap\\\/2015\\\/09\\\/superluna-rossa-sulla-cirenaicaresistente\\\/#primaryimage\"},\"thumbnailUrl\":\"https:\\\/\\\/www.wumingfoundation.com\\\/giap\\\/wp-content\\\/uploads\\\/2015\\\/09\\\/Red_Moon.jpg\",\"datePublished\":\"2015-09-26T07:57:52+00:00\",\"dateModified\":\"2016-02-22T16:43:00+00:00\",\"author\":{\"@id\":\"https:\\\/\\\/www.wumingfoundation.com\\\/giap\\\/#\\\/schema\\\/person\\\/881b1c925aaf48fe6eb5c3970be4458f\"},\"breadcrumb\":{\"@id\":\"https:\\\/\\\/www.wumingfoundation.com\\\/giap\\\/2015\\\/09\\\/superluna-rossa-sulla-cirenaicaresistente\\\/#breadcrumb\"},\"inLanguage\":\"it-IT\",\"potentialAction\":[{\"@type\":\"ReadAction\",\"target\":[\"https:\\\/\\\/www.wumingfoundation.com\\\/giap\\\/2015\\\/09\\\/superluna-rossa-sulla-cirenaicaresistente\\\/\"]}]},{\"@type\":\"ImageObject\",\"inLanguage\":\"it-IT\",\"@id\":\"https:\\\/\\\/www.wumingfoundation.com\\\/giap\\\/2015\\\/09\\\/superluna-rossa-sulla-cirenaicaresistente\\\/#primaryimage\",\"url\":\"https:\\\/\\\/www.wumingfoundation.com\\\/giap\\\/wp-content\\\/uploads\\\/2015\\\/09\\\/Red_Moon.jpg\",\"contentUrl\":\"https:\\\/\\\/www.wumingfoundation.com\\\/giap\\\/wp-content\\\/uploads\\\/2015\\\/09\\\/Red_Moon.jpg\",\"width\":230,\"height\":200},{\"@type\":\"BreadcrumbList\",\"@id\":\"https:\\\/\\\/www.wumingfoundation.com\\\/giap\\\/2015\\\/09\\\/superluna-rossa-sulla-cirenaicaresistente\\\/#breadcrumb\",\"itemListElement\":[{\"@type\":\"ListItem\",\"position\":1,\"name\":\"Home\",\"item\":\"https:\\\/\\\/www.wumingfoundation.com\\\/giap\\\/\"},{\"@type\":\"ListItem\",\"position\":2,\"name\":\"Superluna rossa sulla Cirenaica resistente\"}]},{\"@type\":\"WebSite\",\"@id\":\"https:\\\/\\\/www.wumingfoundation.com\\\/giap\\\/#website\",\"url\":\"https:\\\/\\\/www.wumingfoundation.com\\\/giap\\\/\",\"name\":\"Giap\",\"description\":\"Il sito ufficiale di Wu Ming, collettivo di scrittori\",\"potentialAction\":[{\"@type\":\"SearchAction\",\"target\":{\"@type\":\"EntryPoint\",\"urlTemplate\":\"https:\\\/\\\/www.wumingfoundation.com\\\/giap\\\/?s={search_term_string}\"},\"query-input\":{\"@type\":\"PropertyValueSpecification\",\"valueRequired\":true,\"valueName\":\"search_term_string\"}}],\"inLanguage\":\"it-IT\"},{\"@type\":\"Person\",\"@id\":\"https:\\\/\\\/www.wumingfoundation.com\\\/giap\\\/#\\\/schema\\\/person\\\/881b1c925aaf48fe6eb5c3970be4458f\",\"name\":\"Wu Ming\",\"image\":{\"@type\":\"ImageObject\",\"inLanguage\":\"it-IT\",\"@id\":\"https:\\\/\\\/secure.gravatar.com\\\/avatar\\\/1f49001124f0d5b3aeb1d387dbd89e7b48de4c5c15539460ec1c154566c1723c?s=96&d=blank&r=g\",\"url\":\"https:\\\/\\\/secure.gravatar.com\\\/avatar\\\/1f49001124f0d5b3aeb1d387dbd89e7b48de4c5c15539460ec1c154566c1723c?s=96&d=blank&r=g\",\"contentUrl\":\"https:\\\/\\\/secure.gravatar.com\\\/avatar\\\/1f49001124f0d5b3aeb1d387dbd89e7b48de4c5c15539460ec1c154566c1723c?s=96&d=blank&r=g\",\"caption\":\"Wu Ming\"}}]}<\/script>\n<!-- \/ Yoast SEO plugin. -->","yoast_head_json":{"title":"Superluna rossa sulla Cirenaica resistente - Giap","robots":{"index":"index","follow":"follow","max-snippet":"max-snippet:-1","max-image-preview":"max-image-preview:large","max-video-preview":"max-video-preview:-1"},"canonical":"https:\/\/www.wumingfoundation.com\/giap\/2015\/09\/superluna-rossa-sulla-cirenaicaresistente\/","og_locale":"it_IT","og_type":"article","og_title":"Superluna rossa sulla Cirenaica resistente - Giap","og_description":"Ultimo promemoria: domani, domenica 27 settembre, Resistenze in Cirenaica, un&#8217;intera giornata di musiche, racconti, camminate, proiezioni, nel rione Cirenaica di Bologna. Per disseppellire le storie di chi resistette ai fascismi, ai colonialismi, all&#8217;imperialismo tedesco e a quello italiano in Africa e nei Balcani. Si comincia con un pranzo di autofinanziamento e letture di WM e [&hellip;]","og_url":"https:\/\/www.wumingfoundation.com\/giap\/2015\/09\/superluna-rossa-sulla-cirenaicaresistente\/","og_site_name":"Giap","article_published_time":"2015-09-26T07:57:52+00:00","article_modified_time":"2016-02-22T16:43:00+00:00","og_image":[{"width":230,"height":200,"url":"https:\/\/www.wumingfoundation.com\/giap\/wp-content\/uploads\/2015\/09\/Red_Moon.jpg","type":"image\/jpeg"}],"author":"Wu Ming","twitter_card":"summary_large_image","twitter_creator":"@Wu_Ming_Foundt","twitter_site":"@Wu_Ming_Foundt","twitter_misc":{"Scritto da":"Wu Ming","Tempo di lettura stimato":"2 minuti"},"schema":{"@context":"https:\/\/schema.org","@graph":[{"@type":"Article","@id":"https:\/\/www.wumingfoundation.com\/giap\/2015\/09\/superluna-rossa-sulla-cirenaicaresistente\/#article","isPartOf":{"@id":"https:\/\/www.wumingfoundation.com\/giap\/2015\/09\/superluna-rossa-sulla-cirenaicaresistente\/"},"author":{"name":"Wu Ming","@id":"https:\/\/www.wumingfoundation.com\/giap\/#\/schema\/person\/881b1c925aaf48fe6eb5c3970be4458f"},"headline":"Superluna rossa sulla Cirenaica resistente","datePublished":"2015-09-26T07:57:52+00:00","dateModified":"2016-02-22T16:43:00+00:00","mainEntityOfPage":{"@id":"https:\/\/www.wumingfoundation.com\/giap\/2015\/09\/superluna-rossa-sulla-cirenaicaresistente\/"},"wordCount":482,"commentCount":2,"image":{"@id":"https:\/\/www.wumingfoundation.com\/giap\/2015\/09\/superluna-rossa-sulla-cirenaicaresistente\/#primaryimage"},"thumbnailUrl":"https:\/\/www.wumingfoundation.com\/giap\/wp-content\/uploads\/2015\/09\/Red_Moon.jpg","keywords":["antifascismo","Bologna","Cirenaica","Cirenaica Resistente","colonialismo italiano","Resistenza","Resistenze in Cirenaica","Superluna rossa","Zero Calcare"],"articleSection":["Laboratori","Notizie"],"inLanguage":"it-IT","potentialAction":[{"@type":"CommentAction","name":"Comment","target":["https:\/\/www.wumingfoundation.com\/giap\/2015\/09\/superluna-rossa-sulla-cirenaicaresistente\/#respond"]}]},{"@type":"WebPage","@id":"https:\/\/www.wumingfoundation.com\/giap\/2015\/09\/superluna-rossa-sulla-cirenaicaresistente\/","url":"https:\/\/www.wumingfoundation.com\/giap\/2015\/09\/superluna-rossa-sulla-cirenaicaresistente\/","name":"Superluna rossa sulla Cirenaica resistente - Giap","isPartOf":{"@id":"https:\/\/www.wumingfoundation.com\/giap\/#website"},"primaryImageOfPage":{"@id":"https:\/\/www.wumingfoundation.com\/giap\/2015\/09\/superluna-rossa-sulla-cirenaicaresistente\/#primaryimage"},"image":{"@id":"https:\/\/www.wumingfoundation.com\/giap\/2015\/09\/superluna-rossa-sulla-cirenaicaresistente\/#primaryimage"},"thumbnailUrl":"https:\/\/www.wumingfoundation.com\/giap\/wp-content\/uploads\/2015\/09\/Red_Moon.jpg","datePublished":"2015-09-26T07:57:52+00:00","dateModified":"2016-02-22T16:43:00+00:00","author":{"@id":"https:\/\/www.wumingfoundation.com\/giap\/#\/schema\/person\/881b1c925aaf48fe6eb5c3970be4458f"},"breadcrumb":{"@id":"https:\/\/www.wumingfoundation.com\/giap\/2015\/09\/superluna-rossa-sulla-cirenaicaresistente\/#breadcrumb"},"inLanguage":"it-IT","potentialAction":[{"@type":"ReadAction","target":["https:\/\/www.wumingfoundation.com\/giap\/2015\/09\/superluna-rossa-sulla-cirenaicaresistente\/"]}]},{"@type":"ImageObject","inLanguage":"it-IT","@id":"https:\/\/www.wumingfoundation.com\/giap\/2015\/09\/superluna-rossa-sulla-cirenaicaresistente\/#primaryimage","url":"https:\/\/www.wumingfoundation.com\/giap\/wp-content\/uploads\/2015\/09\/Red_Moon.jpg","contentUrl":"https:\/\/www.wumingfoundation.com\/giap\/wp-content\/uploads\/2015\/09\/Red_Moon.jpg","width":230,"height":200},{"@type":"BreadcrumbList","@id":"https:\/\/www.wumingfoundation.com\/giap\/2015\/09\/superluna-rossa-sulla-cirenaicaresistente\/#breadcrumb","itemListElement":[{"@type":"ListItem","position":1,"name":"Home","item":"https:\/\/www.wumingfoundation.com\/giap\/"},{"@type":"ListItem","position":2,"name":"Superluna rossa sulla Cirenaica resistente"}]},{"@type":"WebSite","@id":"https:\/\/www.wumingfoundation.com\/giap\/#website","url":"https:\/\/www.wumingfoundation.com\/giap\/","name":"Giap","description":"Il sito ufficiale di Wu Ming, collettivo di scrittori","potentialAction":[{"@type":"SearchAction","target":{"@type":"EntryPoint","urlTemplate":"https:\/\/www.wumingfoundation.com\/giap\/?s={search_term_string}"},"query-input":{"@type":"PropertyValueSpecification","valueRequired":true,"valueName":"search_term_string"}}],"inLanguage":"it-IT"},{"@type":"Person","@id":"https:\/\/www.wumingfoundation.com\/giap\/#\/schema\/person\/881b1c925aaf48fe6eb5c3970be4458f","name":"Wu Ming","image":{"@type":"ImageObject","inLanguage":"it-IT","@id":"https:\/\/secure.gravatar.com\/avatar\/1f49001124f0d5b3aeb1d387dbd89e7b48de4c5c15539460ec1c154566c1723c?s=96&d=blank&r=g","url":"https:\/\/secure.gravatar.com\/avatar\/1f49001124f0d5b3aeb1d387dbd89e7b48de4c5c15539460ec1c154566c1723c?s=96&d=blank&r=g","contentUrl":"https:\/\/secure.gravatar.com\/avatar\/1f49001124f0d5b3aeb1d387dbd89e7b48de4c5c15539460ec1c154566c1723c?s=96&d=blank&r=g","caption":"Wu Ming"}}]}},"_links":{"self":[{"href":"https:\/\/www.wumingfoundation.com\/giap\/wp-json\/wp\/v2\/posts\/22410","targetHints":{"allow":["GET"]}}],"collection":[{"href":"https:\/\/www.wumingfoundation.com\/giap\/wp-json\/wp\/v2\/posts"}],"about":[{"href":"https:\/\/www.wumingfoundation.com\/giap\/wp-json\/wp\/v2\/types\/post"}],"author":[{"embeddable":true,"href":"https:\/\/www.wumingfoundation.com\/giap\/wp-json\/wp\/v2\/users\/1"}],"replies":[{"embeddable":true,"href":"https:\/\/www.wumingfoundation.com\/giap\/wp-json\/wp\/v2\/comments?post=22410"}],"version-history":[{"count":0,"href":"https:\/\/www.wumingfoundation.com\/giap\/wp-json\/wp\/v2\/posts\/22410\/revisions"}],"wp:featuredmedia":[{"embeddable":true,"href":"https:\/\/www.wumingfoundation.com\/giap\/wp-json\/wp\/v2\/media\/24031"}],"wp:attachment":[{"href":"https:\/\/www.wumingfoundation.com\/giap\/wp-json\/wp\/v2\/media?parent=22410"}],"wp:term":[{"taxonomy":"category","embeddable":true,"href":"https:\/\/www.wumingfoundation.com\/giap\/wp-json\/wp\/v2\/categories?post=22410"},{"taxonomy":"post_tag","embeddable":true,"href":"https:\/\/www.wumingfoundation.com\/giap\/wp-json\/wp\/v2\/tags?post=22410"}],"curies":[{"name":"wp","href":"https:\/\/api.w.org\/{rel}","templated":true}]}}