{"id":22040,"date":"2015-07-31T10:15:42","date_gmt":"2015-07-31T08:15:42","guid":{"rendered":"http:\/\/www.wumingfoundation.com\/giap\/?p=22040"},"modified":"2016-04-30T15:23:41","modified_gmt":"2016-04-30T13:23:41","slug":"renziscappa-debolezza-fughe-e-paura-del-confronto-di-un-premier-che-diceva-la-mia-scorta-e-la-gente","status":"publish","type":"post","link":"https:\/\/www.wumingfoundation.com\/giap\/2015\/07\/renziscappa-debolezza-fughe-e-paura-del-confronto-di-un-premier-che-diceva-la-mia-scorta-e-la-gente\/","title":{"rendered":"#Renziscappa. Debolezza, fughe e paura del confronto di un premier che diceva \u00abla mia scorta \u00e8 la gente\u00bb"},"content":{"rendered":"<div align=\"center\"><div id=\"attachment_22042\" style=\"width: 544px\" class=\"wp-caption aligncenter\"><a href=\"http:\/\/public.tableau.com\/profile\/andrea.finizio#!\/vizhome\/Renziscappa_light\/Dashboard3\"><img loading=\"lazy\" decoding=\"async\" aria-describedby=\"caption-attachment-22042\" class=\"wp-image-22042 size-full\" src=\"http:\/\/www.wumingfoundation.com\/giap\/wp-content\/uploads\/2015\/07\/Immagine-4.png\" alt=\"Pusillanimit\u00e0 vista dall'alto: il Renziscappa tour 2014.\" width=\"534\" height=\"491\" \/><\/a><p id=\"caption-attachment-22042\" class=\"wp-caption-text\">Pusillanimit\u00e0 vista dall&#8217;alto: il #Renziscappa tour 2014. Il &#8220;picco dei pacchi&#8221; coincide con le proteste di piazza contro il Jobs Act. Dopo quel momento, &#8216;enzi ha smesso di prendere impegni che lo esponessero a Rischi di contatto col paese Reale. <br \/> Paese che magari si astiene dal voto perch\u00e9 privo di rappresentanza politica (si veda il &#8220;terremoto&#8221; alle ultime regionali in Emilia-Romagna, quando si parl\u00f2 di un vero e proprio &#8220;sciopero del voto&#8221;), ma non disdegna di accogliere i premier a peRnacchie e veRdura maRcia. O comunque, &#8216;enzi ha paura che accada.<br \/> Nella fase in cui, contro il parere di quasi tutti i lavoratori dell&#8217;istruzione, il suo governo ha imposto la controriforma autoritaria e liberista della scuola, &#8216;enzi si \u00e8 ben guardato dal farsi vedere se non in telepresenza o, nei casi in cui doveva per forza esserci, protetto da spesse mura di scudi e manganelli, costretto a uscire dalla gattaiola per salire di corsa sull&#8217;auto blu che partiva sgommando. \u00abLa mia scorta sar\u00e0 la gente\u00bb, dichiarava a inizio mandato. Se avessimo media mainstream meno leccaculi e scodinzolanti, questa situazione sarebbe chiara a tutti da almeno un anno. <br \/> Clicca per aprire e consultare la mappa interattiva. [<strong>WM<\/strong>]<\/p><\/div><\/div>\n<p>di <a href=\"http:\/\/www.internazionale.it\/tag\/autori\/christian-raimo\"><strong>Christian Raimo<br \/>\n<\/strong><\/a>(con un commento\/didascalia di <strong>Wu Ming<\/strong>)<strong><br \/>\n<\/strong><\/p>\n<p>Due giorni fa \u00e8 stato annullato l&#8217;incontro che Matteo Renzi doveva tenere alla festa dell&#8217;Unit\u00e0 di Roma. Sul sito della festa dal pomeriggio si poteva leggere questo comunicato:<\/p>\n<blockquote><p>\u00abMatteo Renzi ieri sera ha visitato a sorpresa la Festa dell\u2019Unit\u00e0 di Roma, intrattenendosi a lungo con i volontari e i militanti tra gli stand.<br \/>\nIl previsto appuntamento di questa sera con il Segretario del PD, dunque, non si terr\u00e0.\u00bb<\/p><\/blockquote>\n<p>Il comunicato dava cos\u00ec per espletato il senso dell&#8217;incontro pubblico. Il 27 luglio Renzi aveva fatto un&#8217;improvvisata tra gli stand: ha detto un po&#8217; di ciao, ha lanciato qualche battuta, ha giocato una partita a biliardino con il presidente del Pd Matteo Orfini e il sottosegretario Luca Lotti \u2013 come mostrato da varie <a href=\"https:\/\/twitter.com\/nomfup\/status\/625767584521170944\">foto ufficiali<\/a> e meno. E la visita era andata.<!--more--><br \/>\nNon c&#8217;era dunque bisogno \u2013 sottolinea il comunicato \u2013 che affrontasse anche il dibattito il giorno stabilito.<br \/>\nCos\u00ec dal <a href=\"http:\/\/www.festaunitaroma.it\/programma-politico\/\">programma ufficiale della festa<\/a> il suo incontro \u00e8 stato subito eliminato, come se non fosse stato nemmeno calendarizzato e quindi non fosse stato cancellato.<\/p>\n<p>Le motivazioni appena meno elusive di questo forfait le dava qualche agenzia: il timore delle contestazioni. Era probabile che i movimenti romani per la casa, i precari delusi dal Jobs Act, i docenti ancora arrabbiati per la Buona scuola, si presentassero a fischiare sotto il palco di Renzi. I dirigenti del Partito democratico hanno preferito non rischiare: \u201cmotivi di ordine pubblico\u201d come si dice in questi casi.<\/p>\n<p>L&#8217;episodio della buca di Renzi alla festa del suo stesso partito sarebbe significativo gi\u00e0 in s\u00e9, se non fosse che il presidente del consiglio spesso non partecipa a manifestazioni pubbliche: annulla, non si presenta, disdice all&#8217;ultimo, al massimo preferisce un&#8217;improvvisata e una foto a un dibattito vero. E ora svicola anche dalle feste del suo stesso partito.<br \/>\nQuesta pervicacia nel sottrarsi al confronto era stata <a href=\"http:\/\/www.wumingfoundation.com\/giap\/?p=19262\">analizzata nell&#8217;autunno scorso<\/a> qui su <em>Giap<\/em>. Si era addirittura disegnata la mappa dei luoghi dove Renzi avrebbe dovuto presentarsi e all&#8217;ultimo aveva disdetto: ne erano venuti fuori a decine.<\/p>\n<p>Le ragioni di questa allergia al confronto sono diverse.<br \/>\nLe file dei contestatori nell&#8217;ultimo anno di governo si sono ingrossate: ai militanti dei Cinque stelle o dei movimenti per la casa, si sono aggiunti dagli insegnanti arrabbiati per la Buona scuola ai precari scontenti del Jobs act.<br \/>\nCi sono poi molti militanti del Pd che si trovano sempre pi\u00f9 in imbarazzo e spaesati nel partito renziano che somiglia, pi\u00f9 che a un partito liquido, a un movimento di opinione molto gassoso. Questo si mostra dal calo consistente degli iscritti \u2013 nel 2009 gli iscritti erano 831.042, nel 2014 sono scesi a 376.849 \u2013 ma anche da un semplice giro tra gli stand della Festa dell&#8217;Unit\u00e0 di Roma a via Conca d&#8217;oro, che sono esattamente gli stessi che si trovano tutto l&#8217;anno nel mercatino che si svolge l\u00ec la domenica: vestitini a poco prezzo, bigiotteria, chincaglieria etnica.<\/p>\n<p>La debolezza strutturale di Renzi \u00e8 quella di aver \u201cscalato\u201d un partito neonato e gi\u00e0 in crisi e non essere riuscito a dargli n\u00e9 una nuova identit\u00e0, n\u00e9 una maggiore coesione e democraticit\u00e0.<br \/>\nUna doppia fragilit\u00e0 che si manifesta per esempio nella difficolt\u00e0 di un dibattito efficace e trasparente nella questione Crocetta e in quella Marino, ma anche \u2013 per dire \u2013 nel fatto che il Pd non fa un congresso dal 2013 o che l&#8217;indagine di Fabrizio Barca sui circoli romani ne abbia evidenziato la corruzione endemica.<\/p>\n<p>Se l&#8217;aura del vecchio partito, con i suoi rituali gerarchici, \u00e8 stata rottamata, anche la narrazione nuova, diretta, e \u201cpopolare\u201d non \u00e8 gi\u00e0 pi\u00f9 convincente.<br \/>\nDel resto Renzi anche quando simula un dibattito aperto, alla pari \u2013 come nel caso del famoso video della <a href=\"https:\/\/www.youtube.com\/watch?v=yEM1Xnx4Uvs\">lezione alla lavagna<\/a> in difesa della Buona scuola \u2013 l&#8217;effetto \u00e8 un autogol: critiche e contestazioni nel merito, a cui per\u00f2 non si sente di dover essere tenuto a rispondere.<br \/>\nLa sua comunicazione \u00e8 sempre unidirezionale. Il dissenso, il confronto, l&#8217;attrito non sono evidentemente contemplati. E quando si infila da s\u00e9 in un&#8217;impasse, prova a uscirne con le \u201cvisite improvvisate\u201d.<\/p>\n<p>Prima dell&#8217;altroieri, era successo anche il primo giugno scorso, all&#8217;indomani delle elezioni amministrative.<br \/>\nLa tornata elettorale non era stata felice per il Partito democratico, e Matteo Renzi piuttosto che presenziare ai dibattiti il giorno dopo, discutere le ragioni dell&#8217;insuccesso, era volato in Afghanistan: si era infilato una mimetica e aveva fatto un&#8217;improvvisata ai soldati italiani.<\/p>\n<p>Non si capisce se sia una strategia comunicativa o l&#8217;assecondare un lato caratteriale allergico al conflitto. Quel che \u00e8 certo per\u00f2 che c&#8217;\u00e8 molto di antidemocratico in tutto questo. Oltre a mostrare una debolezza che non riguarda pi\u00f9 la sua persona soltanto ma anche il suo ruolo.<br \/>\nUn leader deve rispondere del suo operato, deve sapere affrontare le contestazioni, deve saper rispondere alle critiche, e deve saperlo fare anche in piazza. Non solo in modo unidirezionale, attraverso twitter, le newsletter e la stampa a lui favorevole.<\/p>\n","protected":false},"excerpt":{"rendered":"di Christian Raimo (con un commento\/didascalia di Wu Ming) Due giorni fa \u00e8 stato annullato l&#8217;incontro che Matteo Renzi doveva tenere alla festa dell&#8217;Unit\u00e0 di Roma. Sul sito della festa dal pomeriggio si poteva leggere questo comunicato: \u00abMatteo Renzi ieri sera ha visitato a sorpresa la Festa dell\u2019Unit\u00e0 di Roma, intrattenendosi a lungo con i [&hellip;]","protected":false},"author":1,"featured_media":22042,"comment_status":"open","ping_status":"open","sticky":false,"template":"","format":"standard","meta":{"footnotes":""},"categories":[8,6],"tags":[2239,2485,2487,2355,1934,2486,1442],"class_list":["post-22040","post","type-post","status-publish","format-standard","has-post-thumbnail","hentry","category-editoriali","category-news-e-segnalazioni","tag-renziscappa","tag-christian-raimo","tag-controriforme","tag-jobs-act","tag-matteo-renzi","tag-renzi-scappa","tag-scuola"],"_links":{"self":[{"href":"https:\/\/www.wumingfoundation.com\/giap\/wp-json\/wp\/v2\/posts\/22040","targetHints":{"allow":["GET"]}}],"collection":[{"href":"https:\/\/www.wumingfoundation.com\/giap\/wp-json\/wp\/v2\/posts"}],"about":[{"href":"https:\/\/www.wumingfoundation.com\/giap\/wp-json\/wp\/v2\/types\/post"}],"author":[{"embeddable":true,"href":"https:\/\/www.wumingfoundation.com\/giap\/wp-json\/wp\/v2\/users\/1"}],"replies":[{"embeddable":true,"href":"https:\/\/www.wumingfoundation.com\/giap\/wp-json\/wp\/v2\/comments?post=22040"}],"version-history":[{"count":0,"href":"https:\/\/www.wumingfoundation.com\/giap\/wp-json\/wp\/v2\/posts\/22040\/revisions"}],"wp:featuredmedia":[{"embeddable":true,"href":"https:\/\/www.wumingfoundation.com\/giap\/wp-json\/wp\/v2\/media\/22042"}],"wp:attachment":[{"href":"https:\/\/www.wumingfoundation.com\/giap\/wp-json\/wp\/v2\/media?parent=22040"}],"wp:term":[{"taxonomy":"category","embeddable":true,"href":"https:\/\/www.wumingfoundation.com\/giap\/wp-json\/wp\/v2\/categories?post=22040"},{"taxonomy":"post_tag","embeddable":true,"href":"https:\/\/www.wumingfoundation.com\/giap\/wp-json\/wp\/v2\/tags?post=22040"}],"curies":[{"name":"wp","href":"https:\/\/api.w.org\/{rel}","templated":true}]}}