{"id":21739,"date":"2015-06-21T18:56:36","date_gmt":"2015-06-21T16:56:36","guid":{"rendered":"http:\/\/www.wumingfoundation.com\/giap\/?p=21739"},"modified":"2021-12-05T21:22:12","modified_gmt":"2021-12-05T20:22:12","slug":"scarica-emilio-comici-blues-radiodramma-musicale-di-wu-ming-1-funambolique-tratto-da-pointlenana","status":"publish","type":"post","link":"https:\/\/www.wumingfoundation.com\/giap\/2015\/06\/scarica-emilio-comici-blues-radiodramma-musicale-di-wu-ming-1-funambolique-tratto-da-pointlenana\/","title":{"rendered":"Scarica \u00abEmilio Comici Blues\u00bb, radiodramma musicale di Wu Ming 1 &#038; Funambolique, tratto da #PointLenana"},"content":{"rendered":"<div id=\"attachment_21745\" style=\"width: 510px\" class=\"wp-caption aligncenter\"><img loading=\"lazy\" decoding=\"async\" aria-describedby=\"caption-attachment-21745\" class=\"wp-image-21745 size-full\" src=\"http:\/\/www.wumingfoundation.com\/giap\/wp-content\/uploads\/2015\/06\/COMICI3.jpg\" alt=\"Emilio Comici\" width=\"500\" height=\"1154\" \/><p id=\"caption-attachment-21745\" class=\"wp-caption-text\">\u00abQuesta foto di Comici spacca. Sembra un poeta vestito da rocciatore, sguardo triste, e quella cordicella sottile sottile che pi\u00f9 che una sicurezza pare un&#8217;allusione alla precariet\u00e0 dell&#8217;esistenza.\u00bb (Wu Ming 4)<\/p><\/div>\n<p><strong>Introduzione di Wu Ming 1<\/strong><\/p>\n<p>Era la primavera del 2013 quando Luca Demicheli dei<strong> Funambolique <\/strong>lesse <em>Point Lenana <\/em>e, mentre ne discutevamo, ci venne l&#8217;idea di trarne un reading\/concerto. Lanciammo lo spunto agli altri membri della band, che furono subito entusiasti.<br \/>\nCoi Funambolique avevo gi\u00e0 collaborato nell&#8217;album <a href=\"http:\/\/www.wumingfoundation.com\/giap\/?p=6477\"><em>Arz\u00e8stula<\/em><\/a> e, soprattutto, nel <a href=\"http:\/\/www.wumingfoundation.com\/giap\/?p=9688\">recital tratto dall&#8217;album<\/a>. Quella volta, per\u00f2, avevamo lavorato su un racconto. Stavolta, con un libro-<em>monstre<\/em> come <em>Point Lenana<\/em>, il dilemma era: cosa estrapoliamo? Quale filo narrativo seguiamo?<\/p>\n<p>Ho deciso di mettere in fila tutti i capitoli dedicati al grande alpinista triestino <strong>Emilio Comici<\/strong>, e di lavorarci sopra. Molti lettori mi avevano detto &#8211; e continuo a sentirlo dire &#8211; di essersi commossi leggendone la storia. Quando appare, come suol dirsi, Emilio &#8220;ruba la scena&#8221; a Felice.<br \/>\nE Felice lo avrebbe trovato giusto.<!--more--><\/p>\n<p>Dunque ci siamo messi all&#8217;opra, abbiamo modificato, rimontato, aggiunto&#8230; <em>Emilio Comici Blues<\/em> ha preso forma nel biennio 2013-2014, per successive riscritture, in una sequenza di concerti (quasi tutti nel Nordest) che erano prove a porte aperte.<\/p>\n<p>Quella che state per ascoltare \u00e8 la versione &#8220;radiodramma musicale&#8221;, registrata negli studi Rai di Trieste il 29 novembre 2014 e andata in onda a puntate <a href=\"http:\/\/www.rai.it\/dl\/portali\/site\/page\/Page-2331f91a-cc95-4c68-87d7-67c9afd83529.html\">sulle frequenze del Friuli-Venezia Giulia<\/a>, alle undici del mattino di tre domeniche consecutive, dal 15 febbraio all&#8217;1 marzo 2015.<\/p>\n<div align=\"center\">\n<blockquote class=\"twitter-tweet\" lang=\"en\">\n<p dir=\"ltr\" lang=\"it\">Con i Funambolique e Piero Pieri negli studi RaI di Trieste. Oggi registriamo EMILIO COMICI BLUES <a href=\"https:\/\/twitter.com\/hashtag\/PointLenana?src=hash\">#PointLenana<\/a> <a href=\"http:\/\/t.co\/TAb040F62s\">pic.twitter.com\/TAb040F62s<\/a><\/p>\n<p>\u2014 Wu Ming Foundation (@Wu_Ming_Foundt) <a href=\"https:\/\/twitter.com\/Wu_Ming_Foundt\/status\/538641414901743616\">November 29, 2014<\/a><\/p><\/blockquote>\n<p><script src=\"\/\/platform.twitter.com\/widgets.js\" async=\"\" charset=\"utf-8\"><\/script><\/p>\n<\/div>\n<p>\u00c8 una versione pi\u00f9 &#8220;intima&#8221; e raccolta rispetto a quelle udite dal vivo, pi\u00f9 vicina alla forma classica del &#8220;melologo&#8221;. La voce &#8220;esce&#8221; di pi\u00f9, come si conf\u00e0 alla radio, e si concede meno frizzi e lazzi. La band era in una sala e io in un&#8217;altra, dietro un vetro&#8230; Insomma, tutto meno selvatico, ma il risultato ha una coesione che non avevamo ancora raggiunto. Merito dell&#8217;attenta regia di <strong>Piero Pieri<\/strong>, la cui voce sentirete all&#8217;inizio, e della perizia e pazienza del tecnico del suono <strong>Federico Comar<\/strong> e del consulente musicale <strong>Dario Caroli<\/strong>.<\/p>\n<p>Purtroppo in questa esecuzione non sentirete la cantante, <strong>Claudia Finetti<\/strong>, indegnamente sostituita dal mio parlato\/canticchiato. Provvederemo registrando le due canzoni a latere, e proponendole su <em>Giap<\/em> in un secondo momento.<\/p>\n<p>In questa line-up i Funambolique sono:<br \/>\n<strong>Paolo Corsini<\/strong> \u2013 piano, Fender Rhodes, tastiere<br \/>\n<strong>Sebastiano Crepaldi<\/strong> \u2013 flauto traverso, flauti di varie parti del mondo<br \/>\n<strong>Luca Demicheli<\/strong> \u2013 basso elettrico, rumori<br \/>\n<strong>Ermes Ghirardini<\/strong> \u2013 batteria<br \/>\nLe schede biografiche dei musicisti sono <a href=\"https:\/\/funambolique.wordpress.com\/musicians\/\"><strong>sul sito della band<\/strong><\/a>.<\/p>\n<p><em>Emilio Comici Blues<\/em> \u00e8 un&#8217;unica suite divisa in pi\u00f9 &#8220;movimenti&#8221;:<br \/>\n[00&#8217;00&#8221;] 1. Cadere in alto<br \/>\n[06&#8217;16&#8221;] 2. Val Rosandra<br \/>\n[11&#8217;32&#8221;] 3. Camerata Emilio<br \/>\n[20&#8217;11&#8221;] 4. Le ali dell&#8217;angelo (prima parte)<br \/>\n[29&#8217;30&#8221;] 5. Voglio vivere cos\u00ec<br \/>\n[31&#8217;04&#8221;] 6. Le ali dell&#8217;angelo (seconda parte)<br \/>\n[38&#8217;06&#8221;] 7. La falciata della morte<br \/>\n[44&#8217;46&#8221;] 8. L&#8217;impronunciabile giorno<br \/>\n[55&#8217;23&#8221;] 9. Triste domenica<\/p>\n<p>La suite dura <strong>59&#8217;21&#8221;<\/strong> ed \u00e8 disponibile in un unico file MP3 320k in streaming&#8230;<\/p>\n<p><a href=\"http:\/\/www.wumingfoundation.com\/suoni\/Emilio_Comici_Blues_Rai_2015.mp3\">ASCOLTA \u00abEMILIO COMICI BLUES\u00bb IN FORMATO MP3<\/a><br \/>\n<strong>ASCOLTA \u00abEMILIO COMICI BLUES\u00bb IN FORMATO MP3<\/strong><\/p>\n<p>&#8230;o scaricabile dentro una cartella zippata&#8230;<\/p>\n<p><a href=\"http:\/\/www.wumingfoundation.com\/suoni\/Emilio_Comici_Blues_Rai_2015mp3.zip\"><strong>SCARICA \u00abEMILIO COMICI BLUES\u00bb IN MP3 320K<\/strong><\/a><\/p>\n<p>&#8230;o in un unico file WAV (1411k), dentro una cartella zippata.<\/p>\n<p><a href=\"http:\/\/www.wumingfoundation.com\/suoni\/Emilio_Comici_Blues_Rai.wav.zip\"><strong>SCARICA \u00abEMILIO COMICI BLUES\u00bb IN FORMATO .WAV<br \/>\n<\/strong><\/a>(CARTELLA ZIPPATA, 536 MEGA)<\/p>\n<p>Buon ascolto!<\/p>\n<p>N.B. <em>Emilio Comici Blues<\/em> continua a girare, e a cambiare. Per contatti:<br \/>\n<strong>funambolique@yahoo.it &#8211; <b><span lang=\"EN-US\">3490063570<\/span><\/b><\/strong><\/p>\n","protected":false},"excerpt":{"rendered":"Introduzione di Wu Ming 1 Era la primavera del 2013 quando Luca Demicheli dei Funambolique lesse Point Lenana e, mentre ne discutevamo, ci venne l&#8217;idea di trarne un reading\/concerto. Lanciammo lo spunto agli altri membri della band, che furono subito entusiasti. Coi Funambolique avevo gi\u00e0 collaborato nell&#8217;album Arz\u00e8stula e, soprattutto, nel recital tratto dall&#8217;album. Quella [&hellip;]","protected":false},"author":1,"featured_media":24005,"comment_status":"open","ping_status":"open","sticky":false,"template":"","format":"standard","meta":{"footnotes":""},"categories":[4,1535],"tags":[1544,1282,1832,1228,4576,1545,2300,2523,1548,791],"class_list":["post-21739","post","type-post","status-publish","format-standard","has-post-thumbnail","hentry","category-recensioni","category-point-lenana","tag-alpinismo","tag-emilio-comici","tag-emilio-comici-blues","tag-funambolique","tag-melologo","tag-montagna","tag-piero-pieri","tag-point-lenana","tag-radio-giap-rebelde","tag-trieste"],"_links":{"self":[{"href":"https:\/\/www.wumingfoundation.com\/giap\/wp-json\/wp\/v2\/posts\/21739","targetHints":{"allow":["GET"]}}],"collection":[{"href":"https:\/\/www.wumingfoundation.com\/giap\/wp-json\/wp\/v2\/posts"}],"about":[{"href":"https:\/\/www.wumingfoundation.com\/giap\/wp-json\/wp\/v2\/types\/post"}],"author":[{"embeddable":true,"href":"https:\/\/www.wumingfoundation.com\/giap\/wp-json\/wp\/v2\/users\/1"}],"replies":[{"embeddable":true,"href":"https:\/\/www.wumingfoundation.com\/giap\/wp-json\/wp\/v2\/comments?post=21739"}],"version-history":[{"count":0,"href":"https:\/\/www.wumingfoundation.com\/giap\/wp-json\/wp\/v2\/posts\/21739\/revisions"}],"wp:featuredmedia":[{"embeddable":true,"href":"https:\/\/www.wumingfoundation.com\/giap\/wp-json\/wp\/v2\/media\/24005"}],"wp:attachment":[{"href":"https:\/\/www.wumingfoundation.com\/giap\/wp-json\/wp\/v2\/media?parent=21739"}],"wp:term":[{"taxonomy":"category","embeddable":true,"href":"https:\/\/www.wumingfoundation.com\/giap\/wp-json\/wp\/v2\/categories?post=21739"},{"taxonomy":"post_tag","embeddable":true,"href":"https:\/\/www.wumingfoundation.com\/giap\/wp-json\/wp\/v2\/tags?post=21739"}],"curies":[{"name":"wp","href":"https:\/\/api.w.org\/{rel}","templated":true}]}}