{"id":21591,"date":"2015-06-03T11:40:48","date_gmt":"2015-06-03T09:40:48","guid":{"rendered":"http:\/\/www.wumingfoundation.com\/giap\/?p=21591"},"modified":"2015-06-03T14:45:19","modified_gmt":"2015-06-03T12:45:19","slug":"centanni-a-nordest-strascichi-della-grande-guerra-e-storie-estreme-delle-terre-di-confine","status":"publish","type":"post","link":"https:\/\/www.wumingfoundation.com\/giap\/2015\/06\/centanni-a-nordest-strascichi-della-grande-guerra-e-storie-estreme-delle-terre-di-confine\/","title":{"rendered":"Cent&#8217;anni a Nordest. Strascichi della Grande guerra e storie estreme delle terre di confine"},"content":{"rendered":"<div id=\"attachment_21592\" style=\"width: 610px\" class=\"wp-caption aligncenter\"><a href=\"https:\/\/casacibernetica.wordpress.com\/2013\/08\/11\/bocchetta-pau-burning-cemetery\/\"><img loading=\"lazy\" decoding=\"async\" aria-describedby=\"caption-attachment-21592\" class=\"wp-image-21592 size-full\" src=\"http:\/\/www.wumingfoundation.com\/giap\/wp-content\/uploads\/2015\/06\/burning_cemetery_alessandro_pianalto_028.jpg\" alt=\"The Burning Cemetery\" width=\"600\" height=\"400\" \/><\/a><p id=\"caption-attachment-21592\" class=\"wp-caption-text\"><em>Cent&#8217;anni a Nordest<\/em> si apre con \u00abThe Burning Cemetery\u00bb, installazione antimilitarista ideata e realizzata da <strong>Alberto Peruffo<\/strong> a Bocchetta Pa\u00f9, sull&#8217;altipiano di Asiago, il 7 agosto 2013. La foto di copertina, parte della serie <a href=\"http:\/\/www.filippominelli.com\/silence_shapes\">\u00abSilence \/ Shapes\u00bb<\/a> di <strong>Filippo Minelli<\/strong>, \u00e8 stata scelta per analogia col fumo rosso di Bocchetta Pa\u00f9. La foto qui sopra \u00e8 di <strong>Alessandro Pianalto<\/strong>. Clicca per vedere tutte le immagini della performance.<\/p><\/div>\n<p>Domani, 4 giugno, arriva in libreria <a href=\"http:\/\/www.ibs.it\/code\/9788817083690\/wu-ming-1\/cent-anni-nordest.html\"><em>Cent&#8217;anni a Nordest. Viaggio tra i fantasmi della Guera granda<\/em> <\/a>(Rizzoli).<\/p>\n<p>Si tratta di una nuova versione &#8211; riveduta, ampliata e integrata con \u00abTitoli di coda\u00bb &#8211; del reportage apparso a puntate sul sito di <em>Internazionale, <\/em>nel marzo\/aprile scorso.<\/p>\n<p>Il testo \u00e8 andato in tipografia alla vigilia delle ultime elezioni regionali. Tra le altre cose, pu\u00f2 servire a capire cosa si muove <em>in profondit\u00e0<\/em> nel mondo veneto, sotto la superficie, dietro le percentuali.<!--more--><\/p>\n<div id=\"attachment_21593\" style=\"width: 610px\" class=\"wp-caption aligncenter\"><a href=\"https:\/\/casacibernetica.wordpress.com\/2013\/08\/11\/bocchetta-pau-burning-cemetery\/\"><img loading=\"lazy\" decoding=\"async\" aria-describedby=\"caption-attachment-21593\" class=\"size-full wp-image-21593\" src=\"http:\/\/www.wumingfoundation.com\/giap\/wp-content\/uploads\/2015\/06\/burning_cemetery_alessandro_pianalto_043.jpg\" alt=\"Ancora \u00abThe Burning Cemetery\u00bb, foto di Alessandro Pianalto.\" width=\"600\" height=\"406\" \/><\/a><p id=\"caption-attachment-21593\" class=\"wp-caption-text\">Ancora \u00abThe Burning Cemetery\u00bb, foto di Alessandro Pianalto.<\/p><\/div>\n<p><em>Cent&#8217;anni a Nordest<\/em> riprende e allunga diversi fili gi\u00e0 dipanati in <em>Point Lenana<\/em>, proseguendo quello che potrebbe dirsi un \u00abCiclo delle terre di confine\u00bb, un&#8217;esplorazione di quelle <em>borderland<\/em> italiane dove si manifestano fenomeni che il resto d&#8217;Italia fatica a interpretare. Nella prossima puntata ci sposteremo da Nordest a Nordovest, con il libro sulla Val di Susa a cui WM1 lavora da alcuni anni. Titolo di lavoro: <em>Lo spirito continua<\/em>.<\/p>\n<p><em>Cent&#8217;anni a Nordest<\/em> \u00e8 anche parte dell&#8217;insieme dei nostri libri dedicati a viandanze, alpinismi, paesaggi. Come <em>Point Lenana<\/em>, nasce anche dagli incroci dei percorsi di WM1 e WM2. E gli incroci proseguono, \u00e8 naturale. Se in <em>Point Lenana<\/em> si raccontavano alcuni retroscena de <em>Il sentiero degli dei<\/em>, nel libro sulla Val di Susa ci saranno richiami al libro di WM2 sul <a href=\"http:\/\/www.wumingfoundation.com\/giap\/?tag=sentiero-luminoso\">&#8220;Sentiero luminoso Bologna &#8211; Milano&#8221;<\/a> (ora in corso di stesura) e viceversa.<\/p>\n<div id=\"attachment_21594\" style=\"width: 610px\" class=\"wp-caption aligncenter\"><a href=\"https:\/\/casacibernetica.wordpress.com\/2013\/08\/11\/bocchetta-pau-burning-cemetery\/\"><img loading=\"lazy\" decoding=\"async\" aria-describedby=\"caption-attachment-21594\" class=\"size-full wp-image-21594\" src=\"http:\/\/www.wumingfoundation.com\/giap\/wp-content\/uploads\/2015\/06\/burning_cemetery_alessandro_colombara_070.jpg\" alt=\"Alberto Peruffo in \u00abThe Burning Cemetery\u00bb. Foto di Alessandro Colombara.\" width=\"600\" height=\"400\" \/><\/a><p id=\"caption-attachment-21594\" class=\"wp-caption-text\">Alberto Peruffo in \u00abThe Burning Cemetery\u00bb. Foto di Alessandro Colombara.<\/p><\/div>\n<p><em>Cent&#8217;anni a Nordest<\/em> parla del retaggio della Grande guerra in Veneto, Friuli, Venezia Giulia, Trentino e Alto Adige, ed \u00e8 dunque legato al prossimo libro collettivo di Wu Ming, che racconter\u00e0 anch&#8217;esso la prima guerra mondiale, guardandola dai lembi, da margini significativi.<\/p>\n","protected":false},"excerpt":{"rendered":"Domani, 4 giugno, arriva in libreria Cent&#8217;anni a Nordest. Viaggio tra i fantasmi della Guera granda (Rizzoli). Si tratta di una nuova versione &#8211; riveduta, ampliata e integrata con \u00abTitoli di coda\u00bb &#8211; del reportage apparso a puntate sul sito di Internazionale, nel marzo\/aprile scorso. Il testo \u00e8 andato in tipografia alla vigilia delle ultime [&hellip;]","protected":false},"author":1,"featured_media":21592,"comment_status":"open","ping_status":"open","sticky":false,"template":"","format":"standard","meta":{"footnotes":""},"categories":[2462],"tags":[2463,2370,2361,363,1545,2375,846,977],"class_list":["post-21591","post","type-post","status-publish","format-standard","has-post-thumbnail","hentry","category-centanni-a-nordest","tag-alberto-peruffo","tag-centanni-a-nordest","tag-grande-guerra","tag-internazionale","tag-montagna","tag-nordest","tag-prima-guerra-mondiale","tag-val-di-susa"],"yoast_head":"<!-- This site is optimized with the Yoast SEO plugin v27.4 - https:\/\/yoast.com\/product\/yoast-seo-wordpress\/ -->\n<title>Cent&#039;anni a Nordest. Strascichi della Grande guerra e storie estreme delle terre di confine - Giap<\/title>\n<meta name=\"robots\" content=\"index, follow, max-snippet:-1, max-image-preview:large, max-video-preview:-1\" \/>\n<link rel=\"canonical\" href=\"https:\/\/www.wumingfoundation.com\/giap\/2015\/06\/centanni-a-nordest-strascichi-della-grande-guerra-e-storie-estreme-delle-terre-di-confine\/\" \/>\n<meta property=\"og:locale\" content=\"it_IT\" \/>\n<meta property=\"og:type\" content=\"article\" \/>\n<meta property=\"og:title\" content=\"Cent&#039;anni a Nordest. Strascichi della Grande guerra e storie estreme delle terre di confine - Giap\" \/>\n<meta property=\"og:description\" content=\"Domani, 4 giugno, arriva in libreria Cent&#8217;anni a Nordest. Viaggio tra i fantasmi della Guera granda (Rizzoli). Si tratta di una nuova versione &#8211; riveduta, ampliata e integrata con \u00abTitoli di coda\u00bb &#8211; del reportage apparso a puntate sul sito di Internazionale, nel marzo\/aprile scorso. Il testo \u00e8 andato in tipografia alla vigilia delle ultime [&hellip;]\" \/>\n<meta property=\"og:url\" content=\"https:\/\/www.wumingfoundation.com\/giap\/2015\/06\/centanni-a-nordest-strascichi-della-grande-guerra-e-storie-estreme-delle-terre-di-confine\/\" \/>\n<meta property=\"og:site_name\" content=\"Giap\" \/>\n<meta property=\"article:published_time\" content=\"2015-06-03T09:40:48+00:00\" \/>\n<meta property=\"article:modified_time\" content=\"2015-06-03T12:45:19+00:00\" \/>\n<meta property=\"og:image\" content=\"https:\/\/www.wumingfoundation.com\/giap\/wp-content\/uploads\/2015\/06\/burning_cemetery_alessandro_pianalto_028.jpg\" \/>\n\t<meta property=\"og:image:width\" content=\"600\" \/>\n\t<meta property=\"og:image:height\" content=\"400\" \/>\n\t<meta property=\"og:image:type\" content=\"image\/jpeg\" \/>\n<meta name=\"author\" content=\"Wu Ming\" \/>\n<meta name=\"twitter:card\" content=\"summary_large_image\" \/>\n<meta name=\"twitter:creator\" content=\"@Wu_Ming_Foundt\" \/>\n<meta name=\"twitter:site\" content=\"@Wu_Ming_Foundt\" \/>\n<meta name=\"twitter:label1\" content=\"Scritto da\" \/>\n\t<meta name=\"twitter:data1\" content=\"Wu Ming\" \/>\n\t<meta name=\"twitter:label2\" content=\"Tempo di lettura stimato\" \/>\n\t<meta name=\"twitter:data2\" content=\"2 minuti\" \/>\n<script type=\"application\/ld+json\" class=\"yoast-schema-graph\">{\"@context\":\"https:\\\/\\\/schema.org\",\"@graph\":[{\"@type\":\"Article\",\"@id\":\"https:\\\/\\\/www.wumingfoundation.com\\\/giap\\\/2015\\\/06\\\/centanni-a-nordest-strascichi-della-grande-guerra-e-storie-estreme-delle-terre-di-confine\\\/#article\",\"isPartOf\":{\"@id\":\"https:\\\/\\\/www.wumingfoundation.com\\\/giap\\\/2015\\\/06\\\/centanni-a-nordest-strascichi-della-grande-guerra-e-storie-estreme-delle-terre-di-confine\\\/\"},\"author\":{\"name\":\"Wu Ming\",\"@id\":\"https:\\\/\\\/www.wumingfoundation.com\\\/giap\\\/#\\\/schema\\\/person\\\/881b1c925aaf48fe6eb5c3970be4458f\"},\"headline\":\"Cent&#8217;anni a Nordest. Strascichi della Grande guerra e storie estreme delle terre di confine\",\"datePublished\":\"2015-06-03T09:40:48+00:00\",\"dateModified\":\"2015-06-03T12:45:19+00:00\",\"mainEntityOfPage\":{\"@id\":\"https:\\\/\\\/www.wumingfoundation.com\\\/giap\\\/2015\\\/06\\\/centanni-a-nordest-strascichi-della-grande-guerra-e-storie-estreme-delle-terre-di-confine\\\/\"},\"wordCount\":385,\"commentCount\":2,\"image\":{\"@id\":\"https:\\\/\\\/www.wumingfoundation.com\\\/giap\\\/2015\\\/06\\\/centanni-a-nordest-strascichi-della-grande-guerra-e-storie-estreme-delle-terre-di-confine\\\/#primaryimage\"},\"thumbnailUrl\":\"https:\\\/\\\/www.wumingfoundation.com\\\/giap\\\/wp-content\\\/uploads\\\/2015\\\/06\\\/burning_cemetery_alessandro_pianalto_028.jpg\",\"keywords\":[\"Alberto Peruffo\",\"Cent'anni a Nordest\",\"Grande guerra\",\"Internazionale\",\"montagna\",\"Nordest\",\"Prima guerra mondiale\",\"Val di Susa\"],\"articleSection\":[\"Cent'anni a Nordest\"],\"inLanguage\":\"it-IT\",\"potentialAction\":[{\"@type\":\"CommentAction\",\"name\":\"Comment\",\"target\":[\"https:\\\/\\\/www.wumingfoundation.com\\\/giap\\\/2015\\\/06\\\/centanni-a-nordest-strascichi-della-grande-guerra-e-storie-estreme-delle-terre-di-confine\\\/#respond\"]}]},{\"@type\":\"WebPage\",\"@id\":\"https:\\\/\\\/www.wumingfoundation.com\\\/giap\\\/2015\\\/06\\\/centanni-a-nordest-strascichi-della-grande-guerra-e-storie-estreme-delle-terre-di-confine\\\/\",\"url\":\"https:\\\/\\\/www.wumingfoundation.com\\\/giap\\\/2015\\\/06\\\/centanni-a-nordest-strascichi-della-grande-guerra-e-storie-estreme-delle-terre-di-confine\\\/\",\"name\":\"Cent'anni a Nordest. Strascichi della Grande guerra e storie estreme delle terre di confine - Giap\",\"isPartOf\":{\"@id\":\"https:\\\/\\\/www.wumingfoundation.com\\\/giap\\\/#website\"},\"primaryImageOfPage\":{\"@id\":\"https:\\\/\\\/www.wumingfoundation.com\\\/giap\\\/2015\\\/06\\\/centanni-a-nordest-strascichi-della-grande-guerra-e-storie-estreme-delle-terre-di-confine\\\/#primaryimage\"},\"image\":{\"@id\":\"https:\\\/\\\/www.wumingfoundation.com\\\/giap\\\/2015\\\/06\\\/centanni-a-nordest-strascichi-della-grande-guerra-e-storie-estreme-delle-terre-di-confine\\\/#primaryimage\"},\"thumbnailUrl\":\"https:\\\/\\\/www.wumingfoundation.com\\\/giap\\\/wp-content\\\/uploads\\\/2015\\\/06\\\/burning_cemetery_alessandro_pianalto_028.jpg\",\"datePublished\":\"2015-06-03T09:40:48+00:00\",\"dateModified\":\"2015-06-03T12:45:19+00:00\",\"author\":{\"@id\":\"https:\\\/\\\/www.wumingfoundation.com\\\/giap\\\/#\\\/schema\\\/person\\\/881b1c925aaf48fe6eb5c3970be4458f\"},\"breadcrumb\":{\"@id\":\"https:\\\/\\\/www.wumingfoundation.com\\\/giap\\\/2015\\\/06\\\/centanni-a-nordest-strascichi-della-grande-guerra-e-storie-estreme-delle-terre-di-confine\\\/#breadcrumb\"},\"inLanguage\":\"it-IT\",\"potentialAction\":[{\"@type\":\"ReadAction\",\"target\":[\"https:\\\/\\\/www.wumingfoundation.com\\\/giap\\\/2015\\\/06\\\/centanni-a-nordest-strascichi-della-grande-guerra-e-storie-estreme-delle-terre-di-confine\\\/\"]}]},{\"@type\":\"ImageObject\",\"inLanguage\":\"it-IT\",\"@id\":\"https:\\\/\\\/www.wumingfoundation.com\\\/giap\\\/2015\\\/06\\\/centanni-a-nordest-strascichi-della-grande-guerra-e-storie-estreme-delle-terre-di-confine\\\/#primaryimage\",\"url\":\"https:\\\/\\\/www.wumingfoundation.com\\\/giap\\\/wp-content\\\/uploads\\\/2015\\\/06\\\/burning_cemetery_alessandro_pianalto_028.jpg\",\"contentUrl\":\"https:\\\/\\\/www.wumingfoundation.com\\\/giap\\\/wp-content\\\/uploads\\\/2015\\\/06\\\/burning_cemetery_alessandro_pianalto_028.jpg\",\"width\":600,\"height\":400,\"caption\":\"Cent'anni a Nordest si apre con \u00abThe Burning Cemetery\u00bb, installazione antimilitarista ideata e realizzata da Alberto Peruffo a Bocchetta Pa\u00f9, sull'altipiano di Asiago, il 7 agosto 2013. La foto di copertina, parte della serie \u00abSilence \\\/ Shapes\u00bb di Filippo Minelli, \u00e8 stata scelta come richiamo al cimitero in fiamme. La foto qui sopra \u00e8 di Alessandro Pianalto. Clicca per vedere tutte le immagini della performance.\"},{\"@type\":\"BreadcrumbList\",\"@id\":\"https:\\\/\\\/www.wumingfoundation.com\\\/giap\\\/2015\\\/06\\\/centanni-a-nordest-strascichi-della-grande-guerra-e-storie-estreme-delle-terre-di-confine\\\/#breadcrumb\",\"itemListElement\":[{\"@type\":\"ListItem\",\"position\":1,\"name\":\"Home\",\"item\":\"https:\\\/\\\/www.wumingfoundation.com\\\/giap\\\/\"},{\"@type\":\"ListItem\",\"position\":2,\"name\":\"Cent&#8217;anni a Nordest. Strascichi della Grande guerra e storie estreme delle terre di confine\"}]},{\"@type\":\"WebSite\",\"@id\":\"https:\\\/\\\/www.wumingfoundation.com\\\/giap\\\/#website\",\"url\":\"https:\\\/\\\/www.wumingfoundation.com\\\/giap\\\/\",\"name\":\"Giap\",\"description\":\"Il sito ufficiale di Wu Ming, collettivo di scrittori\",\"potentialAction\":[{\"@type\":\"SearchAction\",\"target\":{\"@type\":\"EntryPoint\",\"urlTemplate\":\"https:\\\/\\\/www.wumingfoundation.com\\\/giap\\\/?s={search_term_string}\"},\"query-input\":{\"@type\":\"PropertyValueSpecification\",\"valueRequired\":true,\"valueName\":\"search_term_string\"}}],\"inLanguage\":\"it-IT\"},{\"@type\":\"Person\",\"@id\":\"https:\\\/\\\/www.wumingfoundation.com\\\/giap\\\/#\\\/schema\\\/person\\\/881b1c925aaf48fe6eb5c3970be4458f\",\"name\":\"Wu Ming\",\"image\":{\"@type\":\"ImageObject\",\"inLanguage\":\"it-IT\",\"@id\":\"https:\\\/\\\/secure.gravatar.com\\\/avatar\\\/1f49001124f0d5b3aeb1d387dbd89e7b48de4c5c15539460ec1c154566c1723c?s=96&d=blank&r=g\",\"url\":\"https:\\\/\\\/secure.gravatar.com\\\/avatar\\\/1f49001124f0d5b3aeb1d387dbd89e7b48de4c5c15539460ec1c154566c1723c?s=96&d=blank&r=g\",\"contentUrl\":\"https:\\\/\\\/secure.gravatar.com\\\/avatar\\\/1f49001124f0d5b3aeb1d387dbd89e7b48de4c5c15539460ec1c154566c1723c?s=96&d=blank&r=g\",\"caption\":\"Wu Ming\"}}]}<\/script>\n<!-- \/ Yoast SEO plugin. -->","yoast_head_json":{"title":"Cent'anni a Nordest. Strascichi della Grande guerra e storie estreme delle terre di confine - Giap","robots":{"index":"index","follow":"follow","max-snippet":"max-snippet:-1","max-image-preview":"max-image-preview:large","max-video-preview":"max-video-preview:-1"},"canonical":"https:\/\/www.wumingfoundation.com\/giap\/2015\/06\/centanni-a-nordest-strascichi-della-grande-guerra-e-storie-estreme-delle-terre-di-confine\/","og_locale":"it_IT","og_type":"article","og_title":"Cent'anni a Nordest. Strascichi della Grande guerra e storie estreme delle terre di confine - Giap","og_description":"Domani, 4 giugno, arriva in libreria Cent&#8217;anni a Nordest. Viaggio tra i fantasmi della Guera granda (Rizzoli). Si tratta di una nuova versione &#8211; riveduta, ampliata e integrata con \u00abTitoli di coda\u00bb &#8211; del reportage apparso a puntate sul sito di Internazionale, nel marzo\/aprile scorso. Il testo \u00e8 andato in tipografia alla vigilia delle ultime [&hellip;]","og_url":"https:\/\/www.wumingfoundation.com\/giap\/2015\/06\/centanni-a-nordest-strascichi-della-grande-guerra-e-storie-estreme-delle-terre-di-confine\/","og_site_name":"Giap","article_published_time":"2015-06-03T09:40:48+00:00","article_modified_time":"2015-06-03T12:45:19+00:00","og_image":[{"width":600,"height":400,"url":"https:\/\/www.wumingfoundation.com\/giap\/wp-content\/uploads\/2015\/06\/burning_cemetery_alessandro_pianalto_028.jpg","type":"image\/jpeg"}],"author":"Wu Ming","twitter_card":"summary_large_image","twitter_creator":"@Wu_Ming_Foundt","twitter_site":"@Wu_Ming_Foundt","twitter_misc":{"Scritto da":"Wu Ming","Tempo di lettura stimato":"2 minuti"},"schema":{"@context":"https:\/\/schema.org","@graph":[{"@type":"Article","@id":"https:\/\/www.wumingfoundation.com\/giap\/2015\/06\/centanni-a-nordest-strascichi-della-grande-guerra-e-storie-estreme-delle-terre-di-confine\/#article","isPartOf":{"@id":"https:\/\/www.wumingfoundation.com\/giap\/2015\/06\/centanni-a-nordest-strascichi-della-grande-guerra-e-storie-estreme-delle-terre-di-confine\/"},"author":{"name":"Wu Ming","@id":"https:\/\/www.wumingfoundation.com\/giap\/#\/schema\/person\/881b1c925aaf48fe6eb5c3970be4458f"},"headline":"Cent&#8217;anni a Nordest. Strascichi della Grande guerra e storie estreme delle terre di confine","datePublished":"2015-06-03T09:40:48+00:00","dateModified":"2015-06-03T12:45:19+00:00","mainEntityOfPage":{"@id":"https:\/\/www.wumingfoundation.com\/giap\/2015\/06\/centanni-a-nordest-strascichi-della-grande-guerra-e-storie-estreme-delle-terre-di-confine\/"},"wordCount":385,"commentCount":2,"image":{"@id":"https:\/\/www.wumingfoundation.com\/giap\/2015\/06\/centanni-a-nordest-strascichi-della-grande-guerra-e-storie-estreme-delle-terre-di-confine\/#primaryimage"},"thumbnailUrl":"https:\/\/www.wumingfoundation.com\/giap\/wp-content\/uploads\/2015\/06\/burning_cemetery_alessandro_pianalto_028.jpg","keywords":["Alberto Peruffo","Cent'anni a Nordest","Grande guerra","Internazionale","montagna","Nordest","Prima guerra mondiale","Val di Susa"],"articleSection":["Cent'anni a Nordest"],"inLanguage":"it-IT","potentialAction":[{"@type":"CommentAction","name":"Comment","target":["https:\/\/www.wumingfoundation.com\/giap\/2015\/06\/centanni-a-nordest-strascichi-della-grande-guerra-e-storie-estreme-delle-terre-di-confine\/#respond"]}]},{"@type":"WebPage","@id":"https:\/\/www.wumingfoundation.com\/giap\/2015\/06\/centanni-a-nordest-strascichi-della-grande-guerra-e-storie-estreme-delle-terre-di-confine\/","url":"https:\/\/www.wumingfoundation.com\/giap\/2015\/06\/centanni-a-nordest-strascichi-della-grande-guerra-e-storie-estreme-delle-terre-di-confine\/","name":"Cent'anni a Nordest. Strascichi della Grande guerra e storie estreme delle terre di confine - Giap","isPartOf":{"@id":"https:\/\/www.wumingfoundation.com\/giap\/#website"},"primaryImageOfPage":{"@id":"https:\/\/www.wumingfoundation.com\/giap\/2015\/06\/centanni-a-nordest-strascichi-della-grande-guerra-e-storie-estreme-delle-terre-di-confine\/#primaryimage"},"image":{"@id":"https:\/\/www.wumingfoundation.com\/giap\/2015\/06\/centanni-a-nordest-strascichi-della-grande-guerra-e-storie-estreme-delle-terre-di-confine\/#primaryimage"},"thumbnailUrl":"https:\/\/www.wumingfoundation.com\/giap\/wp-content\/uploads\/2015\/06\/burning_cemetery_alessandro_pianalto_028.jpg","datePublished":"2015-06-03T09:40:48+00:00","dateModified":"2015-06-03T12:45:19+00:00","author":{"@id":"https:\/\/www.wumingfoundation.com\/giap\/#\/schema\/person\/881b1c925aaf48fe6eb5c3970be4458f"},"breadcrumb":{"@id":"https:\/\/www.wumingfoundation.com\/giap\/2015\/06\/centanni-a-nordest-strascichi-della-grande-guerra-e-storie-estreme-delle-terre-di-confine\/#breadcrumb"},"inLanguage":"it-IT","potentialAction":[{"@type":"ReadAction","target":["https:\/\/www.wumingfoundation.com\/giap\/2015\/06\/centanni-a-nordest-strascichi-della-grande-guerra-e-storie-estreme-delle-terre-di-confine\/"]}]},{"@type":"ImageObject","inLanguage":"it-IT","@id":"https:\/\/www.wumingfoundation.com\/giap\/2015\/06\/centanni-a-nordest-strascichi-della-grande-guerra-e-storie-estreme-delle-terre-di-confine\/#primaryimage","url":"https:\/\/www.wumingfoundation.com\/giap\/wp-content\/uploads\/2015\/06\/burning_cemetery_alessandro_pianalto_028.jpg","contentUrl":"https:\/\/www.wumingfoundation.com\/giap\/wp-content\/uploads\/2015\/06\/burning_cemetery_alessandro_pianalto_028.jpg","width":600,"height":400,"caption":"Cent'anni a Nordest si apre con \u00abThe Burning Cemetery\u00bb, installazione antimilitarista ideata e realizzata da Alberto Peruffo a Bocchetta Pa\u00f9, sull'altipiano di Asiago, il 7 agosto 2013. La foto di copertina, parte della serie \u00abSilence \/ Shapes\u00bb di Filippo Minelli, \u00e8 stata scelta come richiamo al cimitero in fiamme. La foto qui sopra \u00e8 di Alessandro Pianalto. Clicca per vedere tutte le immagini della performance."},{"@type":"BreadcrumbList","@id":"https:\/\/www.wumingfoundation.com\/giap\/2015\/06\/centanni-a-nordest-strascichi-della-grande-guerra-e-storie-estreme-delle-terre-di-confine\/#breadcrumb","itemListElement":[{"@type":"ListItem","position":1,"name":"Home","item":"https:\/\/www.wumingfoundation.com\/giap\/"},{"@type":"ListItem","position":2,"name":"Cent&#8217;anni a Nordest. Strascichi della Grande guerra e storie estreme delle terre di confine"}]},{"@type":"WebSite","@id":"https:\/\/www.wumingfoundation.com\/giap\/#website","url":"https:\/\/www.wumingfoundation.com\/giap\/","name":"Giap","description":"Il sito ufficiale di Wu Ming, collettivo di scrittori","potentialAction":[{"@type":"SearchAction","target":{"@type":"EntryPoint","urlTemplate":"https:\/\/www.wumingfoundation.com\/giap\/?s={search_term_string}"},"query-input":{"@type":"PropertyValueSpecification","valueRequired":true,"valueName":"search_term_string"}}],"inLanguage":"it-IT"},{"@type":"Person","@id":"https:\/\/www.wumingfoundation.com\/giap\/#\/schema\/person\/881b1c925aaf48fe6eb5c3970be4458f","name":"Wu Ming","image":{"@type":"ImageObject","inLanguage":"it-IT","@id":"https:\/\/secure.gravatar.com\/avatar\/1f49001124f0d5b3aeb1d387dbd89e7b48de4c5c15539460ec1c154566c1723c?s=96&d=blank&r=g","url":"https:\/\/secure.gravatar.com\/avatar\/1f49001124f0d5b3aeb1d387dbd89e7b48de4c5c15539460ec1c154566c1723c?s=96&d=blank&r=g","contentUrl":"https:\/\/secure.gravatar.com\/avatar\/1f49001124f0d5b3aeb1d387dbd89e7b48de4c5c15539460ec1c154566c1723c?s=96&d=blank&r=g","caption":"Wu Ming"}}]}},"_links":{"self":[{"href":"https:\/\/www.wumingfoundation.com\/giap\/wp-json\/wp\/v2\/posts\/21591","targetHints":{"allow":["GET"]}}],"collection":[{"href":"https:\/\/www.wumingfoundation.com\/giap\/wp-json\/wp\/v2\/posts"}],"about":[{"href":"https:\/\/www.wumingfoundation.com\/giap\/wp-json\/wp\/v2\/types\/post"}],"author":[{"embeddable":true,"href":"https:\/\/www.wumingfoundation.com\/giap\/wp-json\/wp\/v2\/users\/1"}],"replies":[{"embeddable":true,"href":"https:\/\/www.wumingfoundation.com\/giap\/wp-json\/wp\/v2\/comments?post=21591"}],"version-history":[{"count":0,"href":"https:\/\/www.wumingfoundation.com\/giap\/wp-json\/wp\/v2\/posts\/21591\/revisions"}],"wp:featuredmedia":[{"embeddable":true,"href":"https:\/\/www.wumingfoundation.com\/giap\/wp-json\/wp\/v2\/media\/21592"}],"wp:attachment":[{"href":"https:\/\/www.wumingfoundation.com\/giap\/wp-json\/wp\/v2\/media?parent=21591"}],"wp:term":[{"taxonomy":"category","embeddable":true,"href":"https:\/\/www.wumingfoundation.com\/giap\/wp-json\/wp\/v2\/categories?post=21591"},{"taxonomy":"post_tag","embeddable":true,"href":"https:\/\/www.wumingfoundation.com\/giap\/wp-json\/wp\/v2\/tags?post=21591"}],"curies":[{"name":"wp","href":"https:\/\/api.w.org\/{rel}","templated":true}]}}