{"id":20801,"date":"2015-03-20T13:29:53","date_gmt":"2015-03-20T12:29:53","guid":{"rendered":"http:\/\/www.wumingfoundation.com\/giap\/?p=20801"},"modified":"2015-03-20T16:40:53","modified_gmt":"2015-03-20T15:40:53","slug":"partigiani-doltremare-africani-nella-resistenza-italiana","status":"publish","type":"post","link":"https:\/\/www.wumingfoundation.com\/giap\/2015\/03\/partigiani-doltremare-africani-nella-resistenza-italiana\/","title":{"rendered":"\u00abPartigiani d&#8217;Oltremare\u00bb. Africani nella Resistenza italiana"},"content":{"rendered":"<div id=\"attachment_20803\" style=\"width: 609px\" class=\"wp-caption aligncenter\"><a href=\"http:\/\/www.csasisma.org\/2011\/05\/racconti-doltremare_1.html\"><img loading=\"lazy\" decoding=\"async\" aria-describedby=\"caption-attachment-20803\" class=\"wp-image-20803 size-full\" src=\"http:\/\/www.wumingfoundation.com\/giap\/wp-content\/uploads\/2015\/03\/raccontidoltremare.jpg\" alt=\"\" width=\"599\" height=\"336\" \/><\/a><p id=\"caption-attachment-20803\" class=\"wp-caption-text\">La banda partigiana di Roti (Macerata) con etiopi, russi, ebrei, croati, italiani.<\/p><\/div>\n<p>Dal sito del <a href=\"http:\/\/www.csasisma.org\/2015\/01\/fantarchivio-2-78-marzo-2015.html\" target=\"_blank\">CSA Sisma<\/a> di Macerata:<\/p>\n<p>\u00abLa storia di <b><a href=\"http:\/\/www.wumingfoundation.com\/giap\/?p=20110\" target=\"_blank\">Carlo Abbamagal e dei 50 dell\u2019Oltremare<\/a><\/b> ha impiegato quasi 70 anni ad emergere, dopo anni di lavoro e grazie alle ricerche di Matteo Petracci &#8211; dottore di ricerca in storia, istituzioni e politica dell\u2019area euromediterranea presso l\u2019Universit\u00e0 di Macerata &#8211; cos\u00ec che il corso degli eventi inizia ora ad apparire sempre pi\u00f9 nitido e chiaro e da passato si fa presente, strumento di lotta contro le mistificazioni e le dimenticanze storiche, ascia di guerra contro i razzismi e i fascismi di oggi.<\/p>\n<div>Il 7\/8 marzo al CSA Sisma di Macerata <strong>Wu Ming 2<\/strong> per due giorni, grazie al seminario \u201cRacconti d&#8217;Oltremare\u201d, ha lavorato con i corsisti alle vicende degli africani concentrati a Villa Spada di Treia, attraverso i materiali d\u2019archivio che parlano di come \u201calcuni di essi si sono dati alla macchia unendosi ai ribelli\u201d esplicando \u201cconsiderevole attivit\u00e0\u201d e risultando \u201cquanto mai feroci\u201d. Di come insomma, dall\u2019ottobre del \u201943, nelle montagne del maceratese, le bande partigiane annoverassero nelle loro fila etiopi, eritrei e somali, tra i primi a battersi contro il regime fascista.<\/div>\n<p><!--more--><\/p>\n<div>[&#8230;] Momento conclusivo di &#8220;Racconti d\u2019Oltremare&#8221; \u00e8 stato un incontro pubblico, nella serata di domenica, in cui <strong>Matteo Petracci<\/strong> e Wu Ming 2 hanno raccontato la storia di Carlo Abbamagal e degli altri 50 dell\u2019Oltremare grazie anche a \u00a0documenti d\u2019epoca e foto d\u2019archivio. I temi e le vicende narrate sono quanto mai attuali: ci siamo lasciati giurandoci che questa storia non \u00e8 ancora finita. Anzi, \u00e8 appena iniziata.\u00bb<\/div>\n<div><span style=\"color: #ffffff;\">&#8211;<\/span><\/div>\n<div><\/div>\n<div><strong><a href=\"http:\/\/www.wumingfoundation.com\/suoni\/Partigiani_dOltremare_CSA_SISMA_08032015.mp3\">Partigiani d&#8217;Oltremare<\/a><br \/>\n<\/strong><\/div>\n<div><strong>Ecco l&#8217;audio completo dell&#8217;incontro. Dura un&#8217;ora e trentasette minuti. Buon ascolto.<\/strong><\/div>\n","protected":false},"excerpt":{"rendered":"Dal sito del CSA Sisma di Macerata: \u00abLa storia di Carlo Abbamagal e dei 50 dell\u2019Oltremare ha impiegato quasi 70 anni ad emergere, dopo anni di lavoro e grazie alle ricerche di Matteo Petracci &#8211; dottore di ricerca in storia, istituzioni e politica dell\u2019area euromediterranea presso l\u2019Universit\u00e0 di Macerata &#8211; cos\u00ec che il corso degli [&hellip;]","protected":false},"author":66,"featured_media":20803,"comment_status":"open","ping_status":"open","sticky":false,"template":"","format":"standard","meta":{"footnotes":""},"categories":[6],"tags":[189,2290,2369,2294,632,2296,267,185],"class_list":["post-20801","post","type-post","status-publish","format-standard","has-post-thumbnail","hentry","category-news-e-segnalazioni","tag-antifascismo","tag-carlo-abbamagal","tag-csa-sisma","tag-fantarchivio","tag-macerata","tag-matteo-petracci","tag-razza-partigiana","tag-resistenza"],"_links":{"self":[{"href":"https:\/\/www.wumingfoundation.com\/giap\/wp-json\/wp\/v2\/posts\/20801","targetHints":{"allow":["GET"]}}],"collection":[{"href":"https:\/\/www.wumingfoundation.com\/giap\/wp-json\/wp\/v2\/posts"}],"about":[{"href":"https:\/\/www.wumingfoundation.com\/giap\/wp-json\/wp\/v2\/types\/post"}],"author":[{"embeddable":true,"href":"https:\/\/www.wumingfoundation.com\/giap\/wp-json\/wp\/v2\/users\/66"}],"replies":[{"embeddable":true,"href":"https:\/\/www.wumingfoundation.com\/giap\/wp-json\/wp\/v2\/comments?post=20801"}],"version-history":[{"count":0,"href":"https:\/\/www.wumingfoundation.com\/giap\/wp-json\/wp\/v2\/posts\/20801\/revisions"}],"wp:featuredmedia":[{"embeddable":true,"href":"https:\/\/www.wumingfoundation.com\/giap\/wp-json\/wp\/v2\/media\/20803"}],"wp:attachment":[{"href":"https:\/\/www.wumingfoundation.com\/giap\/wp-json\/wp\/v2\/media?parent=20801"}],"wp:term":[{"taxonomy":"category","embeddable":true,"href":"https:\/\/www.wumingfoundation.com\/giap\/wp-json\/wp\/v2\/categories?post=20801"},{"taxonomy":"post_tag","embeddable":true,"href":"https:\/\/www.wumingfoundation.com\/giap\/wp-json\/wp\/v2\/tags?post=20801"}],"curies":[{"name":"wp","href":"https:\/\/api.w.org\/{rel}","templated":true}]}}