{"id":19816,"date":"2014-12-02T13:28:14","date_gmt":"2014-12-02T12:28:14","guid":{"rendered":"http:\/\/www.wumingfoundation.com\/giap\/?p=19816"},"modified":"2015-11-22T13:34:31","modified_gmt":"2015-11-22T12:34:31","slug":"evola-fermare-il-virus","status":"publish","type":"post","link":"https:\/\/www.wumingfoundation.com\/giap\/2014\/12\/evola-fermare-il-virus\/","title":{"rendered":"#Evola: fermare il virus!"},"content":{"rendered":"<p><img loading=\"lazy\" decoding=\"async\" class=\"aligncenter size-full wp-image-19818\" src=\"http:\/\/www.wumingfoundation.com\/giap\/wp-content\/uploads\/2014\/12\/evola.png\" alt=\"Julius Evola\" width=\"600\" height=\"600\" \/>Sincronicit\u00e0. Abbiamo ricevuto questo appello poco prima delle <a href=\"http:\/\/www.ilfattoquotidiano.it\/2014\/12\/02\/gianni-alemanno-indagato-per-associazione-mafiosa-dai-pm-rom\/1245239\/\">ultime notizie<\/a> che stanno mettendo in subbuglio vasti ambienti della destra romana, &#8220;post&#8221;-fascista e neofascista, istituzionale e &#8220;di sottobosco&#8221;. Arresti, perquisizioni, imputazioni per associazione mafiosa&#8230; Indagato anche l&#8217;ex-sindaco <strong>Gianni Alemanno<\/strong>.<\/p>\n<p>L&#8217;operazione della Procura di Roma, secondo i giornali, si chiama \u00abTerra di Mezzo\u00bb. Il riferimento tolkieniano ci \u00e8 subito risuonato alle orecchie. <\/p>\n<p>Da anni lavoriamo per <a href=\"http:\/\/www.wumingfoundation.com\/giap\/?p=6365\">smontare la strumentalizzazione di <strong>J.R.R. Tolkien<\/strong> fatta dall&#8217;estrema destra<\/a> &#8220;nostrana&#8221;, soprattutto romana, e pi\u00f9 precisamente di derivazione &#8220;evoliana&#8221;. Per dire, uno dei sedicenti massimi &#8220;esperti&#8221; di Tolkien \u00e8 segretario della Fondazione Julius Evola.<\/p>\n<p>Ribadiamo che \u00e8 un <em>unicum<\/em> in tutto il pianeta: solo in Italia Tolkien era finito in simili luoghi. Quando lo racconti all&#8217;estero strabuzzano gli occhi.<!--more--><\/p>\n<p>Perch\u00e9 l&#8217;operazione della Procura contro fasciomafiosi di vario calibro porta l&#8217;allusivo nome di \u00abTerra di Mezzo\u00bb?<br \/>\nForse solo perch\u00e9 sonda una &#8220;terra di mezzo&#8221; tra (post-)fascismo e criminalit\u00e0 organizzata, connubio che peraltro non \u00e8 una novit\u00e0? Oppure c&#8217;\u00e8 dell&#8217;altro, un riferimento pi\u00f9 preciso? Ci sono &#8220;fans del Tolkien in salsa Evola&#8221; tra gli arrestati e i semplici inquisiti? Plausibilissimo. Lo stesso Alemanno \u00e8 uso citare a tutto spiano brani del <em>Signore degli Anelli<\/em>. E alcuni dei nomi usciti sui media sono a un solo grado di separazione &#8211; al massimo due &#8211; dal &#8220;pensatore&#8221; razzista e antisemita. Persino nell&#8217;immaginario pop: pensiamo a quel <strong>Massimo Carminati<\/strong> che ha ispirato &#8220;il Nero&#8221; di <em>Romanzo criminale<\/em>, ex-discepolo di Evola.<\/p>\n<p>Sincronicit\u00e0, si diceva. Proprio mentre rimuginavamo su tutto questo, ci \u00e8 arrivato &#8211; quanto mai attuale &#8211; il testo sul &#8220;virus Evola&#8221; che pubblichiamo sotto. Ce l&#8217;ha mandato uno degli autori, <strong>Enrico Manera<\/strong>, che i lettori di questo blog ben conoscono. <a href=\"http:\/\/www.wumingfoundation.com\/giap\/?p=10807\">Il lavoro di Enrico su <strong>Furio Jesi<\/strong><\/a> \u00e8 stato molto utile anche per la decostruzione del &#8220;Tolkien evoliano&#8221; propinato in Italia.<\/p>\n<p>\u00c8 in corso da anni un tentativo di &#8220;ripulitura&#8221; e riabilitazione della figura e del pensiero razzista di Evola. Tentativo che trova terreno fertile nella fase che stiamo vivendo, durante la quale si moltiplicano conflitti &#8220;diversivi&#8221; contro capri espiatori non certo nuovi (migranti, Rom e Sinti ecc.) e le destre xenofobe europee fanno con rinnovato vigore lo sporco lavoro di sempre: deviare le proteste, fomentare guerre tra poveri, confondere gli sfruttati, salvare il sistema da conflitti reali che ne minerebbero le basi.<\/p>\n<p>Prima di augurarvi buona lettura, ricordiamo una frase di Alemanno del settembre 2012: \u00abUn&#8217;oscura maledizione pesa sulla regione Lazio\u00bb. <a href=\"http:\/\/www.wumingfoundation.com\/giap\/?p=9360\">Noi l&#8217;abbiamo anche spiegato<\/a>, da dove inizia. E abbiamo predetto che avrebbe continuato a colpire la destra &#8220;post&#8221;-fascista di Roma e provincia. Di questo racconto-realt\u00e0 (la &#8220;maledizione abissina&#8221; di Affile) abbiamo parlato il 27 aprile 2013 alla European Resistance Assembly di Correggio (RE), l&#8217;audio dell&#8217;intervento \u00e8 qui, c&#8217;\u00e8 anche la traduzione consecutiva in tedesco, il tutto dura un&#8217;ora e venticinque minuti.<br \/>\n<a href=\"http:\/\/www.wumingfoundation.com\/suoni\/WM1_e_WM2_Correggio_Nuovi_modi_di_raccontare_la_Resistenza_27042013.mp3\">Nuovi modi di raccontare la Resistenza &#8211; WM1 &amp; WM2 a Correggio, feat. Lidia Menapace<\/a><br \/>\n<strong>Nuovi modi di raccontare la Resistenza &#8211; WM1 &amp; WM2 a Correggio, feat. Lidia Menapace<\/strong><\/p>\n<p>E ora, davvero, buona lettura.<\/p>\n<p><strong>Aggiornamento.<\/strong> Qualche ora dopo, sui giornali l&#8217;operazione era chiamata non pi\u00f9 \u00abTerra di Mezzo\u00bb, ma \u00abMondo di Mezzo\u00bb. Il riferimento resta comunque &#8220;tolkieniano&#8221;, preso dalla cosmogonia norrena a cui Tolkien si ispir\u00f2.<\/p>\n<p style=\"text-align: center;\"><span class=\"st\">\u2042<\/span><\/p>\n<h3 style=\"text-align: justify;\"><strong>Chi fu Julius Evola e quale virus diffonde chi lo celebra<\/strong><\/h3>\n<blockquote><p>\u00abMa qui vale attirare l\u2019attenzione anche sull\u2019opera distruttrice che l\u2019ebraismo, cos\u00ec come secondo le disposizioni dei \u201cProtocolli\u201d, ha effettuata nel campo propriamente culturale, protetto dai <i>tab\u00f9 <\/i> della Scienza, dell&#8217;Arte, del Pensiero. E&#8217; ebreo Freud, la cui teoria s&#8217;intende a ridurre la vita interiore ad istinti e forze inconscie, o a convenzioni e repressioni; lo \u00e8 Einstein, col quale \u00e8 venuto di moda il \u201crelativismo\u201d; [\u2026] lo \u00e8 lo Stirner, il padre dell\u2019anarchismo integrale e lo sono Debussy [&#8230;], Sch\u00f6nberg e Mahler, principali esponenti di una musica della decadenza. Ebreo \u00e8 Tzara, creatore del dadaismo, limite estremo della disgregazione della cosidetta arte d\u2019avanguardia, e cos\u00ec sono ebrei Reinach e molti esponenti della cosiddetta scuola sociologica, cui \u00e8 propria una degradante interpretazione delle antiche religioni.\u00bb<\/p>\n<p>Julius Evola, <i>Introduzione<\/i> a <i>I \u201cProtocolli\u201d dei \u201cSavi Anziani\u201d di Sion,<\/i> (terza edizione, 26\u00b0- 35\u00b0 migliaio), La Vita Italiana, Roma 1938 (datata settembre 1937), pp. XXV-XXVI<\/p><\/blockquote>\n<p>Stanno accadendo alcune cose in un contesto molto specifico della cultura italiana, apparentemente marginale e poco rilevante, che sono per\u00f2 sintomatiche e forse paradigmatiche di alcuni processi culturali in corso nella nostra societ\u00e0.<\/p>\n<p>In una lettera redatta in inglese e inviata alle mailing list della <i>European Association for the Study of Religion<\/i> (EASR), sigla che include il gotha della storia delle religioni europea, un professore italiano, vicepresidente di quella stessa associazione e membro del consiglio direttivo dell\u2019organizzazione federata italiana (SISR), pubblicizza <a href=\"http:\/\/www.memphismisraim.it\/Convegno_20141129.pdf\">un convegno<\/a> dedicato all\u2019\u00aberedit\u00e0\u00bb culturale di un noto esoterista, fascista e propagandista antisemita italiano del secolo scorso: Julius Evola (1898-1974). Nel testo della mail si accredita Evola come studioso di calibro, autore di pubblicazioni notevoli nel campo della storia delle religioni, e si invita alla rivalutazione del suo lavoro senza animosit\u00e0 n\u00e9 pregiudizi, per assegnargli finalmente il posto che merita nella storia della storiografia. L&#8217;intento dichiarato \u00e8 quello di riabilitare accademicamente e scientificamente le opere dedicate alle religioni e al religioso di un pensatore fascista.<\/p>\n<p><img loading=\"lazy\" decoding=\"async\" class=\"aligncenter size-full wp-image-19819\" src=\"http:\/\/www.wumingfoundation.com\/giap\/wp-content\/uploads\/2014\/12\/Immagine-26.png\" alt=\"Chi promuoveva e organizzava il convegno\" width=\"600\" height=\"273\" \/><\/p>\n<p>Per comprendere il tipo di operazione che si \u00e8 svolta a Roma il 29 novembre scorso, \u00e8 utile fornire qualche informazione sul contesto in cui si \u00e8 celebrato il convegno. Patrocinato da un folto gruppo di logge massoniche, l\u2019incontro \u00e8 organizzato da un centro studi sulle \u00abscienze ermetiche\u00bb che nel la sua \u00ab <i>mission<\/i> \u00bb, improntata alla tolleranza universale e a un umanesimo spiritualizzante, menziona per ben due volte l\u2019intento di affratellare le diverse \u00abrazze umane\u00bb. La presentazione del convegno \u00e8 affidata a un cerimoniere dai titoli altisonanti che si diffonde sul valore culturale del pensiero evoliano \u00aba prescindere dai suoi presunti [sic] orientamenti politici, pi\u00f9 o meno condivisibili [sic]\u00bb. L&#8217;opacit\u00e0 di questa breve e retorica contestualizzazione della figura di Evola nella storia italiana risulta evidente al lettore esperto. <i>Last but not least<\/i> , il convegno \u00e8 organizzato in collaborazione con la Fondazione Julius Evola, un ente notoriamente lontano dall\u2019interrogazione critica del pensiero dell\u2019eroe cui \u00e8 dedicata.<\/p>\n<p>Intendiamoci: in un regime democratico e liberale un&#8217;operazione del genere \u00e8 legittima, nella misura in cui, entro i limiti di legge, chiunque pu\u00f2 studiare ci\u00f2 che vuole e organizzare simposi anche stravaganti . In questo caso, un problema serio di opportunit\u00e0 si pone, per\u00f2, se tra i relatori figurano diversi docenti di discipline differenti che insegnano nelle universit\u00e0 italiane. Non per nulla l&#8217;iniziativa, pubblicizzata nell\u2019ambito degli studi religionistici, ha scatenato un putiferio presso la comunit\u00e0 scientifica internazionale informata dell\u2019evento. L&#8217;autore di un importante volume sullo studio della religione in ambito accademico sotto il fascismo interbellico ha immediatamente risposto censurando una riabilitazione mascherata da interesse storico-storiografico, additandone la continuit\u00e0 con alcuni passati tentativi \u201calchemici\u201d di filtraggio dello studioso serio dall\u2019ideologo fascista e antisemita e richiamando al carattere esausto (oltre che molesto) di questo genere di iniziative.<\/p>\n<p>Altre mail sono seguite, pi\u00f9 o meno ostili all\u2019iniziativa: alcune, tra cui un paio provenienti da studiosi di fama e calibro mondiali, gridano apertamente allo scandalo, altre cercano di gettare acqua sul fuoco, altre ancora mostrano di condividere l\u2019atteggiamento metodologico difensivo per cui si tratta di saper distinguere il valore (scientifico e culturale) dell\u2019opera dall\u2019eventuale disvalore dell\u2019uomo. Il parallelo apologetico, prevedibile quanto ormai logoro, con le vicissitudini politiche di Martin Heidegger e Carl Schmitt \u00e8 stato puntualmente utilizzato dall\u2019estensore della lettera iniziale.<\/p>\n<p>Lo scambio epistolare elettronico si fa a questo punto articolato e complesso, ma la questione che ci sentiamo di sollevare concerne la situazione storico-culturale in cui questo episodio si inscrive e di cui \u00e8 al tempo stesso sintomo e paradigma. Durante il lungo ventennio berlusconiano, nell\u2019accademia italiana si sono aperte le porte della redenzione al pensiero pseudoscientifico, pseudostoriografico e antimodernista: un processo sottilmente revanscista che ha accompagnato le ben pi\u00f9 crasse riabilitazioni promosse o tollerate dai governi di centro-destra. In pratica, ci\u00f2 che prima non poteva essere messo per iscritto perch\u00e9 svergognatamente ideologico, \u00e8 stato possibile dirlo e farlo passare come rispettabile risultato di una volenterosa pratica storiografica. Nella storia delle religioni italiana si \u00e8 assistito cos\u00ec all\u2019ingresso prepotente di ogni sorta di infiltrazione metafisica, filoesoterica e perennialista: una paradossale reazione contro quell&#8217;unica accademia europea che aveva da sempre coerentemente sviluppato ed espresso i corretti anticorpi storicisti contro le prospettive ermeneutico-fenomenologiche destrorse, irradiantisi dalla figura controversa di uno studioso pur importante e significativo come il romeno Mircea Eliade.<\/p>\n<p>Ma torniamo all\u2019oggetto dello scandalo. Chi \u00e8 Julius Evola?<\/p>\n<div id=\"attachment_19822\" style=\"width: 605px\" class=\"wp-caption aligncenter\"><img loading=\"lazy\" decoding=\"async\" aria-describedby=\"caption-attachment-19822\" class=\"size-full wp-image-19822\" src=\"http:\/\/www.wumingfoundation.com\/images\/Immagine_27.png\" alt=\"Stravaganze di Google\" width=\"595\" height=\"576\" border=\"1\" \/><p id=\"caption-attachment-19822\" class=\"wp-caption-text\">Stravaganze di Google. Come si vede, abbiamo cercato \u00abEvola\u00bb e basta. Sar\u00e0 che molti ispanofoni latinoamericani digitano il nome del virus confondendo &#8211; com&#8217;\u00e8 normale dalle loro parti &#8211; la <em>b<\/em> e la <em>v<\/em>, e quindi il nome \u00abEvola\u00bb \u00e8 frequentemente associato all&#8217;epidemia. Ad ogni modo, visti i molti sottotesti (nemmeno troppo &#8220;sotto&#8221;!) razzistici dell&#8217;informazione sull&#8217;allarme-Ebola (allarme divenuto ben presto cavallo di battaglia di fascisti e leghisti), l&#8217;accostamento risulta fecondo di &#8220;sguardi obliqui&#8221; su entrambi gli argomenti e perci\u00f2 produttivo di senso.<\/p><\/div>\n<p>Nato a Roma nel 1898, ha una educazione filosofica ed estetica tipica per il periodo e un\u2019attivit\u00e0 giovanile di pittura dadaista. Ufficiale nella Grande guerra, \u00e8 turbato dai cambiamenti dovuti all\u2019impatto della societ\u00e0 di massa su quello che restava dell\u2019<i>ancien r\u00e9gime<\/i> europeo. Nel dopoguerra arriva l&#8217;\u201cilluminazione\u201d con la scoperta di uno spiritualismo di marca indoeuropea che si associa alla speculazione filosofica del pi\u00f9 spinto irrazionalismo tedesco. In <i>Teoria e fenomenologia dell&#8217;individuo assoluto, <\/i> 1927-1930 compaiono gli elementi caratteristici del suo pensiero: una sintesi di metafisica ottocentesca, esoterismo e spiritualismo. Frequenta circoli mistico-magici, collabora con riviste del settore (\u00abUltra\u00bb, \u00abIgnis\u00bb, \u00abAtanor\u00bb). Interessato al fascismo italiano e alla romanit\u00e0, ne critica la vicinanza con il cattolicesimo (1928, <i>Imperialismo pagano<\/i> ), per poi fondare la rivista \u00abLa Torre\u00bb, votata a un fascismo eroico e aristocratico. Apprezzato in Germania, Evola non far\u00e0 breccia nella profana, essoterica e provinciale mentalit\u00e0 fascista, per poi venire riscoperto dal neofascismo esoterico post-bellico.<\/p>\n<p>Per tutti gli anni Trenta si dedica a ricerche sul mondo dei simboli, sullo spiritualismo, sull\u2019alchimia e pubblica su riviste del fascismo intransigente e antisemita (\u00abLa Vita Italiana\u00bb e \u00abIl Regime Fascista <i>\u00bb<\/i> ) articoli legati a una visione del mondo antiborghese e cavalleresca. Nel 1934 pubblica <i>Rivolta contro il mondo moderno<\/i> , nel 1937 <i>Il mito del sangue<\/i> , nel 1941 <i>Sintesi di dottrina della razza<\/i> . Nel 1938 in Romania incontra, ammirato, Corneliu Codreanu, leader della Guardia di ferro, il movimento paramilitare fascista cristiano integralista, violentemente antisemita, dedicato all\u2019arcangelo Michele.<\/p>\n<p>Dopo la scoppio della guerra chiede di partire volontario a combattere contro l\u2019Unione sovietica, ma non viene arruolato. Nel 1943, in Germania, sarebbe tra i pochi italiani che ricevono Mussolini liberato dal Gran Sasso. C ollaboratore del <i>Sichereitsdienst<\/i> (SD), il servizio di sicurezza delle SS, aderisce alla RSI su posizioni aristocratiche e reazionarie. Vive le ultime fasi della guerra come lo scontro dei custodi della \u201cTradizione\u201d e dello \u201cSpirito\u201d occidentale contro le forze materialiste e corrotte delle odiate democrazie europee e dei partigiani attivi nei movimenti di liberazione.<\/p>\n<p>In seguito a un bombardamento su Vienna rimane paralizzato agli arti inferiori. Tornato a Roma trova lo spirito legionario per sostenere ideologicamente i movimenti della destra italiana con il testo <i>Orientamenti<\/i> (1950), pubblicato sulla rivista <i>Imperium<\/i> . Nei documenti giudiziari \u00e8 indicato come il \u201cpadre spirituale\u201d del gruppo che sotto il nome di Far (Fasci di azione rivoluzionaria-Legione nera) nei primi anni cinquanta mette a segno attentati dinamitardi nella capitale: tra i personaggi coinvolti figurano noti rappresentanti dell\u2019Msi. Il 1953 \u00e8 l\u2019anno del fondamentale <i>Gli uomini e le rovine<\/i> , in cui trovano posto i consolidati concetti di tradizione, gerarchia e diseguaglianza. Di fronte a una modernit\u00e0 che erode le fondamenta e distrugge l\u2019ordine sociale, il credo politico esposto consiste nella restaurazione di un ordine tradizionale e gerarchico per mano del soldato politico in piedi tra le rovine del mondo occidentale. Dopo <i>Cavalcare la tigre<\/i> (1961), nel 1963 pubblica <i>Il Fascismo visto dalla Destra<\/i> , in cui attribuisce al fascismo il merito di aver rivitalizzato antichi simboli e di aver teorizzato un nuovo tipo di uomo. A partire dal 1968 verr\u00e0 venerato da giovani discepoli, che riconoscono in lui un \u201cMaestro\u201d (e che ne sono ancora oggi i divulgatori). Nel 1974, dopo ulteriori difficolt\u00e0 cardiache, muore a Roma.<\/p>\n<p>Dopo la morte, Evola \u00e8 rimasto punto di riferimento costante per tutte le realt\u00e0 della destra radicale. Nel 1998 il suo centenario \u00e8 stato riccamente celebrato dall\u2019intera destra italiana: libri, mostre, convegni, centinaia di pagine web sono a lui dedicati. \u00c8 un autore di culto anche per l&#8217;euroasiatismo ed \u00e8 di interesse per alcuni ambienti di fondamentalismo islamico.<\/p>\n<p>Tutto questo \u00e8, in estrema sintesi, l\u2019Evola uomo, pensatore e mito politico che un certo bipolarismo metodologico, ricorrente nelle scienze umane, vorrebbe separare dallo studioso di religione\/i con il cordone sanitario della bibliografia promossa, citata, edita e riedita in genere dagli stessi impresari del suo successo. Ma chi \u00e8 l\u2019Evola storico delle religioni?<\/p>\n<p>Nella sua opera si trovano soggetti e principi espressi dal perennialismo esoterico di Ren\u00e9 Gu\u00e9non (cicli storici, crisi della modernit\u00e0, simbolismo) che appaiono estremizzati e politicizzati in direzione di un differenza qualitativa tra mondo moderno e mondo tradizionale. Quest&#8217;ultimo \u00e8 caratterizzato dalla dimensione spirituale: come tale non \u00e8 affrontabile con i concetti validi nel consueto spazio-tempo e dunque <i> <\/i> non pu\u00f2 essere adeguatamente studiato con il metodo storico. Laddove autorevoli storici delle idee sostengono che il pensiero evoliano non abbia prodotto nulla di significativo in termini di conoscenza e guadagno scientifici , chi ne raccoglie l&#8217;eredit\u00e0 invece esalta il valore delle varie monografie su argomenti come ermetismo, tantra, buddhismo, taoismo, alchimia, Sacro Graal.<\/p>\n<p>Ora, Evola certamente conosceva la vasta produzione letteraria in materia tra &#8216;800 e &#8216;900. Nella sua opera si trovano continui riferimenti ai miti di una et\u00e0 aurea, di una \u201cTradizione\u201d primordiale, di Iperborea, di Atlantide e in particolare di una civilt\u00e0 nordica portatrice di una superiore spiritualit\u00e0 \u201cmaschile\u201d e \u201csolare\u201d, contrapposta a tratti \u201cfemminili\u201d e \u201clunari\u201d di rango inferiore. La spiritualit\u00e0 nordica \u00e8 per lui espressione della razza \u201caria\u201d, aristocratica e guerriera, \u00abdello spirito\u00bb, un argomento che si affianca all&#8217;esaltazione di un modello sapienziale \u201ceroico\u201d: da qui il valore sacrale degli archetipi e dell&#8217;azione, la centralit\u00e0 degli aspetti magici del reale e il fascino per i presunti poteri paranormali esperibili dai pi\u00f9 \u201celevati\u201d spiritualmente.<\/p>\n<p>Tali dati relativi a un sapere ermetico ed erudito non avevano pertinenza storico-storiografica rispetto ai criteri standard dei termini: si tratta piuttosto di veri e propri \u201cmateriali mitologici\u201d, su cui la storia della storiografia ha effettivamente e legittimamente molto da dire e da indagare, per mettere in luce i pregiudizi ideologici e gli interessi pratici degli autori che se ne occupavano, come su Evola \u00e8 stato fatto da studi storici solidi e documentati, non suscettibili di fascinazione per l&#8217;oggetto della loro ricerca. Il punto che intendiamo sottolineare \u00e8 che proprio nei lavori dell&#8217;Evola \u201cstorico delle religioni\u201d si produce \u2013 a detta dei suoi stessi apologeti \u2013 una \u201crottura di livello\u201d sul piano ermeneutico, che non pu\u00f2 essere accettata senza problemi da chi non ne condivida i presupposti metafisici. Evola deve essere cio\u00e8 considerato a partire da un \u201cneo- paganesimo\u201d teorizzato, creduto e, per cos\u00ec dire, \u201cpraticato\u201d. I suoi lavori tradiscono infatti una chiara intenzione pragmatica, cio\u00e8 una funzione indistinguibile dalla riflessione politica e dal razzismo nel segno della rivoluzione conservatrice. Sono appunto quegli studi che, violando i principi elementari dell\u2019epistemologia scientifica dell&#8217;antropologia e della storia, ne hanno fatto un punto di riferimento per il neofascismo e le destre radicali; e da questo punto di vista \u00e8 noto come la teoria evoliana dell&#8217;azione abbia influenzato i protagonisti dell&#8217;eversione \u201cnera\u201d nella storia politica italiana.<\/p>\n<p>Come tutto questo, se anche fosse possibile prescindere dal nazismo e dall&#8217;antisemitismo di Evola, sia compatibile con uno studio scientifico della religione, \u00e8 davvero per noi un mistero. Non lo \u00e8 invece il fatto che la storia delle religioni italiana attraversa da anni una profonda crisi, teorica e metodologica: zavorrata da simili ipoteche \u2013 responsabili di un tentativo di indottrinamento all\u2019apprezzamento del paranormale, del sovrannaturale e persino delle ideologie di destra estremista \u2013 la ricerca accademica in chiave localistica e antiscientifica ha raggiunto livelli di retroguardia allarmanti.<\/p>\n<p>Se torniamo al nostro scambio di lettere iniziale e lo prendiamo come segnale di un incendio, vediamo ora chiaramente che qui \u00e8 in corso un tentativo di ammantare di rispettabilit\u00e0 scientifica uno dei principali esponenti del fascismo e dell\u2019antisemitismo del secondo dopoguerra da parte di docenti delle universit\u00e0 di stato, alcuni dei quali sono anche rappresentanti di importanti associazioni di settore e tradiscono rapporti di promiscuit\u00e0 intellettuale con controverse figure dell\u2019estrema destra nostrana. Questi intellettuali, che come tutti gli accademici sono anche responsabili dell&#8217;avanzamento delle carriere e dell&#8217;accreditamento di giovani ricercatori , insegnano, fanno didattica, propagano idee: formano cervelli e persone. In quanto studiosi, crediamo che l\u2019universit\u00e0 sia costituita in primo luogo dalle comunit\u00e0 di ricerca che vi lavorano e dagli studenti che la popolano, pagano le rette e meritano di accedere a un sapere critico, intellettualmente onesto, fondato scientificamente ed epistemologicamente, ancorato ai valori costituzionali e antifascisti della Repubblica italiana.<\/p>\n<p>A fronte di tutto questo, riteniamo che l\u2019episodio che viene qui raccontato sia molto grave e tale da sollecitare il mondo accademico italiano, <i>in primis<\/i> i docenti afferenti al settore disciplinare direttamente coinvolto, a prendere posizione con sollecitudine e forza, perch\u00e9 l\u2019istituzione universitaria non risulti pi\u00f9 compromessa con iniziative para-scientifiche di analoga \u00adambiguit\u00e0.<\/p>\n<p><strong><i>Il testo, espressione del comune sentire di un gruppo di lavoro di studiosi di differenti discipline storiche, \u00e8 stato redatto con il contributo di Roberto Alciati, Leonardo Ambasciano, Luca Arcari, Sergio Botta, Francesco Cassata, Cristiana Facchini, Enrico Manera, Emiliano Rubens Urciuoli.<\/i><\/strong><\/p>\n","protected":false},"excerpt":{"rendered":"Sincronicit\u00e0. Abbiamo ricevuto questo appello poco prima delle ultime notizie che stanno mettendo in subbuglio vasti ambienti della destra romana, &#8220;post&#8221;-fascista e neofascista, istituzionale e &#8220;di sottobosco&#8221;. Arresti, perquisizioni, imputazioni per associazione mafiosa&#8230; Indagato anche l&#8217;ex-sindaco Gianni Alemanno. L&#8217;operazione della Procura di Roma, secondo i giornali, si chiama \u00abTerra di Mezzo\u00bb. Il riferimento tolkieniano ci [&hellip;]","protected":false},"author":1,"featured_media":19818,"comment_status":"closed","ping_status":"open","sticky":false,"template":"","format":"standard","meta":{"footnotes":""},"categories":[1943],"tags":[1557,189,2264,516,499,2263,230,234,2265],"class_list":["post-19816","post","type-post","status-publish","format-standard","has-post-thumbnail","hentry","category-inchieste","tag-affile","tag-antifascismo","tag-effetto-graziani","tag-enrico-manera","tag-furio-jesi","tag-gianni-alemanno","tag-jrr-tolkien","tag-julius-evola","tag-maledizione-abissina"],"yoast_head":"<!-- This site is optimized with the Yoast SEO plugin v27.4 - https:\/\/yoast.com\/product\/yoast-seo-wordpress\/ -->\n<title>Evola: fermare il virus!<\/title>\n<meta name=\"robots\" content=\"index, follow, max-snippet:-1, max-image-preview:large, max-video-preview:-1\" \/>\n<link rel=\"canonical\" href=\"https:\/\/www.wumingfoundation.com\/giap\/2014\/12\/evola-fermare-il-virus\/\" \/>\n<meta property=\"og:locale\" content=\"it_IT\" \/>\n<meta property=\"og:type\" content=\"article\" \/>\n<meta property=\"og:title\" content=\"Evola: fermare il virus!\" \/>\n<meta property=\"og:description\" content=\"Sincronicit\u00e0. Abbiamo ricevuto questo appello poco prima delle ultime notizie che stanno mettendo in subbuglio vasti ambienti della destra romana, &#8220;post&#8221;-fascista e neofascista, istituzionale e &#8220;di sottobosco&#8221;. Arresti, perquisizioni, imputazioni per associazione mafiosa&#8230; Indagato anche l&#8217;ex-sindaco Gianni Alemanno. L&#8217;operazione della Procura di Roma, secondo i giornali, si chiama \u00abTerra di Mezzo\u00bb. Il riferimento tolkieniano ci [&hellip;]\" \/>\n<meta property=\"og:url\" content=\"https:\/\/www.wumingfoundation.com\/giap\/2014\/12\/evola-fermare-il-virus\/\" \/>\n<meta property=\"og:site_name\" content=\"Giap\" \/>\n<meta property=\"article:published_time\" content=\"2014-12-02T12:28:14+00:00\" \/>\n<meta property=\"article:modified_time\" content=\"2015-11-22T12:34:31+00:00\" \/>\n<meta property=\"og:image\" content=\"https:\/\/www.wumingfoundation.com\/giap\/wp-content\/uploads\/2014\/12\/evola.png\" \/>\n\t<meta property=\"og:image:width\" content=\"600\" \/>\n\t<meta property=\"og:image:height\" content=\"600\" \/>\n\t<meta property=\"og:image:type\" content=\"image\/png\" \/>\n<meta name=\"author\" content=\"Wu Ming\" \/>\n<meta name=\"twitter:card\" content=\"summary_large_image\" \/>\n<meta name=\"twitter:creator\" content=\"@Wu_Ming_Foundt\" \/>\n<meta name=\"twitter:site\" content=\"@Wu_Ming_Foundt\" \/>\n<meta name=\"twitter:label1\" content=\"Scritto da\" \/>\n\t<meta name=\"twitter:data1\" content=\"Wu Ming\" \/>\n\t<meta name=\"twitter:label2\" content=\"Tempo di lettura stimato\" \/>\n\t<meta name=\"twitter:data2\" content=\"14 minuti\" \/>\n<script type=\"application\/ld+json\" class=\"yoast-schema-graph\">{\"@context\":\"https:\\\/\\\/schema.org\",\"@graph\":[{\"@type\":\"Article\",\"@id\":\"https:\\\/\\\/www.wumingfoundation.com\\\/giap\\\/2014\\\/12\\\/evola-fermare-il-virus\\\/#article\",\"isPartOf\":{\"@id\":\"https:\\\/\\\/www.wumingfoundation.com\\\/giap\\\/2014\\\/12\\\/evola-fermare-il-virus\\\/\"},\"author\":{\"name\":\"Wu Ming\",\"@id\":\"https:\\\/\\\/www.wumingfoundation.com\\\/giap\\\/#\\\/schema\\\/person\\\/881b1c925aaf48fe6eb5c3970be4458f\"},\"headline\":\"#Evola: fermare il virus!\",\"datePublished\":\"2014-12-02T12:28:14+00:00\",\"dateModified\":\"2015-11-22T12:34:31+00:00\",\"mainEntityOfPage\":{\"@id\":\"https:\\\/\\\/www.wumingfoundation.com\\\/giap\\\/2014\\\/12\\\/evola-fermare-il-virus\\\/\"},\"wordCount\":2932,\"image\":{\"@id\":\"https:\\\/\\\/www.wumingfoundation.com\\\/giap\\\/2014\\\/12\\\/evola-fermare-il-virus\\\/#primaryimage\"},\"thumbnailUrl\":\"https:\\\/\\\/www.wumingfoundation.com\\\/giap\\\/wp-content\\\/uploads\\\/2014\\\/12\\\/evola.png\",\"keywords\":[\"Affile\",\"antifascismo\",\"Effetto Graziani\",\"Enrico Manera\",\"Furio Jesi\",\"Gianni Alemanno\",\"JRR Tolkien\",\"Julius Evola\",\"Maledizione abissina\"],\"articleSection\":[\"Inchieste\"],\"inLanguage\":\"it-IT\"},{\"@type\":\"WebPage\",\"@id\":\"https:\\\/\\\/www.wumingfoundation.com\\\/giap\\\/2014\\\/12\\\/evola-fermare-il-virus\\\/\",\"url\":\"https:\\\/\\\/www.wumingfoundation.com\\\/giap\\\/2014\\\/12\\\/evola-fermare-il-virus\\\/\",\"name\":\"Evola: fermare il virus!\",\"isPartOf\":{\"@id\":\"https:\\\/\\\/www.wumingfoundation.com\\\/giap\\\/#website\"},\"primaryImageOfPage\":{\"@id\":\"https:\\\/\\\/www.wumingfoundation.com\\\/giap\\\/2014\\\/12\\\/evola-fermare-il-virus\\\/#primaryimage\"},\"image\":{\"@id\":\"https:\\\/\\\/www.wumingfoundation.com\\\/giap\\\/2014\\\/12\\\/evola-fermare-il-virus\\\/#primaryimage\"},\"thumbnailUrl\":\"https:\\\/\\\/www.wumingfoundation.com\\\/giap\\\/wp-content\\\/uploads\\\/2014\\\/12\\\/evola.png\",\"datePublished\":\"2014-12-02T12:28:14+00:00\",\"dateModified\":\"2015-11-22T12:34:31+00:00\",\"author\":{\"@id\":\"https:\\\/\\\/www.wumingfoundation.com\\\/giap\\\/#\\\/schema\\\/person\\\/881b1c925aaf48fe6eb5c3970be4458f\"},\"breadcrumb\":{\"@id\":\"https:\\\/\\\/www.wumingfoundation.com\\\/giap\\\/2014\\\/12\\\/evola-fermare-il-virus\\\/#breadcrumb\"},\"inLanguage\":\"it-IT\",\"potentialAction\":[{\"@type\":\"ReadAction\",\"target\":[\"https:\\\/\\\/www.wumingfoundation.com\\\/giap\\\/2014\\\/12\\\/evola-fermare-il-virus\\\/\"]}]},{\"@type\":\"ImageObject\",\"inLanguage\":\"it-IT\",\"@id\":\"https:\\\/\\\/www.wumingfoundation.com\\\/giap\\\/2014\\\/12\\\/evola-fermare-il-virus\\\/#primaryimage\",\"url\":\"https:\\\/\\\/www.wumingfoundation.com\\\/giap\\\/wp-content\\\/uploads\\\/2014\\\/12\\\/evola.png\",\"contentUrl\":\"https:\\\/\\\/www.wumingfoundation.com\\\/giap\\\/wp-content\\\/uploads\\\/2014\\\/12\\\/evola.png\",\"width\":600,\"height\":600,\"caption\":\"Julius Evola\"},{\"@type\":\"BreadcrumbList\",\"@id\":\"https:\\\/\\\/www.wumingfoundation.com\\\/giap\\\/2014\\\/12\\\/evola-fermare-il-virus\\\/#breadcrumb\",\"itemListElement\":[{\"@type\":\"ListItem\",\"position\":1,\"name\":\"Home\",\"item\":\"https:\\\/\\\/www.wumingfoundation.com\\\/giap\\\/\"},{\"@type\":\"ListItem\",\"position\":2,\"name\":\"#Evola: fermare il virus!\"}]},{\"@type\":\"WebSite\",\"@id\":\"https:\\\/\\\/www.wumingfoundation.com\\\/giap\\\/#website\",\"url\":\"https:\\\/\\\/www.wumingfoundation.com\\\/giap\\\/\",\"name\":\"Giap\",\"description\":\"Il sito ufficiale di Wu Ming, collettivo di scrittori\",\"potentialAction\":[{\"@type\":\"SearchAction\",\"target\":{\"@type\":\"EntryPoint\",\"urlTemplate\":\"https:\\\/\\\/www.wumingfoundation.com\\\/giap\\\/?s={search_term_string}\"},\"query-input\":{\"@type\":\"PropertyValueSpecification\",\"valueRequired\":true,\"valueName\":\"search_term_string\"}}],\"inLanguage\":\"it-IT\"},{\"@type\":\"Person\",\"@id\":\"https:\\\/\\\/www.wumingfoundation.com\\\/giap\\\/#\\\/schema\\\/person\\\/881b1c925aaf48fe6eb5c3970be4458f\",\"name\":\"Wu Ming\",\"image\":{\"@type\":\"ImageObject\",\"inLanguage\":\"it-IT\",\"@id\":\"https:\\\/\\\/secure.gravatar.com\\\/avatar\\\/1f49001124f0d5b3aeb1d387dbd89e7b48de4c5c15539460ec1c154566c1723c?s=96&d=blank&r=g\",\"url\":\"https:\\\/\\\/secure.gravatar.com\\\/avatar\\\/1f49001124f0d5b3aeb1d387dbd89e7b48de4c5c15539460ec1c154566c1723c?s=96&d=blank&r=g\",\"contentUrl\":\"https:\\\/\\\/secure.gravatar.com\\\/avatar\\\/1f49001124f0d5b3aeb1d387dbd89e7b48de4c5c15539460ec1c154566c1723c?s=96&d=blank&r=g\",\"caption\":\"Wu Ming\"}}]}<\/script>\n<!-- \/ Yoast SEO plugin. -->","yoast_head_json":{"title":"Evola: fermare il virus!","robots":{"index":"index","follow":"follow","max-snippet":"max-snippet:-1","max-image-preview":"max-image-preview:large","max-video-preview":"max-video-preview:-1"},"canonical":"https:\/\/www.wumingfoundation.com\/giap\/2014\/12\/evola-fermare-il-virus\/","og_locale":"it_IT","og_type":"article","og_title":"Evola: fermare il virus!","og_description":"Sincronicit\u00e0. Abbiamo ricevuto questo appello poco prima delle ultime notizie che stanno mettendo in subbuglio vasti ambienti della destra romana, &#8220;post&#8221;-fascista e neofascista, istituzionale e &#8220;di sottobosco&#8221;. Arresti, perquisizioni, imputazioni per associazione mafiosa&#8230; Indagato anche l&#8217;ex-sindaco Gianni Alemanno. L&#8217;operazione della Procura di Roma, secondo i giornali, si chiama \u00abTerra di Mezzo\u00bb. Il riferimento tolkieniano ci [&hellip;]","og_url":"https:\/\/www.wumingfoundation.com\/giap\/2014\/12\/evola-fermare-il-virus\/","og_site_name":"Giap","article_published_time":"2014-12-02T12:28:14+00:00","article_modified_time":"2015-11-22T12:34:31+00:00","og_image":[{"width":600,"height":600,"url":"https:\/\/www.wumingfoundation.com\/giap\/wp-content\/uploads\/2014\/12\/evola.png","type":"image\/png"}],"author":"Wu Ming","twitter_card":"summary_large_image","twitter_creator":"@Wu_Ming_Foundt","twitter_site":"@Wu_Ming_Foundt","twitter_misc":{"Scritto da":"Wu Ming","Tempo di lettura stimato":"14 minuti"},"schema":{"@context":"https:\/\/schema.org","@graph":[{"@type":"Article","@id":"https:\/\/www.wumingfoundation.com\/giap\/2014\/12\/evola-fermare-il-virus\/#article","isPartOf":{"@id":"https:\/\/www.wumingfoundation.com\/giap\/2014\/12\/evola-fermare-il-virus\/"},"author":{"name":"Wu Ming","@id":"https:\/\/www.wumingfoundation.com\/giap\/#\/schema\/person\/881b1c925aaf48fe6eb5c3970be4458f"},"headline":"#Evola: fermare il virus!","datePublished":"2014-12-02T12:28:14+00:00","dateModified":"2015-11-22T12:34:31+00:00","mainEntityOfPage":{"@id":"https:\/\/www.wumingfoundation.com\/giap\/2014\/12\/evola-fermare-il-virus\/"},"wordCount":2932,"image":{"@id":"https:\/\/www.wumingfoundation.com\/giap\/2014\/12\/evola-fermare-il-virus\/#primaryimage"},"thumbnailUrl":"https:\/\/www.wumingfoundation.com\/giap\/wp-content\/uploads\/2014\/12\/evola.png","keywords":["Affile","antifascismo","Effetto Graziani","Enrico Manera","Furio Jesi","Gianni Alemanno","JRR Tolkien","Julius Evola","Maledizione abissina"],"articleSection":["Inchieste"],"inLanguage":"it-IT"},{"@type":"WebPage","@id":"https:\/\/www.wumingfoundation.com\/giap\/2014\/12\/evola-fermare-il-virus\/","url":"https:\/\/www.wumingfoundation.com\/giap\/2014\/12\/evola-fermare-il-virus\/","name":"Evola: fermare il virus!","isPartOf":{"@id":"https:\/\/www.wumingfoundation.com\/giap\/#website"},"primaryImageOfPage":{"@id":"https:\/\/www.wumingfoundation.com\/giap\/2014\/12\/evola-fermare-il-virus\/#primaryimage"},"image":{"@id":"https:\/\/www.wumingfoundation.com\/giap\/2014\/12\/evola-fermare-il-virus\/#primaryimage"},"thumbnailUrl":"https:\/\/www.wumingfoundation.com\/giap\/wp-content\/uploads\/2014\/12\/evola.png","datePublished":"2014-12-02T12:28:14+00:00","dateModified":"2015-11-22T12:34:31+00:00","author":{"@id":"https:\/\/www.wumingfoundation.com\/giap\/#\/schema\/person\/881b1c925aaf48fe6eb5c3970be4458f"},"breadcrumb":{"@id":"https:\/\/www.wumingfoundation.com\/giap\/2014\/12\/evola-fermare-il-virus\/#breadcrumb"},"inLanguage":"it-IT","potentialAction":[{"@type":"ReadAction","target":["https:\/\/www.wumingfoundation.com\/giap\/2014\/12\/evola-fermare-il-virus\/"]}]},{"@type":"ImageObject","inLanguage":"it-IT","@id":"https:\/\/www.wumingfoundation.com\/giap\/2014\/12\/evola-fermare-il-virus\/#primaryimage","url":"https:\/\/www.wumingfoundation.com\/giap\/wp-content\/uploads\/2014\/12\/evola.png","contentUrl":"https:\/\/www.wumingfoundation.com\/giap\/wp-content\/uploads\/2014\/12\/evola.png","width":600,"height":600,"caption":"Julius Evola"},{"@type":"BreadcrumbList","@id":"https:\/\/www.wumingfoundation.com\/giap\/2014\/12\/evola-fermare-il-virus\/#breadcrumb","itemListElement":[{"@type":"ListItem","position":1,"name":"Home","item":"https:\/\/www.wumingfoundation.com\/giap\/"},{"@type":"ListItem","position":2,"name":"#Evola: fermare il virus!"}]},{"@type":"WebSite","@id":"https:\/\/www.wumingfoundation.com\/giap\/#website","url":"https:\/\/www.wumingfoundation.com\/giap\/","name":"Giap","description":"Il sito ufficiale di Wu Ming, collettivo di scrittori","potentialAction":[{"@type":"SearchAction","target":{"@type":"EntryPoint","urlTemplate":"https:\/\/www.wumingfoundation.com\/giap\/?s={search_term_string}"},"query-input":{"@type":"PropertyValueSpecification","valueRequired":true,"valueName":"search_term_string"}}],"inLanguage":"it-IT"},{"@type":"Person","@id":"https:\/\/www.wumingfoundation.com\/giap\/#\/schema\/person\/881b1c925aaf48fe6eb5c3970be4458f","name":"Wu Ming","image":{"@type":"ImageObject","inLanguage":"it-IT","@id":"https:\/\/secure.gravatar.com\/avatar\/1f49001124f0d5b3aeb1d387dbd89e7b48de4c5c15539460ec1c154566c1723c?s=96&d=blank&r=g","url":"https:\/\/secure.gravatar.com\/avatar\/1f49001124f0d5b3aeb1d387dbd89e7b48de4c5c15539460ec1c154566c1723c?s=96&d=blank&r=g","contentUrl":"https:\/\/secure.gravatar.com\/avatar\/1f49001124f0d5b3aeb1d387dbd89e7b48de4c5c15539460ec1c154566c1723c?s=96&d=blank&r=g","caption":"Wu Ming"}}]}},"_links":{"self":[{"href":"https:\/\/www.wumingfoundation.com\/giap\/wp-json\/wp\/v2\/posts\/19816","targetHints":{"allow":["GET"]}}],"collection":[{"href":"https:\/\/www.wumingfoundation.com\/giap\/wp-json\/wp\/v2\/posts"}],"about":[{"href":"https:\/\/www.wumingfoundation.com\/giap\/wp-json\/wp\/v2\/types\/post"}],"author":[{"embeddable":true,"href":"https:\/\/www.wumingfoundation.com\/giap\/wp-json\/wp\/v2\/users\/1"}],"replies":[{"embeddable":true,"href":"https:\/\/www.wumingfoundation.com\/giap\/wp-json\/wp\/v2\/comments?post=19816"}],"version-history":[{"count":0,"href":"https:\/\/www.wumingfoundation.com\/giap\/wp-json\/wp\/v2\/posts\/19816\/revisions"}],"wp:featuredmedia":[{"embeddable":true,"href":"https:\/\/www.wumingfoundation.com\/giap\/wp-json\/wp\/v2\/media\/19818"}],"wp:attachment":[{"href":"https:\/\/www.wumingfoundation.com\/giap\/wp-json\/wp\/v2\/media?parent=19816"}],"wp:term":[{"taxonomy":"category","embeddable":true,"href":"https:\/\/www.wumingfoundation.com\/giap\/wp-json\/wp\/v2\/categories?post=19816"},{"taxonomy":"post_tag","embeddable":true,"href":"https:\/\/www.wumingfoundation.com\/giap\/wp-json\/wp\/v2\/tags?post=19816"}],"curies":[{"name":"wp","href":"https:\/\/api.w.org\/{rel}","templated":true}]}}