{"id":16742,"date":"2014-03-24T19:59:25","date_gmt":"2014-03-24T18:59:25","guid":{"rendered":"http:\/\/www.wumingfoundation.com\/giap\/?p=16742"},"modified":"2014-03-25T09:53:40","modified_gmt":"2014-03-25T08:53:40","slug":"larmatadeisonnambuli-e-il-revolutiontour-occhio-che-il-mondo-si-arbalta","status":"publish","type":"post","link":"https:\/\/www.wumingfoundation.com\/giap\/2014\/03\/larmatadeisonnambuli-e-il-revolutiontour-occhio-che-il-mondo-si-arbalta\/","title":{"rendered":"L&#8217;#ArmatadeiSonnambuli e il #R\u00e9volutiontouR. Ascolta, il mondo si arbalta!"},"content":{"rendered":"<div id=\"attachment_16747\" style=\"width: 507px\" class=\"wp-caption aligncenter\"><a href=\"http:\/\/www.wumingfoundation.com\/locandina_Armata_dei_Sonnambuli.pdf\"><img loading=\"lazy\" decoding=\"async\" aria-describedby=\"caption-attachment-16747\" class=\" wp-image-16747     \" style=\"border: 1px solid black;\" alt=\"Quest'immagine (cos\u00ec com'\u00e8 o rielaborata) pu\u00f2 essere usata come locandina per le presentazioni de L'Armata dei Sonnambuli. Clicca per scaricare il pdf in alta definizione. Il \u00abR\u00e9volution touR\u00bb partir\u00e0 il 16 aprile. L'8 aprile, giorno d'uscita del romanzo, pubblicheremo il calendario delle date primaverili ed estive. \" src=\"http:\/\/www.wumingfoundation.com\/images\/locandina_Armata_dei_Sonnambuli.jpg\" width=\"497\" height=\"679\" \/><\/a><p id=\"caption-attachment-16747\" class=\"wp-caption-text\">Possibile locandina per le presentazioni de <em>L&#8217;Armata dei Sonnambuli.<\/em>\u00a0Basta aggiungere i dettagli dell&#8217;evento, dove e come si preferisce. In alternativa, si pu\u00f2 usare come traccia, modificandola a seconda delle esigenze. Clicca sull&#8217;immagine e\u00a0<strong>scarica il pdf in alta definizione<\/strong>. Il \u00abR\u00e9volution touR\u00bb partir\u00e0 il 16 aprile, includer\u00e0 anche i concerti del Wu Ming Contingent e durer\u00e0 un anno. Saranno pi\u00f9 di cento incontri, gireremo il nord, il centro, il sud e le isole, ogni tanto spingendoci oltreconfine. L&#8217;8 aprile, giorno d&#8217;uscita del romanzo, pubblicheremo il calendario delle date primaverili ed estive.<\/p><\/div>\n<p style=\"text-align: justify;\">Il 9 giugno 2013,\u00a0al festival \u00abAnteprime\u00bb di Pietrasanta (Lucca), Wu Ming 2 e Wu Ming 4 &#8211; pungolati da Paolo Repetti di Einaudi Stile Libero &#8211; raccontarono il lavoro su <em>L&#8217;Armata dei Sonnambuli<\/em> e anticiparono alcuni temi del romanzo.<!--more--><\/p>\n<p>La meta era ancora lontana: soltanto dopo otto lunghi mesi avremmo dichiarato concluso il lavoro di stesura, revisione e rifinitura del testo. E meno male che Valentina [Pattavina] c&#8217;\u00e8!<\/p>\n<p>Questa \u00e8 la testimonianza audio dell&#8217;evento. Dura 53 minuti. Puoi ascoltare in streaming o scaricare il file, cliccando sulla freccia che punta a sud.<\/p>\n<h4><a title=\"L'Armata dei Sonnambuli - Anteprime 2013\" href=\"http:\/\/www.wumingfoundation.com\/suoni\/ArmatadeiSonnambuli_anteprime2013.mp3\">Wu Ming 2 e Wu Ming 4 antepresentano\u00a0<em>L&#8217;Armata dei Sonnambuli<\/em>\u00a0ad Anteprime 2013<\/a><\/h4>\n<p><strong>WM2 e WM4 antepresentano\u00a0<em>L&#8217;Armata dei Sonnambuli<\/em>\u00a0ad Anteprime 2013<\/strong><\/p>\n<p>Ricordiamo che <em>L&#8217;Armata dei Sonnambuli<\/em> arriver\u00e0 in libreria l&#8217;8 aprile (19 Germinale dell&#8217;anno CCXXII).<\/p>\n<div id=\"attachment_16787\" style=\"width: 510px\" class=\"wp-caption aligncenter\"><img loading=\"lazy\" decoding=\"async\" aria-describedby=\"caption-attachment-16787\" class=\"size-full wp-image-16787\" alt=\"L'Ammazzaincredibili a Palazzo Egualit\u00e0\" src=\"http:\/\/www.wumingfoundation.com\/giap\/wp-content\/uploads\/2014\/03\/palazzoegualita.jpg\" width=\"500\" height=\"388\" \/><p id=\"caption-attachment-16787\" class=\"wp-caption-text\">L&#8217;Ammazzaincredibili a Palazzo Egualit\u00e0.<\/p><\/div>\n<p>Una dritta: se prenotate gi\u00e0 la vostra copia in libreria (meglio se indipendente), ci aiutate a partire col piede giusto.<br \/>\n<span style=\"color: #ffffff;\">E non sar\u00e0 comunque una passeggiata.<\/span><br \/>\nChi sta in un territorio senza librerie &#8211; condizione che purtroppo vivono in molti &#8211; pu\u00f2 ordinare il libro\u00a0<em><\/em><a href=\"http:\/\/www.ibs.it\/code\/9788806214135\/wu-ming\/armata-dei-sonnambuli.html?gclid=COXDp-iwq70CFQ_HtAodeF8ASw\"><strong>qui<\/strong><\/a> oppure <strong><a href=\"http:\/\/www.libreriauniversitaria.it\/armata-sonnambuli-ming-einaudi\/libro\/9788806214135?a=300131\">qui<\/a><\/strong>.<\/p>\n<p>Un consiglio: durante l&#8217;attesa, prendete un mazzo di carte da poker, tirate fuori le dieci carte di picche (\u2660) e cliccate l&#8217;immagine qui sotto. Chi perder\u00e0 la testa? Occhio&#8230;<\/p>\n<div id=\"attachment_16752\" style=\"width: 510px\" class=\"wp-caption aligncenter\"><a href=\"http:\/\/www.marianotomatis.it\/index.php?page=armata_dei_sonnambuli\"><img loading=\"lazy\" decoding=\"async\" aria-describedby=\"caption-attachment-16752\" class=\"size-full wp-image-16752\" alt=\"Il mondo si arbalta.\" src=\"http:\/\/www.wumingfoundation.com\/giap\/wp-content\/uploads\/2014\/03\/sfondo_ads.jpg\" width=\"500\" height=\"443\" \/><\/a><p id=\"caption-attachment-16752\" class=\"wp-caption-text\">&#8230;ch\u00e9 il mondo si arbalta.<\/p><\/div>\n","protected":false},"excerpt":{"rendered":"Il 9 giugno 2013,\u00a0al festival \u00abAnteprime\u00bb di Pietrasanta (Lucca), Wu Ming 2 e Wu Ming 4 &#8211; pungolati da Paolo Repetti di Einaudi Stile Libero &#8211; raccontarono il lavoro su L&#8217;Armata dei Sonnambuli e anticiparono alcuni temi del romanzo.","protected":false},"author":1,"featured_media":16747,"comment_status":"closed","ping_status":"open","sticky":false,"template":"","format":"standard","meta":{"footnotes":""},"categories":[6],"tags":[2524,2074,845],"class_list":["post-16742","post","type-post","status-publish","format-standard","has-post-thumbnail","hentry","category-news-e-segnalazioni","tag-larmata-dei-sonnambuli","tag-revolution-tour","tag-rivoluzione"],"_links":{"self":[{"href":"https:\/\/www.wumingfoundation.com\/giap\/wp-json\/wp\/v2\/posts\/16742","targetHints":{"allow":["GET"]}}],"collection":[{"href":"https:\/\/www.wumingfoundation.com\/giap\/wp-json\/wp\/v2\/posts"}],"about":[{"href":"https:\/\/www.wumingfoundation.com\/giap\/wp-json\/wp\/v2\/types\/post"}],"author":[{"embeddable":true,"href":"https:\/\/www.wumingfoundation.com\/giap\/wp-json\/wp\/v2\/users\/1"}],"replies":[{"embeddable":true,"href":"https:\/\/www.wumingfoundation.com\/giap\/wp-json\/wp\/v2\/comments?post=16742"}],"version-history":[{"count":0,"href":"https:\/\/www.wumingfoundation.com\/giap\/wp-json\/wp\/v2\/posts\/16742\/revisions"}],"wp:featuredmedia":[{"embeddable":true,"href":"https:\/\/www.wumingfoundation.com\/giap\/wp-json\/wp\/v2\/media\/16747"}],"wp:attachment":[{"href":"https:\/\/www.wumingfoundation.com\/giap\/wp-json\/wp\/v2\/media?parent=16742"}],"wp:term":[{"taxonomy":"category","embeddable":true,"href":"https:\/\/www.wumingfoundation.com\/giap\/wp-json\/wp\/v2\/categories?post=16742"},{"taxonomy":"post_tag","embeddable":true,"href":"https:\/\/www.wumingfoundation.com\/giap\/wp-json\/wp\/v2\/tags?post=16742"}],"curies":[{"name":"wp","href":"https:\/\/api.w.org\/{rel}","templated":true}]}}