{"id":16376,"date":"2014-04-08T00:00:32","date_gmt":"2014-04-07T22:00:32","guid":{"rendered":"http:\/\/www.wumingfoundation.com\/giap\/?p=16376"},"modified":"2014-07-14T20:15:25","modified_gmt":"2014-07-14T18:15:25","slug":"revolution-tour-date-aprile-luglio-2014-larmatadeisonnambuli-bioscop","status":"publish","type":"post","link":"https:\/\/www.wumingfoundation.com\/giap\/2014\/04\/revolution-tour-date-aprile-luglio-2014-larmatadeisonnambuli-bioscop\/","title":{"rendered":"R\u00e9volution touR! Date Aprile &#8211; Luglio 2014 L&#8217;#ArmatadeiSonnambuli #Bioscop"},"content":{"rendered":"<div id=\"attachment_16934\" style=\"width: 510px\" class=\"wp-caption aligncenter\"><a href=\"http:\/\/www.chialab.it\/annaffiatoio\/l-armata-dei-sonnambuli\"><img loading=\"lazy\" decoding=\"async\" aria-describedby=\"caption-attachment-16934\" class=\"size-full wp-image-16934 \" alt=\"Una delle copertine alternative realizzate da Andrea Alberti.\" src=\"http:\/\/www.wumingfoundation.com\/giap\/wp-content\/uploads\/2014\/04\/all_cover_darkmask_600x_d148470a5037e78025b60ede9c947ebd.jpg\" width=\"500\" height=\"735\" \/><\/a><p id=\"caption-attachment-16934\" class=\"wp-caption-text\">Una delle copertine alternative realizzate da Andrea Alberti. Clicca per vederne un&#8217;altra coi colori della bandiera francese.<\/p><\/div>\n<blockquote>\n<p style=\"text-align: justify;\">\u00abFigurala come riesci: tutta una piazza, piena sgionfa fino\u00a0a schioppare, che sgola <em>La Marsigliese<\/em>! C\u2019\u00e8 chi piange e chi \u00e8\u00a0preso dalla ridarola, e infino i muti cantano, cio\u00e8 muovono la\u00a0bocca senza che si sente un cazzo, e anche i ciechi zullano in\u00a0aria i cappelli, e sbrisga che dopo li ritrovano, roba da andarsene\u00a0a crapa ignuda, ma chissene, questo \u00e8 il giorno. Il giorno\u00a0di noialtri.\u00bb<\/p>\n<\/blockquote>\n<p>Proprio cos\u00ec. Il 19 germinale dell&#8217;anno CCXXII. Oggi. L&#8217;attesa \u00e8 stata lunga, ma chissene, oggi esce il romanzo.<\/p>\n<blockquote><p>\u00abE dopo?\u00bb<\/p><\/blockquote>\n<p><!--more--><\/p>\n<p style=\"text-align: justify;\">Dopo, e precisamente tra una settimana, parte il <strong>R\u00e9volution touR<\/strong>, che include sia le presentazioni del libro sia i concerti del Wu Ming Contingent: il 18 aprile esce per Woodworm Label il nostro album\u00a0<em>Bioscop<\/em>,\u00a0<strong><a href=\"http:\/\/www.rockit.it\/wumingcontingent\/album\/bioscop\/25353\">anteprima in streaming qui<\/a><\/strong>\u00a0(solo per una settimana!); \u00abVi piace la paura? Io pReferisco il TeRRoRe \/ peRch\u00e9 l&#8217;uguaglianza teRRoRizza l&#8217;oppRRessoRe.\u00bb (<em>CuRa RobespieRRe<\/em>).<\/p>\n<p style=\"text-align: justify;\">Ecco le date fino a luglio. Al momento, sono <span style=\"text-decoration: line-through;\">cinquantacinque<\/span> cinquantuno iniziative. Il tour durer\u00e0 un anno e superer\u00e0 (di gran lunga) le cento date. La prossima tranche, agosto &#8211; ottobre, la pubblicheremo dopo il solstizio d&#8217;estate. Ricordiamo che <strong><a href=\"http:\/\/www.wumingfoundation.com\/locandina_Armata_dei_Sonnambuli.pdf\">qui<\/a><\/strong> c&#8217;\u00e8 un&#8217;immagine ad alta definizione utilizzabile come base per locandine, poster, volantini ecc.<\/p>\n<p style=\"text-align: justify;\">&#8211; Ma non venite a sud!<br \/>\n&#8211; Tranquill*, veniamo eccome. Faremo almeno una ventina di presentazioni sotto la Linea Gustav,\u00a0da agosto in avanti.\u00a0Tacco, punta e isole.<\/p>\n<p style=\"text-align: justify;\">E per chi non ha pazienza, ma anche per chi ce l&#8217;ha: in calce a questo post potete ascoltare due ante-presentazioni de <em>L&#8217;Armata dei Sonnambuli<\/em>, entrambe fatte da Wu Ming 2, una a Parigi (all&#8217;Ecole Normale Superieure, m&#8217;y qu&#8217;a catses!) e una a Roma.<br \/>\nIn chiusura, proprio in fondo, alcune <span style=\"text-decoration: underline;\">indicazioni per contattarci<\/span> e una FAQ.<\/p>\n<h3 align=\"CENTER\"><b>APRILE<\/b><\/h3>\n<div id=\"attachment_16929\" style=\"width: 510px\" class=\"wp-caption aligncenter\"><img loading=\"lazy\" decoding=\"async\" aria-describedby=\"caption-attachment-16929\" class=\"size-full wp-image-16929 \" alt=\"SaLE Docks, Zattere, Venezia - prima tappa del R\u00e9volution touR\" src=\"http:\/\/www.wumingfoundation.com\/giap\/wp-content\/uploads\/2014\/04\/SaLE_Docks_Venezia.jpg\" width=\"500\" height=\"375\" \/><p id=\"caption-attachment-16929\" class=\"wp-caption-text\">Sa.L.E. Docks, Zattere, Venezia.<\/p><\/div>\n<p>Mercoled\u00ec 16 aprile<br \/>\n<strong>VENEZIA<\/strong><br \/>\nh. 20.30, <a href=\"http:\/\/www.saledocks.org\/\">Sa.L.E. docks<\/a><br \/>\nMagazzini del Sale<br \/>\nDorsoduro, Zattere 265<br \/>\n\u00ab<em>Nous l&#8217;aimons beaucoup, la R\u00e9volution!<\/em>\u00bb<br \/>\npresentazione de <em>L&#8217;Armata dei Sonnambuli<\/em><br \/>\nLetture e conversazione con Wu Ming 1.<br \/>\n<a href=\"http:\/\/www.openstreetmap.org\/?mlat=45.4307&amp;mlon=12.3337#map=15\/45.4308\/12.3337\">Consulta la mappa<\/a>.<\/p>\n<p>\u2042<\/p>\n<p>Mercoled\u00ec 16 aprile<br \/>\n<b>PISA<\/b> &#8211; <span style=\"color: #ff0000;\">doppio appuntamento<\/span><br \/>\nh. 16:30, Aula Magna di Palazzo Matteucci<br \/>\nDipartimento di Filologia Letteratura Linguistica<br \/>\nPiazza Torricelli 2<br \/>\nConvegno \u00abL&#8217;appropriazione politica di una tradizione\u00bb<br \/>\ncon<br \/>\n<strong>Alberto Mario Banti<\/strong><br \/>\ndocente di Storia Contemporanea dell&#8217;Universit\u00e0 di Pisa<br \/>\n<strong>Marco Battaglia<\/strong><br \/>\ndocente di Filologia Germanica dell&#8217;Universit\u00e0 di Pisa<br \/>\n<strong>Luca Crescenzi<\/strong><br \/>\ndocente di Letteratura tedesca dell&#8217;Universit\u00e0 di Pisa<br \/>\n<strong>Wu Ming 4<br \/>\n<\/strong><a href=\"http:\/\/www.wumingfoundation.com\/giap\/?tribe_events=pisa-wu-ming-4-al-convegno-lappropriazione-politica-di-una-tradizione\">Apri la locandina<\/a> &#8211; <a href=\"https:\/\/maps.google.it\/maps?q=Piazza+Torricelli+2+Pisa&amp;hl=it&amp;sll=45.430797,12.333891&amp;sspn=0.009442,0.022724&amp;hnear=Piazza+Evangelista+Torricelli,+2,+Pisa,+Toscana&amp;t=m&amp;z=16\">Consulta la mappa<\/a>.<br \/>\n\u00a7<br \/>\nh. 21 Circolo Arci \u00abPace e Lavoro\u00bb<br \/>\nVia Nino Pisano 10\/12, Porta a Mare (Pisa)<br \/>\nPresentazione de <em>L&#8217;Armata dei Sonnambuli<\/em> &#8211; con <strong>Wu Ming 4<\/strong><br \/>\nIn collaborazione con la libreria \u00abTra le righe\u00bb<br \/>\nDiretta streaming su <strong><a href=\"http:\/\/www.radioroarr.org\/\">Radio Roarr<\/a><\/strong>.<br \/>\ninfo: arciportamare@gmail.com, 3293170387.<br \/>\n<a href=\"http:\/\/www.wumingfoundation.com\/giap\/?tribe_events=porta-a-mare-pisa-wu-ming-4-presenta-larmatadeisonnambuli\">Apri la locandina<\/a> &#8211; <a href=\"http:\/\/www.openstreetmap.org\/#map=18\/43.70953\/10.38446\">Consulta la mappa<\/a><\/p>\n<p>\u2042<\/p>\n<p>Mercoled\u00ec 16 aprile<br \/>\n<strong>VIGNOLA (MO)<\/strong><br \/>\nh. 21 <a href=\"http:\/\/www.facebook.com\/circolo.ribalta\">Circolo Ribalta<\/a> (Ex lavatoio)<br \/>\nvia Zenzano<br \/>\nWu Ming Contingent dal vivo in<br \/>\n<em>ResiSTANZE<\/em> &#8211; reading resistente<br \/>\ncon brani in anteprima dall&#8217;album <em>Bioscop<\/em><br \/>\ne copie de <em>L&#8217;Armata dei Sonnambuli<\/em><br \/>\nIn collaborazione con l&#8217;ANPI e la libreria \u00abCastello di carta\u00bb<br \/>\nIngresso: \u20ac5 &#8211; Info: 3475902480<br \/>\n<a href=\"http:\/\/www.wumingfoundation.com\/giap\/?tribe_events=vignola-modena-wumingcontingent-dal-vivo-a-ribalta-resistente\">Apri la locandina<\/a> &#8211; <a href=\"http:\/\/www.openstreetmap.org\/#map=19\/44.47612\/11.01081\">Consulta la mappa<\/a>.<\/p>\n<div id=\"attachment_16950\" style=\"width: 460px\" class=\"wp-caption aligncenter\"><a href=\"http:\/\/www.marianotomatis.it\/blog.php?post=blog\/20140330\"><img loading=\"lazy\" decoding=\"async\" aria-describedby=\"caption-attachment-16950\" class=\"size-full wp-image-16950\" alt=\"La lettera R. \" src=\"http:\/\/www.wumingfoundation.com\/giap\/wp-content\/uploads\/2014\/04\/laletteraR.jpg\" width=\"450\" height=\"528\" \/><\/a><p id=\"caption-attachment-16950\" class=\"wp-caption-text\">La lettera R. Poster realizzato da Mariano Tomatis. Clicca per conoscere il resto della storia.<\/p><\/div>\n<p>Gioved\u00ec 17 aprile<br \/>\n<b>RAVENNA<\/b><br \/>\nh.17:30, Biblioteca classense (Sala Muratori)<br \/>\nvia Baccarini 3<br \/>\nPresentiamo <i>L&#8217;Armata dei Sonnambuli<\/i><br \/>\nnell&#8217;ambito della rassegna \u00abClassense scrittori lettori\u00bb.<br \/>\nDialogo con <strong>Emiliano Visconti<\/strong><br \/>\ne apparizione di <strong>Mariano Tomatis<\/strong>.<br \/>\nInfo:\u00a0<a href=\"https:\/\/it-it.facebook.com\/rapsodiaweb\">Rapsodia &#8211; Emiliano Visconti<\/a><br \/>\ninfo@einaudiromagna.it<br \/>\n<a href=\"https:\/\/maps.google.it\/maps?q=Biblioteca+classense+Ravenna&amp;hl=it&amp;sll=43.717907,10.398189&amp;sspn=0.009724,0.022724&amp;t=m&amp;z=16\">Consulta la mappa<\/a><\/p>\n<p>\u2042<\/p>\n<p>Gioved\u00ec 24 aprile<br \/>\n<b>MILANO<\/b> &#8211; <span style=\"color: #ff0000;\">doppio appuntamento<\/span><br \/>\nh. 14:30, Atrio aula magna dell&#8217;Universit\u00e0 Statale di Milano<br \/>\nvia Festa del perdono 3<br \/>\nPresentiamo <em>L&#8217;Armata dei Sonnambuli<\/em><br \/>\n<a href=\"http:\/\/www.wumingfoundation.com\/giap\/?tribe_events=milano-presentazione-de-larmatadeisonnambuli-alla-statale\">Apri la locandina<\/a> &#8211;\u00a0<a href=\"https:\/\/maps.google.it\/maps?q=Universit%C3%A0+degli+Studi+di+Milano+via+festa+del+perdono+3+Milano&amp;hl=it&amp;ie=UTF8&amp;sll=45.460139,9.194619&amp;sspn=0.009542,0.02238&amp;gl=it&amp;hq=Universit%C3%A0+degli+Studi+di+Milano+via+festa+del+perdono+3+Milano&amp;t=m&amp;z=16\">Consulta la mappa<\/a>.<br \/>\n\u00a7<br \/>\nh.22:30,\u00a0<a href=\"http:\/\/zam-milano.org\/\">ZAM 3.0<\/a><br \/>\nLargo Don Gallo 1 &#8211; ex via Santacroce 19<br \/>\nWu Ming Contingent dal vivo.<br \/>\n<a href=\"https:\/\/maps.google.it\/maps?q=Via+Santa+Croce,+19,+Milano,+MI&amp;hl=it&amp;ll=45.453598,9.181545&amp;spn=0.009543,0.02238&amp;sll=45.460139,9.194619&amp;sspn=0.009542,0.02238&amp;oq=via+santa+croce+19+&amp;gl=it&amp;hnear=Via+Santa+Croce,+19,+Milano,+Lombardia&amp;t=m&amp;z=16\">Consulta la mappa<\/a>.<\/p>\n<h3 align=\"CENTER\"><b>MAGGIO<\/b><\/h3>\n<p>Luned\u00ec 5 maggio<br \/>\n<b>GENOVA<\/b><br \/>\nh.21, <a href=\"https:\/\/it-it.facebook.com\/pages\/Centro-Sociale-Zapata\/138153859541645\">Centro sociale occupato autogestito \u00abZapata\u00bb<\/a><br \/>\nVia San Pier d&#8217;Arena 36<br \/>\nPresentiamo <em>L&#8217;armata dei Sonnambuli<br \/>\n<\/em><a href=\"https:\/\/maps.google.it\/maps?q=Via+San+Pier+d%27Arena,+36,+Genova,+GE&amp;hl=it&amp;sll=44.414498,12.199899&amp;sspn=0.00961,0.022724&amp;oq=via+San+pier+darena+36+Genova&amp;hnear=Via+San+Pier+d%27Arena,+36,+Genova,+Liguria&amp;t=m&amp;z=16\">Consulta la mappa<\/a>.<\/p>\n<div id=\"attachment_16976\" style=\"width: 510px\" class=\"wp-caption aligncenter\"><img loading=\"lazy\" decoding=\"async\" aria-describedby=\"caption-attachment-16976\" class=\"size-full wp-image-16976 \" title=\"http:\/\/www.piazzagrande.it\/blog\/2014\/04\/03\/piazza-grande-di-aprile-e-in-strada\/\" alt=\"VIVE LA TRANCE a Pontenuovo\" src=\"http:\/\/www.wumingfoundation.com\/giap\/wp-content\/uploads\/2014\/04\/vivelatrance.png\" width=\"500\" height=\"690\" \/><p id=\"caption-attachment-16976\" class=\"wp-caption-text\">VIVE LA TRANCE a Pontenuovo. Immagine di Andrea Alberti, tratta da <em>Piazza Grande<\/em>, giornale di strada di Bologna e Reggio Emilia, n.4, anno XXI, aprile 2014.<\/p><\/div>\n<p>Marted\u00ec 6 maggio<br \/>\n<b>TORINO <\/b>&#8211; <span style=\"color: #ff0000;\">doppio appuntamento<\/span><br \/>\nh. 18 <a href=\"http:\/\/www.amicidellamagia.it\/\">Circolo \u00abAmici della Magia\u00bb<br \/>\n<\/a>via Santa Chiara 23<br \/>\n<a href=\"http:\/\/www.marianotomatis.it\/blog.php?post=blog\/20140411\">LABORATORIO DI MAGNETISMO RIVOLUZIONARIO<\/a><br \/>\na cura di\u00a0<strong>Mariano Tomatis<\/strong><br \/>\nEvento a numero chiuso, max 80 partecipanti.<br \/>\n<strong><span style=\"color: #ff0000;\">ATTENZIONE, RAGGIUNTA LA QUOTA MASSIMA!<\/span><\/strong><br \/>\n<span style=\"text-decoration: line-through;\">Per le prenotazioni rivolgersi a <a href=\"http:\/\/www.marianotomatis.it\/\"><strong>Mariano Tomatis<\/strong><\/a><br \/>\n(via email o via Twitter)<\/span><br \/>\n<a href=\"http:\/\/www.wumingfoundation.com\/giap\/wp-content\/uploads\/2014\/04\/locandina_la_magnetismo.jpg\">Apri la locandina<\/a> &#8211;\u00a0<a href=\"https:\/\/maps.google.it\/maps?q=Circolo+Amici+Della+Magia,+Via+Santa+Chiara,+Torino,+TO&amp;hl=it&amp;sll=44.40873,8.894931&amp;sspn=0.009611,0.022724&amp;oq=circolo+Amici+della+magia+&amp;t=m&amp;z=16\">Consulta la mappa<\/a>.<br \/>\n\u00a7<br \/>\nh. 21 spazio estivo del\u00a0<a href=\"http:\/\/www.circololettori.it\/\">Circolo dei Lettori<br \/>\n<\/a>Borgo Medievale, Parco del Valentino<br \/>\nViale Virgilio 107<br \/>\nPresentiamo <em>L&#8217;Armata dei Sonnambuli<br \/>\n<\/em>insieme a <strong>Mariano Tomatis<\/strong> e agli storici <strong>Enrico Manera <\/strong>e<strong> Giaime Alonge<\/strong>.<strong><br \/>\n<\/strong><a href=\"https:\/\/maps.google.it\/maps?q=Borgo+Medioevale&amp;ll=45.050695,7.685623&amp;spn=0.008732,0.013797&amp;fb=1&amp;gl=it&amp;cid=3642612514565644348&amp;t=m&amp;z=16&amp;iwloc=A\">Consulta la mappa<\/a>.<\/p>\n<p>\u2042<\/p>\n<p>Venerd\u00ec 9 maggio<br \/>\n<b>BOLOGNA <\/b>&#8211; <span style=\"color: #ff0000;\">doppio appuntamento<\/span><br \/>\nh. 18, Libreria Modo Infoshop Interno 4<br \/>\nvia Mascarella 24b<br \/>\n\u00abMagia al popolo! <em>L&#8217;arte di stupire<\/em> e l<em>&#8216;Armata dei Sonnambuli<\/em>\u00bb<br \/>\ncon Wu Ming e <strong>Mariano Tomatis<\/strong><br \/>\n<a href=\"http:\/\/www.wumingfoundation.com\/giap\/wp-content\/uploads\/2014\/04\/sonnambuli_vag.jpg\">Apri la locandina<\/a> &#8211;\u00a0<a href=\"https:\/\/maps.google.it\/maps?q=Modo+Infoshop,+Via+Mascarella,+Bologna,+BO&amp;hl=it&amp;sll=45.068611,7.687812&amp;sspn=0.009502,0.022724&amp;oq=Modo+Infosh&amp;t=m&amp;z=16\">Consulta la mappa<\/a>.<br \/>\n\u00a7<br \/>\nh. 21, VAG 61,\u2028via Paolo Fabbri 110<br \/>\nPresentiamo <em>L&#8217;Armata dei Sonnambuli<br \/>\n<\/em>insieme a <strong>Mariano Tomatis<\/strong> e <strong>Girolamo De Michele<\/strong><br \/>\nInfo: info@modoinfoshop.com &#8211; 051 587 1012<br \/>\n<a href=\"https:\/\/maps.google.it\/maps?q=via+Paolo+Fabbri+110+Bologna&amp;hl=it&amp;ll=44.500393,11.361494&amp;spn=0.009596,0.022724&amp;sll=44.498832,11.349441&amp;sspn=0.009596,0.022724&amp;hnear=Via+Paolo+Fabbri,+110,+40138+Bologna,+Emilia-Romagna&amp;t=m&amp;z=16\">Consulta la mappa<\/a>.<\/p>\n<p>\u2042<\/p>\n<p>Sabato 10 maggio<br \/>\n<b>CORREGGIO (RE)<\/b><br \/>\nh.18, <a href=\"http:\/\/www.resistance-assembly.org\/programma\">European Resistance Assembly<\/a><br \/>\nIncontro con Wu Ming<br \/>\n\u00abRaccontare le resistenze. Da <em>Q<\/em> a <em>L&#8217;Armata dei Sonnambuli<\/em>,<br \/>\nvent&#8217;anni di lavoro sul romanzo storico\u00bb<br \/>\nContatto: info@resistance-assembly.org<\/p>\n<p>\u2042<\/p>\n<p>Domenica 11 maggio<br \/>\n<b>MACERATA<\/b><br \/>\nh.21, <a href=\"http:\/\/www.csasisma.org\/\">Centro sociale SISMA<\/a><br \/>\nvia Alfieri 8<br \/>\nPresentiamo <em>L&#8217;Armata dei Sonnambuli.<\/em><br \/>\n<a href=\"http:\/\/www.wumingfoundation.com\/giap\/wp-content\/uploads\/2014\/04\/Sonnambuli_colori.jpg\">Apri la locandina<\/a> &#8211;\u00a0<a href=\"https:\/\/maps.google.it\/maps?q=via+Alfieri+8+Macerata&amp;hl=it&amp;sll=45.352266,12.29855&amp;sspn=0.605098,1.454315&amp;hnear=Via+V.+Alfieri,+8,+Spinea-orgnano,+Venezia,+Veneto&amp;t=m&amp;z=16\">Consulta la mappa<\/a>.<\/p>\n<p>\u2042<\/p>\n<p>Marted\u00ec 13 maggio<br \/>\n<b>ASOLO (TV)<br \/>\n<\/b>h. 20:45, Sala Consiliare<br \/>\nPresentiamo <em>L&#8217;armata dei Sonnambuli<\/em><br \/>\nnell&#8217;ambito di Asololibri, XIIa edizione<br \/>\ncon il contributo del Liceo Verdi di Valdobbiadene.<br \/>\n<a href=\"https:\/\/maps.google.it\/maps?q=Municipio+Di+Asolo,+Asolo,+TV&amp;hl=it&amp;sll=45.799259,11.91411&amp;sspn=0.066062,0.110378&amp;oq=municipio+di+asolo&amp;hq=Municipio+Di+Asolo,+Asolo,+TV&amp;t=m&amp;z=16\">Consulta la mappa<\/a>.<\/p>\n<p>\u2042<\/p>\n<p>Mercoled\u00ec 14 maggio<br \/>\n<strong>PESARO<\/strong><br \/>\nh. 21, libreria \u00abIl Catalogo\u00bb<br \/>\nvia Castelfidardo 58<br \/>\n<a href=\"https:\/\/maps.google.com\/maps?f=q&amp;source=s_q&amp;hl=en&amp;geocode=&amp;q=via+Castelfidardo,+58+Pesaro+Italy\">Consulta la mappa<\/a>.<\/p>\n<p>\u2042<\/p>\n<p>Venerd\u00ec 16 maggio<br \/>\n<strong>PISOGNE (BS)<\/strong><br \/>\nParco Comunale &#8211; via Pieve, 4<br \/>\nDalle h.20, aperitivo mangereccio con buffet (anche veg)<br \/>\nh. 21.30<br \/>\nWu Ming Contingent dal vivo in<br \/>\n<em>ResiSTANZE<\/em>\u00a0&#8211; reading resistente<\/p>\n<p>\u2042<\/p>\n<p>Sabato 17 maggio<br \/>\n<b>CESENA\u2028<\/b><br \/>\nh.21:15, Foro annonario<br \/>\nFestival \u00abLa bellezza delle parole\u00bb<br \/>\nPresentiamo <em>L&#8217;Armata dei Sonnambuli<\/em><br \/>\n+ reading\/concerto con il nuovo combo<br \/>\n<strong>CVASI MING<\/strong><br \/>\n<strong>Wu Ming 1<\/strong> &#8211; voce<br \/>\n<strong>Vincenzo Vasi<\/strong> &#8211; basso e theremin<br \/>\n<strong>Francesco Cusa<\/strong> &#8211; batteria<br \/>\nInfo:\u00a0<a href=\"https:\/\/it-it.facebook.com\/rapsodiaweb\">Rapsodia &#8211; Emiliano Visconti<\/a><br \/>\ninfo@einaudiromagna.it<\/p>\n<div id=\"attachment_16951\" style=\"width: 465px\" class=\"wp-caption aligncenter\"><a href=\"http:\/\/www.box313.net\/AdS\/\"><img loading=\"lazy\" decoding=\"async\" aria-describedby=\"caption-attachment-16951\" class=\" wp-image-16951   \" style=\"border-width: 1px; border-color: black; border-style: solid;\" alt=\"Il poster realizzato dal tipografo rivoluzionario Claudio Madella. Clicca per visitare la pagina &quot;mappata&quot;.\" src=\"http:\/\/www.wumingfoundation.com\/giap\/wp-content\/uploads\/2014\/04\/poster_AdS.png\" width=\"455\" height=\"646\" \/><\/a><p id=\"caption-attachment-16951\" class=\"wp-caption-text\">Il poster realizzato dal tipografo rivoluzionario Claudio Madella. Clicca per visitare la pagina \u00abmappata\u00bb.<\/p><\/div>\n<p>Domenica 18 maggio<br \/>\n<b>FIRENZE<\/b><br \/>\nh.17, Centro sociale nEXtEmerson<br \/>\nvia di Bellagio 15<br \/>\nPresentiamo<em> L&#8217;Armata dei Sonnambuli<\/em><br \/>\ninsieme allo scrittore <strong>Vanni Santoni<\/strong>.<br \/>\n<a href=\"https:\/\/maps.google.it\/maps?q=via+di+Bellagio+15+Firenze&amp;hl=it&amp;sll=45.48889,12.169154&amp;sspn=0.009432,0.022724&amp;hnear=Via+di+Bellagio,+15,+Firenze,+Toscana&amp;t=m&amp;z=16\">Consulta la mappa<\/a>.<\/p>\n<p>\u2042<\/p>\n<p>Gioved\u00ec 22 maggio<br \/>\n<strong>TRENTO<\/strong><br \/>\nh. 18 <a href=\"http:\/\/www.bookique.net\/\">Bookique<\/a><br \/>\nvia Torre d&#8217;Augusto 29<br \/>\nQuartiere San Martino<br \/>\nPresentiamo <em>L&#8217;Armata dei Sonnambuli<\/em><br \/>\ncon <strong>Luca Barbieri<\/strong>.<br \/>\n<a href=\"https:\/\/maps.google.it\/maps?q=via+Torre+d%27Augusto+29+Trento&amp;hl=it&amp;sll=46.187279,11.258446&amp;sspn=0.285219,0.520477&amp;hnear=Via+Torre+D%27Augusto,+29,+Trento,+Trentino-Alto+Adige&amp;t=m&amp;z=16\">Consulta la mappa<\/a>.<\/p>\n<p>\u2042<\/p>\n<p>Gioved\u00ec 22 maggio<br \/>\n<strong>TORINO<\/strong><br \/>\nBlah Blah<br \/>\nvia Po, 21<br \/>\nDettagli a seguire.<\/p>\n<p>\u2042<\/p>\n<p>Venerd\u00ec 23 maggio<br \/>\n<b>MILANO<\/b><br \/>\nh. 19:30, Macao<br \/>\nviale Molise 68<br \/>\nPresentiamo <em>L&#8217;Armata dei Sonnambuli<\/em>.<br \/>\nInfo: Emanuel, 3293434799<br \/>\n<a href=\"https:\/\/maps.google.it\/maps?q=Macao+viale+Molise+Milano&amp;hl=it&amp;sll=43.821562,11.223856&amp;sspn=0.009707,0.022724&amp;hq=Macao&amp;hnear=Viale+Molise,+Milano&amp;t=m&amp;z=16&amp;iwloc=A\">Consulta la mappa<\/a>.<\/p>\n<p>\u2042<\/p>\n<p>Sabato 24 maggio<br \/>\n<strong>LUINO (VA)<\/strong><br \/>\nFestival \u00abFuori chi legge\u00bb<br \/>\nWu Ming Contingent Live<\/p>\n<p>\u2042<\/p>\n<p>Domenica 25 maggio<br \/>\n<strong>IMOLA<\/strong><br \/>\nh. 21, <a href=\"http:\/\/www.brigata36.it\/\">CSA Brigata36<\/a><br \/>\nvia Riccione 4<\/p>\n<p>\u2042<\/p>\n<p>Gioved\u00ec 29 maggio<br \/>\n<strong>BELLUNO<\/strong><br \/>\nh. 20, Chiostro dell&#8217;Istituto Catullo<br \/>\nvia Loreto 13<br \/>\n<a href=\"http:\/\/www.wumingfoundation.com\/giap\/wp-content\/uploads\/2014\/04\/AdS_Belluno.jpg\">Apri la locandina<\/a>.<\/p>\n<p>\u2042<\/p>\n<p style=\"text-align: left;\">Venerd\u00ec 30 maggio<br \/>\n<b>PADOVA\u2028<\/b><br \/>\nLibreria \u00abLaformadelibro\u00bb<br \/>\nvia XX settembre 63<br \/>\nPresentiamo <em>L&#8217;Armata dei Sonnambuli<\/em><br \/>\ninsieme al filosofo e storico della psichiatria\u00a0<strong>Mario Galzigna<\/strong>.<br \/>\nInfo: Lucia, 3401562023<br \/>\n<a href=\"https:\/\/maps.google.it\/maps?q=via+XX+settembre+63+Padova&amp;hl=it&amp;sll=45.458942,9.224288&amp;sspn=0.009437,0.022724&amp;hnear=Via+20+Settembre,+63,+35122+Padova,+Veneto&amp;t=m&amp;z=16\">Consulta la mappa<\/a>.<\/p>\n<p style=\"text-align: left;\">\u2042<\/p>\n<p style=\"text-align: left;\">Sabato 31 maggio<br \/>\n<strong>ASTI<\/strong><br \/>\nh.17, Festival \u00abA sud di nessun nord\u00bb<br \/>\nPresentiamo <em>L&#8217;Armata dei Sonnambuli<\/em>.<\/p>\n<h3 style=\"text-align: center;\"><b>GIUGNO<\/b><\/h3>\n<p>mercoled\u00ec 4 giugno<br \/>\n<b>FERRARA<\/b><br \/>\nh.18, Libreria Feltrinelli<br \/>\nvia Garibaldi 30<br \/>\nPresentiamo <em>L&#8217;Armata dei Sonnambuli<\/em><br \/>\ninsieme a <strong>Girolamo De Michele <\/strong>(<a href=\"http:\/\/www.carmillaonline.com\/2014\/04\/08\/wu-ming-larmata-dei-sonnambuli\/\">qui la sua recensione<\/a>)<strong><br \/>\n<\/strong>e<strong> Mauro Presini<\/strong>.<strong><br \/>\n<\/strong><a href=\"https:\/\/maps.google.it\/maps?q=Feltrinelli+Ferrara&amp;hl=it&amp;sll=45.402666,11.871958&amp;sspn=0.009446,0.022724&amp;hq=Feltrinelli&amp;hnear=Ferrara,+Emilia-Romagna&amp;t=m&amp;z=16\">Consulta la mappa<\/a>.<strong><br \/>\n<\/strong><\/p>\n<p>\u2042<\/p>\n<p>venerd\u00ec 6 giugno<br \/>\n<b>ROMA <\/b>&#8211; <span style=\"color: #ff0000;\">doppio appuntamento<\/span><br \/>\nCommunia, via Scalo S. Lorenzo 33<br \/>\nFestival di Letteraria<br \/>\nh.18 presentiamo <a href=\"http:\/\/www.wumingfoundation.com\/giap\/?p=16316\"><em>The Frontman<\/em><\/a> di <strong>Harry Browne<\/strong><br \/>\ninsieme ad <strong>Alberto Prunetti<\/strong><br \/>\nh. 21 presentiamo <em>L&#8217;Armata dei Sonnambuli<\/em><br \/>\ninsieme a <strong>Tommaso De Lorenzis<\/strong> e <strong>Loredana Lipperini<\/strong>.<br \/>\nInfo: redazione@edizionialegre.it<\/p>\n<p>\u2042<\/p>\n<p>Sabato 7 giugno <span style=\"text-decoration: underline;\"><span style=\"color: #ff0000; text-decoration: underline;\">ATTENZIONE: LA PRESENTAZIONE NON AVRA&#8217; LUOGO<br \/>\nCAUSA GASTROENTERITE FULMINANTE!<\/span><\/span><br \/>\n<span style=\"text-decoration: line-through;\"><b>SEREGNO (MB)<br \/>\n<\/b>h. 17:30, Piazza Concordia<b><br \/>\n<\/b>Festival <a href=\"http:\/\/www.vocidellastoria.it\/\">Voci della storia<\/a><br \/>\nPresentiamo <em>L&#8217;Armata dei Sonnambuli<\/em>.<\/span><\/p>\n<div id=\"attachment_16954\" style=\"width: 510px\" class=\"wp-caption aligncenter\"><img loading=\"lazy\" decoding=\"async\" aria-describedby=\"caption-attachment-16954\" class=\"size-full wp-image-16954 \" alt=\"Schio: la Fabbrica Alta - tappa del R\u00e9volution touR\" src=\"http:\/\/www.wumingfoundation.com\/giap\/wp-content\/uploads\/2014\/04\/Fabbrica_Alta.jpg\" width=\"500\" height=\"282\" \/><p id=\"caption-attachment-16954\" class=\"wp-caption-text\">Schio: la Fabbrica Alta del Lanificio Rossi, costruita nel 1862, svuotata dei macchinari nel 1966, oggi occasionalmente utilizzata a scopo espositivo. L\u00ec davanti far\u00e0 tappa il R\u00e9volution touR.<\/p><\/div>\n<p>Domenica 8 giugno<br \/>\n<b>SCHIO (VI)<\/b><br \/>\n<a href=\"https:\/\/it-it.facebook.com\/pages\/REAL-Festival\/385853421464756\">R.E.A.L. Festival<\/a><br \/>\nPiazzale della Fabbrica alta<br \/>\nAltri dettagli a seguire.<\/p>\n<p>\u2042<\/p>\n<p>mercoled\u00ec 11 giugno<br \/>\n<b>BOLOGNA<\/b><br \/>\nh.21, Biblioteca comunale \u00abCasa di Khaoula\u00bb<br \/>\nvia di Corticella 104<br \/>\nPresentiamo <em>L&#8217;Armata dei Sonnambuli<\/em><br \/>\ncon incursioni del Wu Ming Contingent<br \/>\n<a href=\"https:\/\/maps.google.it\/maps?q=via+di+Corticella+104+Bologna&amp;hl=it&amp;sll=44.515784,11.348756&amp;sspn=0.072831,0.110378&amp;hnear=Via+di+Corticella,+104,+Bologna,+Emilia-Romagna&amp;t=m&amp;z=16\">Consulta la mappa<\/a>.<\/p>\n<p>\u2042<\/p>\n<p>gioved\u00ec 12 giugno &#8211; <span style=\"color: #ff0000;\">doppio appuntamento<\/span><br \/>\n<strong>SIENA<br \/>\n<\/strong>h. 17:00, Facolt\u00e0 di Lettere e Filosofia<br \/>\nWu Ming 4 e il professor Duccio Balestracci, <em>J.R.R. Tolkien: l\u2019eroe epico tra Medioevo e Modernit\u00e0<br \/>\n\u00a7<br \/>\n<\/em>h. 19:30,\u00a0 Associazione Corte dei Miracoli \u2013 Centro Culture Contemporanee, Via Roma 56<br \/>\naperitivo e a seguire presentazione de <em>L\u2019Armata dei Sonnambuli<\/em><br \/>\ncon WM4, <strong>Dimitri Chimenti<\/strong> e <strong>Alberto Prunetti<\/strong>.<\/p>\n<p>\u2042<\/p>\n<p>Sabato 14 giugno &#8211; <span style=\"color: #ff0000;\">doppio appuntamento<\/span><br \/>\n<strong>RONCHI DEI PARTIGIANI (GO)<\/strong><br \/>\nArea feste di Selz.<br \/>\nh. 16:30 convegno<br \/>\n<strong>DI COS&#8217;\u00c8 IL NOME DI UN NOME?<\/strong><br \/>\n<strong> La toponomastica a Ronchi e nella \u201cVenezia Giulia\u201d<br \/>\ntra imposizione e mistificazione<\/strong><br \/>\nIntroduce e modera <strong>Luca Meneghesso<\/strong><br \/>\n<strong>Maurizio Puntin<\/strong>: La Ronchi \u201cplurilinguistica\u201d dei secoli passati<br \/>\n<strong>Marco Barone<\/strong>: Ronchi \u201cdei partigiani\u201d, le ragioni di una proposta<br \/>\n<strong>Alessandra Kersevan<\/strong>: L&#8217;invenzione del nome \u201cVenezia Giulia\u201d<br \/>\n<strong>Piero Purini<\/strong>: Metamorfosi etniche. I cambiamenti di popolazione a Trieste, Gorizia, Fiume e in Istria<br \/>\n<strong>Boris Pahor<\/strong>: Proiezione video-intervista<br \/>\n<strong>Wu Ming 1<\/strong>: Nomi tossici e Grande guerra<br \/>\n\u00a7<br \/>\nh. 21 Wu Ming 1 presenta <em>L&#8217;Armata dei Sonnambuli<\/em>.<br \/>\nIn collaborazione con la libreria\u00a0\u00abLinea d&#8217;ombra\u00bb di Ronchi.<\/p>\n<p>\u2042<\/p>\n<p><span style=\"text-decoration: line-through;\">Luned\u00ec 16 giugno<br \/>\n<strong>PESCARA<\/strong><br \/>\nh. 22, La Lampara<br \/>\nViale Riviera 170<br \/>\n<strong>Wu Ming Contingent<\/strong> in concerto<\/span><br \/>\n<span style=\"color: #ff0000;\">RINVIATA CAUSA MALTEMPO<\/span><\/p>\n<p>\u2042<\/p>\n<p><span style=\"text-decoration: line-through;\">Marted\u00ec 17 giugno<br \/>\n<strong>CORRIDONIA (MC)<\/strong><br \/>\nVilla Fermani<br \/>\nVia Eugenio Niccolai<br \/>\ndalle h. 19 aperitivo + cena<br \/>\nh. 21 <strong>Wu Ming Contingent<\/strong> in concerto<\/span><br \/>\n<span style=\"color: #ff0000;\">RINVIATA CAUSA MALTEMPO<\/span><\/p>\n<p>\u2042<\/p>\n<p>Gioved\u00ec 19 giugno<br \/>\n<b>BERGAMO<\/b><br \/>\nTorneo Bergamasco del F\u00f9bal Popolare &#8220;Mirko Burgio&#8221;<br \/>\nc\/o centro sportivo di Paladina (BG), via degli Alpini 1<br \/>\nin collaborazione con <a href=\"http:\/\/www.spazioterzomondo.com\/\">Spazio Terzo Mondo<\/a>, Seriate.<\/p>\n<p>\u2042<\/p>\n<p>Gioved\u00ec 19 giugno<br \/>\n<b>PARMA<\/b><br \/>\nh. 21, ristorante Corale Verdi<br \/>\nvicolo Asdente 9<br \/>\nOrganizza il circolo letterario<br \/>\n\u00abVoglia di leggere Ines Martorano\u00bb<\/p>\n<div style=\"width: 510px\" class=\"wp-caption aligncenter\"><a href=\"http:\/\/www.marianotomatis.it\/index.php?page=armata_dei_sonnambuli\"><img loading=\"lazy\" decoding=\"async\" alt=\"Chi perder\u00e0 la testa?\" src=\"http:\/\/www.wumingfoundation.com\/giap\/wp-content\/uploads\/2014\/03\/sfondo_ads.jpg\" width=\"500\" height=\"443\" \/><\/a><p class=\"wp-caption-text\">Un consiglio: durante l\u2019attesa, prendete un mazzo di carte da poker, tirate fuori le dieci carte di picche (\u2660) e cliccate l\u2019immagine qui sopra. Chi perder\u00e0 la testa? Occhio, ch\u00e9 il mondo si arbalta.<\/p><\/div>\n<p>Venerd\u00ec 20 giugno<br \/>\n<b>PISOGNE (BS)<\/b><br \/>\nh.21, Libreria \u201cPunto a capo\u201d<br \/>\nVia San Marco 1<br \/>\nPresentiamo <em>L&#8217;Armata dei Sonnambuli<\/em><br \/>\ninsieme a <strong>Franco Berteni<\/strong> (Mr. Mills) e <strong>Maurizio Vito<\/strong><br \/>\nInfo: 3893426249<br \/>\n<a href=\"https:\/\/maps.google.it\/maps?q=Via+San+Marco,+1,+Pisogne,+BS&amp;hl=it&amp;sll=45.668481,9.637446&amp;sspn=0.008922,0.013797&amp;oq=via+san+marco+1+Pisogn&amp;hnear=Via+San+Marco,+1,+Pisogne,+Brescia,+Lombardia&amp;t=m&amp;z=16\">Consulta la mappa<\/a>.<\/p>\n<p>\u2042<\/p>\n<p>Venerd\u00ec 20 giugno<br \/>\n<b>MASSENZATICO (RE)\u2028<\/b><br \/>\nh.21, <a href=\"http:\/\/www.cucine.arealibertaria.org\/\">Circolo Arci Cucine del Popolo<\/a><br \/>\nvia Beethoven 78\/e<br \/>\nPresentiamo <em>L&#8217;Armata dei Sonnambuli<\/em><br \/>\nnella pi\u00f9 antica Casa del popolo italiana.<br \/>\n<a href=\"https:\/\/maps.google.it\/maps?q=via+Beethoven+68%2Fe+Massenzatico+RE&amp;hl=it&amp;sll=45.803972,10.107624&amp;sspn=0.0089,0.013797&amp;hnear=Via+Ludwig+Van+Beethoven,+68,+Reggio+nell%27Emilia,+Emilia-Romagna&amp;t=m&amp;z=16\">Consulta la mappa<\/a>.<\/p>\n<p>\u2042<\/p>\n<p>dom\u200be\u200bnica 22 Giugno\u200b<br \/>\n<strong>FERRARA<\/strong><br \/>\nParco Urbano\u200b G.Bassani, presso &#8216;Camelot Caf\u00e9&#8217;<br \/>\nIn occasione della \u00abGiornata mondiale del rifugiato\u00bb<\/p>\n<p>h.18<br \/>\nPresentiamo <i>L&#8217;Armata dei Sonnambuli<\/i> con <b>Girolamo De Michele<\/b><\/p>\n<p>h.21<br \/>\n<b>Wu Ming Contingent<\/b> in concerto<\/p>\n<p>\u2042<\/p>\n<p>luned\u00ec 23 giugno<br \/>\n<strong>VIAREGGIO<\/strong><br \/>\nh.21, Officina di Arte fotografica e contemporanea<br \/>\nVia minghetti, 12 &#8211; Quartiere Varignano<br \/>\nPresentiamo <em>L&#8217;Armata dei Sonnambuli<\/em><\/p>\n<p>\u2042<\/p>\n<p>marted\u00ec 24 giugno<br \/>\n<b>VIGNOLA (MO)<\/b><br \/>\nh. 21,\u00a0<a href=\"http:\/\/www.facebook.com\/circolo.ribalta\">Circolo Ribalta<\/a><br \/>\nvia Zenzano<br \/>\nContatto: Milena 3398829692<br \/>\n<a href=\"http:\/\/www.openstreetmap.org\/#map=19\/44.47612\/11.01081\">Consulta la mappa<\/a>.<\/p>\n<p>\u2042<\/p>\n<p>sabato 28 giugno<br \/>\n<strong>ROMA<\/strong><br \/>\nCSA La Torre<br \/>\n<strong>Wu Ming Contingent<\/strong> in concerto<\/p>\n<p>\u2042<\/p>\n<h3 align=\"CENTER\"><b>LUGLIO<\/b><\/h3>\n<p>Gioved\u00ec 3 luglio<br \/>\n<b>ROMA<\/b> &#8211; <span style=\"color: #ff0000;\">doppio appuntamento<\/span><br \/>\nh. 17:30 Casetta Rossa<br \/>\nVia Giovanni Battista Magnaghi, 14<br \/>\nFesta \u00abL&#8217;altra estate a Garbatella\u00bb<br \/>\nContatto: Carmen, carmen.iovine@gmail.com<br \/>\n<a href=\"https:\/\/maps.google.it\/maps?q=Casetta+Rossa,+Via+Giovanni+Battista+Magnaghi,+Roma,+RM&amp;hl=it&amp;sll=45.713171,11.35722&amp;sspn=0.075154,0.181789&amp;oq=Casetta+rossa+&amp;hq=Casetta+Rossa,&amp;hnear=Via+Giovanni+Battista+Magnaghi,+Roma,+Lazio&amp;t=m&amp;z=16\">Consulta la mappa<\/a>.<br \/>\n\u00a7<br \/>\nh. 21 <a href=\"http:\/\/www.strike-spa.net\/\">CSOA Strike<\/a><br \/>\nvia Partini 21, Casalbertone<br \/>\nPresentiamo <em>L&#8217;Armata dei Sonnambuli<\/em><br \/>\ncon <strong>Giuliano Santoro<\/strong> &#8211; <a href=\"http:\/\/www.dinamopress.it\/news\/larmata-dei-sonnambuli\">Qui la sua recensione<\/a>!<br \/>\n<a href=\"https:\/\/maps.google.it\/maps?q=via+Partini+21+Roma&amp;oe=utf-8&amp;client=firefox-a&amp;hnear=Via+Partinico,+21,+Roma,+Lazio&amp;t=m&amp;z=16\">Consulta la mappa<\/a>.<\/p>\n<p>\u2042<\/p>\n<p>Domenica 6 luglio<br \/>\n<strong>GAVOI<\/strong> <strong>(NU)<\/strong><br \/>\nFestival \u00abIsola delle storie\u00bb<br \/>\nPresentiamo L&#8217;Armata dei Sonnambuli.<br \/>\nDettagli a seguire.<\/p>\n<p>\u2042<\/p>\n<p><span style=\"text-decoration: line-through;\">Venerd\u00ec 11 luglio<br \/>\n<b>TORINO<\/b><br \/>\nLuogo e ora da definire.<br \/>\nContatto: Tiziano Colombi, colombi.tribu@gmail.com<a href=\"https:\/\/maps.google.it\/maps?q=museo+diffuso+della+resistenza&amp;ll=45.076172,7.674744&amp;spn=0.009016,0.013797&amp;fb=1&amp;gl=it&amp;cid=1415826246727473242&amp;t=m&amp;z=16&amp;iwloc=A\"><br \/>\n<\/a><\/span><span style=\"color: #ff0000;\">RINVIATA A DATA DA DECIDERSI<\/span><\/p>\n<p>\u2042<\/p>\n<p>Sabato 12 luglio<br \/>\n<strong>BUSSOLENO (TO)<\/strong><br \/>\nDettagli a seguire.<br \/>\nInfo: Libreria\u00a0\u00abLa citt\u00e0 del sole\u00bb,\u00a00122 640117<\/p>\n<p>\u2042<\/p>\n<p>Domenica 13 luglio<br \/>\n<b>TORRE PELLICE (TO)<\/b><br \/>\nh. 18:30, rassegna \u00abUna Torre di libri\u00bb<br \/>\na cura della <a href=\"http:\/\/www.libreriatorrepellice.it\/\">Libreria Claudiana<\/a><\/p>\n<p>\u2042<\/p>\n<p>Luned\u00ec 14 luglio<br \/>\n<b>PADOVA<\/b><br \/>\nFesta di Radio Sherwood<br \/>\nPresentiamo <em>L&#8217;Armata dei Sonnambuli<\/em><br \/>\ne Wu Mint Contingent Live.<\/p>\n<p>\u2042<\/p>\n<p>Marted\u00ec 15 luglio<br \/>\n<strong>BAGNACAVALLO (RA)<\/strong><br \/>\nh.21, Giardino della biblioteca<\/p>\n<p>\u2042<\/p>\n<p>Marted\u00ec 15 luglio &#8211; DOPPIO APPUNTAMENTO<br \/>\n<strong>PESCASSEROLI (AQ)<\/strong><br \/>\nh. 18, presentiamo <em>L&#8217;Armata dei sonnambuli<\/em><br \/>\nDettagli a seguire<\/p>\n<p>h.21, <strong>L&#8217;AQUILA<\/strong><br \/>\npresentiamo <em>L&#8217;Armata dei sonnambuli<\/em><\/p>\n<p>\u2042<\/p>\n<p>Mercoled\u00ec 16 luglio<br \/>\n<strong>PESCARA<\/strong><br \/>\nh. 18, <a href=\"http:\/\/k-bookstore.blogspot.it\/\">Libreria K &#8211; Libri &amp; altre meraviglie<\/a><br \/>\nVia Conte di Ruvo n\u00b0139<br \/>\npresentiamo <em>L&#8217;Armata dei sonnambuli<\/em><\/p>\n<p>\u2042<\/p>\n<p><span style=\"text-decoration: line-through;\">24-27 luglio<br \/>\n<a href=\"http:\/\/www.festivalargentiera.it\/\"><strong>FESTIVAL DELL&#8217;ARGENTIERA<\/strong><\/a><br \/>\nPresentiamo L&#8217;Armata dei Sonnambuli.<br \/>\nData precisa e dettagli a seguire.<br \/>\n<\/span><span style=\"color: #ff0000;\">Annullata.<\/span><\/p>\n<p>Per aggiornamenti e info sul calendario del Wu Ming Contingent, potete anche consultare <a href=\"http:\/\/www.locusta.net\/tour_detail.php?id=179&amp;lang=e&amp;band=Wu%20Ming%20Contingent\">il sito di Locusta<\/a>.<\/p>\n<p style=\"text-align: center;\">***<\/p>\n<p><strong>DALL&#8217;AUDIOTECA<br \/>\n<\/strong>Per scaricare un file, clicca sulla freccia che punta a meridione.<\/p>\n<p style=\"text-align: justify;\"><a title=\"Nel ventre della bestia-Parigi, un anticipo di R\u00e9volution touR\" href=\"http:\/\/www.wumingfoundation.com\/suoni\/ArmatadeiSonnambuli_ELS_Parigi_24marzo2014.mp3\">Nel ventre della Bestia-Parigi, anteprima de\u00a0<em>L&#8217;Armata dei Sonnambuli<\/em><\/a><br \/>\n<strong>Nel ventre della Bestia-Parigi, anteprima de <em>L&#8217;Armata dei Sonnambuli<\/em><\/strong><br \/>\nEcole Normale Superieure, Parigi, 24 marzo 2014.\u00a0Alla Settimana della cultura italiana, WM2 racconta il lavoro narrativo e di ricerca che ha portato alla stesura de <em>L&#8217;Armata dei Sonnambuli<\/em>. L&#8217;intro di Nicola Brarda \u00e8 in francese \u00a0e dura una decina di minuti, il resto \u00e8 in italiano.<\/p>\n<p style=\"text-align: justify;\"><a title=\"Sonnambulismo e barbarie. Un anticipo di R\u00e9volution touR\" href=\"http:\/\/www.wumingfoundation.com\/suoni\/WM2_AdS_Roma_28_marzo_2014.mp3.mp3\">Sonnambulismo &amp; barbarie. Rivoluzione, memoria, scrittura<\/a><br \/>\n<strong>Sonnambulismo &amp; barbarie. Rivoluzione, memoria, scrittura<\/strong><br \/>\nBritish School, Roma, 28 marzo 2014. Wu Ming \u00a02 discute (in italiano) con Fabio Camilletti e Kate Willman (University of Warwick) di rivoluzione, libero pensiero, occultismo e\u2026 Italia, a partire dal lavoro di ricerca e narrazione che ha portato alla stesura de <em>L\u2019Armata dei Sonnambuli<\/em>.<\/p>\n<p style=\"text-align: justify;\"><a href=\"http:\/\/www.wumingfoundation.com\/suoni\/Scaramouche_a_Firenze_11032014.mp3\">Z\u00f3 b\u00f2t!!! Scaramouche contro i muschiatini<\/a><br \/>\n<strong>Z\u00f3 b\u00f2t!!! Scaramouche contro i muschiatini<\/strong><br \/>\nWu Ming 1 legge due brani de <em>L\u2019Armata dei Sonnambuli <\/em>alla \u00abNotte degli scrittori\u00bb, Teatro della Pergola di Firenze, 10 marzo 2014.<\/p>\n<div id=\"attachment_17020\" style=\"width: 510px\" class=\"wp-caption aligncenter\"><img loading=\"lazy\" decoding=\"async\" aria-describedby=\"caption-attachment-17020\" class=\"size-full wp-image-17020\" alt=\"In questi giorni ci sembra di essere i Flying Karamazov Brothers!\" src=\"http:\/\/www.wumingfoundation.com\/giap\/wp-content\/uploads\/2014\/04\/FKB-1.jpg\" width=\"500\" height=\"333\" \/><p id=\"caption-attachment-17020\" class=\"wp-caption-text\">In questi giorni ci sembra di essere i Flying Karamazov Brothers!<\/p><\/div>\n<p><strong>INDICAZIONI PER CONTATTARCI<\/strong><\/p>\n<p style=\"text-align: justify;\">Stiamo lavorando da giocolieri su un calendario molto esteso e complicato da comporre, e abbiamo gi\u00e0 parecchie richieste per la prima met\u00e0 dell&#8217;autunno.<br \/>\nPer chi ci ha gi\u00e0 contattati: voi sapete chi siete, portate pazienza ch\u00e9 non \u00e8 per niente semplice!<br \/>\nChi invece non ci ha ancora scritto, per favore, tenga conto che si va a novembre-dicembre o ai primi mesi del 2015. Visto che \u00e8 difficile fissare date con un simile anticipo,\u00a0per favore\u00a0scriveteci dopo l&#8217;estate.<br \/>\n<strong>N.B.<\/strong> Quest&#8217;ultima indicazione non riguarda il Wu Ming Contingent n\u00e9 eventuali proposte non rientranti nel R\u00e9volution touR, es. per i reading musicali\u00a0<em>Razza partigiana<\/em>,\u00a0<em>Surgelati<\/em> ed\u00a0<em>Emilio Comici Blues<\/em>.<\/p>\n<p>Per semplificarci nella compilazione del calendario, tenete conto che:<br \/>\n&#8211; il R\u00e9volution touR del Wu Ming Contingent \u00e8 gestito da <a href=\"http:\/\/www.locusta.net\/contatti.php?lang=i\">Locusta<\/a>;<br \/>\n&#8211; <em>Surgelati<\/em> \u00e8 gestito da <a href=\"http:\/\/www.molotovbooking.com\/contatti\">Molotov Booking<\/a>;<br \/>\n&#8211; <em>Razza Partigiana<\/em> da Alessandro Ceccarelli di <a href=\"http:\/\/www.bpmconcerti.com\/contact.html\">BPM Concerti<\/a>;<br \/>\n&#8211; per <em>Emilio Comici Blues<\/em> scrivere a funambolique AT yahoo.it<\/p>\n<p><strong>UNA \u00abFREQUENTLY ASKED QUESTION\u00bb<\/strong><\/p>\n<p><strong>Io p<em>v<\/em>onuncio la e<em>vv<\/em>e cos\u00ec, non \u00e8 che Sca<em>v<\/em>amouche ce l&#8217;ha pu<em>v<\/em>e con me?<\/strong><\/p>\n<p>Tranquill*, a Scaramouche va bene qualunque R: moscia, blesa, doppia, cinese, dell&#8217;Emilia occidentale&#8230; Nel libro soquanti personaggi si rifiutano di pronunciare la R per motivi <em>ideologici<\/em> e non la sostituiscono con nulla, pa&#8217;ola mia!\u00a0Scaramouche ce l&#8217;ha con loro, e per motivi che vanno ben oltre la questione glottologica.<\/p>\n","protected":false},"excerpt":{"rendered":"&#8230;il R\u00e9volution touR, che comprende tanto le presentazioni de L&#8217;Armata dei Sonnambuli quanto i concerti del Wu Ming Contingent&#8230;","protected":false},"author":1,"featured_media":16934,"comment_status":"closed","ping_status":"open","sticky":false,"template":"","format":"standard","meta":{"footnotes":""},"categories":[1944,6],"tags":[2014,2524,2074,1710],"class_list":["post-16376","post","type-post","status-publish","format-standard","has-post-thumbnail","hentry","category-larmata-dei-sonnambuli","category-news-e-segnalazioni","tag-bioscop","tag-larmata-dei-sonnambuli","tag-revolution-tour","tag-wu-ming-contingent"],"yoast_head":"<!-- This site is optimized with the Yoast SEO plugin v27.5 - https:\/\/yoast.com\/product\/yoast-seo-wordpress\/ -->\n<title>Il R\u00e9volution touR di Wu Ming, aprile - luglio 2014<\/title>\n<meta name=\"description\" content=\"...il R\u00e9volution touR, che comprende tanto le presentazioni de L&#039;Armata dei Sonnambuli quanto i concerti del Wu Ming Contingent...\" \/>\n<meta name=\"robots\" content=\"index, follow, max-snippet:-1, max-image-preview:large, max-video-preview:-1\" \/>\n<link rel=\"canonical\" href=\"https:\/\/www.wumingfoundation.com\/giap\/2014\/04\/revolution-tour-date-aprile-luglio-2014-larmatadeisonnambuli-bioscop\/\" \/>\n<meta property=\"og:locale\" content=\"it_IT\" \/>\n<meta property=\"og:type\" content=\"article\" \/>\n<meta property=\"og:title\" content=\"Il R\u00e9volution touR di Wu Ming, aprile - luglio 2014\" \/>\n<meta property=\"og:description\" content=\"...il R\u00e9volution touR, che comprende tanto le presentazioni de L&#039;Armata dei Sonnambuli quanto i concerti del Wu Ming Contingent...\" \/>\n<meta property=\"og:url\" content=\"https:\/\/www.wumingfoundation.com\/giap\/2014\/04\/revolution-tour-date-aprile-luglio-2014-larmatadeisonnambuli-bioscop\/\" \/>\n<meta property=\"og:site_name\" content=\"Giap\" \/>\n<meta property=\"article:published_time\" content=\"2014-04-07T22:00:32+00:00\" \/>\n<meta property=\"article:modified_time\" content=\"2014-07-14T18:15:25+00:00\" \/>\n<meta property=\"og:image\" content=\"https:\/\/www.wumingfoundation.com\/giap\/wp-content\/uploads\/2014\/04\/all_cover_darkmask_600x_d148470a5037e78025b60ede9c947ebd.jpg\" \/>\n\t<meta property=\"og:image:width\" content=\"500\" \/>\n\t<meta property=\"og:image:height\" content=\"735\" \/>\n\t<meta property=\"og:image:type\" content=\"image\/jpeg\" \/>\n<meta name=\"author\" content=\"Wu Ming\" \/>\n<meta name=\"twitter:card\" content=\"summary_large_image\" \/>\n<meta name=\"twitter:creator\" content=\"@Wu_Ming_Foundt\" \/>\n<meta name=\"twitter:site\" content=\"@Wu_Ming_Foundt\" \/>\n<meta name=\"twitter:label1\" content=\"Scritto da\" \/>\n\t<meta name=\"twitter:data1\" content=\"Wu Ming\" \/>\n\t<meta name=\"twitter:label2\" content=\"Tempo di lettura stimato\" \/>\n\t<meta name=\"twitter:data2\" content=\"12 minuti\" \/>\n<script type=\"application\/ld+json\" class=\"yoast-schema-graph\">{\"@context\":\"https:\\\/\\\/schema.org\",\"@graph\":[{\"@type\":\"Article\",\"@id\":\"https:\\\/\\\/www.wumingfoundation.com\\\/giap\\\/2014\\\/04\\\/revolution-tour-date-aprile-luglio-2014-larmatadeisonnambuli-bioscop\\\/#article\",\"isPartOf\":{\"@id\":\"https:\\\/\\\/www.wumingfoundation.com\\\/giap\\\/2014\\\/04\\\/revolution-tour-date-aprile-luglio-2014-larmatadeisonnambuli-bioscop\\\/\"},\"author\":{\"name\":\"Wu Ming\",\"@id\":\"https:\\\/\\\/www.wumingfoundation.com\\\/giap\\\/#\\\/schema\\\/person\\\/881b1c925aaf48fe6eb5c3970be4458f\"},\"headline\":\"R\u00e9volution touR! Date Aprile &#8211; Luglio 2014 L&#8217;#ArmatadeiSonnambuli #Bioscop\",\"datePublished\":\"2014-04-07T22:00:32+00:00\",\"dateModified\":\"2014-07-14T18:15:25+00:00\",\"mainEntityOfPage\":{\"@id\":\"https:\\\/\\\/www.wumingfoundation.com\\\/giap\\\/2014\\\/04\\\/revolution-tour-date-aprile-luglio-2014-larmatadeisonnambuli-bioscop\\\/\"},\"wordCount\":2438,\"image\":{\"@id\":\"https:\\\/\\\/www.wumingfoundation.com\\\/giap\\\/2014\\\/04\\\/revolution-tour-date-aprile-luglio-2014-larmatadeisonnambuli-bioscop\\\/#primaryimage\"},\"thumbnailUrl\":\"https:\\\/\\\/www.wumingfoundation.com\\\/giap\\\/wp-content\\\/uploads\\\/2014\\\/04\\\/all_cover_darkmask_600x_d148470a5037e78025b60ede9c947ebd.jpg\",\"keywords\":[\"Bioscop\",\"L'Armata dei Sonnambuli\",\"R\u00e9volution touR\",\"Wu Ming Contingent\"],\"articleSection\":[\"L'Armata dei Sonnambuli\",\"Notizie\"],\"inLanguage\":\"it-IT\"},{\"@type\":\"WebPage\",\"@id\":\"https:\\\/\\\/www.wumingfoundation.com\\\/giap\\\/2014\\\/04\\\/revolution-tour-date-aprile-luglio-2014-larmatadeisonnambuli-bioscop\\\/\",\"url\":\"https:\\\/\\\/www.wumingfoundation.com\\\/giap\\\/2014\\\/04\\\/revolution-tour-date-aprile-luglio-2014-larmatadeisonnambuli-bioscop\\\/\",\"name\":\"Il R\u00e9volution touR di Wu Ming, aprile - luglio 2014\",\"isPartOf\":{\"@id\":\"https:\\\/\\\/www.wumingfoundation.com\\\/giap\\\/#website\"},\"primaryImageOfPage\":{\"@id\":\"https:\\\/\\\/www.wumingfoundation.com\\\/giap\\\/2014\\\/04\\\/revolution-tour-date-aprile-luglio-2014-larmatadeisonnambuli-bioscop\\\/#primaryimage\"},\"image\":{\"@id\":\"https:\\\/\\\/www.wumingfoundation.com\\\/giap\\\/2014\\\/04\\\/revolution-tour-date-aprile-luglio-2014-larmatadeisonnambuli-bioscop\\\/#primaryimage\"},\"thumbnailUrl\":\"https:\\\/\\\/www.wumingfoundation.com\\\/giap\\\/wp-content\\\/uploads\\\/2014\\\/04\\\/all_cover_darkmask_600x_d148470a5037e78025b60ede9c947ebd.jpg\",\"datePublished\":\"2014-04-07T22:00:32+00:00\",\"dateModified\":\"2014-07-14T18:15:25+00:00\",\"author\":{\"@id\":\"https:\\\/\\\/www.wumingfoundation.com\\\/giap\\\/#\\\/schema\\\/person\\\/881b1c925aaf48fe6eb5c3970be4458f\"},\"description\":\"...il R\u00e9volution touR, che comprende tanto le presentazioni de L'Armata dei Sonnambuli quanto i concerti del Wu Ming Contingent...\",\"breadcrumb\":{\"@id\":\"https:\\\/\\\/www.wumingfoundation.com\\\/giap\\\/2014\\\/04\\\/revolution-tour-date-aprile-luglio-2014-larmatadeisonnambuli-bioscop\\\/#breadcrumb\"},\"inLanguage\":\"it-IT\",\"potentialAction\":[{\"@type\":\"ReadAction\",\"target\":[\"https:\\\/\\\/www.wumingfoundation.com\\\/giap\\\/2014\\\/04\\\/revolution-tour-date-aprile-luglio-2014-larmatadeisonnambuli-bioscop\\\/\"]}]},{\"@type\":\"ImageObject\",\"inLanguage\":\"it-IT\",\"@id\":\"https:\\\/\\\/www.wumingfoundation.com\\\/giap\\\/2014\\\/04\\\/revolution-tour-date-aprile-luglio-2014-larmatadeisonnambuli-bioscop\\\/#primaryimage\",\"url\":\"https:\\\/\\\/www.wumingfoundation.com\\\/giap\\\/wp-content\\\/uploads\\\/2014\\\/04\\\/all_cover_darkmask_600x_d148470a5037e78025b60ede9c947ebd.jpg\",\"contentUrl\":\"https:\\\/\\\/www.wumingfoundation.com\\\/giap\\\/wp-content\\\/uploads\\\/2014\\\/04\\\/all_cover_darkmask_600x_d148470a5037e78025b60ede9c947ebd.jpg\",\"width\":500,\"height\":735,\"caption\":\"Una delle copertine alternative realizzate da Andrea Alberti.\"},{\"@type\":\"BreadcrumbList\",\"@id\":\"https:\\\/\\\/www.wumingfoundation.com\\\/giap\\\/2014\\\/04\\\/revolution-tour-date-aprile-luglio-2014-larmatadeisonnambuli-bioscop\\\/#breadcrumb\",\"itemListElement\":[{\"@type\":\"ListItem\",\"position\":1,\"name\":\"Home\",\"item\":\"https:\\\/\\\/www.wumingfoundation.com\\\/giap\\\/\"},{\"@type\":\"ListItem\",\"position\":2,\"name\":\"R\u00e9volution touR! Date Aprile &#8211; Luglio 2014 L&#8217;#ArmatadeiSonnambuli #Bioscop\"}]},{\"@type\":\"WebSite\",\"@id\":\"https:\\\/\\\/www.wumingfoundation.com\\\/giap\\\/#website\",\"url\":\"https:\\\/\\\/www.wumingfoundation.com\\\/giap\\\/\",\"name\":\"Giap\",\"description\":\"Il sito ufficiale di Wu Ming, collettivo di scrittori\",\"potentialAction\":[{\"@type\":\"SearchAction\",\"target\":{\"@type\":\"EntryPoint\",\"urlTemplate\":\"https:\\\/\\\/www.wumingfoundation.com\\\/giap\\\/?s={search_term_string}\"},\"query-input\":{\"@type\":\"PropertyValueSpecification\",\"valueRequired\":true,\"valueName\":\"search_term_string\"}}],\"inLanguage\":\"it-IT\"},{\"@type\":\"Person\",\"@id\":\"https:\\\/\\\/www.wumingfoundation.com\\\/giap\\\/#\\\/schema\\\/person\\\/881b1c925aaf48fe6eb5c3970be4458f\",\"name\":\"Wu Ming\",\"image\":{\"@type\":\"ImageObject\",\"inLanguage\":\"it-IT\",\"@id\":\"https:\\\/\\\/secure.gravatar.com\\\/avatar\\\/1f49001124f0d5b3aeb1d387dbd89e7b48de4c5c15539460ec1c154566c1723c?s=96&d=blank&r=g\",\"url\":\"https:\\\/\\\/secure.gravatar.com\\\/avatar\\\/1f49001124f0d5b3aeb1d387dbd89e7b48de4c5c15539460ec1c154566c1723c?s=96&d=blank&r=g\",\"contentUrl\":\"https:\\\/\\\/secure.gravatar.com\\\/avatar\\\/1f49001124f0d5b3aeb1d387dbd89e7b48de4c5c15539460ec1c154566c1723c?s=96&d=blank&r=g\",\"caption\":\"Wu Ming\"}}]}<\/script>\n<!-- \/ Yoast SEO plugin. -->","yoast_head_json":{"title":"Il R\u00e9volution touR di Wu Ming, aprile - luglio 2014","description":"...il R\u00e9volution touR, che comprende tanto le presentazioni de L'Armata dei Sonnambuli quanto i concerti del Wu Ming Contingent...","robots":{"index":"index","follow":"follow","max-snippet":"max-snippet:-1","max-image-preview":"max-image-preview:large","max-video-preview":"max-video-preview:-1"},"canonical":"https:\/\/www.wumingfoundation.com\/giap\/2014\/04\/revolution-tour-date-aprile-luglio-2014-larmatadeisonnambuli-bioscop\/","og_locale":"it_IT","og_type":"article","og_title":"Il R\u00e9volution touR di Wu Ming, aprile - luglio 2014","og_description":"...il R\u00e9volution touR, che comprende tanto le presentazioni de L'Armata dei Sonnambuli quanto i concerti del Wu Ming Contingent...","og_url":"https:\/\/www.wumingfoundation.com\/giap\/2014\/04\/revolution-tour-date-aprile-luglio-2014-larmatadeisonnambuli-bioscop\/","og_site_name":"Giap","article_published_time":"2014-04-07T22:00:32+00:00","article_modified_time":"2014-07-14T18:15:25+00:00","og_image":[{"width":500,"height":735,"url":"https:\/\/www.wumingfoundation.com\/giap\/wp-content\/uploads\/2014\/04\/all_cover_darkmask_600x_d148470a5037e78025b60ede9c947ebd.jpg","type":"image\/jpeg"}],"author":"Wu Ming","twitter_card":"summary_large_image","twitter_creator":"@Wu_Ming_Foundt","twitter_site":"@Wu_Ming_Foundt","twitter_misc":{"Scritto da":"Wu Ming","Tempo di lettura stimato":"12 minuti"},"schema":{"@context":"https:\/\/schema.org","@graph":[{"@type":"Article","@id":"https:\/\/www.wumingfoundation.com\/giap\/2014\/04\/revolution-tour-date-aprile-luglio-2014-larmatadeisonnambuli-bioscop\/#article","isPartOf":{"@id":"https:\/\/www.wumingfoundation.com\/giap\/2014\/04\/revolution-tour-date-aprile-luglio-2014-larmatadeisonnambuli-bioscop\/"},"author":{"name":"Wu Ming","@id":"https:\/\/www.wumingfoundation.com\/giap\/#\/schema\/person\/881b1c925aaf48fe6eb5c3970be4458f"},"headline":"R\u00e9volution touR! Date Aprile &#8211; Luglio 2014 L&#8217;#ArmatadeiSonnambuli #Bioscop","datePublished":"2014-04-07T22:00:32+00:00","dateModified":"2014-07-14T18:15:25+00:00","mainEntityOfPage":{"@id":"https:\/\/www.wumingfoundation.com\/giap\/2014\/04\/revolution-tour-date-aprile-luglio-2014-larmatadeisonnambuli-bioscop\/"},"wordCount":2438,"image":{"@id":"https:\/\/www.wumingfoundation.com\/giap\/2014\/04\/revolution-tour-date-aprile-luglio-2014-larmatadeisonnambuli-bioscop\/#primaryimage"},"thumbnailUrl":"https:\/\/www.wumingfoundation.com\/giap\/wp-content\/uploads\/2014\/04\/all_cover_darkmask_600x_d148470a5037e78025b60ede9c947ebd.jpg","keywords":["Bioscop","L'Armata dei Sonnambuli","R\u00e9volution touR","Wu Ming Contingent"],"articleSection":["L'Armata dei Sonnambuli","Notizie"],"inLanguage":"it-IT"},{"@type":"WebPage","@id":"https:\/\/www.wumingfoundation.com\/giap\/2014\/04\/revolution-tour-date-aprile-luglio-2014-larmatadeisonnambuli-bioscop\/","url":"https:\/\/www.wumingfoundation.com\/giap\/2014\/04\/revolution-tour-date-aprile-luglio-2014-larmatadeisonnambuli-bioscop\/","name":"Il R\u00e9volution touR di Wu Ming, aprile - luglio 2014","isPartOf":{"@id":"https:\/\/www.wumingfoundation.com\/giap\/#website"},"primaryImageOfPage":{"@id":"https:\/\/www.wumingfoundation.com\/giap\/2014\/04\/revolution-tour-date-aprile-luglio-2014-larmatadeisonnambuli-bioscop\/#primaryimage"},"image":{"@id":"https:\/\/www.wumingfoundation.com\/giap\/2014\/04\/revolution-tour-date-aprile-luglio-2014-larmatadeisonnambuli-bioscop\/#primaryimage"},"thumbnailUrl":"https:\/\/www.wumingfoundation.com\/giap\/wp-content\/uploads\/2014\/04\/all_cover_darkmask_600x_d148470a5037e78025b60ede9c947ebd.jpg","datePublished":"2014-04-07T22:00:32+00:00","dateModified":"2014-07-14T18:15:25+00:00","author":{"@id":"https:\/\/www.wumingfoundation.com\/giap\/#\/schema\/person\/881b1c925aaf48fe6eb5c3970be4458f"},"description":"...il R\u00e9volution touR, che comprende tanto le presentazioni de L'Armata dei Sonnambuli quanto i concerti del Wu Ming Contingent...","breadcrumb":{"@id":"https:\/\/www.wumingfoundation.com\/giap\/2014\/04\/revolution-tour-date-aprile-luglio-2014-larmatadeisonnambuli-bioscop\/#breadcrumb"},"inLanguage":"it-IT","potentialAction":[{"@type":"ReadAction","target":["https:\/\/www.wumingfoundation.com\/giap\/2014\/04\/revolution-tour-date-aprile-luglio-2014-larmatadeisonnambuli-bioscop\/"]}]},{"@type":"ImageObject","inLanguage":"it-IT","@id":"https:\/\/www.wumingfoundation.com\/giap\/2014\/04\/revolution-tour-date-aprile-luglio-2014-larmatadeisonnambuli-bioscop\/#primaryimage","url":"https:\/\/www.wumingfoundation.com\/giap\/wp-content\/uploads\/2014\/04\/all_cover_darkmask_600x_d148470a5037e78025b60ede9c947ebd.jpg","contentUrl":"https:\/\/www.wumingfoundation.com\/giap\/wp-content\/uploads\/2014\/04\/all_cover_darkmask_600x_d148470a5037e78025b60ede9c947ebd.jpg","width":500,"height":735,"caption":"Una delle copertine alternative realizzate da Andrea Alberti."},{"@type":"BreadcrumbList","@id":"https:\/\/www.wumingfoundation.com\/giap\/2014\/04\/revolution-tour-date-aprile-luglio-2014-larmatadeisonnambuli-bioscop\/#breadcrumb","itemListElement":[{"@type":"ListItem","position":1,"name":"Home","item":"https:\/\/www.wumingfoundation.com\/giap\/"},{"@type":"ListItem","position":2,"name":"R\u00e9volution touR! Date Aprile &#8211; Luglio 2014 L&#8217;#ArmatadeiSonnambuli #Bioscop"}]},{"@type":"WebSite","@id":"https:\/\/www.wumingfoundation.com\/giap\/#website","url":"https:\/\/www.wumingfoundation.com\/giap\/","name":"Giap","description":"Il sito ufficiale di Wu Ming, collettivo di scrittori","potentialAction":[{"@type":"SearchAction","target":{"@type":"EntryPoint","urlTemplate":"https:\/\/www.wumingfoundation.com\/giap\/?s={search_term_string}"},"query-input":{"@type":"PropertyValueSpecification","valueRequired":true,"valueName":"search_term_string"}}],"inLanguage":"it-IT"},{"@type":"Person","@id":"https:\/\/www.wumingfoundation.com\/giap\/#\/schema\/person\/881b1c925aaf48fe6eb5c3970be4458f","name":"Wu Ming","image":{"@type":"ImageObject","inLanguage":"it-IT","@id":"https:\/\/secure.gravatar.com\/avatar\/1f49001124f0d5b3aeb1d387dbd89e7b48de4c5c15539460ec1c154566c1723c?s=96&d=blank&r=g","url":"https:\/\/secure.gravatar.com\/avatar\/1f49001124f0d5b3aeb1d387dbd89e7b48de4c5c15539460ec1c154566c1723c?s=96&d=blank&r=g","contentUrl":"https:\/\/secure.gravatar.com\/avatar\/1f49001124f0d5b3aeb1d387dbd89e7b48de4c5c15539460ec1c154566c1723c?s=96&d=blank&r=g","caption":"Wu Ming"}}]}},"_links":{"self":[{"href":"https:\/\/www.wumingfoundation.com\/giap\/wp-json\/wp\/v2\/posts\/16376","targetHints":{"allow":["GET"]}}],"collection":[{"href":"https:\/\/www.wumingfoundation.com\/giap\/wp-json\/wp\/v2\/posts"}],"about":[{"href":"https:\/\/www.wumingfoundation.com\/giap\/wp-json\/wp\/v2\/types\/post"}],"author":[{"embeddable":true,"href":"https:\/\/www.wumingfoundation.com\/giap\/wp-json\/wp\/v2\/users\/1"}],"replies":[{"embeddable":true,"href":"https:\/\/www.wumingfoundation.com\/giap\/wp-json\/wp\/v2\/comments?post=16376"}],"version-history":[{"count":0,"href":"https:\/\/www.wumingfoundation.com\/giap\/wp-json\/wp\/v2\/posts\/16376\/revisions"}],"wp:featuredmedia":[{"embeddable":true,"href":"https:\/\/www.wumingfoundation.com\/giap\/wp-json\/wp\/v2\/media\/16934"}],"wp:attachment":[{"href":"https:\/\/www.wumingfoundation.com\/giap\/wp-json\/wp\/v2\/media?parent=16376"}],"wp:term":[{"taxonomy":"category","embeddable":true,"href":"https:\/\/www.wumingfoundation.com\/giap\/wp-json\/wp\/v2\/categories?post=16376"},{"taxonomy":"post_tag","embeddable":true,"href":"https:\/\/www.wumingfoundation.com\/giap\/wp-json\/wp\/v2\/tags?post=16376"}],"curies":[{"name":"wp","href":"https:\/\/api.w.org\/{rel}","templated":true}]}}